{"id":279734,"date":"2026-05-01T10:10:37","date_gmt":"2026-05-01T07:10:37","guid":{"rendered":"https:\/\/www.autocritica.ro\/?post_type=live-news&#038;p=279734"},"modified":"2026-05-01T10:11:11","modified_gmt":"2026-05-01T07:11:11","slug":"bugatti-mistral-unicat-pentru-un-colectionar","status":"publish","type":"live-news","link":"https:\/\/www.autocritica.ro\/en\/live-news\/bugatti-mistral-unicat-pentru-un-colectionar\/","title":{"rendered":"Bugatti: Mistral unicat pentru un colec\u021bionar"},"content":{"rendered":"\n<p>\u2022 Bugatti a publicat o serie de imagini cu un nou Mistral unicat.<\/p>\n\n\n\n<p>\u2022 Noul Mistral \u201cFly Bug\u201d a fost realizat pentru un colec\u021bionar al m\u0103rcii din Molsheim.<\/p>\n\n\n\n<p>\u2022 Modelul este un produs \u201cBugatti Sur Mesure\u201d, program care ofer\u0103 posibilit\u0103\u021bi \u201caproape nelimitate\u201d de personalizare a modelelor comandate.<\/p>\n\n\n\n<p>\u2022 Schem\u0103 cromatic\u0103 numit\u0103 Dragonfly Blue.<\/p>\n\n\n\n<p>\u2022 Motor W16 de 8,0 litri cu 1.600 CP.<\/p>\n\n\n\n<p>\u2022 Via: Bugatti<\/p>\n\n\n\n<figure class=\"wp-block-gallery has-nested-images columns-default is-cropped wp-block-gallery-1 is-layout-flex wp-block-gallery-is-layout-flex\">\n<figure class=\"wp-block-image size-large\"><a href=\"https:\/\/www.autocritica.ro\/wp-content\/uploads\/2026\/05\/01-BUGATTI-Mistral-Sur-Mesure-Fly-Bug.jpg\" data-lbwps-width=\"2122\" data-lbwps-height=\"1593\" data-lbwps-srcsmall=\"https:\/\/www.autocritica.ro\/wp-content\/uploads\/2026\/05\/01-BUGATTI-Mistral-Sur-Mesure-Fly-Bug-300x225.jpg\"><img loading=\"lazy\" decoding=\"async\" width=\"1024\" height=\"769\" data-id=\"279737\" src=\"https:\/\/www.autocritica.ro\/wp-content\/uploads\/2026\/05\/01-BUGATTI-Mistral-Sur-Mesure-Fly-Bug-1024x769.jpg\" alt=\"\" class=\"wp-image-279737\" srcset=\"https:\/\/www.autocritica.ro\/wp-content\/uploads\/2026\/05\/01-BUGATTI-Mistral-Sur-Mesure-Fly-Bug-1024x769.jpg 1024w, https:\/\/www.autocritica.ro\/wp-content\/uploads\/2026\/05\/01-BUGATTI-Mistral-Sur-Mesure-Fly-Bug-300x225.jpg 300w, https:\/\/www.autocritica.ro\/wp-content\/uploads\/2026\/05\/01-BUGATTI-Mistral-Sur-Mesure-Fly-Bug-768x577.jpg 768w, https:\/\/www.autocritica.ro\/wp-content\/uploads\/2026\/05\/01-BUGATTI-Mistral-Sur-Mesure-Fly-Bug-1536x1153.jpg 1536w, https:\/\/www.autocritica.ro\/wp-content\/uploads\/2026\/05\/01-BUGATTI-Mistral-Sur-Mesure-Fly-Bug-2048x1537.jpg 2048w\" sizes=\"auto, (max-width: 1024px) 100vw, 1024px\" \/><\/a><\/figure>\n\n\n\n<figure class=\"wp-block-image size-large\"><a href=\"https:\/\/www.autocritica.ro\/wp-content\/uploads\/2026\/05\/03-BUGATTI-Mistral-Sur-Mesure-Fly-Bug.jpg\" data-lbwps-width=\"2572\" data-lbwps-height=\"1930\" data-lbwps-srcsmall=\"https:\/\/www.autocritica.ro\/wp-content\/uploads\/2026\/05\/03-BUGATTI-Mistral-Sur-Mesure-Fly-Bug-300x225.jpg\"><img loading=\"lazy\" decoding=\"async\" width=\"1024\" height=\"768\" data-id=\"279739\" src=\"https:\/\/www.autocritica.ro\/wp-content\/uploads\/2026\/05\/03-BUGATTI-Mistral-Sur-Mesure-Fly-Bug-1024x768.jpg\" alt=\"\" class=\"wp-image-279739\" srcset=\"https:\/\/www.autocritica.ro\/wp-content\/uploads\/2026\/05\/03-BUGATTI-Mistral-Sur-Mesure-Fly-Bug-1024x768.jpg 1024w, https:\/\/www.autocritica.ro\/wp-content\/uploads\/2026\/05\/03-BUGATTI-Mistral-Sur-Mesure-Fly-Bug-300x225.jpg 300w, https:\/\/www.autocritica.ro\/wp-content\/uploads\/2026\/05\/03-BUGATTI-Mistral-Sur-Mesure-Fly-Bug-768x576.jpg 768w, https:\/\/www.autocritica.ro\/wp-content\/uploads\/2026\/05\/03-BUGATTI-Mistral-Sur-Mesure-Fly-Bug-1536x1153.jpg 1536w, https:\/\/www.autocritica.ro\/wp-content\/uploads\/2026\/05\/03-BUGATTI-Mistral-Sur-Mesure-Fly-Bug-2048x1537.jpg 2048w\" sizes=\"auto, (max-width: 1024px) 100vw, 1024px\" \/><\/a><\/figure>\n\n\n\n<figure class=\"wp-block-image size-large\"><a href=\"https:\/\/www.autocritica.ro\/wp-content\/uploads\/2026\/05\/07-BUGATTI-Mistral-Sur-Mesure-Fly-Bug.jpg\" data-lbwps-width=\"1673\" data-lbwps-height=\"1297\" data-lbwps-srcsmall=\"https:\/\/www.autocritica.ro\/wp-content\/uploads\/2026\/05\/07-BUGATTI-Mistral-Sur-Mesure-Fly-Bug-300x233.jpg\"><img loading=\"lazy\" decoding=\"async\" width=\"1024\" height=\"794\" data-id=\"279742\" src=\"https:\/\/www.autocritica.ro\/wp-content\/uploads\/2026\/05\/07-BUGATTI-Mistral-Sur-Mesure-Fly-Bug-1024x794.jpg\" alt=\"\" class=\"wp-image-279742\" srcset=\"https:\/\/www.autocritica.ro\/wp-content\/uploads\/2026\/05\/07-BUGATTI-Mistral-Sur-Mesure-Fly-Bug-1024x794.jpg 1024w, https:\/\/www.autocritica.ro\/wp-content\/uploads\/2026\/05\/07-BUGATTI-Mistral-Sur-Mesure-Fly-Bug-300x233.jpg 300w, https:\/\/www.autocritica.ro\/wp-content\/uploads\/2026\/05\/07-BUGATTI-Mistral-Sur-Mesure-Fly-Bug-768x595.jpg 768w, https:\/\/www.autocritica.ro\/wp-content\/uploads\/2026\/05\/07-BUGATTI-Mistral-Sur-Mesure-Fly-Bug-1536x1191.jpg 1536w, https:\/\/www.autocritica.ro\/wp-content\/uploads\/2026\/05\/07-BUGATTI-Mistral-Sur-Mesure-Fly-Bug.jpg 1673w\" sizes=\"auto, (max-width: 1024px) 100vw, 1024px\" \/><\/a><\/figure>\n\n\n\n<figure class=\"wp-block-image size-large\"><a href=\"https:\/\/www.autocritica.ro\/wp-content\/uploads\/2026\/05\/09-BUGATTI-Mistral-Sur-Mesure-Fly-Bug.jpg\" data-lbwps-width=\"1579\" data-lbwps-height=\"1224\" data-lbwps-srcsmall=\"https:\/\/www.autocritica.ro\/wp-content\/uploads\/2026\/05\/09-BUGATTI-Mistral-Sur-Mesure-Fly-Bug-300x233.jpg\"><img loading=\"lazy\" decoding=\"async\" width=\"1024\" height=\"794\" data-id=\"279740\" src=\"https:\/\/www.autocritica.ro\/wp-content\/uploads\/2026\/05\/09-BUGATTI-Mistral-Sur-Mesure-Fly-Bug-1024x794.jpg\" alt=\"\" class=\"wp-image-279740\" srcset=\"https:\/\/www.autocritica.ro\/wp-content\/uploads\/2026\/05\/09-BUGATTI-Mistral-Sur-Mesure-Fly-Bug-1024x794.jpg 1024w, https:\/\/www.autocritica.ro\/wp-content\/uploads\/2026\/05\/09-BUGATTI-Mistral-Sur-Mesure-Fly-Bug-300x233.jpg 300w, https:\/\/www.autocritica.ro\/wp-content\/uploads\/2026\/05\/09-BUGATTI-Mistral-Sur-Mesure-Fly-Bug-768x595.jpg 768w, https:\/\/www.autocritica.ro\/wp-content\/uploads\/2026\/05\/09-BUGATTI-Mistral-Sur-Mesure-Fly-Bug-1536x1191.jpg 1536w, https:\/\/www.autocritica.ro\/wp-content\/uploads\/2026\/05\/09-BUGATTI-Mistral-Sur-Mesure-Fly-Bug.jpg 1579w\" sizes=\"auto, (max-width: 1024px) 100vw, 1024px\" \/><\/a><\/figure>\n\n\n\n<figure class=\"wp-block-image size-large\"><a href=\"https:\/\/www.autocritica.ro\/wp-content\/uploads\/2026\/05\/10-BUGATTI-Mistral-Sur-Mesure-Fly-Bug.jpg\" data-lbwps-width=\"1687\" data-lbwps-height=\"1308\" data-lbwps-srcsmall=\"https:\/\/www.autocritica.ro\/wp-content\/uploads\/2026\/05\/10-BUGATTI-Mistral-Sur-Mesure-Fly-Bug-300x233.jpg\"><img loading=\"lazy\" decoding=\"async\" width=\"1024\" height=\"794\" data-id=\"279744\" src=\"https:\/\/www.autocritica.ro\/wp-content\/uploads\/2026\/05\/10-BUGATTI-Mistral-Sur-Mesure-Fly-Bug-1024x794.jpg\" alt=\"\" class=\"wp-image-279744\" srcset=\"https:\/\/www.autocritica.ro\/wp-content\/uploads\/2026\/05\/10-BUGATTI-Mistral-Sur-Mesure-Fly-Bug-1024x794.jpg 1024w, https:\/\/www.autocritica.ro\/wp-content\/uploads\/2026\/05\/10-BUGATTI-Mistral-Sur-Mesure-Fly-Bug-300x233.jpg 300w, https:\/\/www.autocritica.ro\/wp-content\/uploads\/2026\/05\/10-BUGATTI-Mistral-Sur-Mesure-Fly-Bug-768x595.jpg 768w, https:\/\/www.autocritica.ro\/wp-content\/uploads\/2026\/05\/10-BUGATTI-Mistral-Sur-Mesure-Fly-Bug-1536x1191.jpg 1536w, https:\/\/www.autocritica.ro\/wp-content\/uploads\/2026\/05\/10-BUGATTI-Mistral-Sur-Mesure-Fly-Bug.jpg 1687w\" sizes=\"auto, (max-width: 1024px) 100vw, 1024px\" \/><\/a><\/figure>\n\n\n\n<figure class=\"wp-block-image size-large\"><a href=\"https:\/\/www.autocritica.ro\/wp-content\/uploads\/2026\/05\/12-BUGATTI-Mistral-Sur-Mesure-Fly-Bug.jpg\" data-lbwps-width=\"1575\" data-lbwps-height=\"1183\" data-lbwps-srcsmall=\"https:\/\/www.autocritica.ro\/wp-content\/uploads\/2026\/05\/12-BUGATTI-Mistral-Sur-Mesure-Fly-Bug-300x225.jpg\"><img loading=\"lazy\" decoding=\"async\" width=\"1024\" height=\"769\" data-id=\"279738\" src=\"https:\/\/www.autocritica.ro\/wp-content\/uploads\/2026\/05\/12-BUGATTI-Mistral-Sur-Mesure-Fly-Bug-1024x769.jpg\" alt=\"\" class=\"wp-image-279738\" srcset=\"https:\/\/www.autocritica.ro\/wp-content\/uploads\/2026\/05\/12-BUGATTI-Mistral-Sur-Mesure-Fly-Bug-1024x769.jpg 1024w, https:\/\/www.autocritica.ro\/wp-content\/uploads\/2026\/05\/12-BUGATTI-Mistral-Sur-Mesure-Fly-Bug-300x225.jpg 300w, https:\/\/www.autocritica.ro\/wp-content\/uploads\/2026\/05\/12-BUGATTI-Mistral-Sur-Mesure-Fly-Bug-768x577.jpg 768w, https:\/\/www.autocritica.ro\/wp-content\/uploads\/2026\/05\/12-BUGATTI-Mistral-Sur-Mesure-Fly-Bug-1536x1154.jpg 1536w, https:\/\/www.autocritica.ro\/wp-content\/uploads\/2026\/05\/12-BUGATTI-Mistral-Sur-Mesure-Fly-Bug.jpg 1575w\" sizes=\"auto, (max-width: 1024px) 100vw, 1024px\" \/><\/a><\/figure>\n\n\n\n<figure class=\"wp-block-image size-large\"><a href=\"https:\/\/www.autocritica.ro\/wp-content\/uploads\/2026\/05\/14-BUGATTI-Mistral-Sur-Mesure-Fly-Bug.jpg\" data-lbwps-width=\"2151\" data-lbwps-height=\"1614\" data-lbwps-srcsmall=\"https:\/\/www.autocritica.ro\/wp-content\/uploads\/2026\/05\/14-BUGATTI-Mistral-Sur-Mesure-Fly-Bug-300x225.jpg\"><img loading=\"lazy\" decoding=\"async\" width=\"1024\" height=\"768\" data-id=\"279736\" src=\"https:\/\/www.autocritica.ro\/wp-content\/uploads\/2026\/05\/14-BUGATTI-Mistral-Sur-Mesure-Fly-Bug-1024x768.jpg\" alt=\"\" class=\"wp-image-279736\" srcset=\"https:\/\/www.autocritica.ro\/wp-content\/uploads\/2026\/05\/14-BUGATTI-Mistral-Sur-Mesure-Fly-Bug-1024x768.jpg 1024w, https:\/\/www.autocritica.ro\/wp-content\/uploads\/2026\/05\/14-BUGATTI-Mistral-Sur-Mesure-Fly-Bug-300x225.jpg 300w, https:\/\/www.autocritica.ro\/wp-content\/uploads\/2026\/05\/14-BUGATTI-Mistral-Sur-Mesure-Fly-Bug-768x576.jpg 768w, https:\/\/www.autocritica.ro\/wp-content\/uploads\/2026\/05\/14-BUGATTI-Mistral-Sur-Mesure-Fly-Bug-1536x1153.jpg 1536w, https:\/\/www.autocritica.ro\/wp-content\/uploads\/2026\/05\/14-BUGATTI-Mistral-Sur-Mesure-Fly-Bug-2048x1537.jpg 2048w\" sizes=\"auto, (max-width: 1024px) 100vw, 1024px\" \/><\/a><\/figure>\n<\/figure>\n","protected":false},"author":16,"featured_media":279742,"comment_status":"closed","ping_status":"closed","template":"","meta":{"_acf_changed":false,"footnotes":""},"tags":[1061,6656,5185],"class_list":["post-279734","live-news","type-live-news","status-publish","has-post-thumbnail","hentry","tag-bugatti","tag-bugatti-mistral","tag-model-unicat"],"acf":[],"yoast_head":"<!-- This site is optimized with the Yoast SEO Premium plugin v27.5 (Yoast SEO v27.5) - https:\/\/yoast.com\/product\/yoast-seo-premium-wordpress\/ -->\n<title>Bugatti: Mistral unicat pentru un colec\u021bionar - Autocritica<\/title>\n<meta name=\"robots\" content=\"index, follow, max-snippet:-1, max-image-preview:large, max-video-preview:-1\" \/>\n<link rel=\"canonical\" href=\"https:\/\/www.autocritica.ro\/en\/live-news\/bugatti-mistral-unicat-pentru-un-colectionar\/\" \/>\n<meta property=\"og:locale\" content=\"en_US\" \/>\n<meta property=\"og:type\" content=\"article\" \/>\n<meta property=\"og:title\" content=\"Bugatti: Mistral unicat pentru un colec\u021bionar\" \/>\n<meta property=\"og:description\" content=\"\u2022 Bugatti a publicat o serie de imagini cu un nou Mistral unicat. \u2022 Noul Mistral \u201cFly Bug\u201d a fost realizat pentru un colec\u021bionar al m\u0103rcii din Molsheim. \u2022\" \/>\n<meta property=\"og:url\" content=\"https:\/\/www.autocritica.ro\/en\/live-news\/bugatti-mistral-unicat-pentru-un-colectionar\/\" \/>\n<meta property=\"og:site_name\" content=\"Autocritica\" \/>\n<meta property=\"article:publisher\" content=\"https:\/\/www.facebook.com\/autocritica.ro\" \/>\n<meta property=\"article:modified_time\" content=\"2026-05-01T07:11:11+00:00\" \/>\n<meta property=\"og:image\" content=\"https:\/\/www.autocritica.ro\/wp-content\/uploads\/2026\/05\/07-BUGATTI-Mistral-Sur-Mesure-Fly-Bug.jpg\" \/>\n\t<meta property=\"og:image:width\" content=\"1673\" \/>\n\t<meta property=\"og:image:height\" content=\"1297\" \/>\n\t<meta property=\"og:image:type\" content=\"image\/jpeg\" \/>\n<meta name=\"twitter:card\" content=\"summary_large_image\" \/>\n<script type=\"application\/ld+json\" class=\"yoast-schema-graph\">{\"@context\":\"https:\\\/\\\/schema.org\",\"@graph\":[{\"@type\":\"WebPage\",\"@id\":\"https:\\\/\\\/www.autocritica.ro\\\/en\\\/live-news\\\/bugatti-mistral-unicat-pentru-un-colectionar\\\/\",\"url\":\"https:\\\/\\\/www.autocritica.ro\\\/en\\\/live-news\\\/bugatti-mistral-unicat-pentru-un-colectionar\\\/\",\"name\":\"Bugatti: Mistral unicat pentru un colec\u021bionar - Autocritica\",\"isPartOf\":{\"@id\":\"https:\\\/\\\/www.autocritica.ro\\\/en\\\/#website\"},\"primaryImageOfPage\":{\"@id\":\"https:\\\/\\\/www.autocritica.ro\\\/en\\\/live-news\\\/bugatti-mistral-unicat-pentru-un-colectionar\\\/#primaryimage\"},\"image\":{\"@id\":\"https:\\\/\\\/www.autocritica.ro\\\/en\\\/live-news\\\/bugatti-mistral-unicat-pentru-un-colectionar\\\/#primaryimage\"},\"thumbnailUrl\":\"https:\\\/\\\/www.autocritica.ro\\\/wp-content\\\/uploads\\\/2026\\\/05\\\/07-BUGATTI-Mistral-Sur-Mesure-Fly-Bug.jpg\",\"datePublished\":\"2026-05-01T07:10:37+00:00\",\"dateModified\":\"2026-05-01T07:11:11+00:00\",\"breadcrumb\":{\"@id\":\"https:\\\/\\\/www.autocritica.ro\\\/en\\\/live-news\\\/bugatti-mistral-unicat-pentru-un-colectionar\\\/#breadcrumb\"},\"inLanguage\":\"en-US\",\"potentialAction\":[{\"@type\":\"ReadAction\",\"target\":[\"https:\\\/\\\/www.autocritica.ro\\\/en\\\/live-news\\\/bugatti-mistral-unicat-pentru-un-colectionar\\\/\"]}]},{\"@type\":\"ImageObject\",\"inLanguage\":\"en-US\",\"@id\":\"https:\\\/\\\/www.autocritica.ro\\\/en\\\/live-news\\\/bugatti-mistral-unicat-pentru-un-colectionar\\\/#primaryimage\",\"url\":\"https:\\\/\\\/www.autocritica.ro\\\/wp-content\\\/uploads\\\/2026\\\/05\\\/07-BUGATTI-Mistral-Sur-Mesure-Fly-Bug.jpg\",\"contentUrl\":\"https:\\\/\\\/www.autocritica.ro\\\/wp-content\\\/uploads\\\/2026\\\/05\\\/07-BUGATTI-Mistral-Sur-Mesure-Fly-Bug.jpg\",\"width\":1673,\"height\":1297},{\"@type\":\"BreadcrumbList\",\"@id\":\"https:\\\/\\\/www.autocritica.ro\\\/en\\\/live-news\\\/bugatti-mistral-unicat-pentru-un-colectionar\\\/#breadcrumb\",\"itemListElement\":[{\"@type\":\"ListItem\",\"position\":1,\"name\":\"Home\",\"item\":\"https:\\\/\\\/www.autocritica.ro\\\/en\\\/\"},{\"@type\":\"ListItem\",\"position\":2,\"name\":\"Live News\",\"item\":\"https:\\\/\\\/www.autocritica.ro\\\/en\\\/live-news\\\/\"},{\"@type\":\"ListItem\",\"position\":3,\"name\":\"Bugatti: Mistral unicat pentru un colec\u021bionar\"}]},{\"@type\":\"WebSite\",\"@id\":\"https:\\\/\\\/www.autocritica.ro\\\/en\\\/#website\",\"url\":\"https:\\\/\\\/www.autocritica.ro\\\/en\\\/\",\"name\":\"Autocritica\",\"description\":\"\",\"publisher\":{\"@id\":\"https:\\\/\\\/www.autocritica.ro\\\/en\\\/#organization\"},\"potentialAction\":[{\"@type\":\"SearchAction\",\"target\":{\"@type\":\"EntryPoint\",\"urlTemplate\":\"https:\\\/\\\/www.autocritica.ro\\\/en\\\/?s={search_term_string}\"},\"query-input\":{\"@type\":\"PropertyValueSpecification\",\"valueRequired\":true,\"valueName\":\"search_term_string\"}}],\"inLanguage\":\"en-US\"},{\"@type\":\"Organization\",\"@id\":\"https:\\\/\\\/www.autocritica.ro\\\/en\\\/#organization\",\"name\":\"Autocritica\",\"url\":\"https:\\\/\\\/www.autocritica.ro\\\/en\\\/\",\"logo\":{\"@type\":\"ImageObject\",\"inLanguage\":\"en-US\",\"@id\":\"https:\\\/\\\/www.autocritica.ro\\\/en\\\/#\\\/schema\\\/logo\\\/image\\\/\",\"url\":\"https:\\\/\\\/www.autocritica.ro\\\/wp-content\\\/uploads\\\/2020\\\/12\\\/logo-negru.png\",\"contentUrl\":\"https:\\\/\\\/www.autocritica.ro\\\/wp-content\\\/uploads\\\/2020\\\/12\\\/logo-negru.png\",\"width\":300,\"height\":102,\"caption\":\"Autocritica\"},\"image\":{\"@id\":\"https:\\\/\\\/www.autocritica.ro\\\/en\\\/#\\\/schema\\\/logo\\\/image\\\/\"},\"sameAs\":[\"https:\\\/\\\/www.facebook.com\\\/autocritica.ro\",\"https:\\\/\\\/www.instagram.com\\\/autocritica.ro\\\/\"]}]}<\/script>\n<!-- \/ Yoast SEO Premium plugin. -->","yoast_head_json":{"title":"Bugatti: Mistral unicat pentru un colec\u021bionar - Autocritica","robots":{"index":"index","follow":"follow","max-snippet":"max-snippet:-1","max-image-preview":"max-image-preview:large","max-video-preview":"max-video-preview:-1"},"canonical":"https:\/\/www.autocritica.ro\/en\/live-news\/bugatti-mistral-unicat-pentru-un-colectionar\/","og_locale":"en_US","og_type":"article","og_title":"Bugatti: Mistral unicat pentru un colec\u021bionar","og_description":"\u2022 Bugatti a publicat o serie de imagini cu un nou Mistral unicat. \u2022 Noul Mistral \u201cFly Bug\u201d a fost realizat pentru un colec\u021bionar al m\u0103rcii din Molsheim. \u2022","og_url":"https:\/\/www.autocritica.ro\/en\/live-news\/bugatti-mistral-unicat-pentru-un-colectionar\/","og_site_name":"Autocritica","article_publisher":"https:\/\/www.facebook.com\/autocritica.ro","article_modified_time":"2026-05-01T07:11:11+00:00","og_image":[{"width":1673,"height":1297,"url":"https:\/\/www.autocritica.ro\/wp-content\/uploads\/2026\/05\/07-BUGATTI-Mistral-Sur-Mesure-Fly-Bug.jpg","type":"image\/jpeg"}],"twitter_card":"summary_large_image","schema":{"@context":"https:\/\/schema.org","@graph":[{"@type":"WebPage","@id":"https:\/\/www.autocritica.ro\/en\/live-news\/bugatti-mistral-unicat-pentru-un-colectionar\/","url":"https:\/\/www.autocritica.ro\/en\/live-news\/bugatti-mistral-unicat-pentru-un-colectionar\/","name":"Bugatti: Mistral unicat pentru un colec\u021bionar - Autocritica","isPartOf":{"@id":"https:\/\/www.autocritica.ro\/en\/#website"},"primaryImageOfPage":{"@id":"https:\/\/www.autocritica.ro\/en\/live-news\/bugatti-mistral-unicat-pentru-un-colectionar\/#primaryimage"},"image":{"@id":"https:\/\/www.autocritica.ro\/en\/live-news\/bugatti-mistral-unicat-pentru-un-colectionar\/#primaryimage"},"thumbnailUrl":"https:\/\/www.autocritica.ro\/wp-content\/uploads\/2026\/05\/07-BUGATTI-Mistral-Sur-Mesure-Fly-Bug.jpg","datePublished":"2026-05-01T07:10:37+00:00","dateModified":"2026-05-01T07:11:11+00:00","breadcrumb":{"@id":"https:\/\/www.autocritica.ro\/en\/live-news\/bugatti-mistral-unicat-pentru-un-colectionar\/#breadcrumb"},"inLanguage":"en-US","potentialAction":[{"@type":"ReadAction","target":["https:\/\/www.autocritica.ro\/en\/live-news\/bugatti-mistral-unicat-pentru-un-colectionar\/"]}]},{"@type":"ImageObject","inLanguage":"en-US","@id":"https:\/\/www.autocritica.ro\/en\/live-news\/bugatti-mistral-unicat-pentru-un-colectionar\/#primaryimage","url":"https:\/\/www.autocritica.ro\/wp-content\/uploads\/2026\/05\/07-BUGATTI-Mistral-Sur-Mesure-Fly-Bug.jpg","contentUrl":"https:\/\/www.autocritica.ro\/wp-content\/uploads\/2026\/05\/07-BUGATTI-Mistral-Sur-Mesure-Fly-Bug.jpg","width":1673,"height":1297},{"@type":"BreadcrumbList","@id":"https:\/\/www.autocritica.ro\/en\/live-news\/bugatti-mistral-unicat-pentru-un-colectionar\/#breadcrumb","itemListElement":[{"@type":"ListItem","position":1,"name":"Home","item":"https:\/\/www.autocritica.ro\/en\/"},{"@type":"ListItem","position":2,"name":"Live News","item":"https:\/\/www.autocritica.ro\/en\/live-news\/"},{"@type":"ListItem","position":3,"name":"Bugatti: Mistral unicat pentru un colec\u021bionar"}]},{"@type":"WebSite","@id":"https:\/\/www.autocritica.ro\/en\/#website","url":"https:\/\/www.autocritica.ro\/en\/","name":"Autocritica","description":"","publisher":{"@id":"https:\/\/www.autocritica.ro\/en\/#organization"},"potentialAction":[{"@type":"SearchAction","target":{"@type":"EntryPoint","urlTemplate":"https:\/\/www.autocritica.ro\/en\/?s={search_term_string}"},"query-input":{"@type":"PropertyValueSpecification","valueRequired":true,"valueName":"search_term_string"}}],"inLanguage":"en-US"},{"@type":"Organization","@id":"https:\/\/www.autocritica.ro\/en\/#organization","name":"Autocritica","url":"https:\/\/www.autocritica.ro\/en\/","logo":{"@type":"ImageObject","inLanguage":"en-US","@id":"https:\/\/www.autocritica.ro\/en\/#\/schema\/logo\/image\/","url":"https:\/\/www.autocritica.ro\/wp-content\/uploads\/2020\/12\/logo-negru.png","contentUrl":"https:\/\/www.autocritica.ro\/wp-content\/uploads\/2020\/12\/logo-negru.png","width":300,"height":102,"caption":"Autocritica"},"image":{"@id":"https:\/\/www.autocritica.ro\/en\/#\/schema\/logo\/image\/"},"sameAs":["https:\/\/www.facebook.com\/autocritica.ro","https:\/\/www.instagram.com\/autocritica.ro\/"]}]}},"_links":{"self":[{"href":"https:\/\/www.autocritica.ro\/en\/wp-json\/wp\/v2\/live-news\/279734","targetHints":{"allow":["GET"]}}],"collection":[{"href":"https:\/\/www.autocritica.ro\/en\/wp-json\/wp\/v2\/live-news"}],"about":[{"href":"https:\/\/www.autocritica.ro\/en\/wp-json\/wp\/v2\/types\/live-news"}],"author":[{"embeddable":true,"href":"https:\/\/www.autocritica.ro\/en\/wp-json\/wp\/v2\/users\/16"}],"replies":[{"embeddable":true,"href":"https:\/\/www.autocritica.ro\/en\/wp-json\/wp\/v2\/comments?post=279734"}],"version-history":[{"count":3,"href":"https:\/\/www.autocritica.ro\/en\/wp-json\/wp\/v2\/live-news\/279734\/revisions"}],"predecessor-version":[{"id":279749,"href":"https:\/\/www.autocritica.ro\/en\/wp-json\/wp\/v2\/live-news\/279734\/revisions\/279749"}],"wp:featuredmedia":[{"embeddable":true,"href":"https:\/\/www.autocritica.ro\/en\/wp-json\/wp\/v2\/media\/279742"}],"wp:attachment":[{"href":"https:\/\/www.autocritica.ro\/en\/wp-json\/wp\/v2\/media?parent=279734"}],"wp:term":[{"taxonomy":"post_tag","embeddable":true,"href":"https:\/\/www.autocritica.ro\/en\/wp-json\/wp\/v2\/tags?post=279734"}],"curies":[{"name":"wp","href":"https:\/\/api.w.org\/{rel}","templated":true}]}}