{"id":279715,"date":"2026-04-30T12:09:50","date_gmt":"2026-04-30T09:09:50","guid":{"rendered":"https:\/\/www.autocritica.ro\/?post_type=live-news&#038;p=279715"},"modified":"2026-04-30T12:10:16","modified_gmt":"2026-04-30T09:10:16","slug":"skoda-vanzarile-de-electrice-s-au-dublat-in-primul-trimestru","status":"publish","type":"live-news","link":"https:\/\/www.autocritica.ro\/en\/live-news\/skoda-vanzarile-de-electrice-s-au-dublat-in-primul-trimestru\/","title":{"rendered":"\u0160koda: v\u00e2nz\u0103rile de electrice s-au dublat \u00een primul trimestru"},"content":{"rendered":"\n<p>\u2022 \u0160koda&nbsp;a v\u00e2ndut 271.900 de ma\u0219ini la nivel global \u00een primul trimestru, \u00een cre\u0219tere cu 14% fa\u021b\u0103 de aceea\u0219i perioad\u0103 din 2025.<\/p>\n\n\n\n<p>\u2022 V\u00e2nz\u0103rile de vehicule electrificate au \u00eensumat 63.200 de unit\u0103\u021bi, av\u00e2nd o cre\u0219tere de 71,4% \u00een primele 3 luni din 2026.<\/p>\n\n\n\n<p>\u2022 V\u00e2nz\u0103rile de electrice s-au dublat (+92% \u0219i 51.800 de exemplare), \u00een timp ce hibrizii plug-in au avut o cre\u0219tere de 15,4% (11.400 de unit\u0103\u021bi).<\/p>\n\n\n\n<p>\u2022 Octavia a r\u0103mas cel mai popular model din gam\u0103, cu 46.900 de unit\u0103\u021bi v\u00e2ndute (sc\u0103dere de 5,1% \u00een primul trimestru). Pe locurile urm\u0103toare s-au clasat Kodiaq (35.600, +10,5%), Kamiq (31.900, +4%) \u0219i Fabia (31.000, +5,7%).<\/p>\n\n\n\n<p>\u2022 Via: \u0160koda&nbsp;<\/p>\n","protected":false},"author":16,"featured_media":129950,"comment_status":"closed","ping_status":"closed","template":"","meta":{"_acf_changed":false,"footnotes":""},"tags":[3984,951,5515],"class_list":["post-279715","live-news","type-live-news","status-publish","has-post-thumbnail","hentry","tag-electrice-skoda","tag-skoda","tag-vanzari-skoda"],"acf":[],"yoast_head":"<!-- This site is optimized with the Yoast SEO Premium plugin v27.5 (Yoast SEO v27.5) - https:\/\/yoast.com\/product\/yoast-seo-premium-wordpress\/ -->\n<title>\u0160koda: v\u00e2nz\u0103rile de electrice s-au dublat \u00een primul trimestru - Autocritica<\/title>\n<meta name=\"robots\" content=\"index, follow, max-snippet:-1, max-image-preview:large, max-video-preview:-1\" \/>\n<link rel=\"canonical\" href=\"https:\/\/www.autocritica.ro\/en\/live-news\/skoda-vanzarile-de-electrice-s-au-dublat-in-primul-trimestru\/\" \/>\n<meta property=\"og:locale\" content=\"en_US\" \/>\n<meta property=\"og:type\" content=\"article\" \/>\n<meta property=\"og:title\" content=\"\u0160koda: v\u00e2nz\u0103rile de electrice s-au dublat \u00een primul trimestru\" \/>\n<meta property=\"og:description\" content=\"\u2022 \u0160koda&nbsp;a v\u00e2ndut 271.900 de ma\u0219ini la nivel global \u00een primul trimestru, \u00een cre\u0219tere cu 14% fa\u021b\u0103 de aceea\u0219i perioad\u0103 din 2025. \u2022 V\u00e2nz\u0103rile de vehicule\" \/>\n<meta property=\"og:url\" content=\"https:\/\/www.autocritica.ro\/en\/live-news\/skoda-vanzarile-de-electrice-s-au-dublat-in-primul-trimestru\/\" \/>\n<meta property=\"og:site_name\" content=\"Autocritica\" \/>\n<meta property=\"article:publisher\" content=\"https:\/\/www.facebook.com\/autocritica.ro\" \/>\n<meta property=\"article:modified_time\" content=\"2026-04-30T09:10:16+00:00\" \/>\n<meta property=\"og:image\" content=\"https:\/\/www.autocritica.ro\/wp-content\/uploads\/2024\/11\/elroq-1.jpg\" \/>\n\t<meta property=\"og:image:width\" content=\"2400\" \/>\n\t<meta property=\"og:image:height\" content=\"1600\" \/>\n\t<meta property=\"og:image:type\" content=\"image\/jpeg\" \/>\n<meta name=\"twitter:card\" content=\"summary_large_image\" \/>\n<meta name=\"twitter:label1\" content=\"Est. reading time\" \/>\n\t<meta name=\"twitter:data1\" content=\"1 minute\" \/>\n<script type=\"application\/ld+json\" class=\"yoast-schema-graph\">{\"@context\":\"https:\\\/\\\/schema.org\",\"@graph\":[{\"@type\":\"WebPage\",\"@id\":\"https:\\\/\\\/www.autocritica.ro\\\/en\\\/live-news\\\/skoda-vanzarile-de-electrice-s-au-dublat-in-primul-trimestru\\\/\",\"url\":\"https:\\\/\\\/www.autocritica.ro\\\/en\\\/live-news\\\/skoda-vanzarile-de-electrice-s-au-dublat-in-primul-trimestru\\\/\",\"name\":\"\u0160koda: v\u00e2nz\u0103rile de electrice s-au dublat \u00een primul trimestru - Autocritica\",\"isPartOf\":{\"@id\":\"https:\\\/\\\/www.autocritica.ro\\\/en\\\/#website\"},\"primaryImageOfPage\":{\"@id\":\"https:\\\/\\\/www.autocritica.ro\\\/en\\\/live-news\\\/skoda-vanzarile-de-electrice-s-au-dublat-in-primul-trimestru\\\/#primaryimage\"},\"image\":{\"@id\":\"https:\\\/\\\/www.autocritica.ro\\\/en\\\/live-news\\\/skoda-vanzarile-de-electrice-s-au-dublat-in-primul-trimestru\\\/#primaryimage\"},\"thumbnailUrl\":\"https:\\\/\\\/www.autocritica.ro\\\/wp-content\\\/uploads\\\/2024\\\/11\\\/elroq-1.jpg\",\"datePublished\":\"2026-04-30T09:09:50+00:00\",\"dateModified\":\"2026-04-30T09:10:16+00:00\",\"breadcrumb\":{\"@id\":\"https:\\\/\\\/www.autocritica.ro\\\/en\\\/live-news\\\/skoda-vanzarile-de-electrice-s-au-dublat-in-primul-trimestru\\\/#breadcrumb\"},\"inLanguage\":\"en-US\",\"potentialAction\":[{\"@type\":\"ReadAction\",\"target\":[\"https:\\\/\\\/www.autocritica.ro\\\/en\\\/live-news\\\/skoda-vanzarile-de-electrice-s-au-dublat-in-primul-trimestru\\\/\"]}]},{\"@type\":\"ImageObject\",\"inLanguage\":\"en-US\",\"@id\":\"https:\\\/\\\/www.autocritica.ro\\\/en\\\/live-news\\\/skoda-vanzarile-de-electrice-s-au-dublat-in-primul-trimestru\\\/#primaryimage\",\"url\":\"https:\\\/\\\/www.autocritica.ro\\\/wp-content\\\/uploads\\\/2024\\\/11\\\/elroq-1.jpg\",\"contentUrl\":\"https:\\\/\\\/www.autocritica.ro\\\/wp-content\\\/uploads\\\/2024\\\/11\\\/elroq-1.jpg\",\"width\":2400,\"height\":1600},{\"@type\":\"BreadcrumbList\",\"@id\":\"https:\\\/\\\/www.autocritica.ro\\\/en\\\/live-news\\\/skoda-vanzarile-de-electrice-s-au-dublat-in-primul-trimestru\\\/#breadcrumb\",\"itemListElement\":[{\"@type\":\"ListItem\",\"position\":1,\"name\":\"Home\",\"item\":\"https:\\\/\\\/www.autocritica.ro\\\/en\\\/\"},{\"@type\":\"ListItem\",\"position\":2,\"name\":\"Live News\",\"item\":\"https:\\\/\\\/www.autocritica.ro\\\/en\\\/live-news\\\/\"},{\"@type\":\"ListItem\",\"position\":3,\"name\":\"\u0160koda: v\u00e2nz\u0103rile de electrice s-au dublat \u00een primul trimestru\"}]},{\"@type\":\"WebSite\",\"@id\":\"https:\\\/\\\/www.autocritica.ro\\\/en\\\/#website\",\"url\":\"https:\\\/\\\/www.autocritica.ro\\\/en\\\/\",\"name\":\"Autocritica\",\"description\":\"\",\"publisher\":{\"@id\":\"https:\\\/\\\/www.autocritica.ro\\\/en\\\/#organization\"},\"potentialAction\":[{\"@type\":\"SearchAction\",\"target\":{\"@type\":\"EntryPoint\",\"urlTemplate\":\"https:\\\/\\\/www.autocritica.ro\\\/en\\\/?s={search_term_string}\"},\"query-input\":{\"@type\":\"PropertyValueSpecification\",\"valueRequired\":true,\"valueName\":\"search_term_string\"}}],\"inLanguage\":\"en-US\"},{\"@type\":\"Organization\",\"@id\":\"https:\\\/\\\/www.autocritica.ro\\\/en\\\/#organization\",\"name\":\"Autocritica\",\"url\":\"https:\\\/\\\/www.autocritica.ro\\\/en\\\/\",\"logo\":{\"@type\":\"ImageObject\",\"inLanguage\":\"en-US\",\"@id\":\"https:\\\/\\\/www.autocritica.ro\\\/en\\\/#\\\/schema\\\/logo\\\/image\\\/\",\"url\":\"https:\\\/\\\/www.autocritica.ro\\\/wp-content\\\/uploads\\\/2020\\\/12\\\/logo-negru.png\",\"contentUrl\":\"https:\\\/\\\/www.autocritica.ro\\\/wp-content\\\/uploads\\\/2020\\\/12\\\/logo-negru.png\",\"width\":300,\"height\":102,\"caption\":\"Autocritica\"},\"image\":{\"@id\":\"https:\\\/\\\/www.autocritica.ro\\\/en\\\/#\\\/schema\\\/logo\\\/image\\\/\"},\"sameAs\":[\"https:\\\/\\\/www.facebook.com\\\/autocritica.ro\",\"https:\\\/\\\/www.instagram.com\\\/autocritica.ro\\\/\"]}]}<\/script>\n<!-- \/ Yoast SEO Premium plugin. -->","yoast_head_json":{"title":"\u0160koda: v\u00e2nz\u0103rile de electrice s-au dublat \u00een primul trimestru - Autocritica","robots":{"index":"index","follow":"follow","max-snippet":"max-snippet:-1","max-image-preview":"max-image-preview:large","max-video-preview":"max-video-preview:-1"},"canonical":"https:\/\/www.autocritica.ro\/en\/live-news\/skoda-vanzarile-de-electrice-s-au-dublat-in-primul-trimestru\/","og_locale":"en_US","og_type":"article","og_title":"\u0160koda: v\u00e2nz\u0103rile de electrice s-au dublat \u00een primul trimestru","og_description":"\u2022 \u0160koda&nbsp;a v\u00e2ndut 271.900 de ma\u0219ini la nivel global \u00een primul trimestru, \u00een cre\u0219tere cu 14% fa\u021b\u0103 de aceea\u0219i perioad\u0103 din 2025. \u2022 V\u00e2nz\u0103rile de vehicule","og_url":"https:\/\/www.autocritica.ro\/en\/live-news\/skoda-vanzarile-de-electrice-s-au-dublat-in-primul-trimestru\/","og_site_name":"Autocritica","article_publisher":"https:\/\/www.facebook.com\/autocritica.ro","article_modified_time":"2026-04-30T09:10:16+00:00","og_image":[{"width":2400,"height":1600,"url":"https:\/\/www.autocritica.ro\/wp-content\/uploads\/2024\/11\/elroq-1.jpg","type":"image\/jpeg"}],"twitter_card":"summary_large_image","twitter_misc":{"Est. reading time":"1 minute"},"schema":{"@context":"https:\/\/schema.org","@graph":[{"@type":"WebPage","@id":"https:\/\/www.autocritica.ro\/en\/live-news\/skoda-vanzarile-de-electrice-s-au-dublat-in-primul-trimestru\/","url":"https:\/\/www.autocritica.ro\/en\/live-news\/skoda-vanzarile-de-electrice-s-au-dublat-in-primul-trimestru\/","name":"\u0160koda: v\u00e2nz\u0103rile de electrice s-au dublat \u00een primul trimestru - Autocritica","isPartOf":{"@id":"https:\/\/www.autocritica.ro\/en\/#website"},"primaryImageOfPage":{"@id":"https:\/\/www.autocritica.ro\/en\/live-news\/skoda-vanzarile-de-electrice-s-au-dublat-in-primul-trimestru\/#primaryimage"},"image":{"@id":"https:\/\/www.autocritica.ro\/en\/live-news\/skoda-vanzarile-de-electrice-s-au-dublat-in-primul-trimestru\/#primaryimage"},"thumbnailUrl":"https:\/\/www.autocritica.ro\/wp-content\/uploads\/2024\/11\/elroq-1.jpg","datePublished":"2026-04-30T09:09:50+00:00","dateModified":"2026-04-30T09:10:16+00:00","breadcrumb":{"@id":"https:\/\/www.autocritica.ro\/en\/live-news\/skoda-vanzarile-de-electrice-s-au-dublat-in-primul-trimestru\/#breadcrumb"},"inLanguage":"en-US","potentialAction":[{"@type":"ReadAction","target":["https:\/\/www.autocritica.ro\/en\/live-news\/skoda-vanzarile-de-electrice-s-au-dublat-in-primul-trimestru\/"]}]},{"@type":"ImageObject","inLanguage":"en-US","@id":"https:\/\/www.autocritica.ro\/en\/live-news\/skoda-vanzarile-de-electrice-s-au-dublat-in-primul-trimestru\/#primaryimage","url":"https:\/\/www.autocritica.ro\/wp-content\/uploads\/2024\/11\/elroq-1.jpg","contentUrl":"https:\/\/www.autocritica.ro\/wp-content\/uploads\/2024\/11\/elroq-1.jpg","width":2400,"height":1600},{"@type":"BreadcrumbList","@id":"https:\/\/www.autocritica.ro\/en\/live-news\/skoda-vanzarile-de-electrice-s-au-dublat-in-primul-trimestru\/#breadcrumb","itemListElement":[{"@type":"ListItem","position":1,"name":"Home","item":"https:\/\/www.autocritica.ro\/en\/"},{"@type":"ListItem","position":2,"name":"Live News","item":"https:\/\/www.autocritica.ro\/en\/live-news\/"},{"@type":"ListItem","position":3,"name":"\u0160koda: v\u00e2nz\u0103rile de electrice s-au dublat \u00een primul trimestru"}]},{"@type":"WebSite","@id":"https:\/\/www.autocritica.ro\/en\/#website","url":"https:\/\/www.autocritica.ro\/en\/","name":"Autocritica","description":"","publisher":{"@id":"https:\/\/www.autocritica.ro\/en\/#organization"},"potentialAction":[{"@type":"SearchAction","target":{"@type":"EntryPoint","urlTemplate":"https:\/\/www.autocritica.ro\/en\/?s={search_term_string}"},"query-input":{"@type":"PropertyValueSpecification","valueRequired":true,"valueName":"search_term_string"}}],"inLanguage":"en-US"},{"@type":"Organization","@id":"https:\/\/www.autocritica.ro\/en\/#organization","name":"Autocritica","url":"https:\/\/www.autocritica.ro\/en\/","logo":{"@type":"ImageObject","inLanguage":"en-US","@id":"https:\/\/www.autocritica.ro\/en\/#\/schema\/logo\/image\/","url":"https:\/\/www.autocritica.ro\/wp-content\/uploads\/2020\/12\/logo-negru.png","contentUrl":"https:\/\/www.autocritica.ro\/wp-content\/uploads\/2020\/12\/logo-negru.png","width":300,"height":102,"caption":"Autocritica"},"image":{"@id":"https:\/\/www.autocritica.ro\/en\/#\/schema\/logo\/image\/"},"sameAs":["https:\/\/www.facebook.com\/autocritica.ro","https:\/\/www.instagram.com\/autocritica.ro\/"]}]}},"_links":{"self":[{"href":"https:\/\/www.autocritica.ro\/en\/wp-json\/wp\/v2\/live-news\/279715","targetHints":{"allow":["GET"]}}],"collection":[{"href":"https:\/\/www.autocritica.ro\/en\/wp-json\/wp\/v2\/live-news"}],"about":[{"href":"https:\/\/www.autocritica.ro\/en\/wp-json\/wp\/v2\/types\/live-news"}],"author":[{"embeddable":true,"href":"https:\/\/www.autocritica.ro\/en\/wp-json\/wp\/v2\/users\/16"}],"replies":[{"embeddable":true,"href":"https:\/\/www.autocritica.ro\/en\/wp-json\/wp\/v2\/comments?post=279715"}],"version-history":[{"count":3,"href":"https:\/\/www.autocritica.ro\/en\/wp-json\/wp\/v2\/live-news\/279715\/revisions"}],"predecessor-version":[{"id":279718,"href":"https:\/\/www.autocritica.ro\/en\/wp-json\/wp\/v2\/live-news\/279715\/revisions\/279718"}],"wp:featuredmedia":[{"embeddable":true,"href":"https:\/\/www.autocritica.ro\/en\/wp-json\/wp\/v2\/media\/129950"}],"wp:attachment":[{"href":"https:\/\/www.autocritica.ro\/en\/wp-json\/wp\/v2\/media?parent=279715"}],"wp:term":[{"taxonomy":"post_tag","embeddable":true,"href":"https:\/\/www.autocritica.ro\/en\/wp-json\/wp\/v2\/tags?post=279715"}],"curies":[{"name":"wp","href":"https:\/\/api.w.org\/{rel}","templated":true}]}}