{"id":279689,"date":"2026-04-30T10:47:32","date_gmt":"2026-04-30T07:47:32","guid":{"rendered":"https:\/\/www.autocritica.ro\/?post_type=live-news&#038;p=279689"},"modified":"2026-04-30T10:50:41","modified_gmt":"2026-04-30T07:50:41","slug":"facelift-pentru-mazda-2","status":"publish","type":"live-news","link":"https:\/\/www.autocritica.ro\/en\/live-news\/facelift-pentru-mazda-2\/","title":{"rendered":"Facelift pentru Mazda 2"},"content":{"rendered":"\n<p>\u2022 Mazda a introdus un facelift discret pentru modelul Mazda 2.<\/p>\n\n\n\n<p>\u2022 Printre principalele nout\u0103\u021bi se num\u0103r\u0103 o parte frontal\u0103 u\u0219or modificat\u0103, mai multe dot\u0103ri standard \u0219i multiple posibilit\u0103\u021bi de personalizare.<\/p>\n\n\n\n<p>\u2022 Sistemul Driver Monitoring este acum disponibil standard pentru toate echip\u0103rile.<\/p>\n\n\n\n<p>\u2022 Echiparea de baz\u0103 include acum dot\u0103ri standard precum scaune fa\u021b\u0103 \u00eenc\u0103lzite, scaun pasager reglabil pe \u00een\u0103l\u021bime, geamuri electrice spate \u0219i un sistem audio \u00eembun\u0103t\u0103\u021bit.<\/p>\n\n\n\n<p>\u2022 Trei nuan\u021be noi pentru caroserie: Charcoal Grey, Sky Grey \u0219i Fern Green.<\/p>\n\n\n\n<p>\u2022 Mazda 2 facelift mizeaz\u0103 \u00een continuare pe sistemul full hybrid bazat pe motorul de 1,5 litri benzin\u0103, ce dezvolt\u0103 un total de 116 CP.<\/p>\n\n\n\n<p>\u2022 0-100 km\/h \u00een 9,7 secunde. Vitez\u0103 de top: 175 km\/h.<\/p>\n\n\n\n<p>\u2022 Produc\u021bia a \u00eenceput \u00een martie, iar livr\u0103rile europene sunt programate \u00een aceast\u0103 perioad\u0103.<\/p>\n\n\n\n<p>\u2022 Via: Mazda<\/p>\n\n\n\n<figure class=\"wp-block-gallery has-nested-images columns-default is-cropped wp-block-gallery-1 is-layout-flex wp-block-gallery-is-layout-flex\">\n<figure class=\"wp-block-image size-large\"><a href=\"https:\/\/www.autocritica.ro\/wp-content\/uploads\/2026\/04\/2026_mazda2_hybrid_cg_still_05_highres.jpg\" data-lbwps-width=\"1920\" data-lbwps-height=\"1080\" data-lbwps-srcsmall=\"https:\/\/www.autocritica.ro\/wp-content\/uploads\/2026\/04\/2026_mazda2_hybrid_cg_still_05_highres-300x169.jpg\"><img loading=\"lazy\" decoding=\"async\" width=\"1024\" height=\"576\" data-id=\"279692\" src=\"https:\/\/www.autocritica.ro\/wp-content\/uploads\/2026\/04\/2026_mazda2_hybrid_cg_still_05_highres-1024x576.jpg\" alt=\"\" class=\"wp-image-279692\" srcset=\"https:\/\/www.autocritica.ro\/wp-content\/uploads\/2026\/04\/2026_mazda2_hybrid_cg_still_05_highres-1024x576.jpg 1024w, https:\/\/www.autocritica.ro\/wp-content\/uploads\/2026\/04\/2026_mazda2_hybrid_cg_still_05_highres-300x169.jpg 300w, https:\/\/www.autocritica.ro\/wp-content\/uploads\/2026\/04\/2026_mazda2_hybrid_cg_still_05_highres-768x432.jpg 768w, https:\/\/www.autocritica.ro\/wp-content\/uploads\/2026\/04\/2026_mazda2_hybrid_cg_still_05_highres-1536x864.jpg 1536w, https:\/\/www.autocritica.ro\/wp-content\/uploads\/2026\/04\/2026_mazda2_hybrid_cg_still_05_highres.jpg 1920w\" sizes=\"auto, (max-width: 1024px) 100vw, 1024px\" \/><\/a><\/figure>\n\n\n\n<figure class=\"wp-block-image size-large\"><a href=\"https:\/\/www.autocritica.ro\/wp-content\/uploads\/2026\/04\/2026_mazda2_hybrid_fg_still_04_highres.jpg\" data-lbwps-width=\"1920\" data-lbwps-height=\"1080\" data-lbwps-srcsmall=\"https:\/\/www.autocritica.ro\/wp-content\/uploads\/2026\/04\/2026_mazda2_hybrid_fg_still_04_highres-300x169.jpg\"><img loading=\"lazy\" decoding=\"async\" width=\"1024\" height=\"576\" data-id=\"279691\" src=\"https:\/\/www.autocritica.ro\/wp-content\/uploads\/2026\/04\/2026_mazda2_hybrid_fg_still_04_highres-1024x576.jpg\" alt=\"\" class=\"wp-image-279691\" srcset=\"https:\/\/www.autocritica.ro\/wp-content\/uploads\/2026\/04\/2026_mazda2_hybrid_fg_still_04_highres-1024x576.jpg 1024w, https:\/\/www.autocritica.ro\/wp-content\/uploads\/2026\/04\/2026_mazda2_hybrid_fg_still_04_highres-300x169.jpg 300w, https:\/\/www.autocritica.ro\/wp-content\/uploads\/2026\/04\/2026_mazda2_hybrid_fg_still_04_highres-768x432.jpg 768w, https:\/\/www.autocritica.ro\/wp-content\/uploads\/2026\/04\/2026_mazda2_hybrid_fg_still_04_highres-1536x864.jpg 1536w, https:\/\/www.autocritica.ro\/wp-content\/uploads\/2026\/04\/2026_mazda2_hybrid_fg_still_04_highres.jpg 1920w\" sizes=\"auto, (max-width: 1024px) 100vw, 1024px\" \/><\/a><\/figure>\n\n\n\n<figure class=\"wp-block-image size-large\"><a href=\"https:\/\/www.autocritica.ro\/wp-content\/uploads\/2026\/04\/2026_mazda2_hybrid_sg_still_04_highres.jpg\" data-lbwps-width=\"1920\" data-lbwps-height=\"1080\" data-lbwps-srcsmall=\"https:\/\/www.autocritica.ro\/wp-content\/uploads\/2026\/04\/2026_mazda2_hybrid_sg_still_04_highres-300x169.jpg\"><img loading=\"lazy\" decoding=\"async\" width=\"1024\" height=\"576\" data-id=\"279694\" src=\"https:\/\/www.autocritica.ro\/wp-content\/uploads\/2026\/04\/2026_mazda2_hybrid_sg_still_04_highres-1024x576.jpg\" alt=\"\" class=\"wp-image-279694\" srcset=\"https:\/\/www.autocritica.ro\/wp-content\/uploads\/2026\/04\/2026_mazda2_hybrid_sg_still_04_highres-1024x576.jpg 1024w, https:\/\/www.autocritica.ro\/wp-content\/uploads\/2026\/04\/2026_mazda2_hybrid_sg_still_04_highres-300x169.jpg 300w, https:\/\/www.autocritica.ro\/wp-content\/uploads\/2026\/04\/2026_mazda2_hybrid_sg_still_04_highres-768x432.jpg 768w, https:\/\/www.autocritica.ro\/wp-content\/uploads\/2026\/04\/2026_mazda2_hybrid_sg_still_04_highres-1536x864.jpg 1536w, https:\/\/www.autocritica.ro\/wp-content\/uploads\/2026\/04\/2026_mazda2_hybrid_sg_still_04_highres.jpg 1920w\" sizes=\"auto, (max-width: 1024px) 100vw, 1024px\" \/><\/a><\/figure>\n\n\n\n<figure class=\"wp-block-image size-large\"><a href=\"https:\/\/www.autocritica.ro\/wp-content\/uploads\/2026\/04\/2026_mazda2_hybrid_src_still_05_highres.jpg\" data-lbwps-width=\"1920\" data-lbwps-height=\"1080\" data-lbwps-srcsmall=\"https:\/\/www.autocritica.ro\/wp-content\/uploads\/2026\/04\/2026_mazda2_hybrid_src_still_05_highres-300x169.jpg\"><img loading=\"lazy\" decoding=\"async\" width=\"1024\" height=\"576\" data-id=\"279693\" src=\"https:\/\/www.autocritica.ro\/wp-content\/uploads\/2026\/04\/2026_mazda2_hybrid_src_still_05_highres-1024x576.jpg\" alt=\"\" class=\"wp-image-279693\" srcset=\"https:\/\/www.autocritica.ro\/wp-content\/uploads\/2026\/04\/2026_mazda2_hybrid_src_still_05_highres-1024x576.jpg 1024w, https:\/\/www.autocritica.ro\/wp-content\/uploads\/2026\/04\/2026_mazda2_hybrid_src_still_05_highres-300x169.jpg 300w, https:\/\/www.autocritica.ro\/wp-content\/uploads\/2026\/04\/2026_mazda2_hybrid_src_still_05_highres-768x432.jpg 768w, https:\/\/www.autocritica.ro\/wp-content\/uploads\/2026\/04\/2026_mazda2_hybrid_src_still_05_highres-1536x864.jpg 1536w, https:\/\/www.autocritica.ro\/wp-content\/uploads\/2026\/04\/2026_mazda2_hybrid_src_still_05_highres.jpg 1920w\" sizes=\"auto, (max-width: 1024px) 100vw, 1024px\" \/><\/a><\/figure>\n<\/figure>\n","protected":false},"author":16,"featured_media":279691,"comment_status":"closed","ping_status":"closed","template":"","meta":{"_acf_changed":false,"footnotes":""},"tags":[94,2492],"class_list":["post-279689","live-news","type-live-news","status-publish","has-post-thumbnail","hentry","tag-mazda","tag-mazda-2-facelift"],"acf":[],"yoast_head":"<!-- This site is optimized with the Yoast SEO Premium plugin v27.5 (Yoast SEO v27.5) - https:\/\/yoast.com\/product\/yoast-seo-premium-wordpress\/ -->\n<title>Facelift pentru Mazda 2 - Autocritica<\/title>\n<meta name=\"robots\" content=\"index, follow, max-snippet:-1, max-image-preview:large, max-video-preview:-1\" \/>\n<link rel=\"canonical\" href=\"https:\/\/www.autocritica.ro\/en\/live-news\/facelift-pentru-mazda-2\/\" \/>\n<meta property=\"og:locale\" content=\"en_US\" \/>\n<meta property=\"og:type\" content=\"article\" \/>\n<meta property=\"og:title\" content=\"Facelift pentru Mazda 2\" \/>\n<meta property=\"og:description\" content=\"\u2022 Mazda a introdus un facelift discret pentru modelul Mazda 2. \u2022 Printre principalele nout\u0103\u021bi se num\u0103r\u0103 o parte frontal\u0103 u\u0219or modificat\u0103, mai multe dot\u0103ri\" \/>\n<meta property=\"og:url\" content=\"https:\/\/www.autocritica.ro\/en\/live-news\/facelift-pentru-mazda-2\/\" \/>\n<meta property=\"og:site_name\" content=\"Autocritica\" \/>\n<meta property=\"article:publisher\" content=\"https:\/\/www.facebook.com\/autocritica.ro\" \/>\n<meta property=\"article:modified_time\" content=\"2026-04-30T07:50:41+00:00\" \/>\n<meta property=\"og:image\" content=\"https:\/\/www.autocritica.ro\/wp-content\/uploads\/2026\/04\/2026_mazda2_hybrid_fg_still_04_highres.jpg\" \/>\n\t<meta property=\"og:image:width\" content=\"1920\" \/>\n\t<meta property=\"og:image:height\" content=\"1080\" \/>\n\t<meta property=\"og:image:type\" content=\"image\/jpeg\" \/>\n<meta name=\"twitter:card\" content=\"summary_large_image\" \/>\n<meta name=\"twitter:label1\" content=\"Est. reading time\" \/>\n\t<meta name=\"twitter:data1\" content=\"1 minute\" \/>\n<script type=\"application\/ld+json\" class=\"yoast-schema-graph\">{\"@context\":\"https:\\\/\\\/schema.org\",\"@graph\":[{\"@type\":\"WebPage\",\"@id\":\"https:\\\/\\\/www.autocritica.ro\\\/en\\\/live-news\\\/facelift-pentru-mazda-2\\\/\",\"url\":\"https:\\\/\\\/www.autocritica.ro\\\/en\\\/live-news\\\/facelift-pentru-mazda-2\\\/\",\"name\":\"Facelift pentru Mazda 2 - Autocritica\",\"isPartOf\":{\"@id\":\"https:\\\/\\\/www.autocritica.ro\\\/en\\\/#website\"},\"primaryImageOfPage\":{\"@id\":\"https:\\\/\\\/www.autocritica.ro\\\/en\\\/live-news\\\/facelift-pentru-mazda-2\\\/#primaryimage\"},\"image\":{\"@id\":\"https:\\\/\\\/www.autocritica.ro\\\/en\\\/live-news\\\/facelift-pentru-mazda-2\\\/#primaryimage\"},\"thumbnailUrl\":\"https:\\\/\\\/www.autocritica.ro\\\/wp-content\\\/uploads\\\/2026\\\/04\\\/2026_mazda2_hybrid_fg_still_04_highres.jpg\",\"datePublished\":\"2026-04-30T07:47:32+00:00\",\"dateModified\":\"2026-04-30T07:50:41+00:00\",\"breadcrumb\":{\"@id\":\"https:\\\/\\\/www.autocritica.ro\\\/en\\\/live-news\\\/facelift-pentru-mazda-2\\\/#breadcrumb\"},\"inLanguage\":\"en-US\",\"potentialAction\":[{\"@type\":\"ReadAction\",\"target\":[\"https:\\\/\\\/www.autocritica.ro\\\/en\\\/live-news\\\/facelift-pentru-mazda-2\\\/\"]}]},{\"@type\":\"ImageObject\",\"inLanguage\":\"en-US\",\"@id\":\"https:\\\/\\\/www.autocritica.ro\\\/en\\\/live-news\\\/facelift-pentru-mazda-2\\\/#primaryimage\",\"url\":\"https:\\\/\\\/www.autocritica.ro\\\/wp-content\\\/uploads\\\/2026\\\/04\\\/2026_mazda2_hybrid_fg_still_04_highres.jpg\",\"contentUrl\":\"https:\\\/\\\/www.autocritica.ro\\\/wp-content\\\/uploads\\\/2026\\\/04\\\/2026_mazda2_hybrid_fg_still_04_highres.jpg\",\"width\":1920,\"height\":1080},{\"@type\":\"BreadcrumbList\",\"@id\":\"https:\\\/\\\/www.autocritica.ro\\\/en\\\/live-news\\\/facelift-pentru-mazda-2\\\/#breadcrumb\",\"itemListElement\":[{\"@type\":\"ListItem\",\"position\":1,\"name\":\"Home\",\"item\":\"https:\\\/\\\/www.autocritica.ro\\\/en\\\/\"},{\"@type\":\"ListItem\",\"position\":2,\"name\":\"Live News\",\"item\":\"https:\\\/\\\/www.autocritica.ro\\\/en\\\/live-news\\\/\"},{\"@type\":\"ListItem\",\"position\":3,\"name\":\"Facelift pentru Mazda 2\"}]},{\"@type\":\"WebSite\",\"@id\":\"https:\\\/\\\/www.autocritica.ro\\\/en\\\/#website\",\"url\":\"https:\\\/\\\/www.autocritica.ro\\\/en\\\/\",\"name\":\"Autocritica\",\"description\":\"\",\"publisher\":{\"@id\":\"https:\\\/\\\/www.autocritica.ro\\\/en\\\/#organization\"},\"potentialAction\":[{\"@type\":\"SearchAction\",\"target\":{\"@type\":\"EntryPoint\",\"urlTemplate\":\"https:\\\/\\\/www.autocritica.ro\\\/en\\\/?s={search_term_string}\"},\"query-input\":{\"@type\":\"PropertyValueSpecification\",\"valueRequired\":true,\"valueName\":\"search_term_string\"}}],\"inLanguage\":\"en-US\"},{\"@type\":\"Organization\",\"@id\":\"https:\\\/\\\/www.autocritica.ro\\\/en\\\/#organization\",\"name\":\"Autocritica\",\"url\":\"https:\\\/\\\/www.autocritica.ro\\\/en\\\/\",\"logo\":{\"@type\":\"ImageObject\",\"inLanguage\":\"en-US\",\"@id\":\"https:\\\/\\\/www.autocritica.ro\\\/en\\\/#\\\/schema\\\/logo\\\/image\\\/\",\"url\":\"https:\\\/\\\/www.autocritica.ro\\\/wp-content\\\/uploads\\\/2020\\\/12\\\/logo-negru.png\",\"contentUrl\":\"https:\\\/\\\/www.autocritica.ro\\\/wp-content\\\/uploads\\\/2020\\\/12\\\/logo-negru.png\",\"width\":300,\"height\":102,\"caption\":\"Autocritica\"},\"image\":{\"@id\":\"https:\\\/\\\/www.autocritica.ro\\\/en\\\/#\\\/schema\\\/logo\\\/image\\\/\"},\"sameAs\":[\"https:\\\/\\\/www.facebook.com\\\/autocritica.ro\",\"https:\\\/\\\/www.instagram.com\\\/autocritica.ro\\\/\"]}]}<\/script>\n<!-- \/ Yoast SEO Premium plugin. -->","yoast_head_json":{"title":"Facelift pentru Mazda 2 - Autocritica","robots":{"index":"index","follow":"follow","max-snippet":"max-snippet:-1","max-image-preview":"max-image-preview:large","max-video-preview":"max-video-preview:-1"},"canonical":"https:\/\/www.autocritica.ro\/en\/live-news\/facelift-pentru-mazda-2\/","og_locale":"en_US","og_type":"article","og_title":"Facelift pentru Mazda 2","og_description":"\u2022 Mazda a introdus un facelift discret pentru modelul Mazda 2. \u2022 Printre principalele nout\u0103\u021bi se num\u0103r\u0103 o parte frontal\u0103 u\u0219or modificat\u0103, mai multe dot\u0103ri","og_url":"https:\/\/www.autocritica.ro\/en\/live-news\/facelift-pentru-mazda-2\/","og_site_name":"Autocritica","article_publisher":"https:\/\/www.facebook.com\/autocritica.ro","article_modified_time":"2026-04-30T07:50:41+00:00","og_image":[{"width":1920,"height":1080,"url":"https:\/\/www.autocritica.ro\/wp-content\/uploads\/2026\/04\/2026_mazda2_hybrid_fg_still_04_highres.jpg","type":"image\/jpeg"}],"twitter_card":"summary_large_image","twitter_misc":{"Est. reading time":"1 minute"},"schema":{"@context":"https:\/\/schema.org","@graph":[{"@type":"WebPage","@id":"https:\/\/www.autocritica.ro\/en\/live-news\/facelift-pentru-mazda-2\/","url":"https:\/\/www.autocritica.ro\/en\/live-news\/facelift-pentru-mazda-2\/","name":"Facelift pentru Mazda 2 - Autocritica","isPartOf":{"@id":"https:\/\/www.autocritica.ro\/en\/#website"},"primaryImageOfPage":{"@id":"https:\/\/www.autocritica.ro\/en\/live-news\/facelift-pentru-mazda-2\/#primaryimage"},"image":{"@id":"https:\/\/www.autocritica.ro\/en\/live-news\/facelift-pentru-mazda-2\/#primaryimage"},"thumbnailUrl":"https:\/\/www.autocritica.ro\/wp-content\/uploads\/2026\/04\/2026_mazda2_hybrid_fg_still_04_highres.jpg","datePublished":"2026-04-30T07:47:32+00:00","dateModified":"2026-04-30T07:50:41+00:00","breadcrumb":{"@id":"https:\/\/www.autocritica.ro\/en\/live-news\/facelift-pentru-mazda-2\/#breadcrumb"},"inLanguage":"en-US","potentialAction":[{"@type":"ReadAction","target":["https:\/\/www.autocritica.ro\/en\/live-news\/facelift-pentru-mazda-2\/"]}]},{"@type":"ImageObject","inLanguage":"en-US","@id":"https:\/\/www.autocritica.ro\/en\/live-news\/facelift-pentru-mazda-2\/#primaryimage","url":"https:\/\/www.autocritica.ro\/wp-content\/uploads\/2026\/04\/2026_mazda2_hybrid_fg_still_04_highres.jpg","contentUrl":"https:\/\/www.autocritica.ro\/wp-content\/uploads\/2026\/04\/2026_mazda2_hybrid_fg_still_04_highres.jpg","width":1920,"height":1080},{"@type":"BreadcrumbList","@id":"https:\/\/www.autocritica.ro\/en\/live-news\/facelift-pentru-mazda-2\/#breadcrumb","itemListElement":[{"@type":"ListItem","position":1,"name":"Home","item":"https:\/\/www.autocritica.ro\/en\/"},{"@type":"ListItem","position":2,"name":"Live News","item":"https:\/\/www.autocritica.ro\/en\/live-news\/"},{"@type":"ListItem","position":3,"name":"Facelift pentru Mazda 2"}]},{"@type":"WebSite","@id":"https:\/\/www.autocritica.ro\/en\/#website","url":"https:\/\/www.autocritica.ro\/en\/","name":"Autocritica","description":"","publisher":{"@id":"https:\/\/www.autocritica.ro\/en\/#organization"},"potentialAction":[{"@type":"SearchAction","target":{"@type":"EntryPoint","urlTemplate":"https:\/\/www.autocritica.ro\/en\/?s={search_term_string}"},"query-input":{"@type":"PropertyValueSpecification","valueRequired":true,"valueName":"search_term_string"}}],"inLanguage":"en-US"},{"@type":"Organization","@id":"https:\/\/www.autocritica.ro\/en\/#organization","name":"Autocritica","url":"https:\/\/www.autocritica.ro\/en\/","logo":{"@type":"ImageObject","inLanguage":"en-US","@id":"https:\/\/www.autocritica.ro\/en\/#\/schema\/logo\/image\/","url":"https:\/\/www.autocritica.ro\/wp-content\/uploads\/2020\/12\/logo-negru.png","contentUrl":"https:\/\/www.autocritica.ro\/wp-content\/uploads\/2020\/12\/logo-negru.png","width":300,"height":102,"caption":"Autocritica"},"image":{"@id":"https:\/\/www.autocritica.ro\/en\/#\/schema\/logo\/image\/"},"sameAs":["https:\/\/www.facebook.com\/autocritica.ro","https:\/\/www.instagram.com\/autocritica.ro\/"]}]}},"_links":{"self":[{"href":"https:\/\/www.autocritica.ro\/en\/wp-json\/wp\/v2\/live-news\/279689","targetHints":{"allow":["GET"]}}],"collection":[{"href":"https:\/\/www.autocritica.ro\/en\/wp-json\/wp\/v2\/live-news"}],"about":[{"href":"https:\/\/www.autocritica.ro\/en\/wp-json\/wp\/v2\/types\/live-news"}],"author":[{"embeddable":true,"href":"https:\/\/www.autocritica.ro\/en\/wp-json\/wp\/v2\/users\/16"}],"replies":[{"embeddable":true,"href":"https:\/\/www.autocritica.ro\/en\/wp-json\/wp\/v2\/comments?post=279689"}],"version-history":[{"count":3,"href":"https:\/\/www.autocritica.ro\/en\/wp-json\/wp\/v2\/live-news\/279689\/revisions"}],"predecessor-version":[{"id":279698,"href":"https:\/\/www.autocritica.ro\/en\/wp-json\/wp\/v2\/live-news\/279689\/revisions\/279698"}],"wp:featuredmedia":[{"embeddable":true,"href":"https:\/\/www.autocritica.ro\/en\/wp-json\/wp\/v2\/media\/279691"}],"wp:attachment":[{"href":"https:\/\/www.autocritica.ro\/en\/wp-json\/wp\/v2\/media?parent=279689"}],"wp:term":[{"taxonomy":"post_tag","embeddable":true,"href":"https:\/\/www.autocritica.ro\/en\/wp-json\/wp\/v2\/tags?post=279689"}],"curies":[{"name":"wp","href":"https:\/\/api.w.org\/{rel}","templated":true}]}}