{"id":279333,"date":"2026-04-27T15:33:39","date_gmt":"2026-04-27T12:33:39","guid":{"rendered":"https:\/\/www.autocritica.ro\/?post_type=live-news&#038;p=279333"},"modified":"2026-04-27T15:34:13","modified_gmt":"2026-04-27T12:34:13","slug":"omoda-si-jaecoo-vanzari-globale-de-un-milion-de-masini","status":"publish","type":"live-news","link":"https:\/\/www.autocritica.ro\/en\/live-news\/omoda-si-jaecoo-vanzari-globale-de-un-milion-de-masini\/","title":{"rendered":"Omoda \u0219i Jaecoo: v\u00e2nz\u0103ri globale de un milion de ma\u0219ini"},"content":{"rendered":"\n<p>\u2022 Omoda \u0219i Jaecoo, m\u0103rci ale grupului chinez Chery, au atins v\u00e2nz\u0103ri globale de un milion de ma\u0219ini.<\/p>\n\n\n\n<p>\u2022 Cele dou\u0103 branduri au fost lansate \u00een 2023 \u0219i sunt comercializate \u00een prezent \u00een peste 64 de \u021b\u0103ri.<\/p>\n\n\n\n<p>\u2022 \u00cen martie, Omoda \u0219i Jaecoo au avut v\u00e2nz\u0103ri de peste 61.000 de unit\u0103\u021bi, \u00een cre\u0219tere cu 210% fa\u021b\u0103 de aceea\u0219i perioad\u0103 din 2025.<\/p>\n\n\n\n<p>\u2022 Totodat\u0103, v\u00e2nz\u0103rile de vehicule electrificate (electrice + hibrizi plug-in) au \u00eenregistrat un avans de 471%, conform datelor oficiale.<\/p>\n\n\n\n<p>\u2022 Via: Omoda &amp; Jaecoo<\/p>\n","protected":false},"author":16,"featured_media":279335,"comment_status":"closed","ping_status":"closed","template":"","meta":{"_acf_changed":false,"footnotes":""},"tags":[6249,6248],"class_list":["post-279333","live-news","type-live-news","status-publish","has-post-thumbnail","hentry","tag-jaecoo","tag-omoda"],"acf":[],"yoast_head":"<!-- This site is optimized with the Yoast SEO Premium plugin v27.5 (Yoast SEO v27.5) - https:\/\/yoast.com\/product\/yoast-seo-premium-wordpress\/ -->\n<title>Omoda \u0219i Jaecoo: v\u00e2nz\u0103ri globale de un milion de ma\u0219ini - Autocritica<\/title>\n<meta name=\"robots\" content=\"index, follow, max-snippet:-1, max-image-preview:large, max-video-preview:-1\" \/>\n<link rel=\"canonical\" href=\"https:\/\/www.autocritica.ro\/en\/live-news\/omoda-si-jaecoo-vanzari-globale-de-un-milion-de-masini\/\" \/>\n<meta property=\"og:locale\" content=\"en_US\" \/>\n<meta property=\"og:type\" content=\"article\" \/>\n<meta property=\"og:title\" content=\"Omoda \u0219i Jaecoo: v\u00e2nz\u0103ri globale de un milion de ma\u0219ini\" \/>\n<meta property=\"og:description\" content=\"\u2022 Omoda \u0219i Jaecoo, m\u0103rci ale grupului chinez Chery, au atins v\u00e2nz\u0103ri globale de un milion de ma\u0219ini. \u2022 Cele dou\u0103 branduri au fost lansate \u00een 2023 \u0219i sunt\" \/>\n<meta property=\"og:url\" content=\"https:\/\/www.autocritica.ro\/en\/live-news\/omoda-si-jaecoo-vanzari-globale-de-un-milion-de-masini\/\" \/>\n<meta property=\"og:site_name\" content=\"Autocritica\" \/>\n<meta property=\"article:publisher\" content=\"https:\/\/www.facebook.com\/autocritica.ro\" \/>\n<meta property=\"article:modified_time\" content=\"2026-04-27T12:34:13+00:00\" \/>\n<meta property=\"og:image\" content=\"https:\/\/www.autocritica.ro\/wp-content\/uploads\/2026\/04\/1.-hero-JAECOO-E5-and-OMODA-E5-scaled.jpg\" \/>\n\t<meta property=\"og:image:width\" content=\"2560\" \/>\n\t<meta property=\"og:image:height\" content=\"1706\" \/>\n\t<meta property=\"og:image:type\" content=\"image\/jpeg\" \/>\n<meta name=\"twitter:card\" content=\"summary_large_image\" \/>\n<script type=\"application\/ld+json\" class=\"yoast-schema-graph\">{\"@context\":\"https:\\\/\\\/schema.org\",\"@graph\":[{\"@type\":\"WebPage\",\"@id\":\"https:\\\/\\\/www.autocritica.ro\\\/en\\\/live-news\\\/omoda-si-jaecoo-vanzari-globale-de-un-milion-de-masini\\\/\",\"url\":\"https:\\\/\\\/www.autocritica.ro\\\/en\\\/live-news\\\/omoda-si-jaecoo-vanzari-globale-de-un-milion-de-masini\\\/\",\"name\":\"Omoda \u0219i Jaecoo: v\u00e2nz\u0103ri globale de un milion de ma\u0219ini - Autocritica\",\"isPartOf\":{\"@id\":\"https:\\\/\\\/www.autocritica.ro\\\/en\\\/#website\"},\"primaryImageOfPage\":{\"@id\":\"https:\\\/\\\/www.autocritica.ro\\\/en\\\/live-news\\\/omoda-si-jaecoo-vanzari-globale-de-un-milion-de-masini\\\/#primaryimage\"},\"image\":{\"@id\":\"https:\\\/\\\/www.autocritica.ro\\\/en\\\/live-news\\\/omoda-si-jaecoo-vanzari-globale-de-un-milion-de-masini\\\/#primaryimage\"},\"thumbnailUrl\":\"https:\\\/\\\/www.autocritica.ro\\\/wp-content\\\/uploads\\\/2026\\\/04\\\/1.-hero-JAECOO-E5-and-OMODA-E5-scaled.jpg\",\"datePublished\":\"2026-04-27T12:33:39+00:00\",\"dateModified\":\"2026-04-27T12:34:13+00:00\",\"breadcrumb\":{\"@id\":\"https:\\\/\\\/www.autocritica.ro\\\/en\\\/live-news\\\/omoda-si-jaecoo-vanzari-globale-de-un-milion-de-masini\\\/#breadcrumb\"},\"inLanguage\":\"en-US\",\"potentialAction\":[{\"@type\":\"ReadAction\",\"target\":[\"https:\\\/\\\/www.autocritica.ro\\\/en\\\/live-news\\\/omoda-si-jaecoo-vanzari-globale-de-un-milion-de-masini\\\/\"]}]},{\"@type\":\"ImageObject\",\"inLanguage\":\"en-US\",\"@id\":\"https:\\\/\\\/www.autocritica.ro\\\/en\\\/live-news\\\/omoda-si-jaecoo-vanzari-globale-de-un-milion-de-masini\\\/#primaryimage\",\"url\":\"https:\\\/\\\/www.autocritica.ro\\\/wp-content\\\/uploads\\\/2026\\\/04\\\/1.-hero-JAECOO-E5-and-OMODA-E5-scaled.jpg\",\"contentUrl\":\"https:\\\/\\\/www.autocritica.ro\\\/wp-content\\\/uploads\\\/2026\\\/04\\\/1.-hero-JAECOO-E5-and-OMODA-E5-scaled.jpg\",\"width\":2560,\"height\":1706},{\"@type\":\"BreadcrumbList\",\"@id\":\"https:\\\/\\\/www.autocritica.ro\\\/en\\\/live-news\\\/omoda-si-jaecoo-vanzari-globale-de-un-milion-de-masini\\\/#breadcrumb\",\"itemListElement\":[{\"@type\":\"ListItem\",\"position\":1,\"name\":\"Home\",\"item\":\"https:\\\/\\\/www.autocritica.ro\\\/en\\\/\"},{\"@type\":\"ListItem\",\"position\":2,\"name\":\"Live News\",\"item\":\"https:\\\/\\\/www.autocritica.ro\\\/en\\\/live-news\\\/\"},{\"@type\":\"ListItem\",\"position\":3,\"name\":\"Omoda \u0219i Jaecoo: v\u00e2nz\u0103ri globale de un milion de ma\u0219ini\"}]},{\"@type\":\"WebSite\",\"@id\":\"https:\\\/\\\/www.autocritica.ro\\\/en\\\/#website\",\"url\":\"https:\\\/\\\/www.autocritica.ro\\\/en\\\/\",\"name\":\"Autocritica\",\"description\":\"\",\"publisher\":{\"@id\":\"https:\\\/\\\/www.autocritica.ro\\\/en\\\/#organization\"},\"potentialAction\":[{\"@type\":\"SearchAction\",\"target\":{\"@type\":\"EntryPoint\",\"urlTemplate\":\"https:\\\/\\\/www.autocritica.ro\\\/en\\\/?s={search_term_string}\"},\"query-input\":{\"@type\":\"PropertyValueSpecification\",\"valueRequired\":true,\"valueName\":\"search_term_string\"}}],\"inLanguage\":\"en-US\"},{\"@type\":\"Organization\",\"@id\":\"https:\\\/\\\/www.autocritica.ro\\\/en\\\/#organization\",\"name\":\"Autocritica\",\"url\":\"https:\\\/\\\/www.autocritica.ro\\\/en\\\/\",\"logo\":{\"@type\":\"ImageObject\",\"inLanguage\":\"en-US\",\"@id\":\"https:\\\/\\\/www.autocritica.ro\\\/en\\\/#\\\/schema\\\/logo\\\/image\\\/\",\"url\":\"https:\\\/\\\/www.autocritica.ro\\\/wp-content\\\/uploads\\\/2020\\\/12\\\/logo-negru.png\",\"contentUrl\":\"https:\\\/\\\/www.autocritica.ro\\\/wp-content\\\/uploads\\\/2020\\\/12\\\/logo-negru.png\",\"width\":300,\"height\":102,\"caption\":\"Autocritica\"},\"image\":{\"@id\":\"https:\\\/\\\/www.autocritica.ro\\\/en\\\/#\\\/schema\\\/logo\\\/image\\\/\"},\"sameAs\":[\"https:\\\/\\\/www.facebook.com\\\/autocritica.ro\",\"https:\\\/\\\/www.instagram.com\\\/autocritica.ro\\\/\"]}]}<\/script>\n<!-- \/ Yoast SEO Premium plugin. -->","yoast_head_json":{"title":"Omoda \u0219i Jaecoo: v\u00e2nz\u0103ri globale de un milion de ma\u0219ini - Autocritica","robots":{"index":"index","follow":"follow","max-snippet":"max-snippet:-1","max-image-preview":"max-image-preview:large","max-video-preview":"max-video-preview:-1"},"canonical":"https:\/\/www.autocritica.ro\/en\/live-news\/omoda-si-jaecoo-vanzari-globale-de-un-milion-de-masini\/","og_locale":"en_US","og_type":"article","og_title":"Omoda \u0219i Jaecoo: v\u00e2nz\u0103ri globale de un milion de ma\u0219ini","og_description":"\u2022 Omoda \u0219i Jaecoo, m\u0103rci ale grupului chinez Chery, au atins v\u00e2nz\u0103ri globale de un milion de ma\u0219ini. \u2022 Cele dou\u0103 branduri au fost lansate \u00een 2023 \u0219i sunt","og_url":"https:\/\/www.autocritica.ro\/en\/live-news\/omoda-si-jaecoo-vanzari-globale-de-un-milion-de-masini\/","og_site_name":"Autocritica","article_publisher":"https:\/\/www.facebook.com\/autocritica.ro","article_modified_time":"2026-04-27T12:34:13+00:00","og_image":[{"width":2560,"height":1706,"url":"https:\/\/www.autocritica.ro\/wp-content\/uploads\/2026\/04\/1.-hero-JAECOO-E5-and-OMODA-E5-scaled.jpg","type":"image\/jpeg"}],"twitter_card":"summary_large_image","schema":{"@context":"https:\/\/schema.org","@graph":[{"@type":"WebPage","@id":"https:\/\/www.autocritica.ro\/en\/live-news\/omoda-si-jaecoo-vanzari-globale-de-un-milion-de-masini\/","url":"https:\/\/www.autocritica.ro\/en\/live-news\/omoda-si-jaecoo-vanzari-globale-de-un-milion-de-masini\/","name":"Omoda \u0219i Jaecoo: v\u00e2nz\u0103ri globale de un milion de ma\u0219ini - Autocritica","isPartOf":{"@id":"https:\/\/www.autocritica.ro\/en\/#website"},"primaryImageOfPage":{"@id":"https:\/\/www.autocritica.ro\/en\/live-news\/omoda-si-jaecoo-vanzari-globale-de-un-milion-de-masini\/#primaryimage"},"image":{"@id":"https:\/\/www.autocritica.ro\/en\/live-news\/omoda-si-jaecoo-vanzari-globale-de-un-milion-de-masini\/#primaryimage"},"thumbnailUrl":"https:\/\/www.autocritica.ro\/wp-content\/uploads\/2026\/04\/1.-hero-JAECOO-E5-and-OMODA-E5-scaled.jpg","datePublished":"2026-04-27T12:33:39+00:00","dateModified":"2026-04-27T12:34:13+00:00","breadcrumb":{"@id":"https:\/\/www.autocritica.ro\/en\/live-news\/omoda-si-jaecoo-vanzari-globale-de-un-milion-de-masini\/#breadcrumb"},"inLanguage":"en-US","potentialAction":[{"@type":"ReadAction","target":["https:\/\/www.autocritica.ro\/en\/live-news\/omoda-si-jaecoo-vanzari-globale-de-un-milion-de-masini\/"]}]},{"@type":"ImageObject","inLanguage":"en-US","@id":"https:\/\/www.autocritica.ro\/en\/live-news\/omoda-si-jaecoo-vanzari-globale-de-un-milion-de-masini\/#primaryimage","url":"https:\/\/www.autocritica.ro\/wp-content\/uploads\/2026\/04\/1.-hero-JAECOO-E5-and-OMODA-E5-scaled.jpg","contentUrl":"https:\/\/www.autocritica.ro\/wp-content\/uploads\/2026\/04\/1.-hero-JAECOO-E5-and-OMODA-E5-scaled.jpg","width":2560,"height":1706},{"@type":"BreadcrumbList","@id":"https:\/\/www.autocritica.ro\/en\/live-news\/omoda-si-jaecoo-vanzari-globale-de-un-milion-de-masini\/#breadcrumb","itemListElement":[{"@type":"ListItem","position":1,"name":"Home","item":"https:\/\/www.autocritica.ro\/en\/"},{"@type":"ListItem","position":2,"name":"Live News","item":"https:\/\/www.autocritica.ro\/en\/live-news\/"},{"@type":"ListItem","position":3,"name":"Omoda \u0219i Jaecoo: v\u00e2nz\u0103ri globale de un milion de ma\u0219ini"}]},{"@type":"WebSite","@id":"https:\/\/www.autocritica.ro\/en\/#website","url":"https:\/\/www.autocritica.ro\/en\/","name":"Autocritica","description":"","publisher":{"@id":"https:\/\/www.autocritica.ro\/en\/#organization"},"potentialAction":[{"@type":"SearchAction","target":{"@type":"EntryPoint","urlTemplate":"https:\/\/www.autocritica.ro\/en\/?s={search_term_string}"},"query-input":{"@type":"PropertyValueSpecification","valueRequired":true,"valueName":"search_term_string"}}],"inLanguage":"en-US"},{"@type":"Organization","@id":"https:\/\/www.autocritica.ro\/en\/#organization","name":"Autocritica","url":"https:\/\/www.autocritica.ro\/en\/","logo":{"@type":"ImageObject","inLanguage":"en-US","@id":"https:\/\/www.autocritica.ro\/en\/#\/schema\/logo\/image\/","url":"https:\/\/www.autocritica.ro\/wp-content\/uploads\/2020\/12\/logo-negru.png","contentUrl":"https:\/\/www.autocritica.ro\/wp-content\/uploads\/2020\/12\/logo-negru.png","width":300,"height":102,"caption":"Autocritica"},"image":{"@id":"https:\/\/www.autocritica.ro\/en\/#\/schema\/logo\/image\/"},"sameAs":["https:\/\/www.facebook.com\/autocritica.ro","https:\/\/www.instagram.com\/autocritica.ro\/"]}]}},"_links":{"self":[{"href":"https:\/\/www.autocritica.ro\/en\/wp-json\/wp\/v2\/live-news\/279333","targetHints":{"allow":["GET"]}}],"collection":[{"href":"https:\/\/www.autocritica.ro\/en\/wp-json\/wp\/v2\/live-news"}],"about":[{"href":"https:\/\/www.autocritica.ro\/en\/wp-json\/wp\/v2\/types\/live-news"}],"author":[{"embeddable":true,"href":"https:\/\/www.autocritica.ro\/en\/wp-json\/wp\/v2\/users\/16"}],"replies":[{"embeddable":true,"href":"https:\/\/www.autocritica.ro\/en\/wp-json\/wp\/v2\/comments?post=279333"}],"version-history":[{"count":3,"href":"https:\/\/www.autocritica.ro\/en\/wp-json\/wp\/v2\/live-news\/279333\/revisions"}],"predecessor-version":[{"id":279338,"href":"https:\/\/www.autocritica.ro\/en\/wp-json\/wp\/v2\/live-news\/279333\/revisions\/279338"}],"wp:featuredmedia":[{"embeddable":true,"href":"https:\/\/www.autocritica.ro\/en\/wp-json\/wp\/v2\/media\/279335"}],"wp:attachment":[{"href":"https:\/\/www.autocritica.ro\/en\/wp-json\/wp\/v2\/media?parent=279333"}],"wp:term":[{"taxonomy":"post_tag","embeddable":true,"href":"https:\/\/www.autocritica.ro\/en\/wp-json\/wp\/v2\/tags?post=279333"}],"curies":[{"name":"wp","href":"https:\/\/api.w.org\/{rel}","templated":true}]}}