{"id":279307,"date":"2026-04-27T14:53:53","date_gmt":"2026-04-27T11:53:53","guid":{"rendered":"https:\/\/www.autocritica.ro\/?post_type=live-news&#038;p=279307"},"modified":"2026-04-27T14:56:03","modified_gmt":"2026-04-27T11:56:03","slug":"facelift-pentru-audi-q4-e-tron","status":"publish","type":"live-news","link":"https:\/\/www.autocritica.ro\/en\/live-news\/facelift-pentru-audi-q4-e-tron\/","title":{"rendered":"Facelift pentru Audi Q4 e-tron"},"content":{"rendered":"\n<p>\u2022 Audi a introdus un facelift pentru Q4 e-tron.<\/p>\n\n\n\n<p>\u2022 Cel mai v\u00e2ndut model electric Audi beneficiaz\u0103 de un design u\u0219or revizuit, un interior ref\u0103cut \u0219i tehnologii de ultim\u0103 genera\u021bie.<\/p>\n\n\n\n<p>\u2022 \u00cen premier\u0103, Q4 e-tron facelift ofer\u0103 \u00eenc\u0103rcare bidirec\u021bional\u0103 prin sistemele Vehicle-to-Load (V2L) \u0219i Vehicle-to-Home (V2H).<\/p>\n\n\n\n<p>\u2022 Modelul promite o autonomie mai mare (p\u00e2n\u0103 la 592 de kilometri) \u0219i putere de \u00eenc\u0103rcare crescut\u0103. (p\u00e2n\u0103 la 185 kW).<\/p>\n\n\n\n<p>\u2022 Versiuni pentru Q4 e-tron (SUV \/ Sportback):<\/p>\n\n\n\n<p>&#8211; 204 CP, autonomie maxim\u0103: 440 km \/ 451 km, \u00eenc\u0103rcare DC la 160 kW<\/p>\n\n\n\n<p>&#8211; 285 CP, autonomie maxim\u0103: 578 km \/ 592 km, \u00eenc\u0103rcare DC la 165 kW<\/p>\n\n\n\n<p>&#8211; 300 CP, autonomie maxim\u0103: 558 km \/ 573 km, \u00eenc\u0103rcare DC la 165 kW<\/p>\n\n\n\n<p>&#8211; 340 CP, autonomie maxim\u0103: 541 km \/ 554 km, \u00eenc\u0103rcare DC la 185 kW<\/p>\n\n\n\n<p>\u2022 Dou\u0103 op\u021biuni pentru baterie: 59 kWh \u0219i 77 kWh (capacitate net\u0103).<\/p>\n\n\n\n<p>\u2022 Blocuri optice cu o nou\u0103 semn\u0103tur\u0103 luminoas\u0103.<\/p>\n\n\n\n<p>\u2022 Instrumentar digital de 11,9 inchi \u0219i ecran de 12,8 inchi pentru sistemul multimedia. Ecran op\u021bional de 12 inchi pentru pasagerul din dreapta.<\/p>\n\n\n\n<p>\u2022 Via: Audi<\/p>\n\n\n\n<figure class=\"wp-block-gallery has-nested-images columns-default is-cropped wp-block-gallery-1 is-layout-flex wp-block-gallery-is-layout-flex\">\n<figure class=\"wp-block-image size-large\"><a href=\"https:\/\/www.autocritica.ro\/wp-content\/uploads\/2026\/04\/A260663_large.jpg\" data-lbwps-width=\"1732\" data-lbwps-height=\"1232\" data-lbwps-srcsmall=\"https:\/\/www.autocritica.ro\/wp-content\/uploads\/2026\/04\/A260663_large-300x213.jpg\"><img loading=\"lazy\" decoding=\"async\" width=\"1024\" height=\"728\" data-id=\"279319\" src=\"https:\/\/www.autocritica.ro\/wp-content\/uploads\/2026\/04\/A260663_large-1024x728.jpg\" alt=\"\" class=\"wp-image-279319\" srcset=\"https:\/\/www.autocritica.ro\/wp-content\/uploads\/2026\/04\/A260663_large-1024x728.jpg 1024w, https:\/\/www.autocritica.ro\/wp-content\/uploads\/2026\/04\/A260663_large-300x213.jpg 300w, https:\/\/www.autocritica.ro\/wp-content\/uploads\/2026\/04\/A260663_large-768x546.jpg 768w, https:\/\/www.autocritica.ro\/wp-content\/uploads\/2026\/04\/A260663_large-1536x1093.jpg 1536w, https:\/\/www.autocritica.ro\/wp-content\/uploads\/2026\/04\/A260663_large.jpg 1732w\" sizes=\"auto, (max-width: 1024px) 100vw, 1024px\" \/><\/a><\/figure>\n\n\n\n<figure class=\"wp-block-image size-large\"><a href=\"https:\/\/www.autocritica.ro\/wp-content\/uploads\/2026\/04\/A260664_large.jpg\" data-lbwps-width=\"1825\" data-lbwps-height=\"1306\" data-lbwps-srcsmall=\"https:\/\/www.autocritica.ro\/wp-content\/uploads\/2026\/04\/A260664_large-300x215.jpg\"><img loading=\"lazy\" decoding=\"async\" width=\"1024\" height=\"733\" data-id=\"279313\" src=\"https:\/\/www.autocritica.ro\/wp-content\/uploads\/2026\/04\/A260664_large-1024x733.jpg\" alt=\"\" class=\"wp-image-279313\" srcset=\"https:\/\/www.autocritica.ro\/wp-content\/uploads\/2026\/04\/A260664_large-1024x733.jpg 1024w, https:\/\/www.autocritica.ro\/wp-content\/uploads\/2026\/04\/A260664_large-300x215.jpg 300w, https:\/\/www.autocritica.ro\/wp-content\/uploads\/2026\/04\/A260664_large-768x550.jpg 768w, https:\/\/www.autocritica.ro\/wp-content\/uploads\/2026\/04\/A260664_large-1536x1099.jpg 1536w, https:\/\/www.autocritica.ro\/wp-content\/uploads\/2026\/04\/A260664_large.jpg 1825w\" sizes=\"auto, (max-width: 1024px) 100vw, 1024px\" \/><\/a><\/figure>\n\n\n\n<figure class=\"wp-block-image size-large\"><a href=\"https:\/\/www.autocritica.ro\/wp-content\/uploads\/2026\/04\/A260689_large.jpg\" data-lbwps-width=\"2071\" data-lbwps-height=\"1475\" data-lbwps-srcsmall=\"https:\/\/www.autocritica.ro\/wp-content\/uploads\/2026\/04\/A260689_large-300x214.jpg\"><img loading=\"lazy\" decoding=\"async\" width=\"1024\" height=\"729\" data-id=\"279309\" src=\"https:\/\/www.autocritica.ro\/wp-content\/uploads\/2026\/04\/A260689_large-1024x729.jpg\" alt=\"\" class=\"wp-image-279309\" srcset=\"https:\/\/www.autocritica.ro\/wp-content\/uploads\/2026\/04\/A260689_large-1024x729.jpg 1024w, https:\/\/www.autocritica.ro\/wp-content\/uploads\/2026\/04\/A260689_large-300x214.jpg 300w, https:\/\/www.autocritica.ro\/wp-content\/uploads\/2026\/04\/A260689_large-768x547.jpg 768w, https:\/\/www.autocritica.ro\/wp-content\/uploads\/2026\/04\/A260689_large-1536x1094.jpg 1536w, https:\/\/www.autocritica.ro\/wp-content\/uploads\/2026\/04\/A260689_large-2048x1459.jpg 2048w\" sizes=\"auto, (max-width: 1024px) 100vw, 1024px\" \/><\/a><\/figure>\n\n\n\n<figure class=\"wp-block-image size-large\"><a href=\"https:\/\/www.autocritica.ro\/wp-content\/uploads\/2026\/04\/A260692_large.jpg\" data-lbwps-width=\"2088\" data-lbwps-height=\"1492\" data-lbwps-srcsmall=\"https:\/\/www.autocritica.ro\/wp-content\/uploads\/2026\/04\/A260692_large-300x214.jpg\"><img loading=\"lazy\" decoding=\"async\" width=\"1024\" height=\"732\" data-id=\"279310\" src=\"https:\/\/www.autocritica.ro\/wp-content\/uploads\/2026\/04\/A260692_large-1024x732.jpg\" alt=\"\" class=\"wp-image-279310\" srcset=\"https:\/\/www.autocritica.ro\/wp-content\/uploads\/2026\/04\/A260692_large-1024x732.jpg 1024w, https:\/\/www.autocritica.ro\/wp-content\/uploads\/2026\/04\/A260692_large-300x214.jpg 300w, https:\/\/www.autocritica.ro\/wp-content\/uploads\/2026\/04\/A260692_large-768x549.jpg 768w, https:\/\/www.autocritica.ro\/wp-content\/uploads\/2026\/04\/A260692_large-1536x1098.jpg 1536w, https:\/\/www.autocritica.ro\/wp-content\/uploads\/2026\/04\/A260692_large-2048x1463.jpg 2048w\" sizes=\"auto, (max-width: 1024px) 100vw, 1024px\" \/><\/a><\/figure>\n\n\n\n<figure class=\"wp-block-image size-large\"><a href=\"https:\/\/www.autocritica.ro\/wp-content\/uploads\/2026\/04\/A260699_large.jpg\" data-lbwps-width=\"1867\" data-lbwps-height=\"1338\" data-lbwps-srcsmall=\"https:\/\/www.autocritica.ro\/wp-content\/uploads\/2026\/04\/A260699_large-300x215.jpg\"><img loading=\"lazy\" decoding=\"async\" width=\"1024\" height=\"734\" data-id=\"279316\" src=\"https:\/\/www.autocritica.ro\/wp-content\/uploads\/2026\/04\/A260699_large-1024x734.jpg\" alt=\"\" class=\"wp-image-279316\" srcset=\"https:\/\/www.autocritica.ro\/wp-content\/uploads\/2026\/04\/A260699_large-1024x734.jpg 1024w, https:\/\/www.autocritica.ro\/wp-content\/uploads\/2026\/04\/A260699_large-300x215.jpg 300w, https:\/\/www.autocritica.ro\/wp-content\/uploads\/2026\/04\/A260699_large-768x550.jpg 768w, https:\/\/www.autocritica.ro\/wp-content\/uploads\/2026\/04\/A260699_large-1536x1101.jpg 1536w, https:\/\/www.autocritica.ro\/wp-content\/uploads\/2026\/04\/A260699_large.jpg 1867w\" sizes=\"auto, (max-width: 1024px) 100vw, 1024px\" \/><\/a><\/figure>\n\n\n\n<figure class=\"wp-block-image size-large\"><a href=\"https:\/\/www.autocritica.ro\/wp-content\/uploads\/2026\/04\/A260703_large.jpg\" data-lbwps-width=\"2880\" data-lbwps-height=\"2055\" data-lbwps-srcsmall=\"https:\/\/www.autocritica.ro\/wp-content\/uploads\/2026\/04\/A260703_large-300x214.jpg\"><img loading=\"lazy\" decoding=\"async\" width=\"1024\" height=\"731\" data-id=\"279318\" src=\"https:\/\/www.autocritica.ro\/wp-content\/uploads\/2026\/04\/A260703_large-1024x731.jpg\" alt=\"\" class=\"wp-image-279318\" srcset=\"https:\/\/www.autocritica.ro\/wp-content\/uploads\/2026\/04\/A260703_large-1024x731.jpg 1024w, https:\/\/www.autocritica.ro\/wp-content\/uploads\/2026\/04\/A260703_large-300x214.jpg 300w, https:\/\/www.autocritica.ro\/wp-content\/uploads\/2026\/04\/A260703_large-768x548.jpg 768w, https:\/\/www.autocritica.ro\/wp-content\/uploads\/2026\/04\/A260703_large-1536x1096.jpg 1536w, https:\/\/www.autocritica.ro\/wp-content\/uploads\/2026\/04\/A260703_large-2048x1461.jpg 2048w\" sizes=\"auto, (max-width: 1024px) 100vw, 1024px\" \/><\/a><\/figure>\n\n\n\n<figure class=\"wp-block-image size-large\"><a href=\"https:\/\/www.autocritica.ro\/wp-content\/uploads\/2026\/04\/A260705_large.jpg\" data-lbwps-width=\"2412\" data-lbwps-height=\"1718\" data-lbwps-srcsmall=\"https:\/\/www.autocritica.ro\/wp-content\/uploads\/2026\/04\/A260705_large-300x214.jpg\"><img loading=\"lazy\" decoding=\"async\" width=\"1024\" height=\"729\" data-id=\"279311\" src=\"https:\/\/www.autocritica.ro\/wp-content\/uploads\/2026\/04\/A260705_large-1024x729.jpg\" alt=\"\" class=\"wp-image-279311\" srcset=\"https:\/\/www.autocritica.ro\/wp-content\/uploads\/2026\/04\/A260705_large-1024x729.jpg 1024w, https:\/\/www.autocritica.ro\/wp-content\/uploads\/2026\/04\/A260705_large-300x214.jpg 300w, https:\/\/www.autocritica.ro\/wp-content\/uploads\/2026\/04\/A260705_large-768x547.jpg 768w, https:\/\/www.autocritica.ro\/wp-content\/uploads\/2026\/04\/A260705_large-1536x1094.jpg 1536w, https:\/\/www.autocritica.ro\/wp-content\/uploads\/2026\/04\/A260705_large-2048x1459.jpg 2048w\" sizes=\"auto, (max-width: 1024px) 100vw, 1024px\" \/><\/a><\/figure>\n\n\n\n<figure class=\"wp-block-image size-large\"><a href=\"https:\/\/www.autocritica.ro\/wp-content\/uploads\/2026\/04\/A260707_large.jpg\" data-lbwps-width=\"1794\" data-lbwps-height=\"1346\" data-lbwps-srcsmall=\"https:\/\/www.autocritica.ro\/wp-content\/uploads\/2026\/04\/A260707_large-300x225.jpg\"><img loading=\"lazy\" decoding=\"async\" width=\"1024\" height=\"768\" data-id=\"279317\" src=\"https:\/\/www.autocritica.ro\/wp-content\/uploads\/2026\/04\/A260707_large-1024x768.jpg\" alt=\"\" class=\"wp-image-279317\" srcset=\"https:\/\/www.autocritica.ro\/wp-content\/uploads\/2026\/04\/A260707_large-1024x768.jpg 1024w, https:\/\/www.autocritica.ro\/wp-content\/uploads\/2026\/04\/A260707_large-300x225.jpg 300w, https:\/\/www.autocritica.ro\/wp-content\/uploads\/2026\/04\/A260707_large-768x576.jpg 768w, https:\/\/www.autocritica.ro\/wp-content\/uploads\/2026\/04\/A260707_large-1536x1152.jpg 1536w, https:\/\/www.autocritica.ro\/wp-content\/uploads\/2026\/04\/A260707_large.jpg 1794w\" sizes=\"auto, (max-width: 1024px) 100vw, 1024px\" \/><\/a><\/figure>\n\n\n\n<figure class=\"wp-block-image size-large\"><a href=\"https:\/\/www.autocritica.ro\/wp-content\/uploads\/2026\/04\/A260710_large.jpg\" data-lbwps-width=\"1741\" data-lbwps-height=\"1305\" data-lbwps-srcsmall=\"https:\/\/www.autocritica.ro\/wp-content\/uploads\/2026\/04\/A260710_large-300x225.jpg\"><img loading=\"lazy\" decoding=\"async\" width=\"1024\" height=\"768\" data-id=\"279312\" src=\"https:\/\/www.autocritica.ro\/wp-content\/uploads\/2026\/04\/A260710_large-1024x768.jpg\" alt=\"\" class=\"wp-image-279312\" srcset=\"https:\/\/www.autocritica.ro\/wp-content\/uploads\/2026\/04\/A260710_large-1024x768.jpg 1024w, https:\/\/www.autocritica.ro\/wp-content\/uploads\/2026\/04\/A260710_large-300x225.jpg 300w, https:\/\/www.autocritica.ro\/wp-content\/uploads\/2026\/04\/A260710_large-768x576.jpg 768w, https:\/\/www.autocritica.ro\/wp-content\/uploads\/2026\/04\/A260710_large-1536x1151.jpg 1536w, https:\/\/www.autocritica.ro\/wp-content\/uploads\/2026\/04\/A260710_large.jpg 1741w\" sizes=\"auto, (max-width: 1024px) 100vw, 1024px\" \/><\/a><\/figure>\n\n\n\n<figure class=\"wp-block-image size-large\"><a href=\"https:\/\/www.autocritica.ro\/wp-content\/uploads\/2026\/04\/A260714_large.jpg\" data-lbwps-width=\"2135\" data-lbwps-height=\"1423\" data-lbwps-srcsmall=\"https:\/\/www.autocritica.ro\/wp-content\/uploads\/2026\/04\/A260714_large-300x200.jpg\"><img loading=\"lazy\" decoding=\"async\" width=\"1024\" height=\"683\" data-id=\"279321\" src=\"https:\/\/www.autocritica.ro\/wp-content\/uploads\/2026\/04\/A260714_large-1024x683.jpg\" alt=\"\" class=\"wp-image-279321\" srcset=\"https:\/\/www.autocritica.ro\/wp-content\/uploads\/2026\/04\/A260714_large-1024x683.jpg 1024w, https:\/\/www.autocritica.ro\/wp-content\/uploads\/2026\/04\/A260714_large-300x200.jpg 300w, https:\/\/www.autocritica.ro\/wp-content\/uploads\/2026\/04\/A260714_large-768x512.jpg 768w, https:\/\/www.autocritica.ro\/wp-content\/uploads\/2026\/04\/A260714_large-1536x1024.jpg 1536w, https:\/\/www.autocritica.ro\/wp-content\/uploads\/2026\/04\/A260714_large-2048x1365.jpg 2048w, https:\/\/www.autocritica.ro\/wp-content\/uploads\/2026\/04\/A260714_large-1200x800.jpg 1200w, https:\/\/www.autocritica.ro\/wp-content\/uploads\/2026\/04\/A260714_large-1000x666.jpg 1000w, https:\/\/www.autocritica.ro\/wp-content\/uploads\/2026\/04\/A260714_large-2000x1333.jpg 2000w\" sizes=\"auto, (max-width: 1024px) 100vw, 1024px\" \/><\/a><\/figure>\n<\/figure>\n","protected":false},"author":16,"featured_media":279319,"comment_status":"closed","ping_status":"closed","template":"","meta":{"_acf_changed":false,"footnotes":""},"tags":[30,2054,3420],"class_list":["post-279307","live-news","type-live-news","status-publish","has-post-thumbnail","hentry","tag-audi","tag-audi-q4-e-tron","tag-electrice-audi"],"acf":[],"yoast_head":"<!-- This site is optimized with the Yoast SEO Premium plugin v27.5 (Yoast SEO v27.5) - https:\/\/yoast.com\/product\/yoast-seo-premium-wordpress\/ -->\n<title>Facelift pentru Audi Q4 e-tron - Autocritica<\/title>\n<meta name=\"robots\" content=\"index, follow, max-snippet:-1, max-image-preview:large, max-video-preview:-1\" \/>\n<link rel=\"canonical\" href=\"https:\/\/www.autocritica.ro\/en\/live-news\/facelift-pentru-audi-q4-e-tron\/\" \/>\n<meta property=\"og:locale\" content=\"en_US\" \/>\n<meta property=\"og:type\" content=\"article\" \/>\n<meta property=\"og:title\" content=\"Facelift pentru Audi Q4 e-tron\" \/>\n<meta property=\"og:description\" content=\"\u2022 Audi a introdus un facelift pentru Q4 e-tron. \u2022 Cel mai v\u00e2ndut model electric Audi beneficiaz\u0103 de un design u\u0219or revizuit, un interior ref\u0103cut \u0219i\" \/>\n<meta property=\"og:url\" content=\"https:\/\/www.autocritica.ro\/en\/live-news\/facelift-pentru-audi-q4-e-tron\/\" \/>\n<meta property=\"og:site_name\" content=\"Autocritica\" \/>\n<meta property=\"article:publisher\" content=\"https:\/\/www.facebook.com\/autocritica.ro\" \/>\n<meta property=\"article:modified_time\" content=\"2026-04-27T11:56:03+00:00\" \/>\n<meta property=\"og:image\" content=\"https:\/\/www.autocritica.ro\/wp-content\/uploads\/2026\/04\/A260663_large.jpg\" \/>\n\t<meta property=\"og:image:width\" content=\"1732\" \/>\n\t<meta property=\"og:image:height\" content=\"1232\" \/>\n\t<meta property=\"og:image:type\" content=\"image\/jpeg\" \/>\n<meta name=\"twitter:card\" content=\"summary_large_image\" \/>\n<meta name=\"twitter:label1\" content=\"Est. reading time\" \/>\n\t<meta name=\"twitter:data1\" content=\"1 minute\" \/>\n<script type=\"application\/ld+json\" class=\"yoast-schema-graph\">{\"@context\":\"https:\\\/\\\/schema.org\",\"@graph\":[{\"@type\":\"WebPage\",\"@id\":\"https:\\\/\\\/www.autocritica.ro\\\/en\\\/live-news\\\/facelift-pentru-audi-q4-e-tron\\\/\",\"url\":\"https:\\\/\\\/www.autocritica.ro\\\/en\\\/live-news\\\/facelift-pentru-audi-q4-e-tron\\\/\",\"name\":\"Facelift pentru Audi Q4 e-tron - Autocritica\",\"isPartOf\":{\"@id\":\"https:\\\/\\\/www.autocritica.ro\\\/en\\\/#website\"},\"primaryImageOfPage\":{\"@id\":\"https:\\\/\\\/www.autocritica.ro\\\/en\\\/live-news\\\/facelift-pentru-audi-q4-e-tron\\\/#primaryimage\"},\"image\":{\"@id\":\"https:\\\/\\\/www.autocritica.ro\\\/en\\\/live-news\\\/facelift-pentru-audi-q4-e-tron\\\/#primaryimage\"},\"thumbnailUrl\":\"https:\\\/\\\/www.autocritica.ro\\\/wp-content\\\/uploads\\\/2026\\\/04\\\/A260663_large.jpg\",\"datePublished\":\"2026-04-27T11:53:53+00:00\",\"dateModified\":\"2026-04-27T11:56:03+00:00\",\"breadcrumb\":{\"@id\":\"https:\\\/\\\/www.autocritica.ro\\\/en\\\/live-news\\\/facelift-pentru-audi-q4-e-tron\\\/#breadcrumb\"},\"inLanguage\":\"en-US\",\"potentialAction\":[{\"@type\":\"ReadAction\",\"target\":[\"https:\\\/\\\/www.autocritica.ro\\\/en\\\/live-news\\\/facelift-pentru-audi-q4-e-tron\\\/\"]}]},{\"@type\":\"ImageObject\",\"inLanguage\":\"en-US\",\"@id\":\"https:\\\/\\\/www.autocritica.ro\\\/en\\\/live-news\\\/facelift-pentru-audi-q4-e-tron\\\/#primaryimage\",\"url\":\"https:\\\/\\\/www.autocritica.ro\\\/wp-content\\\/uploads\\\/2026\\\/04\\\/A260663_large.jpg\",\"contentUrl\":\"https:\\\/\\\/www.autocritica.ro\\\/wp-content\\\/uploads\\\/2026\\\/04\\\/A260663_large.jpg\",\"width\":1732,\"height\":1232},{\"@type\":\"BreadcrumbList\",\"@id\":\"https:\\\/\\\/www.autocritica.ro\\\/en\\\/live-news\\\/facelift-pentru-audi-q4-e-tron\\\/#breadcrumb\",\"itemListElement\":[{\"@type\":\"ListItem\",\"position\":1,\"name\":\"Home\",\"item\":\"https:\\\/\\\/www.autocritica.ro\\\/en\\\/\"},{\"@type\":\"ListItem\",\"position\":2,\"name\":\"Live News\",\"item\":\"https:\\\/\\\/www.autocritica.ro\\\/en\\\/live-news\\\/\"},{\"@type\":\"ListItem\",\"position\":3,\"name\":\"Facelift pentru Audi Q4 e-tron\"}]},{\"@type\":\"WebSite\",\"@id\":\"https:\\\/\\\/www.autocritica.ro\\\/en\\\/#website\",\"url\":\"https:\\\/\\\/www.autocritica.ro\\\/en\\\/\",\"name\":\"Autocritica\",\"description\":\"\",\"publisher\":{\"@id\":\"https:\\\/\\\/www.autocritica.ro\\\/en\\\/#organization\"},\"potentialAction\":[{\"@type\":\"SearchAction\",\"target\":{\"@type\":\"EntryPoint\",\"urlTemplate\":\"https:\\\/\\\/www.autocritica.ro\\\/en\\\/?s={search_term_string}\"},\"query-input\":{\"@type\":\"PropertyValueSpecification\",\"valueRequired\":true,\"valueName\":\"search_term_string\"}}],\"inLanguage\":\"en-US\"},{\"@type\":\"Organization\",\"@id\":\"https:\\\/\\\/www.autocritica.ro\\\/en\\\/#organization\",\"name\":\"Autocritica\",\"url\":\"https:\\\/\\\/www.autocritica.ro\\\/en\\\/\",\"logo\":{\"@type\":\"ImageObject\",\"inLanguage\":\"en-US\",\"@id\":\"https:\\\/\\\/www.autocritica.ro\\\/en\\\/#\\\/schema\\\/logo\\\/image\\\/\",\"url\":\"https:\\\/\\\/www.autocritica.ro\\\/wp-content\\\/uploads\\\/2020\\\/12\\\/logo-negru.png\",\"contentUrl\":\"https:\\\/\\\/www.autocritica.ro\\\/wp-content\\\/uploads\\\/2020\\\/12\\\/logo-negru.png\",\"width\":300,\"height\":102,\"caption\":\"Autocritica\"},\"image\":{\"@id\":\"https:\\\/\\\/www.autocritica.ro\\\/en\\\/#\\\/schema\\\/logo\\\/image\\\/\"},\"sameAs\":[\"https:\\\/\\\/www.facebook.com\\\/autocritica.ro\",\"https:\\\/\\\/www.instagram.com\\\/autocritica.ro\\\/\"]}]}<\/script>\n<!-- \/ Yoast SEO Premium plugin. -->","yoast_head_json":{"title":"Facelift pentru Audi Q4 e-tron - Autocritica","robots":{"index":"index","follow":"follow","max-snippet":"max-snippet:-1","max-image-preview":"max-image-preview:large","max-video-preview":"max-video-preview:-1"},"canonical":"https:\/\/www.autocritica.ro\/en\/live-news\/facelift-pentru-audi-q4-e-tron\/","og_locale":"en_US","og_type":"article","og_title":"Facelift pentru Audi Q4 e-tron","og_description":"\u2022 Audi a introdus un facelift pentru Q4 e-tron. \u2022 Cel mai v\u00e2ndut model electric Audi beneficiaz\u0103 de un design u\u0219or revizuit, un interior ref\u0103cut \u0219i","og_url":"https:\/\/www.autocritica.ro\/en\/live-news\/facelift-pentru-audi-q4-e-tron\/","og_site_name":"Autocritica","article_publisher":"https:\/\/www.facebook.com\/autocritica.ro","article_modified_time":"2026-04-27T11:56:03+00:00","og_image":[{"width":1732,"height":1232,"url":"https:\/\/www.autocritica.ro\/wp-content\/uploads\/2026\/04\/A260663_large.jpg","type":"image\/jpeg"}],"twitter_card":"summary_large_image","twitter_misc":{"Est. reading time":"1 minute"},"schema":{"@context":"https:\/\/schema.org","@graph":[{"@type":"WebPage","@id":"https:\/\/www.autocritica.ro\/en\/live-news\/facelift-pentru-audi-q4-e-tron\/","url":"https:\/\/www.autocritica.ro\/en\/live-news\/facelift-pentru-audi-q4-e-tron\/","name":"Facelift pentru Audi Q4 e-tron - Autocritica","isPartOf":{"@id":"https:\/\/www.autocritica.ro\/en\/#website"},"primaryImageOfPage":{"@id":"https:\/\/www.autocritica.ro\/en\/live-news\/facelift-pentru-audi-q4-e-tron\/#primaryimage"},"image":{"@id":"https:\/\/www.autocritica.ro\/en\/live-news\/facelift-pentru-audi-q4-e-tron\/#primaryimage"},"thumbnailUrl":"https:\/\/www.autocritica.ro\/wp-content\/uploads\/2026\/04\/A260663_large.jpg","datePublished":"2026-04-27T11:53:53+00:00","dateModified":"2026-04-27T11:56:03+00:00","breadcrumb":{"@id":"https:\/\/www.autocritica.ro\/en\/live-news\/facelift-pentru-audi-q4-e-tron\/#breadcrumb"},"inLanguage":"en-US","potentialAction":[{"@type":"ReadAction","target":["https:\/\/www.autocritica.ro\/en\/live-news\/facelift-pentru-audi-q4-e-tron\/"]}]},{"@type":"ImageObject","inLanguage":"en-US","@id":"https:\/\/www.autocritica.ro\/en\/live-news\/facelift-pentru-audi-q4-e-tron\/#primaryimage","url":"https:\/\/www.autocritica.ro\/wp-content\/uploads\/2026\/04\/A260663_large.jpg","contentUrl":"https:\/\/www.autocritica.ro\/wp-content\/uploads\/2026\/04\/A260663_large.jpg","width":1732,"height":1232},{"@type":"BreadcrumbList","@id":"https:\/\/www.autocritica.ro\/en\/live-news\/facelift-pentru-audi-q4-e-tron\/#breadcrumb","itemListElement":[{"@type":"ListItem","position":1,"name":"Home","item":"https:\/\/www.autocritica.ro\/en\/"},{"@type":"ListItem","position":2,"name":"Live News","item":"https:\/\/www.autocritica.ro\/en\/live-news\/"},{"@type":"ListItem","position":3,"name":"Facelift pentru Audi Q4 e-tron"}]},{"@type":"WebSite","@id":"https:\/\/www.autocritica.ro\/en\/#website","url":"https:\/\/www.autocritica.ro\/en\/","name":"Autocritica","description":"","publisher":{"@id":"https:\/\/www.autocritica.ro\/en\/#organization"},"potentialAction":[{"@type":"SearchAction","target":{"@type":"EntryPoint","urlTemplate":"https:\/\/www.autocritica.ro\/en\/?s={search_term_string}"},"query-input":{"@type":"PropertyValueSpecification","valueRequired":true,"valueName":"search_term_string"}}],"inLanguage":"en-US"},{"@type":"Organization","@id":"https:\/\/www.autocritica.ro\/en\/#organization","name":"Autocritica","url":"https:\/\/www.autocritica.ro\/en\/","logo":{"@type":"ImageObject","inLanguage":"en-US","@id":"https:\/\/www.autocritica.ro\/en\/#\/schema\/logo\/image\/","url":"https:\/\/www.autocritica.ro\/wp-content\/uploads\/2020\/12\/logo-negru.png","contentUrl":"https:\/\/www.autocritica.ro\/wp-content\/uploads\/2020\/12\/logo-negru.png","width":300,"height":102,"caption":"Autocritica"},"image":{"@id":"https:\/\/www.autocritica.ro\/en\/#\/schema\/logo\/image\/"},"sameAs":["https:\/\/www.facebook.com\/autocritica.ro","https:\/\/www.instagram.com\/autocritica.ro\/"]}]}},"_links":{"self":[{"href":"https:\/\/www.autocritica.ro\/en\/wp-json\/wp\/v2\/live-news\/279307","targetHints":{"allow":["GET"]}}],"collection":[{"href":"https:\/\/www.autocritica.ro\/en\/wp-json\/wp\/v2\/live-news"}],"about":[{"href":"https:\/\/www.autocritica.ro\/en\/wp-json\/wp\/v2\/types\/live-news"}],"author":[{"embeddable":true,"href":"https:\/\/www.autocritica.ro\/en\/wp-json\/wp\/v2\/users\/16"}],"replies":[{"embeddable":true,"href":"https:\/\/www.autocritica.ro\/en\/wp-json\/wp\/v2\/comments?post=279307"}],"version-history":[{"count":3,"href":"https:\/\/www.autocritica.ro\/en\/wp-json\/wp\/v2\/live-news\/279307\/revisions"}],"predecessor-version":[{"id":279327,"href":"https:\/\/www.autocritica.ro\/en\/wp-json\/wp\/v2\/live-news\/279307\/revisions\/279327"}],"wp:featuredmedia":[{"embeddable":true,"href":"https:\/\/www.autocritica.ro\/en\/wp-json\/wp\/v2\/media\/279319"}],"wp:attachment":[{"href":"https:\/\/www.autocritica.ro\/en\/wp-json\/wp\/v2\/media?parent=279307"}],"wp:term":[{"taxonomy":"post_tag","embeddable":true,"href":"https:\/\/www.autocritica.ro\/en\/wp-json\/wp\/v2\/tags?post=279307"}],"curies":[{"name":"wp","href":"https:\/\/api.w.org\/{rel}","templated":true}]}}