{"id":279265,"date":"2026-04-27T12:23:17","date_gmt":"2026-04-27T09:23:17","guid":{"rendered":"https:\/\/www.autocritica.ro\/?post_type=live-news&#038;p=279265"},"modified":"2026-04-27T12:24:04","modified_gmt":"2026-04-27T09:24:04","slug":"noul-suv-electric-audi-e7x","status":"publish","type":"live-news","link":"https:\/\/www.autocritica.ro\/en\/live-news\/noul-suv-electric-audi-e7x\/","title":{"rendered":"Noul SUV electric AUDI E7X"},"content":{"rendered":"\n<p>\u2022 Audi a prezentat noul model electric AUDI E7X la Salonul Auto de la Beijing.<\/p>\n\n\n\n<p>\u2022 AUDI este brandul sub care constructorul german comercializeaz\u0103 ma\u0219ini electrificate pe pia\u021ba din China.<\/p>\n\n\n\n<p>\u2022 Noul AUDI E7X este al doilea model rezultat \u00een urma colabor\u0103rii dintre Audi \u0219i constructorul chinez SAIC, dup\u0103 AUDI E5 Sportback (prezentat anul trecut).<\/p>\n\n\n\n<p>\u2022 SUV-ul electric E7X este dezvoltat pe o arhitectur\u0103 la 900 de vol\u021bi \u0219i este disponibil \u00een dou\u0103 versiuni:<\/p>\n\n\n\n<p>&#8211; 407 CP \u0219i ro\u021bi motrice spate<\/p>\n\n\n\n<p>&#8211; 680 CP \u0219i trac\u021biune integral\u0103<\/p>\n\n\n\n<p>\u2022 Dou\u0103 op\u021biuni pentru baterie: 100 \u0219i 109 kWh (brut).<\/p>\n\n\n\n<p>\u2022 Autonomie maxim\u0103 de 750 de kilometri (\u00een regim CLTC). \u00cenc\u0103rcare rapid\u0103 10-80% \u00een 13 minute.<\/p>\n\n\n\n<p>\u2022 Via: Audi<\/p>\n\n\n\n<figure class=\"wp-block-gallery has-nested-images columns-default is-cropped wp-block-gallery-1 is-layout-flex wp-block-gallery-is-layout-flex\">\n<figure class=\"wp-block-image size-large\"><a href=\"https:\/\/www.autocritica.ro\/wp-content\/uploads\/2026\/04\/A260747_large.jpg\" data-lbwps-width=\"1594\" data-lbwps-height=\"1063\" data-lbwps-srcsmall=\"https:\/\/www.autocritica.ro\/wp-content\/uploads\/2026\/04\/A260747_large-300x200.jpg\"><img loading=\"lazy\" decoding=\"async\" width=\"1024\" height=\"683\" data-id=\"279268\" src=\"https:\/\/www.autocritica.ro\/wp-content\/uploads\/2026\/04\/A260747_large-1024x683.jpg\" alt=\"\" class=\"wp-image-279268\" srcset=\"https:\/\/www.autocritica.ro\/wp-content\/uploads\/2026\/04\/A260747_large-1024x683.jpg 1024w, https:\/\/www.autocritica.ro\/wp-content\/uploads\/2026\/04\/A260747_large-300x200.jpg 300w, https:\/\/www.autocritica.ro\/wp-content\/uploads\/2026\/04\/A260747_large-768x512.jpg 768w, https:\/\/www.autocritica.ro\/wp-content\/uploads\/2026\/04\/A260747_large-1536x1024.jpg 1536w, https:\/\/www.autocritica.ro\/wp-content\/uploads\/2026\/04\/A260747_large-1200x800.jpg 1200w, https:\/\/www.autocritica.ro\/wp-content\/uploads\/2026\/04\/A260747_large-1000x666.jpg 1000w, https:\/\/www.autocritica.ro\/wp-content\/uploads\/2026\/04\/A260747_large.jpg 1594w\" sizes=\"auto, (max-width: 1024px) 100vw, 1024px\" \/><\/a><\/figure>\n\n\n\n<figure class=\"wp-block-image size-large\"><a href=\"https:\/\/www.autocritica.ro\/wp-content\/uploads\/2026\/04\/A260769_large.jpg\" data-lbwps-width=\"1429\" data-lbwps-height=\"1051\" data-lbwps-srcsmall=\"https:\/\/www.autocritica.ro\/wp-content\/uploads\/2026\/04\/A260769_large-300x221.jpg\"><img loading=\"lazy\" decoding=\"async\" width=\"1024\" height=\"753\" data-id=\"279269\" src=\"https:\/\/www.autocritica.ro\/wp-content\/uploads\/2026\/04\/A260769_large-1024x753.jpg\" alt=\"\" class=\"wp-image-279269\" srcset=\"https:\/\/www.autocritica.ro\/wp-content\/uploads\/2026\/04\/A260769_large-1024x753.jpg 1024w, https:\/\/www.autocritica.ro\/wp-content\/uploads\/2026\/04\/A260769_large-300x221.jpg 300w, https:\/\/www.autocritica.ro\/wp-content\/uploads\/2026\/04\/A260769_large-768x565.jpg 768w, https:\/\/www.autocritica.ro\/wp-content\/uploads\/2026\/04\/A260769_large.jpg 1429w\" sizes=\"auto, (max-width: 1024px) 100vw, 1024px\" \/><\/a><\/figure>\n\n\n\n<figure class=\"wp-block-image size-large\"><a href=\"https:\/\/www.autocritica.ro\/wp-content\/uploads\/2026\/04\/A260770_large.jpg\" data-lbwps-width=\"1541\" data-lbwps-height=\"1156\" data-lbwps-srcsmall=\"https:\/\/www.autocritica.ro\/wp-content\/uploads\/2026\/04\/A260770_large-300x225.jpg\"><img loading=\"lazy\" decoding=\"async\" width=\"1024\" height=\"768\" data-id=\"279271\" src=\"https:\/\/www.autocritica.ro\/wp-content\/uploads\/2026\/04\/A260770_large-1024x768.jpg\" alt=\"\" class=\"wp-image-279271\" srcset=\"https:\/\/www.autocritica.ro\/wp-content\/uploads\/2026\/04\/A260770_large-1024x768.jpg 1024w, https:\/\/www.autocritica.ro\/wp-content\/uploads\/2026\/04\/A260770_large-300x225.jpg 300w, https:\/\/www.autocritica.ro\/wp-content\/uploads\/2026\/04\/A260770_large-768x576.jpg 768w, https:\/\/www.autocritica.ro\/wp-content\/uploads\/2026\/04\/A260770_large-1536x1152.jpg 1536w, https:\/\/www.autocritica.ro\/wp-content\/uploads\/2026\/04\/A260770_large.jpg 1541w\" sizes=\"auto, (max-width: 1024px) 100vw, 1024px\" \/><\/a><\/figure>\n\n\n\n<figure class=\"wp-block-image size-large\"><a href=\"https:\/\/www.autocritica.ro\/wp-content\/uploads\/2026\/04\/A260774_large.jpg\" data-lbwps-width=\"1615\" data-lbwps-height=\"1076\" data-lbwps-srcsmall=\"https:\/\/www.autocritica.ro\/wp-content\/uploads\/2026\/04\/A260774_large-300x200.jpg\"><img loading=\"lazy\" decoding=\"async\" width=\"1024\" height=\"682\" data-id=\"279267\" src=\"https:\/\/www.autocritica.ro\/wp-content\/uploads\/2026\/04\/A260774_large-1024x682.jpg\" alt=\"\" class=\"wp-image-279267\" srcset=\"https:\/\/www.autocritica.ro\/wp-content\/uploads\/2026\/04\/A260774_large-1024x682.jpg 1024w, https:\/\/www.autocritica.ro\/wp-content\/uploads\/2026\/04\/A260774_large-300x200.jpg 300w, https:\/\/www.autocritica.ro\/wp-content\/uploads\/2026\/04\/A260774_large-768x512.jpg 768w, https:\/\/www.autocritica.ro\/wp-content\/uploads\/2026\/04\/A260774_large-1536x1023.jpg 1536w, https:\/\/www.autocritica.ro\/wp-content\/uploads\/2026\/04\/A260774_large-1200x800.jpg 1200w, https:\/\/www.autocritica.ro\/wp-content\/uploads\/2026\/04\/A260774_large-1000x666.jpg 1000w, https:\/\/www.autocritica.ro\/wp-content\/uploads\/2026\/04\/A260774_large.jpg 1615w\" sizes=\"auto, (max-width: 1024px) 100vw, 1024px\" \/><\/a><\/figure>\n\n\n\n<figure class=\"wp-block-image size-large\"><a href=\"https:\/\/www.autocritica.ro\/wp-content\/uploads\/2026\/04\/A260775_large.jpg\" data-lbwps-width=\"1739\" data-lbwps-height=\"1046\" data-lbwps-srcsmall=\"https:\/\/www.autocritica.ro\/wp-content\/uploads\/2026\/04\/A260775_large-300x180.jpg\"><img loading=\"lazy\" decoding=\"async\" width=\"1024\" height=\"616\" data-id=\"279274\" src=\"https:\/\/www.autocritica.ro\/wp-content\/uploads\/2026\/04\/A260775_large-1024x616.jpg\" alt=\"\" class=\"wp-image-279274\" srcset=\"https:\/\/www.autocritica.ro\/wp-content\/uploads\/2026\/04\/A260775_large-1024x616.jpg 1024w, https:\/\/www.autocritica.ro\/wp-content\/uploads\/2026\/04\/A260775_large-300x180.jpg 300w, https:\/\/www.autocritica.ro\/wp-content\/uploads\/2026\/04\/A260775_large-768x462.jpg 768w, https:\/\/www.autocritica.ro\/wp-content\/uploads\/2026\/04\/A260775_large-1536x924.jpg 1536w, https:\/\/www.autocritica.ro\/wp-content\/uploads\/2026\/04\/A260775_large.jpg 1739w\" sizes=\"auto, (max-width: 1024px) 100vw, 1024px\" \/><\/a><\/figure>\n\n\n\n<figure class=\"wp-block-image size-large\"><a href=\"https:\/\/www.autocritica.ro\/wp-content\/uploads\/2026\/04\/A260776_large.jpg\" data-lbwps-width=\"1856\" data-lbwps-height=\"1043\" data-lbwps-srcsmall=\"https:\/\/www.autocritica.ro\/wp-content\/uploads\/2026\/04\/A260776_large-300x169.jpg\"><img loading=\"lazy\" decoding=\"async\" width=\"1024\" height=\"575\" data-id=\"279275\" src=\"https:\/\/www.autocritica.ro\/wp-content\/uploads\/2026\/04\/A260776_large-1024x575.jpg\" alt=\"\" class=\"wp-image-279275\" srcset=\"https:\/\/www.autocritica.ro\/wp-content\/uploads\/2026\/04\/A260776_large-1024x575.jpg 1024w, https:\/\/www.autocritica.ro\/wp-content\/uploads\/2026\/04\/A260776_large-300x169.jpg 300w, https:\/\/www.autocritica.ro\/wp-content\/uploads\/2026\/04\/A260776_large-768x432.jpg 768w, https:\/\/www.autocritica.ro\/wp-content\/uploads\/2026\/04\/A260776_large-1536x863.jpg 1536w, https:\/\/www.autocritica.ro\/wp-content\/uploads\/2026\/04\/A260776_large.jpg 1856w\" sizes=\"auto, (max-width: 1024px) 100vw, 1024px\" \/><\/a><\/figure>\n\n\n\n<figure class=\"wp-block-image size-large\"><a href=\"https:\/\/www.autocritica.ro\/wp-content\/uploads\/2026\/04\/A260777_large.jpg\" data-lbwps-width=\"1696\" data-lbwps-height=\"1131\" data-lbwps-srcsmall=\"https:\/\/www.autocritica.ro\/wp-content\/uploads\/2026\/04\/A260777_large-300x200.jpg\"><img loading=\"lazy\" decoding=\"async\" width=\"1024\" height=\"683\" data-id=\"279276\" src=\"https:\/\/www.autocritica.ro\/wp-content\/uploads\/2026\/04\/A260777_large-1024x683.jpg\" alt=\"\" class=\"wp-image-279276\" srcset=\"https:\/\/www.autocritica.ro\/wp-content\/uploads\/2026\/04\/A260777_large-1024x683.jpg 1024w, https:\/\/www.autocritica.ro\/wp-content\/uploads\/2026\/04\/A260777_large-300x200.jpg 300w, https:\/\/www.autocritica.ro\/wp-content\/uploads\/2026\/04\/A260777_large-768x512.jpg 768w, https:\/\/www.autocritica.ro\/wp-content\/uploads\/2026\/04\/A260777_large-1536x1024.jpg 1536w, https:\/\/www.autocritica.ro\/wp-content\/uploads\/2026\/04\/A260777_large-1200x800.jpg 1200w, https:\/\/www.autocritica.ro\/wp-content\/uploads\/2026\/04\/A260777_large-1000x666.jpg 1000w, https:\/\/www.autocritica.ro\/wp-content\/uploads\/2026\/04\/A260777_large.jpg 1696w\" sizes=\"auto, (max-width: 1024px) 100vw, 1024px\" \/><\/a><\/figure>\n\n\n\n<figure class=\"wp-block-image size-large\"><a href=\"https:\/\/www.autocritica.ro\/wp-content\/uploads\/2026\/04\/A260807_large.jpg\" data-lbwps-width=\"1600\" data-lbwps-height=\"900\" data-lbwps-srcsmall=\"https:\/\/www.autocritica.ro\/wp-content\/uploads\/2026\/04\/A260807_large-300x169.jpg\"><img loading=\"lazy\" decoding=\"async\" width=\"1024\" height=\"576\" data-id=\"279277\" src=\"https:\/\/www.autocritica.ro\/wp-content\/uploads\/2026\/04\/A260807_large-1024x576.jpg\" alt=\"\" class=\"wp-image-279277\" srcset=\"https:\/\/www.autocritica.ro\/wp-content\/uploads\/2026\/04\/A260807_large-1024x576.jpg 1024w, https:\/\/www.autocritica.ro\/wp-content\/uploads\/2026\/04\/A260807_large-300x169.jpg 300w, https:\/\/www.autocritica.ro\/wp-content\/uploads\/2026\/04\/A260807_large-768x432.jpg 768w, https:\/\/www.autocritica.ro\/wp-content\/uploads\/2026\/04\/A260807_large-1536x864.jpg 1536w, https:\/\/www.autocritica.ro\/wp-content\/uploads\/2026\/04\/A260807_large.jpg 1600w\" sizes=\"auto, (max-width: 1024px) 100vw, 1024px\" \/><\/a><\/figure>\n<\/figure>\n","protected":false},"author":16,"featured_media":279268,"comment_status":"closed","ping_status":"closed","template":"","meta":{"_acf_changed":false,"footnotes":""},"tags":[30,6646,3420],"class_list":["post-279265","live-news","type-live-news","status-publish","has-post-thumbnail","hentry","tag-audi","tag-audi-e7x","tag-electrice-audi"],"acf":[],"yoast_head":"<!-- This site is optimized with the Yoast SEO Premium plugin v27.5 (Yoast SEO v27.5) - https:\/\/yoast.com\/product\/yoast-seo-premium-wordpress\/ -->\n<title>Noul SUV electric AUDI E7X - Autocritica<\/title>\n<meta name=\"robots\" content=\"index, follow, max-snippet:-1, max-image-preview:large, max-video-preview:-1\" \/>\n<link rel=\"canonical\" href=\"https:\/\/www.autocritica.ro\/en\/live-news\/noul-suv-electric-audi-e7x\/\" \/>\n<meta property=\"og:locale\" content=\"en_US\" \/>\n<meta property=\"og:type\" content=\"article\" \/>\n<meta property=\"og:title\" content=\"Noul SUV electric AUDI E7X\" \/>\n<meta property=\"og:description\" content=\"\u2022 Audi a prezentat noul model electric AUDI E7X la Salonul Auto de la Beijing. \u2022 AUDI este brandul sub care constructorul german comercializeaz\u0103 ma\u0219ini\" \/>\n<meta property=\"og:url\" content=\"https:\/\/www.autocritica.ro\/en\/live-news\/noul-suv-electric-audi-e7x\/\" \/>\n<meta property=\"og:site_name\" content=\"Autocritica\" \/>\n<meta property=\"article:publisher\" content=\"https:\/\/www.facebook.com\/autocritica.ro\" \/>\n<meta property=\"article:modified_time\" content=\"2026-04-27T09:24:04+00:00\" \/>\n<meta property=\"og:image\" content=\"https:\/\/www.autocritica.ro\/wp-content\/uploads\/2026\/04\/A260747_large.jpg\" \/>\n\t<meta property=\"og:image:width\" content=\"1594\" \/>\n\t<meta property=\"og:image:height\" content=\"1063\" \/>\n\t<meta property=\"og:image:type\" content=\"image\/jpeg\" \/>\n<meta name=\"twitter:card\" content=\"summary_large_image\" \/>\n<meta name=\"twitter:label1\" content=\"Est. reading time\" \/>\n\t<meta name=\"twitter:data1\" content=\"1 minute\" \/>\n<script type=\"application\/ld+json\" class=\"yoast-schema-graph\">{\"@context\":\"https:\\\/\\\/schema.org\",\"@graph\":[{\"@type\":\"WebPage\",\"@id\":\"https:\\\/\\\/www.autocritica.ro\\\/en\\\/live-news\\\/noul-suv-electric-audi-e7x\\\/\",\"url\":\"https:\\\/\\\/www.autocritica.ro\\\/en\\\/live-news\\\/noul-suv-electric-audi-e7x\\\/\",\"name\":\"Noul SUV electric AUDI E7X - Autocritica\",\"isPartOf\":{\"@id\":\"https:\\\/\\\/www.autocritica.ro\\\/en\\\/#website\"},\"primaryImageOfPage\":{\"@id\":\"https:\\\/\\\/www.autocritica.ro\\\/en\\\/live-news\\\/noul-suv-electric-audi-e7x\\\/#primaryimage\"},\"image\":{\"@id\":\"https:\\\/\\\/www.autocritica.ro\\\/en\\\/live-news\\\/noul-suv-electric-audi-e7x\\\/#primaryimage\"},\"thumbnailUrl\":\"https:\\\/\\\/www.autocritica.ro\\\/wp-content\\\/uploads\\\/2026\\\/04\\\/A260747_large.jpg\",\"datePublished\":\"2026-04-27T09:23:17+00:00\",\"dateModified\":\"2026-04-27T09:24:04+00:00\",\"breadcrumb\":{\"@id\":\"https:\\\/\\\/www.autocritica.ro\\\/en\\\/live-news\\\/noul-suv-electric-audi-e7x\\\/#breadcrumb\"},\"inLanguage\":\"en-US\",\"potentialAction\":[{\"@type\":\"ReadAction\",\"target\":[\"https:\\\/\\\/www.autocritica.ro\\\/en\\\/live-news\\\/noul-suv-electric-audi-e7x\\\/\"]}]},{\"@type\":\"ImageObject\",\"inLanguage\":\"en-US\",\"@id\":\"https:\\\/\\\/www.autocritica.ro\\\/en\\\/live-news\\\/noul-suv-electric-audi-e7x\\\/#primaryimage\",\"url\":\"https:\\\/\\\/www.autocritica.ro\\\/wp-content\\\/uploads\\\/2026\\\/04\\\/A260747_large.jpg\",\"contentUrl\":\"https:\\\/\\\/www.autocritica.ro\\\/wp-content\\\/uploads\\\/2026\\\/04\\\/A260747_large.jpg\",\"width\":1594,\"height\":1063},{\"@type\":\"BreadcrumbList\",\"@id\":\"https:\\\/\\\/www.autocritica.ro\\\/en\\\/live-news\\\/noul-suv-electric-audi-e7x\\\/#breadcrumb\",\"itemListElement\":[{\"@type\":\"ListItem\",\"position\":1,\"name\":\"Home\",\"item\":\"https:\\\/\\\/www.autocritica.ro\\\/en\\\/\"},{\"@type\":\"ListItem\",\"position\":2,\"name\":\"Live News\",\"item\":\"https:\\\/\\\/www.autocritica.ro\\\/en\\\/live-news\\\/\"},{\"@type\":\"ListItem\",\"position\":3,\"name\":\"Noul SUV electric AUDI E7X\"}]},{\"@type\":\"WebSite\",\"@id\":\"https:\\\/\\\/www.autocritica.ro\\\/en\\\/#website\",\"url\":\"https:\\\/\\\/www.autocritica.ro\\\/en\\\/\",\"name\":\"Autocritica\",\"description\":\"\",\"publisher\":{\"@id\":\"https:\\\/\\\/www.autocritica.ro\\\/en\\\/#organization\"},\"potentialAction\":[{\"@type\":\"SearchAction\",\"target\":{\"@type\":\"EntryPoint\",\"urlTemplate\":\"https:\\\/\\\/www.autocritica.ro\\\/en\\\/?s={search_term_string}\"},\"query-input\":{\"@type\":\"PropertyValueSpecification\",\"valueRequired\":true,\"valueName\":\"search_term_string\"}}],\"inLanguage\":\"en-US\"},{\"@type\":\"Organization\",\"@id\":\"https:\\\/\\\/www.autocritica.ro\\\/en\\\/#organization\",\"name\":\"Autocritica\",\"url\":\"https:\\\/\\\/www.autocritica.ro\\\/en\\\/\",\"logo\":{\"@type\":\"ImageObject\",\"inLanguage\":\"en-US\",\"@id\":\"https:\\\/\\\/www.autocritica.ro\\\/en\\\/#\\\/schema\\\/logo\\\/image\\\/\",\"url\":\"https:\\\/\\\/www.autocritica.ro\\\/wp-content\\\/uploads\\\/2020\\\/12\\\/logo-negru.png\",\"contentUrl\":\"https:\\\/\\\/www.autocritica.ro\\\/wp-content\\\/uploads\\\/2020\\\/12\\\/logo-negru.png\",\"width\":300,\"height\":102,\"caption\":\"Autocritica\"},\"image\":{\"@id\":\"https:\\\/\\\/www.autocritica.ro\\\/en\\\/#\\\/schema\\\/logo\\\/image\\\/\"},\"sameAs\":[\"https:\\\/\\\/www.facebook.com\\\/autocritica.ro\",\"https:\\\/\\\/www.instagram.com\\\/autocritica.ro\\\/\"]}]}<\/script>\n<!-- \/ Yoast SEO Premium plugin. -->","yoast_head_json":{"title":"Noul SUV electric AUDI E7X - Autocritica","robots":{"index":"index","follow":"follow","max-snippet":"max-snippet:-1","max-image-preview":"max-image-preview:large","max-video-preview":"max-video-preview:-1"},"canonical":"https:\/\/www.autocritica.ro\/en\/live-news\/noul-suv-electric-audi-e7x\/","og_locale":"en_US","og_type":"article","og_title":"Noul SUV electric AUDI E7X","og_description":"\u2022 Audi a prezentat noul model electric AUDI E7X la Salonul Auto de la Beijing. \u2022 AUDI este brandul sub care constructorul german comercializeaz\u0103 ma\u0219ini","og_url":"https:\/\/www.autocritica.ro\/en\/live-news\/noul-suv-electric-audi-e7x\/","og_site_name":"Autocritica","article_publisher":"https:\/\/www.facebook.com\/autocritica.ro","article_modified_time":"2026-04-27T09:24:04+00:00","og_image":[{"width":1594,"height":1063,"url":"https:\/\/www.autocritica.ro\/wp-content\/uploads\/2026\/04\/A260747_large.jpg","type":"image\/jpeg"}],"twitter_card":"summary_large_image","twitter_misc":{"Est. reading time":"1 minute"},"schema":{"@context":"https:\/\/schema.org","@graph":[{"@type":"WebPage","@id":"https:\/\/www.autocritica.ro\/en\/live-news\/noul-suv-electric-audi-e7x\/","url":"https:\/\/www.autocritica.ro\/en\/live-news\/noul-suv-electric-audi-e7x\/","name":"Noul SUV electric AUDI E7X - Autocritica","isPartOf":{"@id":"https:\/\/www.autocritica.ro\/en\/#website"},"primaryImageOfPage":{"@id":"https:\/\/www.autocritica.ro\/en\/live-news\/noul-suv-electric-audi-e7x\/#primaryimage"},"image":{"@id":"https:\/\/www.autocritica.ro\/en\/live-news\/noul-suv-electric-audi-e7x\/#primaryimage"},"thumbnailUrl":"https:\/\/www.autocritica.ro\/wp-content\/uploads\/2026\/04\/A260747_large.jpg","datePublished":"2026-04-27T09:23:17+00:00","dateModified":"2026-04-27T09:24:04+00:00","breadcrumb":{"@id":"https:\/\/www.autocritica.ro\/en\/live-news\/noul-suv-electric-audi-e7x\/#breadcrumb"},"inLanguage":"en-US","potentialAction":[{"@type":"ReadAction","target":["https:\/\/www.autocritica.ro\/en\/live-news\/noul-suv-electric-audi-e7x\/"]}]},{"@type":"ImageObject","inLanguage":"en-US","@id":"https:\/\/www.autocritica.ro\/en\/live-news\/noul-suv-electric-audi-e7x\/#primaryimage","url":"https:\/\/www.autocritica.ro\/wp-content\/uploads\/2026\/04\/A260747_large.jpg","contentUrl":"https:\/\/www.autocritica.ro\/wp-content\/uploads\/2026\/04\/A260747_large.jpg","width":1594,"height":1063},{"@type":"BreadcrumbList","@id":"https:\/\/www.autocritica.ro\/en\/live-news\/noul-suv-electric-audi-e7x\/#breadcrumb","itemListElement":[{"@type":"ListItem","position":1,"name":"Home","item":"https:\/\/www.autocritica.ro\/en\/"},{"@type":"ListItem","position":2,"name":"Live News","item":"https:\/\/www.autocritica.ro\/en\/live-news\/"},{"@type":"ListItem","position":3,"name":"Noul SUV electric AUDI E7X"}]},{"@type":"WebSite","@id":"https:\/\/www.autocritica.ro\/en\/#website","url":"https:\/\/www.autocritica.ro\/en\/","name":"Autocritica","description":"","publisher":{"@id":"https:\/\/www.autocritica.ro\/en\/#organization"},"potentialAction":[{"@type":"SearchAction","target":{"@type":"EntryPoint","urlTemplate":"https:\/\/www.autocritica.ro\/en\/?s={search_term_string}"},"query-input":{"@type":"PropertyValueSpecification","valueRequired":true,"valueName":"search_term_string"}}],"inLanguage":"en-US"},{"@type":"Organization","@id":"https:\/\/www.autocritica.ro\/en\/#organization","name":"Autocritica","url":"https:\/\/www.autocritica.ro\/en\/","logo":{"@type":"ImageObject","inLanguage":"en-US","@id":"https:\/\/www.autocritica.ro\/en\/#\/schema\/logo\/image\/","url":"https:\/\/www.autocritica.ro\/wp-content\/uploads\/2020\/12\/logo-negru.png","contentUrl":"https:\/\/www.autocritica.ro\/wp-content\/uploads\/2020\/12\/logo-negru.png","width":300,"height":102,"caption":"Autocritica"},"image":{"@id":"https:\/\/www.autocritica.ro\/en\/#\/schema\/logo\/image\/"},"sameAs":["https:\/\/www.facebook.com\/autocritica.ro","https:\/\/www.instagram.com\/autocritica.ro\/"]}]}},"_links":{"self":[{"href":"https:\/\/www.autocritica.ro\/en\/wp-json\/wp\/v2\/live-news\/279265","targetHints":{"allow":["GET"]}}],"collection":[{"href":"https:\/\/www.autocritica.ro\/en\/wp-json\/wp\/v2\/live-news"}],"about":[{"href":"https:\/\/www.autocritica.ro\/en\/wp-json\/wp\/v2\/types\/live-news"}],"author":[{"embeddable":true,"href":"https:\/\/www.autocritica.ro\/en\/wp-json\/wp\/v2\/users\/16"}],"replies":[{"embeddable":true,"href":"https:\/\/www.autocritica.ro\/en\/wp-json\/wp\/v2\/comments?post=279265"}],"version-history":[{"count":3,"href":"https:\/\/www.autocritica.ro\/en\/wp-json\/wp\/v2\/live-news\/279265\/revisions"}],"predecessor-version":[{"id":279281,"href":"https:\/\/www.autocritica.ro\/en\/wp-json\/wp\/v2\/live-news\/279265\/revisions\/279281"}],"wp:featuredmedia":[{"embeddable":true,"href":"https:\/\/www.autocritica.ro\/en\/wp-json\/wp\/v2\/media\/279268"}],"wp:attachment":[{"href":"https:\/\/www.autocritica.ro\/en\/wp-json\/wp\/v2\/media?parent=279265"}],"wp:term":[{"taxonomy":"post_tag","embeddable":true,"href":"https:\/\/www.autocritica.ro\/en\/wp-json\/wp\/v2\/tags?post=279265"}],"curies":[{"name":"wp","href":"https:\/\/api.w.org\/{rel}","templated":true}]}}