{"id":278800,"date":"2026-04-23T13:41:51","date_gmt":"2026-04-23T10:41:51","guid":{"rendered":"https:\/\/www.autocritica.ro\/?post_type=live-news&#038;p=278800"},"modified":"2026-04-23T13:43:25","modified_gmt":"2026-04-23T10:43:25","slug":"primul-art-car-bmw-expus-in-premiera-in-bucuresti","status":"publish","type":"live-news","link":"https:\/\/www.autocritica.ro\/en\/live-news\/primul-art-car-bmw-expus-in-premiera-in-bucuresti\/","title":{"rendered":"Primul Art Car BMW, expus \u00een premier\u0103 \u00een Bucure\u0219ti"},"content":{"rendered":"\n<p>\u2022 Primul Art Car BMW, un exemplar BMW 3.0 CSL, este expus \u00een premier\u0103 \u00een Rom\u00e2nia.<\/p>\n\n\n\n<p>\u2022 Art Car-ul a fost realizat \u00een 1975 \u0219i a luat na\u0219tere \u00een momentul \u00een care pilotul francez de curse \u0219i comerciantul de art\u0103 Herv\u00e9 Poulain, \u00eempreun\u0103 cu Jochen Neerpasch, pe atunci \u0219eful BMW Motorsport, i-au cerut prietenului lor artist, Alexander Calder, s\u0103 picteze o ma\u0219in\u0103.<\/p>\n\n\n\n<p>\u2022 Astfel, rezultatul ob\u021binut \u00een urma colabor\u0103rii ajunge s\u0103 schimbe complet percep\u021bia publicului despre ma\u0219ini \u0219i art\u0103.<\/p>\n\n\n\n<p>\u2022 Ma\u0219ina a concurat la edi\u021bia din 1975 a cursei de 24 de ore de la Le Mans, iar acel BMW 3.0 CSL a devenit rapid favoritul celor din tribune. Participarea de la Le Mans r\u0103m\u00e2ne singura competi\u021bie bifat\u0103 de primul Art Car BMW, ulterior modelul fiind expus la diverse evenimente.<\/p>\n\n\n\n<p>\u2022 De atunci \u0219i p\u00e2n\u0103 ast\u0103zi, colec\u021bia oficial\u0103 BMW Art Car a ajuns s\u0103 numere 20 de ma\u0219ini, cea mai recent\u0103 fiind introdus\u0103 \u00een 2024 (un BMW M Hybrid V8).<\/p>\n\n\n\n<p>\u2022 Primul Art Car BMW va fi expus \u00een cadrul RAD Art Fair \u00een incinta Hotel Caro din Bucure\u0219ti \u00eentre 23 aprilie &#8211; 15 mai.<\/p>\n\n\n\n<figure class=\"wp-block-gallery has-nested-images columns-default is-cropped wp-block-gallery-1 is-layout-flex wp-block-gallery-is-layout-flex\">\n<figure class=\"wp-block-image size-large\"><a href=\"https:\/\/www.autocritica.ro\/wp-content\/uploads\/2026\/04\/art-car-bmw-3.0-csl-1.jpg\" data-lbwps-width=\"2800\" data-lbwps-height=\"1867\" data-lbwps-srcsmall=\"https:\/\/www.autocritica.ro\/wp-content\/uploads\/2026\/04\/art-car-bmw-3.0-csl-1-300x200.jpg\"><img loading=\"lazy\" decoding=\"async\" width=\"1024\" height=\"683\" data-id=\"278814\" src=\"https:\/\/www.autocritica.ro\/wp-content\/uploads\/2026\/04\/art-car-bmw-3.0-csl-1-1024x683.jpg\" alt=\"\" class=\"wp-image-278814\" srcset=\"https:\/\/www.autocritica.ro\/wp-content\/uploads\/2026\/04\/art-car-bmw-3.0-csl-1-1024x683.jpg 1024w, https:\/\/www.autocritica.ro\/wp-content\/uploads\/2026\/04\/art-car-bmw-3.0-csl-1-300x200.jpg 300w, https:\/\/www.autocritica.ro\/wp-content\/uploads\/2026\/04\/art-car-bmw-3.0-csl-1-768x512.jpg 768w, https:\/\/www.autocritica.ro\/wp-content\/uploads\/2026\/04\/art-car-bmw-3.0-csl-1-1536x1024.jpg 1536w, https:\/\/www.autocritica.ro\/wp-content\/uploads\/2026\/04\/art-car-bmw-3.0-csl-1-2048x1366.jpg 2048w, https:\/\/www.autocritica.ro\/wp-content\/uploads\/2026\/04\/art-car-bmw-3.0-csl-1-1200x800.jpg 1200w, https:\/\/www.autocritica.ro\/wp-content\/uploads\/2026\/04\/art-car-bmw-3.0-csl-1-1000x666.jpg 1000w, https:\/\/www.autocritica.ro\/wp-content\/uploads\/2026\/04\/art-car-bmw-3.0-csl-1-2000x1333.jpg 2000w\" sizes=\"auto, (max-width: 1024px) 100vw, 1024px\" \/><\/a><\/figure>\n\n\n\n<figure class=\"wp-block-image size-large\"><a href=\"https:\/\/www.autocritica.ro\/wp-content\/uploads\/2026\/04\/art-car-bmw-3.0-csl-2.jpg\" data-lbwps-width=\"2800\" data-lbwps-height=\"1867\" data-lbwps-srcsmall=\"https:\/\/www.autocritica.ro\/wp-content\/uploads\/2026\/04\/art-car-bmw-3.0-csl-2-300x200.jpg\"><img loading=\"lazy\" decoding=\"async\" width=\"1024\" height=\"683\" data-id=\"278815\" src=\"https:\/\/www.autocritica.ro\/wp-content\/uploads\/2026\/04\/art-car-bmw-3.0-csl-2-1024x683.jpg\" alt=\"\" class=\"wp-image-278815\" srcset=\"https:\/\/www.autocritica.ro\/wp-content\/uploads\/2026\/04\/art-car-bmw-3.0-csl-2-1024x683.jpg 1024w, https:\/\/www.autocritica.ro\/wp-content\/uploads\/2026\/04\/art-car-bmw-3.0-csl-2-300x200.jpg 300w, https:\/\/www.autocritica.ro\/wp-content\/uploads\/2026\/04\/art-car-bmw-3.0-csl-2-768x512.jpg 768w, https:\/\/www.autocritica.ro\/wp-content\/uploads\/2026\/04\/art-car-bmw-3.0-csl-2-1536x1024.jpg 1536w, https:\/\/www.autocritica.ro\/wp-content\/uploads\/2026\/04\/art-car-bmw-3.0-csl-2-2048x1366.jpg 2048w, https:\/\/www.autocritica.ro\/wp-content\/uploads\/2026\/04\/art-car-bmw-3.0-csl-2-1200x800.jpg 1200w, https:\/\/www.autocritica.ro\/wp-content\/uploads\/2026\/04\/art-car-bmw-3.0-csl-2-1000x666.jpg 1000w, https:\/\/www.autocritica.ro\/wp-content\/uploads\/2026\/04\/art-car-bmw-3.0-csl-2-2000x1333.jpg 2000w\" sizes=\"auto, (max-width: 1024px) 100vw, 1024px\" \/><\/a><\/figure>\n\n\n\n<figure class=\"wp-block-image size-large\"><a href=\"https:\/\/www.autocritica.ro\/wp-content\/uploads\/2026\/04\/art-car-bmw-3.0-csl-3.jpg\" data-lbwps-width=\"2800\" data-lbwps-height=\"1867\" data-lbwps-srcsmall=\"https:\/\/www.autocritica.ro\/wp-content\/uploads\/2026\/04\/art-car-bmw-3.0-csl-3-300x200.jpg\"><img loading=\"lazy\" decoding=\"async\" width=\"1024\" height=\"683\" data-id=\"278804\" src=\"https:\/\/www.autocritica.ro\/wp-content\/uploads\/2026\/04\/art-car-bmw-3.0-csl-3-1024x683.jpg\" alt=\"\" class=\"wp-image-278804\" srcset=\"https:\/\/www.autocritica.ro\/wp-content\/uploads\/2026\/04\/art-car-bmw-3.0-csl-3-1024x683.jpg 1024w, https:\/\/www.autocritica.ro\/wp-content\/uploads\/2026\/04\/art-car-bmw-3.0-csl-3-300x200.jpg 300w, https:\/\/www.autocritica.ro\/wp-content\/uploads\/2026\/04\/art-car-bmw-3.0-csl-3-768x512.jpg 768w, https:\/\/www.autocritica.ro\/wp-content\/uploads\/2026\/04\/art-car-bmw-3.0-csl-3-1536x1024.jpg 1536w, https:\/\/www.autocritica.ro\/wp-content\/uploads\/2026\/04\/art-car-bmw-3.0-csl-3-2048x1366.jpg 2048w, https:\/\/www.autocritica.ro\/wp-content\/uploads\/2026\/04\/art-car-bmw-3.0-csl-3-1200x800.jpg 1200w, https:\/\/www.autocritica.ro\/wp-content\/uploads\/2026\/04\/art-car-bmw-3.0-csl-3-1000x666.jpg 1000w, https:\/\/www.autocritica.ro\/wp-content\/uploads\/2026\/04\/art-car-bmw-3.0-csl-3-2000x1333.jpg 2000w\" sizes=\"auto, (max-width: 1024px) 100vw, 1024px\" \/><\/a><\/figure>\n\n\n\n<figure class=\"wp-block-image size-large\"><a href=\"https:\/\/www.autocritica.ro\/wp-content\/uploads\/2026\/04\/art-car-bmw-3.0-csl-4.jpg\" data-lbwps-width=\"2800\" data-lbwps-height=\"1867\" data-lbwps-srcsmall=\"https:\/\/www.autocritica.ro\/wp-content\/uploads\/2026\/04\/art-car-bmw-3.0-csl-4-300x200.jpg\"><img loading=\"lazy\" decoding=\"async\" width=\"1024\" height=\"683\" data-id=\"278820\" src=\"https:\/\/www.autocritica.ro\/wp-content\/uploads\/2026\/04\/art-car-bmw-3.0-csl-4-1024x683.jpg\" alt=\"\" class=\"wp-image-278820\" srcset=\"https:\/\/www.autocritica.ro\/wp-content\/uploads\/2026\/04\/art-car-bmw-3.0-csl-4-1024x683.jpg 1024w, https:\/\/www.autocritica.ro\/wp-content\/uploads\/2026\/04\/art-car-bmw-3.0-csl-4-300x200.jpg 300w, https:\/\/www.autocritica.ro\/wp-content\/uploads\/2026\/04\/art-car-bmw-3.0-csl-4-768x512.jpg 768w, https:\/\/www.autocritica.ro\/wp-content\/uploads\/2026\/04\/art-car-bmw-3.0-csl-4-1536x1024.jpg 1536w, https:\/\/www.autocritica.ro\/wp-content\/uploads\/2026\/04\/art-car-bmw-3.0-csl-4-2048x1366.jpg 2048w, https:\/\/www.autocritica.ro\/wp-content\/uploads\/2026\/04\/art-car-bmw-3.0-csl-4-1200x800.jpg 1200w, https:\/\/www.autocritica.ro\/wp-content\/uploads\/2026\/04\/art-car-bmw-3.0-csl-4-1000x666.jpg 1000w, https:\/\/www.autocritica.ro\/wp-content\/uploads\/2026\/04\/art-car-bmw-3.0-csl-4-2000x1333.jpg 2000w\" sizes=\"auto, (max-width: 1024px) 100vw, 1024px\" \/><\/a><\/figure>\n\n\n\n<figure class=\"wp-block-image size-large\"><a href=\"https:\/\/www.autocritica.ro\/wp-content\/uploads\/2026\/04\/art-car-bmw-3.0-csl-5.jpg\" data-lbwps-width=\"2800\" data-lbwps-height=\"1867\" data-lbwps-srcsmall=\"https:\/\/www.autocritica.ro\/wp-content\/uploads\/2026\/04\/art-car-bmw-3.0-csl-5-300x200.jpg\"><img loading=\"lazy\" decoding=\"async\" width=\"1024\" height=\"683\" data-id=\"278806\" src=\"https:\/\/www.autocritica.ro\/wp-content\/uploads\/2026\/04\/art-car-bmw-3.0-csl-5-1024x683.jpg\" alt=\"\" class=\"wp-image-278806\" srcset=\"https:\/\/www.autocritica.ro\/wp-content\/uploads\/2026\/04\/art-car-bmw-3.0-csl-5-1024x683.jpg 1024w, https:\/\/www.autocritica.ro\/wp-content\/uploads\/2026\/04\/art-car-bmw-3.0-csl-5-300x200.jpg 300w, https:\/\/www.autocritica.ro\/wp-content\/uploads\/2026\/04\/art-car-bmw-3.0-csl-5-768x512.jpg 768w, https:\/\/www.autocritica.ro\/wp-content\/uploads\/2026\/04\/art-car-bmw-3.0-csl-5-1536x1024.jpg 1536w, https:\/\/www.autocritica.ro\/wp-content\/uploads\/2026\/04\/art-car-bmw-3.0-csl-5-2048x1366.jpg 2048w, https:\/\/www.autocritica.ro\/wp-content\/uploads\/2026\/04\/art-car-bmw-3.0-csl-5-1200x800.jpg 1200w, https:\/\/www.autocritica.ro\/wp-content\/uploads\/2026\/04\/art-car-bmw-3.0-csl-5-1000x666.jpg 1000w, https:\/\/www.autocritica.ro\/wp-content\/uploads\/2026\/04\/art-car-bmw-3.0-csl-5-2000x1333.jpg 2000w\" sizes=\"auto, (max-width: 1024px) 100vw, 1024px\" \/><\/a><\/figure>\n\n\n\n<figure class=\"wp-block-image size-large\"><a href=\"https:\/\/www.autocritica.ro\/wp-content\/uploads\/2026\/04\/art-car-bmw-3.0-csl-6.jpg\" data-lbwps-width=\"2800\" data-lbwps-height=\"1867\" data-lbwps-srcsmall=\"https:\/\/www.autocritica.ro\/wp-content\/uploads\/2026\/04\/art-car-bmw-3.0-csl-6-300x200.jpg\"><img loading=\"lazy\" decoding=\"async\" width=\"1024\" height=\"683\" data-id=\"278810\" src=\"https:\/\/www.autocritica.ro\/wp-content\/uploads\/2026\/04\/art-car-bmw-3.0-csl-6-1024x683.jpg\" alt=\"\" class=\"wp-image-278810\" srcset=\"https:\/\/www.autocritica.ro\/wp-content\/uploads\/2026\/04\/art-car-bmw-3.0-csl-6-1024x683.jpg 1024w, https:\/\/www.autocritica.ro\/wp-content\/uploads\/2026\/04\/art-car-bmw-3.0-csl-6-300x200.jpg 300w, https:\/\/www.autocritica.ro\/wp-content\/uploads\/2026\/04\/art-car-bmw-3.0-csl-6-768x512.jpg 768w, https:\/\/www.autocritica.ro\/wp-content\/uploads\/2026\/04\/art-car-bmw-3.0-csl-6-1536x1024.jpg 1536w, https:\/\/www.autocritica.ro\/wp-content\/uploads\/2026\/04\/art-car-bmw-3.0-csl-6-2048x1366.jpg 2048w, https:\/\/www.autocritica.ro\/wp-content\/uploads\/2026\/04\/art-car-bmw-3.0-csl-6-1200x800.jpg 1200w, https:\/\/www.autocritica.ro\/wp-content\/uploads\/2026\/04\/art-car-bmw-3.0-csl-6-1000x666.jpg 1000w, https:\/\/www.autocritica.ro\/wp-content\/uploads\/2026\/04\/art-car-bmw-3.0-csl-6-2000x1333.jpg 2000w\" sizes=\"auto, (max-width: 1024px) 100vw, 1024px\" \/><\/a><\/figure>\n\n\n\n<figure class=\"wp-block-image size-large\"><a href=\"https:\/\/www.autocritica.ro\/wp-content\/uploads\/2026\/04\/art-car-bmw-3.0-csl-7.jpg\" data-lbwps-width=\"2800\" data-lbwps-height=\"1867\" data-lbwps-srcsmall=\"https:\/\/www.autocritica.ro\/wp-content\/uploads\/2026\/04\/art-car-bmw-3.0-csl-7-300x200.jpg\"><img loading=\"lazy\" decoding=\"async\" width=\"1024\" height=\"683\" data-id=\"278807\" src=\"https:\/\/www.autocritica.ro\/wp-content\/uploads\/2026\/04\/art-car-bmw-3.0-csl-7-1024x683.jpg\" alt=\"\" class=\"wp-image-278807\" srcset=\"https:\/\/www.autocritica.ro\/wp-content\/uploads\/2026\/04\/art-car-bmw-3.0-csl-7-1024x683.jpg 1024w, https:\/\/www.autocritica.ro\/wp-content\/uploads\/2026\/04\/art-car-bmw-3.0-csl-7-300x200.jpg 300w, https:\/\/www.autocritica.ro\/wp-content\/uploads\/2026\/04\/art-car-bmw-3.0-csl-7-768x512.jpg 768w, https:\/\/www.autocritica.ro\/wp-content\/uploads\/2026\/04\/art-car-bmw-3.0-csl-7-1536x1024.jpg 1536w, https:\/\/www.autocritica.ro\/wp-content\/uploads\/2026\/04\/art-car-bmw-3.0-csl-7-2048x1366.jpg 2048w, https:\/\/www.autocritica.ro\/wp-content\/uploads\/2026\/04\/art-car-bmw-3.0-csl-7-1200x800.jpg 1200w, https:\/\/www.autocritica.ro\/wp-content\/uploads\/2026\/04\/art-car-bmw-3.0-csl-7-1000x666.jpg 1000w, https:\/\/www.autocritica.ro\/wp-content\/uploads\/2026\/04\/art-car-bmw-3.0-csl-7-2000x1333.jpg 2000w\" sizes=\"auto, (max-width: 1024px) 100vw, 1024px\" \/><\/a><\/figure>\n\n\n\n<figure class=\"wp-block-image size-large\"><a href=\"https:\/\/www.autocritica.ro\/wp-content\/uploads\/2026\/04\/art-car-bmw-3.0-csl-8.jpg\" data-lbwps-width=\"2800\" data-lbwps-height=\"1867\" data-lbwps-srcsmall=\"https:\/\/www.autocritica.ro\/wp-content\/uploads\/2026\/04\/art-car-bmw-3.0-csl-8-300x200.jpg\"><img loading=\"lazy\" decoding=\"async\" width=\"1024\" height=\"683\" data-id=\"278805\" src=\"https:\/\/www.autocritica.ro\/wp-content\/uploads\/2026\/04\/art-car-bmw-3.0-csl-8-1024x683.jpg\" alt=\"\" class=\"wp-image-278805\" srcset=\"https:\/\/www.autocritica.ro\/wp-content\/uploads\/2026\/04\/art-car-bmw-3.0-csl-8-1024x683.jpg 1024w, https:\/\/www.autocritica.ro\/wp-content\/uploads\/2026\/04\/art-car-bmw-3.0-csl-8-300x200.jpg 300w, https:\/\/www.autocritica.ro\/wp-content\/uploads\/2026\/04\/art-car-bmw-3.0-csl-8-768x512.jpg 768w, https:\/\/www.autocritica.ro\/wp-content\/uploads\/2026\/04\/art-car-bmw-3.0-csl-8-1536x1024.jpg 1536w, https:\/\/www.autocritica.ro\/wp-content\/uploads\/2026\/04\/art-car-bmw-3.0-csl-8-2048x1366.jpg 2048w, https:\/\/www.autocritica.ro\/wp-content\/uploads\/2026\/04\/art-car-bmw-3.0-csl-8-1200x800.jpg 1200w, https:\/\/www.autocritica.ro\/wp-content\/uploads\/2026\/04\/art-car-bmw-3.0-csl-8-1000x666.jpg 1000w, https:\/\/www.autocritica.ro\/wp-content\/uploads\/2026\/04\/art-car-bmw-3.0-csl-8-2000x1333.jpg 2000w\" sizes=\"auto, (max-width: 1024px) 100vw, 1024px\" \/><\/a><\/figure>\n\n\n\n<figure class=\"wp-block-image size-large\"><a href=\"https:\/\/www.autocritica.ro\/wp-content\/uploads\/2026\/04\/art-car-bmw-3.0-csl-9.jpg\" data-lbwps-width=\"2800\" data-lbwps-height=\"1867\" data-lbwps-srcsmall=\"https:\/\/www.autocritica.ro\/wp-content\/uploads\/2026\/04\/art-car-bmw-3.0-csl-9-300x200.jpg\"><img loading=\"lazy\" decoding=\"async\" width=\"1024\" height=\"683\" data-id=\"278802\" src=\"https:\/\/www.autocritica.ro\/wp-content\/uploads\/2026\/04\/art-car-bmw-3.0-csl-9-1024x683.jpg\" alt=\"\" class=\"wp-image-278802\" srcset=\"https:\/\/www.autocritica.ro\/wp-content\/uploads\/2026\/04\/art-car-bmw-3.0-csl-9-1024x683.jpg 1024w, https:\/\/www.autocritica.ro\/wp-content\/uploads\/2026\/04\/art-car-bmw-3.0-csl-9-300x200.jpg 300w, https:\/\/www.autocritica.ro\/wp-content\/uploads\/2026\/04\/art-car-bmw-3.0-csl-9-768x512.jpg 768w, https:\/\/www.autocritica.ro\/wp-content\/uploads\/2026\/04\/art-car-bmw-3.0-csl-9-1536x1024.jpg 1536w, https:\/\/www.autocritica.ro\/wp-content\/uploads\/2026\/04\/art-car-bmw-3.0-csl-9-2048x1366.jpg 2048w, https:\/\/www.autocritica.ro\/wp-content\/uploads\/2026\/04\/art-car-bmw-3.0-csl-9-1200x800.jpg 1200w, https:\/\/www.autocritica.ro\/wp-content\/uploads\/2026\/04\/art-car-bmw-3.0-csl-9-1000x666.jpg 1000w, https:\/\/www.autocritica.ro\/wp-content\/uploads\/2026\/04\/art-car-bmw-3.0-csl-9-2000x1333.jpg 2000w\" sizes=\"auto, (max-width: 1024px) 100vw, 1024px\" \/><\/a><\/figure>\n\n\n\n<figure class=\"wp-block-image size-large\"><a href=\"https:\/\/www.autocritica.ro\/wp-content\/uploads\/2026\/04\/art-car-bmw-3.0-csl-10.jpg\" data-lbwps-width=\"2800\" data-lbwps-height=\"1867\" data-lbwps-srcsmall=\"https:\/\/www.autocritica.ro\/wp-content\/uploads\/2026\/04\/art-car-bmw-3.0-csl-10-300x200.jpg\"><img loading=\"lazy\" decoding=\"async\" width=\"1024\" height=\"683\" data-id=\"278808\" src=\"https:\/\/www.autocritica.ro\/wp-content\/uploads\/2026\/04\/art-car-bmw-3.0-csl-10-1024x683.jpg\" alt=\"\" class=\"wp-image-278808\" srcset=\"https:\/\/www.autocritica.ro\/wp-content\/uploads\/2026\/04\/art-car-bmw-3.0-csl-10-1024x683.jpg 1024w, https:\/\/www.autocritica.ro\/wp-content\/uploads\/2026\/04\/art-car-bmw-3.0-csl-10-300x200.jpg 300w, https:\/\/www.autocritica.ro\/wp-content\/uploads\/2026\/04\/art-car-bmw-3.0-csl-10-768x512.jpg 768w, https:\/\/www.autocritica.ro\/wp-content\/uploads\/2026\/04\/art-car-bmw-3.0-csl-10-1536x1024.jpg 1536w, https:\/\/www.autocritica.ro\/wp-content\/uploads\/2026\/04\/art-car-bmw-3.0-csl-10-2048x1366.jpg 2048w, https:\/\/www.autocritica.ro\/wp-content\/uploads\/2026\/04\/art-car-bmw-3.0-csl-10-1200x800.jpg 1200w, https:\/\/www.autocritica.ro\/wp-content\/uploads\/2026\/04\/art-car-bmw-3.0-csl-10-1000x666.jpg 1000w, https:\/\/www.autocritica.ro\/wp-content\/uploads\/2026\/04\/art-car-bmw-3.0-csl-10-2000x1333.jpg 2000w\" sizes=\"auto, (max-width: 1024px) 100vw, 1024px\" \/><\/a><\/figure>\n\n\n\n<figure class=\"wp-block-image size-large\"><a href=\"https:\/\/www.autocritica.ro\/wp-content\/uploads\/2026\/04\/art-car-bmw-3.0-csl-11.jpg\" data-lbwps-width=\"2800\" data-lbwps-height=\"1867\" data-lbwps-srcsmall=\"https:\/\/www.autocritica.ro\/wp-content\/uploads\/2026\/04\/art-car-bmw-3.0-csl-11-300x200.jpg\"><img loading=\"lazy\" decoding=\"async\" width=\"1024\" height=\"683\" data-id=\"278817\" src=\"https:\/\/www.autocritica.ro\/wp-content\/uploads\/2026\/04\/art-car-bmw-3.0-csl-11-1024x683.jpg\" alt=\"\" class=\"wp-image-278817\" srcset=\"https:\/\/www.autocritica.ro\/wp-content\/uploads\/2026\/04\/art-car-bmw-3.0-csl-11-1024x683.jpg 1024w, https:\/\/www.autocritica.ro\/wp-content\/uploads\/2026\/04\/art-car-bmw-3.0-csl-11-300x200.jpg 300w, https:\/\/www.autocritica.ro\/wp-content\/uploads\/2026\/04\/art-car-bmw-3.0-csl-11-768x512.jpg 768w, https:\/\/www.autocritica.ro\/wp-content\/uploads\/2026\/04\/art-car-bmw-3.0-csl-11-1536x1024.jpg 1536w, https:\/\/www.autocritica.ro\/wp-content\/uploads\/2026\/04\/art-car-bmw-3.0-csl-11-2048x1366.jpg 2048w, https:\/\/www.autocritica.ro\/wp-content\/uploads\/2026\/04\/art-car-bmw-3.0-csl-11-1200x800.jpg 1200w, https:\/\/www.autocritica.ro\/wp-content\/uploads\/2026\/04\/art-car-bmw-3.0-csl-11-1000x666.jpg 1000w, https:\/\/www.autocritica.ro\/wp-content\/uploads\/2026\/04\/art-car-bmw-3.0-csl-11-2000x1333.jpg 2000w\" sizes=\"auto, (max-width: 1024px) 100vw, 1024px\" \/><\/a><\/figure>\n\n\n\n<figure class=\"wp-block-image size-large\"><a href=\"https:\/\/www.autocritica.ro\/wp-content\/uploads\/2026\/04\/art-car-bmw-3.0-csl-12.jpg\" data-lbwps-width=\"2800\" data-lbwps-height=\"1867\" data-lbwps-srcsmall=\"https:\/\/www.autocritica.ro\/wp-content\/uploads\/2026\/04\/art-car-bmw-3.0-csl-12-300x200.jpg\"><img loading=\"lazy\" decoding=\"async\" width=\"1024\" height=\"683\" data-id=\"278803\" src=\"https:\/\/www.autocritica.ro\/wp-content\/uploads\/2026\/04\/art-car-bmw-3.0-csl-12-1024x683.jpg\" alt=\"\" class=\"wp-image-278803\" srcset=\"https:\/\/www.autocritica.ro\/wp-content\/uploads\/2026\/04\/art-car-bmw-3.0-csl-12-1024x683.jpg 1024w, https:\/\/www.autocritica.ro\/wp-content\/uploads\/2026\/04\/art-car-bmw-3.0-csl-12-300x200.jpg 300w, https:\/\/www.autocritica.ro\/wp-content\/uploads\/2026\/04\/art-car-bmw-3.0-csl-12-768x512.jpg 768w, https:\/\/www.autocritica.ro\/wp-content\/uploads\/2026\/04\/art-car-bmw-3.0-csl-12-1536x1024.jpg 1536w, https:\/\/www.autocritica.ro\/wp-content\/uploads\/2026\/04\/art-car-bmw-3.0-csl-12-2048x1366.jpg 2048w, https:\/\/www.autocritica.ro\/wp-content\/uploads\/2026\/04\/art-car-bmw-3.0-csl-12-1200x800.jpg 1200w, https:\/\/www.autocritica.ro\/wp-content\/uploads\/2026\/04\/art-car-bmw-3.0-csl-12-1000x666.jpg 1000w, https:\/\/www.autocritica.ro\/wp-content\/uploads\/2026\/04\/art-car-bmw-3.0-csl-12-2000x1333.jpg 2000w\" sizes=\"auto, (max-width: 1024px) 100vw, 1024px\" \/><\/a><\/figure>\n\n\n\n<figure class=\"wp-block-image size-large\"><a href=\"https:\/\/www.autocritica.ro\/wp-content\/uploads\/2026\/04\/art-car-bmw-3.0-csl-3-1.jpg\" data-lbwps-width=\"2800\" data-lbwps-height=\"1867\" data-lbwps-srcsmall=\"https:\/\/www.autocritica.ro\/wp-content\/uploads\/2026\/04\/art-car-bmw-3.0-csl-3-1-300x200.jpg\"><img loading=\"lazy\" decoding=\"async\" width=\"1024\" height=\"683\" data-id=\"278824\" src=\"https:\/\/www.autocritica.ro\/wp-content\/uploads\/2026\/04\/art-car-bmw-3.0-csl-3-1-1024x683.jpg\" alt=\"\" class=\"wp-image-278824\" srcset=\"https:\/\/www.autocritica.ro\/wp-content\/uploads\/2026\/04\/art-car-bmw-3.0-csl-3-1-1024x683.jpg 1024w, https:\/\/www.autocritica.ro\/wp-content\/uploads\/2026\/04\/art-car-bmw-3.0-csl-3-1-300x200.jpg 300w, https:\/\/www.autocritica.ro\/wp-content\/uploads\/2026\/04\/art-car-bmw-3.0-csl-3-1-768x512.jpg 768w, https:\/\/www.autocritica.ro\/wp-content\/uploads\/2026\/04\/art-car-bmw-3.0-csl-3-1-1536x1024.jpg 1536w, https:\/\/www.autocritica.ro\/wp-content\/uploads\/2026\/04\/art-car-bmw-3.0-csl-3-1-2048x1366.jpg 2048w, https:\/\/www.autocritica.ro\/wp-content\/uploads\/2026\/04\/art-car-bmw-3.0-csl-3-1-1200x800.jpg 1200w, https:\/\/www.autocritica.ro\/wp-content\/uploads\/2026\/04\/art-car-bmw-3.0-csl-3-1-1000x666.jpg 1000w, https:\/\/www.autocritica.ro\/wp-content\/uploads\/2026\/04\/art-car-bmw-3.0-csl-3-1-2000x1333.jpg 2000w\" sizes=\"auto, (max-width: 1024px) 100vw, 1024px\" \/><\/a><\/figure>\n\n\n\n<figure class=\"wp-block-image size-large\"><a href=\"https:\/\/www.autocritica.ro\/wp-content\/uploads\/2026\/04\/art-car-bmw-3.0-csl-2-1.jpg\" data-lbwps-width=\"2800\" data-lbwps-height=\"1867\" data-lbwps-srcsmall=\"https:\/\/www.autocritica.ro\/wp-content\/uploads\/2026\/04\/art-car-bmw-3.0-csl-2-1-300x200.jpg\"><img loading=\"lazy\" decoding=\"async\" width=\"1024\" height=\"683\" data-id=\"278823\" src=\"https:\/\/www.autocritica.ro\/wp-content\/uploads\/2026\/04\/art-car-bmw-3.0-csl-2-1-1024x683.jpg\" alt=\"\" class=\"wp-image-278823\" srcset=\"https:\/\/www.autocritica.ro\/wp-content\/uploads\/2026\/04\/art-car-bmw-3.0-csl-2-1-1024x683.jpg 1024w, https:\/\/www.autocritica.ro\/wp-content\/uploads\/2026\/04\/art-car-bmw-3.0-csl-2-1-300x200.jpg 300w, https:\/\/www.autocritica.ro\/wp-content\/uploads\/2026\/04\/art-car-bmw-3.0-csl-2-1-768x512.jpg 768w, https:\/\/www.autocritica.ro\/wp-content\/uploads\/2026\/04\/art-car-bmw-3.0-csl-2-1-1536x1024.jpg 1536w, https:\/\/www.autocritica.ro\/wp-content\/uploads\/2026\/04\/art-car-bmw-3.0-csl-2-1-2048x1366.jpg 2048w, https:\/\/www.autocritica.ro\/wp-content\/uploads\/2026\/04\/art-car-bmw-3.0-csl-2-1-1200x800.jpg 1200w, https:\/\/www.autocritica.ro\/wp-content\/uploads\/2026\/04\/art-car-bmw-3.0-csl-2-1-1000x666.jpg 1000w, https:\/\/www.autocritica.ro\/wp-content\/uploads\/2026\/04\/art-car-bmw-3.0-csl-2-1-2000x1333.jpg 2000w\" sizes=\"auto, (max-width: 1024px) 100vw, 1024px\" \/><\/a><\/figure>\n\n\n\n<figure class=\"wp-block-image size-large\"><a href=\"https:\/\/www.autocritica.ro\/wp-content\/uploads\/2026\/04\/art-car-bmw-3.0-csl-1-1.jpg\" data-lbwps-width=\"2800\" data-lbwps-height=\"1867\" data-lbwps-srcsmall=\"https:\/\/www.autocritica.ro\/wp-content\/uploads\/2026\/04\/art-car-bmw-3.0-csl-1-1-300x200.jpg\"><img loading=\"lazy\" decoding=\"async\" width=\"1024\" height=\"683\" data-id=\"278822\" src=\"https:\/\/www.autocritica.ro\/wp-content\/uploads\/2026\/04\/art-car-bmw-3.0-csl-1-1-1024x683.jpg\" alt=\"\" class=\"wp-image-278822\" srcset=\"https:\/\/www.autocritica.ro\/wp-content\/uploads\/2026\/04\/art-car-bmw-3.0-csl-1-1-1024x683.jpg 1024w, https:\/\/www.autocritica.ro\/wp-content\/uploads\/2026\/04\/art-car-bmw-3.0-csl-1-1-300x200.jpg 300w, https:\/\/www.autocritica.ro\/wp-content\/uploads\/2026\/04\/art-car-bmw-3.0-csl-1-1-768x512.jpg 768w, https:\/\/www.autocritica.ro\/wp-content\/uploads\/2026\/04\/art-car-bmw-3.0-csl-1-1-1536x1024.jpg 1536w, https:\/\/www.autocritica.ro\/wp-content\/uploads\/2026\/04\/art-car-bmw-3.0-csl-1-1-2048x1366.jpg 2048w, https:\/\/www.autocritica.ro\/wp-content\/uploads\/2026\/04\/art-car-bmw-3.0-csl-1-1-1200x800.jpg 1200w, https:\/\/www.autocritica.ro\/wp-content\/uploads\/2026\/04\/art-car-bmw-3.0-csl-1-1-1000x666.jpg 1000w, https:\/\/www.autocritica.ro\/wp-content\/uploads\/2026\/04\/art-car-bmw-3.0-csl-1-1-2000x1333.jpg 2000w\" sizes=\"auto, (max-width: 1024px) 100vw, 1024px\" \/><\/a><\/figure>\n<\/figure>\n\n\n\n<p>Foto: <a href=\"https:\/\/www.facebook.com\/ciprian.mihai1?__cft__[0]=AZZ92BNlmRY5gKaPHH2WUsEadWhYDRD9UK_qbejipmIQyNneY-9KdYCvp7BKAJ5S-Mx7r0gMKCASFQ2GVq9pna_SiXY1I_yTEkc8DwX7BNPkPs4xxq10PUm8hvEEe6huCCPuKW4dAqJ_uBk8hWMMI-XoO6_yv3MYETfA2tpcwO62RA&amp;__tn__=-]K-R\">Ciprian Mihai<\/a> | <a href=\"https:\/\/www.facebook.com\/dragos.savu.3?__cft__[0]=AZZ92BNlmRY5gKaPHH2WUsEadWhYDRD9UK_qbejipmIQyNneY-9KdYCvp7BKAJ5S-Mx7r0gMKCASFQ2GVq9pna_SiXY1I_yTEkc8DwX7BNPkPs4xxq10PUm8hvEEe6huCCPuKW4dAqJ_uBk8hWMMI-XoO6_yv3MYETfA2tpcwO62RA&amp;__tn__=-]K-R\">Dragos Savu<\/a><\/p>\n","protected":false},"author":4,"featured_media":278802,"comment_status":"closed","ping_status":"closed","template":"","meta":{"_acf_changed":false,"footnotes":""},"tags":[6637,5385],"class_list":["post-278800","live-news","type-live-news","status-publish","has-post-thumbnail","hentry","tag-art-car-bmw","tag-bmw-3-0-csl"],"acf":[],"yoast_head":"<!-- This site is optimized with the Yoast SEO Premium plugin v27.5 (Yoast SEO v27.5) - https:\/\/yoast.com\/product\/yoast-seo-premium-wordpress\/ -->\n<title>Primul Art Car BMW, expus \u00een premier\u0103 \u00een Bucure\u0219ti - Autocritica<\/title>\n<meta name=\"robots\" content=\"index, follow, max-snippet:-1, max-image-preview:large, max-video-preview:-1\" \/>\n<link rel=\"canonical\" href=\"https:\/\/www.autocritica.ro\/en\/live-news\/primul-art-car-bmw-expus-in-premiera-in-bucuresti\/\" \/>\n<meta property=\"og:locale\" content=\"en_US\" \/>\n<meta property=\"og:type\" content=\"article\" \/>\n<meta property=\"og:title\" content=\"Primul Art Car BMW, expus \u00een premier\u0103 \u00een Bucure\u0219ti\" \/>\n<meta property=\"og:description\" content=\"\u2022 Primul Art Car BMW, un exemplar BMW 3.0 CSL, este expus \u00een premier\u0103 \u00een Rom\u00e2nia. \u2022 Art Car-ul a fost realizat \u00een 1975 \u0219i a luat na\u0219tere \u00een momentul \u00een\" \/>\n<meta property=\"og:url\" content=\"https:\/\/www.autocritica.ro\/en\/live-news\/primul-art-car-bmw-expus-in-premiera-in-bucuresti\/\" \/>\n<meta property=\"og:site_name\" content=\"Autocritica\" \/>\n<meta property=\"article:publisher\" content=\"https:\/\/www.facebook.com\/autocritica.ro\" \/>\n<meta property=\"article:modified_time\" content=\"2026-04-23T10:43:25+00:00\" \/>\n<meta property=\"og:image\" content=\"https:\/\/www.autocritica.ro\/wp-content\/uploads\/2026\/04\/art-car-bmw-3.0-csl-9-scaled.jpg\" \/>\n\t<meta property=\"og:image:width\" content=\"2560\" \/>\n\t<meta property=\"og:image:height\" content=\"1707\" \/>\n\t<meta property=\"og:image:type\" content=\"image\/jpeg\" \/>\n<meta name=\"twitter:card\" content=\"summary_large_image\" \/>\n<meta name=\"twitter:label1\" content=\"Est. reading time\" \/>\n\t<meta name=\"twitter:data1\" content=\"1 minute\" \/>\n<script type=\"application\/ld+json\" class=\"yoast-schema-graph\">{\"@context\":\"https:\\\/\\\/schema.org\",\"@graph\":[{\"@type\":\"WebPage\",\"@id\":\"https:\\\/\\\/www.autocritica.ro\\\/en\\\/live-news\\\/primul-art-car-bmw-expus-in-premiera-in-bucuresti\\\/\",\"url\":\"https:\\\/\\\/www.autocritica.ro\\\/en\\\/live-news\\\/primul-art-car-bmw-expus-in-premiera-in-bucuresti\\\/\",\"name\":\"Primul Art Car BMW, expus \u00een premier\u0103 \u00een Bucure\u0219ti - Autocritica\",\"isPartOf\":{\"@id\":\"https:\\\/\\\/www.autocritica.ro\\\/en\\\/#website\"},\"primaryImageOfPage\":{\"@id\":\"https:\\\/\\\/www.autocritica.ro\\\/en\\\/live-news\\\/primul-art-car-bmw-expus-in-premiera-in-bucuresti\\\/#primaryimage\"},\"image\":{\"@id\":\"https:\\\/\\\/www.autocritica.ro\\\/en\\\/live-news\\\/primul-art-car-bmw-expus-in-premiera-in-bucuresti\\\/#primaryimage\"},\"thumbnailUrl\":\"https:\\\/\\\/www.autocritica.ro\\\/wp-content\\\/uploads\\\/2026\\\/04\\\/art-car-bmw-3.0-csl-9-scaled.jpg\",\"datePublished\":\"2026-04-23T10:41:51+00:00\",\"dateModified\":\"2026-04-23T10:43:25+00:00\",\"breadcrumb\":{\"@id\":\"https:\\\/\\\/www.autocritica.ro\\\/en\\\/live-news\\\/primul-art-car-bmw-expus-in-premiera-in-bucuresti\\\/#breadcrumb\"},\"inLanguage\":\"en-US\",\"potentialAction\":[{\"@type\":\"ReadAction\",\"target\":[\"https:\\\/\\\/www.autocritica.ro\\\/en\\\/live-news\\\/primul-art-car-bmw-expus-in-premiera-in-bucuresti\\\/\"]}]},{\"@type\":\"ImageObject\",\"inLanguage\":\"en-US\",\"@id\":\"https:\\\/\\\/www.autocritica.ro\\\/en\\\/live-news\\\/primul-art-car-bmw-expus-in-premiera-in-bucuresti\\\/#primaryimage\",\"url\":\"https:\\\/\\\/www.autocritica.ro\\\/wp-content\\\/uploads\\\/2026\\\/04\\\/art-car-bmw-3.0-csl-9-scaled.jpg\",\"contentUrl\":\"https:\\\/\\\/www.autocritica.ro\\\/wp-content\\\/uploads\\\/2026\\\/04\\\/art-car-bmw-3.0-csl-9-scaled.jpg\",\"width\":2560,\"height\":1707},{\"@type\":\"BreadcrumbList\",\"@id\":\"https:\\\/\\\/www.autocritica.ro\\\/en\\\/live-news\\\/primul-art-car-bmw-expus-in-premiera-in-bucuresti\\\/#breadcrumb\",\"itemListElement\":[{\"@type\":\"ListItem\",\"position\":1,\"name\":\"Home\",\"item\":\"https:\\\/\\\/www.autocritica.ro\\\/en\\\/\"},{\"@type\":\"ListItem\",\"position\":2,\"name\":\"Live News\",\"item\":\"https:\\\/\\\/www.autocritica.ro\\\/en\\\/live-news\\\/\"},{\"@type\":\"ListItem\",\"position\":3,\"name\":\"Primul Art Car BMW, expus \u00een premier\u0103 \u00een Bucure\u0219ti\"}]},{\"@type\":\"WebSite\",\"@id\":\"https:\\\/\\\/www.autocritica.ro\\\/en\\\/#website\",\"url\":\"https:\\\/\\\/www.autocritica.ro\\\/en\\\/\",\"name\":\"Autocritica\",\"description\":\"\",\"publisher\":{\"@id\":\"https:\\\/\\\/www.autocritica.ro\\\/en\\\/#organization\"},\"potentialAction\":[{\"@type\":\"SearchAction\",\"target\":{\"@type\":\"EntryPoint\",\"urlTemplate\":\"https:\\\/\\\/www.autocritica.ro\\\/en\\\/?s={search_term_string}\"},\"query-input\":{\"@type\":\"PropertyValueSpecification\",\"valueRequired\":true,\"valueName\":\"search_term_string\"}}],\"inLanguage\":\"en-US\"},{\"@type\":\"Organization\",\"@id\":\"https:\\\/\\\/www.autocritica.ro\\\/en\\\/#organization\",\"name\":\"Autocritica\",\"url\":\"https:\\\/\\\/www.autocritica.ro\\\/en\\\/\",\"logo\":{\"@type\":\"ImageObject\",\"inLanguage\":\"en-US\",\"@id\":\"https:\\\/\\\/www.autocritica.ro\\\/en\\\/#\\\/schema\\\/logo\\\/image\\\/\",\"url\":\"https:\\\/\\\/www.autocritica.ro\\\/wp-content\\\/uploads\\\/2020\\\/12\\\/logo-negru.png\",\"contentUrl\":\"https:\\\/\\\/www.autocritica.ro\\\/wp-content\\\/uploads\\\/2020\\\/12\\\/logo-negru.png\",\"width\":300,\"height\":102,\"caption\":\"Autocritica\"},\"image\":{\"@id\":\"https:\\\/\\\/www.autocritica.ro\\\/en\\\/#\\\/schema\\\/logo\\\/image\\\/\"},\"sameAs\":[\"https:\\\/\\\/www.facebook.com\\\/autocritica.ro\",\"https:\\\/\\\/www.instagram.com\\\/autocritica.ro\\\/\"]}]}<\/script>\n<!-- \/ Yoast SEO Premium plugin. -->","yoast_head_json":{"title":"Primul Art Car BMW, expus \u00een premier\u0103 \u00een Bucure\u0219ti - Autocritica","robots":{"index":"index","follow":"follow","max-snippet":"max-snippet:-1","max-image-preview":"max-image-preview:large","max-video-preview":"max-video-preview:-1"},"canonical":"https:\/\/www.autocritica.ro\/en\/live-news\/primul-art-car-bmw-expus-in-premiera-in-bucuresti\/","og_locale":"en_US","og_type":"article","og_title":"Primul Art Car BMW, expus \u00een premier\u0103 \u00een Bucure\u0219ti","og_description":"\u2022 Primul Art Car BMW, un exemplar BMW 3.0 CSL, este expus \u00een premier\u0103 \u00een Rom\u00e2nia. \u2022 Art Car-ul a fost realizat \u00een 1975 \u0219i a luat na\u0219tere \u00een momentul \u00een","og_url":"https:\/\/www.autocritica.ro\/en\/live-news\/primul-art-car-bmw-expus-in-premiera-in-bucuresti\/","og_site_name":"Autocritica","article_publisher":"https:\/\/www.facebook.com\/autocritica.ro","article_modified_time":"2026-04-23T10:43:25+00:00","og_image":[{"width":2560,"height":1707,"url":"https:\/\/www.autocritica.ro\/wp-content\/uploads\/2026\/04\/art-car-bmw-3.0-csl-9-scaled.jpg","type":"image\/jpeg"}],"twitter_card":"summary_large_image","twitter_misc":{"Est. reading time":"1 minute"},"schema":{"@context":"https:\/\/schema.org","@graph":[{"@type":"WebPage","@id":"https:\/\/www.autocritica.ro\/en\/live-news\/primul-art-car-bmw-expus-in-premiera-in-bucuresti\/","url":"https:\/\/www.autocritica.ro\/en\/live-news\/primul-art-car-bmw-expus-in-premiera-in-bucuresti\/","name":"Primul Art Car BMW, expus \u00een premier\u0103 \u00een Bucure\u0219ti - Autocritica","isPartOf":{"@id":"https:\/\/www.autocritica.ro\/en\/#website"},"primaryImageOfPage":{"@id":"https:\/\/www.autocritica.ro\/en\/live-news\/primul-art-car-bmw-expus-in-premiera-in-bucuresti\/#primaryimage"},"image":{"@id":"https:\/\/www.autocritica.ro\/en\/live-news\/primul-art-car-bmw-expus-in-premiera-in-bucuresti\/#primaryimage"},"thumbnailUrl":"https:\/\/www.autocritica.ro\/wp-content\/uploads\/2026\/04\/art-car-bmw-3.0-csl-9-scaled.jpg","datePublished":"2026-04-23T10:41:51+00:00","dateModified":"2026-04-23T10:43:25+00:00","breadcrumb":{"@id":"https:\/\/www.autocritica.ro\/en\/live-news\/primul-art-car-bmw-expus-in-premiera-in-bucuresti\/#breadcrumb"},"inLanguage":"en-US","potentialAction":[{"@type":"ReadAction","target":["https:\/\/www.autocritica.ro\/en\/live-news\/primul-art-car-bmw-expus-in-premiera-in-bucuresti\/"]}]},{"@type":"ImageObject","inLanguage":"en-US","@id":"https:\/\/www.autocritica.ro\/en\/live-news\/primul-art-car-bmw-expus-in-premiera-in-bucuresti\/#primaryimage","url":"https:\/\/www.autocritica.ro\/wp-content\/uploads\/2026\/04\/art-car-bmw-3.0-csl-9-scaled.jpg","contentUrl":"https:\/\/www.autocritica.ro\/wp-content\/uploads\/2026\/04\/art-car-bmw-3.0-csl-9-scaled.jpg","width":2560,"height":1707},{"@type":"BreadcrumbList","@id":"https:\/\/www.autocritica.ro\/en\/live-news\/primul-art-car-bmw-expus-in-premiera-in-bucuresti\/#breadcrumb","itemListElement":[{"@type":"ListItem","position":1,"name":"Home","item":"https:\/\/www.autocritica.ro\/en\/"},{"@type":"ListItem","position":2,"name":"Live News","item":"https:\/\/www.autocritica.ro\/en\/live-news\/"},{"@type":"ListItem","position":3,"name":"Primul Art Car BMW, expus \u00een premier\u0103 \u00een Bucure\u0219ti"}]},{"@type":"WebSite","@id":"https:\/\/www.autocritica.ro\/en\/#website","url":"https:\/\/www.autocritica.ro\/en\/","name":"Autocritica","description":"","publisher":{"@id":"https:\/\/www.autocritica.ro\/en\/#organization"},"potentialAction":[{"@type":"SearchAction","target":{"@type":"EntryPoint","urlTemplate":"https:\/\/www.autocritica.ro\/en\/?s={search_term_string}"},"query-input":{"@type":"PropertyValueSpecification","valueRequired":true,"valueName":"search_term_string"}}],"inLanguage":"en-US"},{"@type":"Organization","@id":"https:\/\/www.autocritica.ro\/en\/#organization","name":"Autocritica","url":"https:\/\/www.autocritica.ro\/en\/","logo":{"@type":"ImageObject","inLanguage":"en-US","@id":"https:\/\/www.autocritica.ro\/en\/#\/schema\/logo\/image\/","url":"https:\/\/www.autocritica.ro\/wp-content\/uploads\/2020\/12\/logo-negru.png","contentUrl":"https:\/\/www.autocritica.ro\/wp-content\/uploads\/2020\/12\/logo-negru.png","width":300,"height":102,"caption":"Autocritica"},"image":{"@id":"https:\/\/www.autocritica.ro\/en\/#\/schema\/logo\/image\/"},"sameAs":["https:\/\/www.facebook.com\/autocritica.ro","https:\/\/www.instagram.com\/autocritica.ro\/"]}]}},"_links":{"self":[{"href":"https:\/\/www.autocritica.ro\/en\/wp-json\/wp\/v2\/live-news\/278800","targetHints":{"allow":["GET"]}}],"collection":[{"href":"https:\/\/www.autocritica.ro\/en\/wp-json\/wp\/v2\/live-news"}],"about":[{"href":"https:\/\/www.autocritica.ro\/en\/wp-json\/wp\/v2\/types\/live-news"}],"author":[{"embeddable":true,"href":"https:\/\/www.autocritica.ro\/en\/wp-json\/wp\/v2\/users\/4"}],"replies":[{"embeddable":true,"href":"https:\/\/www.autocritica.ro\/en\/wp-json\/wp\/v2\/comments?post=278800"}],"version-history":[{"count":3,"href":"https:\/\/www.autocritica.ro\/en\/wp-json\/wp\/v2\/live-news\/278800\/revisions"}],"predecessor-version":[{"id":278827,"href":"https:\/\/www.autocritica.ro\/en\/wp-json\/wp\/v2\/live-news\/278800\/revisions\/278827"}],"wp:featuredmedia":[{"embeddable":true,"href":"https:\/\/www.autocritica.ro\/en\/wp-json\/wp\/v2\/media\/278802"}],"wp:attachment":[{"href":"https:\/\/www.autocritica.ro\/en\/wp-json\/wp\/v2\/media?parent=278800"}],"wp:term":[{"taxonomy":"post_tag","embeddable":true,"href":"https:\/\/www.autocritica.ro\/en\/wp-json\/wp\/v2\/tags?post=278800"}],"curies":[{"name":"wp","href":"https:\/\/api.w.org\/{rel}","templated":true}]}}