{"id":278648,"date":"2026-04-23T10:13:08","date_gmt":"2026-04-23T07:13:08","guid":{"rendered":"https:\/\/www.autocritica.ro\/?post_type=live-news&#038;p=278648"},"modified":"2026-04-23T10:13:35","modified_gmt":"2026-04-23T07:13:35","slug":"vanzari-dacia-in-primul-trimestru-163-cauzele-perturbari-logistice-si-actualizarea-ofertei","status":"publish","type":"live-news","link":"https:\/\/www.autocritica.ro\/en\/live-news\/vanzari-dacia-in-primul-trimestru-163-cauzele-perturbari-logistice-si-actualizarea-ofertei\/","title":{"rendered":"V\u00e2nz\u0103ri Dacia \u00een primul trimestru: -16,3%. Cauzele: perturb\u0103ri logistice \u0219i actualizarea ofertei"},"content":{"rendered":"\n<p>\u2022 Dacia a publicat rezultatele ob\u021binute \u00een primul trimestru la nivel global: sc\u0103dere de 16,3% comparativ cu aceea\u0219i perioad\u0103 a anului trecut (145.335 de unit\u0103\u021bi v\u00e2ndute).<\/p>\n\n\n\n<p>\u2022 Oficialii m\u0103rcii au venit \u0219i cu explica\u021bii vizavi de acest rezultat. Spre exemplu, lunile ianuarie \u0219i februarie au fost puternic afectate de perturb\u0103ri logistice excep\u021bionale (cauzate de condi\u021bii meteo severe care au influen\u021bat traficul maritim \u00een str\u00e2mtoarea Gibraltar). Aceast\u0103 situa\u021bie a generat \u00eent\u00e2rzieri at\u00e2t pe liniile de aprovizionare, c\u00e2t \u0219i pe partea de livrare, precum \u0219i pierderi de produc\u021bie. Un al doilea motiv al sc\u0103derii \u00eel constituie faza de tranzi\u021bie vizavi de oferta de produse, odat\u0103 cu lansarea modelelor \u0219i motoriz\u0103rilor actualizate pentru mai multe modele din gam\u0103.<\/p>\n\n\n\n<p>\u2022 Totu\u0219i, Dacia raporteaz\u0103 cre\u0219terea v\u00e2nz\u0103rilor \u00een Europa \u00een luna martie (+1,9%) \u0219i o cre\u0219tere format\u0103 \u201edin dou\u0103 cifre\u201d a comenzilor.<\/p>\n\n\n\n<p>\u2022 Frank Marotte, vicepre\u0219edintele departamentului de V\u00e2nz\u0103ri \u0219i Marketing din cadrul Dacia, a oferit o serie de detalii vizavi de rezultatele \u00eenregistrate de marc\u0103 \u00een prima parte a anului.<\/p>\n\n\n\n<p>\u2022 Reprezentantul m\u0103rcii spune c\u0103 este \u00eencrez\u0103tor c\u0103 din ultimele estim\u0103ri pe care le are, marca va fi foarte aproape s\u0103 revin\u0103 \u0219i poate chiar s\u0103 dep\u0103\u0219easc\u0103 cu pu\u021bin nivelul din 2025 \u00een ceea ce prive\u0219te v\u00e2nz\u0103rile p\u00e2n\u0103 la jum\u0103tatea anului. Chiar dac\u0103 v\u00e2nz\u0103rile au \u00eenregistrat sc\u0103deri, comenzile sunt pe plus, iar aceste comenzi vor fi livrate \u00een urm\u0103toarea perioad\u0103, deci vor fi \u00eenregistrate pe al doilea trimestru. Totu\u0219i, oficialul men\u021bioneaz\u0103 c\u0103 vor fi foarte precau\u021bi \u00een ceea ce prive\u0219te capacitatea de a furniza, produce, primi \u0219i livra \u00een mod constant \u0219i consecvent ma\u0219inile.<\/p>\n\n\n\n<p>\u2022 \u00cen ceea ce prive\u0219te modelele care \u201educ greul\u201d la nivel de comenzi, Bigster, Sandero \u0219i Spring (\u00een special pe pia\u021ba din Germania; datorit\u0103 subven\u021biilor acordate) sunt cele trei care au \u00eenregistrat cele mai bune valori.<\/p>\n\n\n\n<p>\u2022 Marotte a mai ad\u0103ugat c\u0103 sc\u0103derile majore au fost raportate \u00een Rom\u00e2nia, unde pia\u021ba, \u00een general, trece printr-o perioad\u0103 nefast\u0103, \u0219i \u00een Marea Britanie, acolo unde clien\u021bii au \u00eenceput s\u0103 fac\u0103 trecerea la electric \u00eentr-un procent mai mare, iar Dacia nu are portofoliul necesar s\u0103 fac\u0103 fa\u021b\u0103. Tot \u00een Marea Britaniei s-a observat o cre\u0219tere accelerat\u0103 a v\u00e2nz\u0103rilor m\u0103rcilor din China, iar oficialul Dacia a ad\u0103ugat c\u0103 acest rezultat se r\u0103sfr\u00e2nge asupra tuturor produc\u0103torilor, nu doar asupra Dacia.<\/p>\n\n\n\n<p>\u2022 \u00cen afara UE, Dacia pune accent pe pie\u021bele din Maroc \u0219i, evident, pe cea din Turcia, acolo unde Striker va juca un rol important.<\/p>\n\n\n\n<p>\u2022 Declara\u021biile lui Frank Marotte au fost f\u0103cute \u00een cadrul unei interviu online cu un grup restr\u00e2ns de jurnali\u0219ti din Rom\u00e2nia, iar la discu\u021bie a luat parte \u0219i <a href=\"http:\/\/autocritica.ro\/?fbclid=IwZXh0bgNhZW0CMTAAYnJpZBEwOFF2aVhHZkV3WmtxNWhoUXNydGMGYXBwX2lkEDIyMjAzOTE3ODgyMDA4OTIAAR4kQCYQwIr58vlmHzvOYlTGSdyNExrKH60gwirfscgtx-QCn5GYgndsfTPOuw_aem_KiNCnNQqg4A9MJ1PSmqQ_g\" rel=\"noreferrer noopener\" target=\"_blank\">Autocritica.ro.<\/a><\/p>\n","protected":false},"author":4,"featured_media":271326,"comment_status":"closed","ping_status":"closed","template":"","meta":{"_acf_changed":false,"footnotes":""},"tags":[38],"class_list":["post-278648","live-news","type-live-news","status-publish","has-post-thumbnail","hentry","tag-dacia"],"acf":[],"yoast_head":"<!-- This site is optimized with the Yoast SEO Premium plugin v27.5 (Yoast SEO v27.5) - https:\/\/yoast.com\/product\/yoast-seo-premium-wordpress\/ -->\n<title>V\u00e2nz\u0103ri Dacia \u00een primul trimestru: -16,3%. Cauzele: perturb\u0103ri logistice \u0219i actualizarea ofertei - Autocritica<\/title>\n<meta name=\"robots\" content=\"index, follow, max-snippet:-1, max-image-preview:large, max-video-preview:-1\" \/>\n<link rel=\"canonical\" href=\"https:\/\/www.autocritica.ro\/en\/live-news\/vanzari-dacia-in-primul-trimestru-163-cauzele-perturbari-logistice-si-actualizarea-ofertei\/\" \/>\n<meta property=\"og:locale\" content=\"en_US\" \/>\n<meta property=\"og:type\" content=\"article\" \/>\n<meta property=\"og:title\" content=\"V\u00e2nz\u0103ri Dacia \u00een primul trimestru: -16,3%. Cauzele: perturb\u0103ri logistice \u0219i actualizarea ofertei\" \/>\n<meta property=\"og:description\" content=\"\u2022 Dacia a publicat rezultatele ob\u021binute \u00een primul trimestru la nivel global: sc\u0103dere de 16,3% comparativ cu aceea\u0219i perioad\u0103 a anului trecut (145.335 de\" \/>\n<meta property=\"og:url\" content=\"https:\/\/www.autocritica.ro\/en\/live-news\/vanzari-dacia-in-primul-trimestru-163-cauzele-perturbari-logistice-si-actualizarea-ofertei\/\" \/>\n<meta property=\"og:site_name\" content=\"Autocritica\" \/>\n<meta property=\"article:publisher\" content=\"https:\/\/www.facebook.com\/autocritica.ro\" \/>\n<meta property=\"article:modified_time\" content=\"2026-04-23T07:13:35+00:00\" \/>\n<meta property=\"og:image\" content=\"https:\/\/www.autocritica.ro\/wp-content\/uploads\/2026\/02\/sandero-stepway-lat.jpg\" \/>\n\t<meta property=\"og:image:width\" content=\"2400\" \/>\n\t<meta property=\"og:image:height\" content=\"1600\" \/>\n\t<meta property=\"og:image:type\" content=\"image\/jpeg\" \/>\n<meta name=\"twitter:card\" content=\"summary_large_image\" \/>\n<meta name=\"twitter:label1\" content=\"Est. reading time\" \/>\n\t<meta name=\"twitter:data1\" content=\"2 minutes\" \/>\n<script type=\"application\/ld+json\" class=\"yoast-schema-graph\">{\"@context\":\"https:\\\/\\\/schema.org\",\"@graph\":[{\"@type\":\"WebPage\",\"@id\":\"https:\\\/\\\/www.autocritica.ro\\\/en\\\/live-news\\\/vanzari-dacia-in-primul-trimestru-163-cauzele-perturbari-logistice-si-actualizarea-ofertei\\\/\",\"url\":\"https:\\\/\\\/www.autocritica.ro\\\/en\\\/live-news\\\/vanzari-dacia-in-primul-trimestru-163-cauzele-perturbari-logistice-si-actualizarea-ofertei\\\/\",\"name\":\"V\u00e2nz\u0103ri Dacia \u00een primul trimestru: -16,3%. Cauzele: perturb\u0103ri logistice \u0219i actualizarea ofertei - Autocritica\",\"isPartOf\":{\"@id\":\"https:\\\/\\\/www.autocritica.ro\\\/en\\\/#website\"},\"primaryImageOfPage\":{\"@id\":\"https:\\\/\\\/www.autocritica.ro\\\/en\\\/live-news\\\/vanzari-dacia-in-primul-trimestru-163-cauzele-perturbari-logistice-si-actualizarea-ofertei\\\/#primaryimage\"},\"image\":{\"@id\":\"https:\\\/\\\/www.autocritica.ro\\\/en\\\/live-news\\\/vanzari-dacia-in-primul-trimestru-163-cauzele-perturbari-logistice-si-actualizarea-ofertei\\\/#primaryimage\"},\"thumbnailUrl\":\"https:\\\/\\\/www.autocritica.ro\\\/wp-content\\\/uploads\\\/2026\\\/02\\\/sandero-stepway-lat.jpg\",\"datePublished\":\"2026-04-23T07:13:08+00:00\",\"dateModified\":\"2026-04-23T07:13:35+00:00\",\"breadcrumb\":{\"@id\":\"https:\\\/\\\/www.autocritica.ro\\\/en\\\/live-news\\\/vanzari-dacia-in-primul-trimestru-163-cauzele-perturbari-logistice-si-actualizarea-ofertei\\\/#breadcrumb\"},\"inLanguage\":\"en-US\",\"potentialAction\":[{\"@type\":\"ReadAction\",\"target\":[\"https:\\\/\\\/www.autocritica.ro\\\/en\\\/live-news\\\/vanzari-dacia-in-primul-trimestru-163-cauzele-perturbari-logistice-si-actualizarea-ofertei\\\/\"]}]},{\"@type\":\"ImageObject\",\"inLanguage\":\"en-US\",\"@id\":\"https:\\\/\\\/www.autocritica.ro\\\/en\\\/live-news\\\/vanzari-dacia-in-primul-trimestru-163-cauzele-perturbari-logistice-si-actualizarea-ofertei\\\/#primaryimage\",\"url\":\"https:\\\/\\\/www.autocritica.ro\\\/wp-content\\\/uploads\\\/2026\\\/02\\\/sandero-stepway-lat.jpg\",\"contentUrl\":\"https:\\\/\\\/www.autocritica.ro\\\/wp-content\\\/uploads\\\/2026\\\/02\\\/sandero-stepway-lat.jpg\",\"width\":2400,\"height\":1600},{\"@type\":\"BreadcrumbList\",\"@id\":\"https:\\\/\\\/www.autocritica.ro\\\/en\\\/live-news\\\/vanzari-dacia-in-primul-trimestru-163-cauzele-perturbari-logistice-si-actualizarea-ofertei\\\/#breadcrumb\",\"itemListElement\":[{\"@type\":\"ListItem\",\"position\":1,\"name\":\"Home\",\"item\":\"https:\\\/\\\/www.autocritica.ro\\\/en\\\/\"},{\"@type\":\"ListItem\",\"position\":2,\"name\":\"Live News\",\"item\":\"https:\\\/\\\/www.autocritica.ro\\\/en\\\/live-news\\\/\"},{\"@type\":\"ListItem\",\"position\":3,\"name\":\"V\u00e2nz\u0103ri Dacia \u00een primul trimestru: -16,3%. Cauzele: perturb\u0103ri logistice \u0219i actualizarea ofertei\"}]},{\"@type\":\"WebSite\",\"@id\":\"https:\\\/\\\/www.autocritica.ro\\\/en\\\/#website\",\"url\":\"https:\\\/\\\/www.autocritica.ro\\\/en\\\/\",\"name\":\"Autocritica\",\"description\":\"\",\"publisher\":{\"@id\":\"https:\\\/\\\/www.autocritica.ro\\\/en\\\/#organization\"},\"potentialAction\":[{\"@type\":\"SearchAction\",\"target\":{\"@type\":\"EntryPoint\",\"urlTemplate\":\"https:\\\/\\\/www.autocritica.ro\\\/en\\\/?s={search_term_string}\"},\"query-input\":{\"@type\":\"PropertyValueSpecification\",\"valueRequired\":true,\"valueName\":\"search_term_string\"}}],\"inLanguage\":\"en-US\"},{\"@type\":\"Organization\",\"@id\":\"https:\\\/\\\/www.autocritica.ro\\\/en\\\/#organization\",\"name\":\"Autocritica\",\"url\":\"https:\\\/\\\/www.autocritica.ro\\\/en\\\/\",\"logo\":{\"@type\":\"ImageObject\",\"inLanguage\":\"en-US\",\"@id\":\"https:\\\/\\\/www.autocritica.ro\\\/en\\\/#\\\/schema\\\/logo\\\/image\\\/\",\"url\":\"https:\\\/\\\/www.autocritica.ro\\\/wp-content\\\/uploads\\\/2020\\\/12\\\/logo-negru.png\",\"contentUrl\":\"https:\\\/\\\/www.autocritica.ro\\\/wp-content\\\/uploads\\\/2020\\\/12\\\/logo-negru.png\",\"width\":300,\"height\":102,\"caption\":\"Autocritica\"},\"image\":{\"@id\":\"https:\\\/\\\/www.autocritica.ro\\\/en\\\/#\\\/schema\\\/logo\\\/image\\\/\"},\"sameAs\":[\"https:\\\/\\\/www.facebook.com\\\/autocritica.ro\",\"https:\\\/\\\/www.instagram.com\\\/autocritica.ro\\\/\"]}]}<\/script>\n<!-- \/ Yoast SEO Premium plugin. -->","yoast_head_json":{"title":"V\u00e2nz\u0103ri Dacia \u00een primul trimestru: -16,3%. Cauzele: perturb\u0103ri logistice \u0219i actualizarea ofertei - Autocritica","robots":{"index":"index","follow":"follow","max-snippet":"max-snippet:-1","max-image-preview":"max-image-preview:large","max-video-preview":"max-video-preview:-1"},"canonical":"https:\/\/www.autocritica.ro\/en\/live-news\/vanzari-dacia-in-primul-trimestru-163-cauzele-perturbari-logistice-si-actualizarea-ofertei\/","og_locale":"en_US","og_type":"article","og_title":"V\u00e2nz\u0103ri Dacia \u00een primul trimestru: -16,3%. Cauzele: perturb\u0103ri logistice \u0219i actualizarea ofertei","og_description":"\u2022 Dacia a publicat rezultatele ob\u021binute \u00een primul trimestru la nivel global: sc\u0103dere de 16,3% comparativ cu aceea\u0219i perioad\u0103 a anului trecut (145.335 de","og_url":"https:\/\/www.autocritica.ro\/en\/live-news\/vanzari-dacia-in-primul-trimestru-163-cauzele-perturbari-logistice-si-actualizarea-ofertei\/","og_site_name":"Autocritica","article_publisher":"https:\/\/www.facebook.com\/autocritica.ro","article_modified_time":"2026-04-23T07:13:35+00:00","og_image":[{"width":2400,"height":1600,"url":"https:\/\/www.autocritica.ro\/wp-content\/uploads\/2026\/02\/sandero-stepway-lat.jpg","type":"image\/jpeg"}],"twitter_card":"summary_large_image","twitter_misc":{"Est. reading time":"2 minutes"},"schema":{"@context":"https:\/\/schema.org","@graph":[{"@type":"WebPage","@id":"https:\/\/www.autocritica.ro\/en\/live-news\/vanzari-dacia-in-primul-trimestru-163-cauzele-perturbari-logistice-si-actualizarea-ofertei\/","url":"https:\/\/www.autocritica.ro\/en\/live-news\/vanzari-dacia-in-primul-trimestru-163-cauzele-perturbari-logistice-si-actualizarea-ofertei\/","name":"V\u00e2nz\u0103ri Dacia \u00een primul trimestru: -16,3%. Cauzele: perturb\u0103ri logistice \u0219i actualizarea ofertei - Autocritica","isPartOf":{"@id":"https:\/\/www.autocritica.ro\/en\/#website"},"primaryImageOfPage":{"@id":"https:\/\/www.autocritica.ro\/en\/live-news\/vanzari-dacia-in-primul-trimestru-163-cauzele-perturbari-logistice-si-actualizarea-ofertei\/#primaryimage"},"image":{"@id":"https:\/\/www.autocritica.ro\/en\/live-news\/vanzari-dacia-in-primul-trimestru-163-cauzele-perturbari-logistice-si-actualizarea-ofertei\/#primaryimage"},"thumbnailUrl":"https:\/\/www.autocritica.ro\/wp-content\/uploads\/2026\/02\/sandero-stepway-lat.jpg","datePublished":"2026-04-23T07:13:08+00:00","dateModified":"2026-04-23T07:13:35+00:00","breadcrumb":{"@id":"https:\/\/www.autocritica.ro\/en\/live-news\/vanzari-dacia-in-primul-trimestru-163-cauzele-perturbari-logistice-si-actualizarea-ofertei\/#breadcrumb"},"inLanguage":"en-US","potentialAction":[{"@type":"ReadAction","target":["https:\/\/www.autocritica.ro\/en\/live-news\/vanzari-dacia-in-primul-trimestru-163-cauzele-perturbari-logistice-si-actualizarea-ofertei\/"]}]},{"@type":"ImageObject","inLanguage":"en-US","@id":"https:\/\/www.autocritica.ro\/en\/live-news\/vanzari-dacia-in-primul-trimestru-163-cauzele-perturbari-logistice-si-actualizarea-ofertei\/#primaryimage","url":"https:\/\/www.autocritica.ro\/wp-content\/uploads\/2026\/02\/sandero-stepway-lat.jpg","contentUrl":"https:\/\/www.autocritica.ro\/wp-content\/uploads\/2026\/02\/sandero-stepway-lat.jpg","width":2400,"height":1600},{"@type":"BreadcrumbList","@id":"https:\/\/www.autocritica.ro\/en\/live-news\/vanzari-dacia-in-primul-trimestru-163-cauzele-perturbari-logistice-si-actualizarea-ofertei\/#breadcrumb","itemListElement":[{"@type":"ListItem","position":1,"name":"Home","item":"https:\/\/www.autocritica.ro\/en\/"},{"@type":"ListItem","position":2,"name":"Live News","item":"https:\/\/www.autocritica.ro\/en\/live-news\/"},{"@type":"ListItem","position":3,"name":"V\u00e2nz\u0103ri Dacia \u00een primul trimestru: -16,3%. Cauzele: perturb\u0103ri logistice \u0219i actualizarea ofertei"}]},{"@type":"WebSite","@id":"https:\/\/www.autocritica.ro\/en\/#website","url":"https:\/\/www.autocritica.ro\/en\/","name":"Autocritica","description":"","publisher":{"@id":"https:\/\/www.autocritica.ro\/en\/#organization"},"potentialAction":[{"@type":"SearchAction","target":{"@type":"EntryPoint","urlTemplate":"https:\/\/www.autocritica.ro\/en\/?s={search_term_string}"},"query-input":{"@type":"PropertyValueSpecification","valueRequired":true,"valueName":"search_term_string"}}],"inLanguage":"en-US"},{"@type":"Organization","@id":"https:\/\/www.autocritica.ro\/en\/#organization","name":"Autocritica","url":"https:\/\/www.autocritica.ro\/en\/","logo":{"@type":"ImageObject","inLanguage":"en-US","@id":"https:\/\/www.autocritica.ro\/en\/#\/schema\/logo\/image\/","url":"https:\/\/www.autocritica.ro\/wp-content\/uploads\/2020\/12\/logo-negru.png","contentUrl":"https:\/\/www.autocritica.ro\/wp-content\/uploads\/2020\/12\/logo-negru.png","width":300,"height":102,"caption":"Autocritica"},"image":{"@id":"https:\/\/www.autocritica.ro\/en\/#\/schema\/logo\/image\/"},"sameAs":["https:\/\/www.facebook.com\/autocritica.ro","https:\/\/www.instagram.com\/autocritica.ro\/"]}]}},"_links":{"self":[{"href":"https:\/\/www.autocritica.ro\/en\/wp-json\/wp\/v2\/live-news\/278648","targetHints":{"allow":["GET"]}}],"collection":[{"href":"https:\/\/www.autocritica.ro\/en\/wp-json\/wp\/v2\/live-news"}],"about":[{"href":"https:\/\/www.autocritica.ro\/en\/wp-json\/wp\/v2\/types\/live-news"}],"author":[{"embeddable":true,"href":"https:\/\/www.autocritica.ro\/en\/wp-json\/wp\/v2\/users\/4"}],"replies":[{"embeddable":true,"href":"https:\/\/www.autocritica.ro\/en\/wp-json\/wp\/v2\/comments?post=278648"}],"version-history":[{"count":3,"href":"https:\/\/www.autocritica.ro\/en\/wp-json\/wp\/v2\/live-news\/278648\/revisions"}],"predecessor-version":[{"id":278651,"href":"https:\/\/www.autocritica.ro\/en\/wp-json\/wp\/v2\/live-news\/278648\/revisions\/278651"}],"wp:featuredmedia":[{"embeddable":true,"href":"https:\/\/www.autocritica.ro\/en\/wp-json\/wp\/v2\/media\/271326"}],"wp:attachment":[{"href":"https:\/\/www.autocritica.ro\/en\/wp-json\/wp\/v2\/media?parent=278648"}],"wp:term":[{"taxonomy":"post_tag","embeddable":true,"href":"https:\/\/www.autocritica.ro\/en\/wp-json\/wp\/v2\/tags?post=278648"}],"curies":[{"name":"wp","href":"https:\/\/api.w.org\/{rel}","templated":true}]}}