{"id":278574,"date":"2026-04-22T13:22:54","date_gmt":"2026-04-22T10:22:54","guid":{"rendered":"https:\/\/www.autocritica.ro\/?post_type=live-news&#038;p=278574"},"modified":"2026-04-22T13:23:21","modified_gmt":"2026-04-22T10:23:21","slug":"tesla-model-y-cel-mai-vandut-model-in-europa-in-martie","status":"publish","type":"live-news","link":"https:\/\/www.autocritica.ro\/en\/live-news\/tesla-model-y-cel-mai-vandut-model-in-europa-in-martie\/","title":{"rendered":"Tesla Model Y, cel mai v\u00e2ndut model \u00een Europa \u00een martie"},"content":{"rendered":"\n<p>\u2022 Compania de analiz\u0103 Dataforce a publicat rezultatele v\u00e2nz\u0103rilor \u00eenregistrate \u00een Europa \u00een luna martie.<\/p>\n\n\n\n<p>\u2022 Astfel, luna trecut\u0103, cel mai popular model \u00een r\u00e2ndul europenilor care au cump\u0103rat ma\u0219ini noi a fost Tesla Model Y: 33.723 de unit\u0103\u021bi, \u00een cre\u0219tere cu 116,6% fa\u021b\u0103 de martie 2025.<\/p>\n\n\n\n<p>\u2022 Pe locul secund \u00een topul lunar s-a clasat Nissan Qashqai: 27.832 de unit\u0103\u021bi, \u00een cre\u0219tere cu 15,5% fa\u021b\u0103 de aceea\u0219i perioad\u0103 a anului trecut.<\/p>\n\n\n\n<p>\u2022 Podiumul a fost \u00eencheiat de Renault Clio. Modelul m\u0103rcii franceze a bifat 24.294 de unit\u0103\u021bi, \u00een cre\u0219tere cu 3,8% fa\u021b\u0103 de aceea\u0219i lun\u0103 din 2025.<\/p>\n\n\n\n<p>\u2022 Top 10 cele mai v\u00e2ndute modele \u00een Europa \u00een martie 2026:<\/p>\n\n\n\n<p>1. Tesla Model Y: 33.723 (+116,6%)<br>2. Nissan Qashqai: 27.832 (+15,5%)<br>3. Renault Clio: 24.294 (+3,8%)<br>4. Dacia Sandero: 22.788 (-10,2%)<br>5. Volkswagen Golf: 22.110 (+3%)<br>6. Toyota Yaris Cross: 21.102 (+14,8%)<br>7. Volkswagen T-Roc: 20.095 (-4,3%)<br>8. Peugeot 2008: 19.891 (+3,6%)<br>9. Opel Corsa: 19.515 (-4,5%)<br>10. Volkswagen Tiguan: 19.130 (-8,8%)<\/p>\n\n\n\n<p>\u2022 \u00cen ceea ce prive\u0219te rezultatul pe primul trimestru, Renault Clio \u00ee\u0219i p\u0103streaz\u0103 pozi\u021bia de lider, dup\u0103 ce a dominat primele dou\u0103 luni din an. Pe locul secund se afl\u0103 Tesla Model Y, iar podiumul e completat de Volkswagen Golf.<\/p>\n\n\n\n<p>\u2022 Top 10 cele mai v\u00e2ndute modele \u00een Europa \u00een primul trimestru din 2026:<\/p>\n\n\n\n<p>1. Renault Clio: 55.763 (+1,5%)<br>2. Tesla Model Y: 51.468 (+68,4%)<br>3. Volkswagen Golf: 50.782 (-8,1%)<br>4. Nissan Qashqai: 49.748 (+7,4%)<br>5. Volkswagen T-Roc: 49.291 (-5,1%)<br>6. Toyota Yaris Cross: 49.092 (+3,1%)<br>7. Dacia Sandero: 48.841 (-28,9%)<br>8. Volkswagen Tiguan: 47.045 (-12,5%)<br>9. Peugeot 208: 46.556 (-20,6%)<br>10. Peugeot 2008: 45.637 (-3,9%)<\/p>\n\n\n\n<p>\u2022 Datele analizate de Dataforce includ statele UE, Marea Britanie \u0219i cele trei state din regiunea economic\u0103 EFTA (Islanda, Norvegia \u0219i Elve\u021bia).<\/p>\n\n\n\n<p>\u2022 Via: Automotive News Europe<\/p>\n","protected":false},"author":4,"featured_media":278576,"comment_status":"closed","ping_status":"closed","template":"","meta":{"_acf_changed":false,"footnotes":""},"tags":[],"class_list":["post-278574","live-news","type-live-news","status-publish","has-post-thumbnail","hentry"],"acf":[],"yoast_head":"<!-- This site is optimized with the Yoast SEO Premium plugin v27.5 (Yoast SEO v27.5) - https:\/\/yoast.com\/product\/yoast-seo-premium-wordpress\/ -->\n<title>Tesla Model Y, cel mai v\u00e2ndut model \u00een Europa \u00een martie - Autocritica<\/title>\n<meta name=\"robots\" content=\"index, follow, max-snippet:-1, max-image-preview:large, max-video-preview:-1\" \/>\n<link rel=\"canonical\" href=\"https:\/\/www.autocritica.ro\/en\/live-news\/tesla-model-y-cel-mai-vandut-model-in-europa-in-martie\/\" \/>\n<meta property=\"og:locale\" content=\"en_US\" \/>\n<meta property=\"og:type\" content=\"article\" \/>\n<meta property=\"og:title\" content=\"Tesla Model Y, cel mai v\u00e2ndut model \u00een Europa \u00een martie\" \/>\n<meta property=\"og:description\" content=\"\u2022 Compania de analiz\u0103 Dataforce a publicat rezultatele v\u00e2nz\u0103rilor \u00eenregistrate \u00een Europa \u00een luna martie. \u2022 Astfel, luna trecut\u0103, cel mai popular model \u00een\" \/>\n<meta property=\"og:url\" content=\"https:\/\/www.autocritica.ro\/en\/live-news\/tesla-model-y-cel-mai-vandut-model-in-europa-in-martie\/\" \/>\n<meta property=\"og:site_name\" content=\"Autocritica\" \/>\n<meta property=\"article:publisher\" content=\"https:\/\/www.facebook.com\/autocritica.ro\" \/>\n<meta property=\"article:modified_time\" content=\"2026-04-22T10:23:21+00:00\" \/>\n<meta property=\"og:image\" content=\"https:\/\/www.autocritica.ro\/wp-content\/uploads\/2023\/03\/autocritica-cover.jpg\" \/>\n\t<meta property=\"og:image:width\" content=\"1200\" \/>\n\t<meta property=\"og:image:height\" content=\"675\" \/>\n\t<meta property=\"og:image:type\" content=\"image\/jpeg\" \/>\n<meta name=\"twitter:card\" content=\"summary_large_image\" \/>\n<meta name=\"twitter:label1\" content=\"Est. reading time\" \/>\n\t<meta name=\"twitter:data1\" content=\"1 minute\" \/>\n<script type=\"application\/ld+json\" class=\"yoast-schema-graph\">{\"@context\":\"https:\\\/\\\/schema.org\",\"@graph\":[{\"@type\":\"WebPage\",\"@id\":\"https:\\\/\\\/www.autocritica.ro\\\/en\\\/live-news\\\/tesla-model-y-cel-mai-vandut-model-in-europa-in-martie\\\/\",\"url\":\"https:\\\/\\\/www.autocritica.ro\\\/en\\\/live-news\\\/tesla-model-y-cel-mai-vandut-model-in-europa-in-martie\\\/\",\"name\":\"Tesla Model Y, cel mai v\u00e2ndut model \u00een Europa \u00een martie - Autocritica\",\"isPartOf\":{\"@id\":\"https:\\\/\\\/www.autocritica.ro\\\/en\\\/#website\"},\"primaryImageOfPage\":{\"@id\":\"https:\\\/\\\/www.autocritica.ro\\\/en\\\/live-news\\\/tesla-model-y-cel-mai-vandut-model-in-europa-in-martie\\\/#primaryimage\"},\"image\":{\"@id\":\"https:\\\/\\\/www.autocritica.ro\\\/en\\\/live-news\\\/tesla-model-y-cel-mai-vandut-model-in-europa-in-martie\\\/#primaryimage\"},\"thumbnailUrl\":\"https:\\\/\\\/www.autocritica.ro\\\/wp-content\\\/uploads\\\/2026\\\/04\\\/Model-Y-Standard-Hero-Desktop-scaled.avif\",\"datePublished\":\"2026-04-22T10:22:54+00:00\",\"dateModified\":\"2026-04-22T10:23:21+00:00\",\"breadcrumb\":{\"@id\":\"https:\\\/\\\/www.autocritica.ro\\\/en\\\/live-news\\\/tesla-model-y-cel-mai-vandut-model-in-europa-in-martie\\\/#breadcrumb\"},\"inLanguage\":\"en-US\",\"potentialAction\":[{\"@type\":\"ReadAction\",\"target\":[\"https:\\\/\\\/www.autocritica.ro\\\/en\\\/live-news\\\/tesla-model-y-cel-mai-vandut-model-in-europa-in-martie\\\/\"]}]},{\"@type\":\"ImageObject\",\"inLanguage\":\"en-US\",\"@id\":\"https:\\\/\\\/www.autocritica.ro\\\/en\\\/live-news\\\/tesla-model-y-cel-mai-vandut-model-in-europa-in-martie\\\/#primaryimage\",\"url\":\"https:\\\/\\\/www.autocritica.ro\\\/wp-content\\\/uploads\\\/2026\\\/04\\\/Model-Y-Standard-Hero-Desktop-scaled.avif\",\"contentUrl\":\"https:\\\/\\\/www.autocritica.ro\\\/wp-content\\\/uploads\\\/2026\\\/04\\\/Model-Y-Standard-Hero-Desktop-scaled.avif\",\"width\":2560,\"height\":1250},{\"@type\":\"BreadcrumbList\",\"@id\":\"https:\\\/\\\/www.autocritica.ro\\\/en\\\/live-news\\\/tesla-model-y-cel-mai-vandut-model-in-europa-in-martie\\\/#breadcrumb\",\"itemListElement\":[{\"@type\":\"ListItem\",\"position\":1,\"name\":\"Home\",\"item\":\"https:\\\/\\\/www.autocritica.ro\\\/en\\\/\"},{\"@type\":\"ListItem\",\"position\":2,\"name\":\"Live News\",\"item\":\"https:\\\/\\\/www.autocritica.ro\\\/en\\\/live-news\\\/\"},{\"@type\":\"ListItem\",\"position\":3,\"name\":\"Tesla Model Y, cel mai v\u00e2ndut model \u00een Europa \u00een martie\"}]},{\"@type\":\"WebSite\",\"@id\":\"https:\\\/\\\/www.autocritica.ro\\\/en\\\/#website\",\"url\":\"https:\\\/\\\/www.autocritica.ro\\\/en\\\/\",\"name\":\"Autocritica\",\"description\":\"\",\"publisher\":{\"@id\":\"https:\\\/\\\/www.autocritica.ro\\\/en\\\/#organization\"},\"potentialAction\":[{\"@type\":\"SearchAction\",\"target\":{\"@type\":\"EntryPoint\",\"urlTemplate\":\"https:\\\/\\\/www.autocritica.ro\\\/en\\\/?s={search_term_string}\"},\"query-input\":{\"@type\":\"PropertyValueSpecification\",\"valueRequired\":true,\"valueName\":\"search_term_string\"}}],\"inLanguage\":\"en-US\"},{\"@type\":\"Organization\",\"@id\":\"https:\\\/\\\/www.autocritica.ro\\\/en\\\/#organization\",\"name\":\"Autocritica\",\"url\":\"https:\\\/\\\/www.autocritica.ro\\\/en\\\/\",\"logo\":{\"@type\":\"ImageObject\",\"inLanguage\":\"en-US\",\"@id\":\"https:\\\/\\\/www.autocritica.ro\\\/en\\\/#\\\/schema\\\/logo\\\/image\\\/\",\"url\":\"https:\\\/\\\/www.autocritica.ro\\\/wp-content\\\/uploads\\\/2020\\\/12\\\/logo-negru.png\",\"contentUrl\":\"https:\\\/\\\/www.autocritica.ro\\\/wp-content\\\/uploads\\\/2020\\\/12\\\/logo-negru.png\",\"width\":300,\"height\":102,\"caption\":\"Autocritica\"},\"image\":{\"@id\":\"https:\\\/\\\/www.autocritica.ro\\\/en\\\/#\\\/schema\\\/logo\\\/image\\\/\"},\"sameAs\":[\"https:\\\/\\\/www.facebook.com\\\/autocritica.ro\",\"https:\\\/\\\/www.instagram.com\\\/autocritica.ro\\\/\"]}]}<\/script>\n<!-- \/ Yoast SEO Premium plugin. -->","yoast_head_json":{"title":"Tesla Model Y, cel mai v\u00e2ndut model \u00een Europa \u00een martie - Autocritica","robots":{"index":"index","follow":"follow","max-snippet":"max-snippet:-1","max-image-preview":"max-image-preview:large","max-video-preview":"max-video-preview:-1"},"canonical":"https:\/\/www.autocritica.ro\/en\/live-news\/tesla-model-y-cel-mai-vandut-model-in-europa-in-martie\/","og_locale":"en_US","og_type":"article","og_title":"Tesla Model Y, cel mai v\u00e2ndut model \u00een Europa \u00een martie","og_description":"\u2022 Compania de analiz\u0103 Dataforce a publicat rezultatele v\u00e2nz\u0103rilor \u00eenregistrate \u00een Europa \u00een luna martie. \u2022 Astfel, luna trecut\u0103, cel mai popular model \u00een","og_url":"https:\/\/www.autocritica.ro\/en\/live-news\/tesla-model-y-cel-mai-vandut-model-in-europa-in-martie\/","og_site_name":"Autocritica","article_publisher":"https:\/\/www.facebook.com\/autocritica.ro","article_modified_time":"2026-04-22T10:23:21+00:00","og_image":[{"width":1200,"height":675,"url":"https:\/\/www.autocritica.ro\/wp-content\/uploads\/2023\/03\/autocritica-cover.jpg","type":"image\/jpeg"}],"twitter_card":"summary_large_image","twitter_misc":{"Est. reading time":"1 minute"},"schema":{"@context":"https:\/\/schema.org","@graph":[{"@type":"WebPage","@id":"https:\/\/www.autocritica.ro\/en\/live-news\/tesla-model-y-cel-mai-vandut-model-in-europa-in-martie\/","url":"https:\/\/www.autocritica.ro\/en\/live-news\/tesla-model-y-cel-mai-vandut-model-in-europa-in-martie\/","name":"Tesla Model Y, cel mai v\u00e2ndut model \u00een Europa \u00een martie - Autocritica","isPartOf":{"@id":"https:\/\/www.autocritica.ro\/en\/#website"},"primaryImageOfPage":{"@id":"https:\/\/www.autocritica.ro\/en\/live-news\/tesla-model-y-cel-mai-vandut-model-in-europa-in-martie\/#primaryimage"},"image":{"@id":"https:\/\/www.autocritica.ro\/en\/live-news\/tesla-model-y-cel-mai-vandut-model-in-europa-in-martie\/#primaryimage"},"thumbnailUrl":"https:\/\/www.autocritica.ro\/wp-content\/uploads\/2026\/04\/Model-Y-Standard-Hero-Desktop-scaled.avif","datePublished":"2026-04-22T10:22:54+00:00","dateModified":"2026-04-22T10:23:21+00:00","breadcrumb":{"@id":"https:\/\/www.autocritica.ro\/en\/live-news\/tesla-model-y-cel-mai-vandut-model-in-europa-in-martie\/#breadcrumb"},"inLanguage":"en-US","potentialAction":[{"@type":"ReadAction","target":["https:\/\/www.autocritica.ro\/en\/live-news\/tesla-model-y-cel-mai-vandut-model-in-europa-in-martie\/"]}]},{"@type":"ImageObject","inLanguage":"en-US","@id":"https:\/\/www.autocritica.ro\/en\/live-news\/tesla-model-y-cel-mai-vandut-model-in-europa-in-martie\/#primaryimage","url":"https:\/\/www.autocritica.ro\/wp-content\/uploads\/2026\/04\/Model-Y-Standard-Hero-Desktop-scaled.avif","contentUrl":"https:\/\/www.autocritica.ro\/wp-content\/uploads\/2026\/04\/Model-Y-Standard-Hero-Desktop-scaled.avif","width":2560,"height":1250},{"@type":"BreadcrumbList","@id":"https:\/\/www.autocritica.ro\/en\/live-news\/tesla-model-y-cel-mai-vandut-model-in-europa-in-martie\/#breadcrumb","itemListElement":[{"@type":"ListItem","position":1,"name":"Home","item":"https:\/\/www.autocritica.ro\/en\/"},{"@type":"ListItem","position":2,"name":"Live News","item":"https:\/\/www.autocritica.ro\/en\/live-news\/"},{"@type":"ListItem","position":3,"name":"Tesla Model Y, cel mai v\u00e2ndut model \u00een Europa \u00een martie"}]},{"@type":"WebSite","@id":"https:\/\/www.autocritica.ro\/en\/#website","url":"https:\/\/www.autocritica.ro\/en\/","name":"Autocritica","description":"","publisher":{"@id":"https:\/\/www.autocritica.ro\/en\/#organization"},"potentialAction":[{"@type":"SearchAction","target":{"@type":"EntryPoint","urlTemplate":"https:\/\/www.autocritica.ro\/en\/?s={search_term_string}"},"query-input":{"@type":"PropertyValueSpecification","valueRequired":true,"valueName":"search_term_string"}}],"inLanguage":"en-US"},{"@type":"Organization","@id":"https:\/\/www.autocritica.ro\/en\/#organization","name":"Autocritica","url":"https:\/\/www.autocritica.ro\/en\/","logo":{"@type":"ImageObject","inLanguage":"en-US","@id":"https:\/\/www.autocritica.ro\/en\/#\/schema\/logo\/image\/","url":"https:\/\/www.autocritica.ro\/wp-content\/uploads\/2020\/12\/logo-negru.png","contentUrl":"https:\/\/www.autocritica.ro\/wp-content\/uploads\/2020\/12\/logo-negru.png","width":300,"height":102,"caption":"Autocritica"},"image":{"@id":"https:\/\/www.autocritica.ro\/en\/#\/schema\/logo\/image\/"},"sameAs":["https:\/\/www.facebook.com\/autocritica.ro","https:\/\/www.instagram.com\/autocritica.ro\/"]}]}},"_links":{"self":[{"href":"https:\/\/www.autocritica.ro\/en\/wp-json\/wp\/v2\/live-news\/278574","targetHints":{"allow":["GET"]}}],"collection":[{"href":"https:\/\/www.autocritica.ro\/en\/wp-json\/wp\/v2\/live-news"}],"about":[{"href":"https:\/\/www.autocritica.ro\/en\/wp-json\/wp\/v2\/types\/live-news"}],"author":[{"embeddable":true,"href":"https:\/\/www.autocritica.ro\/en\/wp-json\/wp\/v2\/users\/4"}],"replies":[{"embeddable":true,"href":"https:\/\/www.autocritica.ro\/en\/wp-json\/wp\/v2\/comments?post=278574"}],"version-history":[{"count":3,"href":"https:\/\/www.autocritica.ro\/en\/wp-json\/wp\/v2\/live-news\/278574\/revisions"}],"predecessor-version":[{"id":278580,"href":"https:\/\/www.autocritica.ro\/en\/wp-json\/wp\/v2\/live-news\/278574\/revisions\/278580"}],"wp:featuredmedia":[{"embeddable":true,"href":"https:\/\/www.autocritica.ro\/en\/wp-json\/wp\/v2\/media\/278576"}],"wp:attachment":[{"href":"https:\/\/www.autocritica.ro\/en\/wp-json\/wp\/v2\/media?parent=278574"}],"wp:term":[{"taxonomy":"post_tag","embeddable":true,"href":"https:\/\/www.autocritica.ro\/en\/wp-json\/wp\/v2\/tags?post=278574"}],"curies":[{"name":"wp","href":"https:\/\/api.w.org\/{rel}","templated":true}]}}