{"id":278568,"date":"2026-04-22T12:51:17","date_gmt":"2026-04-22T09:51:17","guid":{"rendered":"https:\/\/www.autocritica.ro\/?post_type=live-news&#038;p=278568"},"modified":"2026-04-22T13:22:31","modified_gmt":"2026-04-22T10:22:31","slug":"horse-w30-primul-v6-al-companie-30-litri-160-de-kilograme-si-gandit-pentru-configuratii-mild-si-full-hybrid","status":"publish","type":"live-news","link":"https:\/\/www.autocritica.ro\/en\/live-news\/horse-w30-primul-v6-al-companie-30-litri-160-de-kilograme-si-gandit-pentru-configuratii-mild-si-full-hybrid\/","title":{"rendered":"Horse W30, primul V6 al companiei: 3,0 litri, 160 de kilograme \u0219i g\u00e2ndit pentru configura\u021bii mild \u0219i full-hybrid"},"content":{"rendered":"\n<p>\u2022 Horse Powertrain, joint-venture-ul dintre Geely, Renault \u0219i Aramco, va prezenta \u00een cadrul Salonului Auto de la Beijing (24 aprilie &#8211; 3 mai) primul motor V6 al companiei (Horse W30).<\/p>\n\n\n\n<p>\u2022 Acesta are 3,0 litri \u0219i va putea fi folosit \u00eempreun\u0103 cu sisteme mild-hybrid sau \u00een configura\u021bii full-hybrid. Conform reprezentan\u021bilor companiei, motorul c\u00e2nt\u0103re\u0219te 160 de kilograme, cu 10 kilograme mai pu\u021bin comparativ cu cel mai u\u0219or V6 disponibil \u00een prezent.<\/p>\n\n\n\n<p>\u2022 Motorul poate livra \u00eentre 475 \u0219i 543 CP \u0219i \u00eentre 600 \u0219i 700 Nm. Tura\u021bia maxim\u0103 va fi de 8.000 rpm.<\/p>\n\n\n\n<p>\u2022 Horse W30 poate fi folosit at\u00e2t \u00een configura\u021bii longitudinale, c\u00e2t \u0219i transversale, iar primele modele care vor fi echipate cu acest motor ar urma s\u0103 ajung\u0103 pe pia\u021b\u0103 \u00een 2028.<\/p>\n\n\n\n<p>\u2022 \u00cen cadrul Salonului Auto de la Beijing, Horse Powertrain va expune motorul W30 al\u0103turi de noua transmisie automat\u0103 cu patru rapoarte 4LDHT (dedicated hybrid transmission).<\/p>\n\n\n\n<p>\u2022 Via: Horse Powertrain<\/p>\n","protected":false},"author":4,"featured_media":278570,"comment_status":"closed","ping_status":"closed","template":"","meta":{"_acf_changed":false,"footnotes":""},"tags":[6633],"class_list":["post-278568","live-news","type-live-news","status-publish","has-post-thumbnail","hentry","tag-horsepowertrain"],"acf":[],"yoast_head":"<!-- This site is optimized with the Yoast SEO Premium plugin v27.5 (Yoast SEO v27.5) - https:\/\/yoast.com\/product\/yoast-seo-premium-wordpress\/ -->\n<title>Horse W30, primul V6 al companiei: 3,0 litri, 160 de kilograme \u0219i g\u00e2ndit pentru configura\u021bii mild \u0219i full-hybrid - Autocritica<\/title>\n<meta name=\"robots\" content=\"index, follow, max-snippet:-1, max-image-preview:large, max-video-preview:-1\" \/>\n<link rel=\"canonical\" href=\"https:\/\/www.autocritica.ro\/en\/live-news\/horse-w30-primul-v6-al-companie-30-litri-160-de-kilograme-si-gandit-pentru-configuratii-mild-si-full-hybrid\/\" \/>\n<meta property=\"og:locale\" content=\"en_US\" \/>\n<meta property=\"og:type\" content=\"article\" \/>\n<meta property=\"og:title\" content=\"Horse W30, primul V6 al companiei: 3,0 litri, 160 de kilograme \u0219i g\u00e2ndit pentru configura\u021bii mild \u0219i full-hybrid\" \/>\n<meta property=\"og:description\" content=\"\u2022 Horse Powertrain, joint-venture-ul dintre Geely, Renault \u0219i Aramco, va prezenta \u00een cadrul Salonului Auto de la Beijing (24 aprilie - 3 mai) primul motor\" \/>\n<meta property=\"og:url\" content=\"https:\/\/www.autocritica.ro\/en\/live-news\/horse-w30-primul-v6-al-companie-30-litri-160-de-kilograme-si-gandit-pentru-configuratii-mild-si-full-hybrid\/\" \/>\n<meta property=\"og:site_name\" content=\"Autocritica\" \/>\n<meta property=\"article:publisher\" content=\"https:\/\/www.facebook.com\/autocritica.ro\" \/>\n<meta property=\"article:modified_time\" content=\"2026-04-22T10:22:31+00:00\" \/>\n<meta property=\"og:image\" content=\"https:\/\/www.autocritica.ro\/wp-content\/uploads\/2026\/04\/W30_4LDHT_Front-scaled.jpg\" \/>\n\t<meta property=\"og:image:width\" content=\"2560\" \/>\n\t<meta property=\"og:image:height\" content=\"2560\" \/>\n\t<meta property=\"og:image:type\" content=\"image\/jpeg\" \/>\n<meta name=\"twitter:card\" content=\"summary_large_image\" \/>\n<meta name=\"twitter:label1\" content=\"Est. reading time\" \/>\n\t<meta name=\"twitter:data1\" content=\"1 minute\" \/>\n<script type=\"application\/ld+json\" class=\"yoast-schema-graph\">{\"@context\":\"https:\\\/\\\/schema.org\",\"@graph\":[{\"@type\":\"WebPage\",\"@id\":\"https:\\\/\\\/www.autocritica.ro\\\/en\\\/live-news\\\/horse-w30-primul-v6-al-companie-30-litri-160-de-kilograme-si-gandit-pentru-configuratii-mild-si-full-hybrid\\\/\",\"url\":\"https:\\\/\\\/www.autocritica.ro\\\/en\\\/live-news\\\/horse-w30-primul-v6-al-companie-30-litri-160-de-kilograme-si-gandit-pentru-configuratii-mild-si-full-hybrid\\\/\",\"name\":\"Horse W30, primul V6 al companiei: 3,0 litri, 160 de kilograme \u0219i g\u00e2ndit pentru configura\u021bii mild \u0219i full-hybrid - Autocritica\",\"isPartOf\":{\"@id\":\"https:\\\/\\\/www.autocritica.ro\\\/en\\\/#website\"},\"primaryImageOfPage\":{\"@id\":\"https:\\\/\\\/www.autocritica.ro\\\/en\\\/live-news\\\/horse-w30-primul-v6-al-companie-30-litri-160-de-kilograme-si-gandit-pentru-configuratii-mild-si-full-hybrid\\\/#primaryimage\"},\"image\":{\"@id\":\"https:\\\/\\\/www.autocritica.ro\\\/en\\\/live-news\\\/horse-w30-primul-v6-al-companie-30-litri-160-de-kilograme-si-gandit-pentru-configuratii-mild-si-full-hybrid\\\/#primaryimage\"},\"thumbnailUrl\":\"https:\\\/\\\/www.autocritica.ro\\\/wp-content\\\/uploads\\\/2026\\\/04\\\/W30_4LDHT_Front-scaled.jpg\",\"datePublished\":\"2026-04-22T09:51:17+00:00\",\"dateModified\":\"2026-04-22T10:22:31+00:00\",\"breadcrumb\":{\"@id\":\"https:\\\/\\\/www.autocritica.ro\\\/en\\\/live-news\\\/horse-w30-primul-v6-al-companie-30-litri-160-de-kilograme-si-gandit-pentru-configuratii-mild-si-full-hybrid\\\/#breadcrumb\"},\"inLanguage\":\"en-US\",\"potentialAction\":[{\"@type\":\"ReadAction\",\"target\":[\"https:\\\/\\\/www.autocritica.ro\\\/en\\\/live-news\\\/horse-w30-primul-v6-al-companie-30-litri-160-de-kilograme-si-gandit-pentru-configuratii-mild-si-full-hybrid\\\/\"]}]},{\"@type\":\"ImageObject\",\"inLanguage\":\"en-US\",\"@id\":\"https:\\\/\\\/www.autocritica.ro\\\/en\\\/live-news\\\/horse-w30-primul-v6-al-companie-30-litri-160-de-kilograme-si-gandit-pentru-configuratii-mild-si-full-hybrid\\\/#primaryimage\",\"url\":\"https:\\\/\\\/www.autocritica.ro\\\/wp-content\\\/uploads\\\/2026\\\/04\\\/W30_4LDHT_Front-scaled.jpg\",\"contentUrl\":\"https:\\\/\\\/www.autocritica.ro\\\/wp-content\\\/uploads\\\/2026\\\/04\\\/W30_4LDHT_Front-scaled.jpg\",\"width\":2560,\"height\":2560},{\"@type\":\"BreadcrumbList\",\"@id\":\"https:\\\/\\\/www.autocritica.ro\\\/en\\\/live-news\\\/horse-w30-primul-v6-al-companie-30-litri-160-de-kilograme-si-gandit-pentru-configuratii-mild-si-full-hybrid\\\/#breadcrumb\",\"itemListElement\":[{\"@type\":\"ListItem\",\"position\":1,\"name\":\"Home\",\"item\":\"https:\\\/\\\/www.autocritica.ro\\\/en\\\/\"},{\"@type\":\"ListItem\",\"position\":2,\"name\":\"Live News\",\"item\":\"https:\\\/\\\/www.autocritica.ro\\\/en\\\/live-news\\\/\"},{\"@type\":\"ListItem\",\"position\":3,\"name\":\"Horse W30, primul V6 al companiei: 3,0 litri, 160 de kilograme \u0219i g\u00e2ndit pentru configura\u021bii mild \u0219i full-hybrid\"}]},{\"@type\":\"WebSite\",\"@id\":\"https:\\\/\\\/www.autocritica.ro\\\/en\\\/#website\",\"url\":\"https:\\\/\\\/www.autocritica.ro\\\/en\\\/\",\"name\":\"Autocritica\",\"description\":\"\",\"publisher\":{\"@id\":\"https:\\\/\\\/www.autocritica.ro\\\/en\\\/#organization\"},\"potentialAction\":[{\"@type\":\"SearchAction\",\"target\":{\"@type\":\"EntryPoint\",\"urlTemplate\":\"https:\\\/\\\/www.autocritica.ro\\\/en\\\/?s={search_term_string}\"},\"query-input\":{\"@type\":\"PropertyValueSpecification\",\"valueRequired\":true,\"valueName\":\"search_term_string\"}}],\"inLanguage\":\"en-US\"},{\"@type\":\"Organization\",\"@id\":\"https:\\\/\\\/www.autocritica.ro\\\/en\\\/#organization\",\"name\":\"Autocritica\",\"url\":\"https:\\\/\\\/www.autocritica.ro\\\/en\\\/\",\"logo\":{\"@type\":\"ImageObject\",\"inLanguage\":\"en-US\",\"@id\":\"https:\\\/\\\/www.autocritica.ro\\\/en\\\/#\\\/schema\\\/logo\\\/image\\\/\",\"url\":\"https:\\\/\\\/www.autocritica.ro\\\/wp-content\\\/uploads\\\/2020\\\/12\\\/logo-negru.png\",\"contentUrl\":\"https:\\\/\\\/www.autocritica.ro\\\/wp-content\\\/uploads\\\/2020\\\/12\\\/logo-negru.png\",\"width\":300,\"height\":102,\"caption\":\"Autocritica\"},\"image\":{\"@id\":\"https:\\\/\\\/www.autocritica.ro\\\/en\\\/#\\\/schema\\\/logo\\\/image\\\/\"},\"sameAs\":[\"https:\\\/\\\/www.facebook.com\\\/autocritica.ro\",\"https:\\\/\\\/www.instagram.com\\\/autocritica.ro\\\/\"]}]}<\/script>\n<!-- \/ Yoast SEO Premium plugin. -->","yoast_head_json":{"title":"Horse W30, primul V6 al companiei: 3,0 litri, 160 de kilograme \u0219i g\u00e2ndit pentru configura\u021bii mild \u0219i full-hybrid - Autocritica","robots":{"index":"index","follow":"follow","max-snippet":"max-snippet:-1","max-image-preview":"max-image-preview:large","max-video-preview":"max-video-preview:-1"},"canonical":"https:\/\/www.autocritica.ro\/en\/live-news\/horse-w30-primul-v6-al-companie-30-litri-160-de-kilograme-si-gandit-pentru-configuratii-mild-si-full-hybrid\/","og_locale":"en_US","og_type":"article","og_title":"Horse W30, primul V6 al companiei: 3,0 litri, 160 de kilograme \u0219i g\u00e2ndit pentru configura\u021bii mild \u0219i full-hybrid","og_description":"\u2022 Horse Powertrain, joint-venture-ul dintre Geely, Renault \u0219i Aramco, va prezenta \u00een cadrul Salonului Auto de la Beijing (24 aprilie - 3 mai) primul motor","og_url":"https:\/\/www.autocritica.ro\/en\/live-news\/horse-w30-primul-v6-al-companie-30-litri-160-de-kilograme-si-gandit-pentru-configuratii-mild-si-full-hybrid\/","og_site_name":"Autocritica","article_publisher":"https:\/\/www.facebook.com\/autocritica.ro","article_modified_time":"2026-04-22T10:22:31+00:00","og_image":[{"width":2560,"height":2560,"url":"https:\/\/www.autocritica.ro\/wp-content\/uploads\/2026\/04\/W30_4LDHT_Front-scaled.jpg","type":"image\/jpeg"}],"twitter_card":"summary_large_image","twitter_misc":{"Est. reading time":"1 minute"},"schema":{"@context":"https:\/\/schema.org","@graph":[{"@type":"WebPage","@id":"https:\/\/www.autocritica.ro\/en\/live-news\/horse-w30-primul-v6-al-companie-30-litri-160-de-kilograme-si-gandit-pentru-configuratii-mild-si-full-hybrid\/","url":"https:\/\/www.autocritica.ro\/en\/live-news\/horse-w30-primul-v6-al-companie-30-litri-160-de-kilograme-si-gandit-pentru-configuratii-mild-si-full-hybrid\/","name":"Horse W30, primul V6 al companiei: 3,0 litri, 160 de kilograme \u0219i g\u00e2ndit pentru configura\u021bii mild \u0219i full-hybrid - Autocritica","isPartOf":{"@id":"https:\/\/www.autocritica.ro\/en\/#website"},"primaryImageOfPage":{"@id":"https:\/\/www.autocritica.ro\/en\/live-news\/horse-w30-primul-v6-al-companie-30-litri-160-de-kilograme-si-gandit-pentru-configuratii-mild-si-full-hybrid\/#primaryimage"},"image":{"@id":"https:\/\/www.autocritica.ro\/en\/live-news\/horse-w30-primul-v6-al-companie-30-litri-160-de-kilograme-si-gandit-pentru-configuratii-mild-si-full-hybrid\/#primaryimage"},"thumbnailUrl":"https:\/\/www.autocritica.ro\/wp-content\/uploads\/2026\/04\/W30_4LDHT_Front-scaled.jpg","datePublished":"2026-04-22T09:51:17+00:00","dateModified":"2026-04-22T10:22:31+00:00","breadcrumb":{"@id":"https:\/\/www.autocritica.ro\/en\/live-news\/horse-w30-primul-v6-al-companie-30-litri-160-de-kilograme-si-gandit-pentru-configuratii-mild-si-full-hybrid\/#breadcrumb"},"inLanguage":"en-US","potentialAction":[{"@type":"ReadAction","target":["https:\/\/www.autocritica.ro\/en\/live-news\/horse-w30-primul-v6-al-companie-30-litri-160-de-kilograme-si-gandit-pentru-configuratii-mild-si-full-hybrid\/"]}]},{"@type":"ImageObject","inLanguage":"en-US","@id":"https:\/\/www.autocritica.ro\/en\/live-news\/horse-w30-primul-v6-al-companie-30-litri-160-de-kilograme-si-gandit-pentru-configuratii-mild-si-full-hybrid\/#primaryimage","url":"https:\/\/www.autocritica.ro\/wp-content\/uploads\/2026\/04\/W30_4LDHT_Front-scaled.jpg","contentUrl":"https:\/\/www.autocritica.ro\/wp-content\/uploads\/2026\/04\/W30_4LDHT_Front-scaled.jpg","width":2560,"height":2560},{"@type":"BreadcrumbList","@id":"https:\/\/www.autocritica.ro\/en\/live-news\/horse-w30-primul-v6-al-companie-30-litri-160-de-kilograme-si-gandit-pentru-configuratii-mild-si-full-hybrid\/#breadcrumb","itemListElement":[{"@type":"ListItem","position":1,"name":"Home","item":"https:\/\/www.autocritica.ro\/en\/"},{"@type":"ListItem","position":2,"name":"Live News","item":"https:\/\/www.autocritica.ro\/en\/live-news\/"},{"@type":"ListItem","position":3,"name":"Horse W30, primul V6 al companiei: 3,0 litri, 160 de kilograme \u0219i g\u00e2ndit pentru configura\u021bii mild \u0219i full-hybrid"}]},{"@type":"WebSite","@id":"https:\/\/www.autocritica.ro\/en\/#website","url":"https:\/\/www.autocritica.ro\/en\/","name":"Autocritica","description":"","publisher":{"@id":"https:\/\/www.autocritica.ro\/en\/#organization"},"potentialAction":[{"@type":"SearchAction","target":{"@type":"EntryPoint","urlTemplate":"https:\/\/www.autocritica.ro\/en\/?s={search_term_string}"},"query-input":{"@type":"PropertyValueSpecification","valueRequired":true,"valueName":"search_term_string"}}],"inLanguage":"en-US"},{"@type":"Organization","@id":"https:\/\/www.autocritica.ro\/en\/#organization","name":"Autocritica","url":"https:\/\/www.autocritica.ro\/en\/","logo":{"@type":"ImageObject","inLanguage":"en-US","@id":"https:\/\/www.autocritica.ro\/en\/#\/schema\/logo\/image\/","url":"https:\/\/www.autocritica.ro\/wp-content\/uploads\/2020\/12\/logo-negru.png","contentUrl":"https:\/\/www.autocritica.ro\/wp-content\/uploads\/2020\/12\/logo-negru.png","width":300,"height":102,"caption":"Autocritica"},"image":{"@id":"https:\/\/www.autocritica.ro\/en\/#\/schema\/logo\/image\/"},"sameAs":["https:\/\/www.facebook.com\/autocritica.ro","https:\/\/www.instagram.com\/autocritica.ro\/"]}]}},"_links":{"self":[{"href":"https:\/\/www.autocritica.ro\/en\/wp-json\/wp\/v2\/live-news\/278568","targetHints":{"allow":["GET"]}}],"collection":[{"href":"https:\/\/www.autocritica.ro\/en\/wp-json\/wp\/v2\/live-news"}],"about":[{"href":"https:\/\/www.autocritica.ro\/en\/wp-json\/wp\/v2\/types\/live-news"}],"author":[{"embeddable":true,"href":"https:\/\/www.autocritica.ro\/en\/wp-json\/wp\/v2\/users\/4"}],"replies":[{"embeddable":true,"href":"https:\/\/www.autocritica.ro\/en\/wp-json\/wp\/v2\/comments?post=278568"}],"version-history":[{"count":4,"href":"https:\/\/www.autocritica.ro\/en\/wp-json\/wp\/v2\/live-news\/278568\/revisions"}],"predecessor-version":[{"id":278578,"href":"https:\/\/www.autocritica.ro\/en\/wp-json\/wp\/v2\/live-news\/278568\/revisions\/278578"}],"wp:featuredmedia":[{"embeddable":true,"href":"https:\/\/www.autocritica.ro\/en\/wp-json\/wp\/v2\/media\/278570"}],"wp:attachment":[{"href":"https:\/\/www.autocritica.ro\/en\/wp-json\/wp\/v2\/media?parent=278568"}],"wp:term":[{"taxonomy":"post_tag","embeddable":true,"href":"https:\/\/www.autocritica.ro\/en\/wp-json\/wp\/v2\/tags?post=278568"}],"curies":[{"name":"wp","href":"https:\/\/api.w.org\/{rel}","templated":true}]}}