{"id":278561,"date":"2026-04-22T11:15:22","date_gmt":"2026-04-22T08:15:22","guid":{"rendered":"https:\/\/www.autocritica.ro\/?post_type=live-news&#038;p=278561"},"modified":"2026-04-22T11:16:11","modified_gmt":"2026-04-22T08:16:11","slug":"noul-smart-concept-2-forme-de-smart-fortwo-si-autonomie-estimata-de-300-km","status":"publish","type":"live-news","link":"https:\/\/www.autocritica.ro\/en\/live-news\/noul-smart-concept-2-forme-de-smart-fortwo-si-autonomie-estimata-de-300-km\/","title":{"rendered":"Noul smart Concept #2: forme de smart ForTwo \u0219i autonomie estimat\u0103 de 300 km"},"content":{"rendered":"\n<p>\u2022&nbsp;Smart a publicat primele imagini \u0219i detalii referitoare la Concept #2, prototipul unui viitor model electric de ora\u0219.&nbsp;<\/p>\n\n\n\n<p>\u2022&nbsp;Din punct de vedere estetic, conceptul preia o mul\u021bime dintre tr\u0103s\u0103turile cu care smart ForTwo a f\u0103cut carier\u0103 \u00een Europa.&nbsp;<\/p>\n\n\n\n<p>\u2022&nbsp;Partea estetic\u0103 cade sub filozofia de design actual\u0103 a m\u0103rcii smart (se nume\u0219te \u201eLove, Pure, Unexpected\u201d) iar responsabil\u0103 de proiect a fost o echip\u0103 a Mercedes-Benz.&nbsp;<\/p>\n\n\n\n<p>\u2022&nbsp;Conceptul are o lungime de 2.792 de mm.&nbsp;<\/p>\n\n\n\n<p>\u2022&nbsp;Modelul de serie va folosi noua platform\u0103 Electric Compact Architecture. Reprezentan\u021bii m\u0103rcii spun c\u0103 \u021binta va fi o autonomie de 300 de kilometri \u0219i o re\u00eenc\u0103rcare la sta\u021bii DC de la 10 la 80% \u00een 20 de minute. De pe lista dot\u0103rilor nu ar urma s\u0103 lipseasc\u0103 nici func\u021bia Vehicle to Load, care permite alimentarea unor echipamente electrice externe de la bateria ma\u0219inii.&nbsp;<\/p>\n\n\n\n<p>\u2022&nbsp;Prezentarea oficial\u0103 a modelului de serie derivat din smart Concept #2 va avea loc \u00een cadrul Salonului Auto de la Paris din octombrie.<\/p>\n\n\n\n<p>\u2022&nbsp;Via: smart<\/p>\n\n\n\n<p><\/p>\n","protected":false},"author":4,"featured_media":278563,"comment_status":"closed","ping_status":"closed","template":"","meta":{"_acf_changed":false,"footnotes":""},"tags":[1008,6632,961],"class_list":["post-278561","live-news","type-live-news","status-publish","has-post-thumbnail","hentry","tag-masini-electrice","tag-smart-concept-2","tag-smart-fortwo"],"acf":[],"yoast_head":"<!-- This site is optimized with the Yoast SEO Premium plugin v27.5 (Yoast SEO v27.5) - https:\/\/yoast.com\/product\/yoast-seo-premium-wordpress\/ -->\n<title>Noul smart Concept #2: forme de smart ForTwo \u0219i autonomie estimat\u0103 de 300 km - Autocritica<\/title>\n<meta name=\"robots\" content=\"index, follow, max-snippet:-1, max-image-preview:large, max-video-preview:-1\" \/>\n<link rel=\"canonical\" href=\"https:\/\/www.autocritica.ro\/en\/live-news\/noul-smart-concept-2-forme-de-smart-fortwo-si-autonomie-estimata-de-300-km\/\" \/>\n<meta property=\"og:locale\" content=\"en_US\" \/>\n<meta property=\"og:type\" content=\"article\" \/>\n<meta property=\"og:title\" content=\"Noul smart Concept #2: forme de smart ForTwo \u0219i autonomie estimat\u0103 de 300 km\" \/>\n<meta property=\"og:description\" content=\"\u2022&nbsp;Smart a publicat primele imagini \u0219i detalii referitoare la Concept #2, prototipul unui viitor model electric de ora\u0219.&nbsp; \u2022&nbsp;Din punct de\" \/>\n<meta property=\"og:url\" content=\"https:\/\/www.autocritica.ro\/en\/live-news\/noul-smart-concept-2-forme-de-smart-fortwo-si-autonomie-estimata-de-300-km\/\" \/>\n<meta property=\"og:site_name\" content=\"Autocritica\" \/>\n<meta property=\"article:publisher\" content=\"https:\/\/www.facebook.com\/autocritica.ro\" \/>\n<meta property=\"article:modified_time\" content=\"2026-04-22T08:16:11+00:00\" \/>\n<meta property=\"og:image\" content=\"https:\/\/www.autocritica.ro\/wp-content\/uploads\/2026\/04\/01_smart_concepthashtag2_beauty_3_4_front_hires-1-scaled.jpg\" \/>\n\t<meta property=\"og:image:width\" content=\"2560\" \/>\n\t<meta property=\"og:image:height\" content=\"1782\" \/>\n\t<meta property=\"og:image:type\" content=\"image\/jpeg\" \/>\n<meta name=\"twitter:card\" content=\"summary_large_image\" \/>\n<meta name=\"twitter:label1\" content=\"Est. reading time\" \/>\n\t<meta name=\"twitter:data1\" content=\"1 minute\" \/>\n<script type=\"application\/ld+json\" class=\"yoast-schema-graph\">{\"@context\":\"https:\\\/\\\/schema.org\",\"@graph\":[{\"@type\":\"WebPage\",\"@id\":\"https:\\\/\\\/www.autocritica.ro\\\/en\\\/live-news\\\/noul-smart-concept-2-forme-de-smart-fortwo-si-autonomie-estimata-de-300-km\\\/\",\"url\":\"https:\\\/\\\/www.autocritica.ro\\\/en\\\/live-news\\\/noul-smart-concept-2-forme-de-smart-fortwo-si-autonomie-estimata-de-300-km\\\/\",\"name\":\"Noul smart Concept #2: forme de smart ForTwo \u0219i autonomie estimat\u0103 de 300 km - Autocritica\",\"isPartOf\":{\"@id\":\"https:\\\/\\\/www.autocritica.ro\\\/en\\\/#website\"},\"primaryImageOfPage\":{\"@id\":\"https:\\\/\\\/www.autocritica.ro\\\/en\\\/live-news\\\/noul-smart-concept-2-forme-de-smart-fortwo-si-autonomie-estimata-de-300-km\\\/#primaryimage\"},\"image\":{\"@id\":\"https:\\\/\\\/www.autocritica.ro\\\/en\\\/live-news\\\/noul-smart-concept-2-forme-de-smart-fortwo-si-autonomie-estimata-de-300-km\\\/#primaryimage\"},\"thumbnailUrl\":\"https:\\\/\\\/www.autocritica.ro\\\/wp-content\\\/uploads\\\/2026\\\/04\\\/01_smart_concepthashtag2_beauty_3_4_front_hires-1-scaled.jpg\",\"datePublished\":\"2026-04-22T08:15:22+00:00\",\"dateModified\":\"2026-04-22T08:16:11+00:00\",\"breadcrumb\":{\"@id\":\"https:\\\/\\\/www.autocritica.ro\\\/en\\\/live-news\\\/noul-smart-concept-2-forme-de-smart-fortwo-si-autonomie-estimata-de-300-km\\\/#breadcrumb\"},\"inLanguage\":\"en-US\",\"potentialAction\":[{\"@type\":\"ReadAction\",\"target\":[\"https:\\\/\\\/www.autocritica.ro\\\/en\\\/live-news\\\/noul-smart-concept-2-forme-de-smart-fortwo-si-autonomie-estimata-de-300-km\\\/\"]}]},{\"@type\":\"ImageObject\",\"inLanguage\":\"en-US\",\"@id\":\"https:\\\/\\\/www.autocritica.ro\\\/en\\\/live-news\\\/noul-smart-concept-2-forme-de-smart-fortwo-si-autonomie-estimata-de-300-km\\\/#primaryimage\",\"url\":\"https:\\\/\\\/www.autocritica.ro\\\/wp-content\\\/uploads\\\/2026\\\/04\\\/01_smart_concepthashtag2_beauty_3_4_front_hires-1-scaled.jpg\",\"contentUrl\":\"https:\\\/\\\/www.autocritica.ro\\\/wp-content\\\/uploads\\\/2026\\\/04\\\/01_smart_concepthashtag2_beauty_3_4_front_hires-1-scaled.jpg\",\"width\":2560,\"height\":1782},{\"@type\":\"BreadcrumbList\",\"@id\":\"https:\\\/\\\/www.autocritica.ro\\\/en\\\/live-news\\\/noul-smart-concept-2-forme-de-smart-fortwo-si-autonomie-estimata-de-300-km\\\/#breadcrumb\",\"itemListElement\":[{\"@type\":\"ListItem\",\"position\":1,\"name\":\"Home\",\"item\":\"https:\\\/\\\/www.autocritica.ro\\\/en\\\/\"},{\"@type\":\"ListItem\",\"position\":2,\"name\":\"Live News\",\"item\":\"https:\\\/\\\/www.autocritica.ro\\\/en\\\/live-news\\\/\"},{\"@type\":\"ListItem\",\"position\":3,\"name\":\"Noul smart Concept #2: forme de smart ForTwo \u0219i autonomie estimat\u0103 de 300 km\"}]},{\"@type\":\"WebSite\",\"@id\":\"https:\\\/\\\/www.autocritica.ro\\\/en\\\/#website\",\"url\":\"https:\\\/\\\/www.autocritica.ro\\\/en\\\/\",\"name\":\"Autocritica\",\"description\":\"\",\"publisher\":{\"@id\":\"https:\\\/\\\/www.autocritica.ro\\\/en\\\/#organization\"},\"potentialAction\":[{\"@type\":\"SearchAction\",\"target\":{\"@type\":\"EntryPoint\",\"urlTemplate\":\"https:\\\/\\\/www.autocritica.ro\\\/en\\\/?s={search_term_string}\"},\"query-input\":{\"@type\":\"PropertyValueSpecification\",\"valueRequired\":true,\"valueName\":\"search_term_string\"}}],\"inLanguage\":\"en-US\"},{\"@type\":\"Organization\",\"@id\":\"https:\\\/\\\/www.autocritica.ro\\\/en\\\/#organization\",\"name\":\"Autocritica\",\"url\":\"https:\\\/\\\/www.autocritica.ro\\\/en\\\/\",\"logo\":{\"@type\":\"ImageObject\",\"inLanguage\":\"en-US\",\"@id\":\"https:\\\/\\\/www.autocritica.ro\\\/en\\\/#\\\/schema\\\/logo\\\/image\\\/\",\"url\":\"https:\\\/\\\/www.autocritica.ro\\\/wp-content\\\/uploads\\\/2020\\\/12\\\/logo-negru.png\",\"contentUrl\":\"https:\\\/\\\/www.autocritica.ro\\\/wp-content\\\/uploads\\\/2020\\\/12\\\/logo-negru.png\",\"width\":300,\"height\":102,\"caption\":\"Autocritica\"},\"image\":{\"@id\":\"https:\\\/\\\/www.autocritica.ro\\\/en\\\/#\\\/schema\\\/logo\\\/image\\\/\"},\"sameAs\":[\"https:\\\/\\\/www.facebook.com\\\/autocritica.ro\",\"https:\\\/\\\/www.instagram.com\\\/autocritica.ro\\\/\"]}]}<\/script>\n<!-- \/ Yoast SEO Premium plugin. -->","yoast_head_json":{"title":"Noul smart Concept #2: forme de smart ForTwo \u0219i autonomie estimat\u0103 de 300 km - Autocritica","robots":{"index":"index","follow":"follow","max-snippet":"max-snippet:-1","max-image-preview":"max-image-preview:large","max-video-preview":"max-video-preview:-1"},"canonical":"https:\/\/www.autocritica.ro\/en\/live-news\/noul-smart-concept-2-forme-de-smart-fortwo-si-autonomie-estimata-de-300-km\/","og_locale":"en_US","og_type":"article","og_title":"Noul smart Concept #2: forme de smart ForTwo \u0219i autonomie estimat\u0103 de 300 km","og_description":"\u2022&nbsp;Smart a publicat primele imagini \u0219i detalii referitoare la Concept #2, prototipul unui viitor model electric de ora\u0219.&nbsp; \u2022&nbsp;Din punct de","og_url":"https:\/\/www.autocritica.ro\/en\/live-news\/noul-smart-concept-2-forme-de-smart-fortwo-si-autonomie-estimata-de-300-km\/","og_site_name":"Autocritica","article_publisher":"https:\/\/www.facebook.com\/autocritica.ro","article_modified_time":"2026-04-22T08:16:11+00:00","og_image":[{"width":2560,"height":1782,"url":"https:\/\/www.autocritica.ro\/wp-content\/uploads\/2026\/04\/01_smart_concepthashtag2_beauty_3_4_front_hires-1-scaled.jpg","type":"image\/jpeg"}],"twitter_card":"summary_large_image","twitter_misc":{"Est. reading time":"1 minute"},"schema":{"@context":"https:\/\/schema.org","@graph":[{"@type":"WebPage","@id":"https:\/\/www.autocritica.ro\/en\/live-news\/noul-smart-concept-2-forme-de-smart-fortwo-si-autonomie-estimata-de-300-km\/","url":"https:\/\/www.autocritica.ro\/en\/live-news\/noul-smart-concept-2-forme-de-smart-fortwo-si-autonomie-estimata-de-300-km\/","name":"Noul smart Concept #2: forme de smart ForTwo \u0219i autonomie estimat\u0103 de 300 km - Autocritica","isPartOf":{"@id":"https:\/\/www.autocritica.ro\/en\/#website"},"primaryImageOfPage":{"@id":"https:\/\/www.autocritica.ro\/en\/live-news\/noul-smart-concept-2-forme-de-smart-fortwo-si-autonomie-estimata-de-300-km\/#primaryimage"},"image":{"@id":"https:\/\/www.autocritica.ro\/en\/live-news\/noul-smart-concept-2-forme-de-smart-fortwo-si-autonomie-estimata-de-300-km\/#primaryimage"},"thumbnailUrl":"https:\/\/www.autocritica.ro\/wp-content\/uploads\/2026\/04\/01_smart_concepthashtag2_beauty_3_4_front_hires-1-scaled.jpg","datePublished":"2026-04-22T08:15:22+00:00","dateModified":"2026-04-22T08:16:11+00:00","breadcrumb":{"@id":"https:\/\/www.autocritica.ro\/en\/live-news\/noul-smart-concept-2-forme-de-smart-fortwo-si-autonomie-estimata-de-300-km\/#breadcrumb"},"inLanguage":"en-US","potentialAction":[{"@type":"ReadAction","target":["https:\/\/www.autocritica.ro\/en\/live-news\/noul-smart-concept-2-forme-de-smart-fortwo-si-autonomie-estimata-de-300-km\/"]}]},{"@type":"ImageObject","inLanguage":"en-US","@id":"https:\/\/www.autocritica.ro\/en\/live-news\/noul-smart-concept-2-forme-de-smart-fortwo-si-autonomie-estimata-de-300-km\/#primaryimage","url":"https:\/\/www.autocritica.ro\/wp-content\/uploads\/2026\/04\/01_smart_concepthashtag2_beauty_3_4_front_hires-1-scaled.jpg","contentUrl":"https:\/\/www.autocritica.ro\/wp-content\/uploads\/2026\/04\/01_smart_concepthashtag2_beauty_3_4_front_hires-1-scaled.jpg","width":2560,"height":1782},{"@type":"BreadcrumbList","@id":"https:\/\/www.autocritica.ro\/en\/live-news\/noul-smart-concept-2-forme-de-smart-fortwo-si-autonomie-estimata-de-300-km\/#breadcrumb","itemListElement":[{"@type":"ListItem","position":1,"name":"Home","item":"https:\/\/www.autocritica.ro\/en\/"},{"@type":"ListItem","position":2,"name":"Live News","item":"https:\/\/www.autocritica.ro\/en\/live-news\/"},{"@type":"ListItem","position":3,"name":"Noul smart Concept #2: forme de smart ForTwo \u0219i autonomie estimat\u0103 de 300 km"}]},{"@type":"WebSite","@id":"https:\/\/www.autocritica.ro\/en\/#website","url":"https:\/\/www.autocritica.ro\/en\/","name":"Autocritica","description":"","publisher":{"@id":"https:\/\/www.autocritica.ro\/en\/#organization"},"potentialAction":[{"@type":"SearchAction","target":{"@type":"EntryPoint","urlTemplate":"https:\/\/www.autocritica.ro\/en\/?s={search_term_string}"},"query-input":{"@type":"PropertyValueSpecification","valueRequired":true,"valueName":"search_term_string"}}],"inLanguage":"en-US"},{"@type":"Organization","@id":"https:\/\/www.autocritica.ro\/en\/#organization","name":"Autocritica","url":"https:\/\/www.autocritica.ro\/en\/","logo":{"@type":"ImageObject","inLanguage":"en-US","@id":"https:\/\/www.autocritica.ro\/en\/#\/schema\/logo\/image\/","url":"https:\/\/www.autocritica.ro\/wp-content\/uploads\/2020\/12\/logo-negru.png","contentUrl":"https:\/\/www.autocritica.ro\/wp-content\/uploads\/2020\/12\/logo-negru.png","width":300,"height":102,"caption":"Autocritica"},"image":{"@id":"https:\/\/www.autocritica.ro\/en\/#\/schema\/logo\/image\/"},"sameAs":["https:\/\/www.facebook.com\/autocritica.ro","https:\/\/www.instagram.com\/autocritica.ro\/"]}]}},"_links":{"self":[{"href":"https:\/\/www.autocritica.ro\/en\/wp-json\/wp\/v2\/live-news\/278561","targetHints":{"allow":["GET"]}}],"collection":[{"href":"https:\/\/www.autocritica.ro\/en\/wp-json\/wp\/v2\/live-news"}],"about":[{"href":"https:\/\/www.autocritica.ro\/en\/wp-json\/wp\/v2\/types\/live-news"}],"author":[{"embeddable":true,"href":"https:\/\/www.autocritica.ro\/en\/wp-json\/wp\/v2\/users\/4"}],"replies":[{"embeddable":true,"href":"https:\/\/www.autocritica.ro\/en\/wp-json\/wp\/v2\/comments?post=278561"}],"version-history":[{"count":3,"href":"https:\/\/www.autocritica.ro\/en\/wp-json\/wp\/v2\/live-news\/278561\/revisions"}],"predecessor-version":[{"id":278566,"href":"https:\/\/www.autocritica.ro\/en\/wp-json\/wp\/v2\/live-news\/278561\/revisions\/278566"}],"wp:featuredmedia":[{"embeddable":true,"href":"https:\/\/www.autocritica.ro\/en\/wp-json\/wp\/v2\/media\/278563"}],"wp:attachment":[{"href":"https:\/\/www.autocritica.ro\/en\/wp-json\/wp\/v2\/media?parent=278561"}],"wp:term":[{"taxonomy":"post_tag","embeddable":true,"href":"https:\/\/www.autocritica.ro\/en\/wp-json\/wp\/v2\/tags?post=278561"}],"curies":[{"name":"wp","href":"https:\/\/api.w.org\/{rel}","templated":true}]}}