{"id":278432,"date":"2026-04-20T19:18:37","date_gmt":"2026-04-20T16:18:37","guid":{"rendered":"https:\/\/www.autocritica.ro\/?post_type=live-news&#038;p=278432"},"modified":"2026-04-20T19:18:59","modified_gmt":"2026-04-20T16:18:59","slug":"noul-model-electric-hyundai-ioniq-3","status":"publish","type":"live-news","link":"https:\/\/www.autocritica.ro\/en\/live-news\/noul-model-electric-hyundai-ioniq-3\/","title":{"rendered":"Noul model electric Hyundai Ioniq 3"},"content":{"rendered":"\n<p>\u2022 Hyundai a publicat primele imagini \u0219i detalii referitoare la noul model electric Ioniq 3.<\/p>\n\n\n\n<p>\u2022 Noul Ioniq 3 este dezvoltat pe versiunea la 400V a platformei E-GMP, aceea\u0219i arhitectur\u0103 disponibil\u0103 \u00een prezent pe Kia EV3.&nbsp;<\/p>\n\n\n\n<p>\u2022 Dou\u0103 op\u021biuni pentru baterie: 42,2 kWh (Standard Range) \u0219i 61 kWh (Long Range).<\/p>\n\n\n\n<p>\u2022 Dou\u0103 motoriz\u0103ri: 135 CP \u0219i 147 CP (ambele cu ro\u021bi motrice fa\u021b\u0103 \u0219i cuplu de 250 Nm).<\/p>\n\n\n\n<p>\u2022 Autonomie maxim\u0103: 344 km (Standard Range), respectiv 496 km (Long Range).<\/p>\n\n\n\n<p>\u2022 \u00cenc\u0103rcare AC la 11 kW (22 kW op\u021bional). 10-80% \u00een 30 de minute (puterea maxim\u0103 nu a fost men\u021bionat\u0103).<\/p>\n\n\n\n<p>\u2022 Portbagaj de 441 de litri.<\/p>\n\n\n\n<p>\u2022 Modelul electric Ioniq 3 va fi produs \u00een Turcia.<\/p>\n\n\n\n<p>\u2022 Via: Hyundai<\/p>\n\n\n\n<figure class=\"wp-block-gallery has-nested-images columns-default is-cropped wp-block-gallery-1 is-layout-flex wp-block-gallery-is-layout-flex\">\n<figure class=\"wp-block-image size-large\"><a href=\"https:\/\/www.autocritica.ro\/wp-content\/uploads\/2026\/04\/hyundai-ioniq-3-unveil-0426-exterior-01_png_bfc_off-1.jpg\" data-lbwps-width=\"3068\" data-lbwps-height=\"2046\" data-lbwps-srcsmall=\"https:\/\/www.autocritica.ro\/wp-content\/uploads\/2026\/04\/hyundai-ioniq-3-unveil-0426-exterior-01_png_bfc_off-1-300x200.jpg\"><img loading=\"lazy\" decoding=\"async\" width=\"1024\" height=\"683\" data-id=\"278467\" src=\"https:\/\/www.autocritica.ro\/wp-content\/uploads\/2026\/04\/hyundai-ioniq-3-unveil-0426-exterior-01_png_bfc_off-1-1024x683.jpg\" alt=\"\" class=\"wp-image-278467\" srcset=\"https:\/\/www.autocritica.ro\/wp-content\/uploads\/2026\/04\/hyundai-ioniq-3-unveil-0426-exterior-01_png_bfc_off-1-1024x683.jpg 1024w, https:\/\/www.autocritica.ro\/wp-content\/uploads\/2026\/04\/hyundai-ioniq-3-unveil-0426-exterior-01_png_bfc_off-1-300x200.jpg 300w, https:\/\/www.autocritica.ro\/wp-content\/uploads\/2026\/04\/hyundai-ioniq-3-unveil-0426-exterior-01_png_bfc_off-1-768x512.jpg 768w, https:\/\/www.autocritica.ro\/wp-content\/uploads\/2026\/04\/hyundai-ioniq-3-unveil-0426-exterior-01_png_bfc_off-1-1536x1024.jpg 1536w, https:\/\/www.autocritica.ro\/wp-content\/uploads\/2026\/04\/hyundai-ioniq-3-unveil-0426-exterior-01_png_bfc_off-1-2048x1366.jpg 2048w, https:\/\/www.autocritica.ro\/wp-content\/uploads\/2026\/04\/hyundai-ioniq-3-unveil-0426-exterior-01_png_bfc_off-1-1200x800.jpg 1200w, https:\/\/www.autocritica.ro\/wp-content\/uploads\/2026\/04\/hyundai-ioniq-3-unveil-0426-exterior-01_png_bfc_off-1-1000x666.jpg 1000w, https:\/\/www.autocritica.ro\/wp-content\/uploads\/2026\/04\/hyundai-ioniq-3-unveil-0426-exterior-01_png_bfc_off-1-2000x1333.jpg 2000w\" sizes=\"auto, (max-width: 1024px) 100vw, 1024px\" \/><\/a><\/figure>\n\n\n\n<figure class=\"wp-block-image size-large\"><a href=\"https:\/\/www.autocritica.ro\/wp-content\/uploads\/2026\/04\/hyundai-ioniq-3-unveil-0426-exterior-02_png_bfc_off-1.jpg\" data-lbwps-width=\"3416\" data-lbwps-height=\"2278\" data-lbwps-srcsmall=\"https:\/\/www.autocritica.ro\/wp-content\/uploads\/2026\/04\/hyundai-ioniq-3-unveil-0426-exterior-02_png_bfc_off-1-300x200.jpg\"><img loading=\"lazy\" decoding=\"async\" width=\"1024\" height=\"683\" data-id=\"278457\" src=\"https:\/\/www.autocritica.ro\/wp-content\/uploads\/2026\/04\/hyundai-ioniq-3-unveil-0426-exterior-02_png_bfc_off-1-1024x683.jpg\" alt=\"\" class=\"wp-image-278457\" srcset=\"https:\/\/www.autocritica.ro\/wp-content\/uploads\/2026\/04\/hyundai-ioniq-3-unveil-0426-exterior-02_png_bfc_off-1-1024x683.jpg 1024w, https:\/\/www.autocritica.ro\/wp-content\/uploads\/2026\/04\/hyundai-ioniq-3-unveil-0426-exterior-02_png_bfc_off-1-300x200.jpg 300w, https:\/\/www.autocritica.ro\/wp-content\/uploads\/2026\/04\/hyundai-ioniq-3-unveil-0426-exterior-02_png_bfc_off-1-768x512.jpg 768w, https:\/\/www.autocritica.ro\/wp-content\/uploads\/2026\/04\/hyundai-ioniq-3-unveil-0426-exterior-02_png_bfc_off-1-1536x1024.jpg 1536w, https:\/\/www.autocritica.ro\/wp-content\/uploads\/2026\/04\/hyundai-ioniq-3-unveil-0426-exterior-02_png_bfc_off-1-2048x1366.jpg 2048w, https:\/\/www.autocritica.ro\/wp-content\/uploads\/2026\/04\/hyundai-ioniq-3-unveil-0426-exterior-02_png_bfc_off-1-1200x800.jpg 1200w, https:\/\/www.autocritica.ro\/wp-content\/uploads\/2026\/04\/hyundai-ioniq-3-unveil-0426-exterior-02_png_bfc_off-1-1000x666.jpg 1000w, https:\/\/www.autocritica.ro\/wp-content\/uploads\/2026\/04\/hyundai-ioniq-3-unveil-0426-exterior-02_png_bfc_off-1-2000x1333.jpg 2000w\" sizes=\"auto, (max-width: 1024px) 100vw, 1024px\" \/><\/a><\/figure>\n\n\n\n<figure class=\"wp-block-image size-large\"><a href=\"https:\/\/www.autocritica.ro\/wp-content\/uploads\/2026\/04\/hyundai-ioniq-3-unveil-0426-exterior-03_png_bfc_off-1.jpg\" data-lbwps-width=\"2895\" data-lbwps-height=\"1931\" data-lbwps-srcsmall=\"https:\/\/www.autocritica.ro\/wp-content\/uploads\/2026\/04\/hyundai-ioniq-3-unveil-0426-exterior-03_png_bfc_off-1-300x200.jpg\"><img loading=\"lazy\" decoding=\"async\" width=\"1024\" height=\"683\" data-id=\"278462\" src=\"https:\/\/www.autocritica.ro\/wp-content\/uploads\/2026\/04\/hyundai-ioniq-3-unveil-0426-exterior-03_png_bfc_off-1-1024x683.jpg\" alt=\"\" class=\"wp-image-278462\" srcset=\"https:\/\/www.autocritica.ro\/wp-content\/uploads\/2026\/04\/hyundai-ioniq-3-unveil-0426-exterior-03_png_bfc_off-1-1024x683.jpg 1024w, https:\/\/www.autocritica.ro\/wp-content\/uploads\/2026\/04\/hyundai-ioniq-3-unveil-0426-exterior-03_png_bfc_off-1-300x200.jpg 300w, https:\/\/www.autocritica.ro\/wp-content\/uploads\/2026\/04\/hyundai-ioniq-3-unveil-0426-exterior-03_png_bfc_off-1-768x512.jpg 768w, https:\/\/www.autocritica.ro\/wp-content\/uploads\/2026\/04\/hyundai-ioniq-3-unveil-0426-exterior-03_png_bfc_off-1-1536x1025.jpg 1536w, https:\/\/www.autocritica.ro\/wp-content\/uploads\/2026\/04\/hyundai-ioniq-3-unveil-0426-exterior-03_png_bfc_off-1-2048x1366.jpg 2048w, https:\/\/www.autocritica.ro\/wp-content\/uploads\/2026\/04\/hyundai-ioniq-3-unveil-0426-exterior-03_png_bfc_off-1-1200x800.jpg 1200w, https:\/\/www.autocritica.ro\/wp-content\/uploads\/2026\/04\/hyundai-ioniq-3-unveil-0426-exterior-03_png_bfc_off-1-1000x666.jpg 1000w, https:\/\/www.autocritica.ro\/wp-content\/uploads\/2026\/04\/hyundai-ioniq-3-unveil-0426-exterior-03_png_bfc_off-1-2000x1333.jpg 2000w\" sizes=\"auto, (max-width: 1024px) 100vw, 1024px\" \/><\/a><\/figure>\n\n\n\n<figure class=\"wp-block-image size-large\"><a href=\"https:\/\/www.autocritica.ro\/wp-content\/uploads\/2026\/04\/hyundai-ioniq-3-unveil-0426-exterior-04_png_bfc_off-1.jpg\" data-lbwps-width=\"2996\" data-lbwps-height=\"1999\" data-lbwps-srcsmall=\"https:\/\/www.autocritica.ro\/wp-content\/uploads\/2026\/04\/hyundai-ioniq-3-unveil-0426-exterior-04_png_bfc_off-1-300x200.jpg\"><img loading=\"lazy\" decoding=\"async\" width=\"1024\" height=\"683\" data-id=\"278461\" src=\"https:\/\/www.autocritica.ro\/wp-content\/uploads\/2026\/04\/hyundai-ioniq-3-unveil-0426-exterior-04_png_bfc_off-1-1024x683.jpg\" alt=\"\" class=\"wp-image-278461\" srcset=\"https:\/\/www.autocritica.ro\/wp-content\/uploads\/2026\/04\/hyundai-ioniq-3-unveil-0426-exterior-04_png_bfc_off-1-1024x683.jpg 1024w, https:\/\/www.autocritica.ro\/wp-content\/uploads\/2026\/04\/hyundai-ioniq-3-unveil-0426-exterior-04_png_bfc_off-1-300x200.jpg 300w, https:\/\/www.autocritica.ro\/wp-content\/uploads\/2026\/04\/hyundai-ioniq-3-unveil-0426-exterior-04_png_bfc_off-1-768x512.jpg 768w, https:\/\/www.autocritica.ro\/wp-content\/uploads\/2026\/04\/hyundai-ioniq-3-unveil-0426-exterior-04_png_bfc_off-1-1536x1025.jpg 1536w, https:\/\/www.autocritica.ro\/wp-content\/uploads\/2026\/04\/hyundai-ioniq-3-unveil-0426-exterior-04_png_bfc_off-1-2048x1366.jpg 2048w, https:\/\/www.autocritica.ro\/wp-content\/uploads\/2026\/04\/hyundai-ioniq-3-unveil-0426-exterior-04_png_bfc_off-1-1200x800.jpg 1200w, https:\/\/www.autocritica.ro\/wp-content\/uploads\/2026\/04\/hyundai-ioniq-3-unveil-0426-exterior-04_png_bfc_off-1-1000x666.jpg 1000w, https:\/\/www.autocritica.ro\/wp-content\/uploads\/2026\/04\/hyundai-ioniq-3-unveil-0426-exterior-04_png_bfc_off-1-2000x1333.jpg 2000w\" sizes=\"auto, (max-width: 1024px) 100vw, 1024px\" \/><\/a><\/figure>\n\n\n\n<figure class=\"wp-block-image size-large\"><a href=\"https:\/\/www.autocritica.ro\/wp-content\/uploads\/2026\/04\/hyundai-ioniq-3-unveil-0426-exterior-07_png_bfc_off.jpg\" data-lbwps-width=\"3387\" data-lbwps-height=\"2257\" data-lbwps-srcsmall=\"https:\/\/www.autocritica.ro\/wp-content\/uploads\/2026\/04\/hyundai-ioniq-3-unveil-0426-exterior-07_png_bfc_off-300x200.jpg\"><img loading=\"lazy\" decoding=\"async\" width=\"1024\" height=\"682\" data-id=\"278465\" src=\"https:\/\/www.autocritica.ro\/wp-content\/uploads\/2026\/04\/hyundai-ioniq-3-unveil-0426-exterior-07_png_bfc_off-1024x682.jpg\" alt=\"\" class=\"wp-image-278465\" srcset=\"https:\/\/www.autocritica.ro\/wp-content\/uploads\/2026\/04\/hyundai-ioniq-3-unveil-0426-exterior-07_png_bfc_off-1024x682.jpg 1024w, https:\/\/www.autocritica.ro\/wp-content\/uploads\/2026\/04\/hyundai-ioniq-3-unveil-0426-exterior-07_png_bfc_off-300x200.jpg 300w, https:\/\/www.autocritica.ro\/wp-content\/uploads\/2026\/04\/hyundai-ioniq-3-unveil-0426-exterior-07_png_bfc_off-768x512.jpg 768w, https:\/\/www.autocritica.ro\/wp-content\/uploads\/2026\/04\/hyundai-ioniq-3-unveil-0426-exterior-07_png_bfc_off-1536x1024.jpg 1536w, https:\/\/www.autocritica.ro\/wp-content\/uploads\/2026\/04\/hyundai-ioniq-3-unveil-0426-exterior-07_png_bfc_off-2048x1365.jpg 2048w, https:\/\/www.autocritica.ro\/wp-content\/uploads\/2026\/04\/hyundai-ioniq-3-unveil-0426-exterior-07_png_bfc_off-1200x800.jpg 1200w, https:\/\/www.autocritica.ro\/wp-content\/uploads\/2026\/04\/hyundai-ioniq-3-unveil-0426-exterior-07_png_bfc_off-1000x666.jpg 1000w, https:\/\/www.autocritica.ro\/wp-content\/uploads\/2026\/04\/hyundai-ioniq-3-unveil-0426-exterior-07_png_bfc_off-2000x1333.jpg 2000w\" sizes=\"auto, (max-width: 1024px) 100vw, 1024px\" \/><\/a><\/figure>\n\n\n\n<figure class=\"wp-block-image size-large\"><a href=\"https:\/\/www.autocritica.ro\/wp-content\/uploads\/2026\/04\/hyundai-ioniq-3-unveil-0426-exterior-08_png_bfc_off.jpg\" data-lbwps-width=\"2813\" data-lbwps-height=\"1876\" data-lbwps-srcsmall=\"https:\/\/www.autocritica.ro\/wp-content\/uploads\/2026\/04\/hyundai-ioniq-3-unveil-0426-exterior-08_png_bfc_off-300x200.jpg\"><img loading=\"lazy\" decoding=\"async\" width=\"1024\" height=\"683\" data-id=\"278469\" src=\"https:\/\/www.autocritica.ro\/wp-content\/uploads\/2026\/04\/hyundai-ioniq-3-unveil-0426-exterior-08_png_bfc_off-1024x683.jpg\" alt=\"\" class=\"wp-image-278469\" srcset=\"https:\/\/www.autocritica.ro\/wp-content\/uploads\/2026\/04\/hyundai-ioniq-3-unveil-0426-exterior-08_png_bfc_off-1024x683.jpg 1024w, https:\/\/www.autocritica.ro\/wp-content\/uploads\/2026\/04\/hyundai-ioniq-3-unveil-0426-exterior-08_png_bfc_off-300x200.jpg 300w, https:\/\/www.autocritica.ro\/wp-content\/uploads\/2026\/04\/hyundai-ioniq-3-unveil-0426-exterior-08_png_bfc_off-768x512.jpg 768w, https:\/\/www.autocritica.ro\/wp-content\/uploads\/2026\/04\/hyundai-ioniq-3-unveil-0426-exterior-08_png_bfc_off-1536x1024.jpg 1536w, https:\/\/www.autocritica.ro\/wp-content\/uploads\/2026\/04\/hyundai-ioniq-3-unveil-0426-exterior-08_png_bfc_off-2048x1366.jpg 2048w, https:\/\/www.autocritica.ro\/wp-content\/uploads\/2026\/04\/hyundai-ioniq-3-unveil-0426-exterior-08_png_bfc_off-1200x800.jpg 1200w, https:\/\/www.autocritica.ro\/wp-content\/uploads\/2026\/04\/hyundai-ioniq-3-unveil-0426-exterior-08_png_bfc_off-1000x666.jpg 1000w, https:\/\/www.autocritica.ro\/wp-content\/uploads\/2026\/04\/hyundai-ioniq-3-unveil-0426-exterior-08_png_bfc_off-2000x1333.jpg 2000w\" sizes=\"auto, (max-width: 1024px) 100vw, 1024px\" \/><\/a><\/figure>\n\n\n\n<figure class=\"wp-block-image size-large\"><a href=\"https:\/\/www.autocritica.ro\/wp-content\/uploads\/2026\/04\/hyundai-ioniq-3-unveil-0426-interior-03_jpg_bfc_off-1.jpg\" data-lbwps-width=\"1890\" data-lbwps-height=\"1260\" data-lbwps-srcsmall=\"https:\/\/www.autocritica.ro\/wp-content\/uploads\/2026\/04\/hyundai-ioniq-3-unveil-0426-interior-03_jpg_bfc_off-1-300x200.jpg\"><img loading=\"lazy\" decoding=\"async\" width=\"1024\" height=\"683\" data-id=\"278458\" src=\"https:\/\/www.autocritica.ro\/wp-content\/uploads\/2026\/04\/hyundai-ioniq-3-unveil-0426-interior-03_jpg_bfc_off-1-1024x683.jpg\" alt=\"\" class=\"wp-image-278458\" srcset=\"https:\/\/www.autocritica.ro\/wp-content\/uploads\/2026\/04\/hyundai-ioniq-3-unveil-0426-interior-03_jpg_bfc_off-1-1024x683.jpg 1024w, https:\/\/www.autocritica.ro\/wp-content\/uploads\/2026\/04\/hyundai-ioniq-3-unveil-0426-interior-03_jpg_bfc_off-1-300x200.jpg 300w, https:\/\/www.autocritica.ro\/wp-content\/uploads\/2026\/04\/hyundai-ioniq-3-unveil-0426-interior-03_jpg_bfc_off-1-768x512.jpg 768w, https:\/\/www.autocritica.ro\/wp-content\/uploads\/2026\/04\/hyundai-ioniq-3-unveil-0426-interior-03_jpg_bfc_off-1-1536x1024.jpg 1536w, https:\/\/www.autocritica.ro\/wp-content\/uploads\/2026\/04\/hyundai-ioniq-3-unveil-0426-interior-03_jpg_bfc_off-1-1200x800.jpg 1200w, https:\/\/www.autocritica.ro\/wp-content\/uploads\/2026\/04\/hyundai-ioniq-3-unveil-0426-interior-03_jpg_bfc_off-1-1000x666.jpg 1000w, https:\/\/www.autocritica.ro\/wp-content\/uploads\/2026\/04\/hyundai-ioniq-3-unveil-0426-interior-03_jpg_bfc_off-1.jpg 1890w\" sizes=\"auto, (max-width: 1024px) 100vw, 1024px\" \/><\/a><\/figure>\n\n\n\n<figure class=\"wp-block-image size-large\"><a href=\"https:\/\/www.autocritica.ro\/wp-content\/uploads\/2026\/04\/hyundai-ioniq-3-unveil-0426-interior-04_jpg_bfc_off-1.jpg\" data-lbwps-width=\"1849\" data-lbwps-height=\"1233\" data-lbwps-srcsmall=\"https:\/\/www.autocritica.ro\/wp-content\/uploads\/2026\/04\/hyundai-ioniq-3-unveil-0426-interior-04_jpg_bfc_off-1-300x200.jpg\"><img loading=\"lazy\" decoding=\"async\" width=\"1024\" height=\"683\" data-id=\"278463\" src=\"https:\/\/www.autocritica.ro\/wp-content\/uploads\/2026\/04\/hyundai-ioniq-3-unveil-0426-interior-04_jpg_bfc_off-1-1024x683.jpg\" alt=\"\" class=\"wp-image-278463\" srcset=\"https:\/\/www.autocritica.ro\/wp-content\/uploads\/2026\/04\/hyundai-ioniq-3-unveil-0426-interior-04_jpg_bfc_off-1-1024x683.jpg 1024w, https:\/\/www.autocritica.ro\/wp-content\/uploads\/2026\/04\/hyundai-ioniq-3-unveil-0426-interior-04_jpg_bfc_off-1-300x200.jpg 300w, https:\/\/www.autocritica.ro\/wp-content\/uploads\/2026\/04\/hyundai-ioniq-3-unveil-0426-interior-04_jpg_bfc_off-1-768x512.jpg 768w, https:\/\/www.autocritica.ro\/wp-content\/uploads\/2026\/04\/hyundai-ioniq-3-unveil-0426-interior-04_jpg_bfc_off-1-1536x1024.jpg 1536w, https:\/\/www.autocritica.ro\/wp-content\/uploads\/2026\/04\/hyundai-ioniq-3-unveil-0426-interior-04_jpg_bfc_off-1-1200x800.jpg 1200w, https:\/\/www.autocritica.ro\/wp-content\/uploads\/2026\/04\/hyundai-ioniq-3-unveil-0426-interior-04_jpg_bfc_off-1-1000x666.jpg 1000w, https:\/\/www.autocritica.ro\/wp-content\/uploads\/2026\/04\/hyundai-ioniq-3-unveil-0426-interior-04_jpg_bfc_off-1.jpg 1849w\" sizes=\"auto, (max-width: 1024px) 100vw, 1024px\" \/><\/a><\/figure>\n\n\n\n<figure class=\"wp-block-image size-large\"><a href=\"https:\/\/www.autocritica.ro\/wp-content\/uploads\/2026\/04\/hyundai-ioniq-3-unveil-0426-interior-05_jpg_bfc_off-1.jpg\" data-lbwps-width=\"1762\" data-lbwps-height=\"1175\" data-lbwps-srcsmall=\"https:\/\/www.autocritica.ro\/wp-content\/uploads\/2026\/04\/hyundai-ioniq-3-unveil-0426-interior-05_jpg_bfc_off-1-300x200.jpg\"><img loading=\"lazy\" decoding=\"async\" width=\"1024\" height=\"683\" data-id=\"278468\" src=\"https:\/\/www.autocritica.ro\/wp-content\/uploads\/2026\/04\/hyundai-ioniq-3-unveil-0426-interior-05_jpg_bfc_off-1-1024x683.jpg\" alt=\"\" class=\"wp-image-278468\" srcset=\"https:\/\/www.autocritica.ro\/wp-content\/uploads\/2026\/04\/hyundai-ioniq-3-unveil-0426-interior-05_jpg_bfc_off-1-1024x683.jpg 1024w, https:\/\/www.autocritica.ro\/wp-content\/uploads\/2026\/04\/hyundai-ioniq-3-unveil-0426-interior-05_jpg_bfc_off-1-300x200.jpg 300w, https:\/\/www.autocritica.ro\/wp-content\/uploads\/2026\/04\/hyundai-ioniq-3-unveil-0426-interior-05_jpg_bfc_off-1-768x512.jpg 768w, https:\/\/www.autocritica.ro\/wp-content\/uploads\/2026\/04\/hyundai-ioniq-3-unveil-0426-interior-05_jpg_bfc_off-1-1536x1024.jpg 1536w, https:\/\/www.autocritica.ro\/wp-content\/uploads\/2026\/04\/hyundai-ioniq-3-unveil-0426-interior-05_jpg_bfc_off-1-1200x800.jpg 1200w, https:\/\/www.autocritica.ro\/wp-content\/uploads\/2026\/04\/hyundai-ioniq-3-unveil-0426-interior-05_jpg_bfc_off-1-1000x666.jpg 1000w, https:\/\/www.autocritica.ro\/wp-content\/uploads\/2026\/04\/hyundai-ioniq-3-unveil-0426-interior-05_jpg_bfc_off-1.jpg 1762w\" sizes=\"auto, (max-width: 1024px) 100vw, 1024px\" \/><\/a><\/figure>\n\n\n\n<figure class=\"wp-block-image size-large\"><a href=\"https:\/\/www.autocritica.ro\/wp-content\/uploads\/2026\/04\/hyundai-ioniq-3-unveil-0426-interior-06_jpg_bfc_off-1.jpg\" data-lbwps-width=\"1869\" data-lbwps-height=\"1247\" data-lbwps-srcsmall=\"https:\/\/www.autocritica.ro\/wp-content\/uploads\/2026\/04\/hyundai-ioniq-3-unveil-0426-interior-06_jpg_bfc_off-1-300x200.jpg\"><img loading=\"lazy\" decoding=\"async\" width=\"1024\" height=\"683\" data-id=\"278455\" src=\"https:\/\/www.autocritica.ro\/wp-content\/uploads\/2026\/04\/hyundai-ioniq-3-unveil-0426-interior-06_jpg_bfc_off-1-1024x683.jpg\" alt=\"\" class=\"wp-image-278455\" srcset=\"https:\/\/www.autocritica.ro\/wp-content\/uploads\/2026\/04\/hyundai-ioniq-3-unveil-0426-interior-06_jpg_bfc_off-1-1024x683.jpg 1024w, https:\/\/www.autocritica.ro\/wp-content\/uploads\/2026\/04\/hyundai-ioniq-3-unveil-0426-interior-06_jpg_bfc_off-1-300x200.jpg 300w, https:\/\/www.autocritica.ro\/wp-content\/uploads\/2026\/04\/hyundai-ioniq-3-unveil-0426-interior-06_jpg_bfc_off-1-768x512.jpg 768w, https:\/\/www.autocritica.ro\/wp-content\/uploads\/2026\/04\/hyundai-ioniq-3-unveil-0426-interior-06_jpg_bfc_off-1-1536x1025.jpg 1536w, https:\/\/www.autocritica.ro\/wp-content\/uploads\/2026\/04\/hyundai-ioniq-3-unveil-0426-interior-06_jpg_bfc_off-1-1200x800.jpg 1200w, https:\/\/www.autocritica.ro\/wp-content\/uploads\/2026\/04\/hyundai-ioniq-3-unveil-0426-interior-06_jpg_bfc_off-1-1000x666.jpg 1000w, https:\/\/www.autocritica.ro\/wp-content\/uploads\/2026\/04\/hyundai-ioniq-3-unveil-0426-interior-06_jpg_bfc_off-1.jpg 1869w\" sizes=\"auto, (max-width: 1024px) 100vw, 1024px\" \/><\/a><\/figure>\n<\/figure>\n","protected":false},"author":16,"featured_media":278438,"comment_status":"closed","ping_status":"closed","template":"","meta":{"_acf_changed":false,"footnotes":""},"tags":[3365,48,6469],"class_list":["post-278432","live-news","type-live-news","status-publish","has-post-thumbnail","hentry","tag-electrice-hyundai","tag-hyundai","tag-ioniq-3"],"acf":[],"yoast_head":"<!-- This site is optimized with the Yoast SEO Premium plugin v27.5 (Yoast SEO v27.5) - https:\/\/yoast.com\/product\/yoast-seo-premium-wordpress\/ -->\n<title>Noul model electric Hyundai Ioniq 3 - Autocritica<\/title>\n<meta name=\"robots\" content=\"index, follow, max-snippet:-1, max-image-preview:large, max-video-preview:-1\" \/>\n<link rel=\"canonical\" href=\"https:\/\/www.autocritica.ro\/en\/live-news\/noul-model-electric-hyundai-ioniq-3\/\" \/>\n<meta property=\"og:locale\" content=\"en_US\" \/>\n<meta property=\"og:type\" content=\"article\" \/>\n<meta property=\"og:title\" content=\"Noul model electric Hyundai Ioniq 3\" \/>\n<meta property=\"og:description\" content=\"\u2022 Hyundai a publicat primele imagini \u0219i detalii referitoare la noul model electric Ioniq 3. \u2022 Noul Ioniq 3 este dezvoltat pe versiunea la 400V a\" \/>\n<meta property=\"og:url\" content=\"https:\/\/www.autocritica.ro\/en\/live-news\/noul-model-electric-hyundai-ioniq-3\/\" \/>\n<meta property=\"og:site_name\" content=\"Autocritica\" \/>\n<meta property=\"article:publisher\" content=\"https:\/\/www.facebook.com\/autocritica.ro\" \/>\n<meta property=\"article:modified_time\" content=\"2026-04-20T16:18:59+00:00\" \/>\n<meta property=\"og:image\" content=\"https:\/\/www.autocritica.ro\/wp-content\/uploads\/2026\/04\/hyundai-ioniq-3-unveil-0426-exterior-01_png_bfc_off-scaled.jpg\" \/>\n\t<meta property=\"og:image:width\" content=\"2560\" \/>\n\t<meta property=\"og:image:height\" content=\"1707\" \/>\n\t<meta property=\"og:image:type\" content=\"image\/jpeg\" \/>\n<meta name=\"twitter:card\" content=\"summary_large_image\" \/>\n<meta name=\"twitter:label1\" content=\"Est. reading time\" \/>\n\t<meta name=\"twitter:data1\" content=\"1 minute\" \/>\n<script type=\"application\/ld+json\" class=\"yoast-schema-graph\">{\"@context\":\"https:\\\/\\\/schema.org\",\"@graph\":[{\"@type\":\"WebPage\",\"@id\":\"https:\\\/\\\/www.autocritica.ro\\\/en\\\/live-news\\\/noul-model-electric-hyundai-ioniq-3\\\/\",\"url\":\"https:\\\/\\\/www.autocritica.ro\\\/en\\\/live-news\\\/noul-model-electric-hyundai-ioniq-3\\\/\",\"name\":\"Noul model electric Hyundai Ioniq 3 - Autocritica\",\"isPartOf\":{\"@id\":\"https:\\\/\\\/www.autocritica.ro\\\/en\\\/#website\"},\"primaryImageOfPage\":{\"@id\":\"https:\\\/\\\/www.autocritica.ro\\\/en\\\/live-news\\\/noul-model-electric-hyundai-ioniq-3\\\/#primaryimage\"},\"image\":{\"@id\":\"https:\\\/\\\/www.autocritica.ro\\\/en\\\/live-news\\\/noul-model-electric-hyundai-ioniq-3\\\/#primaryimage\"},\"thumbnailUrl\":\"https:\\\/\\\/www.autocritica.ro\\\/wp-content\\\/uploads\\\/2026\\\/04\\\/hyundai-ioniq-3-unveil-0426-exterior-01_png_bfc_off-scaled.jpg\",\"datePublished\":\"2026-04-20T16:18:37+00:00\",\"dateModified\":\"2026-04-20T16:18:59+00:00\",\"breadcrumb\":{\"@id\":\"https:\\\/\\\/www.autocritica.ro\\\/en\\\/live-news\\\/noul-model-electric-hyundai-ioniq-3\\\/#breadcrumb\"},\"inLanguage\":\"en-US\",\"potentialAction\":[{\"@type\":\"ReadAction\",\"target\":[\"https:\\\/\\\/www.autocritica.ro\\\/en\\\/live-news\\\/noul-model-electric-hyundai-ioniq-3\\\/\"]}]},{\"@type\":\"ImageObject\",\"inLanguage\":\"en-US\",\"@id\":\"https:\\\/\\\/www.autocritica.ro\\\/en\\\/live-news\\\/noul-model-electric-hyundai-ioniq-3\\\/#primaryimage\",\"url\":\"https:\\\/\\\/www.autocritica.ro\\\/wp-content\\\/uploads\\\/2026\\\/04\\\/hyundai-ioniq-3-unveil-0426-exterior-01_png_bfc_off-scaled.jpg\",\"contentUrl\":\"https:\\\/\\\/www.autocritica.ro\\\/wp-content\\\/uploads\\\/2026\\\/04\\\/hyundai-ioniq-3-unveil-0426-exterior-01_png_bfc_off-scaled.jpg\",\"width\":2560,\"height\":1707},{\"@type\":\"BreadcrumbList\",\"@id\":\"https:\\\/\\\/www.autocritica.ro\\\/en\\\/live-news\\\/noul-model-electric-hyundai-ioniq-3\\\/#breadcrumb\",\"itemListElement\":[{\"@type\":\"ListItem\",\"position\":1,\"name\":\"Home\",\"item\":\"https:\\\/\\\/www.autocritica.ro\\\/en\\\/\"},{\"@type\":\"ListItem\",\"position\":2,\"name\":\"Live News\",\"item\":\"https:\\\/\\\/www.autocritica.ro\\\/en\\\/live-news\\\/\"},{\"@type\":\"ListItem\",\"position\":3,\"name\":\"Noul model electric Hyundai Ioniq 3\"}]},{\"@type\":\"WebSite\",\"@id\":\"https:\\\/\\\/www.autocritica.ro\\\/en\\\/#website\",\"url\":\"https:\\\/\\\/www.autocritica.ro\\\/en\\\/\",\"name\":\"Autocritica\",\"description\":\"\",\"publisher\":{\"@id\":\"https:\\\/\\\/www.autocritica.ro\\\/en\\\/#organization\"},\"potentialAction\":[{\"@type\":\"SearchAction\",\"target\":{\"@type\":\"EntryPoint\",\"urlTemplate\":\"https:\\\/\\\/www.autocritica.ro\\\/en\\\/?s={search_term_string}\"},\"query-input\":{\"@type\":\"PropertyValueSpecification\",\"valueRequired\":true,\"valueName\":\"search_term_string\"}}],\"inLanguage\":\"en-US\"},{\"@type\":\"Organization\",\"@id\":\"https:\\\/\\\/www.autocritica.ro\\\/en\\\/#organization\",\"name\":\"Autocritica\",\"url\":\"https:\\\/\\\/www.autocritica.ro\\\/en\\\/\",\"logo\":{\"@type\":\"ImageObject\",\"inLanguage\":\"en-US\",\"@id\":\"https:\\\/\\\/www.autocritica.ro\\\/en\\\/#\\\/schema\\\/logo\\\/image\\\/\",\"url\":\"https:\\\/\\\/www.autocritica.ro\\\/wp-content\\\/uploads\\\/2020\\\/12\\\/logo-negru.png\",\"contentUrl\":\"https:\\\/\\\/www.autocritica.ro\\\/wp-content\\\/uploads\\\/2020\\\/12\\\/logo-negru.png\",\"width\":300,\"height\":102,\"caption\":\"Autocritica\"},\"image\":{\"@id\":\"https:\\\/\\\/www.autocritica.ro\\\/en\\\/#\\\/schema\\\/logo\\\/image\\\/\"},\"sameAs\":[\"https:\\\/\\\/www.facebook.com\\\/autocritica.ro\",\"https:\\\/\\\/www.instagram.com\\\/autocritica.ro\\\/\"]}]}<\/script>\n<!-- \/ Yoast SEO Premium plugin. -->","yoast_head_json":{"title":"Noul model electric Hyundai Ioniq 3 - Autocritica","robots":{"index":"index","follow":"follow","max-snippet":"max-snippet:-1","max-image-preview":"max-image-preview:large","max-video-preview":"max-video-preview:-1"},"canonical":"https:\/\/www.autocritica.ro\/en\/live-news\/noul-model-electric-hyundai-ioniq-3\/","og_locale":"en_US","og_type":"article","og_title":"Noul model electric Hyundai Ioniq 3","og_description":"\u2022 Hyundai a publicat primele imagini \u0219i detalii referitoare la noul model electric Ioniq 3. \u2022 Noul Ioniq 3 este dezvoltat pe versiunea la 400V a","og_url":"https:\/\/www.autocritica.ro\/en\/live-news\/noul-model-electric-hyundai-ioniq-3\/","og_site_name":"Autocritica","article_publisher":"https:\/\/www.facebook.com\/autocritica.ro","article_modified_time":"2026-04-20T16:18:59+00:00","og_image":[{"width":2560,"height":1707,"url":"https:\/\/www.autocritica.ro\/wp-content\/uploads\/2026\/04\/hyundai-ioniq-3-unveil-0426-exterior-01_png_bfc_off-scaled.jpg","type":"image\/jpeg"}],"twitter_card":"summary_large_image","twitter_misc":{"Est. reading time":"1 minute"},"schema":{"@context":"https:\/\/schema.org","@graph":[{"@type":"WebPage","@id":"https:\/\/www.autocritica.ro\/en\/live-news\/noul-model-electric-hyundai-ioniq-3\/","url":"https:\/\/www.autocritica.ro\/en\/live-news\/noul-model-electric-hyundai-ioniq-3\/","name":"Noul model electric Hyundai Ioniq 3 - Autocritica","isPartOf":{"@id":"https:\/\/www.autocritica.ro\/en\/#website"},"primaryImageOfPage":{"@id":"https:\/\/www.autocritica.ro\/en\/live-news\/noul-model-electric-hyundai-ioniq-3\/#primaryimage"},"image":{"@id":"https:\/\/www.autocritica.ro\/en\/live-news\/noul-model-electric-hyundai-ioniq-3\/#primaryimage"},"thumbnailUrl":"https:\/\/www.autocritica.ro\/wp-content\/uploads\/2026\/04\/hyundai-ioniq-3-unveil-0426-exterior-01_png_bfc_off-scaled.jpg","datePublished":"2026-04-20T16:18:37+00:00","dateModified":"2026-04-20T16:18:59+00:00","breadcrumb":{"@id":"https:\/\/www.autocritica.ro\/en\/live-news\/noul-model-electric-hyundai-ioniq-3\/#breadcrumb"},"inLanguage":"en-US","potentialAction":[{"@type":"ReadAction","target":["https:\/\/www.autocritica.ro\/en\/live-news\/noul-model-electric-hyundai-ioniq-3\/"]}]},{"@type":"ImageObject","inLanguage":"en-US","@id":"https:\/\/www.autocritica.ro\/en\/live-news\/noul-model-electric-hyundai-ioniq-3\/#primaryimage","url":"https:\/\/www.autocritica.ro\/wp-content\/uploads\/2026\/04\/hyundai-ioniq-3-unveil-0426-exterior-01_png_bfc_off-scaled.jpg","contentUrl":"https:\/\/www.autocritica.ro\/wp-content\/uploads\/2026\/04\/hyundai-ioniq-3-unveil-0426-exterior-01_png_bfc_off-scaled.jpg","width":2560,"height":1707},{"@type":"BreadcrumbList","@id":"https:\/\/www.autocritica.ro\/en\/live-news\/noul-model-electric-hyundai-ioniq-3\/#breadcrumb","itemListElement":[{"@type":"ListItem","position":1,"name":"Home","item":"https:\/\/www.autocritica.ro\/en\/"},{"@type":"ListItem","position":2,"name":"Live News","item":"https:\/\/www.autocritica.ro\/en\/live-news\/"},{"@type":"ListItem","position":3,"name":"Noul model electric Hyundai Ioniq 3"}]},{"@type":"WebSite","@id":"https:\/\/www.autocritica.ro\/en\/#website","url":"https:\/\/www.autocritica.ro\/en\/","name":"Autocritica","description":"","publisher":{"@id":"https:\/\/www.autocritica.ro\/en\/#organization"},"potentialAction":[{"@type":"SearchAction","target":{"@type":"EntryPoint","urlTemplate":"https:\/\/www.autocritica.ro\/en\/?s={search_term_string}"},"query-input":{"@type":"PropertyValueSpecification","valueRequired":true,"valueName":"search_term_string"}}],"inLanguage":"en-US"},{"@type":"Organization","@id":"https:\/\/www.autocritica.ro\/en\/#organization","name":"Autocritica","url":"https:\/\/www.autocritica.ro\/en\/","logo":{"@type":"ImageObject","inLanguage":"en-US","@id":"https:\/\/www.autocritica.ro\/en\/#\/schema\/logo\/image\/","url":"https:\/\/www.autocritica.ro\/wp-content\/uploads\/2020\/12\/logo-negru.png","contentUrl":"https:\/\/www.autocritica.ro\/wp-content\/uploads\/2020\/12\/logo-negru.png","width":300,"height":102,"caption":"Autocritica"},"image":{"@id":"https:\/\/www.autocritica.ro\/en\/#\/schema\/logo\/image\/"},"sameAs":["https:\/\/www.facebook.com\/autocritica.ro","https:\/\/www.instagram.com\/autocritica.ro\/"]}]}},"_links":{"self":[{"href":"https:\/\/www.autocritica.ro\/en\/wp-json\/wp\/v2\/live-news\/278432","targetHints":{"allow":["GET"]}}],"collection":[{"href":"https:\/\/www.autocritica.ro\/en\/wp-json\/wp\/v2\/live-news"}],"about":[{"href":"https:\/\/www.autocritica.ro\/en\/wp-json\/wp\/v2\/types\/live-news"}],"author":[{"embeddable":true,"href":"https:\/\/www.autocritica.ro\/en\/wp-json\/wp\/v2\/users\/16"}],"replies":[{"embeddable":true,"href":"https:\/\/www.autocritica.ro\/en\/wp-json\/wp\/v2\/comments?post=278432"}],"version-history":[{"count":3,"href":"https:\/\/www.autocritica.ro\/en\/wp-json\/wp\/v2\/live-news\/278432\/revisions"}],"predecessor-version":[{"id":278474,"href":"https:\/\/www.autocritica.ro\/en\/wp-json\/wp\/v2\/live-news\/278432\/revisions\/278474"}],"wp:featuredmedia":[{"embeddable":true,"href":"https:\/\/www.autocritica.ro\/en\/wp-json\/wp\/v2\/media\/278438"}],"wp:attachment":[{"href":"https:\/\/www.autocritica.ro\/en\/wp-json\/wp\/v2\/media?parent=278432"}],"wp:term":[{"taxonomy":"post_tag","embeddable":true,"href":"https:\/\/www.autocritica.ro\/en\/wp-json\/wp\/v2\/tags?post=278432"}],"curies":[{"name":"wp","href":"https:\/\/api.w.org\/{rel}","templated":true}]}}