{"id":278233,"date":"2026-04-20T12:22:51","date_gmt":"2026-04-20T09:22:51","guid":{"rendered":"https:\/\/www.autocritica.ro\/?post_type=live-news&#038;p=278233"},"modified":"2026-04-20T12:23:31","modified_gmt":"2026-04-20T09:23:31","slug":"noul-concept-electric-smart-2-debut-in-22-aprilie","status":"publish","type":"live-news","link":"https:\/\/www.autocritica.ro\/en\/live-news\/noul-concept-electric-smart-2-debut-in-22-aprilie\/","title":{"rendered":"Noul concept electric Smart #2: debut \u00een 22 aprilie"},"content":{"rendered":"\n<p>\u2022 Smart a publicat o serie de teasere cu viitorul concept #2.<\/p>\n\n\n\n<p>\u2022 Prototipul care prefigureaz\u0103 viitorul model electric Smart #2 va fi dezv\u0103luit \u00een 22 aprilie.<\/p>\n\n\n\n<p>\u2022 Smart #2 va fi \u00eenlocuitorul electric al cunoscutului Smart ForTwo \u0219i va fi prezentat oficial la sf\u00e2r\u0219itul lui 2026.<\/p>\n\n\n\n<p>\u2022 Dezvoltat pe platforma ECA (Electric Compact Architecture) \u0219i design realizat de o echip\u0103 de la Mercedes-Benz.<\/p>\n\n\n\n<p>\u2022 Noul model va fi produs \u00een China \u0219i va ajunge inclusiv pe pie\u021bele europene.<\/p>\n\n\n\n<p>\u2022 Detaliile tehnice nu au fost dezv\u0103luite deocamdat\u0103.<\/p>\n\n\n\n<p>\u2022 Via: Smart<\/p>\n\n\n\n<figure class=\"wp-block-gallery has-nested-images columns-default is-cropped wp-block-gallery-1 is-layout-flex wp-block-gallery-is-layout-flex\">\n<figure class=\"wp-block-image size-large\"><a href=\"https:\/\/www.autocritica.ro\/wp-content\/uploads\/2026\/04\/smart_concepthashtag2_macroshots_caronly.jpg\" data-lbwps-width=\"2068\" data-lbwps-height=\"1379\" data-lbwps-srcsmall=\"https:\/\/www.autocritica.ro\/wp-content\/uploads\/2026\/04\/smart_concepthashtag2_macroshots_caronly-300x200.jpg\"><img loading=\"lazy\" decoding=\"async\" width=\"1024\" height=\"683\" data-id=\"278239\" src=\"https:\/\/www.autocritica.ro\/wp-content\/uploads\/2026\/04\/smart_concepthashtag2_macroshots_caronly-1024x683.jpg\" alt=\"\" class=\"wp-image-278239\" srcset=\"https:\/\/www.autocritica.ro\/wp-content\/uploads\/2026\/04\/smart_concepthashtag2_macroshots_caronly-1024x683.jpg 1024w, https:\/\/www.autocritica.ro\/wp-content\/uploads\/2026\/04\/smart_concepthashtag2_macroshots_caronly-300x200.jpg 300w, https:\/\/www.autocritica.ro\/wp-content\/uploads\/2026\/04\/smart_concepthashtag2_macroshots_caronly-768x512.jpg 768w, https:\/\/www.autocritica.ro\/wp-content\/uploads\/2026\/04\/smart_concepthashtag2_macroshots_caronly-1536x1024.jpg 1536w, https:\/\/www.autocritica.ro\/wp-content\/uploads\/2026\/04\/smart_concepthashtag2_macroshots_caronly-2048x1366.jpg 2048w, https:\/\/www.autocritica.ro\/wp-content\/uploads\/2026\/04\/smart_concepthashtag2_macroshots_caronly-1200x800.jpg 1200w, https:\/\/www.autocritica.ro\/wp-content\/uploads\/2026\/04\/smart_concepthashtag2_macroshots_caronly-1000x666.jpg 1000w, https:\/\/www.autocritica.ro\/wp-content\/uploads\/2026\/04\/smart_concepthashtag2_macroshots_caronly-2000x1333.jpg 2000w\" sizes=\"auto, (max-width: 1024px) 100vw, 1024px\" \/><\/a><\/figure>\n\n\n\n<figure class=\"wp-block-image size-large\"><a href=\"https:\/\/www.autocritica.ro\/wp-content\/uploads\/2026\/04\/smart_concepthashtag2_macroshots_caronly_close.jpg\" data-lbwps-width=\"2138\" data-lbwps-height=\"1426\" data-lbwps-srcsmall=\"https:\/\/www.autocritica.ro\/wp-content\/uploads\/2026\/04\/smart_concepthashtag2_macroshots_caronly_close-300x200.jpg\"><img loading=\"lazy\" decoding=\"async\" width=\"1024\" height=\"683\" data-id=\"278236\" src=\"https:\/\/www.autocritica.ro\/wp-content\/uploads\/2026\/04\/smart_concepthashtag2_macroshots_caronly_close-1024x683.jpg\" alt=\"\" class=\"wp-image-278236\" srcset=\"https:\/\/www.autocritica.ro\/wp-content\/uploads\/2026\/04\/smart_concepthashtag2_macroshots_caronly_close-1024x683.jpg 1024w, https:\/\/www.autocritica.ro\/wp-content\/uploads\/2026\/04\/smart_concepthashtag2_macroshots_caronly_close-300x200.jpg 300w, https:\/\/www.autocritica.ro\/wp-content\/uploads\/2026\/04\/smart_concepthashtag2_macroshots_caronly_close-768x512.jpg 768w, https:\/\/www.autocritica.ro\/wp-content\/uploads\/2026\/04\/smart_concepthashtag2_macroshots_caronly_close-1536x1024.jpg 1536w, https:\/\/www.autocritica.ro\/wp-content\/uploads\/2026\/04\/smart_concepthashtag2_macroshots_caronly_close-2048x1366.jpg 2048w, https:\/\/www.autocritica.ro\/wp-content\/uploads\/2026\/04\/smart_concepthashtag2_macroshots_caronly_close-1200x800.jpg 1200w, https:\/\/www.autocritica.ro\/wp-content\/uploads\/2026\/04\/smart_concepthashtag2_macroshots_caronly_close-1000x666.jpg 1000w, https:\/\/www.autocritica.ro\/wp-content\/uploads\/2026\/04\/smart_concepthashtag2_macroshots_caronly_close-2000x1333.jpg 2000w\" sizes=\"auto, (max-width: 1024px) 100vw, 1024px\" \/><\/a><\/figure>\n\n\n\n<figure class=\"wp-block-image size-large\"><a href=\"https:\/\/www.autocritica.ro\/wp-content\/uploads\/2026\/04\/smart_concepthashtag2_macroshots_caronly_headlight.jpg\" data-lbwps-width=\"1984\" data-lbwps-height=\"1323\" data-lbwps-srcsmall=\"https:\/\/www.autocritica.ro\/wp-content\/uploads\/2026\/04\/smart_concepthashtag2_macroshots_caronly_headlight-300x200.jpg\"><img loading=\"lazy\" decoding=\"async\" width=\"1024\" height=\"683\" data-id=\"278238\" src=\"https:\/\/www.autocritica.ro\/wp-content\/uploads\/2026\/04\/smart_concepthashtag2_macroshots_caronly_headlight-1024x683.jpg\" alt=\"\" class=\"wp-image-278238\" srcset=\"https:\/\/www.autocritica.ro\/wp-content\/uploads\/2026\/04\/smart_concepthashtag2_macroshots_caronly_headlight-1024x683.jpg 1024w, https:\/\/www.autocritica.ro\/wp-content\/uploads\/2026\/04\/smart_concepthashtag2_macroshots_caronly_headlight-300x200.jpg 300w, https:\/\/www.autocritica.ro\/wp-content\/uploads\/2026\/04\/smart_concepthashtag2_macroshots_caronly_headlight-768x512.jpg 768w, https:\/\/www.autocritica.ro\/wp-content\/uploads\/2026\/04\/smart_concepthashtag2_macroshots_caronly_headlight-1536x1024.jpg 1536w, https:\/\/www.autocritica.ro\/wp-content\/uploads\/2026\/04\/smart_concepthashtag2_macroshots_caronly_headlight-1200x800.jpg 1200w, https:\/\/www.autocritica.ro\/wp-content\/uploads\/2026\/04\/smart_concepthashtag2_macroshots_caronly_headlight-1000x666.jpg 1000w, https:\/\/www.autocritica.ro\/wp-content\/uploads\/2026\/04\/smart_concepthashtag2_macroshots_caronly_headlight.jpg 1984w\" sizes=\"auto, (max-width: 1024px) 100vw, 1024px\" \/><\/a><\/figure>\n\n\n\n<figure class=\"wp-block-image size-large\"><a href=\"https:\/\/www.autocritica.ro\/wp-content\/uploads\/2026\/04\/smart_concepthashtag2_macroshots_caronly_sideangle.jpg\" data-lbwps-width=\"2188\" data-lbwps-height=\"1458\" data-lbwps-srcsmall=\"https:\/\/www.autocritica.ro\/wp-content\/uploads\/2026\/04\/smart_concepthashtag2_macroshots_caronly_sideangle-300x200.jpg\"><img loading=\"lazy\" decoding=\"async\" width=\"1024\" height=\"682\" data-id=\"278237\" src=\"https:\/\/www.autocritica.ro\/wp-content\/uploads\/2026\/04\/smart_concepthashtag2_macroshots_caronly_sideangle-1024x682.jpg\" alt=\"\" class=\"wp-image-278237\" srcset=\"https:\/\/www.autocritica.ro\/wp-content\/uploads\/2026\/04\/smart_concepthashtag2_macroshots_caronly_sideangle-1024x682.jpg 1024w, https:\/\/www.autocritica.ro\/wp-content\/uploads\/2026\/04\/smart_concepthashtag2_macroshots_caronly_sideangle-300x200.jpg 300w, https:\/\/www.autocritica.ro\/wp-content\/uploads\/2026\/04\/smart_concepthashtag2_macroshots_caronly_sideangle-768x512.jpg 768w, https:\/\/www.autocritica.ro\/wp-content\/uploads\/2026\/04\/smart_concepthashtag2_macroshots_caronly_sideangle-1536x1024.jpg 1536w, https:\/\/www.autocritica.ro\/wp-content\/uploads\/2026\/04\/smart_concepthashtag2_macroshots_caronly_sideangle-2048x1365.jpg 2048w, https:\/\/www.autocritica.ro\/wp-content\/uploads\/2026\/04\/smart_concepthashtag2_macroshots_caronly_sideangle-1200x800.jpg 1200w, https:\/\/www.autocritica.ro\/wp-content\/uploads\/2026\/04\/smart_concepthashtag2_macroshots_caronly_sideangle-1000x666.jpg 1000w, https:\/\/www.autocritica.ro\/wp-content\/uploads\/2026\/04\/smart_concepthashtag2_macroshots_caronly_sideangle-2000x1333.jpg 2000w\" sizes=\"auto, (max-width: 1024px) 100vw, 1024px\" \/><\/a><\/figure>\n\n\n\n<figure class=\"wp-block-image size-large\"><a href=\"https:\/\/www.autocritica.ro\/wp-content\/uploads\/2026\/04\/smart_concepthashtag2_macroshots_caronly_wheel.jpg\" data-lbwps-width=\"1481\" data-lbwps-height=\"2221\" data-lbwps-srcsmall=\"https:\/\/www.autocritica.ro\/wp-content\/uploads\/2026\/04\/smart_concepthashtag2_macroshots_caronly_wheel-200x300.jpg\"><img loading=\"lazy\" decoding=\"async\" width=\"683\" height=\"1024\" data-id=\"278241\" src=\"https:\/\/www.autocritica.ro\/wp-content\/uploads\/2026\/04\/smart_concepthashtag2_macroshots_caronly_wheel-683x1024.jpg\" alt=\"\" class=\"wp-image-278241\" srcset=\"https:\/\/www.autocritica.ro\/wp-content\/uploads\/2026\/04\/smart_concepthashtag2_macroshots_caronly_wheel-683x1024.jpg 683w, https:\/\/www.autocritica.ro\/wp-content\/uploads\/2026\/04\/smart_concepthashtag2_macroshots_caronly_wheel-200x300.jpg 200w, https:\/\/www.autocritica.ro\/wp-content\/uploads\/2026\/04\/smart_concepthashtag2_macroshots_caronly_wheel-768x1152.jpg 768w, https:\/\/www.autocritica.ro\/wp-content\/uploads\/2026\/04\/smart_concepthashtag2_macroshots_caronly_wheel-1024x1536.jpg 1024w, https:\/\/www.autocritica.ro\/wp-content\/uploads\/2026\/04\/smart_concepthashtag2_macroshots_caronly_wheel-1366x2048.jpg 1366w, https:\/\/www.autocritica.ro\/wp-content\/uploads\/2026\/04\/smart_concepthashtag2_macroshots_caronly_wheel.jpg 1481w\" sizes=\"auto, (max-width: 683px) 100vw, 683px\" \/><\/a><\/figure>\n<\/figure>\n","protected":false},"author":16,"featured_media":278237,"comment_status":"closed","ping_status":"closed","template":"","meta":{"_acf_changed":false,"footnotes":""},"tags":[4863,6211],"class_list":["post-278233","live-news","type-live-news","status-publish","has-post-thumbnail","hentry","tag-electrice-smart","tag-smart-2"],"acf":[],"yoast_head":"<!-- This site is optimized with the Yoast SEO Premium plugin v27.5 (Yoast SEO v27.5) - https:\/\/yoast.com\/product\/yoast-seo-premium-wordpress\/ -->\n<title>Noul concept electric Smart #2: debut \u00een 22 aprilie - Autocritica<\/title>\n<meta name=\"robots\" content=\"index, follow, max-snippet:-1, max-image-preview:large, max-video-preview:-1\" \/>\n<link rel=\"canonical\" href=\"https:\/\/www.autocritica.ro\/en\/live-news\/noul-concept-electric-smart-2-debut-in-22-aprilie\/\" \/>\n<meta property=\"og:locale\" content=\"en_US\" \/>\n<meta property=\"og:type\" content=\"article\" \/>\n<meta property=\"og:title\" content=\"Noul concept electric Smart #2: debut \u00een 22 aprilie\" \/>\n<meta property=\"og:description\" content=\"\u2022 Smart a publicat o serie de teasere cu viitorul concept #2. \u2022 Prototipul care prefigureaz\u0103 viitorul model electric Smart #2 va fi dezv\u0103luit \u00een 22\" \/>\n<meta property=\"og:url\" content=\"https:\/\/www.autocritica.ro\/en\/live-news\/noul-concept-electric-smart-2-debut-in-22-aprilie\/\" \/>\n<meta property=\"og:site_name\" content=\"Autocritica\" \/>\n<meta property=\"article:publisher\" content=\"https:\/\/www.facebook.com\/autocritica.ro\" \/>\n<meta property=\"article:modified_time\" content=\"2026-04-20T09:23:31+00:00\" \/>\n<meta property=\"og:image\" content=\"https:\/\/www.autocritica.ro\/wp-content\/uploads\/2026\/04\/smart_concepthashtag2_macroshots_caronly_sideangle.jpg\" \/>\n\t<meta property=\"og:image:width\" content=\"2188\" \/>\n\t<meta property=\"og:image:height\" content=\"1458\" \/>\n\t<meta property=\"og:image:type\" content=\"image\/jpeg\" \/>\n<meta name=\"twitter:card\" content=\"summary_large_image\" \/>\n<script type=\"application\/ld+json\" class=\"yoast-schema-graph\">{\"@context\":\"https:\\\/\\\/schema.org\",\"@graph\":[{\"@type\":\"WebPage\",\"@id\":\"https:\\\/\\\/www.autocritica.ro\\\/en\\\/live-news\\\/noul-concept-electric-smart-2-debut-in-22-aprilie\\\/\",\"url\":\"https:\\\/\\\/www.autocritica.ro\\\/en\\\/live-news\\\/noul-concept-electric-smart-2-debut-in-22-aprilie\\\/\",\"name\":\"Noul concept electric Smart #2: debut \u00een 22 aprilie - Autocritica\",\"isPartOf\":{\"@id\":\"https:\\\/\\\/www.autocritica.ro\\\/en\\\/#website\"},\"primaryImageOfPage\":{\"@id\":\"https:\\\/\\\/www.autocritica.ro\\\/en\\\/live-news\\\/noul-concept-electric-smart-2-debut-in-22-aprilie\\\/#primaryimage\"},\"image\":{\"@id\":\"https:\\\/\\\/www.autocritica.ro\\\/en\\\/live-news\\\/noul-concept-electric-smart-2-debut-in-22-aprilie\\\/#primaryimage\"},\"thumbnailUrl\":\"https:\\\/\\\/www.autocritica.ro\\\/wp-content\\\/uploads\\\/2026\\\/04\\\/smart_concepthashtag2_macroshots_caronly_sideangle.jpg\",\"datePublished\":\"2026-04-20T09:22:51+00:00\",\"dateModified\":\"2026-04-20T09:23:31+00:00\",\"breadcrumb\":{\"@id\":\"https:\\\/\\\/www.autocritica.ro\\\/en\\\/live-news\\\/noul-concept-electric-smart-2-debut-in-22-aprilie\\\/#breadcrumb\"},\"inLanguage\":\"en-US\",\"potentialAction\":[{\"@type\":\"ReadAction\",\"target\":[\"https:\\\/\\\/www.autocritica.ro\\\/en\\\/live-news\\\/noul-concept-electric-smart-2-debut-in-22-aprilie\\\/\"]}]},{\"@type\":\"ImageObject\",\"inLanguage\":\"en-US\",\"@id\":\"https:\\\/\\\/www.autocritica.ro\\\/en\\\/live-news\\\/noul-concept-electric-smart-2-debut-in-22-aprilie\\\/#primaryimage\",\"url\":\"https:\\\/\\\/www.autocritica.ro\\\/wp-content\\\/uploads\\\/2026\\\/04\\\/smart_concepthashtag2_macroshots_caronly_sideangle.jpg\",\"contentUrl\":\"https:\\\/\\\/www.autocritica.ro\\\/wp-content\\\/uploads\\\/2026\\\/04\\\/smart_concepthashtag2_macroshots_caronly_sideangle.jpg\",\"width\":2188,\"height\":1458},{\"@type\":\"BreadcrumbList\",\"@id\":\"https:\\\/\\\/www.autocritica.ro\\\/en\\\/live-news\\\/noul-concept-electric-smart-2-debut-in-22-aprilie\\\/#breadcrumb\",\"itemListElement\":[{\"@type\":\"ListItem\",\"position\":1,\"name\":\"Home\",\"item\":\"https:\\\/\\\/www.autocritica.ro\\\/en\\\/\"},{\"@type\":\"ListItem\",\"position\":2,\"name\":\"Live News\",\"item\":\"https:\\\/\\\/www.autocritica.ro\\\/en\\\/live-news\\\/\"},{\"@type\":\"ListItem\",\"position\":3,\"name\":\"Noul concept electric Smart #2: debut \u00een 22 aprilie\"}]},{\"@type\":\"WebSite\",\"@id\":\"https:\\\/\\\/www.autocritica.ro\\\/en\\\/#website\",\"url\":\"https:\\\/\\\/www.autocritica.ro\\\/en\\\/\",\"name\":\"Autocritica\",\"description\":\"\",\"publisher\":{\"@id\":\"https:\\\/\\\/www.autocritica.ro\\\/en\\\/#organization\"},\"potentialAction\":[{\"@type\":\"SearchAction\",\"target\":{\"@type\":\"EntryPoint\",\"urlTemplate\":\"https:\\\/\\\/www.autocritica.ro\\\/en\\\/?s={search_term_string}\"},\"query-input\":{\"@type\":\"PropertyValueSpecification\",\"valueRequired\":true,\"valueName\":\"search_term_string\"}}],\"inLanguage\":\"en-US\"},{\"@type\":\"Organization\",\"@id\":\"https:\\\/\\\/www.autocritica.ro\\\/en\\\/#organization\",\"name\":\"Autocritica\",\"url\":\"https:\\\/\\\/www.autocritica.ro\\\/en\\\/\",\"logo\":{\"@type\":\"ImageObject\",\"inLanguage\":\"en-US\",\"@id\":\"https:\\\/\\\/www.autocritica.ro\\\/en\\\/#\\\/schema\\\/logo\\\/image\\\/\",\"url\":\"https:\\\/\\\/www.autocritica.ro\\\/wp-content\\\/uploads\\\/2020\\\/12\\\/logo-negru.png\",\"contentUrl\":\"https:\\\/\\\/www.autocritica.ro\\\/wp-content\\\/uploads\\\/2020\\\/12\\\/logo-negru.png\",\"width\":300,\"height\":102,\"caption\":\"Autocritica\"},\"image\":{\"@id\":\"https:\\\/\\\/www.autocritica.ro\\\/en\\\/#\\\/schema\\\/logo\\\/image\\\/\"},\"sameAs\":[\"https:\\\/\\\/www.facebook.com\\\/autocritica.ro\",\"https:\\\/\\\/www.instagram.com\\\/autocritica.ro\\\/\"]}]}<\/script>\n<!-- \/ Yoast SEO Premium plugin. -->","yoast_head_json":{"title":"Noul concept electric Smart #2: debut \u00een 22 aprilie - Autocritica","robots":{"index":"index","follow":"follow","max-snippet":"max-snippet:-1","max-image-preview":"max-image-preview:large","max-video-preview":"max-video-preview:-1"},"canonical":"https:\/\/www.autocritica.ro\/en\/live-news\/noul-concept-electric-smart-2-debut-in-22-aprilie\/","og_locale":"en_US","og_type":"article","og_title":"Noul concept electric Smart #2: debut \u00een 22 aprilie","og_description":"\u2022 Smart a publicat o serie de teasere cu viitorul concept #2. \u2022 Prototipul care prefigureaz\u0103 viitorul model electric Smart #2 va fi dezv\u0103luit \u00een 22","og_url":"https:\/\/www.autocritica.ro\/en\/live-news\/noul-concept-electric-smart-2-debut-in-22-aprilie\/","og_site_name":"Autocritica","article_publisher":"https:\/\/www.facebook.com\/autocritica.ro","article_modified_time":"2026-04-20T09:23:31+00:00","og_image":[{"width":2188,"height":1458,"url":"https:\/\/www.autocritica.ro\/wp-content\/uploads\/2026\/04\/smart_concepthashtag2_macroshots_caronly_sideangle.jpg","type":"image\/jpeg"}],"twitter_card":"summary_large_image","schema":{"@context":"https:\/\/schema.org","@graph":[{"@type":"WebPage","@id":"https:\/\/www.autocritica.ro\/en\/live-news\/noul-concept-electric-smart-2-debut-in-22-aprilie\/","url":"https:\/\/www.autocritica.ro\/en\/live-news\/noul-concept-electric-smart-2-debut-in-22-aprilie\/","name":"Noul concept electric Smart #2: debut \u00een 22 aprilie - Autocritica","isPartOf":{"@id":"https:\/\/www.autocritica.ro\/en\/#website"},"primaryImageOfPage":{"@id":"https:\/\/www.autocritica.ro\/en\/live-news\/noul-concept-electric-smart-2-debut-in-22-aprilie\/#primaryimage"},"image":{"@id":"https:\/\/www.autocritica.ro\/en\/live-news\/noul-concept-electric-smart-2-debut-in-22-aprilie\/#primaryimage"},"thumbnailUrl":"https:\/\/www.autocritica.ro\/wp-content\/uploads\/2026\/04\/smart_concepthashtag2_macroshots_caronly_sideangle.jpg","datePublished":"2026-04-20T09:22:51+00:00","dateModified":"2026-04-20T09:23:31+00:00","breadcrumb":{"@id":"https:\/\/www.autocritica.ro\/en\/live-news\/noul-concept-electric-smart-2-debut-in-22-aprilie\/#breadcrumb"},"inLanguage":"en-US","potentialAction":[{"@type":"ReadAction","target":["https:\/\/www.autocritica.ro\/en\/live-news\/noul-concept-electric-smart-2-debut-in-22-aprilie\/"]}]},{"@type":"ImageObject","inLanguage":"en-US","@id":"https:\/\/www.autocritica.ro\/en\/live-news\/noul-concept-electric-smart-2-debut-in-22-aprilie\/#primaryimage","url":"https:\/\/www.autocritica.ro\/wp-content\/uploads\/2026\/04\/smart_concepthashtag2_macroshots_caronly_sideangle.jpg","contentUrl":"https:\/\/www.autocritica.ro\/wp-content\/uploads\/2026\/04\/smart_concepthashtag2_macroshots_caronly_sideangle.jpg","width":2188,"height":1458},{"@type":"BreadcrumbList","@id":"https:\/\/www.autocritica.ro\/en\/live-news\/noul-concept-electric-smart-2-debut-in-22-aprilie\/#breadcrumb","itemListElement":[{"@type":"ListItem","position":1,"name":"Home","item":"https:\/\/www.autocritica.ro\/en\/"},{"@type":"ListItem","position":2,"name":"Live News","item":"https:\/\/www.autocritica.ro\/en\/live-news\/"},{"@type":"ListItem","position":3,"name":"Noul concept electric Smart #2: debut \u00een 22 aprilie"}]},{"@type":"WebSite","@id":"https:\/\/www.autocritica.ro\/en\/#website","url":"https:\/\/www.autocritica.ro\/en\/","name":"Autocritica","description":"","publisher":{"@id":"https:\/\/www.autocritica.ro\/en\/#organization"},"potentialAction":[{"@type":"SearchAction","target":{"@type":"EntryPoint","urlTemplate":"https:\/\/www.autocritica.ro\/en\/?s={search_term_string}"},"query-input":{"@type":"PropertyValueSpecification","valueRequired":true,"valueName":"search_term_string"}}],"inLanguage":"en-US"},{"@type":"Organization","@id":"https:\/\/www.autocritica.ro\/en\/#organization","name":"Autocritica","url":"https:\/\/www.autocritica.ro\/en\/","logo":{"@type":"ImageObject","inLanguage":"en-US","@id":"https:\/\/www.autocritica.ro\/en\/#\/schema\/logo\/image\/","url":"https:\/\/www.autocritica.ro\/wp-content\/uploads\/2020\/12\/logo-negru.png","contentUrl":"https:\/\/www.autocritica.ro\/wp-content\/uploads\/2020\/12\/logo-negru.png","width":300,"height":102,"caption":"Autocritica"},"image":{"@id":"https:\/\/www.autocritica.ro\/en\/#\/schema\/logo\/image\/"},"sameAs":["https:\/\/www.facebook.com\/autocritica.ro","https:\/\/www.instagram.com\/autocritica.ro\/"]}]}},"_links":{"self":[{"href":"https:\/\/www.autocritica.ro\/en\/wp-json\/wp\/v2\/live-news\/278233","targetHints":{"allow":["GET"]}}],"collection":[{"href":"https:\/\/www.autocritica.ro\/en\/wp-json\/wp\/v2\/live-news"}],"about":[{"href":"https:\/\/www.autocritica.ro\/en\/wp-json\/wp\/v2\/types\/live-news"}],"author":[{"embeddable":true,"href":"https:\/\/www.autocritica.ro\/en\/wp-json\/wp\/v2\/users\/16"}],"replies":[{"embeddable":true,"href":"https:\/\/www.autocritica.ro\/en\/wp-json\/wp\/v2\/comments?post=278233"}],"version-history":[{"count":3,"href":"https:\/\/www.autocritica.ro\/en\/wp-json\/wp\/v2\/live-news\/278233\/revisions"}],"predecessor-version":[{"id":278245,"href":"https:\/\/www.autocritica.ro\/en\/wp-json\/wp\/v2\/live-news\/278233\/revisions\/278245"}],"wp:featuredmedia":[{"embeddable":true,"href":"https:\/\/www.autocritica.ro\/en\/wp-json\/wp\/v2\/media\/278237"}],"wp:attachment":[{"href":"https:\/\/www.autocritica.ro\/en\/wp-json\/wp\/v2\/media?parent=278233"}],"wp:term":[{"taxonomy":"post_tag","embeddable":true,"href":"https:\/\/www.autocritica.ro\/en\/wp-json\/wp\/v2\/tags?post=278233"}],"curies":[{"name":"wp","href":"https:\/\/api.w.org\/{rel}","templated":true}]}}