{"id":278009,"date":"2026-04-17T12:50:22","date_gmt":"2026-04-17T09:50:22","guid":{"rendered":"https:\/\/www.autocritica.ro\/?post_type=live-news&#038;p=278009"},"modified":"2026-04-17T12:50:41","modified_gmt":"2026-04-17T09:50:41","slug":"stellantis-va-opri-productia-de-masini-la-fabrica-din-poissy","status":"publish","type":"live-news","link":"https:\/\/www.autocritica.ro\/en\/live-news\/stellantis-va-opri-productia-de-masini-la-fabrica-din-poissy\/","title":{"rendered":"Stellantis va opri produc\u021bia de ma\u0219ini la fabrica din Poissy"},"content":{"rendered":"\n<p>\u2022 Stellantis va opri produc\u021bia de ma\u0219ini la fabrica din Poissy, aflat\u0103 \u00een apropiere de Paris.<\/p>\n\n\n\n<p>\u2022 Produc\u021bia modelelor DS 3 \u0219i Opel Mokka va fi \u00eencheiat\u0103 \u00een 2028, iar alte modele nu vor mai fi introduse pe liniile de asamblare, potrivit unui purt\u0103tor de cuv\u00e2nt al companiei.<\/p>\n\n\n\n<p>\u2022 Stellantis \u2013 care mai are alte 4 fabrici \u00een Fran\u021ba \u2013 va investi 100 de milioane de euro pentru a transforma uzina din Poissy \u00eentr-un centru de reciclare \u0219i recondi\u021bionare a pieselor auto.<\/p>\n\n\n\n<p>\u2022 Fabrica francez\u0103 a \u00eenceput produc\u021bia \u00een 1937 \u0219i are \u00een prezent aproximativ 1.600 de angaja\u021bi.<\/p>\n\n\n\n<p>\u2022 Via: Automotive News Europe<\/p>\n","protected":false},"author":16,"featured_media":278011,"comment_status":"closed","ping_status":"closed","template":"","meta":{"_acf_changed":false,"footnotes":""},"tags":[1055],"class_list":["post-278009","live-news","type-live-news","status-publish","has-post-thumbnail","hentry","tag-stellantis"],"acf":[],"yoast_head":"<!-- This site is optimized with the Yoast SEO Premium plugin v27.5 (Yoast SEO v27.5) - https:\/\/yoast.com\/product\/yoast-seo-premium-wordpress\/ -->\n<title>Stellantis va opri produc\u021bia de ma\u0219ini la fabrica din Poissy - Autocritica<\/title>\n<meta name=\"robots\" content=\"index, follow, max-snippet:-1, max-image-preview:large, max-video-preview:-1\" \/>\n<link rel=\"canonical\" href=\"https:\/\/www.autocritica.ro\/en\/live-news\/stellantis-va-opri-productia-de-masini-la-fabrica-din-poissy\/\" \/>\n<meta property=\"og:locale\" content=\"en_US\" \/>\n<meta property=\"og:type\" content=\"article\" \/>\n<meta property=\"og:title\" content=\"Stellantis va opri produc\u021bia de ma\u0219ini la fabrica din Poissy\" \/>\n<meta property=\"og:description\" content=\"\u2022 Stellantis va opri produc\u021bia de ma\u0219ini la fabrica din Poissy, aflat\u0103 \u00een apropiere de Paris. \u2022 Produc\u021bia modelelor DS 3 \u0219i Opel Mokka va fi \u00eencheiat\u0103 \u00een\" \/>\n<meta property=\"og:url\" content=\"https:\/\/www.autocritica.ro\/en\/live-news\/stellantis-va-opri-productia-de-masini-la-fabrica-din-poissy\/\" \/>\n<meta property=\"og:site_name\" content=\"Autocritica\" \/>\n<meta property=\"article:publisher\" content=\"https:\/\/www.facebook.com\/autocritica.ro\" \/>\n<meta property=\"article:modified_time\" content=\"2026-04-17T09:50:41+00:00\" \/>\n<meta property=\"og:image\" content=\"https:\/\/www.autocritica.ro\/wp-content\/uploads\/2026\/04\/OpelMokkaGSE-scaled.jpg\" \/>\n\t<meta property=\"og:image:width\" content=\"2560\" \/>\n\t<meta property=\"og:image:height\" content=\"1609\" \/>\n\t<meta property=\"og:image:type\" content=\"image\/jpeg\" \/>\n<meta name=\"twitter:card\" content=\"summary_large_image\" \/>\n<script type=\"application\/ld+json\" class=\"yoast-schema-graph\">{\"@context\":\"https:\\\/\\\/schema.org\",\"@graph\":[{\"@type\":\"WebPage\",\"@id\":\"https:\\\/\\\/www.autocritica.ro\\\/en\\\/live-news\\\/stellantis-va-opri-productia-de-masini-la-fabrica-din-poissy\\\/\",\"url\":\"https:\\\/\\\/www.autocritica.ro\\\/en\\\/live-news\\\/stellantis-va-opri-productia-de-masini-la-fabrica-din-poissy\\\/\",\"name\":\"Stellantis va opri produc\u021bia de ma\u0219ini la fabrica din Poissy - Autocritica\",\"isPartOf\":{\"@id\":\"https:\\\/\\\/www.autocritica.ro\\\/en\\\/#website\"},\"primaryImageOfPage\":{\"@id\":\"https:\\\/\\\/www.autocritica.ro\\\/en\\\/live-news\\\/stellantis-va-opri-productia-de-masini-la-fabrica-din-poissy\\\/#primaryimage\"},\"image\":{\"@id\":\"https:\\\/\\\/www.autocritica.ro\\\/en\\\/live-news\\\/stellantis-va-opri-productia-de-masini-la-fabrica-din-poissy\\\/#primaryimage\"},\"thumbnailUrl\":\"https:\\\/\\\/www.autocritica.ro\\\/wp-content\\\/uploads\\\/2026\\\/04\\\/OpelMokkaGSE-scaled.jpg\",\"datePublished\":\"2026-04-17T09:50:22+00:00\",\"dateModified\":\"2026-04-17T09:50:41+00:00\",\"breadcrumb\":{\"@id\":\"https:\\\/\\\/www.autocritica.ro\\\/en\\\/live-news\\\/stellantis-va-opri-productia-de-masini-la-fabrica-din-poissy\\\/#breadcrumb\"},\"inLanguage\":\"en-US\",\"potentialAction\":[{\"@type\":\"ReadAction\",\"target\":[\"https:\\\/\\\/www.autocritica.ro\\\/en\\\/live-news\\\/stellantis-va-opri-productia-de-masini-la-fabrica-din-poissy\\\/\"]}]},{\"@type\":\"ImageObject\",\"inLanguage\":\"en-US\",\"@id\":\"https:\\\/\\\/www.autocritica.ro\\\/en\\\/live-news\\\/stellantis-va-opri-productia-de-masini-la-fabrica-din-poissy\\\/#primaryimage\",\"url\":\"https:\\\/\\\/www.autocritica.ro\\\/wp-content\\\/uploads\\\/2026\\\/04\\\/OpelMokkaGSE-scaled.jpg\",\"contentUrl\":\"https:\\\/\\\/www.autocritica.ro\\\/wp-content\\\/uploads\\\/2026\\\/04\\\/OpelMokkaGSE-scaled.jpg\",\"width\":2560,\"height\":1609},{\"@type\":\"BreadcrumbList\",\"@id\":\"https:\\\/\\\/www.autocritica.ro\\\/en\\\/live-news\\\/stellantis-va-opri-productia-de-masini-la-fabrica-din-poissy\\\/#breadcrumb\",\"itemListElement\":[{\"@type\":\"ListItem\",\"position\":1,\"name\":\"Home\",\"item\":\"https:\\\/\\\/www.autocritica.ro\\\/en\\\/\"},{\"@type\":\"ListItem\",\"position\":2,\"name\":\"Live News\",\"item\":\"https:\\\/\\\/www.autocritica.ro\\\/en\\\/live-news\\\/\"},{\"@type\":\"ListItem\",\"position\":3,\"name\":\"Stellantis va opri produc\u021bia de ma\u0219ini la fabrica din Poissy\"}]},{\"@type\":\"WebSite\",\"@id\":\"https:\\\/\\\/www.autocritica.ro\\\/en\\\/#website\",\"url\":\"https:\\\/\\\/www.autocritica.ro\\\/en\\\/\",\"name\":\"Autocritica\",\"description\":\"\",\"publisher\":{\"@id\":\"https:\\\/\\\/www.autocritica.ro\\\/en\\\/#organization\"},\"potentialAction\":[{\"@type\":\"SearchAction\",\"target\":{\"@type\":\"EntryPoint\",\"urlTemplate\":\"https:\\\/\\\/www.autocritica.ro\\\/en\\\/?s={search_term_string}\"},\"query-input\":{\"@type\":\"PropertyValueSpecification\",\"valueRequired\":true,\"valueName\":\"search_term_string\"}}],\"inLanguage\":\"en-US\"},{\"@type\":\"Organization\",\"@id\":\"https:\\\/\\\/www.autocritica.ro\\\/en\\\/#organization\",\"name\":\"Autocritica\",\"url\":\"https:\\\/\\\/www.autocritica.ro\\\/en\\\/\",\"logo\":{\"@type\":\"ImageObject\",\"inLanguage\":\"en-US\",\"@id\":\"https:\\\/\\\/www.autocritica.ro\\\/en\\\/#\\\/schema\\\/logo\\\/image\\\/\",\"url\":\"https:\\\/\\\/www.autocritica.ro\\\/wp-content\\\/uploads\\\/2020\\\/12\\\/logo-negru.png\",\"contentUrl\":\"https:\\\/\\\/www.autocritica.ro\\\/wp-content\\\/uploads\\\/2020\\\/12\\\/logo-negru.png\",\"width\":300,\"height\":102,\"caption\":\"Autocritica\"},\"image\":{\"@id\":\"https:\\\/\\\/www.autocritica.ro\\\/en\\\/#\\\/schema\\\/logo\\\/image\\\/\"},\"sameAs\":[\"https:\\\/\\\/www.facebook.com\\\/autocritica.ro\",\"https:\\\/\\\/www.instagram.com\\\/autocritica.ro\\\/\"]}]}<\/script>\n<!-- \/ Yoast SEO Premium plugin. -->","yoast_head_json":{"title":"Stellantis va opri produc\u021bia de ma\u0219ini la fabrica din Poissy - Autocritica","robots":{"index":"index","follow":"follow","max-snippet":"max-snippet:-1","max-image-preview":"max-image-preview:large","max-video-preview":"max-video-preview:-1"},"canonical":"https:\/\/www.autocritica.ro\/en\/live-news\/stellantis-va-opri-productia-de-masini-la-fabrica-din-poissy\/","og_locale":"en_US","og_type":"article","og_title":"Stellantis va opri produc\u021bia de ma\u0219ini la fabrica din Poissy","og_description":"\u2022 Stellantis va opri produc\u021bia de ma\u0219ini la fabrica din Poissy, aflat\u0103 \u00een apropiere de Paris. \u2022 Produc\u021bia modelelor DS 3 \u0219i Opel Mokka va fi \u00eencheiat\u0103 \u00een","og_url":"https:\/\/www.autocritica.ro\/en\/live-news\/stellantis-va-opri-productia-de-masini-la-fabrica-din-poissy\/","og_site_name":"Autocritica","article_publisher":"https:\/\/www.facebook.com\/autocritica.ro","article_modified_time":"2026-04-17T09:50:41+00:00","og_image":[{"width":2560,"height":1609,"url":"https:\/\/www.autocritica.ro\/wp-content\/uploads\/2026\/04\/OpelMokkaGSE-scaled.jpg","type":"image\/jpeg"}],"twitter_card":"summary_large_image","schema":{"@context":"https:\/\/schema.org","@graph":[{"@type":"WebPage","@id":"https:\/\/www.autocritica.ro\/en\/live-news\/stellantis-va-opri-productia-de-masini-la-fabrica-din-poissy\/","url":"https:\/\/www.autocritica.ro\/en\/live-news\/stellantis-va-opri-productia-de-masini-la-fabrica-din-poissy\/","name":"Stellantis va opri produc\u021bia de ma\u0219ini la fabrica din Poissy - Autocritica","isPartOf":{"@id":"https:\/\/www.autocritica.ro\/en\/#website"},"primaryImageOfPage":{"@id":"https:\/\/www.autocritica.ro\/en\/live-news\/stellantis-va-opri-productia-de-masini-la-fabrica-din-poissy\/#primaryimage"},"image":{"@id":"https:\/\/www.autocritica.ro\/en\/live-news\/stellantis-va-opri-productia-de-masini-la-fabrica-din-poissy\/#primaryimage"},"thumbnailUrl":"https:\/\/www.autocritica.ro\/wp-content\/uploads\/2026\/04\/OpelMokkaGSE-scaled.jpg","datePublished":"2026-04-17T09:50:22+00:00","dateModified":"2026-04-17T09:50:41+00:00","breadcrumb":{"@id":"https:\/\/www.autocritica.ro\/en\/live-news\/stellantis-va-opri-productia-de-masini-la-fabrica-din-poissy\/#breadcrumb"},"inLanguage":"en-US","potentialAction":[{"@type":"ReadAction","target":["https:\/\/www.autocritica.ro\/en\/live-news\/stellantis-va-opri-productia-de-masini-la-fabrica-din-poissy\/"]}]},{"@type":"ImageObject","inLanguage":"en-US","@id":"https:\/\/www.autocritica.ro\/en\/live-news\/stellantis-va-opri-productia-de-masini-la-fabrica-din-poissy\/#primaryimage","url":"https:\/\/www.autocritica.ro\/wp-content\/uploads\/2026\/04\/OpelMokkaGSE-scaled.jpg","contentUrl":"https:\/\/www.autocritica.ro\/wp-content\/uploads\/2026\/04\/OpelMokkaGSE-scaled.jpg","width":2560,"height":1609},{"@type":"BreadcrumbList","@id":"https:\/\/www.autocritica.ro\/en\/live-news\/stellantis-va-opri-productia-de-masini-la-fabrica-din-poissy\/#breadcrumb","itemListElement":[{"@type":"ListItem","position":1,"name":"Home","item":"https:\/\/www.autocritica.ro\/en\/"},{"@type":"ListItem","position":2,"name":"Live News","item":"https:\/\/www.autocritica.ro\/en\/live-news\/"},{"@type":"ListItem","position":3,"name":"Stellantis va opri produc\u021bia de ma\u0219ini la fabrica din Poissy"}]},{"@type":"WebSite","@id":"https:\/\/www.autocritica.ro\/en\/#website","url":"https:\/\/www.autocritica.ro\/en\/","name":"Autocritica","description":"","publisher":{"@id":"https:\/\/www.autocritica.ro\/en\/#organization"},"potentialAction":[{"@type":"SearchAction","target":{"@type":"EntryPoint","urlTemplate":"https:\/\/www.autocritica.ro\/en\/?s={search_term_string}"},"query-input":{"@type":"PropertyValueSpecification","valueRequired":true,"valueName":"search_term_string"}}],"inLanguage":"en-US"},{"@type":"Organization","@id":"https:\/\/www.autocritica.ro\/en\/#organization","name":"Autocritica","url":"https:\/\/www.autocritica.ro\/en\/","logo":{"@type":"ImageObject","inLanguage":"en-US","@id":"https:\/\/www.autocritica.ro\/en\/#\/schema\/logo\/image\/","url":"https:\/\/www.autocritica.ro\/wp-content\/uploads\/2020\/12\/logo-negru.png","contentUrl":"https:\/\/www.autocritica.ro\/wp-content\/uploads\/2020\/12\/logo-negru.png","width":300,"height":102,"caption":"Autocritica"},"image":{"@id":"https:\/\/www.autocritica.ro\/en\/#\/schema\/logo\/image\/"},"sameAs":["https:\/\/www.facebook.com\/autocritica.ro","https:\/\/www.instagram.com\/autocritica.ro\/"]}]}},"_links":{"self":[{"href":"https:\/\/www.autocritica.ro\/en\/wp-json\/wp\/v2\/live-news\/278009","targetHints":{"allow":["GET"]}}],"collection":[{"href":"https:\/\/www.autocritica.ro\/en\/wp-json\/wp\/v2\/live-news"}],"about":[{"href":"https:\/\/www.autocritica.ro\/en\/wp-json\/wp\/v2\/types\/live-news"}],"author":[{"embeddable":true,"href":"https:\/\/www.autocritica.ro\/en\/wp-json\/wp\/v2\/users\/16"}],"replies":[{"embeddable":true,"href":"https:\/\/www.autocritica.ro\/en\/wp-json\/wp\/v2\/comments?post=278009"}],"version-history":[{"count":3,"href":"https:\/\/www.autocritica.ro\/en\/wp-json\/wp\/v2\/live-news\/278009\/revisions"}],"predecessor-version":[{"id":278014,"href":"https:\/\/www.autocritica.ro\/en\/wp-json\/wp\/v2\/live-news\/278009\/revisions\/278014"}],"wp:featuredmedia":[{"embeddable":true,"href":"https:\/\/www.autocritica.ro\/en\/wp-json\/wp\/v2\/media\/278011"}],"wp:attachment":[{"href":"https:\/\/www.autocritica.ro\/en\/wp-json\/wp\/v2\/media?parent=278009"}],"wp:term":[{"taxonomy":"post_tag","embeddable":true,"href":"https:\/\/www.autocritica.ro\/en\/wp-json\/wp\/v2\/tags?post=278009"}],"curies":[{"name":"wp","href":"https:\/\/api.w.org\/{rel}","templated":true}]}}