{"id":277925,"date":"2026-04-16T16:25:48","date_gmt":"2026-04-16T13:25:48","guid":{"rendered":"https:\/\/www.autocritica.ro\/?post_type=live-news&#038;p=277925"},"modified":"2026-04-16T16:26:18","modified_gmt":"2026-04-16T13:26:18","slug":"facelift-pentru-toyota-yaris-cross","status":"publish","type":"live-news","link":"https:\/\/www.autocritica.ro\/en\/live-news\/facelift-pentru-toyota-yaris-cross\/","title":{"rendered":"Facelift pentru Toyota Yaris Cross"},"content":{"rendered":"\n<p>\u2022 Toyota a introdus un facelift pentru Yaris Cross.<\/p>\n\n\n\n<p>\u2022 Noul SUV de segment B beneficiaz\u0103 de o parte frontal\u0103 redesenat\u0103, cu o gril\u0103 nou\u0103, noi faruri LED \u0219i tehnologii de ultim\u0103 genera\u021bie.<\/p>\n\n\n\n<p>\u2022 Yaris Cross facelift p\u0103streaz\u0103 motoriz\u0103rile hibride de 115 \u0219i 130 CP, cu ro\u021bi motrice fa\u021b\u0103 sau trac\u021biune integral\u0103.<\/p>\n\n\n\n<p>\u2022 Echiparea GR Sport va fi disponibil\u0103 doar cu motorizarea Hybrid 130 \u0219i trac\u021biune fa\u021b\u0103.<\/p>\n\n\n\n<p>\u2022 Yaris Cross facelift va fi produs \u00een Fran\u021ba. SUV-ul este cel mai v\u00e2ndut model Toyota din Europa: peste 200.000 de unit\u0103\u021bi \u00een 2025.<\/p>\n\n\n\n<p>\u2022 Via: Toyota<\/p>\n\n\n\n<figure class=\"wp-block-gallery has-nested-images columns-default is-cropped wp-block-gallery-1 is-layout-flex wp-block-gallery-is-layout-flex\">\n<figure class=\"wp-block-image size-large\"><a href=\"https:\/\/www.autocritica.ro\/wp-content\/uploads\/2026\/04\/yariscross_highgrade_preciousbronze_interior-01-1.jpg\" data-lbwps-width=\"1552\" data-lbwps-height=\"1036\" data-lbwps-srcsmall=\"https:\/\/www.autocritica.ro\/wp-content\/uploads\/2026\/04\/yariscross_highgrade_preciousbronze_interior-01-1-300x200.jpg\"><img loading=\"lazy\" decoding=\"async\" width=\"1024\" height=\"684\" data-id=\"277943\" src=\"https:\/\/www.autocritica.ro\/wp-content\/uploads\/2026\/04\/yariscross_highgrade_preciousbronze_interior-01-1-1024x684.jpg\" alt=\"\" class=\"wp-image-277943\" srcset=\"https:\/\/www.autocritica.ro\/wp-content\/uploads\/2026\/04\/yariscross_highgrade_preciousbronze_interior-01-1-1024x684.jpg 1024w, https:\/\/www.autocritica.ro\/wp-content\/uploads\/2026\/04\/yariscross_highgrade_preciousbronze_interior-01-1-300x200.jpg 300w, https:\/\/www.autocritica.ro\/wp-content\/uploads\/2026\/04\/yariscross_highgrade_preciousbronze_interior-01-1-768x513.jpg 768w, https:\/\/www.autocritica.ro\/wp-content\/uploads\/2026\/04\/yariscross_highgrade_preciousbronze_interior-01-1-1536x1025.jpg 1536w, https:\/\/www.autocritica.ro\/wp-content\/uploads\/2026\/04\/yariscross_highgrade_preciousbronze_interior-01-1-1200x800.jpg 1200w, https:\/\/www.autocritica.ro\/wp-content\/uploads\/2026\/04\/yariscross_highgrade_preciousbronze_interior-01-1.jpg 1552w\" sizes=\"auto, (max-width: 1024px) 100vw, 1024px\" \/><\/a><\/figure>\n\n\n\n<figure class=\"wp-block-image size-large\"><a href=\"https:\/\/www.autocritica.ro\/wp-content\/uploads\/2026\/04\/yariscross_highgrade_preciousbronze_static-01-1.jpg\" data-lbwps-width=\"1197\" data-lbwps-height=\"799\" data-lbwps-srcsmall=\"https:\/\/www.autocritica.ro\/wp-content\/uploads\/2026\/04\/yariscross_highgrade_preciousbronze_static-01-1-300x200.jpg\"><img loading=\"lazy\" decoding=\"async\" width=\"1024\" height=\"684\" data-id=\"277946\" src=\"https:\/\/www.autocritica.ro\/wp-content\/uploads\/2026\/04\/yariscross_highgrade_preciousbronze_static-01-1-1024x684.jpg\" alt=\"\" class=\"wp-image-277946\" srcset=\"https:\/\/www.autocritica.ro\/wp-content\/uploads\/2026\/04\/yariscross_highgrade_preciousbronze_static-01-1-1024x684.jpg 1024w, https:\/\/www.autocritica.ro\/wp-content\/uploads\/2026\/04\/yariscross_highgrade_preciousbronze_static-01-1-300x200.jpg 300w, https:\/\/www.autocritica.ro\/wp-content\/uploads\/2026\/04\/yariscross_highgrade_preciousbronze_static-01-1-768x513.jpg 768w, https:\/\/www.autocritica.ro\/wp-content\/uploads\/2026\/04\/yariscross_highgrade_preciousbronze_static-01-1.jpg 1197w\" sizes=\"auto, (max-width: 1024px) 100vw, 1024px\" \/><\/a><\/figure>\n\n\n\n<figure class=\"wp-block-image size-large\"><a href=\"https:\/\/www.autocritica.ro\/wp-content\/uploads\/2026\/04\/yariscross_highgrade_preciousbronze_static-07-1.jpg\" data-lbwps-width=\"1342\" data-lbwps-height=\"897\" data-lbwps-srcsmall=\"https:\/\/www.autocritica.ro\/wp-content\/uploads\/2026\/04\/yariscross_highgrade_preciousbronze_static-07-1-300x201.jpg\"><img loading=\"lazy\" decoding=\"async\" width=\"1024\" height=\"684\" data-id=\"277950\" src=\"https:\/\/www.autocritica.ro\/wp-content\/uploads\/2026\/04\/yariscross_highgrade_preciousbronze_static-07-1-1024x684.jpg\" alt=\"\" class=\"wp-image-277950\" srcset=\"https:\/\/www.autocritica.ro\/wp-content\/uploads\/2026\/04\/yariscross_highgrade_preciousbronze_static-07-1-1024x684.jpg 1024w, https:\/\/www.autocritica.ro\/wp-content\/uploads\/2026\/04\/yariscross_highgrade_preciousbronze_static-07-1-300x201.jpg 300w, https:\/\/www.autocritica.ro\/wp-content\/uploads\/2026\/04\/yariscross_highgrade_preciousbronze_static-07-1-768x513.jpg 768w, https:\/\/www.autocritica.ro\/wp-content\/uploads\/2026\/04\/yariscross_highgrade_preciousbronze_static-07-1-1200x800.jpg 1200w, https:\/\/www.autocritica.ro\/wp-content\/uploads\/2026\/04\/yariscross_highgrade_preciousbronze_static-07-1.jpg 1342w\" sizes=\"auto, (max-width: 1024px) 100vw, 1024px\" \/><\/a><\/figure>\n\n\n\n<figure class=\"wp-block-image size-large\"><a href=\"https:\/\/www.autocritica.ro\/wp-content\/uploads\/2026\/04\/yariscross_highgrade_preciousbronze_static-09-1.jpg\" data-lbwps-width=\"1341\" data-lbwps-height=\"895\" data-lbwps-srcsmall=\"https:\/\/www.autocritica.ro\/wp-content\/uploads\/2026\/04\/yariscross_highgrade_preciousbronze_static-09-1-300x200.jpg\"><img loading=\"lazy\" decoding=\"async\" width=\"1024\" height=\"683\" data-id=\"277942\" src=\"https:\/\/www.autocritica.ro\/wp-content\/uploads\/2026\/04\/yariscross_highgrade_preciousbronze_static-09-1-1024x683.jpg\" alt=\"\" class=\"wp-image-277942\" srcset=\"https:\/\/www.autocritica.ro\/wp-content\/uploads\/2026\/04\/yariscross_highgrade_preciousbronze_static-09-1-1024x683.jpg 1024w, https:\/\/www.autocritica.ro\/wp-content\/uploads\/2026\/04\/yariscross_highgrade_preciousbronze_static-09-1-300x200.jpg 300w, https:\/\/www.autocritica.ro\/wp-content\/uploads\/2026\/04\/yariscross_highgrade_preciousbronze_static-09-1-768x513.jpg 768w, https:\/\/www.autocritica.ro\/wp-content\/uploads\/2026\/04\/yariscross_highgrade_preciousbronze_static-09-1-1200x800.jpg 1200w, https:\/\/www.autocritica.ro\/wp-content\/uploads\/2026\/04\/yariscross_highgrade_preciousbronze_static-09-1-1000x666.jpg 1000w, https:\/\/www.autocritica.ro\/wp-content\/uploads\/2026\/04\/yariscross_highgrade_preciousbronze_static-09-1.jpg 1341w\" sizes=\"auto, (max-width: 1024px) 100vw, 1024px\" \/><\/a><\/figure>\n\n\n\n<figure class=\"wp-block-image size-large\"><a href=\"https:\/\/www.autocritica.ro\/wp-content\/uploads\/2026\/04\/yariscross_highgrade_preciousbronze_static-10-1.jpg\" data-lbwps-width=\"1438\" data-lbwps-height=\"960\" data-lbwps-srcsmall=\"https:\/\/www.autocritica.ro\/wp-content\/uploads\/2026\/04\/yariscross_highgrade_preciousbronze_static-10-1-300x200.jpg\"><img loading=\"lazy\" decoding=\"async\" width=\"1024\" height=\"684\" data-id=\"277945\" src=\"https:\/\/www.autocritica.ro\/wp-content\/uploads\/2026\/04\/yariscross_highgrade_preciousbronze_static-10-1-1024x684.jpg\" alt=\"\" class=\"wp-image-277945\" srcset=\"https:\/\/www.autocritica.ro\/wp-content\/uploads\/2026\/04\/yariscross_highgrade_preciousbronze_static-10-1-1024x684.jpg 1024w, https:\/\/www.autocritica.ro\/wp-content\/uploads\/2026\/04\/yariscross_highgrade_preciousbronze_static-10-1-300x200.jpg 300w, https:\/\/www.autocritica.ro\/wp-content\/uploads\/2026\/04\/yariscross_highgrade_preciousbronze_static-10-1-768x513.jpg 768w, https:\/\/www.autocritica.ro\/wp-content\/uploads\/2026\/04\/yariscross_highgrade_preciousbronze_static-10-1-1200x800.jpg 1200w, https:\/\/www.autocritica.ro\/wp-content\/uploads\/2026\/04\/yariscross_highgrade_preciousbronze_static-10-1.jpg 1438w\" sizes=\"auto, (max-width: 1024px) 100vw, 1024px\" \/><\/a><\/figure>\n\n\n\n<figure class=\"wp-block-image size-large\"><a href=\"https:\/\/www.autocritica.ro\/wp-content\/uploads\/2026\/04\/yariscross_highgrade_preciousbronze_static-11-1.jpg\" data-lbwps-width=\"1449\" data-lbwps-height=\"967\" data-lbwps-srcsmall=\"https:\/\/www.autocritica.ro\/wp-content\/uploads\/2026\/04\/yariscross_highgrade_preciousbronze_static-11-1-300x200.jpg\"><img loading=\"lazy\" decoding=\"async\" width=\"1024\" height=\"683\" data-id=\"277947\" src=\"https:\/\/www.autocritica.ro\/wp-content\/uploads\/2026\/04\/yariscross_highgrade_preciousbronze_static-11-1-1024x683.jpg\" alt=\"\" class=\"wp-image-277947\" srcset=\"https:\/\/www.autocritica.ro\/wp-content\/uploads\/2026\/04\/yariscross_highgrade_preciousbronze_static-11-1-1024x683.jpg 1024w, https:\/\/www.autocritica.ro\/wp-content\/uploads\/2026\/04\/yariscross_highgrade_preciousbronze_static-11-1-300x200.jpg 300w, https:\/\/www.autocritica.ro\/wp-content\/uploads\/2026\/04\/yariscross_highgrade_preciousbronze_static-11-1-768x513.jpg 768w, https:\/\/www.autocritica.ro\/wp-content\/uploads\/2026\/04\/yariscross_highgrade_preciousbronze_static-11-1-1200x800.jpg 1200w, https:\/\/www.autocritica.ro\/wp-content\/uploads\/2026\/04\/yariscross_highgrade_preciousbronze_static-11-1-1000x666.jpg 1000w, https:\/\/www.autocritica.ro\/wp-content\/uploads\/2026\/04\/yariscross_highgrade_preciousbronze_static-11-1.jpg 1449w\" sizes=\"auto, (max-width: 1024px) 100vw, 1024px\" \/><\/a><\/figure>\n\n\n\n<figure class=\"wp-block-image size-large\"><a href=\"https:\/\/www.autocritica.ro\/wp-content\/uploads\/2026\/04\/yariscross_highgrade_preciousbronze_static-12-1.jpg\" data-lbwps-width=\"1164\" data-lbwps-height=\"873\" data-lbwps-srcsmall=\"https:\/\/www.autocritica.ro\/wp-content\/uploads\/2026\/04\/yariscross_highgrade_preciousbronze_static-12-1-300x225.jpg\"><img loading=\"lazy\" decoding=\"async\" width=\"1024\" height=\"768\" data-id=\"277944\" src=\"https:\/\/www.autocritica.ro\/wp-content\/uploads\/2026\/04\/yariscross_highgrade_preciousbronze_static-12-1-1024x768.jpg\" alt=\"\" class=\"wp-image-277944\" srcset=\"https:\/\/www.autocritica.ro\/wp-content\/uploads\/2026\/04\/yariscross_highgrade_preciousbronze_static-12-1-1024x768.jpg 1024w, https:\/\/www.autocritica.ro\/wp-content\/uploads\/2026\/04\/yariscross_highgrade_preciousbronze_static-12-1-300x225.jpg 300w, https:\/\/www.autocritica.ro\/wp-content\/uploads\/2026\/04\/yariscross_highgrade_preciousbronze_static-12-1-768x576.jpg 768w, https:\/\/www.autocritica.ro\/wp-content\/uploads\/2026\/04\/yariscross_highgrade_preciousbronze_static-12-1.jpg 1164w\" sizes=\"auto, (max-width: 1024px) 100vw, 1024px\" \/><\/a><\/figure>\n\n\n\n<figure class=\"wp-block-image size-large\"><a href=\"https:\/\/www.autocritica.ro\/wp-content\/uploads\/2026\/04\/yariscross_highgrade_preciousbronze_static-14-1.jpg\" data-lbwps-width=\"1321\" data-lbwps-height=\"881\" data-lbwps-srcsmall=\"https:\/\/www.autocritica.ro\/wp-content\/uploads\/2026\/04\/yariscross_highgrade_preciousbronze_static-14-1-300x200.jpg\"><img loading=\"lazy\" decoding=\"async\" width=\"1024\" height=\"683\" data-id=\"277954\" src=\"https:\/\/www.autocritica.ro\/wp-content\/uploads\/2026\/04\/yariscross_highgrade_preciousbronze_static-14-1-1024x683.jpg\" alt=\"\" class=\"wp-image-277954\" srcset=\"https:\/\/www.autocritica.ro\/wp-content\/uploads\/2026\/04\/yariscross_highgrade_preciousbronze_static-14-1-1024x683.jpg 1024w, https:\/\/www.autocritica.ro\/wp-content\/uploads\/2026\/04\/yariscross_highgrade_preciousbronze_static-14-1-300x200.jpg 300w, https:\/\/www.autocritica.ro\/wp-content\/uploads\/2026\/04\/yariscross_highgrade_preciousbronze_static-14-1-768x512.jpg 768w, https:\/\/www.autocritica.ro\/wp-content\/uploads\/2026\/04\/yariscross_highgrade_preciousbronze_static-14-1-1200x800.jpg 1200w, https:\/\/www.autocritica.ro\/wp-content\/uploads\/2026\/04\/yariscross_highgrade_preciousbronze_static-14-1-1000x666.jpg 1000w, https:\/\/www.autocritica.ro\/wp-content\/uploads\/2026\/04\/yariscross_highgrade_preciousbronze_static-14-1.jpg 1321w\" sizes=\"auto, (max-width: 1024px) 100vw, 1024px\" \/><\/a><\/figure>\n<\/figure>\n","protected":false},"author":16,"featured_media":277950,"comment_status":"closed","ping_status":"closed","template":"","meta":{"_acf_changed":false,"footnotes":""},"tags":[895,3699,6623],"class_list":["post-277925","live-news","type-live-news","status-publish","has-post-thumbnail","hentry","tag-toyota","tag-toyota-yaris-cross","tag-yaris-cross-facelift"],"acf":[],"yoast_head":"<!-- This site is optimized with the Yoast SEO Premium plugin v27.5 (Yoast SEO v27.5) - https:\/\/yoast.com\/product\/yoast-seo-premium-wordpress\/ -->\n<title>Facelift pentru Toyota Yaris Cross - Autocritica<\/title>\n<meta name=\"robots\" content=\"index, follow, max-snippet:-1, max-image-preview:large, max-video-preview:-1\" \/>\n<link rel=\"canonical\" href=\"https:\/\/www.autocritica.ro\/en\/live-news\/facelift-pentru-toyota-yaris-cross\/\" \/>\n<meta property=\"og:locale\" content=\"en_US\" \/>\n<meta property=\"og:type\" content=\"article\" \/>\n<meta property=\"og:title\" content=\"Facelift pentru Toyota Yaris Cross\" \/>\n<meta property=\"og:description\" content=\"\u2022 Toyota a introdus un facelift pentru Yaris Cross. \u2022 Noul SUV de segment B beneficiaz\u0103 de o parte frontal\u0103 redesenat\u0103, cu o gril\u0103 nou\u0103, noi faruri LED \u0219i\" \/>\n<meta property=\"og:url\" content=\"https:\/\/www.autocritica.ro\/en\/live-news\/facelift-pentru-toyota-yaris-cross\/\" \/>\n<meta property=\"og:site_name\" content=\"Autocritica\" \/>\n<meta property=\"article:publisher\" content=\"https:\/\/www.facebook.com\/autocritica.ro\" \/>\n<meta property=\"article:modified_time\" content=\"2026-04-16T13:26:18+00:00\" \/>\n<meta property=\"og:image\" content=\"https:\/\/www.autocritica.ro\/wp-content\/uploads\/2026\/04\/yariscross_highgrade_preciousbronze_static-07-1.jpg\" \/>\n\t<meta property=\"og:image:width\" content=\"1342\" \/>\n\t<meta property=\"og:image:height\" content=\"897\" \/>\n\t<meta property=\"og:image:type\" content=\"image\/jpeg\" \/>\n<meta name=\"twitter:card\" content=\"summary_large_image\" \/>\n<script type=\"application\/ld+json\" class=\"yoast-schema-graph\">{\"@context\":\"https:\\\/\\\/schema.org\",\"@graph\":[{\"@type\":\"WebPage\",\"@id\":\"https:\\\/\\\/www.autocritica.ro\\\/en\\\/live-news\\\/facelift-pentru-toyota-yaris-cross\\\/\",\"url\":\"https:\\\/\\\/www.autocritica.ro\\\/en\\\/live-news\\\/facelift-pentru-toyota-yaris-cross\\\/\",\"name\":\"Facelift pentru Toyota Yaris Cross - Autocritica\",\"isPartOf\":{\"@id\":\"https:\\\/\\\/www.autocritica.ro\\\/en\\\/#website\"},\"primaryImageOfPage\":{\"@id\":\"https:\\\/\\\/www.autocritica.ro\\\/en\\\/live-news\\\/facelift-pentru-toyota-yaris-cross\\\/#primaryimage\"},\"image\":{\"@id\":\"https:\\\/\\\/www.autocritica.ro\\\/en\\\/live-news\\\/facelift-pentru-toyota-yaris-cross\\\/#primaryimage\"},\"thumbnailUrl\":\"https:\\\/\\\/www.autocritica.ro\\\/wp-content\\\/uploads\\\/2026\\\/04\\\/yariscross_highgrade_preciousbronze_static-07-1.jpg\",\"datePublished\":\"2026-04-16T13:25:48+00:00\",\"dateModified\":\"2026-04-16T13:26:18+00:00\",\"breadcrumb\":{\"@id\":\"https:\\\/\\\/www.autocritica.ro\\\/en\\\/live-news\\\/facelift-pentru-toyota-yaris-cross\\\/#breadcrumb\"},\"inLanguage\":\"en-US\",\"potentialAction\":[{\"@type\":\"ReadAction\",\"target\":[\"https:\\\/\\\/www.autocritica.ro\\\/en\\\/live-news\\\/facelift-pentru-toyota-yaris-cross\\\/\"]}]},{\"@type\":\"ImageObject\",\"inLanguage\":\"en-US\",\"@id\":\"https:\\\/\\\/www.autocritica.ro\\\/en\\\/live-news\\\/facelift-pentru-toyota-yaris-cross\\\/#primaryimage\",\"url\":\"https:\\\/\\\/www.autocritica.ro\\\/wp-content\\\/uploads\\\/2026\\\/04\\\/yariscross_highgrade_preciousbronze_static-07-1.jpg\",\"contentUrl\":\"https:\\\/\\\/www.autocritica.ro\\\/wp-content\\\/uploads\\\/2026\\\/04\\\/yariscross_highgrade_preciousbronze_static-07-1.jpg\",\"width\":1342,\"height\":897},{\"@type\":\"BreadcrumbList\",\"@id\":\"https:\\\/\\\/www.autocritica.ro\\\/en\\\/live-news\\\/facelift-pentru-toyota-yaris-cross\\\/#breadcrumb\",\"itemListElement\":[{\"@type\":\"ListItem\",\"position\":1,\"name\":\"Home\",\"item\":\"https:\\\/\\\/www.autocritica.ro\\\/en\\\/\"},{\"@type\":\"ListItem\",\"position\":2,\"name\":\"Live News\",\"item\":\"https:\\\/\\\/www.autocritica.ro\\\/en\\\/live-news\\\/\"},{\"@type\":\"ListItem\",\"position\":3,\"name\":\"Facelift pentru Toyota Yaris Cross\"}]},{\"@type\":\"WebSite\",\"@id\":\"https:\\\/\\\/www.autocritica.ro\\\/en\\\/#website\",\"url\":\"https:\\\/\\\/www.autocritica.ro\\\/en\\\/\",\"name\":\"Autocritica\",\"description\":\"\",\"publisher\":{\"@id\":\"https:\\\/\\\/www.autocritica.ro\\\/en\\\/#organization\"},\"potentialAction\":[{\"@type\":\"SearchAction\",\"target\":{\"@type\":\"EntryPoint\",\"urlTemplate\":\"https:\\\/\\\/www.autocritica.ro\\\/en\\\/?s={search_term_string}\"},\"query-input\":{\"@type\":\"PropertyValueSpecification\",\"valueRequired\":true,\"valueName\":\"search_term_string\"}}],\"inLanguage\":\"en-US\"},{\"@type\":\"Organization\",\"@id\":\"https:\\\/\\\/www.autocritica.ro\\\/en\\\/#organization\",\"name\":\"Autocritica\",\"url\":\"https:\\\/\\\/www.autocritica.ro\\\/en\\\/\",\"logo\":{\"@type\":\"ImageObject\",\"inLanguage\":\"en-US\",\"@id\":\"https:\\\/\\\/www.autocritica.ro\\\/en\\\/#\\\/schema\\\/logo\\\/image\\\/\",\"url\":\"https:\\\/\\\/www.autocritica.ro\\\/wp-content\\\/uploads\\\/2020\\\/12\\\/logo-negru.png\",\"contentUrl\":\"https:\\\/\\\/www.autocritica.ro\\\/wp-content\\\/uploads\\\/2020\\\/12\\\/logo-negru.png\",\"width\":300,\"height\":102,\"caption\":\"Autocritica\"},\"image\":{\"@id\":\"https:\\\/\\\/www.autocritica.ro\\\/en\\\/#\\\/schema\\\/logo\\\/image\\\/\"},\"sameAs\":[\"https:\\\/\\\/www.facebook.com\\\/autocritica.ro\",\"https:\\\/\\\/www.instagram.com\\\/autocritica.ro\\\/\"]}]}<\/script>\n<!-- \/ Yoast SEO Premium plugin. -->","yoast_head_json":{"title":"Facelift pentru Toyota Yaris Cross - Autocritica","robots":{"index":"index","follow":"follow","max-snippet":"max-snippet:-1","max-image-preview":"max-image-preview:large","max-video-preview":"max-video-preview:-1"},"canonical":"https:\/\/www.autocritica.ro\/en\/live-news\/facelift-pentru-toyota-yaris-cross\/","og_locale":"en_US","og_type":"article","og_title":"Facelift pentru Toyota Yaris Cross","og_description":"\u2022 Toyota a introdus un facelift pentru Yaris Cross. \u2022 Noul SUV de segment B beneficiaz\u0103 de o parte frontal\u0103 redesenat\u0103, cu o gril\u0103 nou\u0103, noi faruri LED \u0219i","og_url":"https:\/\/www.autocritica.ro\/en\/live-news\/facelift-pentru-toyota-yaris-cross\/","og_site_name":"Autocritica","article_publisher":"https:\/\/www.facebook.com\/autocritica.ro","article_modified_time":"2026-04-16T13:26:18+00:00","og_image":[{"width":1342,"height":897,"url":"https:\/\/www.autocritica.ro\/wp-content\/uploads\/2026\/04\/yariscross_highgrade_preciousbronze_static-07-1.jpg","type":"image\/jpeg"}],"twitter_card":"summary_large_image","schema":{"@context":"https:\/\/schema.org","@graph":[{"@type":"WebPage","@id":"https:\/\/www.autocritica.ro\/en\/live-news\/facelift-pentru-toyota-yaris-cross\/","url":"https:\/\/www.autocritica.ro\/en\/live-news\/facelift-pentru-toyota-yaris-cross\/","name":"Facelift pentru Toyota Yaris Cross - Autocritica","isPartOf":{"@id":"https:\/\/www.autocritica.ro\/en\/#website"},"primaryImageOfPage":{"@id":"https:\/\/www.autocritica.ro\/en\/live-news\/facelift-pentru-toyota-yaris-cross\/#primaryimage"},"image":{"@id":"https:\/\/www.autocritica.ro\/en\/live-news\/facelift-pentru-toyota-yaris-cross\/#primaryimage"},"thumbnailUrl":"https:\/\/www.autocritica.ro\/wp-content\/uploads\/2026\/04\/yariscross_highgrade_preciousbronze_static-07-1.jpg","datePublished":"2026-04-16T13:25:48+00:00","dateModified":"2026-04-16T13:26:18+00:00","breadcrumb":{"@id":"https:\/\/www.autocritica.ro\/en\/live-news\/facelift-pentru-toyota-yaris-cross\/#breadcrumb"},"inLanguage":"en-US","potentialAction":[{"@type":"ReadAction","target":["https:\/\/www.autocritica.ro\/en\/live-news\/facelift-pentru-toyota-yaris-cross\/"]}]},{"@type":"ImageObject","inLanguage":"en-US","@id":"https:\/\/www.autocritica.ro\/en\/live-news\/facelift-pentru-toyota-yaris-cross\/#primaryimage","url":"https:\/\/www.autocritica.ro\/wp-content\/uploads\/2026\/04\/yariscross_highgrade_preciousbronze_static-07-1.jpg","contentUrl":"https:\/\/www.autocritica.ro\/wp-content\/uploads\/2026\/04\/yariscross_highgrade_preciousbronze_static-07-1.jpg","width":1342,"height":897},{"@type":"BreadcrumbList","@id":"https:\/\/www.autocritica.ro\/en\/live-news\/facelift-pentru-toyota-yaris-cross\/#breadcrumb","itemListElement":[{"@type":"ListItem","position":1,"name":"Home","item":"https:\/\/www.autocritica.ro\/en\/"},{"@type":"ListItem","position":2,"name":"Live News","item":"https:\/\/www.autocritica.ro\/en\/live-news\/"},{"@type":"ListItem","position":3,"name":"Facelift pentru Toyota Yaris Cross"}]},{"@type":"WebSite","@id":"https:\/\/www.autocritica.ro\/en\/#website","url":"https:\/\/www.autocritica.ro\/en\/","name":"Autocritica","description":"","publisher":{"@id":"https:\/\/www.autocritica.ro\/en\/#organization"},"potentialAction":[{"@type":"SearchAction","target":{"@type":"EntryPoint","urlTemplate":"https:\/\/www.autocritica.ro\/en\/?s={search_term_string}"},"query-input":{"@type":"PropertyValueSpecification","valueRequired":true,"valueName":"search_term_string"}}],"inLanguage":"en-US"},{"@type":"Organization","@id":"https:\/\/www.autocritica.ro\/en\/#organization","name":"Autocritica","url":"https:\/\/www.autocritica.ro\/en\/","logo":{"@type":"ImageObject","inLanguage":"en-US","@id":"https:\/\/www.autocritica.ro\/en\/#\/schema\/logo\/image\/","url":"https:\/\/www.autocritica.ro\/wp-content\/uploads\/2020\/12\/logo-negru.png","contentUrl":"https:\/\/www.autocritica.ro\/wp-content\/uploads\/2020\/12\/logo-negru.png","width":300,"height":102,"caption":"Autocritica"},"image":{"@id":"https:\/\/www.autocritica.ro\/en\/#\/schema\/logo\/image\/"},"sameAs":["https:\/\/www.facebook.com\/autocritica.ro","https:\/\/www.instagram.com\/autocritica.ro\/"]}]}},"_links":{"self":[{"href":"https:\/\/www.autocritica.ro\/en\/wp-json\/wp\/v2\/live-news\/277925","targetHints":{"allow":["GET"]}}],"collection":[{"href":"https:\/\/www.autocritica.ro\/en\/wp-json\/wp\/v2\/live-news"}],"about":[{"href":"https:\/\/www.autocritica.ro\/en\/wp-json\/wp\/v2\/types\/live-news"}],"author":[{"embeddable":true,"href":"https:\/\/www.autocritica.ro\/en\/wp-json\/wp\/v2\/users\/16"}],"replies":[{"embeddable":true,"href":"https:\/\/www.autocritica.ro\/en\/wp-json\/wp\/v2\/comments?post=277925"}],"version-history":[{"count":3,"href":"https:\/\/www.autocritica.ro\/en\/wp-json\/wp\/v2\/live-news\/277925\/revisions"}],"predecessor-version":[{"id":277957,"href":"https:\/\/www.autocritica.ro\/en\/wp-json\/wp\/v2\/live-news\/277925\/revisions\/277957"}],"wp:featuredmedia":[{"embeddable":true,"href":"https:\/\/www.autocritica.ro\/en\/wp-json\/wp\/v2\/media\/277950"}],"wp:attachment":[{"href":"https:\/\/www.autocritica.ro\/en\/wp-json\/wp\/v2\/media?parent=277925"}],"wp:term":[{"taxonomy":"post_tag","embeddable":true,"href":"https:\/\/www.autocritica.ro\/en\/wp-json\/wp\/v2\/tags?post=277925"}],"curies":[{"name":"wp","href":"https:\/\/api.w.org\/{rel}","templated":true}]}}