{"id":277909,"date":"2026-04-16T14:25:42","date_gmt":"2026-04-16T11:25:42","guid":{"rendered":"https:\/\/www.autocritica.ro\/?post_type=live-news&#038;p=277909"},"modified":"2026-04-16T14:26:07","modified_gmt":"2026-04-16T11:26:07","slug":"toyota-vanzarile-de-electrice-au-crescut-cu-85-in-primul-trimestru","status":"publish","type":"live-news","link":"https:\/\/www.autocritica.ro\/en\/live-news\/toyota-vanzarile-de-electrice-au-crescut-cu-85-in-primul-trimestru\/","title":{"rendered":"Toyota: v\u00e2nz\u0103rile de electrice au crescut cu 85% \u00een primul trimestru"},"content":{"rendered":"\n<p>\u2022 Toyota \u0219i Lexus au raportat o sc\u0103dere u\u0219oar\u0103 a v\u00e2nz\u0103rilor europene \u00een primul trimestru.<\/p>\n\n\n\n<p>\u2022 Toyota Motor Europe (Toyota + Lexus) a comercializat 318.103 ma\u0219ini \u00een primele 3 luni din 2026 (-0,9%).<\/p>\n\n\n\n<p>\u2022 \u00cen schimb, v\u00e2nz\u0103rile de electrice au crescut cu 79%, pe fondul cererii ridicate pentru modelele Toyota bZ4X, C-HR+ \u0219i Urban Cruiser.<\/p>\n\n\n\n<p>\u2022 Vehiculele electrice \u0219i hibride au reprezentat 86% (nivel record) din totalul v\u00e2nz\u0103rilor europene Toyota Motor Europe \u00een primul trimestru.<\/p>\n\n\n\n<p>\u2022 V\u00e2nz\u0103rile de electrice Toyota: 25.640 de unit\u0103\u021bi \u0219i cre\u0219tere de 85% \u00een primele 3 luni.<\/p>\n\n\n\n<p>\u2022 Toyota Motor Europe a comercializat anul trecut 1,22 de milioane de ma\u0219ini, stabilind un record la acest capitol. V\u00e2nz\u0103rile de vehicule electrificate au reprezentat 77% din total, cu o cre\u0219tere de 46% pentru electrice, respectiv 76% pentru hibrizii plug-in.<\/p>\n\n\n\n<p>\u2022 Via: Toyota Motor Europe<\/p>\n","protected":false},"author":16,"featured_media":268104,"comment_status":"closed","ping_status":"closed","template":"","meta":{"_acf_changed":false,"footnotes":""},"tags":[3357,895,6622],"class_list":["post-277909","live-news","type-live-news","status-publish","has-post-thumbnail","hentry","tag-electrice-toyota","tag-toyota","tag-vanzari-electrice-toyota"],"acf":[],"yoast_head":"<!-- This site is optimized with the Yoast SEO Premium plugin v27.5 (Yoast SEO v27.5) - https:\/\/yoast.com\/product\/yoast-seo-premium-wordpress\/ -->\n<title>Toyota: v\u00e2nz\u0103rile de electrice au crescut cu 85% \u00een primul trimestru - Autocritica<\/title>\n<meta name=\"robots\" content=\"index, follow, max-snippet:-1, max-image-preview:large, max-video-preview:-1\" \/>\n<link rel=\"canonical\" href=\"https:\/\/www.autocritica.ro\/en\/live-news\/toyota-vanzarile-de-electrice-au-crescut-cu-85-in-primul-trimestru\/\" \/>\n<meta property=\"og:locale\" content=\"en_US\" \/>\n<meta property=\"og:type\" content=\"article\" \/>\n<meta property=\"og:title\" content=\"Toyota: v\u00e2nz\u0103rile de electrice au crescut cu 85% \u00een primul trimestru\" \/>\n<meta property=\"og:description\" content=\"\u2022 Toyota \u0219i Lexus au raportat o sc\u0103dere u\u0219oar\u0103 a v\u00e2nz\u0103rilor europene \u00een primul trimestru. \u2022 Toyota Motor Europe (Toyota + Lexus) a comercializat 318.103\" \/>\n<meta property=\"og:url\" content=\"https:\/\/www.autocritica.ro\/en\/live-news\/toyota-vanzarile-de-electrice-au-crescut-cu-85-in-primul-trimestru\/\" \/>\n<meta property=\"og:site_name\" content=\"Autocritica\" \/>\n<meta property=\"article:publisher\" content=\"https:\/\/www.facebook.com\/autocritica.ro\" \/>\n<meta property=\"article:modified_time\" content=\"2026-04-16T11:26:07+00:00\" \/>\n<meta property=\"og:image\" content=\"https:\/\/www.autocritica.ro\/wp-content\/uploads\/2026\/01\/2025toyotac-hr02-scaled.jpg\" \/>\n\t<meta property=\"og:image:width\" content=\"2560\" \/>\n\t<meta property=\"og:image:height\" content=\"1570\" \/>\n\t<meta property=\"og:image:type\" content=\"image\/jpeg\" \/>\n<meta name=\"twitter:card\" content=\"summary_large_image\" \/>\n<meta name=\"twitter:label1\" content=\"Est. reading time\" \/>\n\t<meta name=\"twitter:data1\" content=\"1 minute\" \/>\n<script type=\"application\/ld+json\" class=\"yoast-schema-graph\">{\"@context\":\"https:\\\/\\\/schema.org\",\"@graph\":[{\"@type\":\"WebPage\",\"@id\":\"https:\\\/\\\/www.autocritica.ro\\\/en\\\/live-news\\\/toyota-vanzarile-de-electrice-au-crescut-cu-85-in-primul-trimestru\\\/\",\"url\":\"https:\\\/\\\/www.autocritica.ro\\\/en\\\/live-news\\\/toyota-vanzarile-de-electrice-au-crescut-cu-85-in-primul-trimestru\\\/\",\"name\":\"Toyota: v\u00e2nz\u0103rile de electrice au crescut cu 85% \u00een primul trimestru - Autocritica\",\"isPartOf\":{\"@id\":\"https:\\\/\\\/www.autocritica.ro\\\/en\\\/#website\"},\"primaryImageOfPage\":{\"@id\":\"https:\\\/\\\/www.autocritica.ro\\\/en\\\/live-news\\\/toyota-vanzarile-de-electrice-au-crescut-cu-85-in-primul-trimestru\\\/#primaryimage\"},\"image\":{\"@id\":\"https:\\\/\\\/www.autocritica.ro\\\/en\\\/live-news\\\/toyota-vanzarile-de-electrice-au-crescut-cu-85-in-primul-trimestru\\\/#primaryimage\"},\"thumbnailUrl\":\"https:\\\/\\\/www.autocritica.ro\\\/wp-content\\\/uploads\\\/2026\\\/01\\\/2025toyotac-hr02-scaled.jpg\",\"datePublished\":\"2026-04-16T11:25:42+00:00\",\"dateModified\":\"2026-04-16T11:26:07+00:00\",\"breadcrumb\":{\"@id\":\"https:\\\/\\\/www.autocritica.ro\\\/en\\\/live-news\\\/toyota-vanzarile-de-electrice-au-crescut-cu-85-in-primul-trimestru\\\/#breadcrumb\"},\"inLanguage\":\"en-US\",\"potentialAction\":[{\"@type\":\"ReadAction\",\"target\":[\"https:\\\/\\\/www.autocritica.ro\\\/en\\\/live-news\\\/toyota-vanzarile-de-electrice-au-crescut-cu-85-in-primul-trimestru\\\/\"]}]},{\"@type\":\"ImageObject\",\"inLanguage\":\"en-US\",\"@id\":\"https:\\\/\\\/www.autocritica.ro\\\/en\\\/live-news\\\/toyota-vanzarile-de-electrice-au-crescut-cu-85-in-primul-trimestru\\\/#primaryimage\",\"url\":\"https:\\\/\\\/www.autocritica.ro\\\/wp-content\\\/uploads\\\/2026\\\/01\\\/2025toyotac-hr02-scaled.jpg\",\"contentUrl\":\"https:\\\/\\\/www.autocritica.ro\\\/wp-content\\\/uploads\\\/2026\\\/01\\\/2025toyotac-hr02-scaled.jpg\",\"width\":2560,\"height\":1570},{\"@type\":\"BreadcrumbList\",\"@id\":\"https:\\\/\\\/www.autocritica.ro\\\/en\\\/live-news\\\/toyota-vanzarile-de-electrice-au-crescut-cu-85-in-primul-trimestru\\\/#breadcrumb\",\"itemListElement\":[{\"@type\":\"ListItem\",\"position\":1,\"name\":\"Home\",\"item\":\"https:\\\/\\\/www.autocritica.ro\\\/en\\\/\"},{\"@type\":\"ListItem\",\"position\":2,\"name\":\"Live News\",\"item\":\"https:\\\/\\\/www.autocritica.ro\\\/en\\\/live-news\\\/\"},{\"@type\":\"ListItem\",\"position\":3,\"name\":\"Toyota: v\u00e2nz\u0103rile de electrice au crescut cu 85% \u00een primul trimestru\"}]},{\"@type\":\"WebSite\",\"@id\":\"https:\\\/\\\/www.autocritica.ro\\\/en\\\/#website\",\"url\":\"https:\\\/\\\/www.autocritica.ro\\\/en\\\/\",\"name\":\"Autocritica\",\"description\":\"\",\"publisher\":{\"@id\":\"https:\\\/\\\/www.autocritica.ro\\\/en\\\/#organization\"},\"potentialAction\":[{\"@type\":\"SearchAction\",\"target\":{\"@type\":\"EntryPoint\",\"urlTemplate\":\"https:\\\/\\\/www.autocritica.ro\\\/en\\\/?s={search_term_string}\"},\"query-input\":{\"@type\":\"PropertyValueSpecification\",\"valueRequired\":true,\"valueName\":\"search_term_string\"}}],\"inLanguage\":\"en-US\"},{\"@type\":\"Organization\",\"@id\":\"https:\\\/\\\/www.autocritica.ro\\\/en\\\/#organization\",\"name\":\"Autocritica\",\"url\":\"https:\\\/\\\/www.autocritica.ro\\\/en\\\/\",\"logo\":{\"@type\":\"ImageObject\",\"inLanguage\":\"en-US\",\"@id\":\"https:\\\/\\\/www.autocritica.ro\\\/en\\\/#\\\/schema\\\/logo\\\/image\\\/\",\"url\":\"https:\\\/\\\/www.autocritica.ro\\\/wp-content\\\/uploads\\\/2020\\\/12\\\/logo-negru.png\",\"contentUrl\":\"https:\\\/\\\/www.autocritica.ro\\\/wp-content\\\/uploads\\\/2020\\\/12\\\/logo-negru.png\",\"width\":300,\"height\":102,\"caption\":\"Autocritica\"},\"image\":{\"@id\":\"https:\\\/\\\/www.autocritica.ro\\\/en\\\/#\\\/schema\\\/logo\\\/image\\\/\"},\"sameAs\":[\"https:\\\/\\\/www.facebook.com\\\/autocritica.ro\",\"https:\\\/\\\/www.instagram.com\\\/autocritica.ro\\\/\"]}]}<\/script>\n<!-- \/ Yoast SEO Premium plugin. -->","yoast_head_json":{"title":"Toyota: v\u00e2nz\u0103rile de electrice au crescut cu 85% \u00een primul trimestru - Autocritica","robots":{"index":"index","follow":"follow","max-snippet":"max-snippet:-1","max-image-preview":"max-image-preview:large","max-video-preview":"max-video-preview:-1"},"canonical":"https:\/\/www.autocritica.ro\/en\/live-news\/toyota-vanzarile-de-electrice-au-crescut-cu-85-in-primul-trimestru\/","og_locale":"en_US","og_type":"article","og_title":"Toyota: v\u00e2nz\u0103rile de electrice au crescut cu 85% \u00een primul trimestru","og_description":"\u2022 Toyota \u0219i Lexus au raportat o sc\u0103dere u\u0219oar\u0103 a v\u00e2nz\u0103rilor europene \u00een primul trimestru. \u2022 Toyota Motor Europe (Toyota + Lexus) a comercializat 318.103","og_url":"https:\/\/www.autocritica.ro\/en\/live-news\/toyota-vanzarile-de-electrice-au-crescut-cu-85-in-primul-trimestru\/","og_site_name":"Autocritica","article_publisher":"https:\/\/www.facebook.com\/autocritica.ro","article_modified_time":"2026-04-16T11:26:07+00:00","og_image":[{"width":2560,"height":1570,"url":"https:\/\/www.autocritica.ro\/wp-content\/uploads\/2026\/01\/2025toyotac-hr02-scaled.jpg","type":"image\/jpeg"}],"twitter_card":"summary_large_image","twitter_misc":{"Est. reading time":"1 minute"},"schema":{"@context":"https:\/\/schema.org","@graph":[{"@type":"WebPage","@id":"https:\/\/www.autocritica.ro\/en\/live-news\/toyota-vanzarile-de-electrice-au-crescut-cu-85-in-primul-trimestru\/","url":"https:\/\/www.autocritica.ro\/en\/live-news\/toyota-vanzarile-de-electrice-au-crescut-cu-85-in-primul-trimestru\/","name":"Toyota: v\u00e2nz\u0103rile de electrice au crescut cu 85% \u00een primul trimestru - Autocritica","isPartOf":{"@id":"https:\/\/www.autocritica.ro\/en\/#website"},"primaryImageOfPage":{"@id":"https:\/\/www.autocritica.ro\/en\/live-news\/toyota-vanzarile-de-electrice-au-crescut-cu-85-in-primul-trimestru\/#primaryimage"},"image":{"@id":"https:\/\/www.autocritica.ro\/en\/live-news\/toyota-vanzarile-de-electrice-au-crescut-cu-85-in-primul-trimestru\/#primaryimage"},"thumbnailUrl":"https:\/\/www.autocritica.ro\/wp-content\/uploads\/2026\/01\/2025toyotac-hr02-scaled.jpg","datePublished":"2026-04-16T11:25:42+00:00","dateModified":"2026-04-16T11:26:07+00:00","breadcrumb":{"@id":"https:\/\/www.autocritica.ro\/en\/live-news\/toyota-vanzarile-de-electrice-au-crescut-cu-85-in-primul-trimestru\/#breadcrumb"},"inLanguage":"en-US","potentialAction":[{"@type":"ReadAction","target":["https:\/\/www.autocritica.ro\/en\/live-news\/toyota-vanzarile-de-electrice-au-crescut-cu-85-in-primul-trimestru\/"]}]},{"@type":"ImageObject","inLanguage":"en-US","@id":"https:\/\/www.autocritica.ro\/en\/live-news\/toyota-vanzarile-de-electrice-au-crescut-cu-85-in-primul-trimestru\/#primaryimage","url":"https:\/\/www.autocritica.ro\/wp-content\/uploads\/2026\/01\/2025toyotac-hr02-scaled.jpg","contentUrl":"https:\/\/www.autocritica.ro\/wp-content\/uploads\/2026\/01\/2025toyotac-hr02-scaled.jpg","width":2560,"height":1570},{"@type":"BreadcrumbList","@id":"https:\/\/www.autocritica.ro\/en\/live-news\/toyota-vanzarile-de-electrice-au-crescut-cu-85-in-primul-trimestru\/#breadcrumb","itemListElement":[{"@type":"ListItem","position":1,"name":"Home","item":"https:\/\/www.autocritica.ro\/en\/"},{"@type":"ListItem","position":2,"name":"Live News","item":"https:\/\/www.autocritica.ro\/en\/live-news\/"},{"@type":"ListItem","position":3,"name":"Toyota: v\u00e2nz\u0103rile de electrice au crescut cu 85% \u00een primul trimestru"}]},{"@type":"WebSite","@id":"https:\/\/www.autocritica.ro\/en\/#website","url":"https:\/\/www.autocritica.ro\/en\/","name":"Autocritica","description":"","publisher":{"@id":"https:\/\/www.autocritica.ro\/en\/#organization"},"potentialAction":[{"@type":"SearchAction","target":{"@type":"EntryPoint","urlTemplate":"https:\/\/www.autocritica.ro\/en\/?s={search_term_string}"},"query-input":{"@type":"PropertyValueSpecification","valueRequired":true,"valueName":"search_term_string"}}],"inLanguage":"en-US"},{"@type":"Organization","@id":"https:\/\/www.autocritica.ro\/en\/#organization","name":"Autocritica","url":"https:\/\/www.autocritica.ro\/en\/","logo":{"@type":"ImageObject","inLanguage":"en-US","@id":"https:\/\/www.autocritica.ro\/en\/#\/schema\/logo\/image\/","url":"https:\/\/www.autocritica.ro\/wp-content\/uploads\/2020\/12\/logo-negru.png","contentUrl":"https:\/\/www.autocritica.ro\/wp-content\/uploads\/2020\/12\/logo-negru.png","width":300,"height":102,"caption":"Autocritica"},"image":{"@id":"https:\/\/www.autocritica.ro\/en\/#\/schema\/logo\/image\/"},"sameAs":["https:\/\/www.facebook.com\/autocritica.ro","https:\/\/www.instagram.com\/autocritica.ro\/"]}]}},"_links":{"self":[{"href":"https:\/\/www.autocritica.ro\/en\/wp-json\/wp\/v2\/live-news\/277909","targetHints":{"allow":["GET"]}}],"collection":[{"href":"https:\/\/www.autocritica.ro\/en\/wp-json\/wp\/v2\/live-news"}],"about":[{"href":"https:\/\/www.autocritica.ro\/en\/wp-json\/wp\/v2\/types\/live-news"}],"author":[{"embeddable":true,"href":"https:\/\/www.autocritica.ro\/en\/wp-json\/wp\/v2\/users\/16"}],"replies":[{"embeddable":true,"href":"https:\/\/www.autocritica.ro\/en\/wp-json\/wp\/v2\/comments?post=277909"}],"version-history":[{"count":3,"href":"https:\/\/www.autocritica.ro\/en\/wp-json\/wp\/v2\/live-news\/277909\/revisions"}],"predecessor-version":[{"id":277912,"href":"https:\/\/www.autocritica.ro\/en\/wp-json\/wp\/v2\/live-news\/277909\/revisions\/277912"}],"wp:featuredmedia":[{"embeddable":true,"href":"https:\/\/www.autocritica.ro\/en\/wp-json\/wp\/v2\/media\/268104"}],"wp:attachment":[{"href":"https:\/\/www.autocritica.ro\/en\/wp-json\/wp\/v2\/media?parent=277909"}],"wp:term":[{"taxonomy":"post_tag","embeddable":true,"href":"https:\/\/www.autocritica.ro\/en\/wp-json\/wp\/v2\/tags?post=277909"}],"curies":[{"name":"wp","href":"https:\/\/api.w.org\/{rel}","templated":true}]}}