{"id":277898,"date":"2026-04-16T13:19:09","date_gmt":"2026-04-16T10:19:09","guid":{"rendered":"https:\/\/www.autocritica.ro\/?post_type=live-news&#038;p=277898"},"modified":"2026-04-16T13:38:16","modified_gmt":"2026-04-16T10:38:16","slug":"renault-ne-dorim-sa-avem-o-crestere-accelerata-in-afara-europei","status":"publish","type":"live-news","link":"https:\/\/www.autocritica.ro\/en\/live-news\/renault-ne-dorim-sa-avem-o-crestere-accelerata-in-afara-europei\/","title":{"rendered":"Renault: \u201eNe dorim s\u0103 avem o cre\u0219tere accelerat\u0103 \u00een afara Europei\u201d"},"content":{"rendered":"\n<p>\u2022 Ivan Segal, director global de v\u00e2nz\u0103ri \u0219i opera\u021biuni al m\u0103rcii Renault, a oferit o serie de detalii cu privire la planurile pe termen mediu ale constructorului francez.<\/p>\n\n\n\n<p>\u2022 Din punct de vedere al v\u00e2nz\u0103rilor, noua strategie FutuREady (prezentat\u0103 succint \u00een urm\u0103 cu c\u00e2teva s\u0103pt\u0103m\u00e2ni) subliniaz\u0103 nevoia cre\u0219terilor. \u00cen Europa, francezii se afl\u0103 deja pe aceast\u0103 linie (3 ani consecutivi de cre\u0219tere), \u00eens\u0103 oficialii \u00ee\u0219i doresc ca tendin\u021ba de cre\u0219tere s\u0103 fie aplicat\u0103 \u0219i pe restul pie\u021belor interna\u021bionale.<\/p>\n\n\n\n<p>\u2022 \u201eAcum ne dorim s\u0103 avem o cre\u0219tere accelerat\u0103 \u00een afara Europei. [\u2026] Pie\u021bele pe care le viz\u0103m sunt cele din Turcia, America Latin\u0103, Coreea \u0219i India. Am \u00eenceput cu Renault Filante (foto) \u00een Coreea, o ma\u0219in\u0103 de clas\u0103 D-E, segment foarte popular pe acea pia\u021b\u0103. Recent am lansat Duster \u00een India. [\u2026] Acum c\u00e2teva luni am introdus Boreal \u00een Brazilia \u0219i urmeaz\u0103 s\u0103 \u00eel lans\u0103m \u0219i pe alte pie\u021be din America Latin\u0103. P\u00e2n\u0103 la finalul anului, tot pentru aceste pie\u021be preg\u0103tim \u0219i lansarea unui pick-up, iar \u00een trimestrul al doilea vom avea lansarea lui Boreal \u00een Turcia.\u201d<\/p>\n\n\n\n<p>\u2022 Dincolo de lans\u0103rile noi care ar trebui s\u0103 sus\u021bin\u0103 cre\u0219terea rapid\u0103 pe pie\u021bele interna\u021bionale, oficialul Renault a vorbit \u0219i despre partea a doua a programului, cea care vizeaz\u0103 clien\u021bii deja existen\u021bi \u0219i fidelizarea lor.<\/p>\n\n\n\n<p>\u2022 \u201eConsider\u0103m c\u0103 acesta este unul dintre st\u00e2lpii planului strategic, s\u0103 lucr\u0103m la programe de loialitate \u0219i s\u0103 ne concentr\u0103m pe capacitatea noastr\u0103 de fidelizare a clien\u021bilor. Nu e o noutate, \u00eens\u0103 de\u021binem destule strategii bune la nivel global. \u00cen Europa, spre exemplu, putem face asta mul\u021bumit\u0103 programelor de finan\u021bare prin Mobilized Financial Service. Apoi, \u00eencerc\u0103m s\u0103 venim cu o solu\u021bie de tip PCP (Personal Contract Purchase) \u0219i chiar am fost \u00eenc\u00e2ntat c\u0103 se lucreaz\u0103 la acest produs \u0219i \u00een Rom\u00e2nia. Acest tip de solu\u021bie de finan\u021bare ofer\u0103 clien\u021bilor posibilitatea ca la finalul perioadei contractuale s\u0103 returneze ma\u0219ina, iar astfel intr\u0103m \u00een contact cu ei \u0219i le putem propune solu\u021bii pentru o ma\u0219in\u0103 nou\u0103 \u0219i re\u00eennoirea contractului.\u201d<\/p>\n\n\n\n<p>\u2022 Nu \u00een ultimul r\u00e2nd, oficialul Renault a vorbit despre importan\u021ba digitaliz\u0103rii.<\/p>\n\n\n\n<p>\u2022 \u201eCum am spus, lucr\u0103m la fidelizare clien\u021bilor \u0219i \u00eencerc\u0103m s\u0103 o facem \u0219i \u00eentr-un mod digital pentru c\u0103 noi consider\u0103m c\u0103 acest proces va continua. Dar asta nu \u00eenseamn\u0103 c\u0103 nu avem nevoie de aportul dealerilor. \u00cenc\u0103 de la \u00eenceput am crezut \u00een dealeri \u0219i nu ne-am r\u0103zg\u00e2ndit \u00een privin\u021ba asta. Avem nevoie de expunerea oferit\u0103 de ei \u0219i de re\u021beaua puternic\u0103 de la nivel global. Da, vrem s\u0103 lucr\u0103m cu dealerii, dar asta nu ne \u00eempiedic\u0103 s\u0103 avem o prim\u0103 interac\u021biune digital\u0103 cu clientul atunci c\u00e2nd \u00ee\u021bi caut\u0103 o ma\u0219in\u0103.\u201d<\/p>\n\n\n\n<p>\u2022 Declara\u021biile lui Ivan Segal au fost f\u0103cute \u00een cadrul unei mese rotunde cu un grup restr\u00e2ns de jurnali\u0219ti din Rom\u00e2nia, iar la discu\u021bie a luat parte \u0219i <a href=\"https:\/\/l.facebook.com\/l.php?u=http%3A%2F%2FAutocritica.ro%2F%3Ffbclid%3DIwZXh0bgNhZW0CMTAAYnJpZBExOW5qcWVPZWRHQzdZME5mNnNydGMGYXBwX2lkEDIyMjAzOTE3ODgyMDA4OTIAAR7STOiza57ilh6jQuiVdYyeQjS9Bn2rAFhGn3rUN-gq3193LMEs4KFZiMam1w_aem_w0LAyXqKCJWiPmwkXJvXAw&amp;h=AT5WiBuZXscpT1dtiRqPDko7Ag9xvF2upCcLHbjg9NEVl0WXQ-O5dn3wHlqNE7EIbjNIaJiykK2eGowszZ3sRfVSmOn3j9Y5VnCV1Vk16MKi5DuqSHfSw7olmRtXVypnWWg1r9tG9pMfR-VKnnRHYQ&amp;__tn__=-UK-R&amp;c[0]=AT7Rh97BTgO7dfOITnMZy49KBi8Vpn_XdxnWm7fLnzgf0tMQmIYs5nMiP9Vf1pL-w5sdudBEGjUcgrchu6AqDK6h0I9GusPXmkzk49cNqDhKFRP643aE_Kp0q1M4sAuo9NN6RqFL8h95zZQ7Gqe8bKZliU-ltvNYB0p1e1F_GJ6C-OmELldWdrMp4B5JHr8\" rel=\"noreferrer noopener\" target=\"_blank\">Autocritica.ro.<\/a><\/p>\n","protected":false},"author":4,"featured_media":277900,"comment_status":"closed","ping_status":"closed","template":"","meta":{"_acf_changed":false,"footnotes":""},"tags":[6621,916],"class_list":["post-277898","live-news","type-live-news","status-publish","has-post-thumbnail","hentry","tag-ivan-segal","tag-renault"],"acf":[],"yoast_head":"<!-- This site is optimized with the Yoast SEO Premium plugin v27.5 (Yoast SEO v27.5) - https:\/\/yoast.com\/product\/yoast-seo-premium-wordpress\/ -->\n<title>Renault: \u201eNe dorim s\u0103 avem o cre\u0219tere accelerat\u0103 \u00een afara Europei\u201d - Autocritica<\/title>\n<meta name=\"robots\" content=\"index, follow, max-snippet:-1, max-image-preview:large, max-video-preview:-1\" \/>\n<link rel=\"canonical\" href=\"https:\/\/www.autocritica.ro\/en\/live-news\/renault-ne-dorim-sa-avem-o-crestere-accelerata-in-afara-europei\/\" \/>\n<meta property=\"og:locale\" content=\"en_US\" \/>\n<meta property=\"og:type\" content=\"article\" \/>\n<meta property=\"og:title\" content=\"Renault: \u201eNe dorim s\u0103 avem o cre\u0219tere accelerat\u0103 \u00een afara Europei\u201d\" \/>\n<meta property=\"og:description\" content=\"\u2022 Ivan Segal, director global de v\u00e2nz\u0103ri \u0219i opera\u021biuni al m\u0103rcii Renault, a oferit o serie de detalii cu privire la planurile pe termen mediu ale\" \/>\n<meta property=\"og:url\" content=\"https:\/\/www.autocritica.ro\/en\/live-news\/renault-ne-dorim-sa-avem-o-crestere-accelerata-in-afara-europei\/\" \/>\n<meta property=\"og:site_name\" content=\"Autocritica\" \/>\n<meta property=\"article:publisher\" content=\"https:\/\/www.facebook.com\/autocritica.ro\" \/>\n<meta property=\"article:modified_time\" content=\"2026-04-16T10:38:16+00:00\" \/>\n<meta property=\"og:image\" content=\"https:\/\/www.autocritica.ro\/wp-content\/uploads\/2026\/04\/R-DAM_1734225-scaled.jpg\" \/>\n\t<meta property=\"og:image:width\" content=\"2560\" \/>\n\t<meta property=\"og:image:height\" content=\"1440\" \/>\n\t<meta property=\"og:image:type\" content=\"image\/jpeg\" \/>\n<meta name=\"twitter:card\" content=\"summary_large_image\" \/>\n<meta name=\"twitter:label1\" content=\"Est. reading time\" \/>\n\t<meta name=\"twitter:data1\" content=\"3 minutes\" \/>\n<script type=\"application\/ld+json\" class=\"yoast-schema-graph\">{\"@context\":\"https:\\\/\\\/schema.org\",\"@graph\":[{\"@type\":\"WebPage\",\"@id\":\"https:\\\/\\\/www.autocritica.ro\\\/en\\\/live-news\\\/renault-ne-dorim-sa-avem-o-crestere-accelerata-in-afara-europei\\\/\",\"url\":\"https:\\\/\\\/www.autocritica.ro\\\/en\\\/live-news\\\/renault-ne-dorim-sa-avem-o-crestere-accelerata-in-afara-europei\\\/\",\"name\":\"Renault: \u201eNe dorim s\u0103 avem o cre\u0219tere accelerat\u0103 \u00een afara Europei\u201d - Autocritica\",\"isPartOf\":{\"@id\":\"https:\\\/\\\/www.autocritica.ro\\\/en\\\/#website\"},\"primaryImageOfPage\":{\"@id\":\"https:\\\/\\\/www.autocritica.ro\\\/en\\\/live-news\\\/renault-ne-dorim-sa-avem-o-crestere-accelerata-in-afara-europei\\\/#primaryimage\"},\"image\":{\"@id\":\"https:\\\/\\\/www.autocritica.ro\\\/en\\\/live-news\\\/renault-ne-dorim-sa-avem-o-crestere-accelerata-in-afara-europei\\\/#primaryimage\"},\"thumbnailUrl\":\"https:\\\/\\\/www.autocritica.ro\\\/wp-content\\\/uploads\\\/2026\\\/04\\\/R-DAM_1734225-scaled.jpg\",\"datePublished\":\"2026-04-16T10:19:09+00:00\",\"dateModified\":\"2026-04-16T10:38:16+00:00\",\"breadcrumb\":{\"@id\":\"https:\\\/\\\/www.autocritica.ro\\\/en\\\/live-news\\\/renault-ne-dorim-sa-avem-o-crestere-accelerata-in-afara-europei\\\/#breadcrumb\"},\"inLanguage\":\"en-US\",\"potentialAction\":[{\"@type\":\"ReadAction\",\"target\":[\"https:\\\/\\\/www.autocritica.ro\\\/en\\\/live-news\\\/renault-ne-dorim-sa-avem-o-crestere-accelerata-in-afara-europei\\\/\"]}]},{\"@type\":\"ImageObject\",\"inLanguage\":\"en-US\",\"@id\":\"https:\\\/\\\/www.autocritica.ro\\\/en\\\/live-news\\\/renault-ne-dorim-sa-avem-o-crestere-accelerata-in-afara-europei\\\/#primaryimage\",\"url\":\"https:\\\/\\\/www.autocritica.ro\\\/wp-content\\\/uploads\\\/2026\\\/04\\\/R-DAM_1734225-scaled.jpg\",\"contentUrl\":\"https:\\\/\\\/www.autocritica.ro\\\/wp-content\\\/uploads\\\/2026\\\/04\\\/R-DAM_1734225-scaled.jpg\",\"width\":2560,\"height\":1440},{\"@type\":\"BreadcrumbList\",\"@id\":\"https:\\\/\\\/www.autocritica.ro\\\/en\\\/live-news\\\/renault-ne-dorim-sa-avem-o-crestere-accelerata-in-afara-europei\\\/#breadcrumb\",\"itemListElement\":[{\"@type\":\"ListItem\",\"position\":1,\"name\":\"Home\",\"item\":\"https:\\\/\\\/www.autocritica.ro\\\/en\\\/\"},{\"@type\":\"ListItem\",\"position\":2,\"name\":\"Live News\",\"item\":\"https:\\\/\\\/www.autocritica.ro\\\/en\\\/live-news\\\/\"},{\"@type\":\"ListItem\",\"position\":3,\"name\":\"Renault: \u201eNe dorim s\u0103 avem o cre\u0219tere accelerat\u0103 \u00een afara Europei\u201d\"}]},{\"@type\":\"WebSite\",\"@id\":\"https:\\\/\\\/www.autocritica.ro\\\/en\\\/#website\",\"url\":\"https:\\\/\\\/www.autocritica.ro\\\/en\\\/\",\"name\":\"Autocritica\",\"description\":\"\",\"publisher\":{\"@id\":\"https:\\\/\\\/www.autocritica.ro\\\/en\\\/#organization\"},\"potentialAction\":[{\"@type\":\"SearchAction\",\"target\":{\"@type\":\"EntryPoint\",\"urlTemplate\":\"https:\\\/\\\/www.autocritica.ro\\\/en\\\/?s={search_term_string}\"},\"query-input\":{\"@type\":\"PropertyValueSpecification\",\"valueRequired\":true,\"valueName\":\"search_term_string\"}}],\"inLanguage\":\"en-US\"},{\"@type\":\"Organization\",\"@id\":\"https:\\\/\\\/www.autocritica.ro\\\/en\\\/#organization\",\"name\":\"Autocritica\",\"url\":\"https:\\\/\\\/www.autocritica.ro\\\/en\\\/\",\"logo\":{\"@type\":\"ImageObject\",\"inLanguage\":\"en-US\",\"@id\":\"https:\\\/\\\/www.autocritica.ro\\\/en\\\/#\\\/schema\\\/logo\\\/image\\\/\",\"url\":\"https:\\\/\\\/www.autocritica.ro\\\/wp-content\\\/uploads\\\/2020\\\/12\\\/logo-negru.png\",\"contentUrl\":\"https:\\\/\\\/www.autocritica.ro\\\/wp-content\\\/uploads\\\/2020\\\/12\\\/logo-negru.png\",\"width\":300,\"height\":102,\"caption\":\"Autocritica\"},\"image\":{\"@id\":\"https:\\\/\\\/www.autocritica.ro\\\/en\\\/#\\\/schema\\\/logo\\\/image\\\/\"},\"sameAs\":[\"https:\\\/\\\/www.facebook.com\\\/autocritica.ro\",\"https:\\\/\\\/www.instagram.com\\\/autocritica.ro\\\/\"]}]}<\/script>\n<!-- \/ Yoast SEO Premium plugin. -->","yoast_head_json":{"title":"Renault: \u201eNe dorim s\u0103 avem o cre\u0219tere accelerat\u0103 \u00een afara Europei\u201d - Autocritica","robots":{"index":"index","follow":"follow","max-snippet":"max-snippet:-1","max-image-preview":"max-image-preview:large","max-video-preview":"max-video-preview:-1"},"canonical":"https:\/\/www.autocritica.ro\/en\/live-news\/renault-ne-dorim-sa-avem-o-crestere-accelerata-in-afara-europei\/","og_locale":"en_US","og_type":"article","og_title":"Renault: \u201eNe dorim s\u0103 avem o cre\u0219tere accelerat\u0103 \u00een afara Europei\u201d","og_description":"\u2022 Ivan Segal, director global de v\u00e2nz\u0103ri \u0219i opera\u021biuni al m\u0103rcii Renault, a oferit o serie de detalii cu privire la planurile pe termen mediu ale","og_url":"https:\/\/www.autocritica.ro\/en\/live-news\/renault-ne-dorim-sa-avem-o-crestere-accelerata-in-afara-europei\/","og_site_name":"Autocritica","article_publisher":"https:\/\/www.facebook.com\/autocritica.ro","article_modified_time":"2026-04-16T10:38:16+00:00","og_image":[{"width":2560,"height":1440,"url":"https:\/\/www.autocritica.ro\/wp-content\/uploads\/2026\/04\/R-DAM_1734225-scaled.jpg","type":"image\/jpeg"}],"twitter_card":"summary_large_image","twitter_misc":{"Est. reading time":"3 minutes"},"schema":{"@context":"https:\/\/schema.org","@graph":[{"@type":"WebPage","@id":"https:\/\/www.autocritica.ro\/en\/live-news\/renault-ne-dorim-sa-avem-o-crestere-accelerata-in-afara-europei\/","url":"https:\/\/www.autocritica.ro\/en\/live-news\/renault-ne-dorim-sa-avem-o-crestere-accelerata-in-afara-europei\/","name":"Renault: \u201eNe dorim s\u0103 avem o cre\u0219tere accelerat\u0103 \u00een afara Europei\u201d - Autocritica","isPartOf":{"@id":"https:\/\/www.autocritica.ro\/en\/#website"},"primaryImageOfPage":{"@id":"https:\/\/www.autocritica.ro\/en\/live-news\/renault-ne-dorim-sa-avem-o-crestere-accelerata-in-afara-europei\/#primaryimage"},"image":{"@id":"https:\/\/www.autocritica.ro\/en\/live-news\/renault-ne-dorim-sa-avem-o-crestere-accelerata-in-afara-europei\/#primaryimage"},"thumbnailUrl":"https:\/\/www.autocritica.ro\/wp-content\/uploads\/2026\/04\/R-DAM_1734225-scaled.jpg","datePublished":"2026-04-16T10:19:09+00:00","dateModified":"2026-04-16T10:38:16+00:00","breadcrumb":{"@id":"https:\/\/www.autocritica.ro\/en\/live-news\/renault-ne-dorim-sa-avem-o-crestere-accelerata-in-afara-europei\/#breadcrumb"},"inLanguage":"en-US","potentialAction":[{"@type":"ReadAction","target":["https:\/\/www.autocritica.ro\/en\/live-news\/renault-ne-dorim-sa-avem-o-crestere-accelerata-in-afara-europei\/"]}]},{"@type":"ImageObject","inLanguage":"en-US","@id":"https:\/\/www.autocritica.ro\/en\/live-news\/renault-ne-dorim-sa-avem-o-crestere-accelerata-in-afara-europei\/#primaryimage","url":"https:\/\/www.autocritica.ro\/wp-content\/uploads\/2026\/04\/R-DAM_1734225-scaled.jpg","contentUrl":"https:\/\/www.autocritica.ro\/wp-content\/uploads\/2026\/04\/R-DAM_1734225-scaled.jpg","width":2560,"height":1440},{"@type":"BreadcrumbList","@id":"https:\/\/www.autocritica.ro\/en\/live-news\/renault-ne-dorim-sa-avem-o-crestere-accelerata-in-afara-europei\/#breadcrumb","itemListElement":[{"@type":"ListItem","position":1,"name":"Home","item":"https:\/\/www.autocritica.ro\/en\/"},{"@type":"ListItem","position":2,"name":"Live News","item":"https:\/\/www.autocritica.ro\/en\/live-news\/"},{"@type":"ListItem","position":3,"name":"Renault: \u201eNe dorim s\u0103 avem o cre\u0219tere accelerat\u0103 \u00een afara Europei\u201d"}]},{"@type":"WebSite","@id":"https:\/\/www.autocritica.ro\/en\/#website","url":"https:\/\/www.autocritica.ro\/en\/","name":"Autocritica","description":"","publisher":{"@id":"https:\/\/www.autocritica.ro\/en\/#organization"},"potentialAction":[{"@type":"SearchAction","target":{"@type":"EntryPoint","urlTemplate":"https:\/\/www.autocritica.ro\/en\/?s={search_term_string}"},"query-input":{"@type":"PropertyValueSpecification","valueRequired":true,"valueName":"search_term_string"}}],"inLanguage":"en-US"},{"@type":"Organization","@id":"https:\/\/www.autocritica.ro\/en\/#organization","name":"Autocritica","url":"https:\/\/www.autocritica.ro\/en\/","logo":{"@type":"ImageObject","inLanguage":"en-US","@id":"https:\/\/www.autocritica.ro\/en\/#\/schema\/logo\/image\/","url":"https:\/\/www.autocritica.ro\/wp-content\/uploads\/2020\/12\/logo-negru.png","contentUrl":"https:\/\/www.autocritica.ro\/wp-content\/uploads\/2020\/12\/logo-negru.png","width":300,"height":102,"caption":"Autocritica"},"image":{"@id":"https:\/\/www.autocritica.ro\/en\/#\/schema\/logo\/image\/"},"sameAs":["https:\/\/www.facebook.com\/autocritica.ro","https:\/\/www.instagram.com\/autocritica.ro\/"]}]}},"_links":{"self":[{"href":"https:\/\/www.autocritica.ro\/en\/wp-json\/wp\/v2\/live-news\/277898","targetHints":{"allow":["GET"]}}],"collection":[{"href":"https:\/\/www.autocritica.ro\/en\/wp-json\/wp\/v2\/live-news"}],"about":[{"href":"https:\/\/www.autocritica.ro\/en\/wp-json\/wp\/v2\/types\/live-news"}],"author":[{"embeddable":true,"href":"https:\/\/www.autocritica.ro\/en\/wp-json\/wp\/v2\/users\/4"}],"replies":[{"embeddable":true,"href":"https:\/\/www.autocritica.ro\/en\/wp-json\/wp\/v2\/comments?post=277898"}],"version-history":[{"count":3,"href":"https:\/\/www.autocritica.ro\/en\/wp-json\/wp\/v2\/live-news\/277898\/revisions"}],"predecessor-version":[{"id":277903,"href":"https:\/\/www.autocritica.ro\/en\/wp-json\/wp\/v2\/live-news\/277898\/revisions\/277903"}],"wp:featuredmedia":[{"embeddable":true,"href":"https:\/\/www.autocritica.ro\/en\/wp-json\/wp\/v2\/media\/277900"}],"wp:attachment":[{"href":"https:\/\/www.autocritica.ro\/en\/wp-json\/wp\/v2\/media?parent=277898"}],"wp:term":[{"taxonomy":"post_tag","embeddable":true,"href":"https:\/\/www.autocritica.ro\/en\/wp-json\/wp\/v2\/tags?post=277898"}],"curies":[{"name":"wp","href":"https:\/\/api.w.org\/{rel}","templated":true}]}}