{"id":277676,"date":"2026-04-15T15:27:34","date_gmt":"2026-04-15T12:27:34","guid":{"rendered":"https:\/\/www.autocritica.ro\/?post_type=live-news&#038;p=277676"},"modified":"2026-04-15T15:27:52","modified_gmt":"2026-04-15T12:27:52","slug":"noua-generatie-kia-seltos-premiera-europeana","status":"publish","type":"live-news","link":"https:\/\/www.autocritica.ro\/en\/live-news\/noua-generatie-kia-seltos-premiera-europeana\/","title":{"rendered":"Noua genera\u021bie Kia Seltos: premier\u0103 european\u0103"},"content":{"rendered":"\n<p>\u2022 Kia a publicat primele imagini \u0219i detalii referitoare la noua genera\u021bie Seltos.<\/p>\n\n\n\n<p>\u2022 Noul Seltos \u2013 al doilea cel mai v\u00e2ndut model Kia la nivel global (dup\u0103 Sportage) \u2013 a fost lansat \u00een premier\u0103 \u00een Europa \u0219i are ca rivali modele precum Hyundai Kona \u0219i Toyota Corolla Cross.<\/p>\n\n\n\n<p>\u2022 Motoriz\u0103ri ini\u021biale pentru Kia Seltos \u00een Europa:<\/p>\n\n\n\n<p>&#8211; 1,6 litri benzin\u0103: 180 CP \u0219i 265 Nm (cutie manual\u0103 cu 6 trepte sau automat\u0103 cu 7 rapoarte \u0219i dublu ambreiaj)<\/p>\n\n\n\n<p>&#8211; hibrid f\u0103r\u0103 \u00eenc\u0103rcare la priz\u0103: 154 CP (ro\u021bi motrice fa\u021b\u0103) \u0219i 178 CP (trac\u021biune integral\u0103), cutie automat\u0103<\/p>\n\n\n\n<p>\u2022 Dimensiuni: 4.430 mm lungime, 1.830 mm l\u0103\u021bime, 1.600 mm \u00een\u0103l\u021bime, 2.690 mm ampatament.<\/p>\n\n\n\n<p>\u2022 Portbagaj de 536 de litri.<\/p>\n\n\n\n<p>\u2022 Moduri de rulare: Eco, Normal, Sport.<\/p>\n\n\n\n<p>\u2022 Ecran panoramic cu 3 display-uri: 12,3 inchi pentru instrumentarul digital, 5,3 inchi pentru climatizare \u0219i 12,3 inchi pentru sistemul multimedia.<\/p>\n\n\n\n<p>\u2022 Produc\u021bia va \u00eencepe \u00een acest trimestru pentru versiunea pe benzin\u0103. Versiunile hibride vor intra ulterior pe liniile de asamblare.<\/p>\n\n\n\n<p>\u2022 Via: Kia<\/p>\n\n\n\n<figure class=\"wp-block-gallery has-nested-images columns-default is-cropped wp-block-gallery-1 is-layout-flex wp-block-gallery-is-layout-flex\">\n<figure class=\"wp-block-image size-large\"><a href=\"https:\/\/www.autocritica.ro\/wp-content\/uploads\/2026\/04\/31237-all-new-kia-seltos-ice-baseline-eu-pale-grey-28.jpg\" data-lbwps-width=\"1937\" data-lbwps-height=\"1291\" data-lbwps-srcsmall=\"https:\/\/www.autocritica.ro\/wp-content\/uploads\/2026\/04\/31237-all-new-kia-seltos-ice-baseline-eu-pale-grey-28-300x200.jpg\"><img loading=\"lazy\" decoding=\"async\" width=\"1024\" height=\"682\" data-id=\"277682\" src=\"https:\/\/www.autocritica.ro\/wp-content\/uploads\/2026\/04\/31237-all-new-kia-seltos-ice-baseline-eu-pale-grey-28-1024x682.jpg\" alt=\"\" class=\"wp-image-277682\" srcset=\"https:\/\/www.autocritica.ro\/wp-content\/uploads\/2026\/04\/31237-all-new-kia-seltos-ice-baseline-eu-pale-grey-28-1024x682.jpg 1024w, https:\/\/www.autocritica.ro\/wp-content\/uploads\/2026\/04\/31237-all-new-kia-seltos-ice-baseline-eu-pale-grey-28-300x200.jpg 300w, https:\/\/www.autocritica.ro\/wp-content\/uploads\/2026\/04\/31237-all-new-kia-seltos-ice-baseline-eu-pale-grey-28-768x512.jpg 768w, https:\/\/www.autocritica.ro\/wp-content\/uploads\/2026\/04\/31237-all-new-kia-seltos-ice-baseline-eu-pale-grey-28-1536x1024.jpg 1536w, https:\/\/www.autocritica.ro\/wp-content\/uploads\/2026\/04\/31237-all-new-kia-seltos-ice-baseline-eu-pale-grey-28-1200x800.jpg 1200w, https:\/\/www.autocritica.ro\/wp-content\/uploads\/2026\/04\/31237-all-new-kia-seltos-ice-baseline-eu-pale-grey-28-1000x666.jpg 1000w, https:\/\/www.autocritica.ro\/wp-content\/uploads\/2026\/04\/31237-all-new-kia-seltos-ice-baseline-eu-pale-grey-28.jpg 1937w\" sizes=\"auto, (max-width: 1024px) 100vw, 1024px\" \/><\/a><\/figure>\n\n\n\n<figure class=\"wp-block-image size-large\"><a href=\"https:\/\/www.autocritica.ro\/wp-content\/uploads\/2026\/04\/31244-all-new-kia-seltos-ice-baseline-eu-pale-grey-21.jpg\" data-lbwps-width=\"1739\" data-lbwps-height=\"1160\" data-lbwps-srcsmall=\"https:\/\/www.autocritica.ro\/wp-content\/uploads\/2026\/04\/31244-all-new-kia-seltos-ice-baseline-eu-pale-grey-21-300x200.jpg\"><img loading=\"lazy\" decoding=\"async\" width=\"1024\" height=\"683\" data-id=\"277680\" src=\"https:\/\/www.autocritica.ro\/wp-content\/uploads\/2026\/04\/31244-all-new-kia-seltos-ice-baseline-eu-pale-grey-21-1024x683.jpg\" alt=\"\" class=\"wp-image-277680\" srcset=\"https:\/\/www.autocritica.ro\/wp-content\/uploads\/2026\/04\/31244-all-new-kia-seltos-ice-baseline-eu-pale-grey-21-1024x683.jpg 1024w, https:\/\/www.autocritica.ro\/wp-content\/uploads\/2026\/04\/31244-all-new-kia-seltos-ice-baseline-eu-pale-grey-21-300x200.jpg 300w, https:\/\/www.autocritica.ro\/wp-content\/uploads\/2026\/04\/31244-all-new-kia-seltos-ice-baseline-eu-pale-grey-21-768x512.jpg 768w, https:\/\/www.autocritica.ro\/wp-content\/uploads\/2026\/04\/31244-all-new-kia-seltos-ice-baseline-eu-pale-grey-21-1536x1025.jpg 1536w, https:\/\/www.autocritica.ro\/wp-content\/uploads\/2026\/04\/31244-all-new-kia-seltos-ice-baseline-eu-pale-grey-21-1200x800.jpg 1200w, https:\/\/www.autocritica.ro\/wp-content\/uploads\/2026\/04\/31244-all-new-kia-seltos-ice-baseline-eu-pale-grey-21-1000x666.jpg 1000w, https:\/\/www.autocritica.ro\/wp-content\/uploads\/2026\/04\/31244-all-new-kia-seltos-ice-baseline-eu-pale-grey-21.jpg 1739w\" sizes=\"auto, (max-width: 1024px) 100vw, 1024px\" \/><\/a><\/figure>\n\n\n\n<figure class=\"wp-block-image size-large\"><a href=\"https:\/\/www.autocritica.ro\/wp-content\/uploads\/2026\/04\/31248-all-new-kia-seltos-ice-baseline-eu-pale-grey-17.jpg\" data-lbwps-width=\"1924\" data-lbwps-height=\"1282\" data-lbwps-srcsmall=\"https:\/\/www.autocritica.ro\/wp-content\/uploads\/2026\/04\/31248-all-new-kia-seltos-ice-baseline-eu-pale-grey-17-300x200.jpg\"><img loading=\"lazy\" decoding=\"async\" width=\"1024\" height=\"682\" data-id=\"277679\" src=\"https:\/\/www.autocritica.ro\/wp-content\/uploads\/2026\/04\/31248-all-new-kia-seltos-ice-baseline-eu-pale-grey-17-1024x682.jpg\" alt=\"\" class=\"wp-image-277679\" srcset=\"https:\/\/www.autocritica.ro\/wp-content\/uploads\/2026\/04\/31248-all-new-kia-seltos-ice-baseline-eu-pale-grey-17-1024x682.jpg 1024w, https:\/\/www.autocritica.ro\/wp-content\/uploads\/2026\/04\/31248-all-new-kia-seltos-ice-baseline-eu-pale-grey-17-300x200.jpg 300w, https:\/\/www.autocritica.ro\/wp-content\/uploads\/2026\/04\/31248-all-new-kia-seltos-ice-baseline-eu-pale-grey-17-768x512.jpg 768w, https:\/\/www.autocritica.ro\/wp-content\/uploads\/2026\/04\/31248-all-new-kia-seltos-ice-baseline-eu-pale-grey-17-1536x1023.jpg 1536w, https:\/\/www.autocritica.ro\/wp-content\/uploads\/2026\/04\/31248-all-new-kia-seltos-ice-baseline-eu-pale-grey-17-1200x800.jpg 1200w, https:\/\/www.autocritica.ro\/wp-content\/uploads\/2026\/04\/31248-all-new-kia-seltos-ice-baseline-eu-pale-grey-17-1000x666.jpg 1000w, https:\/\/www.autocritica.ro\/wp-content\/uploads\/2026\/04\/31248-all-new-kia-seltos-ice-baseline-eu-pale-grey-17.jpg 1924w\" sizes=\"auto, (max-width: 1024px) 100vw, 1024px\" \/><\/a><\/figure>\n\n\n\n<figure class=\"wp-block-image size-large\"><a href=\"https:\/\/www.autocritica.ro\/wp-content\/uploads\/2026\/04\/31249-all-new-kia-seltos-ice-baseline-eu-pale-grey-16.jpg\" data-lbwps-width=\"1830\" data-lbwps-height=\"1220\" data-lbwps-srcsmall=\"https:\/\/www.autocritica.ro\/wp-content\/uploads\/2026\/04\/31249-all-new-kia-seltos-ice-baseline-eu-pale-grey-16-300x200.jpg\"><img loading=\"lazy\" decoding=\"async\" width=\"1024\" height=\"683\" data-id=\"277691\" src=\"https:\/\/www.autocritica.ro\/wp-content\/uploads\/2026\/04\/31249-all-new-kia-seltos-ice-baseline-eu-pale-grey-16-1024x683.jpg\" alt=\"\" class=\"wp-image-277691\" srcset=\"https:\/\/www.autocritica.ro\/wp-content\/uploads\/2026\/04\/31249-all-new-kia-seltos-ice-baseline-eu-pale-grey-16-1024x683.jpg 1024w, https:\/\/www.autocritica.ro\/wp-content\/uploads\/2026\/04\/31249-all-new-kia-seltos-ice-baseline-eu-pale-grey-16-300x200.jpg 300w, https:\/\/www.autocritica.ro\/wp-content\/uploads\/2026\/04\/31249-all-new-kia-seltos-ice-baseline-eu-pale-grey-16-768x512.jpg 768w, https:\/\/www.autocritica.ro\/wp-content\/uploads\/2026\/04\/31249-all-new-kia-seltos-ice-baseline-eu-pale-grey-16-1536x1024.jpg 1536w, https:\/\/www.autocritica.ro\/wp-content\/uploads\/2026\/04\/31249-all-new-kia-seltos-ice-baseline-eu-pale-grey-16-1200x800.jpg 1200w, https:\/\/www.autocritica.ro\/wp-content\/uploads\/2026\/04\/31249-all-new-kia-seltos-ice-baseline-eu-pale-grey-16-1000x666.jpg 1000w, https:\/\/www.autocritica.ro\/wp-content\/uploads\/2026\/04\/31249-all-new-kia-seltos-ice-baseline-eu-pale-grey-16.jpg 1830w\" sizes=\"auto, (max-width: 1024px) 100vw, 1024px\" \/><\/a><\/figure>\n\n\n\n<figure class=\"wp-block-image size-large\"><a href=\"https:\/\/www.autocritica.ro\/wp-content\/uploads\/2026\/04\/31255-all-new-kia-seltos-ice-baseline-eu-pale-grey-10.jpg\" data-lbwps-width=\"1648\" data-lbwps-height=\"1099\" data-lbwps-srcsmall=\"https:\/\/www.autocritica.ro\/wp-content\/uploads\/2026\/04\/31255-all-new-kia-seltos-ice-baseline-eu-pale-grey-10-300x200.jpg\"><img loading=\"lazy\" decoding=\"async\" width=\"1024\" height=\"683\" data-id=\"277689\" src=\"https:\/\/www.autocritica.ro\/wp-content\/uploads\/2026\/04\/31255-all-new-kia-seltos-ice-baseline-eu-pale-grey-10-1024x683.jpg\" alt=\"\" class=\"wp-image-277689\" srcset=\"https:\/\/www.autocritica.ro\/wp-content\/uploads\/2026\/04\/31255-all-new-kia-seltos-ice-baseline-eu-pale-grey-10-1024x683.jpg 1024w, https:\/\/www.autocritica.ro\/wp-content\/uploads\/2026\/04\/31255-all-new-kia-seltos-ice-baseline-eu-pale-grey-10-300x200.jpg 300w, https:\/\/www.autocritica.ro\/wp-content\/uploads\/2026\/04\/31255-all-new-kia-seltos-ice-baseline-eu-pale-grey-10-768x512.jpg 768w, https:\/\/www.autocritica.ro\/wp-content\/uploads\/2026\/04\/31255-all-new-kia-seltos-ice-baseline-eu-pale-grey-10-1536x1024.jpg 1536w, https:\/\/www.autocritica.ro\/wp-content\/uploads\/2026\/04\/31255-all-new-kia-seltos-ice-baseline-eu-pale-grey-10-1200x800.jpg 1200w, https:\/\/www.autocritica.ro\/wp-content\/uploads\/2026\/04\/31255-all-new-kia-seltos-ice-baseline-eu-pale-grey-10-1000x666.jpg 1000w, https:\/\/www.autocritica.ro\/wp-content\/uploads\/2026\/04\/31255-all-new-kia-seltos-ice-baseline-eu-pale-grey-10.jpg 1648w\" sizes=\"auto, (max-width: 1024px) 100vw, 1024px\" \/><\/a><\/figure>\n\n\n\n<figure class=\"wp-block-image size-large\"><a href=\"https:\/\/www.autocritica.ro\/wp-content\/uploads\/2026\/04\/31261-all-new-kia-seltos-ice-baseline-eu-pale-grey-4.jpg\" data-lbwps-width=\"2093\" data-lbwps-height=\"1395\" data-lbwps-srcsmall=\"https:\/\/www.autocritica.ro\/wp-content\/uploads\/2026\/04\/31261-all-new-kia-seltos-ice-baseline-eu-pale-grey-4-300x200.jpg\"><img loading=\"lazy\" decoding=\"async\" width=\"1024\" height=\"683\" data-id=\"277687\" src=\"https:\/\/www.autocritica.ro\/wp-content\/uploads\/2026\/04\/31261-all-new-kia-seltos-ice-baseline-eu-pale-grey-4-1024x683.jpg\" alt=\"\" class=\"wp-image-277687\" srcset=\"https:\/\/www.autocritica.ro\/wp-content\/uploads\/2026\/04\/31261-all-new-kia-seltos-ice-baseline-eu-pale-grey-4-1024x683.jpg 1024w, https:\/\/www.autocritica.ro\/wp-content\/uploads\/2026\/04\/31261-all-new-kia-seltos-ice-baseline-eu-pale-grey-4-300x200.jpg 300w, https:\/\/www.autocritica.ro\/wp-content\/uploads\/2026\/04\/31261-all-new-kia-seltos-ice-baseline-eu-pale-grey-4-768x512.jpg 768w, https:\/\/www.autocritica.ro\/wp-content\/uploads\/2026\/04\/31261-all-new-kia-seltos-ice-baseline-eu-pale-grey-4-1536x1024.jpg 1536w, https:\/\/www.autocritica.ro\/wp-content\/uploads\/2026\/04\/31261-all-new-kia-seltos-ice-baseline-eu-pale-grey-4-2048x1365.jpg 2048w, https:\/\/www.autocritica.ro\/wp-content\/uploads\/2026\/04\/31261-all-new-kia-seltos-ice-baseline-eu-pale-grey-4-1200x800.jpg 1200w, https:\/\/www.autocritica.ro\/wp-content\/uploads\/2026\/04\/31261-all-new-kia-seltos-ice-baseline-eu-pale-grey-4-1000x666.jpg 1000w, https:\/\/www.autocritica.ro\/wp-content\/uploads\/2026\/04\/31261-all-new-kia-seltos-ice-baseline-eu-pale-grey-4-2000x1333.jpg 2000w\" sizes=\"auto, (max-width: 1024px) 100vw, 1024px\" \/><\/a><\/figure>\n\n\n\n<figure class=\"wp-block-image size-large\"><a href=\"https:\/\/www.autocritica.ro\/wp-content\/uploads\/2026\/04\/31262-all-new-kia-seltos-ice-baseline-eu-pale-grey-3.jpg\" data-lbwps-width=\"2042\" data-lbwps-height=\"1361\" data-lbwps-srcsmall=\"https:\/\/www.autocritica.ro\/wp-content\/uploads\/2026\/04\/31262-all-new-kia-seltos-ice-baseline-eu-pale-grey-3-300x200.jpg\"><img loading=\"lazy\" decoding=\"async\" width=\"1024\" height=\"682\" data-id=\"277685\" src=\"https:\/\/www.autocritica.ro\/wp-content\/uploads\/2026\/04\/31262-all-new-kia-seltos-ice-baseline-eu-pale-grey-3-1024x682.jpg\" alt=\"\" class=\"wp-image-277685\" srcset=\"https:\/\/www.autocritica.ro\/wp-content\/uploads\/2026\/04\/31262-all-new-kia-seltos-ice-baseline-eu-pale-grey-3-1024x682.jpg 1024w, https:\/\/www.autocritica.ro\/wp-content\/uploads\/2026\/04\/31262-all-new-kia-seltos-ice-baseline-eu-pale-grey-3-300x200.jpg 300w, https:\/\/www.autocritica.ro\/wp-content\/uploads\/2026\/04\/31262-all-new-kia-seltos-ice-baseline-eu-pale-grey-3-768x512.jpg 768w, https:\/\/www.autocritica.ro\/wp-content\/uploads\/2026\/04\/31262-all-new-kia-seltos-ice-baseline-eu-pale-grey-3-1536x1024.jpg 1536w, https:\/\/www.autocritica.ro\/wp-content\/uploads\/2026\/04\/31262-all-new-kia-seltos-ice-baseline-eu-pale-grey-3-1200x800.jpg 1200w, https:\/\/www.autocritica.ro\/wp-content\/uploads\/2026\/04\/31262-all-new-kia-seltos-ice-baseline-eu-pale-grey-3-1000x666.jpg 1000w, https:\/\/www.autocritica.ro\/wp-content\/uploads\/2026\/04\/31262-all-new-kia-seltos-ice-baseline-eu-pale-grey-3-2000x1333.jpg 2000w, https:\/\/www.autocritica.ro\/wp-content\/uploads\/2026\/04\/31262-all-new-kia-seltos-ice-baseline-eu-pale-grey-3.jpg 2042w\" sizes=\"auto, (max-width: 1024px) 100vw, 1024px\" \/><\/a><\/figure>\n\n\n\n<figure class=\"wp-block-image size-large\"><a href=\"https:\/\/www.autocritica.ro\/wp-content\/uploads\/2026\/04\/31263-all-new-kia-seltos-ice-baseline-eu-pale-grey-2.jpg\" data-lbwps-width=\"2032\" data-lbwps-height=\"1355\" data-lbwps-srcsmall=\"https:\/\/www.autocritica.ro\/wp-content\/uploads\/2026\/04\/31263-all-new-kia-seltos-ice-baseline-eu-pale-grey-2-300x200.jpg\"><img loading=\"lazy\" decoding=\"async\" width=\"1024\" height=\"683\" data-id=\"277678\" src=\"https:\/\/www.autocritica.ro\/wp-content\/uploads\/2026\/04\/31263-all-new-kia-seltos-ice-baseline-eu-pale-grey-2-1024x683.jpg\" alt=\"\" class=\"wp-image-277678\" srcset=\"https:\/\/www.autocritica.ro\/wp-content\/uploads\/2026\/04\/31263-all-new-kia-seltos-ice-baseline-eu-pale-grey-2-1024x683.jpg 1024w, https:\/\/www.autocritica.ro\/wp-content\/uploads\/2026\/04\/31263-all-new-kia-seltos-ice-baseline-eu-pale-grey-2-300x200.jpg 300w, https:\/\/www.autocritica.ro\/wp-content\/uploads\/2026\/04\/31263-all-new-kia-seltos-ice-baseline-eu-pale-grey-2-768x512.jpg 768w, https:\/\/www.autocritica.ro\/wp-content\/uploads\/2026\/04\/31263-all-new-kia-seltos-ice-baseline-eu-pale-grey-2-1536x1024.jpg 1536w, https:\/\/www.autocritica.ro\/wp-content\/uploads\/2026\/04\/31263-all-new-kia-seltos-ice-baseline-eu-pale-grey-2-1200x800.jpg 1200w, https:\/\/www.autocritica.ro\/wp-content\/uploads\/2026\/04\/31263-all-new-kia-seltos-ice-baseline-eu-pale-grey-2-1000x666.jpg 1000w, https:\/\/www.autocritica.ro\/wp-content\/uploads\/2026\/04\/31263-all-new-kia-seltos-ice-baseline-eu-pale-grey-2-2000x1333.jpg 2000w, https:\/\/www.autocritica.ro\/wp-content\/uploads\/2026\/04\/31263-all-new-kia-seltos-ice-baseline-eu-pale-grey-2.jpg 2032w\" sizes=\"auto, (max-width: 1024px) 100vw, 1024px\" \/><\/a><\/figure>\n\n\n\n<figure class=\"wp-block-image size-large\"><a href=\"https:\/\/www.autocritica.ro\/wp-content\/uploads\/2026\/04\/31264-all-new-kia-seltos-ice-baseline-eu-pale-grey-1.jpg\" data-lbwps-width=\"2086\" data-lbwps-height=\"1391\" data-lbwps-srcsmall=\"https:\/\/www.autocritica.ro\/wp-content\/uploads\/2026\/04\/31264-all-new-kia-seltos-ice-baseline-eu-pale-grey-1-300x200.jpg\"><img loading=\"lazy\" decoding=\"async\" width=\"1024\" height=\"683\" data-id=\"277684\" src=\"https:\/\/www.autocritica.ro\/wp-content\/uploads\/2026\/04\/31264-all-new-kia-seltos-ice-baseline-eu-pale-grey-1-1024x683.jpg\" alt=\"\" class=\"wp-image-277684\" srcset=\"https:\/\/www.autocritica.ro\/wp-content\/uploads\/2026\/04\/31264-all-new-kia-seltos-ice-baseline-eu-pale-grey-1-1024x683.jpg 1024w, https:\/\/www.autocritica.ro\/wp-content\/uploads\/2026\/04\/31264-all-new-kia-seltos-ice-baseline-eu-pale-grey-1-300x200.jpg 300w, https:\/\/www.autocritica.ro\/wp-content\/uploads\/2026\/04\/31264-all-new-kia-seltos-ice-baseline-eu-pale-grey-1-768x512.jpg 768w, https:\/\/www.autocritica.ro\/wp-content\/uploads\/2026\/04\/31264-all-new-kia-seltos-ice-baseline-eu-pale-grey-1-1536x1024.jpg 1536w, https:\/\/www.autocritica.ro\/wp-content\/uploads\/2026\/04\/31264-all-new-kia-seltos-ice-baseline-eu-pale-grey-1-2048x1366.jpg 2048w, https:\/\/www.autocritica.ro\/wp-content\/uploads\/2026\/04\/31264-all-new-kia-seltos-ice-baseline-eu-pale-grey-1-1200x800.jpg 1200w, https:\/\/www.autocritica.ro\/wp-content\/uploads\/2026\/04\/31264-all-new-kia-seltos-ice-baseline-eu-pale-grey-1-1000x666.jpg 1000w, https:\/\/www.autocritica.ro\/wp-content\/uploads\/2026\/04\/31264-all-new-kia-seltos-ice-baseline-eu-pale-grey-1-2000x1333.jpg 2000w\" sizes=\"auto, (max-width: 1024px) 100vw, 1024px\" \/><\/a><\/figure>\n<\/figure>\n","protected":false},"author":16,"featured_media":277684,"comment_status":"closed","ping_status":"closed","template":"","meta":{"_acf_changed":false,"footnotes":""},"tags":[52,6360],"class_list":["post-277676","live-news","type-live-news","status-publish","has-post-thumbnail","hentry","tag-kia","tag-kia-seltos"],"acf":[],"yoast_head":"<!-- This site is optimized with the Yoast SEO Premium plugin v27.5 (Yoast SEO v27.5) - https:\/\/yoast.com\/product\/yoast-seo-premium-wordpress\/ -->\n<title>Noua genera\u021bie Kia Seltos: premier\u0103 european\u0103 - Autocritica<\/title>\n<meta name=\"robots\" content=\"index, follow, max-snippet:-1, max-image-preview:large, max-video-preview:-1\" \/>\n<link rel=\"canonical\" href=\"https:\/\/www.autocritica.ro\/en\/live-news\/noua-generatie-kia-seltos-premiera-europeana\/\" \/>\n<meta property=\"og:locale\" content=\"en_US\" \/>\n<meta property=\"og:type\" content=\"article\" \/>\n<meta property=\"og:title\" content=\"Noua genera\u021bie Kia Seltos: premier\u0103 european\u0103\" \/>\n<meta property=\"og:description\" content=\"\u2022 Kia a publicat primele imagini \u0219i detalii referitoare la noua genera\u021bie Seltos. \u2022 Noul Seltos \u2013 al doilea cel mai v\u00e2ndut model Kia la nivel global (dup\u0103\" \/>\n<meta property=\"og:url\" content=\"https:\/\/www.autocritica.ro\/en\/live-news\/noua-generatie-kia-seltos-premiera-europeana\/\" \/>\n<meta property=\"og:site_name\" content=\"Autocritica\" \/>\n<meta property=\"article:publisher\" content=\"https:\/\/www.facebook.com\/autocritica.ro\" \/>\n<meta property=\"article:modified_time\" content=\"2026-04-15T12:27:52+00:00\" \/>\n<meta property=\"og:image\" content=\"https:\/\/www.autocritica.ro\/wp-content\/uploads\/2026\/04\/31264-all-new-kia-seltos-ice-baseline-eu-pale-grey-1.jpg\" \/>\n\t<meta property=\"og:image:width\" content=\"2086\" \/>\n\t<meta property=\"og:image:height\" content=\"1391\" \/>\n\t<meta property=\"og:image:type\" content=\"image\/jpeg\" \/>\n<meta name=\"twitter:card\" content=\"summary_large_image\" \/>\n<meta name=\"twitter:label1\" content=\"Est. reading time\" \/>\n\t<meta name=\"twitter:data1\" content=\"1 minute\" \/>\n<script type=\"application\/ld+json\" class=\"yoast-schema-graph\">{\"@context\":\"https:\\\/\\\/schema.org\",\"@graph\":[{\"@type\":\"WebPage\",\"@id\":\"https:\\\/\\\/www.autocritica.ro\\\/en\\\/live-news\\\/noua-generatie-kia-seltos-premiera-europeana\\\/\",\"url\":\"https:\\\/\\\/www.autocritica.ro\\\/en\\\/live-news\\\/noua-generatie-kia-seltos-premiera-europeana\\\/\",\"name\":\"Noua genera\u021bie Kia Seltos: premier\u0103 european\u0103 - Autocritica\",\"isPartOf\":{\"@id\":\"https:\\\/\\\/www.autocritica.ro\\\/en\\\/#website\"},\"primaryImageOfPage\":{\"@id\":\"https:\\\/\\\/www.autocritica.ro\\\/en\\\/live-news\\\/noua-generatie-kia-seltos-premiera-europeana\\\/#primaryimage\"},\"image\":{\"@id\":\"https:\\\/\\\/www.autocritica.ro\\\/en\\\/live-news\\\/noua-generatie-kia-seltos-premiera-europeana\\\/#primaryimage\"},\"thumbnailUrl\":\"https:\\\/\\\/www.autocritica.ro\\\/wp-content\\\/uploads\\\/2026\\\/04\\\/31264-all-new-kia-seltos-ice-baseline-eu-pale-grey-1.jpg\",\"datePublished\":\"2026-04-15T12:27:34+00:00\",\"dateModified\":\"2026-04-15T12:27:52+00:00\",\"breadcrumb\":{\"@id\":\"https:\\\/\\\/www.autocritica.ro\\\/en\\\/live-news\\\/noua-generatie-kia-seltos-premiera-europeana\\\/#breadcrumb\"},\"inLanguage\":\"en-US\",\"potentialAction\":[{\"@type\":\"ReadAction\",\"target\":[\"https:\\\/\\\/www.autocritica.ro\\\/en\\\/live-news\\\/noua-generatie-kia-seltos-premiera-europeana\\\/\"]}]},{\"@type\":\"ImageObject\",\"inLanguage\":\"en-US\",\"@id\":\"https:\\\/\\\/www.autocritica.ro\\\/en\\\/live-news\\\/noua-generatie-kia-seltos-premiera-europeana\\\/#primaryimage\",\"url\":\"https:\\\/\\\/www.autocritica.ro\\\/wp-content\\\/uploads\\\/2026\\\/04\\\/31264-all-new-kia-seltos-ice-baseline-eu-pale-grey-1.jpg\",\"contentUrl\":\"https:\\\/\\\/www.autocritica.ro\\\/wp-content\\\/uploads\\\/2026\\\/04\\\/31264-all-new-kia-seltos-ice-baseline-eu-pale-grey-1.jpg\",\"width\":2086,\"height\":1391},{\"@type\":\"BreadcrumbList\",\"@id\":\"https:\\\/\\\/www.autocritica.ro\\\/en\\\/live-news\\\/noua-generatie-kia-seltos-premiera-europeana\\\/#breadcrumb\",\"itemListElement\":[{\"@type\":\"ListItem\",\"position\":1,\"name\":\"Home\",\"item\":\"https:\\\/\\\/www.autocritica.ro\\\/en\\\/\"},{\"@type\":\"ListItem\",\"position\":2,\"name\":\"Live News\",\"item\":\"https:\\\/\\\/www.autocritica.ro\\\/en\\\/live-news\\\/\"},{\"@type\":\"ListItem\",\"position\":3,\"name\":\"Noua genera\u021bie Kia Seltos: premier\u0103 european\u0103\"}]},{\"@type\":\"WebSite\",\"@id\":\"https:\\\/\\\/www.autocritica.ro\\\/en\\\/#website\",\"url\":\"https:\\\/\\\/www.autocritica.ro\\\/en\\\/\",\"name\":\"Autocritica\",\"description\":\"\",\"publisher\":{\"@id\":\"https:\\\/\\\/www.autocritica.ro\\\/en\\\/#organization\"},\"potentialAction\":[{\"@type\":\"SearchAction\",\"target\":{\"@type\":\"EntryPoint\",\"urlTemplate\":\"https:\\\/\\\/www.autocritica.ro\\\/en\\\/?s={search_term_string}\"},\"query-input\":{\"@type\":\"PropertyValueSpecification\",\"valueRequired\":true,\"valueName\":\"search_term_string\"}}],\"inLanguage\":\"en-US\"},{\"@type\":\"Organization\",\"@id\":\"https:\\\/\\\/www.autocritica.ro\\\/en\\\/#organization\",\"name\":\"Autocritica\",\"url\":\"https:\\\/\\\/www.autocritica.ro\\\/en\\\/\",\"logo\":{\"@type\":\"ImageObject\",\"inLanguage\":\"en-US\",\"@id\":\"https:\\\/\\\/www.autocritica.ro\\\/en\\\/#\\\/schema\\\/logo\\\/image\\\/\",\"url\":\"https:\\\/\\\/www.autocritica.ro\\\/wp-content\\\/uploads\\\/2020\\\/12\\\/logo-negru.png\",\"contentUrl\":\"https:\\\/\\\/www.autocritica.ro\\\/wp-content\\\/uploads\\\/2020\\\/12\\\/logo-negru.png\",\"width\":300,\"height\":102,\"caption\":\"Autocritica\"},\"image\":{\"@id\":\"https:\\\/\\\/www.autocritica.ro\\\/en\\\/#\\\/schema\\\/logo\\\/image\\\/\"},\"sameAs\":[\"https:\\\/\\\/www.facebook.com\\\/autocritica.ro\",\"https:\\\/\\\/www.instagram.com\\\/autocritica.ro\\\/\"]}]}<\/script>\n<!-- \/ Yoast SEO Premium plugin. -->","yoast_head_json":{"title":"Noua genera\u021bie Kia Seltos: premier\u0103 european\u0103 - Autocritica","robots":{"index":"index","follow":"follow","max-snippet":"max-snippet:-1","max-image-preview":"max-image-preview:large","max-video-preview":"max-video-preview:-1"},"canonical":"https:\/\/www.autocritica.ro\/en\/live-news\/noua-generatie-kia-seltos-premiera-europeana\/","og_locale":"en_US","og_type":"article","og_title":"Noua genera\u021bie Kia Seltos: premier\u0103 european\u0103","og_description":"\u2022 Kia a publicat primele imagini \u0219i detalii referitoare la noua genera\u021bie Seltos. \u2022 Noul Seltos \u2013 al doilea cel mai v\u00e2ndut model Kia la nivel global (dup\u0103","og_url":"https:\/\/www.autocritica.ro\/en\/live-news\/noua-generatie-kia-seltos-premiera-europeana\/","og_site_name":"Autocritica","article_publisher":"https:\/\/www.facebook.com\/autocritica.ro","article_modified_time":"2026-04-15T12:27:52+00:00","og_image":[{"width":2086,"height":1391,"url":"https:\/\/www.autocritica.ro\/wp-content\/uploads\/2026\/04\/31264-all-new-kia-seltos-ice-baseline-eu-pale-grey-1.jpg","type":"image\/jpeg"}],"twitter_card":"summary_large_image","twitter_misc":{"Est. reading time":"1 minute"},"schema":{"@context":"https:\/\/schema.org","@graph":[{"@type":"WebPage","@id":"https:\/\/www.autocritica.ro\/en\/live-news\/noua-generatie-kia-seltos-premiera-europeana\/","url":"https:\/\/www.autocritica.ro\/en\/live-news\/noua-generatie-kia-seltos-premiera-europeana\/","name":"Noua genera\u021bie Kia Seltos: premier\u0103 european\u0103 - Autocritica","isPartOf":{"@id":"https:\/\/www.autocritica.ro\/en\/#website"},"primaryImageOfPage":{"@id":"https:\/\/www.autocritica.ro\/en\/live-news\/noua-generatie-kia-seltos-premiera-europeana\/#primaryimage"},"image":{"@id":"https:\/\/www.autocritica.ro\/en\/live-news\/noua-generatie-kia-seltos-premiera-europeana\/#primaryimage"},"thumbnailUrl":"https:\/\/www.autocritica.ro\/wp-content\/uploads\/2026\/04\/31264-all-new-kia-seltos-ice-baseline-eu-pale-grey-1.jpg","datePublished":"2026-04-15T12:27:34+00:00","dateModified":"2026-04-15T12:27:52+00:00","breadcrumb":{"@id":"https:\/\/www.autocritica.ro\/en\/live-news\/noua-generatie-kia-seltos-premiera-europeana\/#breadcrumb"},"inLanguage":"en-US","potentialAction":[{"@type":"ReadAction","target":["https:\/\/www.autocritica.ro\/en\/live-news\/noua-generatie-kia-seltos-premiera-europeana\/"]}]},{"@type":"ImageObject","inLanguage":"en-US","@id":"https:\/\/www.autocritica.ro\/en\/live-news\/noua-generatie-kia-seltos-premiera-europeana\/#primaryimage","url":"https:\/\/www.autocritica.ro\/wp-content\/uploads\/2026\/04\/31264-all-new-kia-seltos-ice-baseline-eu-pale-grey-1.jpg","contentUrl":"https:\/\/www.autocritica.ro\/wp-content\/uploads\/2026\/04\/31264-all-new-kia-seltos-ice-baseline-eu-pale-grey-1.jpg","width":2086,"height":1391},{"@type":"BreadcrumbList","@id":"https:\/\/www.autocritica.ro\/en\/live-news\/noua-generatie-kia-seltos-premiera-europeana\/#breadcrumb","itemListElement":[{"@type":"ListItem","position":1,"name":"Home","item":"https:\/\/www.autocritica.ro\/en\/"},{"@type":"ListItem","position":2,"name":"Live News","item":"https:\/\/www.autocritica.ro\/en\/live-news\/"},{"@type":"ListItem","position":3,"name":"Noua genera\u021bie Kia Seltos: premier\u0103 european\u0103"}]},{"@type":"WebSite","@id":"https:\/\/www.autocritica.ro\/en\/#website","url":"https:\/\/www.autocritica.ro\/en\/","name":"Autocritica","description":"","publisher":{"@id":"https:\/\/www.autocritica.ro\/en\/#organization"},"potentialAction":[{"@type":"SearchAction","target":{"@type":"EntryPoint","urlTemplate":"https:\/\/www.autocritica.ro\/en\/?s={search_term_string}"},"query-input":{"@type":"PropertyValueSpecification","valueRequired":true,"valueName":"search_term_string"}}],"inLanguage":"en-US"},{"@type":"Organization","@id":"https:\/\/www.autocritica.ro\/en\/#organization","name":"Autocritica","url":"https:\/\/www.autocritica.ro\/en\/","logo":{"@type":"ImageObject","inLanguage":"en-US","@id":"https:\/\/www.autocritica.ro\/en\/#\/schema\/logo\/image\/","url":"https:\/\/www.autocritica.ro\/wp-content\/uploads\/2020\/12\/logo-negru.png","contentUrl":"https:\/\/www.autocritica.ro\/wp-content\/uploads\/2020\/12\/logo-negru.png","width":300,"height":102,"caption":"Autocritica"},"image":{"@id":"https:\/\/www.autocritica.ro\/en\/#\/schema\/logo\/image\/"},"sameAs":["https:\/\/www.facebook.com\/autocritica.ro","https:\/\/www.instagram.com\/autocritica.ro\/"]}]}},"_links":{"self":[{"href":"https:\/\/www.autocritica.ro\/en\/wp-json\/wp\/v2\/live-news\/277676","targetHints":{"allow":["GET"]}}],"collection":[{"href":"https:\/\/www.autocritica.ro\/en\/wp-json\/wp\/v2\/live-news"}],"about":[{"href":"https:\/\/www.autocritica.ro\/en\/wp-json\/wp\/v2\/types\/live-news"}],"author":[{"embeddable":true,"href":"https:\/\/www.autocritica.ro\/en\/wp-json\/wp\/v2\/users\/16"}],"replies":[{"embeddable":true,"href":"https:\/\/www.autocritica.ro\/en\/wp-json\/wp\/v2\/comments?post=277676"}],"version-history":[{"count":3,"href":"https:\/\/www.autocritica.ro\/en\/wp-json\/wp\/v2\/live-news\/277676\/revisions"}],"predecessor-version":[{"id":277696,"href":"https:\/\/www.autocritica.ro\/en\/wp-json\/wp\/v2\/live-news\/277676\/revisions\/277696"}],"wp:featuredmedia":[{"embeddable":true,"href":"https:\/\/www.autocritica.ro\/en\/wp-json\/wp\/v2\/media\/277684"}],"wp:attachment":[{"href":"https:\/\/www.autocritica.ro\/en\/wp-json\/wp\/v2\/media?parent=277676"}],"wp:term":[{"taxonomy":"post_tag","embeddable":true,"href":"https:\/\/www.autocritica.ro\/en\/wp-json\/wp\/v2\/tags?post=277676"}],"curies":[{"name":"wp","href":"https:\/\/api.w.org\/{rel}","templated":true}]}}