{"id":277532,"date":"2026-04-14T13:46:26","date_gmt":"2026-04-14T10:46:26","guid":{"rendered":"https:\/\/www.autocritica.ro\/?post_type=live-news&#038;p=277532"},"modified":"2026-04-14T13:46:52","modified_gmt":"2026-04-14T10:46:52","slug":"versiune-noua-pentru-leapmotor-t03","status":"publish","type":"live-news","link":"https:\/\/www.autocritica.ro\/en\/live-news\/versiune-noua-pentru-leapmotor-t03\/","title":{"rendered":"Versiune nou\u0103 pentru Leapmotor T03"},"content":{"rendered":"\n<p>\u2022 Leapmotor a introdus o versiune nou\u0103 pentru modelul electric T03.<\/p>\n\n\n\n<p>\u2022 Noua variant\u0103 utilitar\u0103 T03 LCV propune un spa\u021biu cargo cu capacitatea de 657 de litri. Poate transporta colete de p\u00e2n\u0103 la 220 kg.<\/p>\n\n\n\n<p>\u2022 Motor electric de 95 CP \u0219i 158 Nm.<\/p>\n\n\n\n<p>\u2022 Baterie de 37,3 kWh \u0219i autonomie maxim\u0103 de 256 km.<\/p>\n\n\n\n<p>\u2022 \u00cenc\u0103rcare AC la 6,6 kW \u0219i \u00eenc\u0103rcare DC la 45 kW (30-80% \u00een 36 de minute).<\/p>\n\n\n\n<p>\u2022 Produc\u021bia va avea loc la uzina Fiat Mirafiori din Torino.<\/p>\n\n\n\n<p>\u2022 Primele unit\u0103\u021bi vor ajunge la dealeri \u00een aceast\u0103 var\u0103. Pre\u021b de pornire de 14.600 de euro (f\u0103r\u0103 TVA).<\/p>\n\n\n\n<p>\u2022 Via: Leapmotor<\/p>\n\n\n\n<figure class=\"wp-block-gallery has-nested-images columns-default is-cropped wp-block-gallery-1 is-layout-flex wp-block-gallery-is-layout-flex\">\n<figure class=\"wp-block-image size-large\"><a href=\"https:\/\/www.autocritica.ro\/wp-content\/uploads\/2026\/04\/T03LCV-1.jpg\" data-lbwps-width=\"1207\" data-lbwps-height=\"805\" data-lbwps-srcsmall=\"https:\/\/www.autocritica.ro\/wp-content\/uploads\/2026\/04\/T03LCV-1-300x200.jpg\"><img loading=\"lazy\" decoding=\"async\" width=\"1024\" height=\"683\" data-id=\"277537\" src=\"https:\/\/www.autocritica.ro\/wp-content\/uploads\/2026\/04\/T03LCV-1-1024x683.jpg\" alt=\"\" class=\"wp-image-277537\" srcset=\"https:\/\/www.autocritica.ro\/wp-content\/uploads\/2026\/04\/T03LCV-1-1024x683.jpg 1024w, https:\/\/www.autocritica.ro\/wp-content\/uploads\/2026\/04\/T03LCV-1-300x200.jpg 300w, https:\/\/www.autocritica.ro\/wp-content\/uploads\/2026\/04\/T03LCV-1-768x512.jpg 768w, https:\/\/www.autocritica.ro\/wp-content\/uploads\/2026\/04\/T03LCV-1-1200x800.jpg 1200w, https:\/\/www.autocritica.ro\/wp-content\/uploads\/2026\/04\/T03LCV-1-1000x666.jpg 1000w, https:\/\/www.autocritica.ro\/wp-content\/uploads\/2026\/04\/T03LCV-1.jpg 1207w\" sizes=\"auto, (max-width: 1024px) 100vw, 1024px\" \/><\/a><\/figure>\n\n\n\n<figure class=\"wp-block-image size-large\"><a href=\"https:\/\/www.autocritica.ro\/wp-content\/uploads\/2026\/04\/T03LCV-2.jpg\" data-lbwps-width=\"1453\" data-lbwps-height=\"967\" data-lbwps-srcsmall=\"https:\/\/www.autocritica.ro\/wp-content\/uploads\/2026\/04\/T03LCV-2-300x200.jpg\"><img loading=\"lazy\" decoding=\"async\" width=\"1024\" height=\"681\" data-id=\"277540\" src=\"https:\/\/www.autocritica.ro\/wp-content\/uploads\/2026\/04\/T03LCV-2-1024x681.jpg\" alt=\"\" class=\"wp-image-277540\" srcset=\"https:\/\/www.autocritica.ro\/wp-content\/uploads\/2026\/04\/T03LCV-2-1024x681.jpg 1024w, https:\/\/www.autocritica.ro\/wp-content\/uploads\/2026\/04\/T03LCV-2-300x200.jpg 300w, https:\/\/www.autocritica.ro\/wp-content\/uploads\/2026\/04\/T03LCV-2-768x511.jpg 768w, https:\/\/www.autocritica.ro\/wp-content\/uploads\/2026\/04\/T03LCV-2-1000x666.jpg 1000w, https:\/\/www.autocritica.ro\/wp-content\/uploads\/2026\/04\/T03LCV-2.jpg 1453w\" sizes=\"auto, (max-width: 1024px) 100vw, 1024px\" \/><\/a><\/figure>\n\n\n\n<figure class=\"wp-block-image size-large\"><a href=\"https:\/\/www.autocritica.ro\/wp-content\/uploads\/2026\/04\/T03LCV-3.jpg\" data-lbwps-width=\"1493\" data-lbwps-height=\"953\" data-lbwps-srcsmall=\"https:\/\/www.autocritica.ro\/wp-content\/uploads\/2026\/04\/T03LCV-3-300x191.jpg\"><img loading=\"lazy\" decoding=\"async\" width=\"1024\" height=\"654\" data-id=\"277536\" src=\"https:\/\/www.autocritica.ro\/wp-content\/uploads\/2026\/04\/T03LCV-3-1024x654.jpg\" alt=\"\" class=\"wp-image-277536\" srcset=\"https:\/\/www.autocritica.ro\/wp-content\/uploads\/2026\/04\/T03LCV-3-1024x654.jpg 1024w, https:\/\/www.autocritica.ro\/wp-content\/uploads\/2026\/04\/T03LCV-3-300x191.jpg 300w, https:\/\/www.autocritica.ro\/wp-content\/uploads\/2026\/04\/T03LCV-3-768x490.jpg 768w, https:\/\/www.autocritica.ro\/wp-content\/uploads\/2026\/04\/T03LCV-3.jpg 1493w\" sizes=\"auto, (max-width: 1024px) 100vw, 1024px\" \/><\/a><\/figure>\n\n\n\n<figure class=\"wp-block-image size-large\"><a href=\"https:\/\/www.autocritica.ro\/wp-content\/uploads\/2026\/04\/T03LCV-4.jpg\" data-lbwps-width=\"1582\" data-lbwps-height=\"1055\" data-lbwps-srcsmall=\"https:\/\/www.autocritica.ro\/wp-content\/uploads\/2026\/04\/T03LCV-4-300x200.jpg\"><img loading=\"lazy\" decoding=\"async\" width=\"1024\" height=\"683\" data-id=\"277534\" src=\"https:\/\/www.autocritica.ro\/wp-content\/uploads\/2026\/04\/T03LCV-4-1024x683.jpg\" alt=\"\" class=\"wp-image-277534\" srcset=\"https:\/\/www.autocritica.ro\/wp-content\/uploads\/2026\/04\/T03LCV-4-1024x683.jpg 1024w, https:\/\/www.autocritica.ro\/wp-content\/uploads\/2026\/04\/T03LCV-4-300x200.jpg 300w, https:\/\/www.autocritica.ro\/wp-content\/uploads\/2026\/04\/T03LCV-4-768x512.jpg 768w, https:\/\/www.autocritica.ro\/wp-content\/uploads\/2026\/04\/T03LCV-4-1536x1024.jpg 1536w, https:\/\/www.autocritica.ro\/wp-content\/uploads\/2026\/04\/T03LCV-4-1200x800.jpg 1200w, https:\/\/www.autocritica.ro\/wp-content\/uploads\/2026\/04\/T03LCV-4-1000x666.jpg 1000w, https:\/\/www.autocritica.ro\/wp-content\/uploads\/2026\/04\/T03LCV-4.jpg 1582w\" sizes=\"auto, (max-width: 1024px) 100vw, 1024px\" \/><\/a><\/figure>\n\n\n\n<figure class=\"wp-block-image size-large\"><a href=\"https:\/\/www.autocritica.ro\/wp-content\/uploads\/2026\/04\/T03LCV-5.jpg\" data-lbwps-width=\"1437\" data-lbwps-height=\"958\" data-lbwps-srcsmall=\"https:\/\/www.autocritica.ro\/wp-content\/uploads\/2026\/04\/T03LCV-5-300x200.jpg\"><img loading=\"lazy\" decoding=\"async\" width=\"1024\" height=\"683\" data-id=\"277541\" src=\"https:\/\/www.autocritica.ro\/wp-content\/uploads\/2026\/04\/T03LCV-5-1024x683.jpg\" alt=\"\" class=\"wp-image-277541\" srcset=\"https:\/\/www.autocritica.ro\/wp-content\/uploads\/2026\/04\/T03LCV-5-1024x683.jpg 1024w, https:\/\/www.autocritica.ro\/wp-content\/uploads\/2026\/04\/T03LCV-5-300x200.jpg 300w, https:\/\/www.autocritica.ro\/wp-content\/uploads\/2026\/04\/T03LCV-5-768x512.jpg 768w, https:\/\/www.autocritica.ro\/wp-content\/uploads\/2026\/04\/T03LCV-5-1200x800.jpg 1200w, https:\/\/www.autocritica.ro\/wp-content\/uploads\/2026\/04\/T03LCV-5-1000x666.jpg 1000w, https:\/\/www.autocritica.ro\/wp-content\/uploads\/2026\/04\/T03LCV-5.jpg 1437w\" sizes=\"auto, (max-width: 1024px) 100vw, 1024px\" \/><\/a><\/figure>\n\n\n\n<figure class=\"wp-block-image size-large\"><a href=\"https:\/\/www.autocritica.ro\/wp-content\/uploads\/2026\/04\/T03LCV.jpg\" data-lbwps-width=\"1377\" data-lbwps-height=\"918\" data-lbwps-srcsmall=\"https:\/\/www.autocritica.ro\/wp-content\/uploads\/2026\/04\/T03LCV-300x200.jpg\"><img loading=\"lazy\" decoding=\"async\" width=\"1024\" height=\"683\" data-id=\"277538\" src=\"https:\/\/www.autocritica.ro\/wp-content\/uploads\/2026\/04\/T03LCV-1024x683.jpg\" alt=\"\" class=\"wp-image-277538\" srcset=\"https:\/\/www.autocritica.ro\/wp-content\/uploads\/2026\/04\/T03LCV-1024x683.jpg 1024w, https:\/\/www.autocritica.ro\/wp-content\/uploads\/2026\/04\/T03LCV-300x200.jpg 300w, https:\/\/www.autocritica.ro\/wp-content\/uploads\/2026\/04\/T03LCV-768x512.jpg 768w, https:\/\/www.autocritica.ro\/wp-content\/uploads\/2026\/04\/T03LCV-1200x800.jpg 1200w, https:\/\/www.autocritica.ro\/wp-content\/uploads\/2026\/04\/T03LCV-1000x666.jpg 1000w, https:\/\/www.autocritica.ro\/wp-content\/uploads\/2026\/04\/T03LCV.jpg 1377w\" sizes=\"auto, (max-width: 1024px) 100vw, 1024px\" \/><\/a><\/figure>\n<\/figure>\n","protected":false},"author":16,"featured_media":277538,"comment_status":"closed","ping_status":"closed","template":"","meta":{"_acf_changed":false,"footnotes":""},"tags":[5173,5317],"class_list":["post-277532","live-news","type-live-news","status-publish","has-post-thumbnail","hentry","tag-leapmotor","tag-leapmotor-t03"],"acf":[],"yoast_head":"<!-- This site is optimized with the Yoast SEO Premium plugin v27.5 (Yoast SEO v27.5) - https:\/\/yoast.com\/product\/yoast-seo-premium-wordpress\/ -->\n<title>Versiune nou\u0103 pentru Leapmotor T03 - Autocritica<\/title>\n<meta name=\"robots\" content=\"index, follow, max-snippet:-1, max-image-preview:large, max-video-preview:-1\" \/>\n<link rel=\"canonical\" href=\"https:\/\/www.autocritica.ro\/en\/live-news\/versiune-noua-pentru-leapmotor-t03\/\" \/>\n<meta property=\"og:locale\" content=\"en_US\" \/>\n<meta property=\"og:type\" content=\"article\" \/>\n<meta property=\"og:title\" content=\"Versiune nou\u0103 pentru Leapmotor T03\" \/>\n<meta property=\"og:description\" content=\"\u2022 Leapmotor a introdus o versiune nou\u0103 pentru modelul electric T03. \u2022 Noua variant\u0103 utilitar\u0103 T03 LCV propune un spa\u021biu cargo cu capacitatea de 657 de\" \/>\n<meta property=\"og:url\" content=\"https:\/\/www.autocritica.ro\/en\/live-news\/versiune-noua-pentru-leapmotor-t03\/\" \/>\n<meta property=\"og:site_name\" content=\"Autocritica\" \/>\n<meta property=\"article:publisher\" content=\"https:\/\/www.facebook.com\/autocritica.ro\" \/>\n<meta property=\"article:modified_time\" content=\"2026-04-14T10:46:52+00:00\" \/>\n<meta property=\"og:image\" content=\"https:\/\/www.autocritica.ro\/wp-content\/uploads\/2026\/04\/T03LCV.jpg\" \/>\n\t<meta property=\"og:image:width\" content=\"1377\" \/>\n\t<meta property=\"og:image:height\" content=\"918\" \/>\n\t<meta property=\"og:image:type\" content=\"image\/jpeg\" \/>\n<meta name=\"twitter:card\" content=\"summary_large_image\" \/>\n<script type=\"application\/ld+json\" class=\"yoast-schema-graph\">{\"@context\":\"https:\\\/\\\/schema.org\",\"@graph\":[{\"@type\":\"WebPage\",\"@id\":\"https:\\\/\\\/www.autocritica.ro\\\/en\\\/live-news\\\/versiune-noua-pentru-leapmotor-t03\\\/\",\"url\":\"https:\\\/\\\/www.autocritica.ro\\\/en\\\/live-news\\\/versiune-noua-pentru-leapmotor-t03\\\/\",\"name\":\"Versiune nou\u0103 pentru Leapmotor T03 - Autocritica\",\"isPartOf\":{\"@id\":\"https:\\\/\\\/www.autocritica.ro\\\/en\\\/#website\"},\"primaryImageOfPage\":{\"@id\":\"https:\\\/\\\/www.autocritica.ro\\\/en\\\/live-news\\\/versiune-noua-pentru-leapmotor-t03\\\/#primaryimage\"},\"image\":{\"@id\":\"https:\\\/\\\/www.autocritica.ro\\\/en\\\/live-news\\\/versiune-noua-pentru-leapmotor-t03\\\/#primaryimage\"},\"thumbnailUrl\":\"https:\\\/\\\/www.autocritica.ro\\\/wp-content\\\/uploads\\\/2026\\\/04\\\/T03LCV.jpg\",\"datePublished\":\"2026-04-14T10:46:26+00:00\",\"dateModified\":\"2026-04-14T10:46:52+00:00\",\"breadcrumb\":{\"@id\":\"https:\\\/\\\/www.autocritica.ro\\\/en\\\/live-news\\\/versiune-noua-pentru-leapmotor-t03\\\/#breadcrumb\"},\"inLanguage\":\"en-US\",\"potentialAction\":[{\"@type\":\"ReadAction\",\"target\":[\"https:\\\/\\\/www.autocritica.ro\\\/en\\\/live-news\\\/versiune-noua-pentru-leapmotor-t03\\\/\"]}]},{\"@type\":\"ImageObject\",\"inLanguage\":\"en-US\",\"@id\":\"https:\\\/\\\/www.autocritica.ro\\\/en\\\/live-news\\\/versiune-noua-pentru-leapmotor-t03\\\/#primaryimage\",\"url\":\"https:\\\/\\\/www.autocritica.ro\\\/wp-content\\\/uploads\\\/2026\\\/04\\\/T03LCV.jpg\",\"contentUrl\":\"https:\\\/\\\/www.autocritica.ro\\\/wp-content\\\/uploads\\\/2026\\\/04\\\/T03LCV.jpg\",\"width\":1377,\"height\":918},{\"@type\":\"BreadcrumbList\",\"@id\":\"https:\\\/\\\/www.autocritica.ro\\\/en\\\/live-news\\\/versiune-noua-pentru-leapmotor-t03\\\/#breadcrumb\",\"itemListElement\":[{\"@type\":\"ListItem\",\"position\":1,\"name\":\"Home\",\"item\":\"https:\\\/\\\/www.autocritica.ro\\\/en\\\/\"},{\"@type\":\"ListItem\",\"position\":2,\"name\":\"Live News\",\"item\":\"https:\\\/\\\/www.autocritica.ro\\\/en\\\/live-news\\\/\"},{\"@type\":\"ListItem\",\"position\":3,\"name\":\"Versiune nou\u0103 pentru Leapmotor T03\"}]},{\"@type\":\"WebSite\",\"@id\":\"https:\\\/\\\/www.autocritica.ro\\\/en\\\/#website\",\"url\":\"https:\\\/\\\/www.autocritica.ro\\\/en\\\/\",\"name\":\"Autocritica\",\"description\":\"\",\"publisher\":{\"@id\":\"https:\\\/\\\/www.autocritica.ro\\\/en\\\/#organization\"},\"potentialAction\":[{\"@type\":\"SearchAction\",\"target\":{\"@type\":\"EntryPoint\",\"urlTemplate\":\"https:\\\/\\\/www.autocritica.ro\\\/en\\\/?s={search_term_string}\"},\"query-input\":{\"@type\":\"PropertyValueSpecification\",\"valueRequired\":true,\"valueName\":\"search_term_string\"}}],\"inLanguage\":\"en-US\"},{\"@type\":\"Organization\",\"@id\":\"https:\\\/\\\/www.autocritica.ro\\\/en\\\/#organization\",\"name\":\"Autocritica\",\"url\":\"https:\\\/\\\/www.autocritica.ro\\\/en\\\/\",\"logo\":{\"@type\":\"ImageObject\",\"inLanguage\":\"en-US\",\"@id\":\"https:\\\/\\\/www.autocritica.ro\\\/en\\\/#\\\/schema\\\/logo\\\/image\\\/\",\"url\":\"https:\\\/\\\/www.autocritica.ro\\\/wp-content\\\/uploads\\\/2020\\\/12\\\/logo-negru.png\",\"contentUrl\":\"https:\\\/\\\/www.autocritica.ro\\\/wp-content\\\/uploads\\\/2020\\\/12\\\/logo-negru.png\",\"width\":300,\"height\":102,\"caption\":\"Autocritica\"},\"image\":{\"@id\":\"https:\\\/\\\/www.autocritica.ro\\\/en\\\/#\\\/schema\\\/logo\\\/image\\\/\"},\"sameAs\":[\"https:\\\/\\\/www.facebook.com\\\/autocritica.ro\",\"https:\\\/\\\/www.instagram.com\\\/autocritica.ro\\\/\"]}]}<\/script>\n<!-- \/ Yoast SEO Premium plugin. -->","yoast_head_json":{"title":"Versiune nou\u0103 pentru Leapmotor T03 - Autocritica","robots":{"index":"index","follow":"follow","max-snippet":"max-snippet:-1","max-image-preview":"max-image-preview:large","max-video-preview":"max-video-preview:-1"},"canonical":"https:\/\/www.autocritica.ro\/en\/live-news\/versiune-noua-pentru-leapmotor-t03\/","og_locale":"en_US","og_type":"article","og_title":"Versiune nou\u0103 pentru Leapmotor T03","og_description":"\u2022 Leapmotor a introdus o versiune nou\u0103 pentru modelul electric T03. \u2022 Noua variant\u0103 utilitar\u0103 T03 LCV propune un spa\u021biu cargo cu capacitatea de 657 de","og_url":"https:\/\/www.autocritica.ro\/en\/live-news\/versiune-noua-pentru-leapmotor-t03\/","og_site_name":"Autocritica","article_publisher":"https:\/\/www.facebook.com\/autocritica.ro","article_modified_time":"2026-04-14T10:46:52+00:00","og_image":[{"width":1377,"height":918,"url":"https:\/\/www.autocritica.ro\/wp-content\/uploads\/2026\/04\/T03LCV.jpg","type":"image\/jpeg"}],"twitter_card":"summary_large_image","schema":{"@context":"https:\/\/schema.org","@graph":[{"@type":"WebPage","@id":"https:\/\/www.autocritica.ro\/en\/live-news\/versiune-noua-pentru-leapmotor-t03\/","url":"https:\/\/www.autocritica.ro\/en\/live-news\/versiune-noua-pentru-leapmotor-t03\/","name":"Versiune nou\u0103 pentru Leapmotor T03 - Autocritica","isPartOf":{"@id":"https:\/\/www.autocritica.ro\/en\/#website"},"primaryImageOfPage":{"@id":"https:\/\/www.autocritica.ro\/en\/live-news\/versiune-noua-pentru-leapmotor-t03\/#primaryimage"},"image":{"@id":"https:\/\/www.autocritica.ro\/en\/live-news\/versiune-noua-pentru-leapmotor-t03\/#primaryimage"},"thumbnailUrl":"https:\/\/www.autocritica.ro\/wp-content\/uploads\/2026\/04\/T03LCV.jpg","datePublished":"2026-04-14T10:46:26+00:00","dateModified":"2026-04-14T10:46:52+00:00","breadcrumb":{"@id":"https:\/\/www.autocritica.ro\/en\/live-news\/versiune-noua-pentru-leapmotor-t03\/#breadcrumb"},"inLanguage":"en-US","potentialAction":[{"@type":"ReadAction","target":["https:\/\/www.autocritica.ro\/en\/live-news\/versiune-noua-pentru-leapmotor-t03\/"]}]},{"@type":"ImageObject","inLanguage":"en-US","@id":"https:\/\/www.autocritica.ro\/en\/live-news\/versiune-noua-pentru-leapmotor-t03\/#primaryimage","url":"https:\/\/www.autocritica.ro\/wp-content\/uploads\/2026\/04\/T03LCV.jpg","contentUrl":"https:\/\/www.autocritica.ro\/wp-content\/uploads\/2026\/04\/T03LCV.jpg","width":1377,"height":918},{"@type":"BreadcrumbList","@id":"https:\/\/www.autocritica.ro\/en\/live-news\/versiune-noua-pentru-leapmotor-t03\/#breadcrumb","itemListElement":[{"@type":"ListItem","position":1,"name":"Home","item":"https:\/\/www.autocritica.ro\/en\/"},{"@type":"ListItem","position":2,"name":"Live News","item":"https:\/\/www.autocritica.ro\/en\/live-news\/"},{"@type":"ListItem","position":3,"name":"Versiune nou\u0103 pentru Leapmotor T03"}]},{"@type":"WebSite","@id":"https:\/\/www.autocritica.ro\/en\/#website","url":"https:\/\/www.autocritica.ro\/en\/","name":"Autocritica","description":"","publisher":{"@id":"https:\/\/www.autocritica.ro\/en\/#organization"},"potentialAction":[{"@type":"SearchAction","target":{"@type":"EntryPoint","urlTemplate":"https:\/\/www.autocritica.ro\/en\/?s={search_term_string}"},"query-input":{"@type":"PropertyValueSpecification","valueRequired":true,"valueName":"search_term_string"}}],"inLanguage":"en-US"},{"@type":"Organization","@id":"https:\/\/www.autocritica.ro\/en\/#organization","name":"Autocritica","url":"https:\/\/www.autocritica.ro\/en\/","logo":{"@type":"ImageObject","inLanguage":"en-US","@id":"https:\/\/www.autocritica.ro\/en\/#\/schema\/logo\/image\/","url":"https:\/\/www.autocritica.ro\/wp-content\/uploads\/2020\/12\/logo-negru.png","contentUrl":"https:\/\/www.autocritica.ro\/wp-content\/uploads\/2020\/12\/logo-negru.png","width":300,"height":102,"caption":"Autocritica"},"image":{"@id":"https:\/\/www.autocritica.ro\/en\/#\/schema\/logo\/image\/"},"sameAs":["https:\/\/www.facebook.com\/autocritica.ro","https:\/\/www.instagram.com\/autocritica.ro\/"]}]}},"_links":{"self":[{"href":"https:\/\/www.autocritica.ro\/en\/wp-json\/wp\/v2\/live-news\/277532","targetHints":{"allow":["GET"]}}],"collection":[{"href":"https:\/\/www.autocritica.ro\/en\/wp-json\/wp\/v2\/live-news"}],"about":[{"href":"https:\/\/www.autocritica.ro\/en\/wp-json\/wp\/v2\/types\/live-news"}],"author":[{"embeddable":true,"href":"https:\/\/www.autocritica.ro\/en\/wp-json\/wp\/v2\/users\/16"}],"replies":[{"embeddable":true,"href":"https:\/\/www.autocritica.ro\/en\/wp-json\/wp\/v2\/comments?post=277532"}],"version-history":[{"count":3,"href":"https:\/\/www.autocritica.ro\/en\/wp-json\/wp\/v2\/live-news\/277532\/revisions"}],"predecessor-version":[{"id":277546,"href":"https:\/\/www.autocritica.ro\/en\/wp-json\/wp\/v2\/live-news\/277532\/revisions\/277546"}],"wp:featuredmedia":[{"embeddable":true,"href":"https:\/\/www.autocritica.ro\/en\/wp-json\/wp\/v2\/media\/277538"}],"wp:attachment":[{"href":"https:\/\/www.autocritica.ro\/en\/wp-json\/wp\/v2\/media?parent=277532"}],"wp:term":[{"taxonomy":"post_tag","embeddable":true,"href":"https:\/\/www.autocritica.ro\/en\/wp-json\/wp\/v2\/tags?post=277532"}],"curies":[{"name":"wp","href":"https:\/\/api.w.org\/{rel}","templated":true}]}}