{"id":277508,"date":"2026-04-14T12:09:49","date_gmt":"2026-04-14T09:09:49","guid":{"rendered":"https:\/\/www.autocritica.ro\/?post_type=live-news&#038;p=277508"},"modified":"2026-04-14T12:10:13","modified_gmt":"2026-04-14T09:10:13","slug":"primele-imagini-cu-noul-nissan-juke-electric","status":"publish","type":"live-news","link":"https:\/\/www.autocritica.ro\/en\/live-news\/primele-imagini-cu-noul-nissan-juke-electric\/","title":{"rendered":"Primele imagini cu noul Nissan Juke electric"},"content":{"rendered":"\n<p>\u2022 Nissan a publicat primele imagini cu noua genera\u021bie Juke.<\/p>\n\n\n\n<p>\u2022 Noul Juke \u2013 prezentat ini\u021bial ca model electric \u2013 va fi dezvoltat pe arhitectura CMF-EV, folosit\u0103 \u0219i de modele precum Leaf \u0219i Ariya.<\/p>\n\n\n\n<p>\u2022 Noul model va fi produs la uzina Nissan din Sunderland.<\/p>\n\n\n\n<p>\u2022 Detaliile tehnice nu au fost dezv\u0103luite deocamdat\u0103.<\/p>\n\n\n\n<p>\u2022 Lansarea comercial\u0103 este programat\u0103 \u00een 2027.<\/p>\n\n\n\n<p>\u2022 Via: Nissan<\/p>\n\n\n\n<figure class=\"wp-block-gallery has-nested-images columns-default is-cropped wp-block-gallery-1 is-layout-flex wp-block-gallery-is-layout-flex\">\n<figure class=\"wp-block-image size-large\"><a href=\"https:\/\/www.autocritica.ro\/wp-content\/uploads\/2026\/04\/260411_Juke_Teaser_Images_2_1x1.jpg\" data-lbwps-width=\"1080\" data-lbwps-height=\"1080\" data-lbwps-srcsmall=\"https:\/\/www.autocritica.ro\/wp-content\/uploads\/2026\/04\/260411_Juke_Teaser_Images_2_1x1-300x300.jpg\"><img loading=\"lazy\" decoding=\"async\" width=\"1024\" height=\"1024\" data-id=\"277510\" src=\"https:\/\/www.autocritica.ro\/wp-content\/uploads\/2026\/04\/260411_Juke_Teaser_Images_2_1x1-1024x1024.jpg\" alt=\"\" class=\"wp-image-277510\" srcset=\"https:\/\/www.autocritica.ro\/wp-content\/uploads\/2026\/04\/260411_Juke_Teaser_Images_2_1x1-1024x1024.jpg 1024w, https:\/\/www.autocritica.ro\/wp-content\/uploads\/2026\/04\/260411_Juke_Teaser_Images_2_1x1-300x300.jpg 300w, https:\/\/www.autocritica.ro\/wp-content\/uploads\/2026\/04\/260411_Juke_Teaser_Images_2_1x1-150x150.jpg 150w, https:\/\/www.autocritica.ro\/wp-content\/uploads\/2026\/04\/260411_Juke_Teaser_Images_2_1x1-768x768.jpg 768w, https:\/\/www.autocritica.ro\/wp-content\/uploads\/2026\/04\/260411_Juke_Teaser_Images_2_1x1-125x125.jpg 125w, https:\/\/www.autocritica.ro\/wp-content\/uploads\/2026\/04\/260411_Juke_Teaser_Images_2_1x1-250x250.jpg 250w, https:\/\/www.autocritica.ro\/wp-content\/uploads\/2026\/04\/260411_Juke_Teaser_Images_2_1x1.jpg 1080w\" sizes=\"auto, (max-width: 1024px) 100vw, 1024px\" \/><\/a><\/figure>\n\n\n\n<figure class=\"wp-block-image size-large\"><a href=\"https:\/\/www.autocritica.ro\/wp-content\/uploads\/2026\/04\/260411_Juke_Teaser_Images_3_1x1.jpg\" data-lbwps-width=\"1080\" data-lbwps-height=\"1080\" data-lbwps-srcsmall=\"https:\/\/www.autocritica.ro\/wp-content\/uploads\/2026\/04\/260411_Juke_Teaser_Images_3_1x1-300x300.jpg\"><img loading=\"lazy\" decoding=\"async\" width=\"1024\" height=\"1024\" data-id=\"277511\" src=\"https:\/\/www.autocritica.ro\/wp-content\/uploads\/2026\/04\/260411_Juke_Teaser_Images_3_1x1-1024x1024.jpg\" alt=\"\" class=\"wp-image-277511\" srcset=\"https:\/\/www.autocritica.ro\/wp-content\/uploads\/2026\/04\/260411_Juke_Teaser_Images_3_1x1-1024x1024.jpg 1024w, https:\/\/www.autocritica.ro\/wp-content\/uploads\/2026\/04\/260411_Juke_Teaser_Images_3_1x1-300x300.jpg 300w, https:\/\/www.autocritica.ro\/wp-content\/uploads\/2026\/04\/260411_Juke_Teaser_Images_3_1x1-150x150.jpg 150w, https:\/\/www.autocritica.ro\/wp-content\/uploads\/2026\/04\/260411_Juke_Teaser_Images_3_1x1-768x768.jpg 768w, https:\/\/www.autocritica.ro\/wp-content\/uploads\/2026\/04\/260411_Juke_Teaser_Images_3_1x1-125x125.jpg 125w, https:\/\/www.autocritica.ro\/wp-content\/uploads\/2026\/04\/260411_Juke_Teaser_Images_3_1x1-250x250.jpg 250w, https:\/\/www.autocritica.ro\/wp-content\/uploads\/2026\/04\/260411_Juke_Teaser_Images_3_1x1.jpg 1080w\" sizes=\"auto, (max-width: 1024px) 100vw, 1024px\" \/><\/a><\/figure>\n\n\n\n<figure class=\"wp-block-image size-large\"><a href=\"https:\/\/www.autocritica.ro\/wp-content\/uploads\/2026\/04\/260411_Juke_Teaser_Images_4_1x1.jpg\" data-lbwps-width=\"1080\" data-lbwps-height=\"1080\" data-lbwps-srcsmall=\"https:\/\/www.autocritica.ro\/wp-content\/uploads\/2026\/04\/260411_Juke_Teaser_Images_4_1x1-300x300.jpg\"><img loading=\"lazy\" decoding=\"async\" width=\"1024\" height=\"1024\" data-id=\"277515\" src=\"https:\/\/www.autocritica.ro\/wp-content\/uploads\/2026\/04\/260411_Juke_Teaser_Images_4_1x1-1024x1024.jpg\" alt=\"\" class=\"wp-image-277515\" srcset=\"https:\/\/www.autocritica.ro\/wp-content\/uploads\/2026\/04\/260411_Juke_Teaser_Images_4_1x1-1024x1024.jpg 1024w, https:\/\/www.autocritica.ro\/wp-content\/uploads\/2026\/04\/260411_Juke_Teaser_Images_4_1x1-300x300.jpg 300w, https:\/\/www.autocritica.ro\/wp-content\/uploads\/2026\/04\/260411_Juke_Teaser_Images_4_1x1-150x150.jpg 150w, https:\/\/www.autocritica.ro\/wp-content\/uploads\/2026\/04\/260411_Juke_Teaser_Images_4_1x1-768x768.jpg 768w, https:\/\/www.autocritica.ro\/wp-content\/uploads\/2026\/04\/260411_Juke_Teaser_Images_4_1x1-125x125.jpg 125w, https:\/\/www.autocritica.ro\/wp-content\/uploads\/2026\/04\/260411_Juke_Teaser_Images_4_1x1-250x250.jpg 250w, https:\/\/www.autocritica.ro\/wp-content\/uploads\/2026\/04\/260411_Juke_Teaser_Images_4_1x1.jpg 1080w\" sizes=\"auto, (max-width: 1024px) 100vw, 1024px\" \/><\/a><\/figure>\n\n\n\n<figure class=\"wp-block-image size-large\"><a href=\"https:\/\/www.autocritica.ro\/wp-content\/uploads\/2026\/04\/260411_Juke_Teaser_Images_5_16x9.jpg\" data-lbwps-width=\"1920\" data-lbwps-height=\"1080\" data-lbwps-srcsmall=\"https:\/\/www.autocritica.ro\/wp-content\/uploads\/2026\/04\/260411_Juke_Teaser_Images_5_16x9-300x169.jpg\"><img loading=\"lazy\" decoding=\"async\" width=\"1024\" height=\"576\" data-id=\"277512\" src=\"https:\/\/www.autocritica.ro\/wp-content\/uploads\/2026\/04\/260411_Juke_Teaser_Images_5_16x9-1024x576.jpg\" alt=\"\" class=\"wp-image-277512\" srcset=\"https:\/\/www.autocritica.ro\/wp-content\/uploads\/2026\/04\/260411_Juke_Teaser_Images_5_16x9-1024x576.jpg 1024w, https:\/\/www.autocritica.ro\/wp-content\/uploads\/2026\/04\/260411_Juke_Teaser_Images_5_16x9-300x169.jpg 300w, https:\/\/www.autocritica.ro\/wp-content\/uploads\/2026\/04\/260411_Juke_Teaser_Images_5_16x9-768x432.jpg 768w, https:\/\/www.autocritica.ro\/wp-content\/uploads\/2026\/04\/260411_Juke_Teaser_Images_5_16x9-1536x864.jpg 1536w, https:\/\/www.autocritica.ro\/wp-content\/uploads\/2026\/04\/260411_Juke_Teaser_Images_5_16x9.jpg 1920w\" sizes=\"auto, (max-width: 1024px) 100vw, 1024px\" \/><\/a><\/figure>\n<\/figure>\n","protected":false},"author":16,"featured_media":277517,"comment_status":"closed","ping_status":"closed","template":"","meta":{"_acf_changed":false,"footnotes":""},"tags":[5705,19,2140,6615],"class_list":["post-277508","live-news","type-live-news","status-publish","has-post-thumbnail","hentry","tag-juke-electric","tag-nissan","tag-nissan-juke","tag-nissan-juke-electric"],"acf":[],"yoast_head":"<!-- This site is optimized with the Yoast SEO Premium plugin v27.5 (Yoast SEO v27.5) - https:\/\/yoast.com\/product\/yoast-seo-premium-wordpress\/ -->\n<title>Primele imagini cu noul Nissan Juke electric - Autocritica<\/title>\n<meta name=\"robots\" content=\"index, follow, max-snippet:-1, max-image-preview:large, max-video-preview:-1\" \/>\n<link rel=\"canonical\" href=\"https:\/\/www.autocritica.ro\/en\/live-news\/primele-imagini-cu-noul-nissan-juke-electric\/\" \/>\n<meta property=\"og:locale\" content=\"en_US\" \/>\n<meta property=\"og:type\" content=\"article\" \/>\n<meta property=\"og:title\" content=\"Primele imagini cu noul Nissan Juke electric\" \/>\n<meta property=\"og:description\" content=\"\u2022 Nissan a publicat primele imagini cu noua genera\u021bie Juke. \u2022 Noul Juke \u2013 prezentat ini\u021bial ca model electric \u2013 va fi dezvoltat pe arhitectura CMF-EV,\" \/>\n<meta property=\"og:url\" content=\"https:\/\/www.autocritica.ro\/en\/live-news\/primele-imagini-cu-noul-nissan-juke-electric\/\" \/>\n<meta property=\"og:site_name\" content=\"Autocritica\" \/>\n<meta property=\"article:publisher\" content=\"https:\/\/www.facebook.com\/autocritica.ro\" \/>\n<meta property=\"article:modified_time\" content=\"2026-04-14T09:10:13+00:00\" \/>\n<meta property=\"og:image\" content=\"https:\/\/www.autocritica.ro\/wp-content\/uploads\/2026\/04\/260411_Juke_Teaser_Images_3_1x1-1.jpg\" \/>\n\t<meta property=\"og:image:width\" content=\"1080\" \/>\n\t<meta property=\"og:image:height\" content=\"1080\" \/>\n\t<meta property=\"og:image:type\" content=\"image\/jpeg\" \/>\n<meta name=\"twitter:card\" content=\"summary_large_image\" \/>\n<script type=\"application\/ld+json\" class=\"yoast-schema-graph\">{\"@context\":\"https:\\\/\\\/schema.org\",\"@graph\":[{\"@type\":\"WebPage\",\"@id\":\"https:\\\/\\\/www.autocritica.ro\\\/en\\\/live-news\\\/primele-imagini-cu-noul-nissan-juke-electric\\\/\",\"url\":\"https:\\\/\\\/www.autocritica.ro\\\/en\\\/live-news\\\/primele-imagini-cu-noul-nissan-juke-electric\\\/\",\"name\":\"Primele imagini cu noul Nissan Juke electric - Autocritica\",\"isPartOf\":{\"@id\":\"https:\\\/\\\/www.autocritica.ro\\\/en\\\/#website\"},\"primaryImageOfPage\":{\"@id\":\"https:\\\/\\\/www.autocritica.ro\\\/en\\\/live-news\\\/primele-imagini-cu-noul-nissan-juke-electric\\\/#primaryimage\"},\"image\":{\"@id\":\"https:\\\/\\\/www.autocritica.ro\\\/en\\\/live-news\\\/primele-imagini-cu-noul-nissan-juke-electric\\\/#primaryimage\"},\"thumbnailUrl\":\"https:\\\/\\\/www.autocritica.ro\\\/wp-content\\\/uploads\\\/2026\\\/04\\\/260411_Juke_Teaser_Images_3_1x1-1.jpg\",\"datePublished\":\"2026-04-14T09:09:49+00:00\",\"dateModified\":\"2026-04-14T09:10:13+00:00\",\"breadcrumb\":{\"@id\":\"https:\\\/\\\/www.autocritica.ro\\\/en\\\/live-news\\\/primele-imagini-cu-noul-nissan-juke-electric\\\/#breadcrumb\"},\"inLanguage\":\"en-US\",\"potentialAction\":[{\"@type\":\"ReadAction\",\"target\":[\"https:\\\/\\\/www.autocritica.ro\\\/en\\\/live-news\\\/primele-imagini-cu-noul-nissan-juke-electric\\\/\"]}]},{\"@type\":\"ImageObject\",\"inLanguage\":\"en-US\",\"@id\":\"https:\\\/\\\/www.autocritica.ro\\\/en\\\/live-news\\\/primele-imagini-cu-noul-nissan-juke-electric\\\/#primaryimage\",\"url\":\"https:\\\/\\\/www.autocritica.ro\\\/wp-content\\\/uploads\\\/2026\\\/04\\\/260411_Juke_Teaser_Images_3_1x1-1.jpg\",\"contentUrl\":\"https:\\\/\\\/www.autocritica.ro\\\/wp-content\\\/uploads\\\/2026\\\/04\\\/260411_Juke_Teaser_Images_3_1x1-1.jpg\",\"width\":1080,\"height\":1080},{\"@type\":\"BreadcrumbList\",\"@id\":\"https:\\\/\\\/www.autocritica.ro\\\/en\\\/live-news\\\/primele-imagini-cu-noul-nissan-juke-electric\\\/#breadcrumb\",\"itemListElement\":[{\"@type\":\"ListItem\",\"position\":1,\"name\":\"Home\",\"item\":\"https:\\\/\\\/www.autocritica.ro\\\/en\\\/\"},{\"@type\":\"ListItem\",\"position\":2,\"name\":\"Live News\",\"item\":\"https:\\\/\\\/www.autocritica.ro\\\/en\\\/live-news\\\/\"},{\"@type\":\"ListItem\",\"position\":3,\"name\":\"Primele imagini cu noul Nissan Juke electric\"}]},{\"@type\":\"WebSite\",\"@id\":\"https:\\\/\\\/www.autocritica.ro\\\/en\\\/#website\",\"url\":\"https:\\\/\\\/www.autocritica.ro\\\/en\\\/\",\"name\":\"Autocritica\",\"description\":\"\",\"publisher\":{\"@id\":\"https:\\\/\\\/www.autocritica.ro\\\/en\\\/#organization\"},\"potentialAction\":[{\"@type\":\"SearchAction\",\"target\":{\"@type\":\"EntryPoint\",\"urlTemplate\":\"https:\\\/\\\/www.autocritica.ro\\\/en\\\/?s={search_term_string}\"},\"query-input\":{\"@type\":\"PropertyValueSpecification\",\"valueRequired\":true,\"valueName\":\"search_term_string\"}}],\"inLanguage\":\"en-US\"},{\"@type\":\"Organization\",\"@id\":\"https:\\\/\\\/www.autocritica.ro\\\/en\\\/#organization\",\"name\":\"Autocritica\",\"url\":\"https:\\\/\\\/www.autocritica.ro\\\/en\\\/\",\"logo\":{\"@type\":\"ImageObject\",\"inLanguage\":\"en-US\",\"@id\":\"https:\\\/\\\/www.autocritica.ro\\\/en\\\/#\\\/schema\\\/logo\\\/image\\\/\",\"url\":\"https:\\\/\\\/www.autocritica.ro\\\/wp-content\\\/uploads\\\/2020\\\/12\\\/logo-negru.png\",\"contentUrl\":\"https:\\\/\\\/www.autocritica.ro\\\/wp-content\\\/uploads\\\/2020\\\/12\\\/logo-negru.png\",\"width\":300,\"height\":102,\"caption\":\"Autocritica\"},\"image\":{\"@id\":\"https:\\\/\\\/www.autocritica.ro\\\/en\\\/#\\\/schema\\\/logo\\\/image\\\/\"},\"sameAs\":[\"https:\\\/\\\/www.facebook.com\\\/autocritica.ro\",\"https:\\\/\\\/www.instagram.com\\\/autocritica.ro\\\/\"]}]}<\/script>\n<!-- \/ Yoast SEO Premium plugin. -->","yoast_head_json":{"title":"Primele imagini cu noul Nissan Juke electric - Autocritica","robots":{"index":"index","follow":"follow","max-snippet":"max-snippet:-1","max-image-preview":"max-image-preview:large","max-video-preview":"max-video-preview:-1"},"canonical":"https:\/\/www.autocritica.ro\/en\/live-news\/primele-imagini-cu-noul-nissan-juke-electric\/","og_locale":"en_US","og_type":"article","og_title":"Primele imagini cu noul Nissan Juke electric","og_description":"\u2022 Nissan a publicat primele imagini cu noua genera\u021bie Juke. \u2022 Noul Juke \u2013 prezentat ini\u021bial ca model electric \u2013 va fi dezvoltat pe arhitectura CMF-EV,","og_url":"https:\/\/www.autocritica.ro\/en\/live-news\/primele-imagini-cu-noul-nissan-juke-electric\/","og_site_name":"Autocritica","article_publisher":"https:\/\/www.facebook.com\/autocritica.ro","article_modified_time":"2026-04-14T09:10:13+00:00","og_image":[{"width":1080,"height":1080,"url":"https:\/\/www.autocritica.ro\/wp-content\/uploads\/2026\/04\/260411_Juke_Teaser_Images_3_1x1-1.jpg","type":"image\/jpeg"}],"twitter_card":"summary_large_image","schema":{"@context":"https:\/\/schema.org","@graph":[{"@type":"WebPage","@id":"https:\/\/www.autocritica.ro\/en\/live-news\/primele-imagini-cu-noul-nissan-juke-electric\/","url":"https:\/\/www.autocritica.ro\/en\/live-news\/primele-imagini-cu-noul-nissan-juke-electric\/","name":"Primele imagini cu noul Nissan Juke electric - Autocritica","isPartOf":{"@id":"https:\/\/www.autocritica.ro\/en\/#website"},"primaryImageOfPage":{"@id":"https:\/\/www.autocritica.ro\/en\/live-news\/primele-imagini-cu-noul-nissan-juke-electric\/#primaryimage"},"image":{"@id":"https:\/\/www.autocritica.ro\/en\/live-news\/primele-imagini-cu-noul-nissan-juke-electric\/#primaryimage"},"thumbnailUrl":"https:\/\/www.autocritica.ro\/wp-content\/uploads\/2026\/04\/260411_Juke_Teaser_Images_3_1x1-1.jpg","datePublished":"2026-04-14T09:09:49+00:00","dateModified":"2026-04-14T09:10:13+00:00","breadcrumb":{"@id":"https:\/\/www.autocritica.ro\/en\/live-news\/primele-imagini-cu-noul-nissan-juke-electric\/#breadcrumb"},"inLanguage":"en-US","potentialAction":[{"@type":"ReadAction","target":["https:\/\/www.autocritica.ro\/en\/live-news\/primele-imagini-cu-noul-nissan-juke-electric\/"]}]},{"@type":"ImageObject","inLanguage":"en-US","@id":"https:\/\/www.autocritica.ro\/en\/live-news\/primele-imagini-cu-noul-nissan-juke-electric\/#primaryimage","url":"https:\/\/www.autocritica.ro\/wp-content\/uploads\/2026\/04\/260411_Juke_Teaser_Images_3_1x1-1.jpg","contentUrl":"https:\/\/www.autocritica.ro\/wp-content\/uploads\/2026\/04\/260411_Juke_Teaser_Images_3_1x1-1.jpg","width":1080,"height":1080},{"@type":"BreadcrumbList","@id":"https:\/\/www.autocritica.ro\/en\/live-news\/primele-imagini-cu-noul-nissan-juke-electric\/#breadcrumb","itemListElement":[{"@type":"ListItem","position":1,"name":"Home","item":"https:\/\/www.autocritica.ro\/en\/"},{"@type":"ListItem","position":2,"name":"Live News","item":"https:\/\/www.autocritica.ro\/en\/live-news\/"},{"@type":"ListItem","position":3,"name":"Primele imagini cu noul Nissan Juke electric"}]},{"@type":"WebSite","@id":"https:\/\/www.autocritica.ro\/en\/#website","url":"https:\/\/www.autocritica.ro\/en\/","name":"Autocritica","description":"","publisher":{"@id":"https:\/\/www.autocritica.ro\/en\/#organization"},"potentialAction":[{"@type":"SearchAction","target":{"@type":"EntryPoint","urlTemplate":"https:\/\/www.autocritica.ro\/en\/?s={search_term_string}"},"query-input":{"@type":"PropertyValueSpecification","valueRequired":true,"valueName":"search_term_string"}}],"inLanguage":"en-US"},{"@type":"Organization","@id":"https:\/\/www.autocritica.ro\/en\/#organization","name":"Autocritica","url":"https:\/\/www.autocritica.ro\/en\/","logo":{"@type":"ImageObject","inLanguage":"en-US","@id":"https:\/\/www.autocritica.ro\/en\/#\/schema\/logo\/image\/","url":"https:\/\/www.autocritica.ro\/wp-content\/uploads\/2020\/12\/logo-negru.png","contentUrl":"https:\/\/www.autocritica.ro\/wp-content\/uploads\/2020\/12\/logo-negru.png","width":300,"height":102,"caption":"Autocritica"},"image":{"@id":"https:\/\/www.autocritica.ro\/en\/#\/schema\/logo\/image\/"},"sameAs":["https:\/\/www.facebook.com\/autocritica.ro","https:\/\/www.instagram.com\/autocritica.ro\/"]}]}},"_links":{"self":[{"href":"https:\/\/www.autocritica.ro\/en\/wp-json\/wp\/v2\/live-news\/277508","targetHints":{"allow":["GET"]}}],"collection":[{"href":"https:\/\/www.autocritica.ro\/en\/wp-json\/wp\/v2\/live-news"}],"about":[{"href":"https:\/\/www.autocritica.ro\/en\/wp-json\/wp\/v2\/types\/live-news"}],"author":[{"embeddable":true,"href":"https:\/\/www.autocritica.ro\/en\/wp-json\/wp\/v2\/users\/16"}],"replies":[{"embeddable":true,"href":"https:\/\/www.autocritica.ro\/en\/wp-json\/wp\/v2\/comments?post=277508"}],"version-history":[{"count":3,"href":"https:\/\/www.autocritica.ro\/en\/wp-json\/wp\/v2\/live-news\/277508\/revisions"}],"predecessor-version":[{"id":277521,"href":"https:\/\/www.autocritica.ro\/en\/wp-json\/wp\/v2\/live-news\/277508\/revisions\/277521"}],"wp:featuredmedia":[{"embeddable":true,"href":"https:\/\/www.autocritica.ro\/en\/wp-json\/wp\/v2\/media\/277517"}],"wp:attachment":[{"href":"https:\/\/www.autocritica.ro\/en\/wp-json\/wp\/v2\/media?parent=277508"}],"wp:term":[{"taxonomy":"post_tag","embeddable":true,"href":"https:\/\/www.autocritica.ro\/en\/wp-json\/wp\/v2\/tags?post=277508"}],"curies":[{"name":"wp","href":"https:\/\/api.w.org\/{rel}","templated":true}]}}