{"id":277446,"date":"2026-04-14T09:43:01","date_gmt":"2026-04-14T06:43:01","guid":{"rendered":"https:\/\/www.autocritica.ro\/?post_type=live-news&#038;p=277446"},"modified":"2026-04-14T09:43:27","modified_gmt":"2026-04-14T06:43:27","slug":"facelift-pentru-mercedes-eqs","status":"publish","type":"live-news","link":"https:\/\/www.autocritica.ro\/en\/live-news\/facelift-pentru-mercedes-eqs\/","title":{"rendered":"Facelift pentru Mercedes EQS"},"content":{"rendered":"\n<p>\u2022 Mercedes-Benz a introdus un facelift pentru modelul electric EQS.<\/p>\n\n\n\n<p>\u2022 Cea mai important\u0103 noutate este apari\u021bia arhitecturii la 800 de vol\u021bi, care permite o putere de \u00eenc\u0103rcare de 350 kW. Peste un sfert din componente au fost \u00eenlocuite, actualizate sau \u00eembun\u0103t\u0103\u021bite, potrivit informa\u021biilor oficiale.<\/p>\n\n\n\n<p>\u2022 Versiunea EQS 450+ promite o autonomie maxim\u0103 de 926 de kilometri (conform WLTP), cu 13% mai mult dec\u00e2t varianta precedent\u0103.<\/p>\n\n\n\n<p>\u2022 EQS facelift este primul model Mercedes care prime\u0219te tehnologia steer-by-wire \u0219i volanul cu form\u0103 neconven\u021bional\u0103. Tehnologia presupune un actuator integrat \u00een volan \u0219i un actuator electromecanic pozi\u021bionat \u00eentre ro\u021bi, care elimin\u0103 practic necesitatea coloanei de direc\u021bie.&nbsp;Virarea devine mai simpl\u0103, \u00een special la manevrele de parcare.<\/p>\n\n\n\n<p>\u2022 Sistem de operare MB.OS cu inteligen\u021b\u0103 artificial\u0103 \u0219i actualiz\u0103ri software over-the-air.<\/p>\n\n\n\n<p>\u2022 Dou\u0103 op\u021biuni pentru baterie: 112 kWh \u0219i 122 kWh. Sistem vehicle-to-grid prin care ma\u0219ina poate s\u0103 livreze energie electric\u0103 direct \u00een re\u021bea.<\/p>\n\n\n\n<p>\u2022 O nou\u0103 genera\u021bie de sisteme de asisten\u021b\u0103 pentru \u0219ofer, cu 27 de senzori coordona\u021bi de un \u201csupercomputer cu AI\u201d.<\/p>\n\n\n\n<p>\u2022 Ecran de 55 de inchi ce grupeaz\u0103 3 display-uri, printre care instrumentarul digital \u0219i sistemul multimedia.<\/p>\n\n\n\n<p>\u2022 Via: Mercedes-Benz<\/p>\n\n\n\n<figure class=\"wp-block-gallery has-nested-images columns-default is-cropped wp-block-gallery-1 is-layout-flex wp-block-gallery-is-layout-flex\">\n<figure class=\"wp-block-image size-large\"><a href=\"https:\/\/www.autocritica.ro\/wp-content\/uploads\/2026\/04\/26c0110_001-1.jpg\" data-lbwps-width=\"1509\" data-lbwps-height=\"849\" data-lbwps-srcsmall=\"https:\/\/www.autocritica.ro\/wp-content\/uploads\/2026\/04\/26c0110_001-1-300x169.jpg\"><img loading=\"lazy\" decoding=\"async\" width=\"1024\" height=\"576\" data-id=\"277459\" src=\"https:\/\/www.autocritica.ro\/wp-content\/uploads\/2026\/04\/26c0110_001-1-1024x576.jpg\" alt=\"\" class=\"wp-image-277459\" srcset=\"https:\/\/www.autocritica.ro\/wp-content\/uploads\/2026\/04\/26c0110_001-1-1024x576.jpg 1024w, https:\/\/www.autocritica.ro\/wp-content\/uploads\/2026\/04\/26c0110_001-1-300x169.jpg 300w, https:\/\/www.autocritica.ro\/wp-content\/uploads\/2026\/04\/26c0110_001-1-768x432.jpg 768w, https:\/\/www.autocritica.ro\/wp-content\/uploads\/2026\/04\/26c0110_001-1.jpg 1509w\" sizes=\"auto, (max-width: 1024px) 100vw, 1024px\" \/><\/a><\/figure>\n\n\n\n<figure class=\"wp-block-image size-large\"><a href=\"https:\/\/www.autocritica.ro\/wp-content\/uploads\/2026\/04\/26c0110_003.jpg\" data-lbwps-width=\"1612\" data-lbwps-height=\"923\" data-lbwps-srcsmall=\"https:\/\/www.autocritica.ro\/wp-content\/uploads\/2026\/04\/26c0110_003-300x172.jpg\"><img loading=\"lazy\" decoding=\"async\" width=\"1024\" height=\"586\" data-id=\"277457\" src=\"https:\/\/www.autocritica.ro\/wp-content\/uploads\/2026\/04\/26c0110_003-1024x586.jpg\" alt=\"\" class=\"wp-image-277457\" srcset=\"https:\/\/www.autocritica.ro\/wp-content\/uploads\/2026\/04\/26c0110_003-1024x586.jpg 1024w, https:\/\/www.autocritica.ro\/wp-content\/uploads\/2026\/04\/26c0110_003-300x172.jpg 300w, https:\/\/www.autocritica.ro\/wp-content\/uploads\/2026\/04\/26c0110_003-768x440.jpg 768w, https:\/\/www.autocritica.ro\/wp-content\/uploads\/2026\/04\/26c0110_003-1536x879.jpg 1536w, https:\/\/www.autocritica.ro\/wp-content\/uploads\/2026\/04\/26c0110_003.jpg 1612w\" sizes=\"auto, (max-width: 1024px) 100vw, 1024px\" \/><\/a><\/figure>\n\n\n\n<figure class=\"wp-block-image size-large\"><a href=\"https:\/\/www.autocritica.ro\/wp-content\/uploads\/2026\/04\/26c0110_004.jpg\" data-lbwps-width=\"1450\" data-lbwps-height=\"815\" data-lbwps-srcsmall=\"https:\/\/www.autocritica.ro\/wp-content\/uploads\/2026\/04\/26c0110_004-300x169.jpg\"><img loading=\"lazy\" decoding=\"async\" width=\"1024\" height=\"576\" data-id=\"277452\" src=\"https:\/\/www.autocritica.ro\/wp-content\/uploads\/2026\/04\/26c0110_004-1024x576.jpg\" alt=\"\" class=\"wp-image-277452\" srcset=\"https:\/\/www.autocritica.ro\/wp-content\/uploads\/2026\/04\/26c0110_004-1024x576.jpg 1024w, https:\/\/www.autocritica.ro\/wp-content\/uploads\/2026\/04\/26c0110_004-300x169.jpg 300w, https:\/\/www.autocritica.ro\/wp-content\/uploads\/2026\/04\/26c0110_004-768x432.jpg 768w, https:\/\/www.autocritica.ro\/wp-content\/uploads\/2026\/04\/26c0110_004.jpg 1450w\" sizes=\"auto, (max-width: 1024px) 100vw, 1024px\" \/><\/a><\/figure>\n\n\n\n<figure class=\"wp-block-image size-large\"><a href=\"https:\/\/www.autocritica.ro\/wp-content\/uploads\/2026\/04\/26c0110_005.jpg\" data-lbwps-width=\"1385\" data-lbwps-height=\"779\" data-lbwps-srcsmall=\"https:\/\/www.autocritica.ro\/wp-content\/uploads\/2026\/04\/26c0110_005-300x169.jpg\"><img loading=\"lazy\" decoding=\"async\" width=\"1024\" height=\"576\" data-id=\"277451\" src=\"https:\/\/www.autocritica.ro\/wp-content\/uploads\/2026\/04\/26c0110_005-1024x576.jpg\" alt=\"\" class=\"wp-image-277451\" srcset=\"https:\/\/www.autocritica.ro\/wp-content\/uploads\/2026\/04\/26c0110_005-1024x576.jpg 1024w, https:\/\/www.autocritica.ro\/wp-content\/uploads\/2026\/04\/26c0110_005-300x169.jpg 300w, https:\/\/www.autocritica.ro\/wp-content\/uploads\/2026\/04\/26c0110_005-768x432.jpg 768w, https:\/\/www.autocritica.ro\/wp-content\/uploads\/2026\/04\/26c0110_005.jpg 1385w\" sizes=\"auto, (max-width: 1024px) 100vw, 1024px\" \/><\/a><\/figure>\n\n\n\n<figure class=\"wp-block-image size-large\"><a href=\"https:\/\/www.autocritica.ro\/wp-content\/uploads\/2026\/04\/26c0110_006.jpg\" data-lbwps-width=\"1506\" data-lbwps-height=\"847\" data-lbwps-srcsmall=\"https:\/\/www.autocritica.ro\/wp-content\/uploads\/2026\/04\/26c0110_006-300x169.jpg\"><img loading=\"lazy\" decoding=\"async\" width=\"1024\" height=\"576\" data-id=\"277455\" src=\"https:\/\/www.autocritica.ro\/wp-content\/uploads\/2026\/04\/26c0110_006-1024x576.jpg\" alt=\"\" class=\"wp-image-277455\" srcset=\"https:\/\/www.autocritica.ro\/wp-content\/uploads\/2026\/04\/26c0110_006-1024x576.jpg 1024w, https:\/\/www.autocritica.ro\/wp-content\/uploads\/2026\/04\/26c0110_006-300x169.jpg 300w, https:\/\/www.autocritica.ro\/wp-content\/uploads\/2026\/04\/26c0110_006-768x432.jpg 768w, https:\/\/www.autocritica.ro\/wp-content\/uploads\/2026\/04\/26c0110_006.jpg 1506w\" sizes=\"auto, (max-width: 1024px) 100vw, 1024px\" \/><\/a><\/figure>\n\n\n\n<figure class=\"wp-block-image size-large\"><a href=\"https:\/\/www.autocritica.ro\/wp-content\/uploads\/2026\/04\/26c0111_001.jpg\" data-lbwps-width=\"1480\" data-lbwps-height=\"986\" data-lbwps-srcsmall=\"https:\/\/www.autocritica.ro\/wp-content\/uploads\/2026\/04\/26c0111_001-300x200.jpg\"><img loading=\"lazy\" decoding=\"async\" width=\"1024\" height=\"682\" data-id=\"277460\" src=\"https:\/\/www.autocritica.ro\/wp-content\/uploads\/2026\/04\/26c0111_001-1024x682.jpg\" alt=\"\" class=\"wp-image-277460\" srcset=\"https:\/\/www.autocritica.ro\/wp-content\/uploads\/2026\/04\/26c0111_001-1024x682.jpg 1024w, https:\/\/www.autocritica.ro\/wp-content\/uploads\/2026\/04\/26c0111_001-300x200.jpg 300w, https:\/\/www.autocritica.ro\/wp-content\/uploads\/2026\/04\/26c0111_001-768x512.jpg 768w, https:\/\/www.autocritica.ro\/wp-content\/uploads\/2026\/04\/26c0111_001-1200x800.jpg 1200w, https:\/\/www.autocritica.ro\/wp-content\/uploads\/2026\/04\/26c0111_001-1000x666.jpg 1000w, https:\/\/www.autocritica.ro\/wp-content\/uploads\/2026\/04\/26c0111_001.jpg 1480w\" sizes=\"auto, (max-width: 1024px) 100vw, 1024px\" \/><\/a><\/figure>\n\n\n\n<figure class=\"wp-block-image size-large\"><a href=\"https:\/\/www.autocritica.ro\/wp-content\/uploads\/2026\/04\/26c0111_002.jpg\" data-lbwps-width=\"1475\" data-lbwps-height=\"983\" data-lbwps-srcsmall=\"https:\/\/www.autocritica.ro\/wp-content\/uploads\/2026\/04\/26c0111_002-300x200.jpg\"><img loading=\"lazy\" decoding=\"async\" width=\"1024\" height=\"682\" data-id=\"277456\" src=\"https:\/\/www.autocritica.ro\/wp-content\/uploads\/2026\/04\/26c0111_002-1024x682.jpg\" alt=\"\" class=\"wp-image-277456\" srcset=\"https:\/\/www.autocritica.ro\/wp-content\/uploads\/2026\/04\/26c0111_002-1024x682.jpg 1024w, https:\/\/www.autocritica.ro\/wp-content\/uploads\/2026\/04\/26c0111_002-300x200.jpg 300w, https:\/\/www.autocritica.ro\/wp-content\/uploads\/2026\/04\/26c0111_002-768x512.jpg 768w, https:\/\/www.autocritica.ro\/wp-content\/uploads\/2026\/04\/26c0111_002-1200x800.jpg 1200w, https:\/\/www.autocritica.ro\/wp-content\/uploads\/2026\/04\/26c0111_002-1000x666.jpg 1000w, https:\/\/www.autocritica.ro\/wp-content\/uploads\/2026\/04\/26c0111_002.jpg 1475w\" sizes=\"auto, (max-width: 1024px) 100vw, 1024px\" \/><\/a><\/figure>\n\n\n\n<figure class=\"wp-block-image size-large\"><a href=\"https:\/\/www.autocritica.ro\/wp-content\/uploads\/2026\/04\/26c0111_003.jpg\" data-lbwps-width=\"1507\" data-lbwps-height=\"1130\" data-lbwps-srcsmall=\"https:\/\/www.autocritica.ro\/wp-content\/uploads\/2026\/04\/26c0111_003-300x225.jpg\"><img loading=\"lazy\" decoding=\"async\" width=\"1024\" height=\"768\" data-id=\"277458\" src=\"https:\/\/www.autocritica.ro\/wp-content\/uploads\/2026\/04\/26c0111_003-1024x768.jpg\" alt=\"\" class=\"wp-image-277458\" srcset=\"https:\/\/www.autocritica.ro\/wp-content\/uploads\/2026\/04\/26c0111_003-1024x768.jpg 1024w, https:\/\/www.autocritica.ro\/wp-content\/uploads\/2026\/04\/26c0111_003-300x225.jpg 300w, https:\/\/www.autocritica.ro\/wp-content\/uploads\/2026\/04\/26c0111_003-768x576.jpg 768w, https:\/\/www.autocritica.ro\/wp-content\/uploads\/2026\/04\/26c0111_003.jpg 1507w\" sizes=\"auto, (max-width: 1024px) 100vw, 1024px\" \/><\/a><\/figure>\n\n\n\n<figure class=\"wp-block-image size-large\"><a href=\"https:\/\/www.autocritica.ro\/wp-content\/uploads\/2026\/04\/26c0111_004.jpg\" data-lbwps-width=\"1518\" data-lbwps-height=\"1138\" data-lbwps-srcsmall=\"https:\/\/www.autocritica.ro\/wp-content\/uploads\/2026\/04\/26c0111_004-300x225.jpg\"><img loading=\"lazy\" decoding=\"async\" width=\"1024\" height=\"768\" data-id=\"277449\" src=\"https:\/\/www.autocritica.ro\/wp-content\/uploads\/2026\/04\/26c0111_004-1024x768.jpg\" alt=\"\" class=\"wp-image-277449\" srcset=\"https:\/\/www.autocritica.ro\/wp-content\/uploads\/2026\/04\/26c0111_004-1024x768.jpg 1024w, https:\/\/www.autocritica.ro\/wp-content\/uploads\/2026\/04\/26c0111_004-300x225.jpg 300w, https:\/\/www.autocritica.ro\/wp-content\/uploads\/2026\/04\/26c0111_004-768x576.jpg 768w, https:\/\/www.autocritica.ro\/wp-content\/uploads\/2026\/04\/26c0111_004.jpg 1518w\" sizes=\"auto, (max-width: 1024px) 100vw, 1024px\" \/><\/a><\/figure>\n\n\n\n<figure class=\"wp-block-image size-large\"><a href=\"https:\/\/www.autocritica.ro\/wp-content\/uploads\/2026\/04\/26c0111_005.jpg\" data-lbwps-width=\"1586\" data-lbwps-height=\"1190\" data-lbwps-srcsmall=\"https:\/\/www.autocritica.ro\/wp-content\/uploads\/2026\/04\/26c0111_005-300x225.jpg\"><img loading=\"lazy\" decoding=\"async\" width=\"1024\" height=\"768\" data-id=\"277461\" src=\"https:\/\/www.autocritica.ro\/wp-content\/uploads\/2026\/04\/26c0111_005-1024x768.jpg\" alt=\"\" class=\"wp-image-277461\" srcset=\"https:\/\/www.autocritica.ro\/wp-content\/uploads\/2026\/04\/26c0111_005-1024x768.jpg 1024w, https:\/\/www.autocritica.ro\/wp-content\/uploads\/2026\/04\/26c0111_005-300x225.jpg 300w, https:\/\/www.autocritica.ro\/wp-content\/uploads\/2026\/04\/26c0111_005-768x576.jpg 768w, https:\/\/www.autocritica.ro\/wp-content\/uploads\/2026\/04\/26c0111_005-1536x1152.jpg 1536w, https:\/\/www.autocritica.ro\/wp-content\/uploads\/2026\/04\/26c0111_005.jpg 1586w\" sizes=\"auto, (max-width: 1024px) 100vw, 1024px\" \/><\/a><\/figure>\n<\/figure>\n","protected":false},"author":16,"featured_media":277457,"comment_status":"closed","ping_status":"closed","template":"","meta":{"_acf_changed":false,"footnotes":""},"tags":[6614,56,1912],"class_list":["post-277446","live-news","type-live-news","status-publish","has-post-thumbnail","hentry","tag-eqs-facelift","tag-mercedes","tag-mercedes-eqs"],"acf":[],"yoast_head":"<!-- This site is optimized with the Yoast SEO Premium plugin v27.5 (Yoast SEO v27.5) - https:\/\/yoast.com\/product\/yoast-seo-premium-wordpress\/ -->\n<title>Facelift pentru Mercedes EQS - Autocritica<\/title>\n<meta name=\"robots\" content=\"index, follow, max-snippet:-1, max-image-preview:large, max-video-preview:-1\" \/>\n<link rel=\"canonical\" href=\"https:\/\/www.autocritica.ro\/en\/live-news\/facelift-pentru-mercedes-eqs\/\" \/>\n<meta property=\"og:locale\" content=\"en_US\" \/>\n<meta property=\"og:type\" content=\"article\" \/>\n<meta property=\"og:title\" content=\"Facelift pentru Mercedes EQS\" \/>\n<meta property=\"og:description\" content=\"\u2022 Mercedes-Benz a introdus un facelift pentru modelul electric EQS. \u2022 Cea mai important\u0103 noutate este apari\u021bia arhitecturii la 800 de vol\u021bi, care permite\" \/>\n<meta property=\"og:url\" content=\"https:\/\/www.autocritica.ro\/en\/live-news\/facelift-pentru-mercedes-eqs\/\" \/>\n<meta property=\"og:site_name\" content=\"Autocritica\" \/>\n<meta property=\"article:publisher\" content=\"https:\/\/www.facebook.com\/autocritica.ro\" \/>\n<meta property=\"article:modified_time\" content=\"2026-04-14T06:43:27+00:00\" \/>\n<meta property=\"og:image\" content=\"https:\/\/www.autocritica.ro\/wp-content\/uploads\/2026\/04\/26c0110_003.jpg\" \/>\n\t<meta property=\"og:image:width\" content=\"1612\" \/>\n\t<meta property=\"og:image:height\" content=\"923\" \/>\n\t<meta property=\"og:image:type\" content=\"image\/jpeg\" \/>\n<meta name=\"twitter:card\" content=\"summary_large_image\" \/>\n<meta name=\"twitter:label1\" content=\"Est. reading time\" \/>\n\t<meta name=\"twitter:data1\" content=\"1 minute\" \/>\n<script type=\"application\/ld+json\" class=\"yoast-schema-graph\">{\"@context\":\"https:\\\/\\\/schema.org\",\"@graph\":[{\"@type\":\"WebPage\",\"@id\":\"https:\\\/\\\/www.autocritica.ro\\\/en\\\/live-news\\\/facelift-pentru-mercedes-eqs\\\/\",\"url\":\"https:\\\/\\\/www.autocritica.ro\\\/en\\\/live-news\\\/facelift-pentru-mercedes-eqs\\\/\",\"name\":\"Facelift pentru Mercedes EQS - Autocritica\",\"isPartOf\":{\"@id\":\"https:\\\/\\\/www.autocritica.ro\\\/en\\\/#website\"},\"primaryImageOfPage\":{\"@id\":\"https:\\\/\\\/www.autocritica.ro\\\/en\\\/live-news\\\/facelift-pentru-mercedes-eqs\\\/#primaryimage\"},\"image\":{\"@id\":\"https:\\\/\\\/www.autocritica.ro\\\/en\\\/live-news\\\/facelift-pentru-mercedes-eqs\\\/#primaryimage\"},\"thumbnailUrl\":\"https:\\\/\\\/www.autocritica.ro\\\/wp-content\\\/uploads\\\/2026\\\/04\\\/26c0110_003.jpg\",\"datePublished\":\"2026-04-14T06:43:01+00:00\",\"dateModified\":\"2026-04-14T06:43:27+00:00\",\"breadcrumb\":{\"@id\":\"https:\\\/\\\/www.autocritica.ro\\\/en\\\/live-news\\\/facelift-pentru-mercedes-eqs\\\/#breadcrumb\"},\"inLanguage\":\"en-US\",\"potentialAction\":[{\"@type\":\"ReadAction\",\"target\":[\"https:\\\/\\\/www.autocritica.ro\\\/en\\\/live-news\\\/facelift-pentru-mercedes-eqs\\\/\"]}]},{\"@type\":\"ImageObject\",\"inLanguage\":\"en-US\",\"@id\":\"https:\\\/\\\/www.autocritica.ro\\\/en\\\/live-news\\\/facelift-pentru-mercedes-eqs\\\/#primaryimage\",\"url\":\"https:\\\/\\\/www.autocritica.ro\\\/wp-content\\\/uploads\\\/2026\\\/04\\\/26c0110_003.jpg\",\"contentUrl\":\"https:\\\/\\\/www.autocritica.ro\\\/wp-content\\\/uploads\\\/2026\\\/04\\\/26c0110_003.jpg\",\"width\":1612,\"height\":923},{\"@type\":\"BreadcrumbList\",\"@id\":\"https:\\\/\\\/www.autocritica.ro\\\/en\\\/live-news\\\/facelift-pentru-mercedes-eqs\\\/#breadcrumb\",\"itemListElement\":[{\"@type\":\"ListItem\",\"position\":1,\"name\":\"Home\",\"item\":\"https:\\\/\\\/www.autocritica.ro\\\/en\\\/\"},{\"@type\":\"ListItem\",\"position\":2,\"name\":\"Live News\",\"item\":\"https:\\\/\\\/www.autocritica.ro\\\/en\\\/live-news\\\/\"},{\"@type\":\"ListItem\",\"position\":3,\"name\":\"Facelift pentru Mercedes EQS\"}]},{\"@type\":\"WebSite\",\"@id\":\"https:\\\/\\\/www.autocritica.ro\\\/en\\\/#website\",\"url\":\"https:\\\/\\\/www.autocritica.ro\\\/en\\\/\",\"name\":\"Autocritica\",\"description\":\"\",\"publisher\":{\"@id\":\"https:\\\/\\\/www.autocritica.ro\\\/en\\\/#organization\"},\"potentialAction\":[{\"@type\":\"SearchAction\",\"target\":{\"@type\":\"EntryPoint\",\"urlTemplate\":\"https:\\\/\\\/www.autocritica.ro\\\/en\\\/?s={search_term_string}\"},\"query-input\":{\"@type\":\"PropertyValueSpecification\",\"valueRequired\":true,\"valueName\":\"search_term_string\"}}],\"inLanguage\":\"en-US\"},{\"@type\":\"Organization\",\"@id\":\"https:\\\/\\\/www.autocritica.ro\\\/en\\\/#organization\",\"name\":\"Autocritica\",\"url\":\"https:\\\/\\\/www.autocritica.ro\\\/en\\\/\",\"logo\":{\"@type\":\"ImageObject\",\"inLanguage\":\"en-US\",\"@id\":\"https:\\\/\\\/www.autocritica.ro\\\/en\\\/#\\\/schema\\\/logo\\\/image\\\/\",\"url\":\"https:\\\/\\\/www.autocritica.ro\\\/wp-content\\\/uploads\\\/2020\\\/12\\\/logo-negru.png\",\"contentUrl\":\"https:\\\/\\\/www.autocritica.ro\\\/wp-content\\\/uploads\\\/2020\\\/12\\\/logo-negru.png\",\"width\":300,\"height\":102,\"caption\":\"Autocritica\"},\"image\":{\"@id\":\"https:\\\/\\\/www.autocritica.ro\\\/en\\\/#\\\/schema\\\/logo\\\/image\\\/\"},\"sameAs\":[\"https:\\\/\\\/www.facebook.com\\\/autocritica.ro\",\"https:\\\/\\\/www.instagram.com\\\/autocritica.ro\\\/\"]}]}<\/script>\n<!-- \/ Yoast SEO Premium plugin. -->","yoast_head_json":{"title":"Facelift pentru Mercedes EQS - Autocritica","robots":{"index":"index","follow":"follow","max-snippet":"max-snippet:-1","max-image-preview":"max-image-preview:large","max-video-preview":"max-video-preview:-1"},"canonical":"https:\/\/www.autocritica.ro\/en\/live-news\/facelift-pentru-mercedes-eqs\/","og_locale":"en_US","og_type":"article","og_title":"Facelift pentru Mercedes EQS","og_description":"\u2022 Mercedes-Benz a introdus un facelift pentru modelul electric EQS. \u2022 Cea mai important\u0103 noutate este apari\u021bia arhitecturii la 800 de vol\u021bi, care permite","og_url":"https:\/\/www.autocritica.ro\/en\/live-news\/facelift-pentru-mercedes-eqs\/","og_site_name":"Autocritica","article_publisher":"https:\/\/www.facebook.com\/autocritica.ro","article_modified_time":"2026-04-14T06:43:27+00:00","og_image":[{"width":1612,"height":923,"url":"https:\/\/www.autocritica.ro\/wp-content\/uploads\/2026\/04\/26c0110_003.jpg","type":"image\/jpeg"}],"twitter_card":"summary_large_image","twitter_misc":{"Est. reading time":"1 minute"},"schema":{"@context":"https:\/\/schema.org","@graph":[{"@type":"WebPage","@id":"https:\/\/www.autocritica.ro\/en\/live-news\/facelift-pentru-mercedes-eqs\/","url":"https:\/\/www.autocritica.ro\/en\/live-news\/facelift-pentru-mercedes-eqs\/","name":"Facelift pentru Mercedes EQS - Autocritica","isPartOf":{"@id":"https:\/\/www.autocritica.ro\/en\/#website"},"primaryImageOfPage":{"@id":"https:\/\/www.autocritica.ro\/en\/live-news\/facelift-pentru-mercedes-eqs\/#primaryimage"},"image":{"@id":"https:\/\/www.autocritica.ro\/en\/live-news\/facelift-pentru-mercedes-eqs\/#primaryimage"},"thumbnailUrl":"https:\/\/www.autocritica.ro\/wp-content\/uploads\/2026\/04\/26c0110_003.jpg","datePublished":"2026-04-14T06:43:01+00:00","dateModified":"2026-04-14T06:43:27+00:00","breadcrumb":{"@id":"https:\/\/www.autocritica.ro\/en\/live-news\/facelift-pentru-mercedes-eqs\/#breadcrumb"},"inLanguage":"en-US","potentialAction":[{"@type":"ReadAction","target":["https:\/\/www.autocritica.ro\/en\/live-news\/facelift-pentru-mercedes-eqs\/"]}]},{"@type":"ImageObject","inLanguage":"en-US","@id":"https:\/\/www.autocritica.ro\/en\/live-news\/facelift-pentru-mercedes-eqs\/#primaryimage","url":"https:\/\/www.autocritica.ro\/wp-content\/uploads\/2026\/04\/26c0110_003.jpg","contentUrl":"https:\/\/www.autocritica.ro\/wp-content\/uploads\/2026\/04\/26c0110_003.jpg","width":1612,"height":923},{"@type":"BreadcrumbList","@id":"https:\/\/www.autocritica.ro\/en\/live-news\/facelift-pentru-mercedes-eqs\/#breadcrumb","itemListElement":[{"@type":"ListItem","position":1,"name":"Home","item":"https:\/\/www.autocritica.ro\/en\/"},{"@type":"ListItem","position":2,"name":"Live News","item":"https:\/\/www.autocritica.ro\/en\/live-news\/"},{"@type":"ListItem","position":3,"name":"Facelift pentru Mercedes EQS"}]},{"@type":"WebSite","@id":"https:\/\/www.autocritica.ro\/en\/#website","url":"https:\/\/www.autocritica.ro\/en\/","name":"Autocritica","description":"","publisher":{"@id":"https:\/\/www.autocritica.ro\/en\/#organization"},"potentialAction":[{"@type":"SearchAction","target":{"@type":"EntryPoint","urlTemplate":"https:\/\/www.autocritica.ro\/en\/?s={search_term_string}"},"query-input":{"@type":"PropertyValueSpecification","valueRequired":true,"valueName":"search_term_string"}}],"inLanguage":"en-US"},{"@type":"Organization","@id":"https:\/\/www.autocritica.ro\/en\/#organization","name":"Autocritica","url":"https:\/\/www.autocritica.ro\/en\/","logo":{"@type":"ImageObject","inLanguage":"en-US","@id":"https:\/\/www.autocritica.ro\/en\/#\/schema\/logo\/image\/","url":"https:\/\/www.autocritica.ro\/wp-content\/uploads\/2020\/12\/logo-negru.png","contentUrl":"https:\/\/www.autocritica.ro\/wp-content\/uploads\/2020\/12\/logo-negru.png","width":300,"height":102,"caption":"Autocritica"},"image":{"@id":"https:\/\/www.autocritica.ro\/en\/#\/schema\/logo\/image\/"},"sameAs":["https:\/\/www.facebook.com\/autocritica.ro","https:\/\/www.instagram.com\/autocritica.ro\/"]}]}},"_links":{"self":[{"href":"https:\/\/www.autocritica.ro\/en\/wp-json\/wp\/v2\/live-news\/277446","targetHints":{"allow":["GET"]}}],"collection":[{"href":"https:\/\/www.autocritica.ro\/en\/wp-json\/wp\/v2\/live-news"}],"about":[{"href":"https:\/\/www.autocritica.ro\/en\/wp-json\/wp\/v2\/types\/live-news"}],"author":[{"embeddable":true,"href":"https:\/\/www.autocritica.ro\/en\/wp-json\/wp\/v2\/users\/16"}],"replies":[{"embeddable":true,"href":"https:\/\/www.autocritica.ro\/en\/wp-json\/wp\/v2\/comments?post=277446"}],"version-history":[{"count":3,"href":"https:\/\/www.autocritica.ro\/en\/wp-json\/wp\/v2\/live-news\/277446\/revisions"}],"predecessor-version":[{"id":277467,"href":"https:\/\/www.autocritica.ro\/en\/wp-json\/wp\/v2\/live-news\/277446\/revisions\/277467"}],"wp:featuredmedia":[{"embeddable":true,"href":"https:\/\/www.autocritica.ro\/en\/wp-json\/wp\/v2\/media\/277457"}],"wp:attachment":[{"href":"https:\/\/www.autocritica.ro\/en\/wp-json\/wp\/v2\/media?parent=277446"}],"wp:term":[{"taxonomy":"post_tag","embeddable":true,"href":"https:\/\/www.autocritica.ro\/en\/wp-json\/wp\/v2\/tags?post=277446"}],"curies":[{"name":"wp","href":"https:\/\/api.w.org\/{rel}","templated":true}]}}