{"id":270379,"date":"2026-02-06T11:26:20","date_gmt":"2026-02-06T08:26:20","guid":{"rendered":"https:\/\/www.autocritica.ro\/?post_type=live-news&#038;p=270379"},"modified":"2026-02-06T11:26:44","modified_gmt":"2026-02-06T08:26:44","slug":"toyota-directorul-financiar-a-fost-promovat-in-functia-de-ceo","status":"publish","type":"live-news","link":"https:\/\/www.autocritica.ro\/en\/live-news\/toyota-directorul-financiar-a-fost-promovat-in-functia-de-ceo\/","title":{"rendered":"Toyota: directorul financiar a fost promovat \u00een func\u021bia de CEO"},"content":{"rendered":"\n<p>\u2022 Toyota a anun\u021bat numirea unui nou CEO, \u00eencep\u00e2nd din luna aprilie.<\/p>\n\n\n\n<p>\u2022 Actualul director financiar, Kenta Kon, va fi promovat \u00een pozi\u021bia de CEO \u0219i \u00eel va \u00eenlocui pe Koji Sato.<\/p>\n\n\n\n<p>\u2022 Dup\u0103 3 ani ca \u0219ef al companiei, Sato va prelua pozi\u021bia de vicepre\u0219edinte Toyota, dar \u0219i noul rol de Chief Industry Officer (CIO).<\/p>\n\n\n\n<p>\u2022 Toyota spune c\u0103 aceste modific\u0103ri \u00een structura de management sunt menite s\u0103 \u00eembun\u0103t\u0103\u021beasc\u0103 procesul de luare a deciziilor \u00een contextul actual al pie\u021bei.<\/p>\n\n\n\n<p>\u2022 Noul CEO, Kenta Kon (57 de ani), lucreaz\u0103 \u00een cadrul Toyota din 1991, ocup\u00e2nd diferite pozi\u021bii \u00een departamentul financiar. Din iulie 2025, Kon a fost numit Chief Financial Officer (CFO).<\/p>\n\n\n\n<p>\u2022 Via: Toyota<\/p>\n","protected":false},"author":16,"featured_media":268104,"comment_status":"closed","ping_status":"closed","template":"","meta":{"_acf_changed":false,"footnotes":""},"tags":[895],"class_list":["post-270379","live-news","type-live-news","status-publish","has-post-thumbnail","hentry","tag-toyota"],"acf":[],"yoast_head":"<!-- This site is optimized with the Yoast SEO Premium plugin v27.5 (Yoast SEO v27.5) - https:\/\/yoast.com\/product\/yoast-seo-premium-wordpress\/ -->\n<title>Toyota: directorul financiar a fost promovat \u00een func\u021bia de CEO - Autocritica<\/title>\n<meta name=\"robots\" content=\"index, follow, max-snippet:-1, max-image-preview:large, max-video-preview:-1\" \/>\n<link rel=\"canonical\" href=\"https:\/\/www.autocritica.ro\/en\/live-news\/toyota-directorul-financiar-a-fost-promovat-in-functia-de-ceo\/\" \/>\n<meta property=\"og:locale\" content=\"en_US\" \/>\n<meta property=\"og:type\" content=\"article\" \/>\n<meta property=\"og:title\" content=\"Toyota: directorul financiar a fost promovat \u00een func\u021bia de CEO\" \/>\n<meta property=\"og:description\" content=\"\u2022 Toyota a anun\u021bat numirea unui nou CEO, \u00eencep\u00e2nd din luna aprilie. \u2022 Actualul director financiar, Kenta Kon, va fi promovat \u00een pozi\u021bia de CEO \u0219i \u00eel va\" \/>\n<meta property=\"og:url\" content=\"https:\/\/www.autocritica.ro\/en\/live-news\/toyota-directorul-financiar-a-fost-promovat-in-functia-de-ceo\/\" \/>\n<meta property=\"og:site_name\" content=\"Autocritica\" \/>\n<meta property=\"article:publisher\" content=\"https:\/\/www.facebook.com\/autocritica.ro\" \/>\n<meta property=\"article:modified_time\" content=\"2026-02-06T08:26:44+00:00\" \/>\n<meta property=\"og:image\" content=\"https:\/\/www.autocritica.ro\/wp-content\/uploads\/2026\/01\/2025toyotac-hr02-scaled.jpg\" \/>\n\t<meta property=\"og:image:width\" content=\"2560\" \/>\n\t<meta property=\"og:image:height\" content=\"1570\" \/>\n\t<meta property=\"og:image:type\" content=\"image\/jpeg\" \/>\n<meta name=\"twitter:card\" content=\"summary_large_image\" \/>\n<meta name=\"twitter:label1\" content=\"Est. reading time\" \/>\n\t<meta name=\"twitter:data1\" content=\"1 minute\" \/>\n<script type=\"application\/ld+json\" class=\"yoast-schema-graph\">{\"@context\":\"https:\\\/\\\/schema.org\",\"@graph\":[{\"@type\":\"WebPage\",\"@id\":\"https:\\\/\\\/www.autocritica.ro\\\/en\\\/live-news\\\/toyota-directorul-financiar-a-fost-promovat-in-functia-de-ceo\\\/\",\"url\":\"https:\\\/\\\/www.autocritica.ro\\\/en\\\/live-news\\\/toyota-directorul-financiar-a-fost-promovat-in-functia-de-ceo\\\/\",\"name\":\"Toyota: directorul financiar a fost promovat \u00een func\u021bia de CEO - Autocritica\",\"isPartOf\":{\"@id\":\"https:\\\/\\\/www.autocritica.ro\\\/en\\\/#website\"},\"primaryImageOfPage\":{\"@id\":\"https:\\\/\\\/www.autocritica.ro\\\/en\\\/live-news\\\/toyota-directorul-financiar-a-fost-promovat-in-functia-de-ceo\\\/#primaryimage\"},\"image\":{\"@id\":\"https:\\\/\\\/www.autocritica.ro\\\/en\\\/live-news\\\/toyota-directorul-financiar-a-fost-promovat-in-functia-de-ceo\\\/#primaryimage\"},\"thumbnailUrl\":\"https:\\\/\\\/www.autocritica.ro\\\/wp-content\\\/uploads\\\/2026\\\/01\\\/2025toyotac-hr02-scaled.jpg\",\"datePublished\":\"2026-02-06T08:26:20+00:00\",\"dateModified\":\"2026-02-06T08:26:44+00:00\",\"breadcrumb\":{\"@id\":\"https:\\\/\\\/www.autocritica.ro\\\/en\\\/live-news\\\/toyota-directorul-financiar-a-fost-promovat-in-functia-de-ceo\\\/#breadcrumb\"},\"inLanguage\":\"en-US\",\"potentialAction\":[{\"@type\":\"ReadAction\",\"target\":[\"https:\\\/\\\/www.autocritica.ro\\\/en\\\/live-news\\\/toyota-directorul-financiar-a-fost-promovat-in-functia-de-ceo\\\/\"]}]},{\"@type\":\"ImageObject\",\"inLanguage\":\"en-US\",\"@id\":\"https:\\\/\\\/www.autocritica.ro\\\/en\\\/live-news\\\/toyota-directorul-financiar-a-fost-promovat-in-functia-de-ceo\\\/#primaryimage\",\"url\":\"https:\\\/\\\/www.autocritica.ro\\\/wp-content\\\/uploads\\\/2026\\\/01\\\/2025toyotac-hr02-scaled.jpg\",\"contentUrl\":\"https:\\\/\\\/www.autocritica.ro\\\/wp-content\\\/uploads\\\/2026\\\/01\\\/2025toyotac-hr02-scaled.jpg\",\"width\":2560,\"height\":1570},{\"@type\":\"BreadcrumbList\",\"@id\":\"https:\\\/\\\/www.autocritica.ro\\\/en\\\/live-news\\\/toyota-directorul-financiar-a-fost-promovat-in-functia-de-ceo\\\/#breadcrumb\",\"itemListElement\":[{\"@type\":\"ListItem\",\"position\":1,\"name\":\"Home\",\"item\":\"https:\\\/\\\/www.autocritica.ro\\\/en\\\/\"},{\"@type\":\"ListItem\",\"position\":2,\"name\":\"Live News\",\"item\":\"https:\\\/\\\/www.autocritica.ro\\\/en\\\/live-news\\\/\"},{\"@type\":\"ListItem\",\"position\":3,\"name\":\"Toyota: directorul financiar a fost promovat \u00een func\u021bia de CEO\"}]},{\"@type\":\"WebSite\",\"@id\":\"https:\\\/\\\/www.autocritica.ro\\\/en\\\/#website\",\"url\":\"https:\\\/\\\/www.autocritica.ro\\\/en\\\/\",\"name\":\"Autocritica\",\"description\":\"\",\"publisher\":{\"@id\":\"https:\\\/\\\/www.autocritica.ro\\\/en\\\/#organization\"},\"potentialAction\":[{\"@type\":\"SearchAction\",\"target\":{\"@type\":\"EntryPoint\",\"urlTemplate\":\"https:\\\/\\\/www.autocritica.ro\\\/en\\\/?s={search_term_string}\"},\"query-input\":{\"@type\":\"PropertyValueSpecification\",\"valueRequired\":true,\"valueName\":\"search_term_string\"}}],\"inLanguage\":\"en-US\"},{\"@type\":\"Organization\",\"@id\":\"https:\\\/\\\/www.autocritica.ro\\\/en\\\/#organization\",\"name\":\"Autocritica\",\"url\":\"https:\\\/\\\/www.autocritica.ro\\\/en\\\/\",\"logo\":{\"@type\":\"ImageObject\",\"inLanguage\":\"en-US\",\"@id\":\"https:\\\/\\\/www.autocritica.ro\\\/en\\\/#\\\/schema\\\/logo\\\/image\\\/\",\"url\":\"https:\\\/\\\/www.autocritica.ro\\\/wp-content\\\/uploads\\\/2020\\\/12\\\/logo-negru.png\",\"contentUrl\":\"https:\\\/\\\/www.autocritica.ro\\\/wp-content\\\/uploads\\\/2020\\\/12\\\/logo-negru.png\",\"width\":300,\"height\":102,\"caption\":\"Autocritica\"},\"image\":{\"@id\":\"https:\\\/\\\/www.autocritica.ro\\\/en\\\/#\\\/schema\\\/logo\\\/image\\\/\"},\"sameAs\":[\"https:\\\/\\\/www.facebook.com\\\/autocritica.ro\",\"https:\\\/\\\/www.instagram.com\\\/autocritica.ro\\\/\"]}]}<\/script>\n<!-- \/ Yoast SEO Premium plugin. -->","yoast_head_json":{"title":"Toyota: directorul financiar a fost promovat \u00een func\u021bia de CEO - Autocritica","robots":{"index":"index","follow":"follow","max-snippet":"max-snippet:-1","max-image-preview":"max-image-preview:large","max-video-preview":"max-video-preview:-1"},"canonical":"https:\/\/www.autocritica.ro\/en\/live-news\/toyota-directorul-financiar-a-fost-promovat-in-functia-de-ceo\/","og_locale":"en_US","og_type":"article","og_title":"Toyota: directorul financiar a fost promovat \u00een func\u021bia de CEO","og_description":"\u2022 Toyota a anun\u021bat numirea unui nou CEO, \u00eencep\u00e2nd din luna aprilie. \u2022 Actualul director financiar, Kenta Kon, va fi promovat \u00een pozi\u021bia de CEO \u0219i \u00eel va","og_url":"https:\/\/www.autocritica.ro\/en\/live-news\/toyota-directorul-financiar-a-fost-promovat-in-functia-de-ceo\/","og_site_name":"Autocritica","article_publisher":"https:\/\/www.facebook.com\/autocritica.ro","article_modified_time":"2026-02-06T08:26:44+00:00","og_image":[{"width":2560,"height":1570,"url":"https:\/\/www.autocritica.ro\/wp-content\/uploads\/2026\/01\/2025toyotac-hr02-scaled.jpg","type":"image\/jpeg"}],"twitter_card":"summary_large_image","twitter_misc":{"Est. reading time":"1 minute"},"schema":{"@context":"https:\/\/schema.org","@graph":[{"@type":"WebPage","@id":"https:\/\/www.autocritica.ro\/en\/live-news\/toyota-directorul-financiar-a-fost-promovat-in-functia-de-ceo\/","url":"https:\/\/www.autocritica.ro\/en\/live-news\/toyota-directorul-financiar-a-fost-promovat-in-functia-de-ceo\/","name":"Toyota: directorul financiar a fost promovat \u00een func\u021bia de CEO - Autocritica","isPartOf":{"@id":"https:\/\/www.autocritica.ro\/en\/#website"},"primaryImageOfPage":{"@id":"https:\/\/www.autocritica.ro\/en\/live-news\/toyota-directorul-financiar-a-fost-promovat-in-functia-de-ceo\/#primaryimage"},"image":{"@id":"https:\/\/www.autocritica.ro\/en\/live-news\/toyota-directorul-financiar-a-fost-promovat-in-functia-de-ceo\/#primaryimage"},"thumbnailUrl":"https:\/\/www.autocritica.ro\/wp-content\/uploads\/2026\/01\/2025toyotac-hr02-scaled.jpg","datePublished":"2026-02-06T08:26:20+00:00","dateModified":"2026-02-06T08:26:44+00:00","breadcrumb":{"@id":"https:\/\/www.autocritica.ro\/en\/live-news\/toyota-directorul-financiar-a-fost-promovat-in-functia-de-ceo\/#breadcrumb"},"inLanguage":"en-US","potentialAction":[{"@type":"ReadAction","target":["https:\/\/www.autocritica.ro\/en\/live-news\/toyota-directorul-financiar-a-fost-promovat-in-functia-de-ceo\/"]}]},{"@type":"ImageObject","inLanguage":"en-US","@id":"https:\/\/www.autocritica.ro\/en\/live-news\/toyota-directorul-financiar-a-fost-promovat-in-functia-de-ceo\/#primaryimage","url":"https:\/\/www.autocritica.ro\/wp-content\/uploads\/2026\/01\/2025toyotac-hr02-scaled.jpg","contentUrl":"https:\/\/www.autocritica.ro\/wp-content\/uploads\/2026\/01\/2025toyotac-hr02-scaled.jpg","width":2560,"height":1570},{"@type":"BreadcrumbList","@id":"https:\/\/www.autocritica.ro\/en\/live-news\/toyota-directorul-financiar-a-fost-promovat-in-functia-de-ceo\/#breadcrumb","itemListElement":[{"@type":"ListItem","position":1,"name":"Home","item":"https:\/\/www.autocritica.ro\/en\/"},{"@type":"ListItem","position":2,"name":"Live News","item":"https:\/\/www.autocritica.ro\/en\/live-news\/"},{"@type":"ListItem","position":3,"name":"Toyota: directorul financiar a fost promovat \u00een func\u021bia de CEO"}]},{"@type":"WebSite","@id":"https:\/\/www.autocritica.ro\/en\/#website","url":"https:\/\/www.autocritica.ro\/en\/","name":"Autocritica","description":"","publisher":{"@id":"https:\/\/www.autocritica.ro\/en\/#organization"},"potentialAction":[{"@type":"SearchAction","target":{"@type":"EntryPoint","urlTemplate":"https:\/\/www.autocritica.ro\/en\/?s={search_term_string}"},"query-input":{"@type":"PropertyValueSpecification","valueRequired":true,"valueName":"search_term_string"}}],"inLanguage":"en-US"},{"@type":"Organization","@id":"https:\/\/www.autocritica.ro\/en\/#organization","name":"Autocritica","url":"https:\/\/www.autocritica.ro\/en\/","logo":{"@type":"ImageObject","inLanguage":"en-US","@id":"https:\/\/www.autocritica.ro\/en\/#\/schema\/logo\/image\/","url":"https:\/\/www.autocritica.ro\/wp-content\/uploads\/2020\/12\/logo-negru.png","contentUrl":"https:\/\/www.autocritica.ro\/wp-content\/uploads\/2020\/12\/logo-negru.png","width":300,"height":102,"caption":"Autocritica"},"image":{"@id":"https:\/\/www.autocritica.ro\/en\/#\/schema\/logo\/image\/"},"sameAs":["https:\/\/www.facebook.com\/autocritica.ro","https:\/\/www.instagram.com\/autocritica.ro\/"]}]}},"_links":{"self":[{"href":"https:\/\/www.autocritica.ro\/en\/wp-json\/wp\/v2\/live-news\/270379","targetHints":{"allow":["GET"]}}],"collection":[{"href":"https:\/\/www.autocritica.ro\/en\/wp-json\/wp\/v2\/live-news"}],"about":[{"href":"https:\/\/www.autocritica.ro\/en\/wp-json\/wp\/v2\/types\/live-news"}],"author":[{"embeddable":true,"href":"https:\/\/www.autocritica.ro\/en\/wp-json\/wp\/v2\/users\/16"}],"replies":[{"embeddable":true,"href":"https:\/\/www.autocritica.ro\/en\/wp-json\/wp\/v2\/comments?post=270379"}],"version-history":[{"count":3,"href":"https:\/\/www.autocritica.ro\/en\/wp-json\/wp\/v2\/live-news\/270379\/revisions"}],"predecessor-version":[{"id":270382,"href":"https:\/\/www.autocritica.ro\/en\/wp-json\/wp\/v2\/live-news\/270379\/revisions\/270382"}],"wp:featuredmedia":[{"embeddable":true,"href":"https:\/\/www.autocritica.ro\/en\/wp-json\/wp\/v2\/media\/268104"}],"wp:attachment":[{"href":"https:\/\/www.autocritica.ro\/en\/wp-json\/wp\/v2\/media?parent=270379"}],"wp:term":[{"taxonomy":"post_tag","embeddable":true,"href":"https:\/\/www.autocritica.ro\/en\/wp-json\/wp\/v2\/tags?post=270379"}],"curies":[{"name":"wp","href":"https:\/\/api.w.org\/{rel}","templated":true}]}}