{"id":270367,"date":"2026-02-05T14:15:25","date_gmt":"2026-02-05T11:15:25","guid":{"rendered":"https:\/\/www.autocritica.ro\/?post_type=live-news&#038;p=270367"},"modified":"2026-02-05T14:15:50","modified_gmt":"2026-02-05T11:15:50","slug":"germania-productie-record-de-electrice-in-2025","status":"publish","type":"live-news","link":"https:\/\/www.autocritica.ro\/en\/live-news\/germania-productie-record-de-electrice-in-2025\/","title":{"rendered":"Germania: produc\u021bie record de electrice \u00een 2025"},"content":{"rendered":"\n<p>\u2022 Germania a \u00eenregistrat o produc\u021bie record de ma\u0219ini electrice \u00een 2025, cu peste 1,22 de milioane de unit\u0103\u021bi \u0219i o cre\u0219tere de 15% fa\u021b\u0103 de 2024.<\/p>\n\n\n\n<p>\u2022 Potrivit datelor publicate de Asocia\u021bia Constructorilor de Automobile din Germania (VDA), produc\u021bia de hibrizi plug-in a fost de 450.000 de exemplare (cre\u0219tere de 54%).<\/p>\n\n\n\n<p>\u2022 Germania \u0219i-a p\u0103strat pozi\u021bia a doua \u00een topul global privind produc\u021bia de vehicule electrice, dep\u0103\u0219ind SUA (1,04 milioane). Pe primul loc se afl\u0103 China, cu peste 16,1 milioane de electrice produse \u00een 2025.<\/p>\n\n\n\n<p>\u2022 Asocia\u021bia VDA estimeaz\u0103 c\u0103 produc\u021bia de electrice din Germania va cre\u0219te cu 10% \u00een 2026.<\/p>\n\n\n\n<p>\u2022 Amintim c\u0103 Germania preg\u0103te\u0219te un nou program de subven\u021bii pentru achizi\u021bia ma\u0219inilor electrice.<\/p>\n\n\n\n<p>\u2022 Noul program este destinat gospod\u0103riilor cu venituri micii \u0219i medii, iar bugetul total al programului va fi de 3 miliarde de euro (p\u00e2n\u0103 \u00een 2029).<\/p>\n\n\n\n<p>\u2022 Bonusurile vor fi cuprinse \u00eentre 1.500 \u0219i 6.000 de euro, \u00een func\u021bie de dimensiunile ma\u0219inilor \u0219i nivelul veniturilor.<\/p>\n\n\n\n<p>\u2022 Via: Automotive News Europe<\/p>\n\n\n\n<p>\u2022 Foto: Volkswagen<\/p>\n","protected":false},"author":16,"featured_media":105226,"comment_status":"closed","ping_status":"closed","template":"","meta":{"_acf_changed":false,"footnotes":""},"tags":[1036,3475,6494],"class_list":["post-270367","live-news","type-live-news","status-publish","has-post-thumbnail","hentry","tag-germania","tag-productie-electrice","tag-productie-electrice-germania"],"acf":[],"yoast_head":"<!-- This site is optimized with the Yoast SEO Premium plugin v27.5 (Yoast SEO v27.5) - https:\/\/yoast.com\/product\/yoast-seo-premium-wordpress\/ -->\n<title>Germania: produc\u021bie record de electrice \u00een 2025 - Autocritica<\/title>\n<meta name=\"robots\" content=\"index, follow, max-snippet:-1, max-image-preview:large, max-video-preview:-1\" \/>\n<link rel=\"canonical\" href=\"https:\/\/www.autocritica.ro\/en\/live-news\/germania-productie-record-de-electrice-in-2025\/\" \/>\n<meta property=\"og:locale\" content=\"en_US\" \/>\n<meta property=\"og:type\" content=\"article\" \/>\n<meta property=\"og:title\" content=\"Germania: produc\u021bie record de electrice \u00een 2025\" \/>\n<meta property=\"og:description\" content=\"\u2022 Germania a \u00eenregistrat o produc\u021bie record de ma\u0219ini electrice \u00een 2025, cu peste 1,22 de milioane de unit\u0103\u021bi \u0219i o cre\u0219tere de 15% fa\u021b\u0103 de 2024. \u2022\" \/>\n<meta property=\"og:url\" content=\"https:\/\/www.autocritica.ro\/en\/live-news\/germania-productie-record-de-electrice-in-2025\/\" \/>\n<meta property=\"og:site_name\" content=\"Autocritica\" \/>\n<meta property=\"article:publisher\" content=\"https:\/\/www.facebook.com\/autocritica.ro\" \/>\n<meta property=\"article:modified_time\" content=\"2026-02-05T11:15:50+00:00\" \/>\n<meta property=\"og:image\" content=\"https:\/\/www.autocritica.ro\/wp-content\/uploads\/2024\/03\/glaserne-manufaktur-volkswagen-13-scaled.jpg\" \/>\n\t<meta property=\"og:image:width\" content=\"2560\" \/>\n\t<meta property=\"og:image:height\" content=\"1593\" \/>\n\t<meta property=\"og:image:type\" content=\"image\/jpeg\" \/>\n<meta name=\"twitter:card\" content=\"summary_large_image\" \/>\n<meta name=\"twitter:label1\" content=\"Est. reading time\" \/>\n\t<meta name=\"twitter:data1\" content=\"1 minute\" \/>\n<script type=\"application\/ld+json\" class=\"yoast-schema-graph\">{\"@context\":\"https:\\\/\\\/schema.org\",\"@graph\":[{\"@type\":\"WebPage\",\"@id\":\"https:\\\/\\\/www.autocritica.ro\\\/en\\\/live-news\\\/germania-productie-record-de-electrice-in-2025\\\/\",\"url\":\"https:\\\/\\\/www.autocritica.ro\\\/en\\\/live-news\\\/germania-productie-record-de-electrice-in-2025\\\/\",\"name\":\"Germania: produc\u021bie record de electrice \u00een 2025 - Autocritica\",\"isPartOf\":{\"@id\":\"https:\\\/\\\/www.autocritica.ro\\\/en\\\/#website\"},\"primaryImageOfPage\":{\"@id\":\"https:\\\/\\\/www.autocritica.ro\\\/en\\\/live-news\\\/germania-productie-record-de-electrice-in-2025\\\/#primaryimage\"},\"image\":{\"@id\":\"https:\\\/\\\/www.autocritica.ro\\\/en\\\/live-news\\\/germania-productie-record-de-electrice-in-2025\\\/#primaryimage\"},\"thumbnailUrl\":\"https:\\\/\\\/www.autocritica.ro\\\/wp-content\\\/uploads\\\/2024\\\/03\\\/glaserne-manufaktur-volkswagen-13-scaled.jpg\",\"datePublished\":\"2026-02-05T11:15:25+00:00\",\"dateModified\":\"2026-02-05T11:15:50+00:00\",\"breadcrumb\":{\"@id\":\"https:\\\/\\\/www.autocritica.ro\\\/en\\\/live-news\\\/germania-productie-record-de-electrice-in-2025\\\/#breadcrumb\"},\"inLanguage\":\"en-US\",\"potentialAction\":[{\"@type\":\"ReadAction\",\"target\":[\"https:\\\/\\\/www.autocritica.ro\\\/en\\\/live-news\\\/germania-productie-record-de-electrice-in-2025\\\/\"]}]},{\"@type\":\"ImageObject\",\"inLanguage\":\"en-US\",\"@id\":\"https:\\\/\\\/www.autocritica.ro\\\/en\\\/live-news\\\/germania-productie-record-de-electrice-in-2025\\\/#primaryimage\",\"url\":\"https:\\\/\\\/www.autocritica.ro\\\/wp-content\\\/uploads\\\/2024\\\/03\\\/glaserne-manufaktur-volkswagen-13-scaled.jpg\",\"contentUrl\":\"https:\\\/\\\/www.autocritica.ro\\\/wp-content\\\/uploads\\\/2024\\\/03\\\/glaserne-manufaktur-volkswagen-13-scaled.jpg\",\"width\":2560,\"height\":1593,\"caption\":\"Assembly of the ID. 3 in the Transparent Factory Dresden.\"},{\"@type\":\"BreadcrumbList\",\"@id\":\"https:\\\/\\\/www.autocritica.ro\\\/en\\\/live-news\\\/germania-productie-record-de-electrice-in-2025\\\/#breadcrumb\",\"itemListElement\":[{\"@type\":\"ListItem\",\"position\":1,\"name\":\"Home\",\"item\":\"https:\\\/\\\/www.autocritica.ro\\\/en\\\/\"},{\"@type\":\"ListItem\",\"position\":2,\"name\":\"Live News\",\"item\":\"https:\\\/\\\/www.autocritica.ro\\\/en\\\/live-news\\\/\"},{\"@type\":\"ListItem\",\"position\":3,\"name\":\"Germania: produc\u021bie record de electrice \u00een 2025\"}]},{\"@type\":\"WebSite\",\"@id\":\"https:\\\/\\\/www.autocritica.ro\\\/en\\\/#website\",\"url\":\"https:\\\/\\\/www.autocritica.ro\\\/en\\\/\",\"name\":\"Autocritica\",\"description\":\"\",\"publisher\":{\"@id\":\"https:\\\/\\\/www.autocritica.ro\\\/en\\\/#organization\"},\"potentialAction\":[{\"@type\":\"SearchAction\",\"target\":{\"@type\":\"EntryPoint\",\"urlTemplate\":\"https:\\\/\\\/www.autocritica.ro\\\/en\\\/?s={search_term_string}\"},\"query-input\":{\"@type\":\"PropertyValueSpecification\",\"valueRequired\":true,\"valueName\":\"search_term_string\"}}],\"inLanguage\":\"en-US\"},{\"@type\":\"Organization\",\"@id\":\"https:\\\/\\\/www.autocritica.ro\\\/en\\\/#organization\",\"name\":\"Autocritica\",\"url\":\"https:\\\/\\\/www.autocritica.ro\\\/en\\\/\",\"logo\":{\"@type\":\"ImageObject\",\"inLanguage\":\"en-US\",\"@id\":\"https:\\\/\\\/www.autocritica.ro\\\/en\\\/#\\\/schema\\\/logo\\\/image\\\/\",\"url\":\"https:\\\/\\\/www.autocritica.ro\\\/wp-content\\\/uploads\\\/2020\\\/12\\\/logo-negru.png\",\"contentUrl\":\"https:\\\/\\\/www.autocritica.ro\\\/wp-content\\\/uploads\\\/2020\\\/12\\\/logo-negru.png\",\"width\":300,\"height\":102,\"caption\":\"Autocritica\"},\"image\":{\"@id\":\"https:\\\/\\\/www.autocritica.ro\\\/en\\\/#\\\/schema\\\/logo\\\/image\\\/\"},\"sameAs\":[\"https:\\\/\\\/www.facebook.com\\\/autocritica.ro\",\"https:\\\/\\\/www.instagram.com\\\/autocritica.ro\\\/\"]}]}<\/script>\n<!-- \/ Yoast SEO Premium plugin. -->","yoast_head_json":{"title":"Germania: produc\u021bie record de electrice \u00een 2025 - Autocritica","robots":{"index":"index","follow":"follow","max-snippet":"max-snippet:-1","max-image-preview":"max-image-preview:large","max-video-preview":"max-video-preview:-1"},"canonical":"https:\/\/www.autocritica.ro\/en\/live-news\/germania-productie-record-de-electrice-in-2025\/","og_locale":"en_US","og_type":"article","og_title":"Germania: produc\u021bie record de electrice \u00een 2025","og_description":"\u2022 Germania a \u00eenregistrat o produc\u021bie record de ma\u0219ini electrice \u00een 2025, cu peste 1,22 de milioane de unit\u0103\u021bi \u0219i o cre\u0219tere de 15% fa\u021b\u0103 de 2024. \u2022","og_url":"https:\/\/www.autocritica.ro\/en\/live-news\/germania-productie-record-de-electrice-in-2025\/","og_site_name":"Autocritica","article_publisher":"https:\/\/www.facebook.com\/autocritica.ro","article_modified_time":"2026-02-05T11:15:50+00:00","og_image":[{"width":2560,"height":1593,"url":"https:\/\/www.autocritica.ro\/wp-content\/uploads\/2024\/03\/glaserne-manufaktur-volkswagen-13-scaled.jpg","type":"image\/jpeg"}],"twitter_card":"summary_large_image","twitter_misc":{"Est. reading time":"1 minute"},"schema":{"@context":"https:\/\/schema.org","@graph":[{"@type":"WebPage","@id":"https:\/\/www.autocritica.ro\/en\/live-news\/germania-productie-record-de-electrice-in-2025\/","url":"https:\/\/www.autocritica.ro\/en\/live-news\/germania-productie-record-de-electrice-in-2025\/","name":"Germania: produc\u021bie record de electrice \u00een 2025 - Autocritica","isPartOf":{"@id":"https:\/\/www.autocritica.ro\/en\/#website"},"primaryImageOfPage":{"@id":"https:\/\/www.autocritica.ro\/en\/live-news\/germania-productie-record-de-electrice-in-2025\/#primaryimage"},"image":{"@id":"https:\/\/www.autocritica.ro\/en\/live-news\/germania-productie-record-de-electrice-in-2025\/#primaryimage"},"thumbnailUrl":"https:\/\/www.autocritica.ro\/wp-content\/uploads\/2024\/03\/glaserne-manufaktur-volkswagen-13-scaled.jpg","datePublished":"2026-02-05T11:15:25+00:00","dateModified":"2026-02-05T11:15:50+00:00","breadcrumb":{"@id":"https:\/\/www.autocritica.ro\/en\/live-news\/germania-productie-record-de-electrice-in-2025\/#breadcrumb"},"inLanguage":"en-US","potentialAction":[{"@type":"ReadAction","target":["https:\/\/www.autocritica.ro\/en\/live-news\/germania-productie-record-de-electrice-in-2025\/"]}]},{"@type":"ImageObject","inLanguage":"en-US","@id":"https:\/\/www.autocritica.ro\/en\/live-news\/germania-productie-record-de-electrice-in-2025\/#primaryimage","url":"https:\/\/www.autocritica.ro\/wp-content\/uploads\/2024\/03\/glaserne-manufaktur-volkswagen-13-scaled.jpg","contentUrl":"https:\/\/www.autocritica.ro\/wp-content\/uploads\/2024\/03\/glaserne-manufaktur-volkswagen-13-scaled.jpg","width":2560,"height":1593,"caption":"Assembly of the ID. 3 in the Transparent Factory Dresden."},{"@type":"BreadcrumbList","@id":"https:\/\/www.autocritica.ro\/en\/live-news\/germania-productie-record-de-electrice-in-2025\/#breadcrumb","itemListElement":[{"@type":"ListItem","position":1,"name":"Home","item":"https:\/\/www.autocritica.ro\/en\/"},{"@type":"ListItem","position":2,"name":"Live News","item":"https:\/\/www.autocritica.ro\/en\/live-news\/"},{"@type":"ListItem","position":3,"name":"Germania: produc\u021bie record de electrice \u00een 2025"}]},{"@type":"WebSite","@id":"https:\/\/www.autocritica.ro\/en\/#website","url":"https:\/\/www.autocritica.ro\/en\/","name":"Autocritica","description":"","publisher":{"@id":"https:\/\/www.autocritica.ro\/en\/#organization"},"potentialAction":[{"@type":"SearchAction","target":{"@type":"EntryPoint","urlTemplate":"https:\/\/www.autocritica.ro\/en\/?s={search_term_string}"},"query-input":{"@type":"PropertyValueSpecification","valueRequired":true,"valueName":"search_term_string"}}],"inLanguage":"en-US"},{"@type":"Organization","@id":"https:\/\/www.autocritica.ro\/en\/#organization","name":"Autocritica","url":"https:\/\/www.autocritica.ro\/en\/","logo":{"@type":"ImageObject","inLanguage":"en-US","@id":"https:\/\/www.autocritica.ro\/en\/#\/schema\/logo\/image\/","url":"https:\/\/www.autocritica.ro\/wp-content\/uploads\/2020\/12\/logo-negru.png","contentUrl":"https:\/\/www.autocritica.ro\/wp-content\/uploads\/2020\/12\/logo-negru.png","width":300,"height":102,"caption":"Autocritica"},"image":{"@id":"https:\/\/www.autocritica.ro\/en\/#\/schema\/logo\/image\/"},"sameAs":["https:\/\/www.facebook.com\/autocritica.ro","https:\/\/www.instagram.com\/autocritica.ro\/"]}]}},"_links":{"self":[{"href":"https:\/\/www.autocritica.ro\/en\/wp-json\/wp\/v2\/live-news\/270367","targetHints":{"allow":["GET"]}}],"collection":[{"href":"https:\/\/www.autocritica.ro\/en\/wp-json\/wp\/v2\/live-news"}],"about":[{"href":"https:\/\/www.autocritica.ro\/en\/wp-json\/wp\/v2\/types\/live-news"}],"author":[{"embeddable":true,"href":"https:\/\/www.autocritica.ro\/en\/wp-json\/wp\/v2\/users\/16"}],"replies":[{"embeddable":true,"href":"https:\/\/www.autocritica.ro\/en\/wp-json\/wp\/v2\/comments?post=270367"}],"version-history":[{"count":3,"href":"https:\/\/www.autocritica.ro\/en\/wp-json\/wp\/v2\/live-news\/270367\/revisions"}],"predecessor-version":[{"id":270370,"href":"https:\/\/www.autocritica.ro\/en\/wp-json\/wp\/v2\/live-news\/270367\/revisions\/270370"}],"wp:featuredmedia":[{"embeddable":true,"href":"https:\/\/www.autocritica.ro\/en\/wp-json\/wp\/v2\/media\/105226"}],"wp:attachment":[{"href":"https:\/\/www.autocritica.ro\/en\/wp-json\/wp\/v2\/media?parent=270367"}],"wp:term":[{"taxonomy":"post_tag","embeddable":true,"href":"https:\/\/www.autocritica.ro\/en\/wp-json\/wp\/v2\/tags?post=270367"}],"curies":[{"name":"wp","href":"https:\/\/api.w.org\/{rel}","templated":true}]}}