{"id":270361,"date":"2026-02-05T14:13:19","date_gmt":"2026-02-05T11:13:19","guid":{"rendered":"https:\/\/www.autocritica.ro\/?post_type=live-news&#038;p=270361"},"modified":"2026-02-05T14:13:47","modified_gmt":"2026-02-05T11:13:47","slug":"subaru-a-inceput-productia-suv-ului-electric-e-outback","status":"publish","type":"live-news","link":"https:\/\/www.autocritica.ro\/en\/live-news\/subaru-a-inceput-productia-suv-ului-electric-e-outback\/","title":{"rendered":"Subaru a \u00eenceput produc\u021bia SUV-ului electric E-Outback"},"content":{"rendered":"\n<p>\u2022 Subaru a anun\u021bat \u00eenceperea produc\u021biei pentru SUV-ul electric E-Outback.<\/p>\n\n\n\n<p>\u2022 Modelul a fost prezentat \u00een aprilie 2025 la New York, fiind cunoscut sub numele Trailseeker pe pia\u021ba american\u0103.<\/p>\n\n\n\n<p>\u2022 Noul model electric E-Outback este produs \u00een Japonia \u0219i va ajunge \u00een Europa \u00eencep\u00e2nd din aceast\u0103 var\u0103.<\/p>\n\n\n\n<p>\u2022 Detaliile tehnice pentru versiunea european\u0103 nu au fost anun\u021bate deocamdat\u0103.<\/p>\n\n\n\n<p>\u2022 Pentru SUA, Subaru a anun\u021bat o variant\u0103 ini\u021bial\u0103 cu dou\u0103 motoare electrice, 375 CP \u0219i trac\u021biune integral\u0103. Baterie de 74,7 kWh. Autonomie maxim\u0103 de 420 de kilometri.<\/p>\n\n\n\n<p>\u2022 Via: Subaru<\/p>\n","protected":false},"author":16,"featured_media":270363,"comment_status":"closed","ping_status":"closed","template":"","meta":{"_acf_changed":false,"footnotes":""},"tags":[4974,1191,5986],"class_list":["post-270361","live-news","type-live-news","status-publish","has-post-thumbnail","hentry","tag-electrice-subaru","tag-subaru","tag-subaru-e-outback"],"acf":[],"yoast_head":"<!-- This site is optimized with the Yoast SEO Premium plugin v27.5 (Yoast SEO v27.5) - https:\/\/yoast.com\/product\/yoast-seo-premium-wordpress\/ -->\n<title>Subaru a \u00eenceput produc\u021bia SUV-ului electric E-Outback - Autocritica<\/title>\n<meta name=\"robots\" content=\"index, follow, max-snippet:-1, max-image-preview:large, max-video-preview:-1\" \/>\n<link rel=\"canonical\" href=\"https:\/\/www.autocritica.ro\/en\/live-news\/subaru-a-inceput-productia-suv-ului-electric-e-outback\/\" \/>\n<meta property=\"og:locale\" content=\"en_US\" \/>\n<meta property=\"og:type\" content=\"article\" \/>\n<meta property=\"og:title\" content=\"Subaru a \u00eenceput produc\u021bia SUV-ului electric E-Outback\" \/>\n<meta property=\"og:description\" content=\"\u2022 Subaru a anun\u021bat \u00eenceperea produc\u021biei pentru SUV-ul electric E-Outback. \u2022 Modelul a fost prezentat \u00een aprilie 2025 la New York, fiind cunoscut sub\" \/>\n<meta property=\"og:url\" content=\"https:\/\/www.autocritica.ro\/en\/live-news\/subaru-a-inceput-productia-suv-ului-electric-e-outback\/\" \/>\n<meta property=\"og:site_name\" content=\"Autocritica\" \/>\n<meta property=\"article:publisher\" content=\"https:\/\/www.facebook.com\/autocritica.ro\" \/>\n<meta property=\"article:modified_time\" content=\"2026-02-05T11:13:47+00:00\" \/>\n<meta property=\"og:image\" content=\"https:\/\/www.autocritica.ro\/wp-content\/uploads\/2026\/02\/3474-e-outback-scaled.jpg\" \/>\n\t<meta property=\"og:image:width\" content=\"2560\" \/>\n\t<meta property=\"og:image:height\" content=\"1440\" \/>\n\t<meta property=\"og:image:type\" content=\"image\/jpeg\" \/>\n<meta name=\"twitter:card\" content=\"summary_large_image\" \/>\n<script type=\"application\/ld+json\" class=\"yoast-schema-graph\">{\"@context\":\"https:\\\/\\\/schema.org\",\"@graph\":[{\"@type\":\"WebPage\",\"@id\":\"https:\\\/\\\/www.autocritica.ro\\\/en\\\/live-news\\\/subaru-a-inceput-productia-suv-ului-electric-e-outback\\\/\",\"url\":\"https:\\\/\\\/www.autocritica.ro\\\/en\\\/live-news\\\/subaru-a-inceput-productia-suv-ului-electric-e-outback\\\/\",\"name\":\"Subaru a \u00eenceput produc\u021bia SUV-ului electric E-Outback - Autocritica\",\"isPartOf\":{\"@id\":\"https:\\\/\\\/www.autocritica.ro\\\/en\\\/#website\"},\"primaryImageOfPage\":{\"@id\":\"https:\\\/\\\/www.autocritica.ro\\\/en\\\/live-news\\\/subaru-a-inceput-productia-suv-ului-electric-e-outback\\\/#primaryimage\"},\"image\":{\"@id\":\"https:\\\/\\\/www.autocritica.ro\\\/en\\\/live-news\\\/subaru-a-inceput-productia-suv-ului-electric-e-outback\\\/#primaryimage\"},\"thumbnailUrl\":\"https:\\\/\\\/www.autocritica.ro\\\/wp-content\\\/uploads\\\/2026\\\/02\\\/3474-e-outback-scaled.jpg\",\"datePublished\":\"2026-02-05T11:13:19+00:00\",\"dateModified\":\"2026-02-05T11:13:47+00:00\",\"breadcrumb\":{\"@id\":\"https:\\\/\\\/www.autocritica.ro\\\/en\\\/live-news\\\/subaru-a-inceput-productia-suv-ului-electric-e-outback\\\/#breadcrumb\"},\"inLanguage\":\"en-US\",\"potentialAction\":[{\"@type\":\"ReadAction\",\"target\":[\"https:\\\/\\\/www.autocritica.ro\\\/en\\\/live-news\\\/subaru-a-inceput-productia-suv-ului-electric-e-outback\\\/\"]}]},{\"@type\":\"ImageObject\",\"inLanguage\":\"en-US\",\"@id\":\"https:\\\/\\\/www.autocritica.ro\\\/en\\\/live-news\\\/subaru-a-inceput-productia-suv-ului-electric-e-outback\\\/#primaryimage\",\"url\":\"https:\\\/\\\/www.autocritica.ro\\\/wp-content\\\/uploads\\\/2026\\\/02\\\/3474-e-outback-scaled.jpg\",\"contentUrl\":\"https:\\\/\\\/www.autocritica.ro\\\/wp-content\\\/uploads\\\/2026\\\/02\\\/3474-e-outback-scaled.jpg\",\"width\":2560,\"height\":1440},{\"@type\":\"BreadcrumbList\",\"@id\":\"https:\\\/\\\/www.autocritica.ro\\\/en\\\/live-news\\\/subaru-a-inceput-productia-suv-ului-electric-e-outback\\\/#breadcrumb\",\"itemListElement\":[{\"@type\":\"ListItem\",\"position\":1,\"name\":\"Home\",\"item\":\"https:\\\/\\\/www.autocritica.ro\\\/en\\\/\"},{\"@type\":\"ListItem\",\"position\":2,\"name\":\"Live News\",\"item\":\"https:\\\/\\\/www.autocritica.ro\\\/en\\\/live-news\\\/\"},{\"@type\":\"ListItem\",\"position\":3,\"name\":\"Subaru a \u00eenceput produc\u021bia SUV-ului electric E-Outback\"}]},{\"@type\":\"WebSite\",\"@id\":\"https:\\\/\\\/www.autocritica.ro\\\/en\\\/#website\",\"url\":\"https:\\\/\\\/www.autocritica.ro\\\/en\\\/\",\"name\":\"Autocritica\",\"description\":\"\",\"publisher\":{\"@id\":\"https:\\\/\\\/www.autocritica.ro\\\/en\\\/#organization\"},\"potentialAction\":[{\"@type\":\"SearchAction\",\"target\":{\"@type\":\"EntryPoint\",\"urlTemplate\":\"https:\\\/\\\/www.autocritica.ro\\\/en\\\/?s={search_term_string}\"},\"query-input\":{\"@type\":\"PropertyValueSpecification\",\"valueRequired\":true,\"valueName\":\"search_term_string\"}}],\"inLanguage\":\"en-US\"},{\"@type\":\"Organization\",\"@id\":\"https:\\\/\\\/www.autocritica.ro\\\/en\\\/#organization\",\"name\":\"Autocritica\",\"url\":\"https:\\\/\\\/www.autocritica.ro\\\/en\\\/\",\"logo\":{\"@type\":\"ImageObject\",\"inLanguage\":\"en-US\",\"@id\":\"https:\\\/\\\/www.autocritica.ro\\\/en\\\/#\\\/schema\\\/logo\\\/image\\\/\",\"url\":\"https:\\\/\\\/www.autocritica.ro\\\/wp-content\\\/uploads\\\/2020\\\/12\\\/logo-negru.png\",\"contentUrl\":\"https:\\\/\\\/www.autocritica.ro\\\/wp-content\\\/uploads\\\/2020\\\/12\\\/logo-negru.png\",\"width\":300,\"height\":102,\"caption\":\"Autocritica\"},\"image\":{\"@id\":\"https:\\\/\\\/www.autocritica.ro\\\/en\\\/#\\\/schema\\\/logo\\\/image\\\/\"},\"sameAs\":[\"https:\\\/\\\/www.facebook.com\\\/autocritica.ro\",\"https:\\\/\\\/www.instagram.com\\\/autocritica.ro\\\/\"]}]}<\/script>\n<!-- \/ Yoast SEO Premium plugin. -->","yoast_head_json":{"title":"Subaru a \u00eenceput produc\u021bia SUV-ului electric E-Outback - Autocritica","robots":{"index":"index","follow":"follow","max-snippet":"max-snippet:-1","max-image-preview":"max-image-preview:large","max-video-preview":"max-video-preview:-1"},"canonical":"https:\/\/www.autocritica.ro\/en\/live-news\/subaru-a-inceput-productia-suv-ului-electric-e-outback\/","og_locale":"en_US","og_type":"article","og_title":"Subaru a \u00eenceput produc\u021bia SUV-ului electric E-Outback","og_description":"\u2022 Subaru a anun\u021bat \u00eenceperea produc\u021biei pentru SUV-ul electric E-Outback. \u2022 Modelul a fost prezentat \u00een aprilie 2025 la New York, fiind cunoscut sub","og_url":"https:\/\/www.autocritica.ro\/en\/live-news\/subaru-a-inceput-productia-suv-ului-electric-e-outback\/","og_site_name":"Autocritica","article_publisher":"https:\/\/www.facebook.com\/autocritica.ro","article_modified_time":"2026-02-05T11:13:47+00:00","og_image":[{"width":2560,"height":1440,"url":"https:\/\/www.autocritica.ro\/wp-content\/uploads\/2026\/02\/3474-e-outback-scaled.jpg","type":"image\/jpeg"}],"twitter_card":"summary_large_image","schema":{"@context":"https:\/\/schema.org","@graph":[{"@type":"WebPage","@id":"https:\/\/www.autocritica.ro\/en\/live-news\/subaru-a-inceput-productia-suv-ului-electric-e-outback\/","url":"https:\/\/www.autocritica.ro\/en\/live-news\/subaru-a-inceput-productia-suv-ului-electric-e-outback\/","name":"Subaru a \u00eenceput produc\u021bia SUV-ului electric E-Outback - Autocritica","isPartOf":{"@id":"https:\/\/www.autocritica.ro\/en\/#website"},"primaryImageOfPage":{"@id":"https:\/\/www.autocritica.ro\/en\/live-news\/subaru-a-inceput-productia-suv-ului-electric-e-outback\/#primaryimage"},"image":{"@id":"https:\/\/www.autocritica.ro\/en\/live-news\/subaru-a-inceput-productia-suv-ului-electric-e-outback\/#primaryimage"},"thumbnailUrl":"https:\/\/www.autocritica.ro\/wp-content\/uploads\/2026\/02\/3474-e-outback-scaled.jpg","datePublished":"2026-02-05T11:13:19+00:00","dateModified":"2026-02-05T11:13:47+00:00","breadcrumb":{"@id":"https:\/\/www.autocritica.ro\/en\/live-news\/subaru-a-inceput-productia-suv-ului-electric-e-outback\/#breadcrumb"},"inLanguage":"en-US","potentialAction":[{"@type":"ReadAction","target":["https:\/\/www.autocritica.ro\/en\/live-news\/subaru-a-inceput-productia-suv-ului-electric-e-outback\/"]}]},{"@type":"ImageObject","inLanguage":"en-US","@id":"https:\/\/www.autocritica.ro\/en\/live-news\/subaru-a-inceput-productia-suv-ului-electric-e-outback\/#primaryimage","url":"https:\/\/www.autocritica.ro\/wp-content\/uploads\/2026\/02\/3474-e-outback-scaled.jpg","contentUrl":"https:\/\/www.autocritica.ro\/wp-content\/uploads\/2026\/02\/3474-e-outback-scaled.jpg","width":2560,"height":1440},{"@type":"BreadcrumbList","@id":"https:\/\/www.autocritica.ro\/en\/live-news\/subaru-a-inceput-productia-suv-ului-electric-e-outback\/#breadcrumb","itemListElement":[{"@type":"ListItem","position":1,"name":"Home","item":"https:\/\/www.autocritica.ro\/en\/"},{"@type":"ListItem","position":2,"name":"Live News","item":"https:\/\/www.autocritica.ro\/en\/live-news\/"},{"@type":"ListItem","position":3,"name":"Subaru a \u00eenceput produc\u021bia SUV-ului electric E-Outback"}]},{"@type":"WebSite","@id":"https:\/\/www.autocritica.ro\/en\/#website","url":"https:\/\/www.autocritica.ro\/en\/","name":"Autocritica","description":"","publisher":{"@id":"https:\/\/www.autocritica.ro\/en\/#organization"},"potentialAction":[{"@type":"SearchAction","target":{"@type":"EntryPoint","urlTemplate":"https:\/\/www.autocritica.ro\/en\/?s={search_term_string}"},"query-input":{"@type":"PropertyValueSpecification","valueRequired":true,"valueName":"search_term_string"}}],"inLanguage":"en-US"},{"@type":"Organization","@id":"https:\/\/www.autocritica.ro\/en\/#organization","name":"Autocritica","url":"https:\/\/www.autocritica.ro\/en\/","logo":{"@type":"ImageObject","inLanguage":"en-US","@id":"https:\/\/www.autocritica.ro\/en\/#\/schema\/logo\/image\/","url":"https:\/\/www.autocritica.ro\/wp-content\/uploads\/2020\/12\/logo-negru.png","contentUrl":"https:\/\/www.autocritica.ro\/wp-content\/uploads\/2020\/12\/logo-negru.png","width":300,"height":102,"caption":"Autocritica"},"image":{"@id":"https:\/\/www.autocritica.ro\/en\/#\/schema\/logo\/image\/"},"sameAs":["https:\/\/www.facebook.com\/autocritica.ro","https:\/\/www.instagram.com\/autocritica.ro\/"]}]}},"_links":{"self":[{"href":"https:\/\/www.autocritica.ro\/en\/wp-json\/wp\/v2\/live-news\/270361","targetHints":{"allow":["GET"]}}],"collection":[{"href":"https:\/\/www.autocritica.ro\/en\/wp-json\/wp\/v2\/live-news"}],"about":[{"href":"https:\/\/www.autocritica.ro\/en\/wp-json\/wp\/v2\/types\/live-news"}],"author":[{"embeddable":true,"href":"https:\/\/www.autocritica.ro\/en\/wp-json\/wp\/v2\/users\/16"}],"replies":[{"embeddable":true,"href":"https:\/\/www.autocritica.ro\/en\/wp-json\/wp\/v2\/comments?post=270361"}],"version-history":[{"count":3,"href":"https:\/\/www.autocritica.ro\/en\/wp-json\/wp\/v2\/live-news\/270361\/revisions"}],"predecessor-version":[{"id":270366,"href":"https:\/\/www.autocritica.ro\/en\/wp-json\/wp\/v2\/live-news\/270361\/revisions\/270366"}],"wp:featuredmedia":[{"embeddable":true,"href":"https:\/\/www.autocritica.ro\/en\/wp-json\/wp\/v2\/media\/270363"}],"wp:attachment":[{"href":"https:\/\/www.autocritica.ro\/en\/wp-json\/wp\/v2\/media?parent=270361"}],"wp:term":[{"taxonomy":"post_tag","embeddable":true,"href":"https:\/\/www.autocritica.ro\/en\/wp-json\/wp\/v2\/tags?post=270361"}],"curies":[{"name":"wp","href":"https:\/\/api.w.org\/{rel}","templated":true}]}}