{"id":270347,"date":"2026-02-04T12:22:41","date_gmt":"2026-02-04T09:22:41","guid":{"rendered":"https:\/\/www.autocritica.ro\/?post_type=live-news&#038;p=270347"},"modified":"2026-02-04T12:24:08","modified_gmt":"2026-02-04T09:24:08","slug":"ford-si-geely-posibil-parteneriat-in-europa","status":"publish","type":"live-news","link":"https:\/\/www.autocritica.ro\/en\/live-news\/ford-si-geely-posibil-parteneriat-in-europa\/","title":{"rendered":"Ford \u0219i Geely: posibil parteneriat \u00een Europa"},"content":{"rendered":"\n<p>\u2022 Ford \u0219i Geely poart\u0103 discu\u021bii privind un posibil parteneriat \u00een Europa.<\/p>\n\n\n\n<p>\u2022 Potrivit Reuters, care citeaz\u0103 surse apropiate negocierilor, unul dintre subiecte este posibilitatea ca Ford s\u0103 permit\u0103 Geely s\u0103 produc\u0103 modelele sale \u00eentr-o fabric\u0103 din Europa (Valencia fiind o variant\u0103). Astfel, Geely ar putea s\u0103 evite taxele europene pentru electricele fabricate \u00een China.<\/p>\n\n\n\n<p>\u2022 Discu\u021biile pe acest subiect se afl\u0103 \u00eentr-un stadiu avansat, conform surselor Reuters.<\/p>\n\n\n\n<p>\u2022 Un alt subiect ar fi un schimb tehnologic \u00eentre cele dou\u0103 p\u0103r\u021bi, inclusiv solu\u021bii software pentru ma\u0219inile autonome.<\/p>\n\n\n\n<p>\u2022 \u201cAvem discu\u021bii cu multe companii, tot timpul, pe mai multe subiecte. Unele discu\u021bii se materializeaz\u0103, iar altele nu,\u201d au transmis reprezentan\u021bii Ford la solicitarea Reuters. Oficialii Geely au refuzat s\u0103 comenteze.<\/p>\n\n\n\n<p>\u2022 Via: Reuters<\/p>\n","protected":false},"author":16,"featured_media":269640,"comment_status":"closed","ping_status":"closed","template":"","meta":{"_acf_changed":false,"footnotes":""},"tags":[980,1049],"class_list":["post-270347","live-news","type-live-news","status-publish","has-post-thumbnail","hentry","tag-ford","tag-geely"],"acf":[],"yoast_head":"<!-- This site is optimized with the Yoast SEO Premium plugin v27.5 (Yoast SEO v27.5) - https:\/\/yoast.com\/product\/yoast-seo-premium-wordpress\/ -->\n<title>Ford \u0219i Geely: posibil parteneriat \u00een Europa - Autocritica<\/title>\n<meta name=\"robots\" content=\"index, follow, max-snippet:-1, max-image-preview:large, max-video-preview:-1\" \/>\n<link rel=\"canonical\" href=\"https:\/\/www.autocritica.ro\/en\/live-news\/ford-si-geely-posibil-parteneriat-in-europa\/\" \/>\n<meta property=\"og:locale\" content=\"en_US\" \/>\n<meta property=\"og:type\" content=\"article\" \/>\n<meta property=\"og:title\" content=\"Ford \u0219i Geely: posibil parteneriat \u00een Europa\" \/>\n<meta property=\"og:description\" content=\"\u2022 Ford \u0219i Geely poart\u0103 discu\u021bii privind un posibil parteneriat \u00een Europa. \u2022 Potrivit Reuters, care citeaz\u0103 surse apropiate negocierilor, unul dintre\" \/>\n<meta property=\"og:url\" content=\"https:\/\/www.autocritica.ro\/en\/live-news\/ford-si-geely-posibil-parteneriat-in-europa\/\" \/>\n<meta property=\"og:site_name\" content=\"Autocritica\" \/>\n<meta property=\"article:publisher\" content=\"https:\/\/www.facebook.com\/autocritica.ro\" \/>\n<meta property=\"article:modified_time\" content=\"2026-02-04T09:24:08+00:00\" \/>\n<meta property=\"og:image\" content=\"https:\/\/www.autocritica.ro\/wp-content\/uploads\/2026\/01\/2026_Ford_Explorer_Arctic_Blue_Exterior_02-scaled.jpg\" \/>\n\t<meta property=\"og:image:width\" content=\"2560\" \/>\n\t<meta property=\"og:image:height\" content=\"1706\" \/>\n\t<meta property=\"og:image:type\" content=\"image\/jpeg\" \/>\n<meta name=\"twitter:card\" content=\"summary_large_image\" \/>\n<meta name=\"twitter:label1\" content=\"Est. reading time\" \/>\n\t<meta name=\"twitter:data1\" content=\"1 minute\" \/>\n<script type=\"application\/ld+json\" class=\"yoast-schema-graph\">{\"@context\":\"https:\\\/\\\/schema.org\",\"@graph\":[{\"@type\":\"WebPage\",\"@id\":\"https:\\\/\\\/www.autocritica.ro\\\/en\\\/live-news\\\/ford-si-geely-posibil-parteneriat-in-europa\\\/\",\"url\":\"https:\\\/\\\/www.autocritica.ro\\\/en\\\/live-news\\\/ford-si-geely-posibil-parteneriat-in-europa\\\/\",\"name\":\"Ford \u0219i Geely: posibil parteneriat \u00een Europa - Autocritica\",\"isPartOf\":{\"@id\":\"https:\\\/\\\/www.autocritica.ro\\\/en\\\/#website\"},\"primaryImageOfPage\":{\"@id\":\"https:\\\/\\\/www.autocritica.ro\\\/en\\\/live-news\\\/ford-si-geely-posibil-parteneriat-in-europa\\\/#primaryimage\"},\"image\":{\"@id\":\"https:\\\/\\\/www.autocritica.ro\\\/en\\\/live-news\\\/ford-si-geely-posibil-parteneriat-in-europa\\\/#primaryimage\"},\"thumbnailUrl\":\"https:\\\/\\\/www.autocritica.ro\\\/wp-content\\\/uploads\\\/2026\\\/01\\\/2026_Ford_Explorer_Arctic_Blue_Exterior_02-scaled.jpg\",\"datePublished\":\"2026-02-04T09:22:41+00:00\",\"dateModified\":\"2026-02-04T09:24:08+00:00\",\"breadcrumb\":{\"@id\":\"https:\\\/\\\/www.autocritica.ro\\\/en\\\/live-news\\\/ford-si-geely-posibil-parteneriat-in-europa\\\/#breadcrumb\"},\"inLanguage\":\"en-US\",\"potentialAction\":[{\"@type\":\"ReadAction\",\"target\":[\"https:\\\/\\\/www.autocritica.ro\\\/en\\\/live-news\\\/ford-si-geely-posibil-parteneriat-in-europa\\\/\"]}]},{\"@type\":\"ImageObject\",\"inLanguage\":\"en-US\",\"@id\":\"https:\\\/\\\/www.autocritica.ro\\\/en\\\/live-news\\\/ford-si-geely-posibil-parteneriat-in-europa\\\/#primaryimage\",\"url\":\"https:\\\/\\\/www.autocritica.ro\\\/wp-content\\\/uploads\\\/2026\\\/01\\\/2026_Ford_Explorer_Arctic_Blue_Exterior_02-scaled.jpg\",\"contentUrl\":\"https:\\\/\\\/www.autocritica.ro\\\/wp-content\\\/uploads\\\/2026\\\/01\\\/2026_Ford_Explorer_Arctic_Blue_Exterior_02-scaled.jpg\",\"width\":2560,\"height\":1706,\"caption\":\"LICENSE EXPIRES: 28.09.2028 - LICENSE BY: Ford LICENSE SCOPE: A - Earned editorial, press releases, press kits. B - All non-broadcast digital and online media. D - All print media (newspaper, magazine etc) REGION: EU COPYRIGHT AND IMAGE RIGHTS: This content is solely for editorial use and for providing individual users with information. Any storage in databases, or any distribution to third parties within the scope of commercial use, or for commercial use is permitted with written consent from Ford of Europe only.\"},{\"@type\":\"BreadcrumbList\",\"@id\":\"https:\\\/\\\/www.autocritica.ro\\\/en\\\/live-news\\\/ford-si-geely-posibil-parteneriat-in-europa\\\/#breadcrumb\",\"itemListElement\":[{\"@type\":\"ListItem\",\"position\":1,\"name\":\"Home\",\"item\":\"https:\\\/\\\/www.autocritica.ro\\\/en\\\/\"},{\"@type\":\"ListItem\",\"position\":2,\"name\":\"Live News\",\"item\":\"https:\\\/\\\/www.autocritica.ro\\\/en\\\/live-news\\\/\"},{\"@type\":\"ListItem\",\"position\":3,\"name\":\"Ford \u0219i Geely: posibil parteneriat \u00een Europa\"}]},{\"@type\":\"WebSite\",\"@id\":\"https:\\\/\\\/www.autocritica.ro\\\/en\\\/#website\",\"url\":\"https:\\\/\\\/www.autocritica.ro\\\/en\\\/\",\"name\":\"Autocritica\",\"description\":\"\",\"publisher\":{\"@id\":\"https:\\\/\\\/www.autocritica.ro\\\/en\\\/#organization\"},\"potentialAction\":[{\"@type\":\"SearchAction\",\"target\":{\"@type\":\"EntryPoint\",\"urlTemplate\":\"https:\\\/\\\/www.autocritica.ro\\\/en\\\/?s={search_term_string}\"},\"query-input\":{\"@type\":\"PropertyValueSpecification\",\"valueRequired\":true,\"valueName\":\"search_term_string\"}}],\"inLanguage\":\"en-US\"},{\"@type\":\"Organization\",\"@id\":\"https:\\\/\\\/www.autocritica.ro\\\/en\\\/#organization\",\"name\":\"Autocritica\",\"url\":\"https:\\\/\\\/www.autocritica.ro\\\/en\\\/\",\"logo\":{\"@type\":\"ImageObject\",\"inLanguage\":\"en-US\",\"@id\":\"https:\\\/\\\/www.autocritica.ro\\\/en\\\/#\\\/schema\\\/logo\\\/image\\\/\",\"url\":\"https:\\\/\\\/www.autocritica.ro\\\/wp-content\\\/uploads\\\/2020\\\/12\\\/logo-negru.png\",\"contentUrl\":\"https:\\\/\\\/www.autocritica.ro\\\/wp-content\\\/uploads\\\/2020\\\/12\\\/logo-negru.png\",\"width\":300,\"height\":102,\"caption\":\"Autocritica\"},\"image\":{\"@id\":\"https:\\\/\\\/www.autocritica.ro\\\/en\\\/#\\\/schema\\\/logo\\\/image\\\/\"},\"sameAs\":[\"https:\\\/\\\/www.facebook.com\\\/autocritica.ro\",\"https:\\\/\\\/www.instagram.com\\\/autocritica.ro\\\/\"]}]}<\/script>\n<!-- \/ Yoast SEO Premium plugin. -->","yoast_head_json":{"title":"Ford \u0219i Geely: posibil parteneriat \u00een Europa - Autocritica","robots":{"index":"index","follow":"follow","max-snippet":"max-snippet:-1","max-image-preview":"max-image-preview:large","max-video-preview":"max-video-preview:-1"},"canonical":"https:\/\/www.autocritica.ro\/en\/live-news\/ford-si-geely-posibil-parteneriat-in-europa\/","og_locale":"en_US","og_type":"article","og_title":"Ford \u0219i Geely: posibil parteneriat \u00een Europa","og_description":"\u2022 Ford \u0219i Geely poart\u0103 discu\u021bii privind un posibil parteneriat \u00een Europa. \u2022 Potrivit Reuters, care citeaz\u0103 surse apropiate negocierilor, unul dintre","og_url":"https:\/\/www.autocritica.ro\/en\/live-news\/ford-si-geely-posibil-parteneriat-in-europa\/","og_site_name":"Autocritica","article_publisher":"https:\/\/www.facebook.com\/autocritica.ro","article_modified_time":"2026-02-04T09:24:08+00:00","og_image":[{"width":2560,"height":1706,"url":"https:\/\/www.autocritica.ro\/wp-content\/uploads\/2026\/01\/2026_Ford_Explorer_Arctic_Blue_Exterior_02-scaled.jpg","type":"image\/jpeg"}],"twitter_card":"summary_large_image","twitter_misc":{"Est. reading time":"1 minute"},"schema":{"@context":"https:\/\/schema.org","@graph":[{"@type":"WebPage","@id":"https:\/\/www.autocritica.ro\/en\/live-news\/ford-si-geely-posibil-parteneriat-in-europa\/","url":"https:\/\/www.autocritica.ro\/en\/live-news\/ford-si-geely-posibil-parteneriat-in-europa\/","name":"Ford \u0219i Geely: posibil parteneriat \u00een Europa - Autocritica","isPartOf":{"@id":"https:\/\/www.autocritica.ro\/en\/#website"},"primaryImageOfPage":{"@id":"https:\/\/www.autocritica.ro\/en\/live-news\/ford-si-geely-posibil-parteneriat-in-europa\/#primaryimage"},"image":{"@id":"https:\/\/www.autocritica.ro\/en\/live-news\/ford-si-geely-posibil-parteneriat-in-europa\/#primaryimage"},"thumbnailUrl":"https:\/\/www.autocritica.ro\/wp-content\/uploads\/2026\/01\/2026_Ford_Explorer_Arctic_Blue_Exterior_02-scaled.jpg","datePublished":"2026-02-04T09:22:41+00:00","dateModified":"2026-02-04T09:24:08+00:00","breadcrumb":{"@id":"https:\/\/www.autocritica.ro\/en\/live-news\/ford-si-geely-posibil-parteneriat-in-europa\/#breadcrumb"},"inLanguage":"en-US","potentialAction":[{"@type":"ReadAction","target":["https:\/\/www.autocritica.ro\/en\/live-news\/ford-si-geely-posibil-parteneriat-in-europa\/"]}]},{"@type":"ImageObject","inLanguage":"en-US","@id":"https:\/\/www.autocritica.ro\/en\/live-news\/ford-si-geely-posibil-parteneriat-in-europa\/#primaryimage","url":"https:\/\/www.autocritica.ro\/wp-content\/uploads\/2026\/01\/2026_Ford_Explorer_Arctic_Blue_Exterior_02-scaled.jpg","contentUrl":"https:\/\/www.autocritica.ro\/wp-content\/uploads\/2026\/01\/2026_Ford_Explorer_Arctic_Blue_Exterior_02-scaled.jpg","width":2560,"height":1706,"caption":"LICENSE EXPIRES: 28.09.2028 - LICENSE BY: Ford LICENSE SCOPE: A - Earned editorial, press releases, press kits. B - All non-broadcast digital and online media. D - All print media (newspaper, magazine etc) REGION: EU COPYRIGHT AND IMAGE RIGHTS: This content is solely for editorial use and for providing individual users with information. Any storage in databases, or any distribution to third parties within the scope of commercial use, or for commercial use is permitted with written consent from Ford of Europe only."},{"@type":"BreadcrumbList","@id":"https:\/\/www.autocritica.ro\/en\/live-news\/ford-si-geely-posibil-parteneriat-in-europa\/#breadcrumb","itemListElement":[{"@type":"ListItem","position":1,"name":"Home","item":"https:\/\/www.autocritica.ro\/en\/"},{"@type":"ListItem","position":2,"name":"Live News","item":"https:\/\/www.autocritica.ro\/en\/live-news\/"},{"@type":"ListItem","position":3,"name":"Ford \u0219i Geely: posibil parteneriat \u00een Europa"}]},{"@type":"WebSite","@id":"https:\/\/www.autocritica.ro\/en\/#website","url":"https:\/\/www.autocritica.ro\/en\/","name":"Autocritica","description":"","publisher":{"@id":"https:\/\/www.autocritica.ro\/en\/#organization"},"potentialAction":[{"@type":"SearchAction","target":{"@type":"EntryPoint","urlTemplate":"https:\/\/www.autocritica.ro\/en\/?s={search_term_string}"},"query-input":{"@type":"PropertyValueSpecification","valueRequired":true,"valueName":"search_term_string"}}],"inLanguage":"en-US"},{"@type":"Organization","@id":"https:\/\/www.autocritica.ro\/en\/#organization","name":"Autocritica","url":"https:\/\/www.autocritica.ro\/en\/","logo":{"@type":"ImageObject","inLanguage":"en-US","@id":"https:\/\/www.autocritica.ro\/en\/#\/schema\/logo\/image\/","url":"https:\/\/www.autocritica.ro\/wp-content\/uploads\/2020\/12\/logo-negru.png","contentUrl":"https:\/\/www.autocritica.ro\/wp-content\/uploads\/2020\/12\/logo-negru.png","width":300,"height":102,"caption":"Autocritica"},"image":{"@id":"https:\/\/www.autocritica.ro\/en\/#\/schema\/logo\/image\/"},"sameAs":["https:\/\/www.facebook.com\/autocritica.ro","https:\/\/www.instagram.com\/autocritica.ro\/"]}]}},"_links":{"self":[{"href":"https:\/\/www.autocritica.ro\/en\/wp-json\/wp\/v2\/live-news\/270347","targetHints":{"allow":["GET"]}}],"collection":[{"href":"https:\/\/www.autocritica.ro\/en\/wp-json\/wp\/v2\/live-news"}],"about":[{"href":"https:\/\/www.autocritica.ro\/en\/wp-json\/wp\/v2\/types\/live-news"}],"author":[{"embeddable":true,"href":"https:\/\/www.autocritica.ro\/en\/wp-json\/wp\/v2\/users\/16"}],"replies":[{"embeddable":true,"href":"https:\/\/www.autocritica.ro\/en\/wp-json\/wp\/v2\/comments?post=270347"}],"version-history":[{"count":3,"href":"https:\/\/www.autocritica.ro\/en\/wp-json\/wp\/v2\/live-news\/270347\/revisions"}],"predecessor-version":[{"id":270350,"href":"https:\/\/www.autocritica.ro\/en\/wp-json\/wp\/v2\/live-news\/270347\/revisions\/270350"}],"wp:featuredmedia":[{"embeddable":true,"href":"https:\/\/www.autocritica.ro\/en\/wp-json\/wp\/v2\/media\/269640"}],"wp:attachment":[{"href":"https:\/\/www.autocritica.ro\/en\/wp-json\/wp\/v2\/media?parent=270347"}],"wp:term":[{"taxonomy":"post_tag","embeddable":true,"href":"https:\/\/www.autocritica.ro\/en\/wp-json\/wp\/v2\/tags?post=270347"}],"curies":[{"name":"wp","href":"https:\/\/api.w.org\/{rel}","templated":true}]}}