{"id":270275,"date":"2026-02-03T12:42:31","date_gmt":"2026-02-03T09:42:31","guid":{"rendered":"https:\/\/www.autocritica.ro\/?post_type=live-news&#038;p=270275"},"modified":"2026-02-03T12:44:36","modified_gmt":"2026-02-03T09:44:36","slug":"skoda-productia-globala-a-crescut-cu-15-in-2025","status":"publish","type":"live-news","link":"https:\/\/www.autocritica.ro\/en\/live-news\/skoda-productia-globala-a-crescut-cu-15-in-2025\/","title":{"rendered":"Skoda: produc\u021bia global\u0103 a crescut cu 15% \u00een 2025"},"content":{"rendered":"\n<p>\u2022 \u0160koda a produs anul trecut peste 1,06 milioane de ma\u0219ini la nivel global, \u00een cre\u0219tere cu 15% comparativ cu 2024.<\/p>\n\n\n\n<p>\u2022 Aproximativ 605.000 de unit\u0103\u021bi (+4,9%) au fost produse la uzina principal\u0103 din Mlad\u00e1 Boleslav.<\/p>\n\n\n\n<p>\u2022 \u00cen plus, constructorul ceh a produs peste 329.000 de baterii, mai mult de un milion de cutii de viteze \u0219i 500.000 de motoare pentru modelele din grupul Volkswagen.<\/p>\n\n\n\n<p>\u2022 Pe l\u00e2ng\u0103 fabricile din Europa, \u0160koda a extins capacit\u0103\u021bile de produc\u021bie din Asia \u0219i a \u00eenceput activitatea \u00een Vietnam \u00een 2025.<\/p>\n\n\n\n<p>\u2022 \u00cen prezent, modelele \u0160koda sunt produse \u00een Cehia, Slovacia, Ucraina, India, Kazahstan, China \u0219i Vietnam.<\/p>\n\n\n\n<p>\u2022 Via: \u0160koda<\/p>\n","protected":false},"author":16,"featured_media":270277,"comment_status":"closed","ping_status":"closed","template":"","meta":{"_acf_changed":false,"footnotes":""},"tags":[3720,6491,951],"class_list":["post-270275","live-news","type-live-news","status-publish","has-post-thumbnail","hentry","tag-productie-skoda","tag-productie-skoda-2025","tag-skoda"],"acf":[],"yoast_head":"<!-- This site is optimized with the Yoast SEO Premium plugin v27.5 (Yoast SEO v27.5) - https:\/\/yoast.com\/product\/yoast-seo-premium-wordpress\/ -->\n<title>Skoda: produc\u021bia global\u0103 a crescut cu 15% \u00een 2025 - Autocritica<\/title>\n<meta name=\"robots\" content=\"index, follow, max-snippet:-1, max-image-preview:large, max-video-preview:-1\" \/>\n<link rel=\"canonical\" href=\"https:\/\/www.autocritica.ro\/en\/live-news\/skoda-productia-globala-a-crescut-cu-15-in-2025\/\" \/>\n<meta property=\"og:locale\" content=\"en_US\" \/>\n<meta property=\"og:type\" content=\"article\" \/>\n<meta property=\"og:title\" content=\"Skoda: produc\u021bia global\u0103 a crescut cu 15% \u00een 2025\" \/>\n<meta property=\"og:description\" content=\"\u2022 \u0160koda a produs anul trecut peste 1,06 milioane de ma\u0219ini la nivel global, \u00een cre\u0219tere cu 15% comparativ cu 2024. \u2022 Aproximativ 605.000 de unit\u0103\u021bi\" \/>\n<meta property=\"og:url\" content=\"https:\/\/www.autocritica.ro\/en\/live-news\/skoda-productia-globala-a-crescut-cu-15-in-2025\/\" \/>\n<meta property=\"og:site_name\" content=\"Autocritica\" \/>\n<meta property=\"article:publisher\" content=\"https:\/\/www.facebook.com\/autocritica.ro\" \/>\n<meta property=\"article:modified_time\" content=\"2026-02-03T09:44:36+00:00\" \/>\n<meta property=\"og:image\" content=\"https:\/\/www.autocritica.ro\/wp-content\/uploads\/2026\/02\/skoda-auto-steps-up-production-in-2025_bd360a38-scaled.jpg\" \/>\n\t<meta property=\"og:image:width\" content=\"2560\" \/>\n\t<meta property=\"og:image:height\" content=\"1706\" \/>\n\t<meta property=\"og:image:type\" content=\"image\/jpeg\" \/>\n<meta name=\"twitter:card\" content=\"summary_large_image\" \/>\n<script type=\"application\/ld+json\" class=\"yoast-schema-graph\">{\"@context\":\"https:\\\/\\\/schema.org\",\"@graph\":[{\"@type\":\"WebPage\",\"@id\":\"https:\\\/\\\/www.autocritica.ro\\\/en\\\/live-news\\\/skoda-productia-globala-a-crescut-cu-15-in-2025\\\/\",\"url\":\"https:\\\/\\\/www.autocritica.ro\\\/en\\\/live-news\\\/skoda-productia-globala-a-crescut-cu-15-in-2025\\\/\",\"name\":\"Skoda: produc\u021bia global\u0103 a crescut cu 15% \u00een 2025 - Autocritica\",\"isPartOf\":{\"@id\":\"https:\\\/\\\/www.autocritica.ro\\\/en\\\/#website\"},\"primaryImageOfPage\":{\"@id\":\"https:\\\/\\\/www.autocritica.ro\\\/en\\\/live-news\\\/skoda-productia-globala-a-crescut-cu-15-in-2025\\\/#primaryimage\"},\"image\":{\"@id\":\"https:\\\/\\\/www.autocritica.ro\\\/en\\\/live-news\\\/skoda-productia-globala-a-crescut-cu-15-in-2025\\\/#primaryimage\"},\"thumbnailUrl\":\"https:\\\/\\\/www.autocritica.ro\\\/wp-content\\\/uploads\\\/2026\\\/02\\\/skoda-auto-steps-up-production-in-2025_bd360a38-scaled.jpg\",\"datePublished\":\"2026-02-03T09:42:31+00:00\",\"dateModified\":\"2026-02-03T09:44:36+00:00\",\"breadcrumb\":{\"@id\":\"https:\\\/\\\/www.autocritica.ro\\\/en\\\/live-news\\\/skoda-productia-globala-a-crescut-cu-15-in-2025\\\/#breadcrumb\"},\"inLanguage\":\"en-US\",\"potentialAction\":[{\"@type\":\"ReadAction\",\"target\":[\"https:\\\/\\\/www.autocritica.ro\\\/en\\\/live-news\\\/skoda-productia-globala-a-crescut-cu-15-in-2025\\\/\"]}]},{\"@type\":\"ImageObject\",\"inLanguage\":\"en-US\",\"@id\":\"https:\\\/\\\/www.autocritica.ro\\\/en\\\/live-news\\\/skoda-productia-globala-a-crescut-cu-15-in-2025\\\/#primaryimage\",\"url\":\"https:\\\/\\\/www.autocritica.ro\\\/wp-content\\\/uploads\\\/2026\\\/02\\\/skoda-auto-steps-up-production-in-2025_bd360a38-scaled.jpg\",\"contentUrl\":\"https:\\\/\\\/www.autocritica.ro\\\/wp-content\\\/uploads\\\/2026\\\/02\\\/skoda-auto-steps-up-production-in-2025_bd360a38-scaled.jpg\",\"width\":2560,\"height\":1706},{\"@type\":\"BreadcrumbList\",\"@id\":\"https:\\\/\\\/www.autocritica.ro\\\/en\\\/live-news\\\/skoda-productia-globala-a-crescut-cu-15-in-2025\\\/#breadcrumb\",\"itemListElement\":[{\"@type\":\"ListItem\",\"position\":1,\"name\":\"Home\",\"item\":\"https:\\\/\\\/www.autocritica.ro\\\/en\\\/\"},{\"@type\":\"ListItem\",\"position\":2,\"name\":\"Live News\",\"item\":\"https:\\\/\\\/www.autocritica.ro\\\/en\\\/live-news\\\/\"},{\"@type\":\"ListItem\",\"position\":3,\"name\":\"Skoda: produc\u021bia global\u0103 a crescut cu 15% \u00een 2025\"}]},{\"@type\":\"WebSite\",\"@id\":\"https:\\\/\\\/www.autocritica.ro\\\/en\\\/#website\",\"url\":\"https:\\\/\\\/www.autocritica.ro\\\/en\\\/\",\"name\":\"Autocritica\",\"description\":\"\",\"publisher\":{\"@id\":\"https:\\\/\\\/www.autocritica.ro\\\/en\\\/#organization\"},\"potentialAction\":[{\"@type\":\"SearchAction\",\"target\":{\"@type\":\"EntryPoint\",\"urlTemplate\":\"https:\\\/\\\/www.autocritica.ro\\\/en\\\/?s={search_term_string}\"},\"query-input\":{\"@type\":\"PropertyValueSpecification\",\"valueRequired\":true,\"valueName\":\"search_term_string\"}}],\"inLanguage\":\"en-US\"},{\"@type\":\"Organization\",\"@id\":\"https:\\\/\\\/www.autocritica.ro\\\/en\\\/#organization\",\"name\":\"Autocritica\",\"url\":\"https:\\\/\\\/www.autocritica.ro\\\/en\\\/\",\"logo\":{\"@type\":\"ImageObject\",\"inLanguage\":\"en-US\",\"@id\":\"https:\\\/\\\/www.autocritica.ro\\\/en\\\/#\\\/schema\\\/logo\\\/image\\\/\",\"url\":\"https:\\\/\\\/www.autocritica.ro\\\/wp-content\\\/uploads\\\/2020\\\/12\\\/logo-negru.png\",\"contentUrl\":\"https:\\\/\\\/www.autocritica.ro\\\/wp-content\\\/uploads\\\/2020\\\/12\\\/logo-negru.png\",\"width\":300,\"height\":102,\"caption\":\"Autocritica\"},\"image\":{\"@id\":\"https:\\\/\\\/www.autocritica.ro\\\/en\\\/#\\\/schema\\\/logo\\\/image\\\/\"},\"sameAs\":[\"https:\\\/\\\/www.facebook.com\\\/autocritica.ro\",\"https:\\\/\\\/www.instagram.com\\\/autocritica.ro\\\/\"]}]}<\/script>\n<!-- \/ Yoast SEO Premium plugin. -->","yoast_head_json":{"title":"Skoda: produc\u021bia global\u0103 a crescut cu 15% \u00een 2025 - Autocritica","robots":{"index":"index","follow":"follow","max-snippet":"max-snippet:-1","max-image-preview":"max-image-preview:large","max-video-preview":"max-video-preview:-1"},"canonical":"https:\/\/www.autocritica.ro\/en\/live-news\/skoda-productia-globala-a-crescut-cu-15-in-2025\/","og_locale":"en_US","og_type":"article","og_title":"Skoda: produc\u021bia global\u0103 a crescut cu 15% \u00een 2025","og_description":"\u2022 \u0160koda a produs anul trecut peste 1,06 milioane de ma\u0219ini la nivel global, \u00een cre\u0219tere cu 15% comparativ cu 2024. \u2022 Aproximativ 605.000 de unit\u0103\u021bi","og_url":"https:\/\/www.autocritica.ro\/en\/live-news\/skoda-productia-globala-a-crescut-cu-15-in-2025\/","og_site_name":"Autocritica","article_publisher":"https:\/\/www.facebook.com\/autocritica.ro","article_modified_time":"2026-02-03T09:44:36+00:00","og_image":[{"width":2560,"height":1706,"url":"https:\/\/www.autocritica.ro\/wp-content\/uploads\/2026\/02\/skoda-auto-steps-up-production-in-2025_bd360a38-scaled.jpg","type":"image\/jpeg"}],"twitter_card":"summary_large_image","schema":{"@context":"https:\/\/schema.org","@graph":[{"@type":"WebPage","@id":"https:\/\/www.autocritica.ro\/en\/live-news\/skoda-productia-globala-a-crescut-cu-15-in-2025\/","url":"https:\/\/www.autocritica.ro\/en\/live-news\/skoda-productia-globala-a-crescut-cu-15-in-2025\/","name":"Skoda: produc\u021bia global\u0103 a crescut cu 15% \u00een 2025 - Autocritica","isPartOf":{"@id":"https:\/\/www.autocritica.ro\/en\/#website"},"primaryImageOfPage":{"@id":"https:\/\/www.autocritica.ro\/en\/live-news\/skoda-productia-globala-a-crescut-cu-15-in-2025\/#primaryimage"},"image":{"@id":"https:\/\/www.autocritica.ro\/en\/live-news\/skoda-productia-globala-a-crescut-cu-15-in-2025\/#primaryimage"},"thumbnailUrl":"https:\/\/www.autocritica.ro\/wp-content\/uploads\/2026\/02\/skoda-auto-steps-up-production-in-2025_bd360a38-scaled.jpg","datePublished":"2026-02-03T09:42:31+00:00","dateModified":"2026-02-03T09:44:36+00:00","breadcrumb":{"@id":"https:\/\/www.autocritica.ro\/en\/live-news\/skoda-productia-globala-a-crescut-cu-15-in-2025\/#breadcrumb"},"inLanguage":"en-US","potentialAction":[{"@type":"ReadAction","target":["https:\/\/www.autocritica.ro\/en\/live-news\/skoda-productia-globala-a-crescut-cu-15-in-2025\/"]}]},{"@type":"ImageObject","inLanguage":"en-US","@id":"https:\/\/www.autocritica.ro\/en\/live-news\/skoda-productia-globala-a-crescut-cu-15-in-2025\/#primaryimage","url":"https:\/\/www.autocritica.ro\/wp-content\/uploads\/2026\/02\/skoda-auto-steps-up-production-in-2025_bd360a38-scaled.jpg","contentUrl":"https:\/\/www.autocritica.ro\/wp-content\/uploads\/2026\/02\/skoda-auto-steps-up-production-in-2025_bd360a38-scaled.jpg","width":2560,"height":1706},{"@type":"BreadcrumbList","@id":"https:\/\/www.autocritica.ro\/en\/live-news\/skoda-productia-globala-a-crescut-cu-15-in-2025\/#breadcrumb","itemListElement":[{"@type":"ListItem","position":1,"name":"Home","item":"https:\/\/www.autocritica.ro\/en\/"},{"@type":"ListItem","position":2,"name":"Live News","item":"https:\/\/www.autocritica.ro\/en\/live-news\/"},{"@type":"ListItem","position":3,"name":"Skoda: produc\u021bia global\u0103 a crescut cu 15% \u00een 2025"}]},{"@type":"WebSite","@id":"https:\/\/www.autocritica.ro\/en\/#website","url":"https:\/\/www.autocritica.ro\/en\/","name":"Autocritica","description":"","publisher":{"@id":"https:\/\/www.autocritica.ro\/en\/#organization"},"potentialAction":[{"@type":"SearchAction","target":{"@type":"EntryPoint","urlTemplate":"https:\/\/www.autocritica.ro\/en\/?s={search_term_string}"},"query-input":{"@type":"PropertyValueSpecification","valueRequired":true,"valueName":"search_term_string"}}],"inLanguage":"en-US"},{"@type":"Organization","@id":"https:\/\/www.autocritica.ro\/en\/#organization","name":"Autocritica","url":"https:\/\/www.autocritica.ro\/en\/","logo":{"@type":"ImageObject","inLanguage":"en-US","@id":"https:\/\/www.autocritica.ro\/en\/#\/schema\/logo\/image\/","url":"https:\/\/www.autocritica.ro\/wp-content\/uploads\/2020\/12\/logo-negru.png","contentUrl":"https:\/\/www.autocritica.ro\/wp-content\/uploads\/2020\/12\/logo-negru.png","width":300,"height":102,"caption":"Autocritica"},"image":{"@id":"https:\/\/www.autocritica.ro\/en\/#\/schema\/logo\/image\/"},"sameAs":["https:\/\/www.facebook.com\/autocritica.ro","https:\/\/www.instagram.com\/autocritica.ro\/"]}]}},"_links":{"self":[{"href":"https:\/\/www.autocritica.ro\/en\/wp-json\/wp\/v2\/live-news\/270275","targetHints":{"allow":["GET"]}}],"collection":[{"href":"https:\/\/www.autocritica.ro\/en\/wp-json\/wp\/v2\/live-news"}],"about":[{"href":"https:\/\/www.autocritica.ro\/en\/wp-json\/wp\/v2\/types\/live-news"}],"author":[{"embeddable":true,"href":"https:\/\/www.autocritica.ro\/en\/wp-json\/wp\/v2\/users\/16"}],"replies":[{"embeddable":true,"href":"https:\/\/www.autocritica.ro\/en\/wp-json\/wp\/v2\/comments?post=270275"}],"version-history":[{"count":3,"href":"https:\/\/www.autocritica.ro\/en\/wp-json\/wp\/v2\/live-news\/270275\/revisions"}],"predecessor-version":[{"id":270280,"href":"https:\/\/www.autocritica.ro\/en\/wp-json\/wp\/v2\/live-news\/270275\/revisions\/270280"}],"wp:featuredmedia":[{"embeddable":true,"href":"https:\/\/www.autocritica.ro\/en\/wp-json\/wp\/v2\/media\/270277"}],"wp:attachment":[{"href":"https:\/\/www.autocritica.ro\/en\/wp-json\/wp\/v2\/media?parent=270275"}],"wp:term":[{"taxonomy":"post_tag","embeddable":true,"href":"https:\/\/www.autocritica.ro\/en\/wp-json\/wp\/v2\/tags?post=270275"}],"curies":[{"name":"wp","href":"https:\/\/api.w.org\/{rel}","templated":true}]}}