{"id":270256,"date":"2026-02-02T19:53:36","date_gmt":"2026-02-02T16:53:36","guid":{"rendered":"https:\/\/www.autocritica.ro\/?post_type=live-news&#038;p=270256"},"modified":"2026-02-02T19:54:07","modified_gmt":"2026-02-02T16:54:07","slug":"noul-porsche-cayenne-electric-este-prezent-la-transylvania-open-din-cluj-napoca","status":"publish","type":"live-news","link":"https:\/\/www.autocritica.ro\/en\/live-news\/noul-porsche-cayenne-electric-este-prezent-la-transylvania-open-din-cluj-napoca\/","title":{"rendered":"Noul Porsche Cayenne Electric este prezent la Transylvania Open din Cluj-Napoca"},"content":{"rendered":"\n<p>\u2022 Porsche este partenerul de mobilitate al turneului de tenis WTA Transylvania Open pentru al \u0219aselea an consecutiv. Evenimentul se desf\u0103\u0219oar\u0103 pe hard indoor \u00een BT Arena din Cluj-Napoca \u00eentre 31 ianuarie \u0219i 7 februarie.<\/p>\n\n\n\n<p>\u2022 Cu aceast\u0103 ocazie \u2013 \u00een premier\u0103 na\u021bional\u0103 \u2013 Porsche expune noul Cayenne electric \u00een arena unde vor avea loc toate meciurile. Modelul va fi lansat pe pia\u021ba din Rom\u00e2nia la sf\u00e2r\u0219itul lunii aprilie.<\/p>\n\n\n\n<p>\u2022 \u00cen plus, 16 unit\u0103\u021bi electrice Macan vor fi incluse \u00een flota auto a competi\u021biei \u0219i vor fi puse la dispozi\u021bia juc\u0103toarelor.<\/p>\n\n\n\n<p>\u2022 Tabloul de simplu are 32 de juc\u0103toare, iar cel de dublu a \u00eenceput cu 16 perechi.<\/p>\n\n\n\n<p>\u2022 Turneul pune \u00een joc 250 de puncte WTA \u0219i premii \u00een valoare total\u0103 de 283.000 de dolari.<\/p>\n\n\n\n<p>\u2022 Foto: Porsche<\/p>\n\n\n\n<figure class=\"wp-block-gallery has-nested-images columns-default is-cropped wp-block-gallery-1 is-layout-flex wp-block-gallery-is-layout-flex\">\n<figure class=\"wp-block-image size-large\"><a href=\"https:\/\/www.autocritica.ro\/wp-content\/uploads\/2026\/02\/PCEE26_0083_fine.jpg\" data-lbwps-width=\"5295\" data-lbwps-height=\"3530\" data-lbwps-srcsmall=\"https:\/\/www.autocritica.ro\/wp-content\/uploads\/2026\/02\/PCEE26_0083_fine-300x200.jpg\"><img loading=\"lazy\" decoding=\"async\" width=\"1024\" height=\"683\" data-id=\"270259\" src=\"https:\/\/www.autocritica.ro\/wp-content\/uploads\/2026\/02\/PCEE26_0083_fine-1024x683.jpg\" alt=\"\" class=\"wp-image-270259\" srcset=\"https:\/\/www.autocritica.ro\/wp-content\/uploads\/2026\/02\/PCEE26_0083_fine-1024x683.jpg 1024w, https:\/\/www.autocritica.ro\/wp-content\/uploads\/2026\/02\/PCEE26_0083_fine-300x200.jpg 300w, https:\/\/www.autocritica.ro\/wp-content\/uploads\/2026\/02\/PCEE26_0083_fine-768x512.jpg 768w, https:\/\/www.autocritica.ro\/wp-content\/uploads\/2026\/02\/PCEE26_0083_fine-1536x1024.jpg 1536w, https:\/\/www.autocritica.ro\/wp-content\/uploads\/2026\/02\/PCEE26_0083_fine-2048x1365.jpg 2048w, https:\/\/www.autocritica.ro\/wp-content\/uploads\/2026\/02\/PCEE26_0083_fine-1200x800.jpg 1200w, https:\/\/www.autocritica.ro\/wp-content\/uploads\/2026\/02\/PCEE26_0083_fine-1000x666.jpg 1000w, https:\/\/www.autocritica.ro\/wp-content\/uploads\/2026\/02\/PCEE26_0083_fine-2000x1333.jpg 2000w\" sizes=\"auto, (max-width: 1024px) 100vw, 1024px\" \/><\/a><\/figure>\n\n\n\n<figure class=\"wp-block-image size-large\"><a href=\"https:\/\/www.autocritica.ro\/wp-content\/uploads\/2026\/02\/PCEE26_0086_fine.jpg\" data-lbwps-width=\"2048\" data-lbwps-height=\"1365\" data-lbwps-srcsmall=\"https:\/\/www.autocritica.ro\/wp-content\/uploads\/2026\/02\/PCEE26_0086_fine-300x200.jpg\"><img loading=\"lazy\" decoding=\"async\" width=\"1024\" height=\"683\" data-id=\"270268\" src=\"https:\/\/www.autocritica.ro\/wp-content\/uploads\/2026\/02\/PCEE26_0086_fine-1024x683.jpg\" alt=\"\" class=\"wp-image-270268\" srcset=\"https:\/\/www.autocritica.ro\/wp-content\/uploads\/2026\/02\/PCEE26_0086_fine-1024x683.jpg 1024w, https:\/\/www.autocritica.ro\/wp-content\/uploads\/2026\/02\/PCEE26_0086_fine-300x200.jpg 300w, https:\/\/www.autocritica.ro\/wp-content\/uploads\/2026\/02\/PCEE26_0086_fine-768x512.jpg 768w, https:\/\/www.autocritica.ro\/wp-content\/uploads\/2026\/02\/PCEE26_0086_fine-1536x1024.jpg 1536w, https:\/\/www.autocritica.ro\/wp-content\/uploads\/2026\/02\/PCEE26_0086_fine-1200x800.jpg 1200w, https:\/\/www.autocritica.ro\/wp-content\/uploads\/2026\/02\/PCEE26_0086_fine-1000x666.jpg 1000w, https:\/\/www.autocritica.ro\/wp-content\/uploads\/2026\/02\/PCEE26_0086_fine-2000x1333.jpg 2000w, https:\/\/www.autocritica.ro\/wp-content\/uploads\/2026\/02\/PCEE26_0086_fine.jpg 2048w\" sizes=\"auto, (max-width: 1024px) 100vw, 1024px\" \/><\/a><\/figure>\n\n\n\n<figure class=\"wp-block-image size-large\"><a href=\"https:\/\/www.autocritica.ro\/wp-content\/uploads\/2026\/02\/PCEE26_0088_fine.jpg\" data-lbwps-width=\"2048\" data-lbwps-height=\"1365\" data-lbwps-srcsmall=\"https:\/\/www.autocritica.ro\/wp-content\/uploads\/2026\/02\/PCEE26_0088_fine-300x200.jpg\"><img loading=\"lazy\" decoding=\"async\" width=\"1024\" height=\"683\" data-id=\"270260\" src=\"https:\/\/www.autocritica.ro\/wp-content\/uploads\/2026\/02\/PCEE26_0088_fine-1024x683.jpg\" alt=\"\" class=\"wp-image-270260\" srcset=\"https:\/\/www.autocritica.ro\/wp-content\/uploads\/2026\/02\/PCEE26_0088_fine-1024x683.jpg 1024w, https:\/\/www.autocritica.ro\/wp-content\/uploads\/2026\/02\/PCEE26_0088_fine-300x200.jpg 300w, https:\/\/www.autocritica.ro\/wp-content\/uploads\/2026\/02\/PCEE26_0088_fine-768x512.jpg 768w, https:\/\/www.autocritica.ro\/wp-content\/uploads\/2026\/02\/PCEE26_0088_fine-1536x1024.jpg 1536w, https:\/\/www.autocritica.ro\/wp-content\/uploads\/2026\/02\/PCEE26_0088_fine-1200x800.jpg 1200w, https:\/\/www.autocritica.ro\/wp-content\/uploads\/2026\/02\/PCEE26_0088_fine-1000x666.jpg 1000w, https:\/\/www.autocritica.ro\/wp-content\/uploads\/2026\/02\/PCEE26_0088_fine-2000x1333.jpg 2000w, https:\/\/www.autocritica.ro\/wp-content\/uploads\/2026\/02\/PCEE26_0088_fine.jpg 2048w\" sizes=\"auto, (max-width: 1024px) 100vw, 1024px\" \/><\/a><\/figure>\n\n\n\n<figure class=\"wp-block-image size-large\"><a href=\"https:\/\/www.autocritica.ro\/wp-content\/uploads\/2026\/02\/PCEE26_0090_fine.jpg\" data-lbwps-width=\"2048\" data-lbwps-height=\"1365\" data-lbwps-srcsmall=\"https:\/\/www.autocritica.ro\/wp-content\/uploads\/2026\/02\/PCEE26_0090_fine-300x200.jpg\"><img loading=\"lazy\" decoding=\"async\" width=\"1024\" height=\"683\" data-id=\"270265\" src=\"https:\/\/www.autocritica.ro\/wp-content\/uploads\/2026\/02\/PCEE26_0090_fine-1024x683.jpg\" alt=\"\" class=\"wp-image-270265\" srcset=\"https:\/\/www.autocritica.ro\/wp-content\/uploads\/2026\/02\/PCEE26_0090_fine-1024x683.jpg 1024w, https:\/\/www.autocritica.ro\/wp-content\/uploads\/2026\/02\/PCEE26_0090_fine-300x200.jpg 300w, https:\/\/www.autocritica.ro\/wp-content\/uploads\/2026\/02\/PCEE26_0090_fine-768x512.jpg 768w, https:\/\/www.autocritica.ro\/wp-content\/uploads\/2026\/02\/PCEE26_0090_fine-1536x1024.jpg 1536w, https:\/\/www.autocritica.ro\/wp-content\/uploads\/2026\/02\/PCEE26_0090_fine-1200x800.jpg 1200w, https:\/\/www.autocritica.ro\/wp-content\/uploads\/2026\/02\/PCEE26_0090_fine-1000x666.jpg 1000w, https:\/\/www.autocritica.ro\/wp-content\/uploads\/2026\/02\/PCEE26_0090_fine-2000x1333.jpg 2000w, https:\/\/www.autocritica.ro\/wp-content\/uploads\/2026\/02\/PCEE26_0090_fine.jpg 2048w\" sizes=\"auto, (max-width: 1024px) 100vw, 1024px\" \/><\/a><\/figure>\n\n\n\n<figure class=\"wp-block-image size-large\"><a href=\"https:\/\/www.autocritica.ro\/wp-content\/uploads\/2026\/02\/PCEE26_0092_fine.jpg\" data-lbwps-width=\"2048\" data-lbwps-height=\"1365\" data-lbwps-srcsmall=\"https:\/\/www.autocritica.ro\/wp-content\/uploads\/2026\/02\/PCEE26_0092_fine-300x200.jpg\"><img loading=\"lazy\" decoding=\"async\" width=\"1024\" height=\"683\" data-id=\"270263\" src=\"https:\/\/www.autocritica.ro\/wp-content\/uploads\/2026\/02\/PCEE26_0092_fine-1024x683.jpg\" alt=\"\" class=\"wp-image-270263\" srcset=\"https:\/\/www.autocritica.ro\/wp-content\/uploads\/2026\/02\/PCEE26_0092_fine-1024x683.jpg 1024w, https:\/\/www.autocritica.ro\/wp-content\/uploads\/2026\/02\/PCEE26_0092_fine-300x200.jpg 300w, https:\/\/www.autocritica.ro\/wp-content\/uploads\/2026\/02\/PCEE26_0092_fine-768x512.jpg 768w, https:\/\/www.autocritica.ro\/wp-content\/uploads\/2026\/02\/PCEE26_0092_fine-1536x1024.jpg 1536w, https:\/\/www.autocritica.ro\/wp-content\/uploads\/2026\/02\/PCEE26_0092_fine-1200x800.jpg 1200w, https:\/\/www.autocritica.ro\/wp-content\/uploads\/2026\/02\/PCEE26_0092_fine-1000x666.jpg 1000w, https:\/\/www.autocritica.ro\/wp-content\/uploads\/2026\/02\/PCEE26_0092_fine-2000x1333.jpg 2000w, https:\/\/www.autocritica.ro\/wp-content\/uploads\/2026\/02\/PCEE26_0092_fine.jpg 2048w\" sizes=\"auto, (max-width: 1024px) 100vw, 1024px\" \/><\/a><\/figure>\n\n\n\n<figure class=\"wp-block-image size-large\"><a href=\"https:\/\/www.autocritica.ro\/wp-content\/uploads\/2026\/02\/PCEE26_0093_fine.jpg\" data-lbwps-width=\"2048\" data-lbwps-height=\"1365\" data-lbwps-srcsmall=\"https:\/\/www.autocritica.ro\/wp-content\/uploads\/2026\/02\/PCEE26_0093_fine-300x200.jpg\"><img loading=\"lazy\" decoding=\"async\" width=\"1024\" height=\"683\" data-id=\"270262\" src=\"https:\/\/www.autocritica.ro\/wp-content\/uploads\/2026\/02\/PCEE26_0093_fine-1024x683.jpg\" alt=\"\" class=\"wp-image-270262\" srcset=\"https:\/\/www.autocritica.ro\/wp-content\/uploads\/2026\/02\/PCEE26_0093_fine-1024x683.jpg 1024w, https:\/\/www.autocritica.ro\/wp-content\/uploads\/2026\/02\/PCEE26_0093_fine-300x200.jpg 300w, https:\/\/www.autocritica.ro\/wp-content\/uploads\/2026\/02\/PCEE26_0093_fine-768x512.jpg 768w, https:\/\/www.autocritica.ro\/wp-content\/uploads\/2026\/02\/PCEE26_0093_fine-1536x1024.jpg 1536w, https:\/\/www.autocritica.ro\/wp-content\/uploads\/2026\/02\/PCEE26_0093_fine-1200x800.jpg 1200w, https:\/\/www.autocritica.ro\/wp-content\/uploads\/2026\/02\/PCEE26_0093_fine-1000x666.jpg 1000w, https:\/\/www.autocritica.ro\/wp-content\/uploads\/2026\/02\/PCEE26_0093_fine-2000x1333.jpg 2000w, https:\/\/www.autocritica.ro\/wp-content\/uploads\/2026\/02\/PCEE26_0093_fine.jpg 2048w\" sizes=\"auto, (max-width: 1024px) 100vw, 1024px\" \/><\/a><\/figure>\n\n\n\n<figure class=\"wp-block-image size-large\"><a href=\"https:\/\/www.autocritica.ro\/wp-content\/uploads\/2026\/02\/PCEE26_0094_fine.jpg\" data-lbwps-width=\"2048\" data-lbwps-height=\"1365\" data-lbwps-srcsmall=\"https:\/\/www.autocritica.ro\/wp-content\/uploads\/2026\/02\/PCEE26_0094_fine-300x200.jpg\"><img loading=\"lazy\" decoding=\"async\" width=\"1024\" height=\"683\" data-id=\"270258\" src=\"https:\/\/www.autocritica.ro\/wp-content\/uploads\/2026\/02\/PCEE26_0094_fine-1024x683.jpg\" alt=\"\" class=\"wp-image-270258\" srcset=\"https:\/\/www.autocritica.ro\/wp-content\/uploads\/2026\/02\/PCEE26_0094_fine-1024x683.jpg 1024w, https:\/\/www.autocritica.ro\/wp-content\/uploads\/2026\/02\/PCEE26_0094_fine-300x200.jpg 300w, https:\/\/www.autocritica.ro\/wp-content\/uploads\/2026\/02\/PCEE26_0094_fine-768x512.jpg 768w, https:\/\/www.autocritica.ro\/wp-content\/uploads\/2026\/02\/PCEE26_0094_fine-1536x1024.jpg 1536w, https:\/\/www.autocritica.ro\/wp-content\/uploads\/2026\/02\/PCEE26_0094_fine-1200x800.jpg 1200w, https:\/\/www.autocritica.ro\/wp-content\/uploads\/2026\/02\/PCEE26_0094_fine-1000x666.jpg 1000w, https:\/\/www.autocritica.ro\/wp-content\/uploads\/2026\/02\/PCEE26_0094_fine-2000x1333.jpg 2000w, https:\/\/www.autocritica.ro\/wp-content\/uploads\/2026\/02\/PCEE26_0094_fine.jpg 2048w\" sizes=\"auto, (max-width: 1024px) 100vw, 1024px\" \/><\/a><\/figure>\n<\/figure>\n","protected":false},"author":16,"featured_media":270268,"comment_status":"closed","ping_status":"closed","template":"","meta":{"_acf_changed":false,"footnotes":""},"tags":[3763,902,3280],"class_list":["post-270256","live-news","type-live-news","status-publish","has-post-thumbnail","hentry","tag-cayenne-electric","tag-porsche","tag-transylvania-open"],"acf":[],"yoast_head":"<!-- This site is optimized with the Yoast SEO Premium plugin v27.5 (Yoast SEO v27.5) - https:\/\/yoast.com\/product\/yoast-seo-premium-wordpress\/ -->\n<title>Noul Porsche Cayenne Electric este prezent la Transylvania Open din Cluj-Napoca - Autocritica<\/title>\n<meta name=\"robots\" content=\"index, follow, max-snippet:-1, max-image-preview:large, max-video-preview:-1\" \/>\n<link rel=\"canonical\" href=\"https:\/\/www.autocritica.ro\/en\/live-news\/noul-porsche-cayenne-electric-este-prezent-la-transylvania-open-din-cluj-napoca\/\" \/>\n<meta property=\"og:locale\" content=\"en_US\" \/>\n<meta property=\"og:type\" content=\"article\" \/>\n<meta property=\"og:title\" content=\"Noul Porsche Cayenne Electric este prezent la Transylvania Open din Cluj-Napoca\" \/>\n<meta property=\"og:description\" content=\"\u2022 Porsche este partenerul de mobilitate al turneului de tenis WTA Transylvania Open pentru al \u0219aselea an consecutiv. Evenimentul se desf\u0103\u0219oar\u0103 pe hard\" \/>\n<meta property=\"og:url\" content=\"https:\/\/www.autocritica.ro\/en\/live-news\/noul-porsche-cayenne-electric-este-prezent-la-transylvania-open-din-cluj-napoca\/\" \/>\n<meta property=\"og:site_name\" content=\"Autocritica\" \/>\n<meta property=\"article:publisher\" content=\"https:\/\/www.facebook.com\/autocritica.ro\" \/>\n<meta property=\"article:modified_time\" content=\"2026-02-02T16:54:07+00:00\" \/>\n<meta property=\"og:image\" content=\"https:\/\/www.autocritica.ro\/wp-content\/uploads\/2026\/02\/PCEE26_0086_fine.jpg\" \/>\n\t<meta property=\"og:image:width\" content=\"2048\" \/>\n\t<meta property=\"og:image:height\" content=\"1365\" \/>\n\t<meta property=\"og:image:type\" content=\"image\/jpeg\" \/>\n<meta name=\"twitter:card\" content=\"summary_large_image\" \/>\n<meta name=\"twitter:label1\" content=\"Est. reading time\" \/>\n\t<meta name=\"twitter:data1\" content=\"1 minute\" \/>\n<script type=\"application\/ld+json\" class=\"yoast-schema-graph\">{\"@context\":\"https:\\\/\\\/schema.org\",\"@graph\":[{\"@type\":\"WebPage\",\"@id\":\"https:\\\/\\\/www.autocritica.ro\\\/en\\\/live-news\\\/noul-porsche-cayenne-electric-este-prezent-la-transylvania-open-din-cluj-napoca\\\/\",\"url\":\"https:\\\/\\\/www.autocritica.ro\\\/en\\\/live-news\\\/noul-porsche-cayenne-electric-este-prezent-la-transylvania-open-din-cluj-napoca\\\/\",\"name\":\"Noul Porsche Cayenne Electric este prezent la Transylvania Open din Cluj-Napoca - Autocritica\",\"isPartOf\":{\"@id\":\"https:\\\/\\\/www.autocritica.ro\\\/en\\\/#website\"},\"primaryImageOfPage\":{\"@id\":\"https:\\\/\\\/www.autocritica.ro\\\/en\\\/live-news\\\/noul-porsche-cayenne-electric-este-prezent-la-transylvania-open-din-cluj-napoca\\\/#primaryimage\"},\"image\":{\"@id\":\"https:\\\/\\\/www.autocritica.ro\\\/en\\\/live-news\\\/noul-porsche-cayenne-electric-este-prezent-la-transylvania-open-din-cluj-napoca\\\/#primaryimage\"},\"thumbnailUrl\":\"https:\\\/\\\/www.autocritica.ro\\\/wp-content\\\/uploads\\\/2026\\\/02\\\/PCEE26_0086_fine.jpg\",\"datePublished\":\"2026-02-02T16:53:36+00:00\",\"dateModified\":\"2026-02-02T16:54:07+00:00\",\"breadcrumb\":{\"@id\":\"https:\\\/\\\/www.autocritica.ro\\\/en\\\/live-news\\\/noul-porsche-cayenne-electric-este-prezent-la-transylvania-open-din-cluj-napoca\\\/#breadcrumb\"},\"inLanguage\":\"en-US\",\"potentialAction\":[{\"@type\":\"ReadAction\",\"target\":[\"https:\\\/\\\/www.autocritica.ro\\\/en\\\/live-news\\\/noul-porsche-cayenne-electric-este-prezent-la-transylvania-open-din-cluj-napoca\\\/\"]}]},{\"@type\":\"ImageObject\",\"inLanguage\":\"en-US\",\"@id\":\"https:\\\/\\\/www.autocritica.ro\\\/en\\\/live-news\\\/noul-porsche-cayenne-electric-este-prezent-la-transylvania-open-din-cluj-napoca\\\/#primaryimage\",\"url\":\"https:\\\/\\\/www.autocritica.ro\\\/wp-content\\\/uploads\\\/2026\\\/02\\\/PCEE26_0086_fine.jpg\",\"contentUrl\":\"https:\\\/\\\/www.autocritica.ro\\\/wp-content\\\/uploads\\\/2026\\\/02\\\/PCEE26_0086_fine.jpg\",\"width\":2048,\"height\":1365},{\"@type\":\"BreadcrumbList\",\"@id\":\"https:\\\/\\\/www.autocritica.ro\\\/en\\\/live-news\\\/noul-porsche-cayenne-electric-este-prezent-la-transylvania-open-din-cluj-napoca\\\/#breadcrumb\",\"itemListElement\":[{\"@type\":\"ListItem\",\"position\":1,\"name\":\"Home\",\"item\":\"https:\\\/\\\/www.autocritica.ro\\\/en\\\/\"},{\"@type\":\"ListItem\",\"position\":2,\"name\":\"Live News\",\"item\":\"https:\\\/\\\/www.autocritica.ro\\\/en\\\/live-news\\\/\"},{\"@type\":\"ListItem\",\"position\":3,\"name\":\"Noul Porsche Cayenne Electric este prezent la Transylvania Open din Cluj-Napoca\"}]},{\"@type\":\"WebSite\",\"@id\":\"https:\\\/\\\/www.autocritica.ro\\\/en\\\/#website\",\"url\":\"https:\\\/\\\/www.autocritica.ro\\\/en\\\/\",\"name\":\"Autocritica\",\"description\":\"\",\"publisher\":{\"@id\":\"https:\\\/\\\/www.autocritica.ro\\\/en\\\/#organization\"},\"potentialAction\":[{\"@type\":\"SearchAction\",\"target\":{\"@type\":\"EntryPoint\",\"urlTemplate\":\"https:\\\/\\\/www.autocritica.ro\\\/en\\\/?s={search_term_string}\"},\"query-input\":{\"@type\":\"PropertyValueSpecification\",\"valueRequired\":true,\"valueName\":\"search_term_string\"}}],\"inLanguage\":\"en-US\"},{\"@type\":\"Organization\",\"@id\":\"https:\\\/\\\/www.autocritica.ro\\\/en\\\/#organization\",\"name\":\"Autocritica\",\"url\":\"https:\\\/\\\/www.autocritica.ro\\\/en\\\/\",\"logo\":{\"@type\":\"ImageObject\",\"inLanguage\":\"en-US\",\"@id\":\"https:\\\/\\\/www.autocritica.ro\\\/en\\\/#\\\/schema\\\/logo\\\/image\\\/\",\"url\":\"https:\\\/\\\/www.autocritica.ro\\\/wp-content\\\/uploads\\\/2020\\\/12\\\/logo-negru.png\",\"contentUrl\":\"https:\\\/\\\/www.autocritica.ro\\\/wp-content\\\/uploads\\\/2020\\\/12\\\/logo-negru.png\",\"width\":300,\"height\":102,\"caption\":\"Autocritica\"},\"image\":{\"@id\":\"https:\\\/\\\/www.autocritica.ro\\\/en\\\/#\\\/schema\\\/logo\\\/image\\\/\"},\"sameAs\":[\"https:\\\/\\\/www.facebook.com\\\/autocritica.ro\",\"https:\\\/\\\/www.instagram.com\\\/autocritica.ro\\\/\"]}]}<\/script>\n<!-- \/ Yoast SEO Premium plugin. -->","yoast_head_json":{"title":"Noul Porsche Cayenne Electric este prezent la Transylvania Open din Cluj-Napoca - Autocritica","robots":{"index":"index","follow":"follow","max-snippet":"max-snippet:-1","max-image-preview":"max-image-preview:large","max-video-preview":"max-video-preview:-1"},"canonical":"https:\/\/www.autocritica.ro\/en\/live-news\/noul-porsche-cayenne-electric-este-prezent-la-transylvania-open-din-cluj-napoca\/","og_locale":"en_US","og_type":"article","og_title":"Noul Porsche Cayenne Electric este prezent la Transylvania Open din Cluj-Napoca","og_description":"\u2022 Porsche este partenerul de mobilitate al turneului de tenis WTA Transylvania Open pentru al \u0219aselea an consecutiv. Evenimentul se desf\u0103\u0219oar\u0103 pe hard","og_url":"https:\/\/www.autocritica.ro\/en\/live-news\/noul-porsche-cayenne-electric-este-prezent-la-transylvania-open-din-cluj-napoca\/","og_site_name":"Autocritica","article_publisher":"https:\/\/www.facebook.com\/autocritica.ro","article_modified_time":"2026-02-02T16:54:07+00:00","og_image":[{"width":2048,"height":1365,"url":"https:\/\/www.autocritica.ro\/wp-content\/uploads\/2026\/02\/PCEE26_0086_fine.jpg","type":"image\/jpeg"}],"twitter_card":"summary_large_image","twitter_misc":{"Est. reading time":"1 minute"},"schema":{"@context":"https:\/\/schema.org","@graph":[{"@type":"WebPage","@id":"https:\/\/www.autocritica.ro\/en\/live-news\/noul-porsche-cayenne-electric-este-prezent-la-transylvania-open-din-cluj-napoca\/","url":"https:\/\/www.autocritica.ro\/en\/live-news\/noul-porsche-cayenne-electric-este-prezent-la-transylvania-open-din-cluj-napoca\/","name":"Noul Porsche Cayenne Electric este prezent la Transylvania Open din Cluj-Napoca - Autocritica","isPartOf":{"@id":"https:\/\/www.autocritica.ro\/en\/#website"},"primaryImageOfPage":{"@id":"https:\/\/www.autocritica.ro\/en\/live-news\/noul-porsche-cayenne-electric-este-prezent-la-transylvania-open-din-cluj-napoca\/#primaryimage"},"image":{"@id":"https:\/\/www.autocritica.ro\/en\/live-news\/noul-porsche-cayenne-electric-este-prezent-la-transylvania-open-din-cluj-napoca\/#primaryimage"},"thumbnailUrl":"https:\/\/www.autocritica.ro\/wp-content\/uploads\/2026\/02\/PCEE26_0086_fine.jpg","datePublished":"2026-02-02T16:53:36+00:00","dateModified":"2026-02-02T16:54:07+00:00","breadcrumb":{"@id":"https:\/\/www.autocritica.ro\/en\/live-news\/noul-porsche-cayenne-electric-este-prezent-la-transylvania-open-din-cluj-napoca\/#breadcrumb"},"inLanguage":"en-US","potentialAction":[{"@type":"ReadAction","target":["https:\/\/www.autocritica.ro\/en\/live-news\/noul-porsche-cayenne-electric-este-prezent-la-transylvania-open-din-cluj-napoca\/"]}]},{"@type":"ImageObject","inLanguage":"en-US","@id":"https:\/\/www.autocritica.ro\/en\/live-news\/noul-porsche-cayenne-electric-este-prezent-la-transylvania-open-din-cluj-napoca\/#primaryimage","url":"https:\/\/www.autocritica.ro\/wp-content\/uploads\/2026\/02\/PCEE26_0086_fine.jpg","contentUrl":"https:\/\/www.autocritica.ro\/wp-content\/uploads\/2026\/02\/PCEE26_0086_fine.jpg","width":2048,"height":1365},{"@type":"BreadcrumbList","@id":"https:\/\/www.autocritica.ro\/en\/live-news\/noul-porsche-cayenne-electric-este-prezent-la-transylvania-open-din-cluj-napoca\/#breadcrumb","itemListElement":[{"@type":"ListItem","position":1,"name":"Home","item":"https:\/\/www.autocritica.ro\/en\/"},{"@type":"ListItem","position":2,"name":"Live News","item":"https:\/\/www.autocritica.ro\/en\/live-news\/"},{"@type":"ListItem","position":3,"name":"Noul Porsche Cayenne Electric este prezent la Transylvania Open din Cluj-Napoca"}]},{"@type":"WebSite","@id":"https:\/\/www.autocritica.ro\/en\/#website","url":"https:\/\/www.autocritica.ro\/en\/","name":"Autocritica","description":"","publisher":{"@id":"https:\/\/www.autocritica.ro\/en\/#organization"},"potentialAction":[{"@type":"SearchAction","target":{"@type":"EntryPoint","urlTemplate":"https:\/\/www.autocritica.ro\/en\/?s={search_term_string}"},"query-input":{"@type":"PropertyValueSpecification","valueRequired":true,"valueName":"search_term_string"}}],"inLanguage":"en-US"},{"@type":"Organization","@id":"https:\/\/www.autocritica.ro\/en\/#organization","name":"Autocritica","url":"https:\/\/www.autocritica.ro\/en\/","logo":{"@type":"ImageObject","inLanguage":"en-US","@id":"https:\/\/www.autocritica.ro\/en\/#\/schema\/logo\/image\/","url":"https:\/\/www.autocritica.ro\/wp-content\/uploads\/2020\/12\/logo-negru.png","contentUrl":"https:\/\/www.autocritica.ro\/wp-content\/uploads\/2020\/12\/logo-negru.png","width":300,"height":102,"caption":"Autocritica"},"image":{"@id":"https:\/\/www.autocritica.ro\/en\/#\/schema\/logo\/image\/"},"sameAs":["https:\/\/www.facebook.com\/autocritica.ro","https:\/\/www.instagram.com\/autocritica.ro\/"]}]}},"_links":{"self":[{"href":"https:\/\/www.autocritica.ro\/en\/wp-json\/wp\/v2\/live-news\/270256","targetHints":{"allow":["GET"]}}],"collection":[{"href":"https:\/\/www.autocritica.ro\/en\/wp-json\/wp\/v2\/live-news"}],"about":[{"href":"https:\/\/www.autocritica.ro\/en\/wp-json\/wp\/v2\/types\/live-news"}],"author":[{"embeddable":true,"href":"https:\/\/www.autocritica.ro\/en\/wp-json\/wp\/v2\/users\/16"}],"replies":[{"embeddable":true,"href":"https:\/\/www.autocritica.ro\/en\/wp-json\/wp\/v2\/comments?post=270256"}],"version-history":[{"count":3,"href":"https:\/\/www.autocritica.ro\/en\/wp-json\/wp\/v2\/live-news\/270256\/revisions"}],"predecessor-version":[{"id":270271,"href":"https:\/\/www.autocritica.ro\/en\/wp-json\/wp\/v2\/live-news\/270256\/revisions\/270271"}],"wp:featuredmedia":[{"embeddable":true,"href":"https:\/\/www.autocritica.ro\/en\/wp-json\/wp\/v2\/media\/270268"}],"wp:attachment":[{"href":"https:\/\/www.autocritica.ro\/en\/wp-json\/wp\/v2\/media?parent=270256"}],"wp:term":[{"taxonomy":"post_tag","embeddable":true,"href":"https:\/\/www.autocritica.ro\/en\/wp-json\/wp\/v2\/tags?post=270256"}],"curies":[{"name":"wp","href":"https:\/\/api.w.org\/{rel}","templated":true}]}}