{"id":270229,"date":"2026-02-02T13:18:15","date_gmt":"2026-02-02T10:18:15","guid":{"rendered":"https:\/\/www.autocritica.ro\/?post_type=live-news&#038;p=270229"},"modified":"2026-02-02T13:18:40","modified_gmt":"2026-02-02T10:18:40","slug":"bentley-bentayga-x-concept-cu-v8-si-650-cp","status":"publish","type":"live-news","link":"https:\/\/www.autocritica.ro\/en\/live-news\/bentley-bentayga-x-concept-cu-v8-si-650-cp\/","title":{"rendered":"Bentley Bentayga X: concept cu V8 \u0219i 650 CP"},"content":{"rendered":"\n<p>\u2022 Bentley a prezentat noul concept Bentayga X.<\/p>\n\n\n\n<p>\u2022 Prototipul este bazat pe Bentayga Speed \u0219i a fost conceput pentru a ob\u021bine feedback din partea clien\u021bilor cu privire la o posibil\u0103 variant\u0103 de off-road pentru SUV-ul Bentayga.<\/p>\n\n\n\n<p>\u2022 Conceptul mizeaz\u0103 pe motorul V8 biturbo de 4,0 litri ce dezvolt\u0103 650 CP.<\/p>\n\n\n\n<p>\u2022 Trac\u021biune integral\u0103 \u0219i transmisie automat\u0103 cu 8 trepte.<\/p>\n\n\n\n<p>\u2022 Jante de 22 de inchi create de Brixton \u0219i gard\u0103 la sol m\u0103rit\u0103 cu 55 de milimetri.<\/p>\n\n\n\n<p>\u2022 Via: Bentley<\/p>\n\n\n\n<figure class=\"wp-block-gallery has-nested-images columns-default is-cropped wp-block-gallery-1 is-layout-flex wp-block-gallery-is-layout-flex\">\n<figure class=\"wp-block-image size-large\"><a href=\"https:\/\/www.autocritica.ro\/wp-content\/uploads\/2026\/02\/Bentayga-X-Concept-1.jpg\" data-lbwps-width=\"1773\" data-lbwps-height=\"1182\" data-lbwps-srcsmall=\"https:\/\/www.autocritica.ro\/wp-content\/uploads\/2026\/02\/Bentayga-X-Concept-1-300x200.jpg\"><img loading=\"lazy\" decoding=\"async\" width=\"1024\" height=\"683\" data-id=\"270232\" src=\"https:\/\/www.autocritica.ro\/wp-content\/uploads\/2026\/02\/Bentayga-X-Concept-1-1024x683.jpg\" alt=\"\" class=\"wp-image-270232\" srcset=\"https:\/\/www.autocritica.ro\/wp-content\/uploads\/2026\/02\/Bentayga-X-Concept-1-1024x683.jpg 1024w, https:\/\/www.autocritica.ro\/wp-content\/uploads\/2026\/02\/Bentayga-X-Concept-1-300x200.jpg 300w, https:\/\/www.autocritica.ro\/wp-content\/uploads\/2026\/02\/Bentayga-X-Concept-1-768x512.jpg 768w, https:\/\/www.autocritica.ro\/wp-content\/uploads\/2026\/02\/Bentayga-X-Concept-1-1536x1024.jpg 1536w, https:\/\/www.autocritica.ro\/wp-content\/uploads\/2026\/02\/Bentayga-X-Concept-1-1200x800.jpg 1200w, https:\/\/www.autocritica.ro\/wp-content\/uploads\/2026\/02\/Bentayga-X-Concept-1-1000x666.jpg 1000w, https:\/\/www.autocritica.ro\/wp-content\/uploads\/2026\/02\/Bentayga-X-Concept-1.jpg 1773w\" sizes=\"auto, (max-width: 1024px) 100vw, 1024px\" \/><\/a><\/figure>\n\n\n\n<figure class=\"wp-block-image size-large\"><a href=\"https:\/\/www.autocritica.ro\/wp-content\/uploads\/2026\/02\/Bentayga-X-Concept-2.jpg\" data-lbwps-width=\"1768\" data-lbwps-height=\"1179\" data-lbwps-srcsmall=\"https:\/\/www.autocritica.ro\/wp-content\/uploads\/2026\/02\/Bentayga-X-Concept-2-300x200.jpg\"><img loading=\"lazy\" decoding=\"async\" width=\"1024\" height=\"683\" data-id=\"270240\" src=\"https:\/\/www.autocritica.ro\/wp-content\/uploads\/2026\/02\/Bentayga-X-Concept-2-1024x683.jpg\" alt=\"\" class=\"wp-image-270240\" srcset=\"https:\/\/www.autocritica.ro\/wp-content\/uploads\/2026\/02\/Bentayga-X-Concept-2-1024x683.jpg 1024w, https:\/\/www.autocritica.ro\/wp-content\/uploads\/2026\/02\/Bentayga-X-Concept-2-300x200.jpg 300w, https:\/\/www.autocritica.ro\/wp-content\/uploads\/2026\/02\/Bentayga-X-Concept-2-768x512.jpg 768w, https:\/\/www.autocritica.ro\/wp-content\/uploads\/2026\/02\/Bentayga-X-Concept-2-1536x1024.jpg 1536w, https:\/\/www.autocritica.ro\/wp-content\/uploads\/2026\/02\/Bentayga-X-Concept-2-1200x800.jpg 1200w, https:\/\/www.autocritica.ro\/wp-content\/uploads\/2026\/02\/Bentayga-X-Concept-2-1000x666.jpg 1000w, https:\/\/www.autocritica.ro\/wp-content\/uploads\/2026\/02\/Bentayga-X-Concept-2.jpg 1768w\" sizes=\"auto, (max-width: 1024px) 100vw, 1024px\" \/><\/a><\/figure>\n\n\n\n<figure class=\"wp-block-image size-large\"><a href=\"https:\/\/www.autocritica.ro\/wp-content\/uploads\/2026\/02\/Bentayga-X-Concept-3.jpg\" data-lbwps-width=\"1749\" data-lbwps-height=\"1166\" data-lbwps-srcsmall=\"https:\/\/www.autocritica.ro\/wp-content\/uploads\/2026\/02\/Bentayga-X-Concept-3-300x200.jpg\"><img loading=\"lazy\" decoding=\"async\" width=\"1024\" height=\"683\" data-id=\"270234\" src=\"https:\/\/www.autocritica.ro\/wp-content\/uploads\/2026\/02\/Bentayga-X-Concept-3-1024x683.jpg\" alt=\"\" class=\"wp-image-270234\" srcset=\"https:\/\/www.autocritica.ro\/wp-content\/uploads\/2026\/02\/Bentayga-X-Concept-3-1024x683.jpg 1024w, https:\/\/www.autocritica.ro\/wp-content\/uploads\/2026\/02\/Bentayga-X-Concept-3-300x200.jpg 300w, https:\/\/www.autocritica.ro\/wp-content\/uploads\/2026\/02\/Bentayga-X-Concept-3-768x512.jpg 768w, https:\/\/www.autocritica.ro\/wp-content\/uploads\/2026\/02\/Bentayga-X-Concept-3-1536x1024.jpg 1536w, https:\/\/www.autocritica.ro\/wp-content\/uploads\/2026\/02\/Bentayga-X-Concept-3-1200x800.jpg 1200w, https:\/\/www.autocritica.ro\/wp-content\/uploads\/2026\/02\/Bentayga-X-Concept-3-1000x666.jpg 1000w, https:\/\/www.autocritica.ro\/wp-content\/uploads\/2026\/02\/Bentayga-X-Concept-3.jpg 1749w\" sizes=\"auto, (max-width: 1024px) 100vw, 1024px\" \/><\/a><\/figure>\n\n\n\n<figure class=\"wp-block-image size-large\"><a href=\"https:\/\/www.autocritica.ro\/wp-content\/uploads\/2026\/02\/Bentayga-X-Concept-5.jpg\" data-lbwps-width=\"1806\" data-lbwps-height=\"1204\" data-lbwps-srcsmall=\"https:\/\/www.autocritica.ro\/wp-content\/uploads\/2026\/02\/Bentayga-X-Concept-5-300x200.jpg\"><img loading=\"lazy\" decoding=\"async\" width=\"1024\" height=\"683\" data-id=\"270236\" src=\"https:\/\/www.autocritica.ro\/wp-content\/uploads\/2026\/02\/Bentayga-X-Concept-5-1024x683.jpg\" alt=\"\" class=\"wp-image-270236\" srcset=\"https:\/\/www.autocritica.ro\/wp-content\/uploads\/2026\/02\/Bentayga-X-Concept-5-1024x683.jpg 1024w, https:\/\/www.autocritica.ro\/wp-content\/uploads\/2026\/02\/Bentayga-X-Concept-5-300x200.jpg 300w, https:\/\/www.autocritica.ro\/wp-content\/uploads\/2026\/02\/Bentayga-X-Concept-5-768x512.jpg 768w, https:\/\/www.autocritica.ro\/wp-content\/uploads\/2026\/02\/Bentayga-X-Concept-5-1536x1024.jpg 1536w, https:\/\/www.autocritica.ro\/wp-content\/uploads\/2026\/02\/Bentayga-X-Concept-5-1200x800.jpg 1200w, https:\/\/www.autocritica.ro\/wp-content\/uploads\/2026\/02\/Bentayga-X-Concept-5-1000x666.jpg 1000w, https:\/\/www.autocritica.ro\/wp-content\/uploads\/2026\/02\/Bentayga-X-Concept-5.jpg 1806w\" sizes=\"auto, (max-width: 1024px) 100vw, 1024px\" \/><\/a><\/figure>\n\n\n\n<figure class=\"wp-block-image size-large\"><a href=\"https:\/\/www.autocritica.ro\/wp-content\/uploads\/2026\/02\/Bentayga-X-Concept-6.jpg\" data-lbwps-width=\"1735\" data-lbwps-height=\"1157\" data-lbwps-srcsmall=\"https:\/\/www.autocritica.ro\/wp-content\/uploads\/2026\/02\/Bentayga-X-Concept-6-300x200.jpg\"><img loading=\"lazy\" decoding=\"async\" width=\"1024\" height=\"683\" data-id=\"270231\" src=\"https:\/\/www.autocritica.ro\/wp-content\/uploads\/2026\/02\/Bentayga-X-Concept-6-1024x683.jpg\" alt=\"\" class=\"wp-image-270231\" srcset=\"https:\/\/www.autocritica.ro\/wp-content\/uploads\/2026\/02\/Bentayga-X-Concept-6-1024x683.jpg 1024w, https:\/\/www.autocritica.ro\/wp-content\/uploads\/2026\/02\/Bentayga-X-Concept-6-300x200.jpg 300w, https:\/\/www.autocritica.ro\/wp-content\/uploads\/2026\/02\/Bentayga-X-Concept-6-768x512.jpg 768w, https:\/\/www.autocritica.ro\/wp-content\/uploads\/2026\/02\/Bentayga-X-Concept-6-1536x1024.jpg 1536w, https:\/\/www.autocritica.ro\/wp-content\/uploads\/2026\/02\/Bentayga-X-Concept-6-1200x800.jpg 1200w, https:\/\/www.autocritica.ro\/wp-content\/uploads\/2026\/02\/Bentayga-X-Concept-6-1000x666.jpg 1000w, https:\/\/www.autocritica.ro\/wp-content\/uploads\/2026\/02\/Bentayga-X-Concept-6.jpg 1735w\" sizes=\"auto, (max-width: 1024px) 100vw, 1024px\" \/><\/a><\/figure>\n\n\n\n<figure class=\"wp-block-image size-large\"><a href=\"https:\/\/www.autocritica.ro\/wp-content\/uploads\/2026\/02\/Bentayga-X-Concept-9.jpg\" data-lbwps-width=\"1524\" data-lbwps-height=\"1330\" data-lbwps-srcsmall=\"https:\/\/www.autocritica.ro\/wp-content\/uploads\/2026\/02\/Bentayga-X-Concept-9-300x262.jpg\"><img loading=\"lazy\" decoding=\"async\" width=\"1024\" height=\"894\" data-id=\"270235\" src=\"https:\/\/www.autocritica.ro\/wp-content\/uploads\/2026\/02\/Bentayga-X-Concept-9-1024x894.jpg\" alt=\"\" class=\"wp-image-270235\" srcset=\"https:\/\/www.autocritica.ro\/wp-content\/uploads\/2026\/02\/Bentayga-X-Concept-9-1024x894.jpg 1024w, https:\/\/www.autocritica.ro\/wp-content\/uploads\/2026\/02\/Bentayga-X-Concept-9-300x262.jpg 300w, https:\/\/www.autocritica.ro\/wp-content\/uploads\/2026\/02\/Bentayga-X-Concept-9-768x670.jpg 768w, https:\/\/www.autocritica.ro\/wp-content\/uploads\/2026\/02\/Bentayga-X-Concept-9.jpg 1524w\" sizes=\"auto, (max-width: 1024px) 100vw, 1024px\" \/><\/a><\/figure>\n\n\n\n<figure class=\"wp-block-image size-large\"><a href=\"https:\/\/www.autocritica.ro\/wp-content\/uploads\/2026\/02\/Bentayga-X-Concept-10.jpg\" data-lbwps-width=\"1767\" data-lbwps-height=\"1179\" data-lbwps-srcsmall=\"https:\/\/www.autocritica.ro\/wp-content\/uploads\/2026\/02\/Bentayga-X-Concept-10-300x200.jpg\"><img loading=\"lazy\" decoding=\"async\" width=\"1024\" height=\"683\" data-id=\"270233\" src=\"https:\/\/www.autocritica.ro\/wp-content\/uploads\/2026\/02\/Bentayga-X-Concept-10-1024x683.jpg\" alt=\"\" class=\"wp-image-270233\" srcset=\"https:\/\/www.autocritica.ro\/wp-content\/uploads\/2026\/02\/Bentayga-X-Concept-10-1024x683.jpg 1024w, https:\/\/www.autocritica.ro\/wp-content\/uploads\/2026\/02\/Bentayga-X-Concept-10-300x200.jpg 300w, https:\/\/www.autocritica.ro\/wp-content\/uploads\/2026\/02\/Bentayga-X-Concept-10-768x512.jpg 768w, https:\/\/www.autocritica.ro\/wp-content\/uploads\/2026\/02\/Bentayga-X-Concept-10-1536x1025.jpg 1536w, https:\/\/www.autocritica.ro\/wp-content\/uploads\/2026\/02\/Bentayga-X-Concept-10-1200x800.jpg 1200w, https:\/\/www.autocritica.ro\/wp-content\/uploads\/2026\/02\/Bentayga-X-Concept-10-1000x666.jpg 1000w, https:\/\/www.autocritica.ro\/wp-content\/uploads\/2026\/02\/Bentayga-X-Concept-10.jpg 1767w\" sizes=\"auto, (max-width: 1024px) 100vw, 1024px\" \/><\/a><\/figure>\n<\/figure>\n","protected":false},"author":16,"featured_media":270232,"comment_status":"closed","ping_status":"closed","template":"","meta":{"_acf_changed":false,"footnotes":""},"tags":[6489,6490,977],"class_list":["post-270229","live-news","type-live-news","status-publish","has-post-thumbnail","hentry","tag-bentayga-x","tag-bentayga-x-concept","tag-bentley"],"acf":[],"yoast_head":"<!-- This site is optimized with the Yoast SEO Premium plugin v27.5 (Yoast SEO v27.5) - https:\/\/yoast.com\/product\/yoast-seo-premium-wordpress\/ -->\n<title>Bentley Bentayga X: concept cu V8 \u0219i 650 CP - Autocritica<\/title>\n<meta name=\"robots\" content=\"index, follow, max-snippet:-1, max-image-preview:large, max-video-preview:-1\" \/>\n<link rel=\"canonical\" href=\"https:\/\/www.autocritica.ro\/en\/live-news\/bentley-bentayga-x-concept-cu-v8-si-650-cp\/\" \/>\n<meta property=\"og:locale\" content=\"en_US\" \/>\n<meta property=\"og:type\" content=\"article\" \/>\n<meta property=\"og:title\" content=\"Bentley Bentayga X: concept cu V8 \u0219i 650 CP\" \/>\n<meta property=\"og:description\" content=\"\u2022 Bentley a prezentat noul concept Bentayga X. \u2022 Prototipul este bazat pe Bentayga Speed \u0219i a fost conceput pentru a ob\u021bine feedback din partea clien\u021bilor\" \/>\n<meta property=\"og:url\" content=\"https:\/\/www.autocritica.ro\/en\/live-news\/bentley-bentayga-x-concept-cu-v8-si-650-cp\/\" \/>\n<meta property=\"og:site_name\" content=\"Autocritica\" \/>\n<meta property=\"article:publisher\" content=\"https:\/\/www.facebook.com\/autocritica.ro\" \/>\n<meta property=\"article:modified_time\" content=\"2026-02-02T10:18:40+00:00\" \/>\n<meta property=\"og:image\" content=\"https:\/\/www.autocritica.ro\/wp-content\/uploads\/2026\/02\/Bentayga-X-Concept-1.jpg\" \/>\n\t<meta property=\"og:image:width\" content=\"1773\" \/>\n\t<meta property=\"og:image:height\" content=\"1182\" \/>\n\t<meta property=\"og:image:type\" content=\"image\/jpeg\" \/>\n<meta name=\"twitter:card\" content=\"summary_large_image\" \/>\n<script type=\"application\/ld+json\" class=\"yoast-schema-graph\">{\"@context\":\"https:\\\/\\\/schema.org\",\"@graph\":[{\"@type\":\"WebPage\",\"@id\":\"https:\\\/\\\/www.autocritica.ro\\\/en\\\/live-news\\\/bentley-bentayga-x-concept-cu-v8-si-650-cp\\\/\",\"url\":\"https:\\\/\\\/www.autocritica.ro\\\/en\\\/live-news\\\/bentley-bentayga-x-concept-cu-v8-si-650-cp\\\/\",\"name\":\"Bentley Bentayga X: concept cu V8 \u0219i 650 CP - Autocritica\",\"isPartOf\":{\"@id\":\"https:\\\/\\\/www.autocritica.ro\\\/en\\\/#website\"},\"primaryImageOfPage\":{\"@id\":\"https:\\\/\\\/www.autocritica.ro\\\/en\\\/live-news\\\/bentley-bentayga-x-concept-cu-v8-si-650-cp\\\/#primaryimage\"},\"image\":{\"@id\":\"https:\\\/\\\/www.autocritica.ro\\\/en\\\/live-news\\\/bentley-bentayga-x-concept-cu-v8-si-650-cp\\\/#primaryimage\"},\"thumbnailUrl\":\"https:\\\/\\\/www.autocritica.ro\\\/wp-content\\\/uploads\\\/2026\\\/02\\\/Bentayga-X-Concept-1.jpg\",\"datePublished\":\"2026-02-02T10:18:15+00:00\",\"dateModified\":\"2026-02-02T10:18:40+00:00\",\"breadcrumb\":{\"@id\":\"https:\\\/\\\/www.autocritica.ro\\\/en\\\/live-news\\\/bentley-bentayga-x-concept-cu-v8-si-650-cp\\\/#breadcrumb\"},\"inLanguage\":\"en-US\",\"potentialAction\":[{\"@type\":\"ReadAction\",\"target\":[\"https:\\\/\\\/www.autocritica.ro\\\/en\\\/live-news\\\/bentley-bentayga-x-concept-cu-v8-si-650-cp\\\/\"]}]},{\"@type\":\"ImageObject\",\"inLanguage\":\"en-US\",\"@id\":\"https:\\\/\\\/www.autocritica.ro\\\/en\\\/live-news\\\/bentley-bentayga-x-concept-cu-v8-si-650-cp\\\/#primaryimage\",\"url\":\"https:\\\/\\\/www.autocritica.ro\\\/wp-content\\\/uploads\\\/2026\\\/02\\\/Bentayga-X-Concept-1.jpg\",\"contentUrl\":\"https:\\\/\\\/www.autocritica.ro\\\/wp-content\\\/uploads\\\/2026\\\/02\\\/Bentayga-X-Concept-1.jpg\",\"width\":1773,\"height\":1182},{\"@type\":\"BreadcrumbList\",\"@id\":\"https:\\\/\\\/www.autocritica.ro\\\/en\\\/live-news\\\/bentley-bentayga-x-concept-cu-v8-si-650-cp\\\/#breadcrumb\",\"itemListElement\":[{\"@type\":\"ListItem\",\"position\":1,\"name\":\"Home\",\"item\":\"https:\\\/\\\/www.autocritica.ro\\\/en\\\/\"},{\"@type\":\"ListItem\",\"position\":2,\"name\":\"Live News\",\"item\":\"https:\\\/\\\/www.autocritica.ro\\\/en\\\/live-news\\\/\"},{\"@type\":\"ListItem\",\"position\":3,\"name\":\"Bentley Bentayga X: concept cu V8 \u0219i 650 CP\"}]},{\"@type\":\"WebSite\",\"@id\":\"https:\\\/\\\/www.autocritica.ro\\\/en\\\/#website\",\"url\":\"https:\\\/\\\/www.autocritica.ro\\\/en\\\/\",\"name\":\"Autocritica\",\"description\":\"\",\"publisher\":{\"@id\":\"https:\\\/\\\/www.autocritica.ro\\\/en\\\/#organization\"},\"potentialAction\":[{\"@type\":\"SearchAction\",\"target\":{\"@type\":\"EntryPoint\",\"urlTemplate\":\"https:\\\/\\\/www.autocritica.ro\\\/en\\\/?s={search_term_string}\"},\"query-input\":{\"@type\":\"PropertyValueSpecification\",\"valueRequired\":true,\"valueName\":\"search_term_string\"}}],\"inLanguage\":\"en-US\"},{\"@type\":\"Organization\",\"@id\":\"https:\\\/\\\/www.autocritica.ro\\\/en\\\/#organization\",\"name\":\"Autocritica\",\"url\":\"https:\\\/\\\/www.autocritica.ro\\\/en\\\/\",\"logo\":{\"@type\":\"ImageObject\",\"inLanguage\":\"en-US\",\"@id\":\"https:\\\/\\\/www.autocritica.ro\\\/en\\\/#\\\/schema\\\/logo\\\/image\\\/\",\"url\":\"https:\\\/\\\/www.autocritica.ro\\\/wp-content\\\/uploads\\\/2020\\\/12\\\/logo-negru.png\",\"contentUrl\":\"https:\\\/\\\/www.autocritica.ro\\\/wp-content\\\/uploads\\\/2020\\\/12\\\/logo-negru.png\",\"width\":300,\"height\":102,\"caption\":\"Autocritica\"},\"image\":{\"@id\":\"https:\\\/\\\/www.autocritica.ro\\\/en\\\/#\\\/schema\\\/logo\\\/image\\\/\"},\"sameAs\":[\"https:\\\/\\\/www.facebook.com\\\/autocritica.ro\",\"https:\\\/\\\/www.instagram.com\\\/autocritica.ro\\\/\"]}]}<\/script>\n<!-- \/ Yoast SEO Premium plugin. -->","yoast_head_json":{"title":"Bentley Bentayga X: concept cu V8 \u0219i 650 CP - Autocritica","robots":{"index":"index","follow":"follow","max-snippet":"max-snippet:-1","max-image-preview":"max-image-preview:large","max-video-preview":"max-video-preview:-1"},"canonical":"https:\/\/www.autocritica.ro\/en\/live-news\/bentley-bentayga-x-concept-cu-v8-si-650-cp\/","og_locale":"en_US","og_type":"article","og_title":"Bentley Bentayga X: concept cu V8 \u0219i 650 CP","og_description":"\u2022 Bentley a prezentat noul concept Bentayga X. \u2022 Prototipul este bazat pe Bentayga Speed \u0219i a fost conceput pentru a ob\u021bine feedback din partea clien\u021bilor","og_url":"https:\/\/www.autocritica.ro\/en\/live-news\/bentley-bentayga-x-concept-cu-v8-si-650-cp\/","og_site_name":"Autocritica","article_publisher":"https:\/\/www.facebook.com\/autocritica.ro","article_modified_time":"2026-02-02T10:18:40+00:00","og_image":[{"width":1773,"height":1182,"url":"https:\/\/www.autocritica.ro\/wp-content\/uploads\/2026\/02\/Bentayga-X-Concept-1.jpg","type":"image\/jpeg"}],"twitter_card":"summary_large_image","schema":{"@context":"https:\/\/schema.org","@graph":[{"@type":"WebPage","@id":"https:\/\/www.autocritica.ro\/en\/live-news\/bentley-bentayga-x-concept-cu-v8-si-650-cp\/","url":"https:\/\/www.autocritica.ro\/en\/live-news\/bentley-bentayga-x-concept-cu-v8-si-650-cp\/","name":"Bentley Bentayga X: concept cu V8 \u0219i 650 CP - Autocritica","isPartOf":{"@id":"https:\/\/www.autocritica.ro\/en\/#website"},"primaryImageOfPage":{"@id":"https:\/\/www.autocritica.ro\/en\/live-news\/bentley-bentayga-x-concept-cu-v8-si-650-cp\/#primaryimage"},"image":{"@id":"https:\/\/www.autocritica.ro\/en\/live-news\/bentley-bentayga-x-concept-cu-v8-si-650-cp\/#primaryimage"},"thumbnailUrl":"https:\/\/www.autocritica.ro\/wp-content\/uploads\/2026\/02\/Bentayga-X-Concept-1.jpg","datePublished":"2026-02-02T10:18:15+00:00","dateModified":"2026-02-02T10:18:40+00:00","breadcrumb":{"@id":"https:\/\/www.autocritica.ro\/en\/live-news\/bentley-bentayga-x-concept-cu-v8-si-650-cp\/#breadcrumb"},"inLanguage":"en-US","potentialAction":[{"@type":"ReadAction","target":["https:\/\/www.autocritica.ro\/en\/live-news\/bentley-bentayga-x-concept-cu-v8-si-650-cp\/"]}]},{"@type":"ImageObject","inLanguage":"en-US","@id":"https:\/\/www.autocritica.ro\/en\/live-news\/bentley-bentayga-x-concept-cu-v8-si-650-cp\/#primaryimage","url":"https:\/\/www.autocritica.ro\/wp-content\/uploads\/2026\/02\/Bentayga-X-Concept-1.jpg","contentUrl":"https:\/\/www.autocritica.ro\/wp-content\/uploads\/2026\/02\/Bentayga-X-Concept-1.jpg","width":1773,"height":1182},{"@type":"BreadcrumbList","@id":"https:\/\/www.autocritica.ro\/en\/live-news\/bentley-bentayga-x-concept-cu-v8-si-650-cp\/#breadcrumb","itemListElement":[{"@type":"ListItem","position":1,"name":"Home","item":"https:\/\/www.autocritica.ro\/en\/"},{"@type":"ListItem","position":2,"name":"Live News","item":"https:\/\/www.autocritica.ro\/en\/live-news\/"},{"@type":"ListItem","position":3,"name":"Bentley Bentayga X: concept cu V8 \u0219i 650 CP"}]},{"@type":"WebSite","@id":"https:\/\/www.autocritica.ro\/en\/#website","url":"https:\/\/www.autocritica.ro\/en\/","name":"Autocritica","description":"","publisher":{"@id":"https:\/\/www.autocritica.ro\/en\/#organization"},"potentialAction":[{"@type":"SearchAction","target":{"@type":"EntryPoint","urlTemplate":"https:\/\/www.autocritica.ro\/en\/?s={search_term_string}"},"query-input":{"@type":"PropertyValueSpecification","valueRequired":true,"valueName":"search_term_string"}}],"inLanguage":"en-US"},{"@type":"Organization","@id":"https:\/\/www.autocritica.ro\/en\/#organization","name":"Autocritica","url":"https:\/\/www.autocritica.ro\/en\/","logo":{"@type":"ImageObject","inLanguage":"en-US","@id":"https:\/\/www.autocritica.ro\/en\/#\/schema\/logo\/image\/","url":"https:\/\/www.autocritica.ro\/wp-content\/uploads\/2020\/12\/logo-negru.png","contentUrl":"https:\/\/www.autocritica.ro\/wp-content\/uploads\/2020\/12\/logo-negru.png","width":300,"height":102,"caption":"Autocritica"},"image":{"@id":"https:\/\/www.autocritica.ro\/en\/#\/schema\/logo\/image\/"},"sameAs":["https:\/\/www.facebook.com\/autocritica.ro","https:\/\/www.instagram.com\/autocritica.ro\/"]}]}},"_links":{"self":[{"href":"https:\/\/www.autocritica.ro\/en\/wp-json\/wp\/v2\/live-news\/270229","targetHints":{"allow":["GET"]}}],"collection":[{"href":"https:\/\/www.autocritica.ro\/en\/wp-json\/wp\/v2\/live-news"}],"about":[{"href":"https:\/\/www.autocritica.ro\/en\/wp-json\/wp\/v2\/types\/live-news"}],"author":[{"embeddable":true,"href":"https:\/\/www.autocritica.ro\/en\/wp-json\/wp\/v2\/users\/16"}],"replies":[{"embeddable":true,"href":"https:\/\/www.autocritica.ro\/en\/wp-json\/wp\/v2\/comments?post=270229"}],"version-history":[{"count":3,"href":"https:\/\/www.autocritica.ro\/en\/wp-json\/wp\/v2\/live-news\/270229\/revisions"}],"predecessor-version":[{"id":270243,"href":"https:\/\/www.autocritica.ro\/en\/wp-json\/wp\/v2\/live-news\/270229\/revisions\/270243"}],"wp:featuredmedia":[{"embeddable":true,"href":"https:\/\/www.autocritica.ro\/en\/wp-json\/wp\/v2\/media\/270232"}],"wp:attachment":[{"href":"https:\/\/www.autocritica.ro\/en\/wp-json\/wp\/v2\/media?parent=270229"}],"wp:term":[{"taxonomy":"post_tag","embeddable":true,"href":"https:\/\/www.autocritica.ro\/en\/wp-json\/wp\/v2\/tags?post=270229"}],"curies":[{"name":"wp","href":"https:\/\/api.w.org\/{rel}","templated":true}]}}