{"id":270184,"date":"2026-02-02T12:10:09","date_gmt":"2026-02-02T09:10:09","guid":{"rendered":"https:\/\/www.autocritica.ro\/?post_type=live-news&#038;p=270184"},"modified":"2026-02-02T12:10:33","modified_gmt":"2026-02-02T09:10:33","slug":"inmatricularile-din-romania-335-in-ianuarie","status":"publish","type":"live-news","link":"https:\/\/www.autocritica.ro\/en\/live-news\/inmatricularile-din-romania-335-in-ianuarie\/","title":{"rendered":"\u00cenmatricul\u0103rile din Rom\u00e2nia: -33,5% \u00een ianuarie"},"content":{"rendered":"\n<p>\u2022 \u00cen luna ianuarie, rom\u00e2nii au \u00eenmatriculat 7.927 de ma\u0219ini noi, \u00een sc\u0103dere cu 33,5% comparativ cu perioada similar\u0103 din 2025.<\/p>\n\n\n\n<p>\u2022 Dintre acestea, 974 au fost electrice (-16,3%) \u0219i 4.642 au fost hibrizi (-12,1%).<\/p>\n\n\n\n<p>\u2022&nbsp;Volumul ma\u0219inilor second-hand \u00eenmatriculate pentru prima dat\u0103 \u00een Rom\u00e2nia a fost de 25.985 de unit\u0103\u021bi \u00een ianuarie 2026, \u00een sc\u0103dere cu 5,6 % fa\u021b\u0103 de ianuarie 2025.<\/p>\n\n\n\n<p>\u2022 Topul m\u0103rcilor dup\u0103 num\u0103rul de \u00eenmatricul\u0103ri de ma\u0219ini noi din Rom\u00e2nia \u00een ianuarie 2026:<\/p>\n\n\n\n<p>1. Dacia: 1.442 de unit\u0103\u021bi<\/p>\n\n\n\n<p>2. Toyota: 764<\/p>\n\n\n\n<p>3. Skoda: 690<\/p>\n\n\n\n<p>4. Volkswagen: 621<\/p>\n\n\n\n<p>5. Mercedes: 422<\/p>\n\n\n\n<p>6. Hyundai: 390<\/p>\n\n\n\n<p>7. BMW: 385<\/p>\n\n\n\n<p>8. Ford: 376<\/p>\n\n\n\n<p>9. BYD: 312<\/p>\n\n\n\n<p>10. Renault: 255<\/p>\n\n\n\n<p>\u2022 Totalul \u00eenmatricul\u0103rilor din 2025 a fost de 156.803 unit\u0103\u021bi, cu 3,7% mai mult dec\u00e2t \u00een 2024.<\/p>\n\n\n\n<p>\u2022&nbsp;Via: ACAROM | DRPCIV<\/p>\n","protected":false},"author":16,"featured_media":146077,"comment_status":"closed","ping_status":"closed","template":"","meta":{"_acf_changed":false,"footnotes":""},"tags":[3710,4846],"class_list":["post-270184","live-news","type-live-news","status-publish","has-post-thumbnail","hentry","tag-inmatriculari-ianuarie","tag-inmatricularile-din-romania"],"acf":[],"yoast_head":"<!-- This site is optimized with the Yoast SEO Premium plugin v27.5 (Yoast SEO v27.5) - https:\/\/yoast.com\/product\/yoast-seo-premium-wordpress\/ -->\n<title>\u00cenmatricul\u0103rile din Rom\u00e2nia: -33,5% \u00een ianuarie - Autocritica<\/title>\n<meta name=\"robots\" content=\"index, follow, max-snippet:-1, max-image-preview:large, max-video-preview:-1\" \/>\n<link rel=\"canonical\" href=\"https:\/\/www.autocritica.ro\/en\/live-news\/inmatricularile-din-romania-335-in-ianuarie\/\" \/>\n<meta property=\"og:locale\" content=\"en_US\" \/>\n<meta property=\"og:type\" content=\"article\" \/>\n<meta property=\"og:title\" content=\"\u00cenmatricul\u0103rile din Rom\u00e2nia: -33,5% \u00een ianuarie\" \/>\n<meta property=\"og:description\" content=\"\u2022 \u00cen luna ianuarie, rom\u00e2nii au \u00eenmatriculat 7.927 de ma\u0219ini noi, \u00een sc\u0103dere cu 33,5% comparativ cu perioada similar\u0103 din 2025. \u2022 Dintre acestea, 974 au\" \/>\n<meta property=\"og:url\" content=\"https:\/\/www.autocritica.ro\/en\/live-news\/inmatricularile-din-romania-335-in-ianuarie\/\" \/>\n<meta property=\"og:site_name\" content=\"Autocritica\" \/>\n<meta property=\"article:publisher\" content=\"https:\/\/www.facebook.com\/autocritica.ro\" \/>\n<meta property=\"article:modified_time\" content=\"2026-02-02T09:10:33+00:00\" \/>\n<meta property=\"og:image\" content=\"https:\/\/www.autocritica.ro\/wp-content\/uploads\/2025\/06\/rabla-2025-2000x1333-1.jpg\" \/>\n\t<meta property=\"og:image:width\" content=\"2000\" \/>\n\t<meta property=\"og:image:height\" content=\"1333\" \/>\n\t<meta property=\"og:image:type\" content=\"image\/jpeg\" \/>\n<meta name=\"twitter:card\" content=\"summary_large_image\" \/>\n<meta name=\"twitter:label1\" content=\"Est. reading time\" \/>\n\t<meta name=\"twitter:data1\" content=\"1 minute\" \/>\n<script type=\"application\/ld+json\" class=\"yoast-schema-graph\">{\"@context\":\"https:\\\/\\\/schema.org\",\"@graph\":[{\"@type\":\"WebPage\",\"@id\":\"https:\\\/\\\/www.autocritica.ro\\\/en\\\/live-news\\\/inmatricularile-din-romania-335-in-ianuarie\\\/\",\"url\":\"https:\\\/\\\/www.autocritica.ro\\\/en\\\/live-news\\\/inmatricularile-din-romania-335-in-ianuarie\\\/\",\"name\":\"\u00cenmatricul\u0103rile din Rom\u00e2nia: -33,5% \u00een ianuarie - Autocritica\",\"isPartOf\":{\"@id\":\"https:\\\/\\\/www.autocritica.ro\\\/en\\\/#website\"},\"primaryImageOfPage\":{\"@id\":\"https:\\\/\\\/www.autocritica.ro\\\/en\\\/live-news\\\/inmatricularile-din-romania-335-in-ianuarie\\\/#primaryimage\"},\"image\":{\"@id\":\"https:\\\/\\\/www.autocritica.ro\\\/en\\\/live-news\\\/inmatricularile-din-romania-335-in-ianuarie\\\/#primaryimage\"},\"thumbnailUrl\":\"https:\\\/\\\/www.autocritica.ro\\\/wp-content\\\/uploads\\\/2025\\\/06\\\/rabla-2025-2000x1333-1.jpg\",\"datePublished\":\"2026-02-02T09:10:09+00:00\",\"dateModified\":\"2026-02-02T09:10:33+00:00\",\"breadcrumb\":{\"@id\":\"https:\\\/\\\/www.autocritica.ro\\\/en\\\/live-news\\\/inmatricularile-din-romania-335-in-ianuarie\\\/#breadcrumb\"},\"inLanguage\":\"en-US\",\"potentialAction\":[{\"@type\":\"ReadAction\",\"target\":[\"https:\\\/\\\/www.autocritica.ro\\\/en\\\/live-news\\\/inmatricularile-din-romania-335-in-ianuarie\\\/\"]}]},{\"@type\":\"ImageObject\",\"inLanguage\":\"en-US\",\"@id\":\"https:\\\/\\\/www.autocritica.ro\\\/en\\\/live-news\\\/inmatricularile-din-romania-335-in-ianuarie\\\/#primaryimage\",\"url\":\"https:\\\/\\\/www.autocritica.ro\\\/wp-content\\\/uploads\\\/2025\\\/06\\\/rabla-2025-2000x1333-1.jpg\",\"contentUrl\":\"https:\\\/\\\/www.autocritica.ro\\\/wp-content\\\/uploads\\\/2025\\\/06\\\/rabla-2025-2000x1333-1.jpg\",\"width\":2000,\"height\":1333},{\"@type\":\"BreadcrumbList\",\"@id\":\"https:\\\/\\\/www.autocritica.ro\\\/en\\\/live-news\\\/inmatricularile-din-romania-335-in-ianuarie\\\/#breadcrumb\",\"itemListElement\":[{\"@type\":\"ListItem\",\"position\":1,\"name\":\"Home\",\"item\":\"https:\\\/\\\/www.autocritica.ro\\\/en\\\/\"},{\"@type\":\"ListItem\",\"position\":2,\"name\":\"Live News\",\"item\":\"https:\\\/\\\/www.autocritica.ro\\\/en\\\/live-news\\\/\"},{\"@type\":\"ListItem\",\"position\":3,\"name\":\"\u00cenmatricul\u0103rile din Rom\u00e2nia: -33,5% \u00een ianuarie\"}]},{\"@type\":\"WebSite\",\"@id\":\"https:\\\/\\\/www.autocritica.ro\\\/en\\\/#website\",\"url\":\"https:\\\/\\\/www.autocritica.ro\\\/en\\\/\",\"name\":\"Autocritica\",\"description\":\"\",\"publisher\":{\"@id\":\"https:\\\/\\\/www.autocritica.ro\\\/en\\\/#organization\"},\"potentialAction\":[{\"@type\":\"SearchAction\",\"target\":{\"@type\":\"EntryPoint\",\"urlTemplate\":\"https:\\\/\\\/www.autocritica.ro\\\/en\\\/?s={search_term_string}\"},\"query-input\":{\"@type\":\"PropertyValueSpecification\",\"valueRequired\":true,\"valueName\":\"search_term_string\"}}],\"inLanguage\":\"en-US\"},{\"@type\":\"Organization\",\"@id\":\"https:\\\/\\\/www.autocritica.ro\\\/en\\\/#organization\",\"name\":\"Autocritica\",\"url\":\"https:\\\/\\\/www.autocritica.ro\\\/en\\\/\",\"logo\":{\"@type\":\"ImageObject\",\"inLanguage\":\"en-US\",\"@id\":\"https:\\\/\\\/www.autocritica.ro\\\/en\\\/#\\\/schema\\\/logo\\\/image\\\/\",\"url\":\"https:\\\/\\\/www.autocritica.ro\\\/wp-content\\\/uploads\\\/2020\\\/12\\\/logo-negru.png\",\"contentUrl\":\"https:\\\/\\\/www.autocritica.ro\\\/wp-content\\\/uploads\\\/2020\\\/12\\\/logo-negru.png\",\"width\":300,\"height\":102,\"caption\":\"Autocritica\"},\"image\":{\"@id\":\"https:\\\/\\\/www.autocritica.ro\\\/en\\\/#\\\/schema\\\/logo\\\/image\\\/\"},\"sameAs\":[\"https:\\\/\\\/www.facebook.com\\\/autocritica.ro\",\"https:\\\/\\\/www.instagram.com\\\/autocritica.ro\\\/\"]}]}<\/script>\n<!-- \/ Yoast SEO Premium plugin. -->","yoast_head_json":{"title":"\u00cenmatricul\u0103rile din Rom\u00e2nia: -33,5% \u00een ianuarie - Autocritica","robots":{"index":"index","follow":"follow","max-snippet":"max-snippet:-1","max-image-preview":"max-image-preview:large","max-video-preview":"max-video-preview:-1"},"canonical":"https:\/\/www.autocritica.ro\/en\/live-news\/inmatricularile-din-romania-335-in-ianuarie\/","og_locale":"en_US","og_type":"article","og_title":"\u00cenmatricul\u0103rile din Rom\u00e2nia: -33,5% \u00een ianuarie","og_description":"\u2022 \u00cen luna ianuarie, rom\u00e2nii au \u00eenmatriculat 7.927 de ma\u0219ini noi, \u00een sc\u0103dere cu 33,5% comparativ cu perioada similar\u0103 din 2025. \u2022 Dintre acestea, 974 au","og_url":"https:\/\/www.autocritica.ro\/en\/live-news\/inmatricularile-din-romania-335-in-ianuarie\/","og_site_name":"Autocritica","article_publisher":"https:\/\/www.facebook.com\/autocritica.ro","article_modified_time":"2026-02-02T09:10:33+00:00","og_image":[{"width":2000,"height":1333,"url":"https:\/\/www.autocritica.ro\/wp-content\/uploads\/2025\/06\/rabla-2025-2000x1333-1.jpg","type":"image\/jpeg"}],"twitter_card":"summary_large_image","twitter_misc":{"Est. reading time":"1 minute"},"schema":{"@context":"https:\/\/schema.org","@graph":[{"@type":"WebPage","@id":"https:\/\/www.autocritica.ro\/en\/live-news\/inmatricularile-din-romania-335-in-ianuarie\/","url":"https:\/\/www.autocritica.ro\/en\/live-news\/inmatricularile-din-romania-335-in-ianuarie\/","name":"\u00cenmatricul\u0103rile din Rom\u00e2nia: -33,5% \u00een ianuarie - Autocritica","isPartOf":{"@id":"https:\/\/www.autocritica.ro\/en\/#website"},"primaryImageOfPage":{"@id":"https:\/\/www.autocritica.ro\/en\/live-news\/inmatricularile-din-romania-335-in-ianuarie\/#primaryimage"},"image":{"@id":"https:\/\/www.autocritica.ro\/en\/live-news\/inmatricularile-din-romania-335-in-ianuarie\/#primaryimage"},"thumbnailUrl":"https:\/\/www.autocritica.ro\/wp-content\/uploads\/2025\/06\/rabla-2025-2000x1333-1.jpg","datePublished":"2026-02-02T09:10:09+00:00","dateModified":"2026-02-02T09:10:33+00:00","breadcrumb":{"@id":"https:\/\/www.autocritica.ro\/en\/live-news\/inmatricularile-din-romania-335-in-ianuarie\/#breadcrumb"},"inLanguage":"en-US","potentialAction":[{"@type":"ReadAction","target":["https:\/\/www.autocritica.ro\/en\/live-news\/inmatricularile-din-romania-335-in-ianuarie\/"]}]},{"@type":"ImageObject","inLanguage":"en-US","@id":"https:\/\/www.autocritica.ro\/en\/live-news\/inmatricularile-din-romania-335-in-ianuarie\/#primaryimage","url":"https:\/\/www.autocritica.ro\/wp-content\/uploads\/2025\/06\/rabla-2025-2000x1333-1.jpg","contentUrl":"https:\/\/www.autocritica.ro\/wp-content\/uploads\/2025\/06\/rabla-2025-2000x1333-1.jpg","width":2000,"height":1333},{"@type":"BreadcrumbList","@id":"https:\/\/www.autocritica.ro\/en\/live-news\/inmatricularile-din-romania-335-in-ianuarie\/#breadcrumb","itemListElement":[{"@type":"ListItem","position":1,"name":"Home","item":"https:\/\/www.autocritica.ro\/en\/"},{"@type":"ListItem","position":2,"name":"Live News","item":"https:\/\/www.autocritica.ro\/en\/live-news\/"},{"@type":"ListItem","position":3,"name":"\u00cenmatricul\u0103rile din Rom\u00e2nia: -33,5% \u00een ianuarie"}]},{"@type":"WebSite","@id":"https:\/\/www.autocritica.ro\/en\/#website","url":"https:\/\/www.autocritica.ro\/en\/","name":"Autocritica","description":"","publisher":{"@id":"https:\/\/www.autocritica.ro\/en\/#organization"},"potentialAction":[{"@type":"SearchAction","target":{"@type":"EntryPoint","urlTemplate":"https:\/\/www.autocritica.ro\/en\/?s={search_term_string}"},"query-input":{"@type":"PropertyValueSpecification","valueRequired":true,"valueName":"search_term_string"}}],"inLanguage":"en-US"},{"@type":"Organization","@id":"https:\/\/www.autocritica.ro\/en\/#organization","name":"Autocritica","url":"https:\/\/www.autocritica.ro\/en\/","logo":{"@type":"ImageObject","inLanguage":"en-US","@id":"https:\/\/www.autocritica.ro\/en\/#\/schema\/logo\/image\/","url":"https:\/\/www.autocritica.ro\/wp-content\/uploads\/2020\/12\/logo-negru.png","contentUrl":"https:\/\/www.autocritica.ro\/wp-content\/uploads\/2020\/12\/logo-negru.png","width":300,"height":102,"caption":"Autocritica"},"image":{"@id":"https:\/\/www.autocritica.ro\/en\/#\/schema\/logo\/image\/"},"sameAs":["https:\/\/www.facebook.com\/autocritica.ro","https:\/\/www.instagram.com\/autocritica.ro\/"]}]}},"_links":{"self":[{"href":"https:\/\/www.autocritica.ro\/en\/wp-json\/wp\/v2\/live-news\/270184","targetHints":{"allow":["GET"]}}],"collection":[{"href":"https:\/\/www.autocritica.ro\/en\/wp-json\/wp\/v2\/live-news"}],"about":[{"href":"https:\/\/www.autocritica.ro\/en\/wp-json\/wp\/v2\/types\/live-news"}],"author":[{"embeddable":true,"href":"https:\/\/www.autocritica.ro\/en\/wp-json\/wp\/v2\/users\/16"}],"replies":[{"embeddable":true,"href":"https:\/\/www.autocritica.ro\/en\/wp-json\/wp\/v2\/comments?post=270184"}],"version-history":[{"count":3,"href":"https:\/\/www.autocritica.ro\/en\/wp-json\/wp\/v2\/live-news\/270184\/revisions"}],"predecessor-version":[{"id":270187,"href":"https:\/\/www.autocritica.ro\/en\/wp-json\/wp\/v2\/live-news\/270184\/revisions\/270187"}],"wp:featuredmedia":[{"embeddable":true,"href":"https:\/\/www.autocritica.ro\/en\/wp-json\/wp\/v2\/media\/146077"}],"wp:attachment":[{"href":"https:\/\/www.autocritica.ro\/en\/wp-json\/wp\/v2\/media?parent=270184"}],"wp:term":[{"taxonomy":"post_tag","embeddable":true,"href":"https:\/\/www.autocritica.ro\/en\/wp-json\/wp\/v2\/tags?post=270184"}],"curies":[{"name":"wp","href":"https:\/\/api.w.org\/{rel}","templated":true}]}}