{"id":270080,"date":"2026-01-30T16:32:35","date_gmt":"2026-01-30T13:32:35","guid":{"rendered":"https:\/\/www.autocritica.ro\/?post_type=live-news&#038;p=270080"},"modified":"2026-01-30T16:32:57","modified_gmt":"2026-01-30T13:32:57","slug":"noul-bentley-continental-gt-s-phev-cu-680-cp","status":"publish","type":"live-news","link":"https:\/\/www.autocritica.ro\/en\/live-news\/noul-bentley-continental-gt-s-phev-cu-680-cp\/","title":{"rendered":"Noul Bentley Continental GT S: PHEV cu 680 CP"},"content":{"rendered":"\n<p>\u2022 Bentley a prezentat noile versiuni Continental GT S \u0219i GT Convertible S.<\/p>\n\n\n\n<p>\u2022 Sistemul de propulsie plug-in hybrid este similar cu cel folosit de Porsche pentru Panamera \u0219i Cayenne Turbo.<\/p>\n\n\n\n<p>\u2022&nbsp;Motor V8 de 4,0 litri \u0219i motor electric integrat \u00een carcasa transmisiei cu opt trepte. \u00cen total, sistemul hibrid dezvolt\u0103 680 CP \u0219i 930 Nm (cu 130 CP \u0219i 160 Nm mai mult dec\u00e2t precedenta genera\u021bie Continental GT S).<\/p>\n\n\n\n<p>\u2022 0-100 km\/h \u00een 3,5 secunde. Vitez\u0103 de top: 306 km\/h.<\/p>\n\n\n\n<p>\u2022 Autonomie de 80 de kilometri \u00een modul electric.<\/p>\n\n\n\n<p>\u2022 Via: Bentley<\/p>\n\n\n\n<figure class=\"wp-block-gallery has-nested-images columns-default is-cropped wp-block-gallery-1 is-layout-flex wp-block-gallery-is-layout-flex\">\n<figure class=\"wp-block-image size-large\"><a href=\"https:\/\/www.autocritica.ro\/wp-content\/uploads\/2026\/01\/GT-C-S-1.jpg\" data-lbwps-width=\"1742\" data-lbwps-height=\"1161\" data-lbwps-srcsmall=\"https:\/\/www.autocritica.ro\/wp-content\/uploads\/2026\/01\/GT-C-S-1-300x200.jpg\"><img loading=\"lazy\" decoding=\"async\" width=\"1024\" height=\"682\" data-id=\"270082\" src=\"https:\/\/www.autocritica.ro\/wp-content\/uploads\/2026\/01\/GT-C-S-1-1024x682.jpg\" alt=\"\" class=\"wp-image-270082\" srcset=\"https:\/\/www.autocritica.ro\/wp-content\/uploads\/2026\/01\/GT-C-S-1-1024x682.jpg 1024w, https:\/\/www.autocritica.ro\/wp-content\/uploads\/2026\/01\/GT-C-S-1-300x200.jpg 300w, https:\/\/www.autocritica.ro\/wp-content\/uploads\/2026\/01\/GT-C-S-1-768x512.jpg 768w, https:\/\/www.autocritica.ro\/wp-content\/uploads\/2026\/01\/GT-C-S-1-1536x1024.jpg 1536w, https:\/\/www.autocritica.ro\/wp-content\/uploads\/2026\/01\/GT-C-S-1-1200x800.jpg 1200w, https:\/\/www.autocritica.ro\/wp-content\/uploads\/2026\/01\/GT-C-S-1-1000x666.jpg 1000w, https:\/\/www.autocritica.ro\/wp-content\/uploads\/2026\/01\/GT-C-S-1.jpg 1742w\" sizes=\"auto, (max-width: 1024px) 100vw, 1024px\" \/><\/a><\/figure>\n\n\n\n<figure class=\"wp-block-image size-large\"><a href=\"https:\/\/www.autocritica.ro\/wp-content\/uploads\/2026\/01\/GT-C-S-2.jpg\" data-lbwps-width=\"1578\" data-lbwps-height=\"1051\" data-lbwps-srcsmall=\"https:\/\/www.autocritica.ro\/wp-content\/uploads\/2026\/01\/GT-C-S-2-300x200.jpg\"><img loading=\"lazy\" decoding=\"async\" width=\"1024\" height=\"682\" data-id=\"270093\" src=\"https:\/\/www.autocritica.ro\/wp-content\/uploads\/2026\/01\/GT-C-S-2-1024x682.jpg\" alt=\"\" class=\"wp-image-270093\" srcset=\"https:\/\/www.autocritica.ro\/wp-content\/uploads\/2026\/01\/GT-C-S-2-1024x682.jpg 1024w, https:\/\/www.autocritica.ro\/wp-content\/uploads\/2026\/01\/GT-C-S-2-300x200.jpg 300w, https:\/\/www.autocritica.ro\/wp-content\/uploads\/2026\/01\/GT-C-S-2-768x512.jpg 768w, https:\/\/www.autocritica.ro\/wp-content\/uploads\/2026\/01\/GT-C-S-2-1536x1023.jpg 1536w, https:\/\/www.autocritica.ro\/wp-content\/uploads\/2026\/01\/GT-C-S-2-1200x800.jpg 1200w, https:\/\/www.autocritica.ro\/wp-content\/uploads\/2026\/01\/GT-C-S-2-1000x666.jpg 1000w, https:\/\/www.autocritica.ro\/wp-content\/uploads\/2026\/01\/GT-C-S-2.jpg 1578w\" sizes=\"auto, (max-width: 1024px) 100vw, 1024px\" \/><\/a><\/figure>\n\n\n\n<figure class=\"wp-block-image size-large\"><a href=\"https:\/\/www.autocritica.ro\/wp-content\/uploads\/2026\/01\/GT-C-S-3.jpg\" data-lbwps-width=\"2036\" data-lbwps-height=\"1358\" data-lbwps-srcsmall=\"https:\/\/www.autocritica.ro\/wp-content\/uploads\/2026\/01\/GT-C-S-3-300x200.jpg\"><img loading=\"lazy\" decoding=\"async\" width=\"1024\" height=\"683\" data-id=\"270088\" src=\"https:\/\/www.autocritica.ro\/wp-content\/uploads\/2026\/01\/GT-C-S-3-1024x683.jpg\" alt=\"\" class=\"wp-image-270088\" srcset=\"https:\/\/www.autocritica.ro\/wp-content\/uploads\/2026\/01\/GT-C-S-3-1024x683.jpg 1024w, https:\/\/www.autocritica.ro\/wp-content\/uploads\/2026\/01\/GT-C-S-3-300x200.jpg 300w, https:\/\/www.autocritica.ro\/wp-content\/uploads\/2026\/01\/GT-C-S-3-768x512.jpg 768w, https:\/\/www.autocritica.ro\/wp-content\/uploads\/2026\/01\/GT-C-S-3-1536x1025.jpg 1536w, https:\/\/www.autocritica.ro\/wp-content\/uploads\/2026\/01\/GT-C-S-3-1200x800.jpg 1200w, https:\/\/www.autocritica.ro\/wp-content\/uploads\/2026\/01\/GT-C-S-3-1000x666.jpg 1000w, https:\/\/www.autocritica.ro\/wp-content\/uploads\/2026\/01\/GT-C-S-3-2000x1333.jpg 2000w, https:\/\/www.autocritica.ro\/wp-content\/uploads\/2026\/01\/GT-C-S-3.jpg 2036w\" sizes=\"auto, (max-width: 1024px) 100vw, 1024px\" \/><\/a><\/figure>\n\n\n\n<figure class=\"wp-block-image size-large\"><a href=\"https:\/\/www.autocritica.ro\/wp-content\/uploads\/2026\/01\/GT-C-S-4.jpg\" data-lbwps-width=\"1613\" data-lbwps-height=\"1076\" data-lbwps-srcsmall=\"https:\/\/www.autocritica.ro\/wp-content\/uploads\/2026\/01\/GT-C-S-4-300x200.jpg\"><img loading=\"lazy\" decoding=\"async\" width=\"1024\" height=\"683\" data-id=\"270096\" src=\"https:\/\/www.autocritica.ro\/wp-content\/uploads\/2026\/01\/GT-C-S-4-1024x683.jpg\" alt=\"\" class=\"wp-image-270096\" srcset=\"https:\/\/www.autocritica.ro\/wp-content\/uploads\/2026\/01\/GT-C-S-4-1024x683.jpg 1024w, https:\/\/www.autocritica.ro\/wp-content\/uploads\/2026\/01\/GT-C-S-4-300x200.jpg 300w, https:\/\/www.autocritica.ro\/wp-content\/uploads\/2026\/01\/GT-C-S-4-768x512.jpg 768w, https:\/\/www.autocritica.ro\/wp-content\/uploads\/2026\/01\/GT-C-S-4-1536x1025.jpg 1536w, https:\/\/www.autocritica.ro\/wp-content\/uploads\/2026\/01\/GT-C-S-4-1200x800.jpg 1200w, https:\/\/www.autocritica.ro\/wp-content\/uploads\/2026\/01\/GT-C-S-4-1000x666.jpg 1000w, https:\/\/www.autocritica.ro\/wp-content\/uploads\/2026\/01\/GT-C-S-4.jpg 1613w\" sizes=\"auto, (max-width: 1024px) 100vw, 1024px\" \/><\/a><\/figure>\n\n\n\n<figure class=\"wp-block-image size-large\"><a href=\"https:\/\/www.autocritica.ro\/wp-content\/uploads\/2026\/01\/GT-C-S-5.jpg\" data-lbwps-width=\"1652\" data-lbwps-height=\"1102\" data-lbwps-srcsmall=\"https:\/\/www.autocritica.ro\/wp-content\/uploads\/2026\/01\/GT-C-S-5-300x200.jpg\"><img loading=\"lazy\" decoding=\"async\" width=\"1024\" height=\"683\" data-id=\"270084\" src=\"https:\/\/www.autocritica.ro\/wp-content\/uploads\/2026\/01\/GT-C-S-5-1024x683.jpg\" alt=\"\" class=\"wp-image-270084\" srcset=\"https:\/\/www.autocritica.ro\/wp-content\/uploads\/2026\/01\/GT-C-S-5-1024x683.jpg 1024w, https:\/\/www.autocritica.ro\/wp-content\/uploads\/2026\/01\/GT-C-S-5-300x200.jpg 300w, https:\/\/www.autocritica.ro\/wp-content\/uploads\/2026\/01\/GT-C-S-5-768x512.jpg 768w, https:\/\/www.autocritica.ro\/wp-content\/uploads\/2026\/01\/GT-C-S-5-1536x1025.jpg 1536w, https:\/\/www.autocritica.ro\/wp-content\/uploads\/2026\/01\/GT-C-S-5-1200x800.jpg 1200w, https:\/\/www.autocritica.ro\/wp-content\/uploads\/2026\/01\/GT-C-S-5-1000x666.jpg 1000w, https:\/\/www.autocritica.ro\/wp-content\/uploads\/2026\/01\/GT-C-S-5.jpg 1652w\" sizes=\"auto, (max-width: 1024px) 100vw, 1024px\" \/><\/a><\/figure>\n\n\n\n<figure class=\"wp-block-image size-large\"><a href=\"https:\/\/www.autocritica.ro\/wp-content\/uploads\/2026\/01\/GT-C-S-6.jpg\" data-lbwps-width=\"2116\" data-lbwps-height=\"1411\" data-lbwps-srcsmall=\"https:\/\/www.autocritica.ro\/wp-content\/uploads\/2026\/01\/GT-C-S-6-300x200.jpg\"><img loading=\"lazy\" decoding=\"async\" width=\"1024\" height=\"683\" data-id=\"270102\" src=\"https:\/\/www.autocritica.ro\/wp-content\/uploads\/2026\/01\/GT-C-S-6-1024x683.jpg\" alt=\"\" class=\"wp-image-270102\" srcset=\"https:\/\/www.autocritica.ro\/wp-content\/uploads\/2026\/01\/GT-C-S-6-1024x683.jpg 1024w, https:\/\/www.autocritica.ro\/wp-content\/uploads\/2026\/01\/GT-C-S-6-300x200.jpg 300w, https:\/\/www.autocritica.ro\/wp-content\/uploads\/2026\/01\/GT-C-S-6-768x512.jpg 768w, https:\/\/www.autocritica.ro\/wp-content\/uploads\/2026\/01\/GT-C-S-6-1536x1024.jpg 1536w, https:\/\/www.autocritica.ro\/wp-content\/uploads\/2026\/01\/GT-C-S-6-2048x1366.jpg 2048w, https:\/\/www.autocritica.ro\/wp-content\/uploads\/2026\/01\/GT-C-S-6-1200x800.jpg 1200w, https:\/\/www.autocritica.ro\/wp-content\/uploads\/2026\/01\/GT-C-S-6-1000x666.jpg 1000w, https:\/\/www.autocritica.ro\/wp-content\/uploads\/2026\/01\/GT-C-S-6-2000x1333.jpg 2000w\" sizes=\"auto, (max-width: 1024px) 100vw, 1024px\" \/><\/a><\/figure>\n\n\n\n<figure class=\"wp-block-image size-large\"><a href=\"https:\/\/www.autocritica.ro\/wp-content\/uploads\/2026\/01\/GT-C-S-7.jpg\" data-lbwps-width=\"1576\" data-lbwps-height=\"1051\" data-lbwps-srcsmall=\"https:\/\/www.autocritica.ro\/wp-content\/uploads\/2026\/01\/GT-C-S-7-300x200.jpg\"><img loading=\"lazy\" decoding=\"async\" width=\"1024\" height=\"683\" data-id=\"270085\" src=\"https:\/\/www.autocritica.ro\/wp-content\/uploads\/2026\/01\/GT-C-S-7-1024x683.jpg\" alt=\"\" class=\"wp-image-270085\" srcset=\"https:\/\/www.autocritica.ro\/wp-content\/uploads\/2026\/01\/GT-C-S-7-1024x683.jpg 1024w, https:\/\/www.autocritica.ro\/wp-content\/uploads\/2026\/01\/GT-C-S-7-300x200.jpg 300w, https:\/\/www.autocritica.ro\/wp-content\/uploads\/2026\/01\/GT-C-S-7-768x512.jpg 768w, https:\/\/www.autocritica.ro\/wp-content\/uploads\/2026\/01\/GT-C-S-7-1536x1024.jpg 1536w, https:\/\/www.autocritica.ro\/wp-content\/uploads\/2026\/01\/GT-C-S-7-1200x800.jpg 1200w, https:\/\/www.autocritica.ro\/wp-content\/uploads\/2026\/01\/GT-C-S-7-1000x666.jpg 1000w, https:\/\/www.autocritica.ro\/wp-content\/uploads\/2026\/01\/GT-C-S-7.jpg 1576w\" sizes=\"auto, (max-width: 1024px) 100vw, 1024px\" \/><\/a><\/figure>\n\n\n\n<figure class=\"wp-block-image size-large\"><a href=\"https:\/\/www.autocritica.ro\/wp-content\/uploads\/2026\/01\/GT-C-S-8.jpg\" data-lbwps-width=\"1693\" data-lbwps-height=\"1128\" data-lbwps-srcsmall=\"https:\/\/www.autocritica.ro\/wp-content\/uploads\/2026\/01\/GT-C-S-8-300x200.jpg\"><img loading=\"lazy\" decoding=\"async\" width=\"1024\" height=\"682\" data-id=\"270083\" src=\"https:\/\/www.autocritica.ro\/wp-content\/uploads\/2026\/01\/GT-C-S-8-1024x682.jpg\" alt=\"\" class=\"wp-image-270083\" srcset=\"https:\/\/www.autocritica.ro\/wp-content\/uploads\/2026\/01\/GT-C-S-8-1024x682.jpg 1024w, https:\/\/www.autocritica.ro\/wp-content\/uploads\/2026\/01\/GT-C-S-8-300x200.jpg 300w, https:\/\/www.autocritica.ro\/wp-content\/uploads\/2026\/01\/GT-C-S-8-768x512.jpg 768w, https:\/\/www.autocritica.ro\/wp-content\/uploads\/2026\/01\/GT-C-S-8-1536x1023.jpg 1536w, https:\/\/www.autocritica.ro\/wp-content\/uploads\/2026\/01\/GT-C-S-8-1200x800.jpg 1200w, https:\/\/www.autocritica.ro\/wp-content\/uploads\/2026\/01\/GT-C-S-8-1000x666.jpg 1000w, https:\/\/www.autocritica.ro\/wp-content\/uploads\/2026\/01\/GT-C-S-8.jpg 1693w\" sizes=\"auto, (max-width: 1024px) 100vw, 1024px\" \/><\/a><\/figure>\n\n\n\n<figure class=\"wp-block-image size-large\"><a href=\"https:\/\/www.autocritica.ro\/wp-content\/uploads\/2026\/01\/GT-C-S-9.jpg\" data-lbwps-width=\"1723\" data-lbwps-height=\"1149\" data-lbwps-srcsmall=\"https:\/\/www.autocritica.ro\/wp-content\/uploads\/2026\/01\/GT-C-S-9-300x200.jpg\"><img loading=\"lazy\" decoding=\"async\" width=\"1024\" height=\"683\" data-id=\"270094\" src=\"https:\/\/www.autocritica.ro\/wp-content\/uploads\/2026\/01\/GT-C-S-9-1024x683.jpg\" alt=\"\" class=\"wp-image-270094\" srcset=\"https:\/\/www.autocritica.ro\/wp-content\/uploads\/2026\/01\/GT-C-S-9-1024x683.jpg 1024w, https:\/\/www.autocritica.ro\/wp-content\/uploads\/2026\/01\/GT-C-S-9-300x200.jpg 300w, https:\/\/www.autocritica.ro\/wp-content\/uploads\/2026\/01\/GT-C-S-9-768x512.jpg 768w, https:\/\/www.autocritica.ro\/wp-content\/uploads\/2026\/01\/GT-C-S-9-1536x1024.jpg 1536w, https:\/\/www.autocritica.ro\/wp-content\/uploads\/2026\/01\/GT-C-S-9-1200x800.jpg 1200w, https:\/\/www.autocritica.ro\/wp-content\/uploads\/2026\/01\/GT-C-S-9-1000x666.jpg 1000w, https:\/\/www.autocritica.ro\/wp-content\/uploads\/2026\/01\/GT-C-S-9.jpg 1723w\" sizes=\"auto, (max-width: 1024px) 100vw, 1024px\" \/><\/a><\/figure>\n\n\n\n<figure class=\"wp-block-image size-large\"><a href=\"https:\/\/www.autocritica.ro\/wp-content\/uploads\/2026\/01\/GT-C-S-10.jpg\" data-lbwps-width=\"1728\" data-lbwps-height=\"1152\" data-lbwps-srcsmall=\"https:\/\/www.autocritica.ro\/wp-content\/uploads\/2026\/01\/GT-C-S-10-300x200.jpg\"><img loading=\"lazy\" decoding=\"async\" width=\"1024\" height=\"683\" data-id=\"270098\" src=\"https:\/\/www.autocritica.ro\/wp-content\/uploads\/2026\/01\/GT-C-S-10-1024x683.jpg\" alt=\"\" class=\"wp-image-270098\" srcset=\"https:\/\/www.autocritica.ro\/wp-content\/uploads\/2026\/01\/GT-C-S-10-1024x683.jpg 1024w, https:\/\/www.autocritica.ro\/wp-content\/uploads\/2026\/01\/GT-C-S-10-300x200.jpg 300w, https:\/\/www.autocritica.ro\/wp-content\/uploads\/2026\/01\/GT-C-S-10-768x512.jpg 768w, https:\/\/www.autocritica.ro\/wp-content\/uploads\/2026\/01\/GT-C-S-10-1536x1024.jpg 1536w, https:\/\/www.autocritica.ro\/wp-content\/uploads\/2026\/01\/GT-C-S-10-1200x800.jpg 1200w, https:\/\/www.autocritica.ro\/wp-content\/uploads\/2026\/01\/GT-C-S-10-1000x666.jpg 1000w, https:\/\/www.autocritica.ro\/wp-content\/uploads\/2026\/01\/GT-C-S-10.jpg 1728w\" sizes=\"auto, (max-width: 1024px) 100vw, 1024px\" \/><\/a><\/figure>\n\n\n\n<figure class=\"wp-block-image size-large\"><a href=\"https:\/\/www.autocritica.ro\/wp-content\/uploads\/2026\/01\/GT-C-S-11.jpg\" data-lbwps-width=\"1724\" data-lbwps-height=\"1228\" data-lbwps-srcsmall=\"https:\/\/www.autocritica.ro\/wp-content\/uploads\/2026\/01\/GT-C-S-11-300x214.jpg\"><img loading=\"lazy\" decoding=\"async\" width=\"1024\" height=\"729\" data-id=\"270089\" src=\"https:\/\/www.autocritica.ro\/wp-content\/uploads\/2026\/01\/GT-C-S-11-1024x729.jpg\" alt=\"\" class=\"wp-image-270089\" srcset=\"https:\/\/www.autocritica.ro\/wp-content\/uploads\/2026\/01\/GT-C-S-11-1024x729.jpg 1024w, https:\/\/www.autocritica.ro\/wp-content\/uploads\/2026\/01\/GT-C-S-11-300x214.jpg 300w, https:\/\/www.autocritica.ro\/wp-content\/uploads\/2026\/01\/GT-C-S-11-768x547.jpg 768w, https:\/\/www.autocritica.ro\/wp-content\/uploads\/2026\/01\/GT-C-S-11-1536x1094.jpg 1536w, https:\/\/www.autocritica.ro\/wp-content\/uploads\/2026\/01\/GT-C-S-11.jpg 1724w\" sizes=\"auto, (max-width: 1024px) 100vw, 1024px\" \/><\/a><\/figure>\n\n\n\n<figure class=\"wp-block-image size-large\"><a href=\"https:\/\/www.autocritica.ro\/wp-content\/uploads\/2026\/01\/GT-C-S-12.jpg\" data-lbwps-width=\"1779\" data-lbwps-height=\"1186\" data-lbwps-srcsmall=\"https:\/\/www.autocritica.ro\/wp-content\/uploads\/2026\/01\/GT-C-S-12-300x200.jpg\"><img loading=\"lazy\" decoding=\"async\" width=\"1024\" height=\"683\" data-id=\"270095\" src=\"https:\/\/www.autocritica.ro\/wp-content\/uploads\/2026\/01\/GT-C-S-12-1024x683.jpg\" alt=\"\" class=\"wp-image-270095\" srcset=\"https:\/\/www.autocritica.ro\/wp-content\/uploads\/2026\/01\/GT-C-S-12-1024x683.jpg 1024w, https:\/\/www.autocritica.ro\/wp-content\/uploads\/2026\/01\/GT-C-S-12-300x200.jpg 300w, https:\/\/www.autocritica.ro\/wp-content\/uploads\/2026\/01\/GT-C-S-12-768x512.jpg 768w, https:\/\/www.autocritica.ro\/wp-content\/uploads\/2026\/01\/GT-C-S-12-1536x1024.jpg 1536w, https:\/\/www.autocritica.ro\/wp-content\/uploads\/2026\/01\/GT-C-S-12-1200x800.jpg 1200w, https:\/\/www.autocritica.ro\/wp-content\/uploads\/2026\/01\/GT-C-S-12-1000x666.jpg 1000w, https:\/\/www.autocritica.ro\/wp-content\/uploads\/2026\/01\/GT-C-S-12.jpg 1779w\" sizes=\"auto, (max-width: 1024px) 100vw, 1024px\" \/><\/a><\/figure>\n\n\n\n<figure class=\"wp-block-image size-large\"><a href=\"https:\/\/www.autocritica.ro\/wp-content\/uploads\/2026\/01\/GT-C-S-13.jpg\" data-lbwps-width=\"1603\" data-lbwps-height=\"1069\" data-lbwps-srcsmall=\"https:\/\/www.autocritica.ro\/wp-content\/uploads\/2026\/01\/GT-C-S-13-300x200.jpg\"><img loading=\"lazy\" decoding=\"async\" width=\"1024\" height=\"683\" data-id=\"270086\" src=\"https:\/\/www.autocritica.ro\/wp-content\/uploads\/2026\/01\/GT-C-S-13-1024x683.jpg\" alt=\"\" class=\"wp-image-270086\" srcset=\"https:\/\/www.autocritica.ro\/wp-content\/uploads\/2026\/01\/GT-C-S-13-1024x683.jpg 1024w, https:\/\/www.autocritica.ro\/wp-content\/uploads\/2026\/01\/GT-C-S-13-300x200.jpg 300w, https:\/\/www.autocritica.ro\/wp-content\/uploads\/2026\/01\/GT-C-S-13-768x512.jpg 768w, https:\/\/www.autocritica.ro\/wp-content\/uploads\/2026\/01\/GT-C-S-13-1536x1024.jpg 1536w, https:\/\/www.autocritica.ro\/wp-content\/uploads\/2026\/01\/GT-C-S-13-1200x800.jpg 1200w, https:\/\/www.autocritica.ro\/wp-content\/uploads\/2026\/01\/GT-C-S-13-1000x666.jpg 1000w, https:\/\/www.autocritica.ro\/wp-content\/uploads\/2026\/01\/GT-C-S-13.jpg 1603w\" sizes=\"auto, (max-width: 1024px) 100vw, 1024px\" \/><\/a><\/figure>\n\n\n\n<figure class=\"wp-block-image size-large\"><a href=\"https:\/\/www.autocritica.ro\/wp-content\/uploads\/2026\/01\/GT-C-S-14.jpg\" data-lbwps-width=\"1707\" data-lbwps-height=\"1138\" data-lbwps-srcsmall=\"https:\/\/www.autocritica.ro\/wp-content\/uploads\/2026\/01\/GT-C-S-14-300x200.jpg\"><img loading=\"lazy\" decoding=\"async\" width=\"1024\" height=\"683\" data-id=\"270092\" src=\"https:\/\/www.autocritica.ro\/wp-content\/uploads\/2026\/01\/GT-C-S-14-1024x683.jpg\" alt=\"\" class=\"wp-image-270092\" srcset=\"https:\/\/www.autocritica.ro\/wp-content\/uploads\/2026\/01\/GT-C-S-14-1024x683.jpg 1024w, https:\/\/www.autocritica.ro\/wp-content\/uploads\/2026\/01\/GT-C-S-14-300x200.jpg 300w, https:\/\/www.autocritica.ro\/wp-content\/uploads\/2026\/01\/GT-C-S-14-768x512.jpg 768w, https:\/\/www.autocritica.ro\/wp-content\/uploads\/2026\/01\/GT-C-S-14-1536x1024.jpg 1536w, https:\/\/www.autocritica.ro\/wp-content\/uploads\/2026\/01\/GT-C-S-14-1200x800.jpg 1200w, https:\/\/www.autocritica.ro\/wp-content\/uploads\/2026\/01\/GT-C-S-14-1000x666.jpg 1000w, https:\/\/www.autocritica.ro\/wp-content\/uploads\/2026\/01\/GT-C-S-14.jpg 1707w\" sizes=\"auto, (max-width: 1024px) 100vw, 1024px\" \/><\/a><\/figure>\n\n\n\n<figure class=\"wp-block-image size-large\"><a href=\"https:\/\/www.autocritica.ro\/wp-content\/uploads\/2026\/01\/GT-C-S-15.jpg\" data-lbwps-width=\"2040\" data-lbwps-height=\"1359\" data-lbwps-srcsmall=\"https:\/\/www.autocritica.ro\/wp-content\/uploads\/2026\/01\/GT-C-S-15-300x200.jpg\"><img loading=\"lazy\" decoding=\"async\" width=\"1024\" height=\"682\" data-id=\"270090\" src=\"https:\/\/www.autocritica.ro\/wp-content\/uploads\/2026\/01\/GT-C-S-15-1024x682.jpg\" alt=\"\" class=\"wp-image-270090\" srcset=\"https:\/\/www.autocritica.ro\/wp-content\/uploads\/2026\/01\/GT-C-S-15-1024x682.jpg 1024w, https:\/\/www.autocritica.ro\/wp-content\/uploads\/2026\/01\/GT-C-S-15-300x200.jpg 300w, https:\/\/www.autocritica.ro\/wp-content\/uploads\/2026\/01\/GT-C-S-15-768x512.jpg 768w, https:\/\/www.autocritica.ro\/wp-content\/uploads\/2026\/01\/GT-C-S-15-1536x1023.jpg 1536w, https:\/\/www.autocritica.ro\/wp-content\/uploads\/2026\/01\/GT-C-S-15-1200x800.jpg 1200w, https:\/\/www.autocritica.ro\/wp-content\/uploads\/2026\/01\/GT-C-S-15-1000x666.jpg 1000w, https:\/\/www.autocritica.ro\/wp-content\/uploads\/2026\/01\/GT-C-S-15-2000x1333.jpg 2000w, https:\/\/www.autocritica.ro\/wp-content\/uploads\/2026\/01\/GT-C-S-15.jpg 2040w\" sizes=\"auto, (max-width: 1024px) 100vw, 1024px\" \/><\/a><\/figure>\n\n\n\n<figure class=\"wp-block-image size-large\"><a href=\"https:\/\/www.autocritica.ro\/wp-content\/uploads\/2026\/01\/GT-C-S-16.jpg\" data-lbwps-width=\"2228\" data-lbwps-height=\"1485\" data-lbwps-srcsmall=\"https:\/\/www.autocritica.ro\/wp-content\/uploads\/2026\/01\/GT-C-S-16-300x200.jpg\"><img loading=\"lazy\" decoding=\"async\" width=\"1024\" height=\"683\" data-id=\"270087\" src=\"https:\/\/www.autocritica.ro\/wp-content\/uploads\/2026\/01\/GT-C-S-16-1024x683.jpg\" alt=\"\" class=\"wp-image-270087\" srcset=\"https:\/\/www.autocritica.ro\/wp-content\/uploads\/2026\/01\/GT-C-S-16-1024x683.jpg 1024w, https:\/\/www.autocritica.ro\/wp-content\/uploads\/2026\/01\/GT-C-S-16-300x200.jpg 300w, https:\/\/www.autocritica.ro\/wp-content\/uploads\/2026\/01\/GT-C-S-16-768x512.jpg 768w, https:\/\/www.autocritica.ro\/wp-content\/uploads\/2026\/01\/GT-C-S-16-1536x1024.jpg 1536w, https:\/\/www.autocritica.ro\/wp-content\/uploads\/2026\/01\/GT-C-S-16-2048x1365.jpg 2048w, https:\/\/www.autocritica.ro\/wp-content\/uploads\/2026\/01\/GT-C-S-16-1200x800.jpg 1200w, https:\/\/www.autocritica.ro\/wp-content\/uploads\/2026\/01\/GT-C-S-16-1000x666.jpg 1000w, https:\/\/www.autocritica.ro\/wp-content\/uploads\/2026\/01\/GT-C-S-16-2000x1333.jpg 2000w\" sizes=\"auto, (max-width: 1024px) 100vw, 1024px\" \/><\/a><\/figure>\n<\/figure>\n","protected":false},"author":16,"featured_media":270082,"comment_status":"closed","ping_status":"closed","template":"","meta":{"_acf_changed":false,"footnotes":""},"tags":[977,6488],"class_list":["post-270080","live-news","type-live-news","status-publish","has-post-thumbnail","hentry","tag-bentley","tag-continental-gt-s"],"acf":[],"yoast_head":"<!-- This site is optimized with the Yoast SEO Premium plugin v27.5 (Yoast SEO v27.5) - https:\/\/yoast.com\/product\/yoast-seo-premium-wordpress\/ -->\n<title>Noul Bentley Continental GT S: PHEV cu 680 CP - Autocritica<\/title>\n<meta name=\"robots\" content=\"index, follow, max-snippet:-1, max-image-preview:large, max-video-preview:-1\" \/>\n<link rel=\"canonical\" href=\"https:\/\/www.autocritica.ro\/en\/live-news\/noul-bentley-continental-gt-s-phev-cu-680-cp\/\" \/>\n<meta property=\"og:locale\" content=\"en_US\" \/>\n<meta property=\"og:type\" content=\"article\" \/>\n<meta property=\"og:title\" content=\"Noul Bentley Continental GT S: PHEV cu 680 CP\" \/>\n<meta property=\"og:description\" content=\"\u2022 Bentley a prezentat noile versiuni Continental GT S \u0219i GT Convertible S. \u2022 Sistemul de propulsie plug-in hybrid este similar cu cel folosit de Porsche\" \/>\n<meta property=\"og:url\" content=\"https:\/\/www.autocritica.ro\/en\/live-news\/noul-bentley-continental-gt-s-phev-cu-680-cp\/\" \/>\n<meta property=\"og:site_name\" content=\"Autocritica\" \/>\n<meta property=\"article:publisher\" content=\"https:\/\/www.facebook.com\/autocritica.ro\" \/>\n<meta property=\"article:modified_time\" content=\"2026-01-30T13:32:57+00:00\" \/>\n<meta property=\"og:image\" content=\"https:\/\/www.autocritica.ro\/wp-content\/uploads\/2026\/01\/GT-C-S-1.jpg\" \/>\n\t<meta property=\"og:image:width\" content=\"1742\" \/>\n\t<meta property=\"og:image:height\" content=\"1161\" \/>\n\t<meta property=\"og:image:type\" content=\"image\/jpeg\" \/>\n<meta name=\"twitter:card\" content=\"summary_large_image\" \/>\n<script type=\"application\/ld+json\" class=\"yoast-schema-graph\">{\"@context\":\"https:\\\/\\\/schema.org\",\"@graph\":[{\"@type\":\"WebPage\",\"@id\":\"https:\\\/\\\/www.autocritica.ro\\\/en\\\/live-news\\\/noul-bentley-continental-gt-s-phev-cu-680-cp\\\/\",\"url\":\"https:\\\/\\\/www.autocritica.ro\\\/en\\\/live-news\\\/noul-bentley-continental-gt-s-phev-cu-680-cp\\\/\",\"name\":\"Noul Bentley Continental GT S: PHEV cu 680 CP - Autocritica\",\"isPartOf\":{\"@id\":\"https:\\\/\\\/www.autocritica.ro\\\/en\\\/#website\"},\"primaryImageOfPage\":{\"@id\":\"https:\\\/\\\/www.autocritica.ro\\\/en\\\/live-news\\\/noul-bentley-continental-gt-s-phev-cu-680-cp\\\/#primaryimage\"},\"image\":{\"@id\":\"https:\\\/\\\/www.autocritica.ro\\\/en\\\/live-news\\\/noul-bentley-continental-gt-s-phev-cu-680-cp\\\/#primaryimage\"},\"thumbnailUrl\":\"https:\\\/\\\/www.autocritica.ro\\\/wp-content\\\/uploads\\\/2026\\\/01\\\/GT-C-S-1.jpg\",\"datePublished\":\"2026-01-30T13:32:35+00:00\",\"dateModified\":\"2026-01-30T13:32:57+00:00\",\"breadcrumb\":{\"@id\":\"https:\\\/\\\/www.autocritica.ro\\\/en\\\/live-news\\\/noul-bentley-continental-gt-s-phev-cu-680-cp\\\/#breadcrumb\"},\"inLanguage\":\"en-US\",\"potentialAction\":[{\"@type\":\"ReadAction\",\"target\":[\"https:\\\/\\\/www.autocritica.ro\\\/en\\\/live-news\\\/noul-bentley-continental-gt-s-phev-cu-680-cp\\\/\"]}]},{\"@type\":\"ImageObject\",\"inLanguage\":\"en-US\",\"@id\":\"https:\\\/\\\/www.autocritica.ro\\\/en\\\/live-news\\\/noul-bentley-continental-gt-s-phev-cu-680-cp\\\/#primaryimage\",\"url\":\"https:\\\/\\\/www.autocritica.ro\\\/wp-content\\\/uploads\\\/2026\\\/01\\\/GT-C-S-1.jpg\",\"contentUrl\":\"https:\\\/\\\/www.autocritica.ro\\\/wp-content\\\/uploads\\\/2026\\\/01\\\/GT-C-S-1.jpg\",\"width\":1742,\"height\":1161},{\"@type\":\"BreadcrumbList\",\"@id\":\"https:\\\/\\\/www.autocritica.ro\\\/en\\\/live-news\\\/noul-bentley-continental-gt-s-phev-cu-680-cp\\\/#breadcrumb\",\"itemListElement\":[{\"@type\":\"ListItem\",\"position\":1,\"name\":\"Home\",\"item\":\"https:\\\/\\\/www.autocritica.ro\\\/en\\\/\"},{\"@type\":\"ListItem\",\"position\":2,\"name\":\"Live News\",\"item\":\"https:\\\/\\\/www.autocritica.ro\\\/en\\\/live-news\\\/\"},{\"@type\":\"ListItem\",\"position\":3,\"name\":\"Noul Bentley Continental GT S: PHEV cu 680 CP\"}]},{\"@type\":\"WebSite\",\"@id\":\"https:\\\/\\\/www.autocritica.ro\\\/en\\\/#website\",\"url\":\"https:\\\/\\\/www.autocritica.ro\\\/en\\\/\",\"name\":\"Autocritica\",\"description\":\"\",\"publisher\":{\"@id\":\"https:\\\/\\\/www.autocritica.ro\\\/en\\\/#organization\"},\"potentialAction\":[{\"@type\":\"SearchAction\",\"target\":{\"@type\":\"EntryPoint\",\"urlTemplate\":\"https:\\\/\\\/www.autocritica.ro\\\/en\\\/?s={search_term_string}\"},\"query-input\":{\"@type\":\"PropertyValueSpecification\",\"valueRequired\":true,\"valueName\":\"search_term_string\"}}],\"inLanguage\":\"en-US\"},{\"@type\":\"Organization\",\"@id\":\"https:\\\/\\\/www.autocritica.ro\\\/en\\\/#organization\",\"name\":\"Autocritica\",\"url\":\"https:\\\/\\\/www.autocritica.ro\\\/en\\\/\",\"logo\":{\"@type\":\"ImageObject\",\"inLanguage\":\"en-US\",\"@id\":\"https:\\\/\\\/www.autocritica.ro\\\/en\\\/#\\\/schema\\\/logo\\\/image\\\/\",\"url\":\"https:\\\/\\\/www.autocritica.ro\\\/wp-content\\\/uploads\\\/2020\\\/12\\\/logo-negru.png\",\"contentUrl\":\"https:\\\/\\\/www.autocritica.ro\\\/wp-content\\\/uploads\\\/2020\\\/12\\\/logo-negru.png\",\"width\":300,\"height\":102,\"caption\":\"Autocritica\"},\"image\":{\"@id\":\"https:\\\/\\\/www.autocritica.ro\\\/en\\\/#\\\/schema\\\/logo\\\/image\\\/\"},\"sameAs\":[\"https:\\\/\\\/www.facebook.com\\\/autocritica.ro\",\"https:\\\/\\\/www.instagram.com\\\/autocritica.ro\\\/\"]}]}<\/script>\n<!-- \/ Yoast SEO Premium plugin. -->","yoast_head_json":{"title":"Noul Bentley Continental GT S: PHEV cu 680 CP - Autocritica","robots":{"index":"index","follow":"follow","max-snippet":"max-snippet:-1","max-image-preview":"max-image-preview:large","max-video-preview":"max-video-preview:-1"},"canonical":"https:\/\/www.autocritica.ro\/en\/live-news\/noul-bentley-continental-gt-s-phev-cu-680-cp\/","og_locale":"en_US","og_type":"article","og_title":"Noul Bentley Continental GT S: PHEV cu 680 CP","og_description":"\u2022 Bentley a prezentat noile versiuni Continental GT S \u0219i GT Convertible S. \u2022 Sistemul de propulsie plug-in hybrid este similar cu cel folosit de Porsche","og_url":"https:\/\/www.autocritica.ro\/en\/live-news\/noul-bentley-continental-gt-s-phev-cu-680-cp\/","og_site_name":"Autocritica","article_publisher":"https:\/\/www.facebook.com\/autocritica.ro","article_modified_time":"2026-01-30T13:32:57+00:00","og_image":[{"width":1742,"height":1161,"url":"https:\/\/www.autocritica.ro\/wp-content\/uploads\/2026\/01\/GT-C-S-1.jpg","type":"image\/jpeg"}],"twitter_card":"summary_large_image","schema":{"@context":"https:\/\/schema.org","@graph":[{"@type":"WebPage","@id":"https:\/\/www.autocritica.ro\/en\/live-news\/noul-bentley-continental-gt-s-phev-cu-680-cp\/","url":"https:\/\/www.autocritica.ro\/en\/live-news\/noul-bentley-continental-gt-s-phev-cu-680-cp\/","name":"Noul Bentley Continental GT S: PHEV cu 680 CP - Autocritica","isPartOf":{"@id":"https:\/\/www.autocritica.ro\/en\/#website"},"primaryImageOfPage":{"@id":"https:\/\/www.autocritica.ro\/en\/live-news\/noul-bentley-continental-gt-s-phev-cu-680-cp\/#primaryimage"},"image":{"@id":"https:\/\/www.autocritica.ro\/en\/live-news\/noul-bentley-continental-gt-s-phev-cu-680-cp\/#primaryimage"},"thumbnailUrl":"https:\/\/www.autocritica.ro\/wp-content\/uploads\/2026\/01\/GT-C-S-1.jpg","datePublished":"2026-01-30T13:32:35+00:00","dateModified":"2026-01-30T13:32:57+00:00","breadcrumb":{"@id":"https:\/\/www.autocritica.ro\/en\/live-news\/noul-bentley-continental-gt-s-phev-cu-680-cp\/#breadcrumb"},"inLanguage":"en-US","potentialAction":[{"@type":"ReadAction","target":["https:\/\/www.autocritica.ro\/en\/live-news\/noul-bentley-continental-gt-s-phev-cu-680-cp\/"]}]},{"@type":"ImageObject","inLanguage":"en-US","@id":"https:\/\/www.autocritica.ro\/en\/live-news\/noul-bentley-continental-gt-s-phev-cu-680-cp\/#primaryimage","url":"https:\/\/www.autocritica.ro\/wp-content\/uploads\/2026\/01\/GT-C-S-1.jpg","contentUrl":"https:\/\/www.autocritica.ro\/wp-content\/uploads\/2026\/01\/GT-C-S-1.jpg","width":1742,"height":1161},{"@type":"BreadcrumbList","@id":"https:\/\/www.autocritica.ro\/en\/live-news\/noul-bentley-continental-gt-s-phev-cu-680-cp\/#breadcrumb","itemListElement":[{"@type":"ListItem","position":1,"name":"Home","item":"https:\/\/www.autocritica.ro\/en\/"},{"@type":"ListItem","position":2,"name":"Live News","item":"https:\/\/www.autocritica.ro\/en\/live-news\/"},{"@type":"ListItem","position":3,"name":"Noul Bentley Continental GT S: PHEV cu 680 CP"}]},{"@type":"WebSite","@id":"https:\/\/www.autocritica.ro\/en\/#website","url":"https:\/\/www.autocritica.ro\/en\/","name":"Autocritica","description":"","publisher":{"@id":"https:\/\/www.autocritica.ro\/en\/#organization"},"potentialAction":[{"@type":"SearchAction","target":{"@type":"EntryPoint","urlTemplate":"https:\/\/www.autocritica.ro\/en\/?s={search_term_string}"},"query-input":{"@type":"PropertyValueSpecification","valueRequired":true,"valueName":"search_term_string"}}],"inLanguage":"en-US"},{"@type":"Organization","@id":"https:\/\/www.autocritica.ro\/en\/#organization","name":"Autocritica","url":"https:\/\/www.autocritica.ro\/en\/","logo":{"@type":"ImageObject","inLanguage":"en-US","@id":"https:\/\/www.autocritica.ro\/en\/#\/schema\/logo\/image\/","url":"https:\/\/www.autocritica.ro\/wp-content\/uploads\/2020\/12\/logo-negru.png","contentUrl":"https:\/\/www.autocritica.ro\/wp-content\/uploads\/2020\/12\/logo-negru.png","width":300,"height":102,"caption":"Autocritica"},"image":{"@id":"https:\/\/www.autocritica.ro\/en\/#\/schema\/logo\/image\/"},"sameAs":["https:\/\/www.facebook.com\/autocritica.ro","https:\/\/www.instagram.com\/autocritica.ro\/"]}]}},"_links":{"self":[{"href":"https:\/\/www.autocritica.ro\/en\/wp-json\/wp\/v2\/live-news\/270080","targetHints":{"allow":["GET"]}}],"collection":[{"href":"https:\/\/www.autocritica.ro\/en\/wp-json\/wp\/v2\/live-news"}],"about":[{"href":"https:\/\/www.autocritica.ro\/en\/wp-json\/wp\/v2\/types\/live-news"}],"author":[{"embeddable":true,"href":"https:\/\/www.autocritica.ro\/en\/wp-json\/wp\/v2\/users\/16"}],"replies":[{"embeddable":true,"href":"https:\/\/www.autocritica.ro\/en\/wp-json\/wp\/v2\/comments?post=270080"}],"version-history":[{"count":3,"href":"https:\/\/www.autocritica.ro\/en\/wp-json\/wp\/v2\/live-news\/270080\/revisions"}],"predecessor-version":[{"id":270105,"href":"https:\/\/www.autocritica.ro\/en\/wp-json\/wp\/v2\/live-news\/270080\/revisions\/270105"}],"wp:featuredmedia":[{"embeddable":true,"href":"https:\/\/www.autocritica.ro\/en\/wp-json\/wp\/v2\/media\/270082"}],"wp:attachment":[{"href":"https:\/\/www.autocritica.ro\/en\/wp-json\/wp\/v2\/media?parent=270080"}],"wp:term":[{"taxonomy":"post_tag","embeddable":true,"href":"https:\/\/www.autocritica.ro\/en\/wp-json\/wp\/v2\/tags?post=270080"}],"curies":[{"name":"wp","href":"https:\/\/api.w.org\/{rel}","templated":true}]}}