{"id":269717,"date":"2026-01-29T23:34:15","date_gmt":"2026-01-29T20:34:15","guid":{"rendered":"https:\/\/www.autocritica.ro\/?post_type=live-news&#038;p=269717"},"modified":"2026-01-29T23:34:17","modified_gmt":"2026-01-29T20:34:17","slug":"mercedes-benz-a-prezentat-oficial-noul-clasa-s","status":"publish","type":"live-news","link":"https:\/\/www.autocritica.ro\/en\/live-news\/mercedes-benz-a-prezentat-oficial-noul-clasa-s\/","title":{"rendered":"Mercedes-Benz a prezentat oficial noul Clasa S"},"content":{"rendered":"\n<p>Mercedes-Benz marcheaz\u0103 \u00een 2026 un prag istoric important: aniversarea a 140 de ani de c\u00e2nd Carl Benz a inventat automobilul, \u00een 1886. Pentru a celebra aceast\u0103 mo\u0219tenire, produc\u0103torul german a lansat noua Clas\u0103 S, un model care trece printr-un amplu proces de actualizare.&nbsp;<\/p>\n\n\n\n<p>Peste 50% din componentele modelului, reprezent\u00e2nd aproximativ 2.700 de piese, au fost nou dezvoltate sau reproiectate pentru a integra cele mai recente progrese \u00een domeniul digital \u0219i al ingineriei mecanice. Aceast\u0103 evolu\u021bie nu vizeaz\u0103 doar estetica, ci \u0219i arhitectura electronic\u0103 de baz\u0103, transform\u00e2nd limuzina german\u0103 \u00eentr-un vehicul definit de inteligen\u021b\u0103 artificial\u0103 \u0219i conectivitate permanent\u0103 prin cloud.<\/p>\n\n\n\n<h3 class=\"wp-block-heading\" id=\"h-inova\u021bii-estetice-\u0219i-func\u021bionale-la-exterior\"><strong>Inova\u021bii estetice \u0219i func\u021bionale la exterior<\/strong><\/h3>\n\n\n\n<p>\u2022 Grila radiatorului a fost m\u0103rit\u0103 cu aproximativ 20% \u0219i este acum concentrat\u0103 pe patru bare cromate orizontale \u0219i, \u00een premier\u0103 pentru acest model, un sistem de iluminare integrat.<\/p>\n\n\n\n<p>\u2022 Steaua Mercedes amplasat\u0103 vertical pe capot\u0103 este \u0219i ea disponibil\u0103 op\u021bional \u00een variant\u0103 iluminat\u0103, integr\u00e2ndu-se \u00een noua semn\u0103tur\u0103 luminoas\u0103 a vehiculului.<\/p>\n\n\n\n<p>\u2022 Sistemul de faruri Digital Light de genera\u021bie urm\u0103toare folose\u0219te tehnologie micro-LED, oferind un c\u00e2mp de iluminare de \u00eenalt\u0103 rezolu\u021bie cu 40% mai mare \u0219i func\u021bii de proiec\u021bie pe carosabil, precum avertiz\u0103rile pentru condi\u021bii de \u00eenghe\u021b.<\/p>\n\n\n\n<p>\u2022 Luminile spate au fost \u0219i ele redesenate \u0219i includ trei stele \u00eencadrate de elemente cromate..<\/p>\n\n\n\n<p>\u2022 Jantele de 20 de inchi sunt produse printr-o metod\u0103 inovatoare de turnare sub \u00eenalt\u0103 presiune, care permite realizarea de detalii sculpturale mai precise \u0219i o reducere a masei componentelor din aluminiu.<\/p>\n\n\n\n<h3 class=\"wp-block-heading\" id=\"h-tehnologie-\u0219i-experien\u021ba-digitala-in-habitaclu\"><strong>Tehnologie \u0219i experien\u021b\u0103 digital\u0103 \u00een habitaclu<\/strong><\/h3>\n\n\n\n<p>\u2022 Sistemul multimedia MBUX Superscreen este acum oferit standard, unind ecranul central de 14,4 inchi \u0219i cel pentru pasager de 12,3 inchi sub o singur\u0103 suprafa\u021b\u0103 vitrat\u0103 continu\u0103.<\/p>\n\n\n\n<p>\u2022 Sistemul de operare Mercedes-Benz (MB.OS) ac\u021bioneaz\u0103 ca un supercomputer central, gestion\u00e2nd toate func\u021biile vehiculului, de la infotainment p\u00e2n\u0103 la sistemele de asisten\u021b\u0103 la condus.<\/p>\n\n\n\n<p>\u2022 Asistentul virtual \u201eHey Mercedes\u201d utilizeaz\u0103 inteligen\u021b\u0103 artificial\u0103 generativ\u0103 bazat\u0103 pe ChatGPT-4o, Google Gemini \u0219i Microsoft Bing, permi\u021b\u00e2nd dialoguri fluide \u00een mai multe etape, similare unei conversa\u021bii cu o persoan\u0103 apropiat\u0103. Sistemul beneficiaz\u0103 \u0219i de memorie pe termen scurt, p\u0103str\u00e2nd informa\u021biile dialogurilor anterioare.<\/p>\n\n\n\n<p>\u2022 Naviga\u021bia MBUX Surround ofer\u0103 o reprezentare 3D \u00een timp real a zonei din jurul ma\u0219inii, afi\u0219\u00e2nd ceilal\u021bi participan\u021bi la trafic pe panoul de instrumente al \u0219oferului pentru o mai bun\u0103 orientare.<\/p>\n\n\n\n<p>\u2022 Pasagerii din spate beneficiaz\u0103 de ecrane de 13,1 inchi \u0219i camere HD integrate, care permit participarea la videoconferin\u021be prin Microsoft Teams, Zoom sau Webex \u00een timpul deplas\u0103rii.<\/p>\n\n\n\n<h3 class=\"wp-block-heading\" id=\"h-confort-\u0219i-personalizare-avansata\"><strong>Confort \u0219i personalizare avansat\u0103<\/strong><\/h3>\n\n\n\n<p>\u2022 Programul MANUFAKTUR Made to Measure permite clien\u021bilor s\u0103 aleag\u0103 din peste 150 de culori exterioare \u0219i 400 de op\u021biuni pentru interior, oferind consultan\u021b\u0103 individual\u0103 cu exper\u021bi.<\/p>\n\n\n\n<p>\u2022 Centurile de siguran\u021b\u0103 pentru locurile din fa\u021b\u0103 includ acum func\u021bie de \u00eenc\u0103lzire. Acestea ating p\u00e2n\u0103 la 44\u00b0C pentru a spori confortul \u0219i a \u00eencuraja renun\u021barea la hainele voluminoase care pot afecta siguran\u021ba.<\/p>\n\n\n\n<p>\u2022 Sistemul Digital Vent Control ajusteaz\u0103 automat gurile de ventila\u021bie prin intermediul unor motoare electrice, permi\u021b\u00e2nd memorarea unor profiluri de climatizare personalizate.<\/p>\n\n\n\n<p>\u2022 Habitaclul este dotat cu un nou filtru electric care ionizeaz\u0103 microparticulele (PM2.5) \u0219i reduce mirosurile nepl\u0103cute, re\u00eennoind complet aerul interior la fiecare 90 de secunde.<\/p>\n\n\n\n<h3 class=\"wp-block-heading\" id=\"h-dinamica-\u0219i-sisteme-de-\u0219asiu\"><strong>Dinamic\u0103 \u0219i sisteme de \u0219asiu<\/strong><\/h3>\n\n\n\n<p>\u2022 Direc\u021bia pe puntea spate este standard cu un unghi de 4,5\u00b0, dar Mercedes ofer\u0103 op\u021biunea de a extinde acest unghi la 10\u00b0, ceea ce reduce raza de bracaj cu aproximativ doi metri.<\/p>\n\n\n\n<p>\u2022 Suspensia AIRMATIC (standard) \u0219i sistemul E-ACTIVE BODY CONTROL (op\u021bional) beneficiaz\u0103 de amortizare inteligent\u0103 bazat\u0103 pe date din cloud, preg\u0103tind \u0219asiul pentru denivel\u0103rile drumului detectate anterior de alte vehicule.<\/p>\n\n\n\n<p>\u2022 Siguran\u021ba pasiv\u0103 este suplimentat\u0103 de prin 15 airbaguri \u0219i prin sistemul PRE-SAFE Impulse Side, care poate ridica garda la sol a ma\u0219inii \u00eenainte de un impact lateral pentru a direc\u021biona for\u021bele c\u0103tre zonele mai rigide ale caroseriei.<\/p>\n\n\n\n<h3 class=\"wp-block-heading\" id=\"h-specifica\u021bii-motorizari-\u0219i-date-tehnice\"><strong>Specifica\u021bii motoriz\u0103ri \u0219i date tehnice<\/strong><\/h3>\n\n\n\n<p>Noile motoare disponibile pe Clasa S sunt electrificate \u0219i includ un generator de pornire integrat (ISG) de 17 kW pentru eficien\u021b\u0103 sporit\u0103 \u0219i porniri silen\u021bioase.<\/p>\n\n\n\n<p><strong>Motoriz\u0103ri disponibile:<\/strong><\/p>\n\n\n\n<ul class=\"wp-block-list\">\n<li><strong>S 580 4MATIC (V8):<\/strong> 537 CP, cuplu de 750 Nm<br><\/li>\n\n\n\n<li><strong>S 450 \/ S 500 4MATIC (6 cilindri):<\/strong> 381\/449 CP, cuplu de 600 Nm, cu func\u021bie overboost p\u00e2n\u0103 la 640 Nm.<br><\/li>\n\n\n\n<li><strong>S 450 e \/ S 580 e (Plug-in Hybrid):<\/strong> 435 \/ 585 CP, autonomie electric\u0103 de 100\/117 km, putere total\u0103 crescut\u0103 cu 75 CP fa\u021b\u0103 de versiunile anterioare.<\/li>\n<\/ul>\n\n\n\n<p><strong>Motoare Diesel (6 cilindri \u00een linie):<\/strong><\/p>\n\n\n\n<ul class=\"wp-block-list\">\n<li><strong>S 350 d 4MATIC \/ S 450 d 4MATIC:<\/strong> 313\/367 CP, echipate cu motorul OM 656 Evo \u0219i, pentru prima dat\u0103, cu un catalizator \u00eenc\u0103lzit electric pentru reducerea rapid\u0103 a emisiilor.<\/li>\n<\/ul>\n\n\n\n<h3 class=\"wp-block-heading\" id=\"h-mercedes-benz-s-680-guard-4matic\"><strong>Mercedes-Benz S 680 GUARD 4MATIC<\/strong><\/h3>\n\n\n\n<p>Versiunea blindat\u0103 a lui Clasa S ofer\u0103 cel mai \u00eenalt nivel de protec\u021bie civil\u0103 \u0219i performan\u021be adaptate greut\u0103\u021bii sporite. Este singura versiune Clasa S care p\u0103streaz\u0103 \u00een gam\u0103 un motor V12:<\/p>\n\n\n\n<ul class=\"wp-block-list\">\n<li><strong>Nivel protec\u021bie:<\/strong> VR10 pentru zonele transparente \u0219i opace.<\/li>\n\n\n\n<li><strong>Motorizare:<\/strong> V12 biturbo de 6.0 litri, 612 CP \u0219i 830 Nm.<\/li>\n\n\n\n<li><strong>Dot\u0103ri tehnice:<\/strong> Sistem de stingere a incendiilor, rezerv\u0103 de aer proasp\u0103t (900 litri) \u0219i u\u0219i servoasistate pentru operare f\u0103r\u0103 efort.<\/li>\n<\/ul>\n\n\n\n<figure class=\"wp-block-gallery has-nested-images columns-5 is-cropped wp-block-gallery-1 is-layout-flex wp-block-gallery-is-layout-flex\">\n<figure class=\"wp-block-image size-large\"><a href=\"https:\/\/www.autocritica.ro\/wp-content\/uploads\/2026\/01\/26c0017_002-1.jpg\" data-lbwps-width=\"2496\" data-lbwps-height=\"1664\" data-lbwps-srcsmall=\"https:\/\/www.autocritica.ro\/wp-content\/uploads\/2026\/01\/26c0017_002-1-300x200.jpg\"><img loading=\"lazy\" decoding=\"async\" width=\"1024\" height=\"683\" data-id=\"269775\" src=\"https:\/\/www.autocritica.ro\/wp-content\/uploads\/2026\/01\/26c0017_002-1-1024x683.jpg\" alt=\"\" class=\"wp-image-269775\" srcset=\"https:\/\/www.autocritica.ro\/wp-content\/uploads\/2026\/01\/26c0017_002-1-1024x683.jpg 1024w, https:\/\/www.autocritica.ro\/wp-content\/uploads\/2026\/01\/26c0017_002-1-300x200.jpg 300w, https:\/\/www.autocritica.ro\/wp-content\/uploads\/2026\/01\/26c0017_002-1-768x512.jpg 768w, https:\/\/www.autocritica.ro\/wp-content\/uploads\/2026\/01\/26c0017_002-1-1536x1024.jpg 1536w, https:\/\/www.autocritica.ro\/wp-content\/uploads\/2026\/01\/26c0017_002-1-2048x1365.jpg 2048w, https:\/\/www.autocritica.ro\/wp-content\/uploads\/2026\/01\/26c0017_002-1-1200x800.jpg 1200w, https:\/\/www.autocritica.ro\/wp-content\/uploads\/2026\/01\/26c0017_002-1-1000x666.jpg 1000w, https:\/\/www.autocritica.ro\/wp-content\/uploads\/2026\/01\/26c0017_002-1-2000x1333.jpg 2000w\" sizes=\"auto, (max-width: 1024px) 100vw, 1024px\" \/><\/a><\/figure>\n\n\n\n<figure class=\"wp-block-image size-large\"><a href=\"https:\/\/www.autocritica.ro\/wp-content\/uploads\/2026\/01\/26c0017_003-1.jpg\" data-lbwps-width=\"2518\" data-lbwps-height=\"1679\" data-lbwps-srcsmall=\"https:\/\/www.autocritica.ro\/wp-content\/uploads\/2026\/01\/26c0017_003-1-300x200.jpg\"><img loading=\"lazy\" decoding=\"async\" width=\"1024\" height=\"683\" data-id=\"269777\" src=\"https:\/\/www.autocritica.ro\/wp-content\/uploads\/2026\/01\/26c0017_003-1-1024x683.jpg\" alt=\"\" class=\"wp-image-269777\" srcset=\"https:\/\/www.autocritica.ro\/wp-content\/uploads\/2026\/01\/26c0017_003-1-1024x683.jpg 1024w, https:\/\/www.autocritica.ro\/wp-content\/uploads\/2026\/01\/26c0017_003-1-300x200.jpg 300w, https:\/\/www.autocritica.ro\/wp-content\/uploads\/2026\/01\/26c0017_003-1-768x512.jpg 768w, https:\/\/www.autocritica.ro\/wp-content\/uploads\/2026\/01\/26c0017_003-1-1536x1024.jpg 1536w, https:\/\/www.autocritica.ro\/wp-content\/uploads\/2026\/01\/26c0017_003-1-2048x1366.jpg 2048w, https:\/\/www.autocritica.ro\/wp-content\/uploads\/2026\/01\/26c0017_003-1-1200x800.jpg 1200w, https:\/\/www.autocritica.ro\/wp-content\/uploads\/2026\/01\/26c0017_003-1-1000x666.jpg 1000w, https:\/\/www.autocritica.ro\/wp-content\/uploads\/2026\/01\/26c0017_003-1-2000x1333.jpg 2000w\" sizes=\"auto, (max-width: 1024px) 100vw, 1024px\" \/><\/a><\/figure>\n\n\n\n<figure class=\"wp-block-image size-large\"><a href=\"https:\/\/www.autocritica.ro\/wp-content\/uploads\/2026\/01\/26c0017_004-1.jpg\" data-lbwps-width=\"2568\" data-lbwps-height=\"1712\" data-lbwps-srcsmall=\"https:\/\/www.autocritica.ro\/wp-content\/uploads\/2026\/01\/26c0017_004-1-300x200.jpg\"><img loading=\"lazy\" decoding=\"async\" width=\"1024\" height=\"683\" data-id=\"269779\" src=\"https:\/\/www.autocritica.ro\/wp-content\/uploads\/2026\/01\/26c0017_004-1-1024x683.jpg\" alt=\"\" class=\"wp-image-269779\" srcset=\"https:\/\/www.autocritica.ro\/wp-content\/uploads\/2026\/01\/26c0017_004-1-1024x683.jpg 1024w, https:\/\/www.autocritica.ro\/wp-content\/uploads\/2026\/01\/26c0017_004-1-300x200.jpg 300w, https:\/\/www.autocritica.ro\/wp-content\/uploads\/2026\/01\/26c0017_004-1-768x512.jpg 768w, https:\/\/www.autocritica.ro\/wp-content\/uploads\/2026\/01\/26c0017_004-1-1536x1024.jpg 1536w, https:\/\/www.autocritica.ro\/wp-content\/uploads\/2026\/01\/26c0017_004-1-2048x1365.jpg 2048w, https:\/\/www.autocritica.ro\/wp-content\/uploads\/2026\/01\/26c0017_004-1-1200x800.jpg 1200w, https:\/\/www.autocritica.ro\/wp-content\/uploads\/2026\/01\/26c0017_004-1-1000x666.jpg 1000w, https:\/\/www.autocritica.ro\/wp-content\/uploads\/2026\/01\/26c0017_004-1-2000x1333.jpg 2000w\" sizes=\"auto, (max-width: 1024px) 100vw, 1024px\" \/><\/a><\/figure>\n\n\n\n<figure class=\"wp-block-image size-large\"><a href=\"https:\/\/www.autocritica.ro\/wp-content\/uploads\/2026\/01\/26c0017_005-1.jpg\" data-lbwps-width=\"2531\" data-lbwps-height=\"1688\" data-lbwps-srcsmall=\"https:\/\/www.autocritica.ro\/wp-content\/uploads\/2026\/01\/26c0017_005-1-300x200.jpg\"><img loading=\"lazy\" decoding=\"async\" width=\"1024\" height=\"683\" data-id=\"269781\" src=\"https:\/\/www.autocritica.ro\/wp-content\/uploads\/2026\/01\/26c0017_005-1-1024x683.jpg\" alt=\"\" class=\"wp-image-269781\" srcset=\"https:\/\/www.autocritica.ro\/wp-content\/uploads\/2026\/01\/26c0017_005-1-1024x683.jpg 1024w, https:\/\/www.autocritica.ro\/wp-content\/uploads\/2026\/01\/26c0017_005-1-300x200.jpg 300w, https:\/\/www.autocritica.ro\/wp-content\/uploads\/2026\/01\/26c0017_005-1-768x512.jpg 768w, https:\/\/www.autocritica.ro\/wp-content\/uploads\/2026\/01\/26c0017_005-1-1536x1024.jpg 1536w, https:\/\/www.autocritica.ro\/wp-content\/uploads\/2026\/01\/26c0017_005-1-2048x1366.jpg 2048w, https:\/\/www.autocritica.ro\/wp-content\/uploads\/2026\/01\/26c0017_005-1-1200x800.jpg 1200w, https:\/\/www.autocritica.ro\/wp-content\/uploads\/2026\/01\/26c0017_005-1-1000x666.jpg 1000w, https:\/\/www.autocritica.ro\/wp-content\/uploads\/2026\/01\/26c0017_005-1-2000x1333.jpg 2000w\" sizes=\"auto, (max-width: 1024px) 100vw, 1024px\" \/><\/a><\/figure>\n\n\n\n<figure class=\"wp-block-image size-large\"><a href=\"https:\/\/www.autocritica.ro\/wp-content\/uploads\/2026\/01\/26c0017_006-1.jpg\" data-lbwps-width=\"2454\" data-lbwps-height=\"1636\" data-lbwps-srcsmall=\"https:\/\/www.autocritica.ro\/wp-content\/uploads\/2026\/01\/26c0017_006-1-300x200.jpg\"><img loading=\"lazy\" decoding=\"async\" width=\"1024\" height=\"683\" data-id=\"269783\" src=\"https:\/\/www.autocritica.ro\/wp-content\/uploads\/2026\/01\/26c0017_006-1-1024x683.jpg\" alt=\"\" class=\"wp-image-269783\" srcset=\"https:\/\/www.autocritica.ro\/wp-content\/uploads\/2026\/01\/26c0017_006-1-1024x683.jpg 1024w, https:\/\/www.autocritica.ro\/wp-content\/uploads\/2026\/01\/26c0017_006-1-300x200.jpg 300w, https:\/\/www.autocritica.ro\/wp-content\/uploads\/2026\/01\/26c0017_006-1-768x512.jpg 768w, https:\/\/www.autocritica.ro\/wp-content\/uploads\/2026\/01\/26c0017_006-1-1536x1024.jpg 1536w, https:\/\/www.autocritica.ro\/wp-content\/uploads\/2026\/01\/26c0017_006-1-2048x1365.jpg 2048w, https:\/\/www.autocritica.ro\/wp-content\/uploads\/2026\/01\/26c0017_006-1-1200x800.jpg 1200w, https:\/\/www.autocritica.ro\/wp-content\/uploads\/2026\/01\/26c0017_006-1-1000x666.jpg 1000w, https:\/\/www.autocritica.ro\/wp-content\/uploads\/2026\/01\/26c0017_006-1-2000x1333.jpg 2000w\" sizes=\"auto, (max-width: 1024px) 100vw, 1024px\" \/><\/a><\/figure>\n\n\n\n<figure class=\"wp-block-image size-large\"><a href=\"https:\/\/www.autocritica.ro\/wp-content\/uploads\/2026\/01\/26c0017_007-1.jpg\" data-lbwps-width=\"2143\" data-lbwps-height=\"1429\" data-lbwps-srcsmall=\"https:\/\/www.autocritica.ro\/wp-content\/uploads\/2026\/01\/26c0017_007-1-300x200.jpg\"><img loading=\"lazy\" decoding=\"async\" width=\"1024\" height=\"683\" data-id=\"269785\" src=\"https:\/\/www.autocritica.ro\/wp-content\/uploads\/2026\/01\/26c0017_007-1-1024x683.jpg\" alt=\"\" class=\"wp-image-269785\" srcset=\"https:\/\/www.autocritica.ro\/wp-content\/uploads\/2026\/01\/26c0017_007-1-1024x683.jpg 1024w, https:\/\/www.autocritica.ro\/wp-content\/uploads\/2026\/01\/26c0017_007-1-300x200.jpg 300w, https:\/\/www.autocritica.ro\/wp-content\/uploads\/2026\/01\/26c0017_007-1-768x512.jpg 768w, https:\/\/www.autocritica.ro\/wp-content\/uploads\/2026\/01\/26c0017_007-1-1536x1024.jpg 1536w, https:\/\/www.autocritica.ro\/wp-content\/uploads\/2026\/01\/26c0017_007-1-2048x1366.jpg 2048w, https:\/\/www.autocritica.ro\/wp-content\/uploads\/2026\/01\/26c0017_007-1-1200x800.jpg 1200w, https:\/\/www.autocritica.ro\/wp-content\/uploads\/2026\/01\/26c0017_007-1-1000x666.jpg 1000w, https:\/\/www.autocritica.ro\/wp-content\/uploads\/2026\/01\/26c0017_007-1-2000x1333.jpg 2000w\" sizes=\"auto, (max-width: 1024px) 100vw, 1024px\" \/><\/a><\/figure>\n\n\n\n<figure class=\"wp-block-image size-large\"><a href=\"https:\/\/www.autocritica.ro\/wp-content\/uploads\/2026\/01\/26c0017_008-1.jpg\" data-lbwps-width=\"2144\" data-lbwps-height=\"1429\" data-lbwps-srcsmall=\"https:\/\/www.autocritica.ro\/wp-content\/uploads\/2026\/01\/26c0017_008-1-300x200.jpg\"><img loading=\"lazy\" decoding=\"async\" width=\"1024\" height=\"683\" data-id=\"269787\" src=\"https:\/\/www.autocritica.ro\/wp-content\/uploads\/2026\/01\/26c0017_008-1-1024x683.jpg\" alt=\"\" class=\"wp-image-269787\" srcset=\"https:\/\/www.autocritica.ro\/wp-content\/uploads\/2026\/01\/26c0017_008-1-1024x683.jpg 1024w, https:\/\/www.autocritica.ro\/wp-content\/uploads\/2026\/01\/26c0017_008-1-300x200.jpg 300w, https:\/\/www.autocritica.ro\/wp-content\/uploads\/2026\/01\/26c0017_008-1-768x512.jpg 768w, https:\/\/www.autocritica.ro\/wp-content\/uploads\/2026\/01\/26c0017_008-1-1536x1024.jpg 1536w, https:\/\/www.autocritica.ro\/wp-content\/uploads\/2026\/01\/26c0017_008-1-2048x1365.jpg 2048w, https:\/\/www.autocritica.ro\/wp-content\/uploads\/2026\/01\/26c0017_008-1-1200x800.jpg 1200w, https:\/\/www.autocritica.ro\/wp-content\/uploads\/2026\/01\/26c0017_008-1-1000x666.jpg 1000w, https:\/\/www.autocritica.ro\/wp-content\/uploads\/2026\/01\/26c0017_008-1-2000x1333.jpg 2000w\" sizes=\"auto, (max-width: 1024px) 100vw, 1024px\" \/><\/a><\/figure>\n\n\n\n<figure class=\"wp-block-image size-large\"><a href=\"https:\/\/www.autocritica.ro\/wp-content\/uploads\/2026\/01\/26c0017_009-1.jpg\" data-lbwps-width=\"2185\" data-lbwps-height=\"1429\" data-lbwps-srcsmall=\"https:\/\/www.autocritica.ro\/wp-content\/uploads\/2026\/01\/26c0017_009-1-300x196.jpg\"><img loading=\"lazy\" decoding=\"async\" width=\"1024\" height=\"670\" data-id=\"269789\" src=\"https:\/\/www.autocritica.ro\/wp-content\/uploads\/2026\/01\/26c0017_009-1-1024x670.jpg\" alt=\"\" class=\"wp-image-269789\" srcset=\"https:\/\/www.autocritica.ro\/wp-content\/uploads\/2026\/01\/26c0017_009-1-1024x670.jpg 1024w, https:\/\/www.autocritica.ro\/wp-content\/uploads\/2026\/01\/26c0017_009-1-300x196.jpg 300w, https:\/\/www.autocritica.ro\/wp-content\/uploads\/2026\/01\/26c0017_009-1-768x502.jpg 768w, https:\/\/www.autocritica.ro\/wp-content\/uploads\/2026\/01\/26c0017_009-1-1536x1005.jpg 1536w, https:\/\/www.autocritica.ro\/wp-content\/uploads\/2026\/01\/26c0017_009-1-2048x1339.jpg 2048w\" sizes=\"auto, (max-width: 1024px) 100vw, 1024px\" \/><\/a><\/figure>\n\n\n\n<figure class=\"wp-block-image size-large\"><a href=\"https:\/\/www.autocritica.ro\/wp-content\/uploads\/2026\/01\/26c0017_010-1.jpg\" data-lbwps-width=\"2350\" data-lbwps-height=\"1567\" data-lbwps-srcsmall=\"https:\/\/www.autocritica.ro\/wp-content\/uploads\/2026\/01\/26c0017_010-1-300x200.jpg\"><img loading=\"lazy\" decoding=\"async\" width=\"1024\" height=\"683\" data-id=\"269791\" src=\"https:\/\/www.autocritica.ro\/wp-content\/uploads\/2026\/01\/26c0017_010-1-1024x683.jpg\" alt=\"\" class=\"wp-image-269791\" srcset=\"https:\/\/www.autocritica.ro\/wp-content\/uploads\/2026\/01\/26c0017_010-1-1024x683.jpg 1024w, https:\/\/www.autocritica.ro\/wp-content\/uploads\/2026\/01\/26c0017_010-1-300x200.jpg 300w, https:\/\/www.autocritica.ro\/wp-content\/uploads\/2026\/01\/26c0017_010-1-768x512.jpg 768w, https:\/\/www.autocritica.ro\/wp-content\/uploads\/2026\/01\/26c0017_010-1-1536x1024.jpg 1536w, https:\/\/www.autocritica.ro\/wp-content\/uploads\/2026\/01\/26c0017_010-1-2048x1366.jpg 2048w, https:\/\/www.autocritica.ro\/wp-content\/uploads\/2026\/01\/26c0017_010-1-1200x800.jpg 1200w, https:\/\/www.autocritica.ro\/wp-content\/uploads\/2026\/01\/26c0017_010-1-1000x666.jpg 1000w, https:\/\/www.autocritica.ro\/wp-content\/uploads\/2026\/01\/26c0017_010-1-2000x1333.jpg 2000w\" sizes=\"auto, (max-width: 1024px) 100vw, 1024px\" \/><\/a><\/figure>\n\n\n\n<figure class=\"wp-block-image size-large\"><a href=\"https:\/\/www.autocritica.ro\/wp-content\/uploads\/2026\/01\/26c0017_011-1.jpg\" data-lbwps-width=\"2361\" data-lbwps-height=\"1574\" data-lbwps-srcsmall=\"https:\/\/www.autocritica.ro\/wp-content\/uploads\/2026\/01\/26c0017_011-1-300x200.jpg\"><img loading=\"lazy\" decoding=\"async\" width=\"1024\" height=\"683\" data-id=\"269793\" src=\"https:\/\/www.autocritica.ro\/wp-content\/uploads\/2026\/01\/26c0017_011-1-1024x683.jpg\" alt=\"\" class=\"wp-image-269793\" srcset=\"https:\/\/www.autocritica.ro\/wp-content\/uploads\/2026\/01\/26c0017_011-1-1024x683.jpg 1024w, https:\/\/www.autocritica.ro\/wp-content\/uploads\/2026\/01\/26c0017_011-1-300x200.jpg 300w, https:\/\/www.autocritica.ro\/wp-content\/uploads\/2026\/01\/26c0017_011-1-768x512.jpg 768w, https:\/\/www.autocritica.ro\/wp-content\/uploads\/2026\/01\/26c0017_011-1-1536x1024.jpg 1536w, https:\/\/www.autocritica.ro\/wp-content\/uploads\/2026\/01\/26c0017_011-1-2048x1365.jpg 2048w, https:\/\/www.autocritica.ro\/wp-content\/uploads\/2026\/01\/26c0017_011-1-1200x800.jpg 1200w, https:\/\/www.autocritica.ro\/wp-content\/uploads\/2026\/01\/26c0017_011-1-1000x666.jpg 1000w, https:\/\/www.autocritica.ro\/wp-content\/uploads\/2026\/01\/26c0017_011-1-2000x1333.jpg 2000w\" sizes=\"auto, (max-width: 1024px) 100vw, 1024px\" \/><\/a><\/figure>\n\n\n\n<figure class=\"wp-block-image size-large\"><a href=\"https:\/\/www.autocritica.ro\/wp-content\/uploads\/2026\/01\/26c0017_012-1.jpg\" data-lbwps-width=\"2420\" data-lbwps-height=\"1613\" data-lbwps-srcsmall=\"https:\/\/www.autocritica.ro\/wp-content\/uploads\/2026\/01\/26c0017_012-1-300x200.jpg\"><img loading=\"lazy\" decoding=\"async\" width=\"1024\" height=\"683\" data-id=\"269795\" src=\"https:\/\/www.autocritica.ro\/wp-content\/uploads\/2026\/01\/26c0017_012-1-1024x683.jpg\" alt=\"\" class=\"wp-image-269795\" srcset=\"https:\/\/www.autocritica.ro\/wp-content\/uploads\/2026\/01\/26c0017_012-1-1024x683.jpg 1024w, https:\/\/www.autocritica.ro\/wp-content\/uploads\/2026\/01\/26c0017_012-1-300x200.jpg 300w, https:\/\/www.autocritica.ro\/wp-content\/uploads\/2026\/01\/26c0017_012-1-768x512.jpg 768w, https:\/\/www.autocritica.ro\/wp-content\/uploads\/2026\/01\/26c0017_012-1-1536x1024.jpg 1536w, https:\/\/www.autocritica.ro\/wp-content\/uploads\/2026\/01\/26c0017_012-1-2048x1365.jpg 2048w, https:\/\/www.autocritica.ro\/wp-content\/uploads\/2026\/01\/26c0017_012-1-1200x800.jpg 1200w, https:\/\/www.autocritica.ro\/wp-content\/uploads\/2026\/01\/26c0017_012-1-1000x666.jpg 1000w, https:\/\/www.autocritica.ro\/wp-content\/uploads\/2026\/01\/26c0017_012-1-2000x1333.jpg 2000w\" sizes=\"auto, (max-width: 1024px) 100vw, 1024px\" \/><\/a><\/figure>\n\n\n\n<figure class=\"wp-block-image size-large\"><a href=\"https:\/\/www.autocritica.ro\/wp-content\/uploads\/2026\/01\/26c0017_013-1.jpg\" data-lbwps-width=\"2655\" data-lbwps-height=\"1770\" data-lbwps-srcsmall=\"https:\/\/www.autocritica.ro\/wp-content\/uploads\/2026\/01\/26c0017_013-1-300x200.jpg\"><img loading=\"lazy\" decoding=\"async\" width=\"1024\" height=\"683\" data-id=\"269797\" src=\"https:\/\/www.autocritica.ro\/wp-content\/uploads\/2026\/01\/26c0017_013-1-1024x683.jpg\" alt=\"\" class=\"wp-image-269797\" srcset=\"https:\/\/www.autocritica.ro\/wp-content\/uploads\/2026\/01\/26c0017_013-1-1024x683.jpg 1024w, https:\/\/www.autocritica.ro\/wp-content\/uploads\/2026\/01\/26c0017_013-1-300x200.jpg 300w, https:\/\/www.autocritica.ro\/wp-content\/uploads\/2026\/01\/26c0017_013-1-768x512.jpg 768w, https:\/\/www.autocritica.ro\/wp-content\/uploads\/2026\/01\/26c0017_013-1-1536x1024.jpg 1536w, https:\/\/www.autocritica.ro\/wp-content\/uploads\/2026\/01\/26c0017_013-1-2048x1365.jpg 2048w, https:\/\/www.autocritica.ro\/wp-content\/uploads\/2026\/01\/26c0017_013-1-1200x800.jpg 1200w, https:\/\/www.autocritica.ro\/wp-content\/uploads\/2026\/01\/26c0017_013-1-1000x666.jpg 1000w, https:\/\/www.autocritica.ro\/wp-content\/uploads\/2026\/01\/26c0017_013-1-2000x1333.jpg 2000w\" sizes=\"auto, (max-width: 1024px) 100vw, 1024px\" \/><\/a><\/figure>\n\n\n\n<figure class=\"wp-block-image size-large\"><a href=\"https:\/\/www.autocritica.ro\/wp-content\/uploads\/2026\/01\/26c0017_014-1.jpg\" data-lbwps-width=\"2954\" data-lbwps-height=\"1969\" data-lbwps-srcsmall=\"https:\/\/www.autocritica.ro\/wp-content\/uploads\/2026\/01\/26c0017_014-1-300x200.jpg\"><img loading=\"lazy\" decoding=\"async\" width=\"1024\" height=\"683\" data-id=\"269799\" src=\"https:\/\/www.autocritica.ro\/wp-content\/uploads\/2026\/01\/26c0017_014-1-1024x683.jpg\" alt=\"\" class=\"wp-image-269799\" srcset=\"https:\/\/www.autocritica.ro\/wp-content\/uploads\/2026\/01\/26c0017_014-1-1024x683.jpg 1024w, https:\/\/www.autocritica.ro\/wp-content\/uploads\/2026\/01\/26c0017_014-1-300x200.jpg 300w, https:\/\/www.autocritica.ro\/wp-content\/uploads\/2026\/01\/26c0017_014-1-768x512.jpg 768w, https:\/\/www.autocritica.ro\/wp-content\/uploads\/2026\/01\/26c0017_014-1-1536x1024.jpg 1536w, https:\/\/www.autocritica.ro\/wp-content\/uploads\/2026\/01\/26c0017_014-1-2048x1365.jpg 2048w, https:\/\/www.autocritica.ro\/wp-content\/uploads\/2026\/01\/26c0017_014-1-1200x800.jpg 1200w, https:\/\/www.autocritica.ro\/wp-content\/uploads\/2026\/01\/26c0017_014-1-1000x666.jpg 1000w, https:\/\/www.autocritica.ro\/wp-content\/uploads\/2026\/01\/26c0017_014-1-2000x1333.jpg 2000w\" sizes=\"auto, (max-width: 1024px) 100vw, 1024px\" \/><\/a><\/figure>\n\n\n\n<figure class=\"wp-block-image size-large\"><a href=\"https:\/\/www.autocritica.ro\/wp-content\/uploads\/2026\/01\/26c0017_015-1.jpg\" data-lbwps-width=\"2449\" data-lbwps-height=\"1633\" data-lbwps-srcsmall=\"https:\/\/www.autocritica.ro\/wp-content\/uploads\/2026\/01\/26c0017_015-1-300x200.jpg\"><img loading=\"lazy\" decoding=\"async\" width=\"1024\" height=\"683\" data-id=\"269801\" src=\"https:\/\/www.autocritica.ro\/wp-content\/uploads\/2026\/01\/26c0017_015-1-1024x683.jpg\" alt=\"\" class=\"wp-image-269801\" srcset=\"https:\/\/www.autocritica.ro\/wp-content\/uploads\/2026\/01\/26c0017_015-1-1024x683.jpg 1024w, https:\/\/www.autocritica.ro\/wp-content\/uploads\/2026\/01\/26c0017_015-1-300x200.jpg 300w, https:\/\/www.autocritica.ro\/wp-content\/uploads\/2026\/01\/26c0017_015-1-768x512.jpg 768w, https:\/\/www.autocritica.ro\/wp-content\/uploads\/2026\/01\/26c0017_015-1-1536x1024.jpg 1536w, https:\/\/www.autocritica.ro\/wp-content\/uploads\/2026\/01\/26c0017_015-1-2048x1366.jpg 2048w, https:\/\/www.autocritica.ro\/wp-content\/uploads\/2026\/01\/26c0017_015-1-1200x800.jpg 1200w, https:\/\/www.autocritica.ro\/wp-content\/uploads\/2026\/01\/26c0017_015-1-1000x666.jpg 1000w, https:\/\/www.autocritica.ro\/wp-content\/uploads\/2026\/01\/26c0017_015-1-2000x1333.jpg 2000w\" sizes=\"auto, (max-width: 1024px) 100vw, 1024px\" \/><\/a><\/figure>\n\n\n\n<figure class=\"wp-block-image size-large\"><a href=\"https:\/\/www.autocritica.ro\/wp-content\/uploads\/2026\/01\/26c0017_016-1.jpg\" data-lbwps-width=\"2429\" data-lbwps-height=\"1619\" data-lbwps-srcsmall=\"https:\/\/www.autocritica.ro\/wp-content\/uploads\/2026\/01\/26c0017_016-1-300x200.jpg\"><img loading=\"lazy\" decoding=\"async\" width=\"1024\" height=\"683\" data-id=\"269803\" src=\"https:\/\/www.autocritica.ro\/wp-content\/uploads\/2026\/01\/26c0017_016-1-1024x683.jpg\" alt=\"\" class=\"wp-image-269803\" srcset=\"https:\/\/www.autocritica.ro\/wp-content\/uploads\/2026\/01\/26c0017_016-1-1024x683.jpg 1024w, https:\/\/www.autocritica.ro\/wp-content\/uploads\/2026\/01\/26c0017_016-1-300x200.jpg 300w, https:\/\/www.autocritica.ro\/wp-content\/uploads\/2026\/01\/26c0017_016-1-768x512.jpg 768w, https:\/\/www.autocritica.ro\/wp-content\/uploads\/2026\/01\/26c0017_016-1-1536x1024.jpg 1536w, https:\/\/www.autocritica.ro\/wp-content\/uploads\/2026\/01\/26c0017_016-1-2048x1365.jpg 2048w, https:\/\/www.autocritica.ro\/wp-content\/uploads\/2026\/01\/26c0017_016-1-1200x800.jpg 1200w, https:\/\/www.autocritica.ro\/wp-content\/uploads\/2026\/01\/26c0017_016-1-1000x666.jpg 1000w, https:\/\/www.autocritica.ro\/wp-content\/uploads\/2026\/01\/26c0017_016-1-2000x1333.jpg 2000w\" sizes=\"auto, (max-width: 1024px) 100vw, 1024px\" \/><\/a><\/figure>\n\n\n\n<figure class=\"wp-block-image size-large\"><a href=\"https:\/\/www.autocritica.ro\/wp-content\/uploads\/2026\/01\/26c0017_017-1.jpg\" data-lbwps-width=\"1858\" data-lbwps-height=\"1239\" data-lbwps-srcsmall=\"https:\/\/www.autocritica.ro\/wp-content\/uploads\/2026\/01\/26c0017_017-1-300x200.jpg\"><img loading=\"lazy\" decoding=\"async\" width=\"1024\" height=\"683\" data-id=\"269805\" src=\"https:\/\/www.autocritica.ro\/wp-content\/uploads\/2026\/01\/26c0017_017-1-1024x683.jpg\" alt=\"\" class=\"wp-image-269805\" srcset=\"https:\/\/www.autocritica.ro\/wp-content\/uploads\/2026\/01\/26c0017_017-1-1024x683.jpg 1024w, https:\/\/www.autocritica.ro\/wp-content\/uploads\/2026\/01\/26c0017_017-1-300x200.jpg 300w, https:\/\/www.autocritica.ro\/wp-content\/uploads\/2026\/01\/26c0017_017-1-768x512.jpg 768w, https:\/\/www.autocritica.ro\/wp-content\/uploads\/2026\/01\/26c0017_017-1-1536x1024.jpg 1536w, https:\/\/www.autocritica.ro\/wp-content\/uploads\/2026\/01\/26c0017_017-1-1200x800.jpg 1200w, https:\/\/www.autocritica.ro\/wp-content\/uploads\/2026\/01\/26c0017_017-1-1000x666.jpg 1000w, https:\/\/www.autocritica.ro\/wp-content\/uploads\/2026\/01\/26c0017_017-1.jpg 1858w\" sizes=\"auto, (max-width: 1024px) 100vw, 1024px\" \/><\/a><\/figure>\n\n\n\n<figure class=\"wp-block-image size-large\"><a href=\"https:\/\/www.autocritica.ro\/wp-content\/uploads\/2026\/01\/26c0017_018-1.jpg\" data-lbwps-width=\"2097\" data-lbwps-height=\"1398\" data-lbwps-srcsmall=\"https:\/\/www.autocritica.ro\/wp-content\/uploads\/2026\/01\/26c0017_018-1-300x200.jpg\"><img loading=\"lazy\" decoding=\"async\" width=\"1024\" height=\"683\" data-id=\"269807\" src=\"https:\/\/www.autocritica.ro\/wp-content\/uploads\/2026\/01\/26c0017_018-1-1024x683.jpg\" alt=\"\" class=\"wp-image-269807\" srcset=\"https:\/\/www.autocritica.ro\/wp-content\/uploads\/2026\/01\/26c0017_018-1-1024x683.jpg 1024w, https:\/\/www.autocritica.ro\/wp-content\/uploads\/2026\/01\/26c0017_018-1-300x200.jpg 300w, https:\/\/www.autocritica.ro\/wp-content\/uploads\/2026\/01\/26c0017_018-1-768x512.jpg 768w, https:\/\/www.autocritica.ro\/wp-content\/uploads\/2026\/01\/26c0017_018-1-1536x1024.jpg 1536w, https:\/\/www.autocritica.ro\/wp-content\/uploads\/2026\/01\/26c0017_018-1-2048x1365.jpg 2048w, https:\/\/www.autocritica.ro\/wp-content\/uploads\/2026\/01\/26c0017_018-1-1200x800.jpg 1200w, https:\/\/www.autocritica.ro\/wp-content\/uploads\/2026\/01\/26c0017_018-1-1000x666.jpg 1000w, https:\/\/www.autocritica.ro\/wp-content\/uploads\/2026\/01\/26c0017_018-1-2000x1333.jpg 2000w\" sizes=\"auto, (max-width: 1024px) 100vw, 1024px\" \/><\/a><\/figure>\n\n\n\n<figure class=\"wp-block-image size-large\"><a href=\"https:\/\/www.autocritica.ro\/wp-content\/uploads\/2026\/01\/26c0017_019-1.jpg\" data-lbwps-width=\"2167\" data-lbwps-height=\"1445\" data-lbwps-srcsmall=\"https:\/\/www.autocritica.ro\/wp-content\/uploads\/2026\/01\/26c0017_019-1-300x200.jpg\"><img loading=\"lazy\" decoding=\"async\" width=\"1024\" height=\"683\" data-id=\"269809\" src=\"https:\/\/www.autocritica.ro\/wp-content\/uploads\/2026\/01\/26c0017_019-1-1024x683.jpg\" alt=\"\" class=\"wp-image-269809\" srcset=\"https:\/\/www.autocritica.ro\/wp-content\/uploads\/2026\/01\/26c0017_019-1-1024x683.jpg 1024w, https:\/\/www.autocritica.ro\/wp-content\/uploads\/2026\/01\/26c0017_019-1-300x200.jpg 300w, https:\/\/www.autocritica.ro\/wp-content\/uploads\/2026\/01\/26c0017_019-1-768x512.jpg 768w, https:\/\/www.autocritica.ro\/wp-content\/uploads\/2026\/01\/26c0017_019-1-1536x1024.jpg 1536w, https:\/\/www.autocritica.ro\/wp-content\/uploads\/2026\/01\/26c0017_019-1-2048x1366.jpg 2048w, https:\/\/www.autocritica.ro\/wp-content\/uploads\/2026\/01\/26c0017_019-1-1200x800.jpg 1200w, https:\/\/www.autocritica.ro\/wp-content\/uploads\/2026\/01\/26c0017_019-1-1000x666.jpg 1000w, https:\/\/www.autocritica.ro\/wp-content\/uploads\/2026\/01\/26c0017_019-1-2000x1333.jpg 2000w\" sizes=\"auto, (max-width: 1024px) 100vw, 1024px\" \/><\/a><\/figure>\n\n\n\n<figure class=\"wp-block-image size-large\"><a href=\"https:\/\/www.autocritica.ro\/wp-content\/uploads\/2026\/01\/26c0017_020-1.jpg\" data-lbwps-width=\"2411\" data-lbwps-height=\"1607\" data-lbwps-srcsmall=\"https:\/\/www.autocritica.ro\/wp-content\/uploads\/2026\/01\/26c0017_020-1-300x200.jpg\"><img loading=\"lazy\" decoding=\"async\" width=\"1024\" height=\"683\" data-id=\"269811\" src=\"https:\/\/www.autocritica.ro\/wp-content\/uploads\/2026\/01\/26c0017_020-1-1024x683.jpg\" alt=\"\" class=\"wp-image-269811\" srcset=\"https:\/\/www.autocritica.ro\/wp-content\/uploads\/2026\/01\/26c0017_020-1-1024x683.jpg 1024w, https:\/\/www.autocritica.ro\/wp-content\/uploads\/2026\/01\/26c0017_020-1-300x200.jpg 300w, https:\/\/www.autocritica.ro\/wp-content\/uploads\/2026\/01\/26c0017_020-1-768x512.jpg 768w, https:\/\/www.autocritica.ro\/wp-content\/uploads\/2026\/01\/26c0017_020-1-1536x1024.jpg 1536w, https:\/\/www.autocritica.ro\/wp-content\/uploads\/2026\/01\/26c0017_020-1-2048x1365.jpg 2048w, https:\/\/www.autocritica.ro\/wp-content\/uploads\/2026\/01\/26c0017_020-1-1200x800.jpg 1200w, https:\/\/www.autocritica.ro\/wp-content\/uploads\/2026\/01\/26c0017_020-1-1000x666.jpg 1000w, https:\/\/www.autocritica.ro\/wp-content\/uploads\/2026\/01\/26c0017_020-1-2000x1333.jpg 2000w\" sizes=\"auto, (max-width: 1024px) 100vw, 1024px\" \/><\/a><\/figure>\n\n\n\n<figure class=\"wp-block-image size-large\"><a href=\"https:\/\/www.autocritica.ro\/wp-content\/uploads\/2026\/01\/26c0017_021-1.jpg\" data-lbwps-width=\"1965\" data-lbwps-height=\"1310\" data-lbwps-srcsmall=\"https:\/\/www.autocritica.ro\/wp-content\/uploads\/2026\/01\/26c0017_021-1-300x200.jpg\"><img loading=\"lazy\" decoding=\"async\" width=\"1024\" height=\"683\" data-id=\"269813\" src=\"https:\/\/www.autocritica.ro\/wp-content\/uploads\/2026\/01\/26c0017_021-1-1024x683.jpg\" alt=\"\" class=\"wp-image-269813\" srcset=\"https:\/\/www.autocritica.ro\/wp-content\/uploads\/2026\/01\/26c0017_021-1-1024x683.jpg 1024w, https:\/\/www.autocritica.ro\/wp-content\/uploads\/2026\/01\/26c0017_021-1-300x200.jpg 300w, https:\/\/www.autocritica.ro\/wp-content\/uploads\/2026\/01\/26c0017_021-1-768x512.jpg 768w, https:\/\/www.autocritica.ro\/wp-content\/uploads\/2026\/01\/26c0017_021-1-1536x1024.jpg 1536w, https:\/\/www.autocritica.ro\/wp-content\/uploads\/2026\/01\/26c0017_021-1-1200x800.jpg 1200w, https:\/\/www.autocritica.ro\/wp-content\/uploads\/2026\/01\/26c0017_021-1-1000x666.jpg 1000w, https:\/\/www.autocritica.ro\/wp-content\/uploads\/2026\/01\/26c0017_021-1.jpg 1965w\" sizes=\"auto, (max-width: 1024px) 100vw, 1024px\" \/><\/a><\/figure>\n\n\n\n<figure class=\"wp-block-image size-large\"><a href=\"https:\/\/www.autocritica.ro\/wp-content\/uploads\/2026\/01\/26c0017_022-1.jpg\" data-lbwps-width=\"2218\" data-lbwps-height=\"1478\" data-lbwps-srcsmall=\"https:\/\/www.autocritica.ro\/wp-content\/uploads\/2026\/01\/26c0017_022-1-300x200.jpg\"><img loading=\"lazy\" decoding=\"async\" width=\"1024\" height=\"682\" data-id=\"269815\" src=\"https:\/\/www.autocritica.ro\/wp-content\/uploads\/2026\/01\/26c0017_022-1-1024x682.jpg\" alt=\"\" class=\"wp-image-269815\" srcset=\"https:\/\/www.autocritica.ro\/wp-content\/uploads\/2026\/01\/26c0017_022-1-1024x682.jpg 1024w, https:\/\/www.autocritica.ro\/wp-content\/uploads\/2026\/01\/26c0017_022-1-300x200.jpg 300w, https:\/\/www.autocritica.ro\/wp-content\/uploads\/2026\/01\/26c0017_022-1-768x512.jpg 768w, https:\/\/www.autocritica.ro\/wp-content\/uploads\/2026\/01\/26c0017_022-1-1536x1024.jpg 1536w, https:\/\/www.autocritica.ro\/wp-content\/uploads\/2026\/01\/26c0017_022-1-2048x1365.jpg 2048w, https:\/\/www.autocritica.ro\/wp-content\/uploads\/2026\/01\/26c0017_022-1-1200x800.jpg 1200w, https:\/\/www.autocritica.ro\/wp-content\/uploads\/2026\/01\/26c0017_022-1-1000x666.jpg 1000w, https:\/\/www.autocritica.ro\/wp-content\/uploads\/2026\/01\/26c0017_022-1-2000x1333.jpg 2000w\" sizes=\"auto, (max-width: 1024px) 100vw, 1024px\" \/><\/a><\/figure>\n\n\n\n<figure class=\"wp-block-image size-large\"><a href=\"https:\/\/www.autocritica.ro\/wp-content\/uploads\/2026\/01\/26c0017_023-1.jpg\" data-lbwps-width=\"1909\" data-lbwps-height=\"1273\" data-lbwps-srcsmall=\"https:\/\/www.autocritica.ro\/wp-content\/uploads\/2026\/01\/26c0017_023-1-300x200.jpg\"><img loading=\"lazy\" decoding=\"async\" width=\"1024\" height=\"683\" data-id=\"269817\" src=\"https:\/\/www.autocritica.ro\/wp-content\/uploads\/2026\/01\/26c0017_023-1-1024x683.jpg\" alt=\"\" class=\"wp-image-269817\" srcset=\"https:\/\/www.autocritica.ro\/wp-content\/uploads\/2026\/01\/26c0017_023-1-1024x683.jpg 1024w, https:\/\/www.autocritica.ro\/wp-content\/uploads\/2026\/01\/26c0017_023-1-300x200.jpg 300w, https:\/\/www.autocritica.ro\/wp-content\/uploads\/2026\/01\/26c0017_023-1-768x512.jpg 768w, https:\/\/www.autocritica.ro\/wp-content\/uploads\/2026\/01\/26c0017_023-1-1536x1024.jpg 1536w, https:\/\/www.autocritica.ro\/wp-content\/uploads\/2026\/01\/26c0017_023-1-1200x800.jpg 1200w, https:\/\/www.autocritica.ro\/wp-content\/uploads\/2026\/01\/26c0017_023-1-1000x666.jpg 1000w, https:\/\/www.autocritica.ro\/wp-content\/uploads\/2026\/01\/26c0017_023-1.jpg 1909w\" sizes=\"auto, (max-width: 1024px) 100vw, 1024px\" \/><\/a><\/figure>\n\n\n\n<figure class=\"wp-block-image size-large\"><a href=\"https:\/\/www.autocritica.ro\/wp-content\/uploads\/2026\/01\/26c0017_025-1.jpg\" data-lbwps-width=\"1990\" data-lbwps-height=\"1327\" data-lbwps-srcsmall=\"https:\/\/www.autocritica.ro\/wp-content\/uploads\/2026\/01\/26c0017_025-1-300x200.jpg\"><img loading=\"lazy\" decoding=\"async\" width=\"1024\" height=\"683\" data-id=\"269821\" src=\"https:\/\/www.autocritica.ro\/wp-content\/uploads\/2026\/01\/26c0017_025-1-1024x683.jpg\" alt=\"\" class=\"wp-image-269821\" srcset=\"https:\/\/www.autocritica.ro\/wp-content\/uploads\/2026\/01\/26c0017_025-1-1024x683.jpg 1024w, https:\/\/www.autocritica.ro\/wp-content\/uploads\/2026\/01\/26c0017_025-1-300x200.jpg 300w, https:\/\/www.autocritica.ro\/wp-content\/uploads\/2026\/01\/26c0017_025-1-768x512.jpg 768w, https:\/\/www.autocritica.ro\/wp-content\/uploads\/2026\/01\/26c0017_025-1-1536x1024.jpg 1536w, https:\/\/www.autocritica.ro\/wp-content\/uploads\/2026\/01\/26c0017_025-1-1200x800.jpg 1200w, https:\/\/www.autocritica.ro\/wp-content\/uploads\/2026\/01\/26c0017_025-1-1000x666.jpg 1000w, https:\/\/www.autocritica.ro\/wp-content\/uploads\/2026\/01\/26c0017_025-1.jpg 1990w\" sizes=\"auto, (max-width: 1024px) 100vw, 1024px\" \/><\/a><\/figure>\n\n\n\n<figure class=\"wp-block-image size-large\"><a href=\"https:\/\/www.autocritica.ro\/wp-content\/uploads\/2026\/01\/26c0017_024-1.jpg\" data-lbwps-width=\"1976\" data-lbwps-height=\"1319\" data-lbwps-srcsmall=\"https:\/\/www.autocritica.ro\/wp-content\/uploads\/2026\/01\/26c0017_024-1-300x200.jpg\"><img loading=\"lazy\" decoding=\"async\" width=\"1024\" height=\"684\" data-id=\"269819\" src=\"https:\/\/www.autocritica.ro\/wp-content\/uploads\/2026\/01\/26c0017_024-1-1024x684.jpg\" alt=\"\" class=\"wp-image-269819\" srcset=\"https:\/\/www.autocritica.ro\/wp-content\/uploads\/2026\/01\/26c0017_024-1-1024x684.jpg 1024w, https:\/\/www.autocritica.ro\/wp-content\/uploads\/2026\/01\/26c0017_024-1-300x200.jpg 300w, https:\/\/www.autocritica.ro\/wp-content\/uploads\/2026\/01\/26c0017_024-1-768x513.jpg 768w, https:\/\/www.autocritica.ro\/wp-content\/uploads\/2026\/01\/26c0017_024-1-1536x1025.jpg 1536w, https:\/\/www.autocritica.ro\/wp-content\/uploads\/2026\/01\/26c0017_024-1-1200x800.jpg 1200w, https:\/\/www.autocritica.ro\/wp-content\/uploads\/2026\/01\/26c0017_024-1.jpg 1976w\" sizes=\"auto, (max-width: 1024px) 100vw, 1024px\" \/><\/a><\/figure>\n\n\n\n<figure class=\"wp-block-image size-large\"><a href=\"https:\/\/www.autocritica.ro\/wp-content\/uploads\/2026\/01\/26c0017_026-1.jpg\" data-lbwps-width=\"2472\" data-lbwps-height=\"1648\" data-lbwps-srcsmall=\"https:\/\/www.autocritica.ro\/wp-content\/uploads\/2026\/01\/26c0017_026-1-300x200.jpg\"><img loading=\"lazy\" decoding=\"async\" width=\"1024\" height=\"683\" data-id=\"269823\" src=\"https:\/\/www.autocritica.ro\/wp-content\/uploads\/2026\/01\/26c0017_026-1-1024x683.jpg\" alt=\"\" class=\"wp-image-269823\" srcset=\"https:\/\/www.autocritica.ro\/wp-content\/uploads\/2026\/01\/26c0017_026-1-1024x683.jpg 1024w, https:\/\/www.autocritica.ro\/wp-content\/uploads\/2026\/01\/26c0017_026-1-300x200.jpg 300w, https:\/\/www.autocritica.ro\/wp-content\/uploads\/2026\/01\/26c0017_026-1-768x512.jpg 768w, https:\/\/www.autocritica.ro\/wp-content\/uploads\/2026\/01\/26c0017_026-1-1536x1024.jpg 1536w, https:\/\/www.autocritica.ro\/wp-content\/uploads\/2026\/01\/26c0017_026-1-2048x1365.jpg 2048w, https:\/\/www.autocritica.ro\/wp-content\/uploads\/2026\/01\/26c0017_026-1-1200x800.jpg 1200w, https:\/\/www.autocritica.ro\/wp-content\/uploads\/2026\/01\/26c0017_026-1-1000x666.jpg 1000w, https:\/\/www.autocritica.ro\/wp-content\/uploads\/2026\/01\/26c0017_026-1-2000x1333.jpg 2000w\" sizes=\"auto, (max-width: 1024px) 100vw, 1024px\" \/><\/a><\/figure>\n\n\n\n<figure class=\"wp-block-image size-large\"><a href=\"https:\/\/www.autocritica.ro\/wp-content\/uploads\/2026\/01\/26c0017_027-1.jpg\" data-lbwps-width=\"2504\" data-lbwps-height=\"1670\" data-lbwps-srcsmall=\"https:\/\/www.autocritica.ro\/wp-content\/uploads\/2026\/01\/26c0017_027-1-300x200.jpg\"><img loading=\"lazy\" decoding=\"async\" width=\"1024\" height=\"683\" data-id=\"269825\" src=\"https:\/\/www.autocritica.ro\/wp-content\/uploads\/2026\/01\/26c0017_027-1-1024x683.jpg\" alt=\"\" class=\"wp-image-269825\" srcset=\"https:\/\/www.autocritica.ro\/wp-content\/uploads\/2026\/01\/26c0017_027-1-1024x683.jpg 1024w, https:\/\/www.autocritica.ro\/wp-content\/uploads\/2026\/01\/26c0017_027-1-300x200.jpg 300w, https:\/\/www.autocritica.ro\/wp-content\/uploads\/2026\/01\/26c0017_027-1-768x512.jpg 768w, https:\/\/www.autocritica.ro\/wp-content\/uploads\/2026\/01\/26c0017_027-1-1536x1024.jpg 1536w, https:\/\/www.autocritica.ro\/wp-content\/uploads\/2026\/01\/26c0017_027-1-2048x1366.jpg 2048w, https:\/\/www.autocritica.ro\/wp-content\/uploads\/2026\/01\/26c0017_027-1-1200x800.jpg 1200w, https:\/\/www.autocritica.ro\/wp-content\/uploads\/2026\/01\/26c0017_027-1-1000x666.jpg 1000w, https:\/\/www.autocritica.ro\/wp-content\/uploads\/2026\/01\/26c0017_027-1-2000x1333.jpg 2000w\" sizes=\"auto, (max-width: 1024px) 100vw, 1024px\" \/><\/a><\/figure>\n\n\n\n<figure class=\"wp-block-image size-large\"><a href=\"https:\/\/www.autocritica.ro\/wp-content\/uploads\/2026\/01\/26c0017_028-1.jpg\" data-lbwps-width=\"2767\" data-lbwps-height=\"1844\" data-lbwps-srcsmall=\"https:\/\/www.autocritica.ro\/wp-content\/uploads\/2026\/01\/26c0017_028-1-300x200.jpg\"><img loading=\"lazy\" decoding=\"async\" width=\"1024\" height=\"682\" data-id=\"269827\" src=\"https:\/\/www.autocritica.ro\/wp-content\/uploads\/2026\/01\/26c0017_028-1-1024x682.jpg\" alt=\"\" class=\"wp-image-269827\" srcset=\"https:\/\/www.autocritica.ro\/wp-content\/uploads\/2026\/01\/26c0017_028-1-1024x682.jpg 1024w, https:\/\/www.autocritica.ro\/wp-content\/uploads\/2026\/01\/26c0017_028-1-300x200.jpg 300w, https:\/\/www.autocritica.ro\/wp-content\/uploads\/2026\/01\/26c0017_028-1-768x512.jpg 768w, https:\/\/www.autocritica.ro\/wp-content\/uploads\/2026\/01\/26c0017_028-1-1536x1024.jpg 1536w, https:\/\/www.autocritica.ro\/wp-content\/uploads\/2026\/01\/26c0017_028-1-2048x1365.jpg 2048w, https:\/\/www.autocritica.ro\/wp-content\/uploads\/2026\/01\/26c0017_028-1-1200x800.jpg 1200w, https:\/\/www.autocritica.ro\/wp-content\/uploads\/2026\/01\/26c0017_028-1-1000x666.jpg 1000w, https:\/\/www.autocritica.ro\/wp-content\/uploads\/2026\/01\/26c0017_028-1-2000x1333.jpg 2000w\" sizes=\"auto, (max-width: 1024px) 100vw, 1024px\" \/><\/a><\/figure>\n\n\n\n<figure class=\"wp-block-image size-large\"><a href=\"https:\/\/www.autocritica.ro\/wp-content\/uploads\/2026\/01\/26c0017_029-1.jpg\" data-lbwps-width=\"2739\" data-lbwps-height=\"1827\" data-lbwps-srcsmall=\"https:\/\/www.autocritica.ro\/wp-content\/uploads\/2026\/01\/26c0017_029-1-300x200.jpg\"><img loading=\"lazy\" decoding=\"async\" width=\"1024\" height=\"683\" data-id=\"269829\" src=\"https:\/\/www.autocritica.ro\/wp-content\/uploads\/2026\/01\/26c0017_029-1-1024x683.jpg\" alt=\"\" class=\"wp-image-269829\" srcset=\"https:\/\/www.autocritica.ro\/wp-content\/uploads\/2026\/01\/26c0017_029-1-1024x683.jpg 1024w, https:\/\/www.autocritica.ro\/wp-content\/uploads\/2026\/01\/26c0017_029-1-300x200.jpg 300w, https:\/\/www.autocritica.ro\/wp-content\/uploads\/2026\/01\/26c0017_029-1-768x512.jpg 768w, https:\/\/www.autocritica.ro\/wp-content\/uploads\/2026\/01\/26c0017_029-1-1536x1025.jpg 1536w, https:\/\/www.autocritica.ro\/wp-content\/uploads\/2026\/01\/26c0017_029-1-2048x1366.jpg 2048w, https:\/\/www.autocritica.ro\/wp-content\/uploads\/2026\/01\/26c0017_029-1-1200x800.jpg 1200w, https:\/\/www.autocritica.ro\/wp-content\/uploads\/2026\/01\/26c0017_029-1-1000x666.jpg 1000w, https:\/\/www.autocritica.ro\/wp-content\/uploads\/2026\/01\/26c0017_029-1-2000x1333.jpg 2000w\" sizes=\"auto, (max-width: 1024px) 100vw, 1024px\" \/><\/a><\/figure>\n\n\n\n<figure class=\"wp-block-image size-large\"><a href=\"https:\/\/www.autocritica.ro\/wp-content\/uploads\/2026\/01\/26c0017_030-2.jpg\" data-lbwps-width=\"2281\" data-lbwps-height=\"1521\" data-lbwps-srcsmall=\"https:\/\/www.autocritica.ro\/wp-content\/uploads\/2026\/01\/26c0017_030-2-300x200.jpg\"><img loading=\"lazy\" decoding=\"async\" width=\"1024\" height=\"683\" data-id=\"269831\" src=\"https:\/\/www.autocritica.ro\/wp-content\/uploads\/2026\/01\/26c0017_030-2-1024x683.jpg\" alt=\"\" class=\"wp-image-269831\" srcset=\"https:\/\/www.autocritica.ro\/wp-content\/uploads\/2026\/01\/26c0017_030-2-1024x683.jpg 1024w, https:\/\/www.autocritica.ro\/wp-content\/uploads\/2026\/01\/26c0017_030-2-300x200.jpg 300w, https:\/\/www.autocritica.ro\/wp-content\/uploads\/2026\/01\/26c0017_030-2-768x512.jpg 768w, https:\/\/www.autocritica.ro\/wp-content\/uploads\/2026\/01\/26c0017_030-2-1536x1024.jpg 1536w, https:\/\/www.autocritica.ro\/wp-content\/uploads\/2026\/01\/26c0017_030-2-2048x1366.jpg 2048w, https:\/\/www.autocritica.ro\/wp-content\/uploads\/2026\/01\/26c0017_030-2-1200x800.jpg 1200w, https:\/\/www.autocritica.ro\/wp-content\/uploads\/2026\/01\/26c0017_030-2-1000x666.jpg 1000w, https:\/\/www.autocritica.ro\/wp-content\/uploads\/2026\/01\/26c0017_030-2-2000x1333.jpg 2000w\" sizes=\"auto, (max-width: 1024px) 100vw, 1024px\" \/><\/a><\/figure>\n\n\n\n<figure class=\"wp-block-image size-large\"><a href=\"https:\/\/www.autocritica.ro\/wp-content\/uploads\/2026\/01\/26c0017_031-1.jpg\" data-lbwps-width=\"2346\" data-lbwps-height=\"1565\" data-lbwps-srcsmall=\"https:\/\/www.autocritica.ro\/wp-content\/uploads\/2026\/01\/26c0017_031-1-300x200.jpg\"><img loading=\"lazy\" decoding=\"async\" width=\"1024\" height=\"683\" data-id=\"269833\" src=\"https:\/\/www.autocritica.ro\/wp-content\/uploads\/2026\/01\/26c0017_031-1-1024x683.jpg\" alt=\"\" class=\"wp-image-269833\" srcset=\"https:\/\/www.autocritica.ro\/wp-content\/uploads\/2026\/01\/26c0017_031-1-1024x683.jpg 1024w, https:\/\/www.autocritica.ro\/wp-content\/uploads\/2026\/01\/26c0017_031-1-300x200.jpg 300w, https:\/\/www.autocritica.ro\/wp-content\/uploads\/2026\/01\/26c0017_031-1-768x512.jpg 768w, https:\/\/www.autocritica.ro\/wp-content\/uploads\/2026\/01\/26c0017_031-1-1536x1025.jpg 1536w, https:\/\/www.autocritica.ro\/wp-content\/uploads\/2026\/01\/26c0017_031-1-2048x1366.jpg 2048w, https:\/\/www.autocritica.ro\/wp-content\/uploads\/2026\/01\/26c0017_031-1-1200x800.jpg 1200w, https:\/\/www.autocritica.ro\/wp-content\/uploads\/2026\/01\/26c0017_031-1-1000x666.jpg 1000w, https:\/\/www.autocritica.ro\/wp-content\/uploads\/2026\/01\/26c0017_031-1-2000x1333.jpg 2000w\" sizes=\"auto, (max-width: 1024px) 100vw, 1024px\" \/><\/a><\/figure>\n\n\n\n<figure class=\"wp-block-image size-large\"><a href=\"https:\/\/www.autocritica.ro\/wp-content\/uploads\/2026\/01\/26c0017_040-1.jpg\" data-lbwps-width=\"2446\" data-lbwps-height=\"1573\" data-lbwps-srcsmall=\"https:\/\/www.autocritica.ro\/wp-content\/uploads\/2026\/01\/26c0017_040-1-300x193.jpg\"><img loading=\"lazy\" decoding=\"async\" width=\"1024\" height=\"659\" data-id=\"269835\" src=\"https:\/\/www.autocritica.ro\/wp-content\/uploads\/2026\/01\/26c0017_040-1-1024x659.jpg\" alt=\"\" class=\"wp-image-269835\" srcset=\"https:\/\/www.autocritica.ro\/wp-content\/uploads\/2026\/01\/26c0017_040-1-1024x659.jpg 1024w, https:\/\/www.autocritica.ro\/wp-content\/uploads\/2026\/01\/26c0017_040-1-300x193.jpg 300w, https:\/\/www.autocritica.ro\/wp-content\/uploads\/2026\/01\/26c0017_040-1-768x494.jpg 768w, https:\/\/www.autocritica.ro\/wp-content\/uploads\/2026\/01\/26c0017_040-1-1536x988.jpg 1536w, https:\/\/www.autocritica.ro\/wp-content\/uploads\/2026\/01\/26c0017_040-1-2048x1317.jpg 2048w\" sizes=\"auto, (max-width: 1024px) 100vw, 1024px\" \/><\/a><\/figure>\n\n\n\n<figure class=\"wp-block-image size-large\"><a href=\"https:\/\/www.autocritica.ro\/wp-content\/uploads\/2026\/01\/26c0017_041-1.jpg\" data-lbwps-width=\"2486\" data-lbwps-height=\"1657\" data-lbwps-srcsmall=\"https:\/\/www.autocritica.ro\/wp-content\/uploads\/2026\/01\/26c0017_041-1-300x200.jpg\"><img loading=\"lazy\" decoding=\"async\" width=\"1024\" height=\"683\" data-id=\"269837\" src=\"https:\/\/www.autocritica.ro\/wp-content\/uploads\/2026\/01\/26c0017_041-1-1024x683.jpg\" alt=\"\" class=\"wp-image-269837\" srcset=\"https:\/\/www.autocritica.ro\/wp-content\/uploads\/2026\/01\/26c0017_041-1-1024x683.jpg 1024w, https:\/\/www.autocritica.ro\/wp-content\/uploads\/2026\/01\/26c0017_041-1-300x200.jpg 300w, https:\/\/www.autocritica.ro\/wp-content\/uploads\/2026\/01\/26c0017_041-1-768x512.jpg 768w, https:\/\/www.autocritica.ro\/wp-content\/uploads\/2026\/01\/26c0017_041-1-1536x1024.jpg 1536w, https:\/\/www.autocritica.ro\/wp-content\/uploads\/2026\/01\/26c0017_041-1-2048x1365.jpg 2048w, https:\/\/www.autocritica.ro\/wp-content\/uploads\/2026\/01\/26c0017_041-1-1200x800.jpg 1200w, https:\/\/www.autocritica.ro\/wp-content\/uploads\/2026\/01\/26c0017_041-1-1000x666.jpg 1000w, https:\/\/www.autocritica.ro\/wp-content\/uploads\/2026\/01\/26c0017_041-1-2000x1333.jpg 2000w\" sizes=\"auto, (max-width: 1024px) 100vw, 1024px\" \/><\/a><\/figure>\n\n\n\n<figure class=\"wp-block-image size-large\"><a href=\"https:\/\/www.autocritica.ro\/wp-content\/uploads\/2026\/01\/26c0017_042-1.jpg\" data-lbwps-width=\"2393\" data-lbwps-height=\"1596\" data-lbwps-srcsmall=\"https:\/\/www.autocritica.ro\/wp-content\/uploads\/2026\/01\/26c0017_042-1-300x200.jpg\"><img loading=\"lazy\" decoding=\"async\" width=\"1024\" height=\"683\" data-id=\"269839\" src=\"https:\/\/www.autocritica.ro\/wp-content\/uploads\/2026\/01\/26c0017_042-1-1024x683.jpg\" alt=\"\" class=\"wp-image-269839\" srcset=\"https:\/\/www.autocritica.ro\/wp-content\/uploads\/2026\/01\/26c0017_042-1-1024x683.jpg 1024w, https:\/\/www.autocritica.ro\/wp-content\/uploads\/2026\/01\/26c0017_042-1-300x200.jpg 300w, https:\/\/www.autocritica.ro\/wp-content\/uploads\/2026\/01\/26c0017_042-1-768x512.jpg 768w, https:\/\/www.autocritica.ro\/wp-content\/uploads\/2026\/01\/26c0017_042-1-1536x1024.jpg 1536w, https:\/\/www.autocritica.ro\/wp-content\/uploads\/2026\/01\/26c0017_042-1-2048x1366.jpg 2048w, https:\/\/www.autocritica.ro\/wp-content\/uploads\/2026\/01\/26c0017_042-1-1200x800.jpg 1200w, https:\/\/www.autocritica.ro\/wp-content\/uploads\/2026\/01\/26c0017_042-1-1000x666.jpg 1000w, https:\/\/www.autocritica.ro\/wp-content\/uploads\/2026\/01\/26c0017_042-1-2000x1333.jpg 2000w\" sizes=\"auto, (max-width: 1024px) 100vw, 1024px\" \/><\/a><\/figure>\n\n\n\n<figure class=\"wp-block-image size-large\"><a href=\"https:\/\/www.autocritica.ro\/wp-content\/uploads\/2026\/01\/26c0017_043.jpg\" data-lbwps-width=\"2328\" data-lbwps-height=\"1529\" data-lbwps-srcsmall=\"https:\/\/www.autocritica.ro\/wp-content\/uploads\/2026\/01\/26c0017_043-300x197.jpg\"><img loading=\"lazy\" decoding=\"async\" width=\"1024\" height=\"673\" data-id=\"269841\" src=\"https:\/\/www.autocritica.ro\/wp-content\/uploads\/2026\/01\/26c0017_043-1024x673.jpg\" alt=\"\" class=\"wp-image-269841\" srcset=\"https:\/\/www.autocritica.ro\/wp-content\/uploads\/2026\/01\/26c0017_043-1024x673.jpg 1024w, https:\/\/www.autocritica.ro\/wp-content\/uploads\/2026\/01\/26c0017_043-300x197.jpg 300w, https:\/\/www.autocritica.ro\/wp-content\/uploads\/2026\/01\/26c0017_043-768x504.jpg 768w, https:\/\/www.autocritica.ro\/wp-content\/uploads\/2026\/01\/26c0017_043-1536x1009.jpg 1536w, https:\/\/www.autocritica.ro\/wp-content\/uploads\/2026\/01\/26c0017_043-2048x1345.jpg 2048w\" sizes=\"auto, (max-width: 1024px) 100vw, 1024px\" \/><\/a><\/figure>\n\n\n\n<figure class=\"wp-block-image size-large\"><a href=\"https:\/\/www.autocritica.ro\/wp-content\/uploads\/2026\/01\/26c0017_044-1.jpg\" data-lbwps-width=\"2578\" data-lbwps-height=\"1719\" data-lbwps-srcsmall=\"https:\/\/www.autocritica.ro\/wp-content\/uploads\/2026\/01\/26c0017_044-1-300x200.jpg\"><img loading=\"lazy\" decoding=\"async\" width=\"1024\" height=\"683\" data-id=\"269843\" src=\"https:\/\/www.autocritica.ro\/wp-content\/uploads\/2026\/01\/26c0017_044-1-1024x683.jpg\" alt=\"\" class=\"wp-image-269843\" srcset=\"https:\/\/www.autocritica.ro\/wp-content\/uploads\/2026\/01\/26c0017_044-1-1024x683.jpg 1024w, https:\/\/www.autocritica.ro\/wp-content\/uploads\/2026\/01\/26c0017_044-1-300x200.jpg 300w, https:\/\/www.autocritica.ro\/wp-content\/uploads\/2026\/01\/26c0017_044-1-768x512.jpg 768w, https:\/\/www.autocritica.ro\/wp-content\/uploads\/2026\/01\/26c0017_044-1-1536x1024.jpg 1536w, https:\/\/www.autocritica.ro\/wp-content\/uploads\/2026\/01\/26c0017_044-1-2048x1366.jpg 2048w, https:\/\/www.autocritica.ro\/wp-content\/uploads\/2026\/01\/26c0017_044-1-1200x800.jpg 1200w, https:\/\/www.autocritica.ro\/wp-content\/uploads\/2026\/01\/26c0017_044-1-1000x666.jpg 1000w, https:\/\/www.autocritica.ro\/wp-content\/uploads\/2026\/01\/26c0017_044-1-2000x1333.jpg 2000w\" sizes=\"auto, (max-width: 1024px) 100vw, 1024px\" \/><\/a><\/figure>\n\n\n\n<figure class=\"wp-block-image size-large\"><a href=\"https:\/\/www.autocritica.ro\/wp-content\/uploads\/2026\/01\/26c0017_045.jpg\" data-lbwps-width=\"2183\" data-lbwps-height=\"1455\" data-lbwps-srcsmall=\"https:\/\/www.autocritica.ro\/wp-content\/uploads\/2026\/01\/26c0017_045-300x200.jpg\"><img loading=\"lazy\" decoding=\"async\" width=\"1024\" height=\"683\" data-id=\"269845\" src=\"https:\/\/www.autocritica.ro\/wp-content\/uploads\/2026\/01\/26c0017_045-1024x683.jpg\" alt=\"\" class=\"wp-image-269845\" srcset=\"https:\/\/www.autocritica.ro\/wp-content\/uploads\/2026\/01\/26c0017_045-1024x683.jpg 1024w, https:\/\/www.autocritica.ro\/wp-content\/uploads\/2026\/01\/26c0017_045-300x200.jpg 300w, https:\/\/www.autocritica.ro\/wp-content\/uploads\/2026\/01\/26c0017_045-768x512.jpg 768w, https:\/\/www.autocritica.ro\/wp-content\/uploads\/2026\/01\/26c0017_045-1536x1024.jpg 1536w, https:\/\/www.autocritica.ro\/wp-content\/uploads\/2026\/01\/26c0017_045-2048x1365.jpg 2048w, https:\/\/www.autocritica.ro\/wp-content\/uploads\/2026\/01\/26c0017_045-1200x800.jpg 1200w, https:\/\/www.autocritica.ro\/wp-content\/uploads\/2026\/01\/26c0017_045-1000x666.jpg 1000w, https:\/\/www.autocritica.ro\/wp-content\/uploads\/2026\/01\/26c0017_045-2000x1333.jpg 2000w\" sizes=\"auto, (max-width: 1024px) 100vw, 1024px\" \/><\/a><\/figure>\n\n\n\n<figure class=\"wp-block-image size-large\"><a href=\"https:\/\/www.autocritica.ro\/wp-content\/uploads\/2026\/01\/26c0017_046-1.jpg\" data-lbwps-width=\"2701\" data-lbwps-height=\"1801\" data-lbwps-srcsmall=\"https:\/\/www.autocritica.ro\/wp-content\/uploads\/2026\/01\/26c0017_046-1-300x200.jpg\"><img loading=\"lazy\" decoding=\"async\" width=\"1024\" height=\"683\" data-id=\"269847\" src=\"https:\/\/www.autocritica.ro\/wp-content\/uploads\/2026\/01\/26c0017_046-1-1024x683.jpg\" alt=\"\" class=\"wp-image-269847\" srcset=\"https:\/\/www.autocritica.ro\/wp-content\/uploads\/2026\/01\/26c0017_046-1-1024x683.jpg 1024w, https:\/\/www.autocritica.ro\/wp-content\/uploads\/2026\/01\/26c0017_046-1-300x200.jpg 300w, https:\/\/www.autocritica.ro\/wp-content\/uploads\/2026\/01\/26c0017_046-1-768x512.jpg 768w, https:\/\/www.autocritica.ro\/wp-content\/uploads\/2026\/01\/26c0017_046-1-1536x1024.jpg 1536w, https:\/\/www.autocritica.ro\/wp-content\/uploads\/2026\/01\/26c0017_046-1-2048x1366.jpg 2048w, https:\/\/www.autocritica.ro\/wp-content\/uploads\/2026\/01\/26c0017_046-1-1200x800.jpg 1200w, https:\/\/www.autocritica.ro\/wp-content\/uploads\/2026\/01\/26c0017_046-1-1000x666.jpg 1000w, https:\/\/www.autocritica.ro\/wp-content\/uploads\/2026\/01\/26c0017_046-1-2000x1333.jpg 2000w\" sizes=\"auto, (max-width: 1024px) 100vw, 1024px\" \/><\/a><\/figure>\n\n\n\n<figure class=\"wp-block-image size-large\"><a href=\"https:\/\/www.autocritica.ro\/wp-content\/uploads\/2026\/01\/26c0017_047.jpg\" data-lbwps-width=\"2975\" data-lbwps-height=\"1984\" data-lbwps-srcsmall=\"https:\/\/www.autocritica.ro\/wp-content\/uploads\/2026\/01\/26c0017_047-300x200.jpg\"><img loading=\"lazy\" decoding=\"async\" width=\"1024\" height=\"683\" data-id=\"269849\" src=\"https:\/\/www.autocritica.ro\/wp-content\/uploads\/2026\/01\/26c0017_047-1024x683.jpg\" alt=\"\" class=\"wp-image-269849\" srcset=\"https:\/\/www.autocritica.ro\/wp-content\/uploads\/2026\/01\/26c0017_047-1024x683.jpg 1024w, https:\/\/www.autocritica.ro\/wp-content\/uploads\/2026\/01\/26c0017_047-300x200.jpg 300w, https:\/\/www.autocritica.ro\/wp-content\/uploads\/2026\/01\/26c0017_047-768x512.jpg 768w, https:\/\/www.autocritica.ro\/wp-content\/uploads\/2026\/01\/26c0017_047-1536x1024.jpg 1536w, https:\/\/www.autocritica.ro\/wp-content\/uploads\/2026\/01\/26c0017_047-2048x1366.jpg 2048w, https:\/\/www.autocritica.ro\/wp-content\/uploads\/2026\/01\/26c0017_047-1200x800.jpg 1200w, https:\/\/www.autocritica.ro\/wp-content\/uploads\/2026\/01\/26c0017_047-1000x666.jpg 1000w, https:\/\/www.autocritica.ro\/wp-content\/uploads\/2026\/01\/26c0017_047-2000x1333.jpg 2000w\" sizes=\"auto, (max-width: 1024px) 100vw, 1024px\" \/><\/a><\/figure>\n\n\n\n<figure class=\"wp-block-image size-large\"><a href=\"https:\/\/www.autocritica.ro\/wp-content\/uploads\/2026\/01\/26c0017_048-1.jpg\" data-lbwps-width=\"2685\" data-lbwps-height=\"1790\" data-lbwps-srcsmall=\"https:\/\/www.autocritica.ro\/wp-content\/uploads\/2026\/01\/26c0017_048-1-300x200.jpg\"><img loading=\"lazy\" decoding=\"async\" width=\"1024\" height=\"683\" data-id=\"269851\" src=\"https:\/\/www.autocritica.ro\/wp-content\/uploads\/2026\/01\/26c0017_048-1-1024x683.jpg\" alt=\"\" class=\"wp-image-269851\" srcset=\"https:\/\/www.autocritica.ro\/wp-content\/uploads\/2026\/01\/26c0017_048-1-1024x683.jpg 1024w, https:\/\/www.autocritica.ro\/wp-content\/uploads\/2026\/01\/26c0017_048-1-300x200.jpg 300w, https:\/\/www.autocritica.ro\/wp-content\/uploads\/2026\/01\/26c0017_048-1-768x512.jpg 768w, https:\/\/www.autocritica.ro\/wp-content\/uploads\/2026\/01\/26c0017_048-1-1536x1024.jpg 1536w, https:\/\/www.autocritica.ro\/wp-content\/uploads\/2026\/01\/26c0017_048-1-2048x1365.jpg 2048w, https:\/\/www.autocritica.ro\/wp-content\/uploads\/2026\/01\/26c0017_048-1-1200x800.jpg 1200w, https:\/\/www.autocritica.ro\/wp-content\/uploads\/2026\/01\/26c0017_048-1-1000x666.jpg 1000w, https:\/\/www.autocritica.ro\/wp-content\/uploads\/2026\/01\/26c0017_048-1-2000x1333.jpg 2000w\" sizes=\"auto, (max-width: 1024px) 100vw, 1024px\" \/><\/a><\/figure>\n\n\n\n<figure class=\"wp-block-image size-large\"><a href=\"https:\/\/www.autocritica.ro\/wp-content\/uploads\/2026\/01\/26c0017_049.jpg\" data-lbwps-width=\"2842\" data-lbwps-height=\"1895\" data-lbwps-srcsmall=\"https:\/\/www.autocritica.ro\/wp-content\/uploads\/2026\/01\/26c0017_049-300x200.jpg\"><img loading=\"lazy\" decoding=\"async\" width=\"1024\" height=\"683\" data-id=\"269853\" src=\"https:\/\/www.autocritica.ro\/wp-content\/uploads\/2026\/01\/26c0017_049-1024x683.jpg\" alt=\"\" class=\"wp-image-269853\" srcset=\"https:\/\/www.autocritica.ro\/wp-content\/uploads\/2026\/01\/26c0017_049-1024x683.jpg 1024w, https:\/\/www.autocritica.ro\/wp-content\/uploads\/2026\/01\/26c0017_049-300x200.jpg 300w, https:\/\/www.autocritica.ro\/wp-content\/uploads\/2026\/01\/26c0017_049-768x512.jpg 768w, https:\/\/www.autocritica.ro\/wp-content\/uploads\/2026\/01\/26c0017_049-1536x1024.jpg 1536w, https:\/\/www.autocritica.ro\/wp-content\/uploads\/2026\/01\/26c0017_049-2048x1366.jpg 2048w, https:\/\/www.autocritica.ro\/wp-content\/uploads\/2026\/01\/26c0017_049-1200x800.jpg 1200w, https:\/\/www.autocritica.ro\/wp-content\/uploads\/2026\/01\/26c0017_049-1000x666.jpg 1000w, https:\/\/www.autocritica.ro\/wp-content\/uploads\/2026\/01\/26c0017_049-2000x1333.jpg 2000w\" sizes=\"auto, (max-width: 1024px) 100vw, 1024px\" \/><\/a><\/figure>\n\n\n\n<figure class=\"wp-block-image size-large\"><a href=\"https:\/\/www.autocritica.ro\/wp-content\/uploads\/2026\/01\/26c0017_050.jpg\" data-lbwps-width=\"2430\" data-lbwps-height=\"1620\" data-lbwps-srcsmall=\"https:\/\/www.autocritica.ro\/wp-content\/uploads\/2026\/01\/26c0017_050-300x200.jpg\"><img loading=\"lazy\" decoding=\"async\" width=\"1024\" height=\"683\" data-id=\"269855\" src=\"https:\/\/www.autocritica.ro\/wp-content\/uploads\/2026\/01\/26c0017_050-1024x683.jpg\" alt=\"\" class=\"wp-image-269855\" srcset=\"https:\/\/www.autocritica.ro\/wp-content\/uploads\/2026\/01\/26c0017_050-1024x683.jpg 1024w, https:\/\/www.autocritica.ro\/wp-content\/uploads\/2026\/01\/26c0017_050-300x200.jpg 300w, https:\/\/www.autocritica.ro\/wp-content\/uploads\/2026\/01\/26c0017_050-768x512.jpg 768w, https:\/\/www.autocritica.ro\/wp-content\/uploads\/2026\/01\/26c0017_050-1536x1024.jpg 1536w, https:\/\/www.autocritica.ro\/wp-content\/uploads\/2026\/01\/26c0017_050-2048x1365.jpg 2048w, https:\/\/www.autocritica.ro\/wp-content\/uploads\/2026\/01\/26c0017_050-1200x800.jpg 1200w, https:\/\/www.autocritica.ro\/wp-content\/uploads\/2026\/01\/26c0017_050-1000x666.jpg 1000w, https:\/\/www.autocritica.ro\/wp-content\/uploads\/2026\/01\/26c0017_050-2000x1333.jpg 2000w\" sizes=\"auto, (max-width: 1024px) 100vw, 1024px\" \/><\/a><\/figure>\n\n\n\n<figure class=\"wp-block-image size-large\"><a href=\"https:\/\/www.autocritica.ro\/wp-content\/uploads\/2026\/01\/26c0017_051.jpg\" data-lbwps-width=\"2040\" data-lbwps-height=\"1360\" data-lbwps-srcsmall=\"https:\/\/www.autocritica.ro\/wp-content\/uploads\/2026\/01\/26c0017_051-300x200.jpg\"><img loading=\"lazy\" decoding=\"async\" width=\"1024\" height=\"683\" data-id=\"269857\" src=\"https:\/\/www.autocritica.ro\/wp-content\/uploads\/2026\/01\/26c0017_051-1024x683.jpg\" alt=\"\" class=\"wp-image-269857\" srcset=\"https:\/\/www.autocritica.ro\/wp-content\/uploads\/2026\/01\/26c0017_051-1024x683.jpg 1024w, https:\/\/www.autocritica.ro\/wp-content\/uploads\/2026\/01\/26c0017_051-300x200.jpg 300w, https:\/\/www.autocritica.ro\/wp-content\/uploads\/2026\/01\/26c0017_051-768x512.jpg 768w, https:\/\/www.autocritica.ro\/wp-content\/uploads\/2026\/01\/26c0017_051-1536x1024.jpg 1536w, https:\/\/www.autocritica.ro\/wp-content\/uploads\/2026\/01\/26c0017_051-1200x800.jpg 1200w, https:\/\/www.autocritica.ro\/wp-content\/uploads\/2026\/01\/26c0017_051-1000x666.jpg 1000w, https:\/\/www.autocritica.ro\/wp-content\/uploads\/2026\/01\/26c0017_051-2000x1333.jpg 2000w, https:\/\/www.autocritica.ro\/wp-content\/uploads\/2026\/01\/26c0017_051.jpg 2040w\" sizes=\"auto, (max-width: 1024px) 100vw, 1024px\" \/><\/a><\/figure>\n\n\n\n<figure class=\"wp-block-image size-large\"><a href=\"https:\/\/www.autocritica.ro\/wp-content\/uploads\/2026\/01\/26c0017_052.jpg\" data-lbwps-width=\"2406\" data-lbwps-height=\"1604\" data-lbwps-srcsmall=\"https:\/\/www.autocritica.ro\/wp-content\/uploads\/2026\/01\/26c0017_052-300x200.jpg\"><img loading=\"lazy\" decoding=\"async\" width=\"1024\" height=\"683\" data-id=\"269859\" src=\"https:\/\/www.autocritica.ro\/wp-content\/uploads\/2026\/01\/26c0017_052-1024x683.jpg\" alt=\"\" class=\"wp-image-269859\" srcset=\"https:\/\/www.autocritica.ro\/wp-content\/uploads\/2026\/01\/26c0017_052-1024x683.jpg 1024w, https:\/\/www.autocritica.ro\/wp-content\/uploads\/2026\/01\/26c0017_052-300x200.jpg 300w, https:\/\/www.autocritica.ro\/wp-content\/uploads\/2026\/01\/26c0017_052-768x512.jpg 768w, https:\/\/www.autocritica.ro\/wp-content\/uploads\/2026\/01\/26c0017_052-1536x1024.jpg 1536w, https:\/\/www.autocritica.ro\/wp-content\/uploads\/2026\/01\/26c0017_052-2048x1365.jpg 2048w, https:\/\/www.autocritica.ro\/wp-content\/uploads\/2026\/01\/26c0017_052-1200x800.jpg 1200w, https:\/\/www.autocritica.ro\/wp-content\/uploads\/2026\/01\/26c0017_052-1000x666.jpg 1000w, https:\/\/www.autocritica.ro\/wp-content\/uploads\/2026\/01\/26c0017_052-2000x1333.jpg 2000w\" sizes=\"auto, (max-width: 1024px) 100vw, 1024px\" \/><\/a><\/figure>\n\n\n\n<figure class=\"wp-block-image size-large\"><a href=\"https:\/\/www.autocritica.ro\/wp-content\/uploads\/2026\/01\/26c0017_053.jpg\" data-lbwps-width=\"2406\" data-lbwps-height=\"1604\" data-lbwps-srcsmall=\"https:\/\/www.autocritica.ro\/wp-content\/uploads\/2026\/01\/26c0017_053-300x200.jpg\"><img loading=\"lazy\" decoding=\"async\" width=\"1024\" height=\"683\" data-id=\"269861\" src=\"https:\/\/www.autocritica.ro\/wp-content\/uploads\/2026\/01\/26c0017_053-1024x683.jpg\" alt=\"\" class=\"wp-image-269861\" srcset=\"https:\/\/www.autocritica.ro\/wp-content\/uploads\/2026\/01\/26c0017_053-1024x683.jpg 1024w, https:\/\/www.autocritica.ro\/wp-content\/uploads\/2026\/01\/26c0017_053-300x200.jpg 300w, https:\/\/www.autocritica.ro\/wp-content\/uploads\/2026\/01\/26c0017_053-768x512.jpg 768w, https:\/\/www.autocritica.ro\/wp-content\/uploads\/2026\/01\/26c0017_053-1536x1024.jpg 1536w, https:\/\/www.autocritica.ro\/wp-content\/uploads\/2026\/01\/26c0017_053-2048x1365.jpg 2048w, https:\/\/www.autocritica.ro\/wp-content\/uploads\/2026\/01\/26c0017_053-1200x800.jpg 1200w, https:\/\/www.autocritica.ro\/wp-content\/uploads\/2026\/01\/26c0017_053-1000x666.jpg 1000w, https:\/\/www.autocritica.ro\/wp-content\/uploads\/2026\/01\/26c0017_053-2000x1333.jpg 2000w\" sizes=\"auto, (max-width: 1024px) 100vw, 1024px\" \/><\/a><\/figure>\n\n\n\n<figure class=\"wp-block-image size-large\"><a href=\"https:\/\/www.autocritica.ro\/wp-content\/uploads\/2026\/01\/26c0017_061.jpg\" data-lbwps-width=\"2752\" data-lbwps-height=\"1835\" data-lbwps-srcsmall=\"https:\/\/www.autocritica.ro\/wp-content\/uploads\/2026\/01\/26c0017_061-300x200.jpg\"><img loading=\"lazy\" decoding=\"async\" width=\"1024\" height=\"683\" data-id=\"269863\" src=\"https:\/\/www.autocritica.ro\/wp-content\/uploads\/2026\/01\/26c0017_061-1024x683.jpg\" alt=\"\" class=\"wp-image-269863\" srcset=\"https:\/\/www.autocritica.ro\/wp-content\/uploads\/2026\/01\/26c0017_061-1024x683.jpg 1024w, https:\/\/www.autocritica.ro\/wp-content\/uploads\/2026\/01\/26c0017_061-300x200.jpg 300w, https:\/\/www.autocritica.ro\/wp-content\/uploads\/2026\/01\/26c0017_061-768x512.jpg 768w, https:\/\/www.autocritica.ro\/wp-content\/uploads\/2026\/01\/26c0017_061-1536x1024.jpg 1536w, https:\/\/www.autocritica.ro\/wp-content\/uploads\/2026\/01\/26c0017_061-2048x1366.jpg 2048w, https:\/\/www.autocritica.ro\/wp-content\/uploads\/2026\/01\/26c0017_061-1200x800.jpg 1200w, https:\/\/www.autocritica.ro\/wp-content\/uploads\/2026\/01\/26c0017_061-1000x666.jpg 1000w, https:\/\/www.autocritica.ro\/wp-content\/uploads\/2026\/01\/26c0017_061-2000x1333.jpg 2000w\" sizes=\"auto, (max-width: 1024px) 100vw, 1024px\" \/><\/a><\/figure>\n\n\n\n<figure class=\"wp-block-image size-large\"><a href=\"https:\/\/www.autocritica.ro\/wp-content\/uploads\/2026\/01\/26c0017_062.jpg\" data-lbwps-width=\"2636\" data-lbwps-height=\"1758\" data-lbwps-srcsmall=\"https:\/\/www.autocritica.ro\/wp-content\/uploads\/2026\/01\/26c0017_062-300x200.jpg\"><img loading=\"lazy\" decoding=\"async\" width=\"1024\" height=\"683\" data-id=\"269865\" src=\"https:\/\/www.autocritica.ro\/wp-content\/uploads\/2026\/01\/26c0017_062-1024x683.jpg\" alt=\"\" class=\"wp-image-269865\" srcset=\"https:\/\/www.autocritica.ro\/wp-content\/uploads\/2026\/01\/26c0017_062-1024x683.jpg 1024w, https:\/\/www.autocritica.ro\/wp-content\/uploads\/2026\/01\/26c0017_062-300x200.jpg 300w, https:\/\/www.autocritica.ro\/wp-content\/uploads\/2026\/01\/26c0017_062-768x512.jpg 768w, https:\/\/www.autocritica.ro\/wp-content\/uploads\/2026\/01\/26c0017_062-1536x1024.jpg 1536w, https:\/\/www.autocritica.ro\/wp-content\/uploads\/2026\/01\/26c0017_062-2048x1366.jpg 2048w, https:\/\/www.autocritica.ro\/wp-content\/uploads\/2026\/01\/26c0017_062-1200x800.jpg 1200w, https:\/\/www.autocritica.ro\/wp-content\/uploads\/2026\/01\/26c0017_062-1000x666.jpg 1000w, https:\/\/www.autocritica.ro\/wp-content\/uploads\/2026\/01\/26c0017_062-2000x1333.jpg 2000w\" sizes=\"auto, (max-width: 1024px) 100vw, 1024px\" \/><\/a><\/figure>\n\n\n\n<figure class=\"wp-block-image size-large\"><a href=\"https:\/\/www.autocritica.ro\/wp-content\/uploads\/2026\/01\/26c0017_063.jpg\" data-lbwps-width=\"2710\" data-lbwps-height=\"1806\" data-lbwps-srcsmall=\"https:\/\/www.autocritica.ro\/wp-content\/uploads\/2026\/01\/26c0017_063-300x200.jpg\"><img loading=\"lazy\" decoding=\"async\" width=\"1024\" height=\"682\" data-id=\"269867\" src=\"https:\/\/www.autocritica.ro\/wp-content\/uploads\/2026\/01\/26c0017_063-1024x682.jpg\" alt=\"\" class=\"wp-image-269867\" srcset=\"https:\/\/www.autocritica.ro\/wp-content\/uploads\/2026\/01\/26c0017_063-1024x682.jpg 1024w, https:\/\/www.autocritica.ro\/wp-content\/uploads\/2026\/01\/26c0017_063-300x200.jpg 300w, https:\/\/www.autocritica.ro\/wp-content\/uploads\/2026\/01\/26c0017_063-768x512.jpg 768w, https:\/\/www.autocritica.ro\/wp-content\/uploads\/2026\/01\/26c0017_063-1536x1024.jpg 1536w, https:\/\/www.autocritica.ro\/wp-content\/uploads\/2026\/01\/26c0017_063-2048x1365.jpg 2048w, https:\/\/www.autocritica.ro\/wp-content\/uploads\/2026\/01\/26c0017_063-1200x800.jpg 1200w, https:\/\/www.autocritica.ro\/wp-content\/uploads\/2026\/01\/26c0017_063-1000x666.jpg 1000w, https:\/\/www.autocritica.ro\/wp-content\/uploads\/2026\/01\/26c0017_063-2000x1333.jpg 2000w\" sizes=\"auto, (max-width: 1024px) 100vw, 1024px\" \/><\/a><\/figure>\n\n\n\n<figure class=\"wp-block-image size-large\"><a href=\"https:\/\/www.autocritica.ro\/wp-content\/uploads\/2026\/01\/26c0017_064.jpg\" data-lbwps-width=\"2249\" data-lbwps-height=\"1500\" data-lbwps-srcsmall=\"https:\/\/www.autocritica.ro\/wp-content\/uploads\/2026\/01\/26c0017_064-300x200.jpg\"><img loading=\"lazy\" decoding=\"async\" width=\"1024\" height=\"683\" data-id=\"269869\" src=\"https:\/\/www.autocritica.ro\/wp-content\/uploads\/2026\/01\/26c0017_064-1024x683.jpg\" alt=\"\" class=\"wp-image-269869\" srcset=\"https:\/\/www.autocritica.ro\/wp-content\/uploads\/2026\/01\/26c0017_064-1024x683.jpg 1024w, https:\/\/www.autocritica.ro\/wp-content\/uploads\/2026\/01\/26c0017_064-300x200.jpg 300w, https:\/\/www.autocritica.ro\/wp-content\/uploads\/2026\/01\/26c0017_064-768x512.jpg 768w, https:\/\/www.autocritica.ro\/wp-content\/uploads\/2026\/01\/26c0017_064-1536x1024.jpg 1536w, https:\/\/www.autocritica.ro\/wp-content\/uploads\/2026\/01\/26c0017_064-2048x1366.jpg 2048w, https:\/\/www.autocritica.ro\/wp-content\/uploads\/2026\/01\/26c0017_064-1200x800.jpg 1200w, https:\/\/www.autocritica.ro\/wp-content\/uploads\/2026\/01\/26c0017_064-1000x666.jpg 1000w, https:\/\/www.autocritica.ro\/wp-content\/uploads\/2026\/01\/26c0017_064-2000x1333.jpg 2000w\" sizes=\"auto, (max-width: 1024px) 100vw, 1024px\" \/><\/a><\/figure>\n\n\n\n<figure class=\"wp-block-image size-large\"><a href=\"https:\/\/www.autocritica.ro\/wp-content\/uploads\/2026\/01\/26c0017_065.jpg\" data-lbwps-width=\"2389\" data-lbwps-height=\"1593\" data-lbwps-srcsmall=\"https:\/\/www.autocritica.ro\/wp-content\/uploads\/2026\/01\/26c0017_065-300x200.jpg\"><img loading=\"lazy\" decoding=\"async\" width=\"1024\" height=\"683\" data-id=\"269871\" src=\"https:\/\/www.autocritica.ro\/wp-content\/uploads\/2026\/01\/26c0017_065-1024x683.jpg\" alt=\"\" class=\"wp-image-269871\" srcset=\"https:\/\/www.autocritica.ro\/wp-content\/uploads\/2026\/01\/26c0017_065-1024x683.jpg 1024w, https:\/\/www.autocritica.ro\/wp-content\/uploads\/2026\/01\/26c0017_065-300x200.jpg 300w, https:\/\/www.autocritica.ro\/wp-content\/uploads\/2026\/01\/26c0017_065-768x512.jpg 768w, https:\/\/www.autocritica.ro\/wp-content\/uploads\/2026\/01\/26c0017_065-1536x1024.jpg 1536w, https:\/\/www.autocritica.ro\/wp-content\/uploads\/2026\/01\/26c0017_065-2048x1366.jpg 2048w, https:\/\/www.autocritica.ro\/wp-content\/uploads\/2026\/01\/26c0017_065-1200x800.jpg 1200w, https:\/\/www.autocritica.ro\/wp-content\/uploads\/2026\/01\/26c0017_065-1000x666.jpg 1000w, https:\/\/www.autocritica.ro\/wp-content\/uploads\/2026\/01\/26c0017_065-2000x1333.jpg 2000w\" sizes=\"auto, (max-width: 1024px) 100vw, 1024px\" \/><\/a><\/figure>\n\n\n\n<figure class=\"wp-block-image size-large\"><a href=\"https:\/\/www.autocritica.ro\/wp-content\/uploads\/2026\/01\/26c0017_066.jpg\" data-lbwps-width=\"2458\" data-lbwps-height=\"1638\" data-lbwps-srcsmall=\"https:\/\/www.autocritica.ro\/wp-content\/uploads\/2026\/01\/26c0017_066-300x200.jpg\"><img loading=\"lazy\" decoding=\"async\" width=\"1024\" height=\"682\" data-id=\"269873\" src=\"https:\/\/www.autocritica.ro\/wp-content\/uploads\/2026\/01\/26c0017_066-1024x682.jpg\" alt=\"\" class=\"wp-image-269873\" srcset=\"https:\/\/www.autocritica.ro\/wp-content\/uploads\/2026\/01\/26c0017_066-1024x682.jpg 1024w, https:\/\/www.autocritica.ro\/wp-content\/uploads\/2026\/01\/26c0017_066-300x200.jpg 300w, https:\/\/www.autocritica.ro\/wp-content\/uploads\/2026\/01\/26c0017_066-768x512.jpg 768w, https:\/\/www.autocritica.ro\/wp-content\/uploads\/2026\/01\/26c0017_066-1536x1024.jpg 1536w, https:\/\/www.autocritica.ro\/wp-content\/uploads\/2026\/01\/26c0017_066-2048x1365.jpg 2048w, https:\/\/www.autocritica.ro\/wp-content\/uploads\/2026\/01\/26c0017_066-1200x800.jpg 1200w, https:\/\/www.autocritica.ro\/wp-content\/uploads\/2026\/01\/26c0017_066-1000x666.jpg 1000w, https:\/\/www.autocritica.ro\/wp-content\/uploads\/2026\/01\/26c0017_066-2000x1333.jpg 2000w\" sizes=\"auto, (max-width: 1024px) 100vw, 1024px\" \/><\/a><\/figure>\n\n\n\n<figure class=\"wp-block-image size-large\"><a href=\"https:\/\/www.autocritica.ro\/wp-content\/uploads\/2026\/01\/26c0017_067.jpg\" data-lbwps-width=\"2585\" data-lbwps-height=\"1724\" data-lbwps-srcsmall=\"https:\/\/www.autocritica.ro\/wp-content\/uploads\/2026\/01\/26c0017_067-300x200.jpg\"><img loading=\"lazy\" decoding=\"async\" width=\"1024\" height=\"683\" data-id=\"269875\" src=\"https:\/\/www.autocritica.ro\/wp-content\/uploads\/2026\/01\/26c0017_067-1024x683.jpg\" alt=\"\" class=\"wp-image-269875\" srcset=\"https:\/\/www.autocritica.ro\/wp-content\/uploads\/2026\/01\/26c0017_067-1024x683.jpg 1024w, https:\/\/www.autocritica.ro\/wp-content\/uploads\/2026\/01\/26c0017_067-300x200.jpg 300w, https:\/\/www.autocritica.ro\/wp-content\/uploads\/2026\/01\/26c0017_067-768x512.jpg 768w, https:\/\/www.autocritica.ro\/wp-content\/uploads\/2026\/01\/26c0017_067-1536x1024.jpg 1536w, https:\/\/www.autocritica.ro\/wp-content\/uploads\/2026\/01\/26c0017_067-2048x1366.jpg 2048w, https:\/\/www.autocritica.ro\/wp-content\/uploads\/2026\/01\/26c0017_067-1200x800.jpg 1200w, https:\/\/www.autocritica.ro\/wp-content\/uploads\/2026\/01\/26c0017_067-1000x666.jpg 1000w, https:\/\/www.autocritica.ro\/wp-content\/uploads\/2026\/01\/26c0017_067-2000x1333.jpg 2000w\" sizes=\"auto, (max-width: 1024px) 100vw, 1024px\" \/><\/a><\/figure>\n\n\n\n<figure class=\"wp-block-image size-large\"><a href=\"https:\/\/www.autocritica.ro\/wp-content\/uploads\/2026\/01\/26c0017_090.jpg\" data-lbwps-width=\"2016\" data-lbwps-height=\"1344\" data-lbwps-srcsmall=\"https:\/\/www.autocritica.ro\/wp-content\/uploads\/2026\/01\/26c0017_090-300x200.jpg\"><img loading=\"lazy\" decoding=\"async\" width=\"1024\" height=\"683\" data-id=\"269877\" src=\"https:\/\/www.autocritica.ro\/wp-content\/uploads\/2026\/01\/26c0017_090-1024x683.jpg\" alt=\"\" class=\"wp-image-269877\" srcset=\"https:\/\/www.autocritica.ro\/wp-content\/uploads\/2026\/01\/26c0017_090-1024x683.jpg 1024w, https:\/\/www.autocritica.ro\/wp-content\/uploads\/2026\/01\/26c0017_090-300x200.jpg 300w, https:\/\/www.autocritica.ro\/wp-content\/uploads\/2026\/01\/26c0017_090-768x512.jpg 768w, https:\/\/www.autocritica.ro\/wp-content\/uploads\/2026\/01\/26c0017_090-1536x1024.jpg 1536w, https:\/\/www.autocritica.ro\/wp-content\/uploads\/2026\/01\/26c0017_090-1200x800.jpg 1200w, https:\/\/www.autocritica.ro\/wp-content\/uploads\/2026\/01\/26c0017_090-1000x666.jpg 1000w, https:\/\/www.autocritica.ro\/wp-content\/uploads\/2026\/01\/26c0017_090-2000x1333.jpg 2000w, https:\/\/www.autocritica.ro\/wp-content\/uploads\/2026\/01\/26c0017_090.jpg 2016w\" sizes=\"auto, (max-width: 1024px) 100vw, 1024px\" \/><\/a><\/figure>\n\n\n\n<figure class=\"wp-block-image size-large\"><a href=\"https:\/\/www.autocritica.ro\/wp-content\/uploads\/2026\/01\/26c0017_091.jpg\" data-lbwps-width=\"2364\" data-lbwps-height=\"1576\" data-lbwps-srcsmall=\"https:\/\/www.autocritica.ro\/wp-content\/uploads\/2026\/01\/26c0017_091-300x200.jpg\"><img loading=\"lazy\" decoding=\"async\" width=\"1024\" height=\"683\" data-id=\"269879\" src=\"https:\/\/www.autocritica.ro\/wp-content\/uploads\/2026\/01\/26c0017_091-1024x683.jpg\" alt=\"\" class=\"wp-image-269879\" srcset=\"https:\/\/www.autocritica.ro\/wp-content\/uploads\/2026\/01\/26c0017_091-1024x683.jpg 1024w, https:\/\/www.autocritica.ro\/wp-content\/uploads\/2026\/01\/26c0017_091-300x200.jpg 300w, https:\/\/www.autocritica.ro\/wp-content\/uploads\/2026\/01\/26c0017_091-768x512.jpg 768w, https:\/\/www.autocritica.ro\/wp-content\/uploads\/2026\/01\/26c0017_091-1536x1024.jpg 1536w, https:\/\/www.autocritica.ro\/wp-content\/uploads\/2026\/01\/26c0017_091-2048x1365.jpg 2048w, https:\/\/www.autocritica.ro\/wp-content\/uploads\/2026\/01\/26c0017_091-1200x800.jpg 1200w, https:\/\/www.autocritica.ro\/wp-content\/uploads\/2026\/01\/26c0017_091-1000x666.jpg 1000w, https:\/\/www.autocritica.ro\/wp-content\/uploads\/2026\/01\/26c0017_091-2000x1333.jpg 2000w\" sizes=\"auto, (max-width: 1024px) 100vw, 1024px\" \/><\/a><\/figure>\n\n\n\n<figure class=\"wp-block-image size-large\"><a href=\"https:\/\/www.autocritica.ro\/wp-content\/uploads\/2026\/01\/26c0017_100.jpg\" data-lbwps-width=\"2211\" data-lbwps-height=\"2764\" data-lbwps-srcsmall=\"https:\/\/www.autocritica.ro\/wp-content\/uploads\/2026\/01\/26c0017_100-240x300.jpg\"><img loading=\"lazy\" decoding=\"async\" width=\"819\" height=\"1024\" data-id=\"269881\" src=\"https:\/\/www.autocritica.ro\/wp-content\/uploads\/2026\/01\/26c0017_100-819x1024.jpg\" alt=\"\" class=\"wp-image-269881\" srcset=\"https:\/\/www.autocritica.ro\/wp-content\/uploads\/2026\/01\/26c0017_100-819x1024.jpg 819w, https:\/\/www.autocritica.ro\/wp-content\/uploads\/2026\/01\/26c0017_100-240x300.jpg 240w, https:\/\/www.autocritica.ro\/wp-content\/uploads\/2026\/01\/26c0017_100-768x960.jpg 768w, https:\/\/www.autocritica.ro\/wp-content\/uploads\/2026\/01\/26c0017_100-1229x1536.jpg 1229w, https:\/\/www.autocritica.ro\/wp-content\/uploads\/2026\/01\/26c0017_100-1638x2048.jpg 1638w, https:\/\/www.autocritica.ro\/wp-content\/uploads\/2026\/01\/26c0017_100-scaled.jpg 2048w\" sizes=\"auto, (max-width: 819px) 100vw, 819px\" \/><\/a><\/figure>\n\n\n\n<figure class=\"wp-block-image size-large\"><a href=\"https:\/\/www.autocritica.ro\/wp-content\/uploads\/2026\/01\/26c0017_101.jpg\" data-lbwps-width=\"2093\" data-lbwps-height=\"2616\" data-lbwps-srcsmall=\"https:\/\/www.autocritica.ro\/wp-content\/uploads\/2026\/01\/26c0017_101-240x300.jpg\"><img loading=\"lazy\" decoding=\"async\" width=\"819\" height=\"1024\" data-id=\"269883\" src=\"https:\/\/www.autocritica.ro\/wp-content\/uploads\/2026\/01\/26c0017_101-819x1024.jpg\" alt=\"\" class=\"wp-image-269883\" srcset=\"https:\/\/www.autocritica.ro\/wp-content\/uploads\/2026\/01\/26c0017_101-819x1024.jpg 819w, https:\/\/www.autocritica.ro\/wp-content\/uploads\/2026\/01\/26c0017_101-240x300.jpg 240w, https:\/\/www.autocritica.ro\/wp-content\/uploads\/2026\/01\/26c0017_101-768x960.jpg 768w, https:\/\/www.autocritica.ro\/wp-content\/uploads\/2026\/01\/26c0017_101-1229x1536.jpg 1229w, https:\/\/www.autocritica.ro\/wp-content\/uploads\/2026\/01\/26c0017_101-1639x2048.jpg 1639w, https:\/\/www.autocritica.ro\/wp-content\/uploads\/2026\/01\/26c0017_101-scaled.jpg 2048w\" sizes=\"auto, (max-width: 819px) 100vw, 819px\" \/><\/a><\/figure>\n\n\n\n<figure class=\"wp-block-image size-large\"><a href=\"https:\/\/www.autocritica.ro\/wp-content\/uploads\/2026\/01\/26c0017_102.jpg\" data-lbwps-width=\"2114\" data-lbwps-height=\"2643\" data-lbwps-srcsmall=\"https:\/\/www.autocritica.ro\/wp-content\/uploads\/2026\/01\/26c0017_102-240x300.jpg\"><img loading=\"lazy\" decoding=\"async\" width=\"819\" height=\"1024\" data-id=\"269885\" src=\"https:\/\/www.autocritica.ro\/wp-content\/uploads\/2026\/01\/26c0017_102-819x1024.jpg\" alt=\"\" class=\"wp-image-269885\" srcset=\"https:\/\/www.autocritica.ro\/wp-content\/uploads\/2026\/01\/26c0017_102-819x1024.jpg 819w, https:\/\/www.autocritica.ro\/wp-content\/uploads\/2026\/01\/26c0017_102-240x300.jpg 240w, https:\/\/www.autocritica.ro\/wp-content\/uploads\/2026\/01\/26c0017_102-768x960.jpg 768w, https:\/\/www.autocritica.ro\/wp-content\/uploads\/2026\/01\/26c0017_102-1229x1536.jpg 1229w, https:\/\/www.autocritica.ro\/wp-content\/uploads\/2026\/01\/26c0017_102-1638x2048.jpg 1638w, https:\/\/www.autocritica.ro\/wp-content\/uploads\/2026\/01\/26c0017_102-scaled.jpg 2048w\" sizes=\"auto, (max-width: 819px) 100vw, 819px\" \/><\/a><\/figure>\n\n\n\n<figure class=\"wp-block-image size-large\"><a href=\"https:\/\/www.autocritica.ro\/wp-content\/uploads\/2026\/01\/26c0017_103.jpg\" data-lbwps-width=\"2299\" data-lbwps-height=\"2874\" data-lbwps-srcsmall=\"https:\/\/www.autocritica.ro\/wp-content\/uploads\/2026\/01\/26c0017_103-240x300.jpg\"><img loading=\"lazy\" decoding=\"async\" width=\"819\" height=\"1024\" data-id=\"269887\" src=\"https:\/\/www.autocritica.ro\/wp-content\/uploads\/2026\/01\/26c0017_103-819x1024.jpg\" alt=\"\" class=\"wp-image-269887\" srcset=\"https:\/\/www.autocritica.ro\/wp-content\/uploads\/2026\/01\/26c0017_103-819x1024.jpg 819w, https:\/\/www.autocritica.ro\/wp-content\/uploads\/2026\/01\/26c0017_103-240x300.jpg 240w, https:\/\/www.autocritica.ro\/wp-content\/uploads\/2026\/01\/26c0017_103-768x960.jpg 768w, https:\/\/www.autocritica.ro\/wp-content\/uploads\/2026\/01\/26c0017_103-1229x1536.jpg 1229w, https:\/\/www.autocritica.ro\/wp-content\/uploads\/2026\/01\/26c0017_103-1638x2048.jpg 1638w, https:\/\/www.autocritica.ro\/wp-content\/uploads\/2026\/01\/26c0017_103-scaled.jpg 2048w\" sizes=\"auto, (max-width: 819px) 100vw, 819px\" \/><\/a><\/figure>\n\n\n\n<figure class=\"wp-block-image size-large\"><a href=\"https:\/\/www.autocritica.ro\/wp-content\/uploads\/2026\/01\/26c0017_104.jpg\" data-lbwps-width=\"2062\" data-lbwps-height=\"2578\" data-lbwps-srcsmall=\"https:\/\/www.autocritica.ro\/wp-content\/uploads\/2026\/01\/26c0017_104-240x300.jpg\"><img loading=\"lazy\" decoding=\"async\" width=\"819\" height=\"1024\" data-id=\"269889\" src=\"https:\/\/www.autocritica.ro\/wp-content\/uploads\/2026\/01\/26c0017_104-819x1024.jpg\" alt=\"\" class=\"wp-image-269889\" srcset=\"https:\/\/www.autocritica.ro\/wp-content\/uploads\/2026\/01\/26c0017_104-819x1024.jpg 819w, https:\/\/www.autocritica.ro\/wp-content\/uploads\/2026\/01\/26c0017_104-240x300.jpg 240w, https:\/\/www.autocritica.ro\/wp-content\/uploads\/2026\/01\/26c0017_104-768x960.jpg 768w, https:\/\/www.autocritica.ro\/wp-content\/uploads\/2026\/01\/26c0017_104-1229x1536.jpg 1229w, https:\/\/www.autocritica.ro\/wp-content\/uploads\/2026\/01\/26c0017_104-1638x2048.jpg 1638w, https:\/\/www.autocritica.ro\/wp-content\/uploads\/2026\/01\/26c0017_104-scaled.jpg 2048w\" sizes=\"auto, (max-width: 819px) 100vw, 819px\" \/><\/a><\/figure>\n\n\n\n<figure class=\"wp-block-image size-large\"><a href=\"https:\/\/www.autocritica.ro\/wp-content\/uploads\/2026\/01\/26c0017_105.jpg\" data-lbwps-width=\"2240\" data-lbwps-height=\"2800\" data-lbwps-srcsmall=\"https:\/\/www.autocritica.ro\/wp-content\/uploads\/2026\/01\/26c0017_105-240x300.jpg\"><img loading=\"lazy\" decoding=\"async\" width=\"819\" height=\"1024\" data-id=\"269891\" src=\"https:\/\/www.autocritica.ro\/wp-content\/uploads\/2026\/01\/26c0017_105-819x1024.jpg\" alt=\"\" class=\"wp-image-269891\" srcset=\"https:\/\/www.autocritica.ro\/wp-content\/uploads\/2026\/01\/26c0017_105-819x1024.jpg 819w, https:\/\/www.autocritica.ro\/wp-content\/uploads\/2026\/01\/26c0017_105-240x300.jpg 240w, https:\/\/www.autocritica.ro\/wp-content\/uploads\/2026\/01\/26c0017_105-768x960.jpg 768w, https:\/\/www.autocritica.ro\/wp-content\/uploads\/2026\/01\/26c0017_105-1229x1536.jpg 1229w, https:\/\/www.autocritica.ro\/wp-content\/uploads\/2026\/01\/26c0017_105-1638x2048.jpg 1638w, https:\/\/www.autocritica.ro\/wp-content\/uploads\/2026\/01\/26c0017_105-scaled.jpg 2048w\" sizes=\"auto, (max-width: 819px) 100vw, 819px\" \/><\/a><\/figure>\n\n\n\n<figure class=\"wp-block-image size-large\"><a href=\"https:\/\/www.autocritica.ro\/wp-content\/uploads\/2026\/01\/26c0017_106.jpg\" data-lbwps-width=\"2171\" data-lbwps-height=\"2714\" data-lbwps-srcsmall=\"https:\/\/www.autocritica.ro\/wp-content\/uploads\/2026\/01\/26c0017_106-240x300.jpg\"><img loading=\"lazy\" decoding=\"async\" width=\"819\" height=\"1024\" data-id=\"269893\" src=\"https:\/\/www.autocritica.ro\/wp-content\/uploads\/2026\/01\/26c0017_106-819x1024.jpg\" alt=\"\" class=\"wp-image-269893\" srcset=\"https:\/\/www.autocritica.ro\/wp-content\/uploads\/2026\/01\/26c0017_106-819x1024.jpg 819w, https:\/\/www.autocritica.ro\/wp-content\/uploads\/2026\/01\/26c0017_106-240x300.jpg 240w, https:\/\/www.autocritica.ro\/wp-content\/uploads\/2026\/01\/26c0017_106-768x960.jpg 768w, https:\/\/www.autocritica.ro\/wp-content\/uploads\/2026\/01\/26c0017_106-1229x1536.jpg 1229w, https:\/\/www.autocritica.ro\/wp-content\/uploads\/2026\/01\/26c0017_106-1638x2048.jpg 1638w, https:\/\/www.autocritica.ro\/wp-content\/uploads\/2026\/01\/26c0017_106-scaled.jpg 2048w\" sizes=\"auto, (max-width: 819px) 100vw, 819px\" \/><\/a><\/figure>\n\n\n\n<figure class=\"wp-block-image size-large\"><a href=\"https:\/\/www.autocritica.ro\/wp-content\/uploads\/2026\/01\/26c0017_120.jpg\" data-lbwps-width=\"3121\" data-lbwps-height=\"2055\" data-lbwps-srcsmall=\"https:\/\/www.autocritica.ro\/wp-content\/uploads\/2026\/01\/26c0017_120-300x198.jpg\"><img loading=\"lazy\" decoding=\"async\" width=\"1024\" height=\"674\" data-id=\"269895\" src=\"https:\/\/www.autocritica.ro\/wp-content\/uploads\/2026\/01\/26c0017_120-1024x674.jpg\" alt=\"\" class=\"wp-image-269895\" srcset=\"https:\/\/www.autocritica.ro\/wp-content\/uploads\/2026\/01\/26c0017_120-1024x674.jpg 1024w, https:\/\/www.autocritica.ro\/wp-content\/uploads\/2026\/01\/26c0017_120-300x198.jpg 300w, https:\/\/www.autocritica.ro\/wp-content\/uploads\/2026\/01\/26c0017_120-768x506.jpg 768w, https:\/\/www.autocritica.ro\/wp-content\/uploads\/2026\/01\/26c0017_120-1536x1011.jpg 1536w, https:\/\/www.autocritica.ro\/wp-content\/uploads\/2026\/01\/26c0017_120-2048x1348.jpg 2048w\" sizes=\"auto, (max-width: 1024px) 100vw, 1024px\" \/><\/a><\/figure>\n\n\n\n<figure class=\"wp-block-image size-large\"><a href=\"https:\/\/www.autocritica.ro\/wp-content\/uploads\/2026\/01\/26c0017_121.jpg\" data-lbwps-width=\"1877\" data-lbwps-height=\"1407\" data-lbwps-srcsmall=\"https:\/\/www.autocritica.ro\/wp-content\/uploads\/2026\/01\/26c0017_121-300x225.jpg\"><img loading=\"lazy\" decoding=\"async\" width=\"1024\" height=\"768\" data-id=\"269897\" src=\"https:\/\/www.autocritica.ro\/wp-content\/uploads\/2026\/01\/26c0017_121-1024x768.jpg\" alt=\"\" class=\"wp-image-269897\" srcset=\"https:\/\/www.autocritica.ro\/wp-content\/uploads\/2026\/01\/26c0017_121-1024x768.jpg 1024w, https:\/\/www.autocritica.ro\/wp-content\/uploads\/2026\/01\/26c0017_121-300x225.jpg 300w, https:\/\/www.autocritica.ro\/wp-content\/uploads\/2026\/01\/26c0017_121-768x576.jpg 768w, https:\/\/www.autocritica.ro\/wp-content\/uploads\/2026\/01\/26c0017_121-1536x1151.jpg 1536w, https:\/\/www.autocritica.ro\/wp-content\/uploads\/2026\/01\/26c0017_121.jpg 1877w\" sizes=\"auto, (max-width: 1024px) 100vw, 1024px\" \/><\/a><\/figure>\n\n\n\n<figure class=\"wp-block-image size-large\"><a href=\"https:\/\/www.autocritica.ro\/wp-content\/uploads\/2026\/01\/26c0017_122.jpg\" data-lbwps-width=\"3022\" data-lbwps-height=\"2267\" data-lbwps-srcsmall=\"https:\/\/www.autocritica.ro\/wp-content\/uploads\/2026\/01\/26c0017_122-300x225.jpg\"><img loading=\"lazy\" decoding=\"async\" width=\"1024\" height=\"768\" data-id=\"269899\" src=\"https:\/\/www.autocritica.ro\/wp-content\/uploads\/2026\/01\/26c0017_122-1024x768.jpg\" alt=\"\" class=\"wp-image-269899\" srcset=\"https:\/\/www.autocritica.ro\/wp-content\/uploads\/2026\/01\/26c0017_122-1024x768.jpg 1024w, https:\/\/www.autocritica.ro\/wp-content\/uploads\/2026\/01\/26c0017_122-300x225.jpg 300w, https:\/\/www.autocritica.ro\/wp-content\/uploads\/2026\/01\/26c0017_122-768x576.jpg 768w, https:\/\/www.autocritica.ro\/wp-content\/uploads\/2026\/01\/26c0017_122-1536x1152.jpg 1536w, https:\/\/www.autocritica.ro\/wp-content\/uploads\/2026\/01\/26c0017_122-2048x1536.jpg 2048w\" sizes=\"auto, (max-width: 1024px) 100vw, 1024px\" \/><\/a><\/figure>\n\n\n\n<figure class=\"wp-block-image size-large\"><a href=\"https:\/\/www.autocritica.ro\/wp-content\/uploads\/2026\/01\/26c0017_123.jpg\" data-lbwps-width=\"2418\" data-lbwps-height=\"1814\" data-lbwps-srcsmall=\"https:\/\/www.autocritica.ro\/wp-content\/uploads\/2026\/01\/26c0017_123-300x225.jpg\"><img loading=\"lazy\" decoding=\"async\" width=\"1024\" height=\"768\" data-id=\"269901\" src=\"https:\/\/www.autocritica.ro\/wp-content\/uploads\/2026\/01\/26c0017_123-1024x768.jpg\" alt=\"\" class=\"wp-image-269901\" srcset=\"https:\/\/www.autocritica.ro\/wp-content\/uploads\/2026\/01\/26c0017_123-1024x768.jpg 1024w, https:\/\/www.autocritica.ro\/wp-content\/uploads\/2026\/01\/26c0017_123-300x225.jpg 300w, https:\/\/www.autocritica.ro\/wp-content\/uploads\/2026\/01\/26c0017_123-768x576.jpg 768w, https:\/\/www.autocritica.ro\/wp-content\/uploads\/2026\/01\/26c0017_123-1536x1152.jpg 1536w, https:\/\/www.autocritica.ro\/wp-content\/uploads\/2026\/01\/26c0017_123-2048x1536.jpg 2048w\" sizes=\"auto, (max-width: 1024px) 100vw, 1024px\" \/><\/a><\/figure>\n\n\n\n<figure class=\"wp-block-image size-large\"><a href=\"https:\/\/www.autocritica.ro\/wp-content\/uploads\/2026\/01\/26c0017_124.jpg\" data-lbwps-width=\"4512\" data-lbwps-height=\"3384\" data-lbwps-srcsmall=\"https:\/\/www.autocritica.ro\/wp-content\/uploads\/2026\/01\/26c0017_124-300x225.jpg\"><img loading=\"lazy\" decoding=\"async\" width=\"1024\" height=\"768\" data-id=\"269903\" src=\"https:\/\/www.autocritica.ro\/wp-content\/uploads\/2026\/01\/26c0017_124-1024x768.jpg\" alt=\"\" class=\"wp-image-269903\" srcset=\"https:\/\/www.autocritica.ro\/wp-content\/uploads\/2026\/01\/26c0017_124-1024x768.jpg 1024w, https:\/\/www.autocritica.ro\/wp-content\/uploads\/2026\/01\/26c0017_124-300x225.jpg 300w, https:\/\/www.autocritica.ro\/wp-content\/uploads\/2026\/01\/26c0017_124-768x576.jpg 768w, https:\/\/www.autocritica.ro\/wp-content\/uploads\/2026\/01\/26c0017_124-1536x1152.jpg 1536w, https:\/\/www.autocritica.ro\/wp-content\/uploads\/2026\/01\/26c0017_124-2048x1536.jpg 2048w\" sizes=\"auto, (max-width: 1024px) 100vw, 1024px\" \/><\/a><\/figure>\n\n\n\n<figure class=\"wp-block-image size-large\"><a href=\"https:\/\/www.autocritica.ro\/wp-content\/uploads\/2026\/01\/26c0017_501.jpg\" data-lbwps-width=\"3328\" data-lbwps-height=\"1872\" data-lbwps-srcsmall=\"https:\/\/www.autocritica.ro\/wp-content\/uploads\/2026\/01\/26c0017_501-300x169.jpg\"><img loading=\"lazy\" decoding=\"async\" width=\"1024\" height=\"576\" data-id=\"269907\" src=\"https:\/\/www.autocritica.ro\/wp-content\/uploads\/2026\/01\/26c0017_501-1024x576.jpg\" alt=\"\" class=\"wp-image-269907\" srcset=\"https:\/\/www.autocritica.ro\/wp-content\/uploads\/2026\/01\/26c0017_501-1024x576.jpg 1024w, https:\/\/www.autocritica.ro\/wp-content\/uploads\/2026\/01\/26c0017_501-300x169.jpg 300w, https:\/\/www.autocritica.ro\/wp-content\/uploads\/2026\/01\/26c0017_501-768x432.jpg 768w, https:\/\/www.autocritica.ro\/wp-content\/uploads\/2026\/01\/26c0017_501-1536x864.jpg 1536w, https:\/\/www.autocritica.ro\/wp-content\/uploads\/2026\/01\/26c0017_501-2048x1152.jpg 2048w\" sizes=\"auto, (max-width: 1024px) 100vw, 1024px\" \/><\/a><\/figure>\n\n\n\n<figure class=\"wp-block-image size-large\"><a href=\"https:\/\/www.autocritica.ro\/wp-content\/uploads\/2026\/01\/26c0017_503.jpg\" data-lbwps-width=\"2951\" data-lbwps-height=\"1660\" data-lbwps-srcsmall=\"https:\/\/www.autocritica.ro\/wp-content\/uploads\/2026\/01\/26c0017_503-300x169.jpg\"><img loading=\"lazy\" decoding=\"async\" width=\"1024\" height=\"576\" data-id=\"269911\" src=\"https:\/\/www.autocritica.ro\/wp-content\/uploads\/2026\/01\/26c0017_503-1024x576.jpg\" alt=\"\" class=\"wp-image-269911\" srcset=\"https:\/\/www.autocritica.ro\/wp-content\/uploads\/2026\/01\/26c0017_503-1024x576.jpg 1024w, https:\/\/www.autocritica.ro\/wp-content\/uploads\/2026\/01\/26c0017_503-300x169.jpg 300w, https:\/\/www.autocritica.ro\/wp-content\/uploads\/2026\/01\/26c0017_503-768x432.jpg 768w, https:\/\/www.autocritica.ro\/wp-content\/uploads\/2026\/01\/26c0017_503-1536x864.jpg 1536w, https:\/\/www.autocritica.ro\/wp-content\/uploads\/2026\/01\/26c0017_503-2048x1152.jpg 2048w\" sizes=\"auto, (max-width: 1024px) 100vw, 1024px\" \/><\/a><\/figure>\n\n\n\n<figure class=\"wp-block-image size-large\"><a href=\"https:\/\/www.autocritica.ro\/wp-content\/uploads\/2026\/01\/26c0017_505.jpg\" data-lbwps-width=\"2917\" data-lbwps-height=\"1641\" data-lbwps-srcsmall=\"https:\/\/www.autocritica.ro\/wp-content\/uploads\/2026\/01\/26c0017_505-300x169.jpg\"><img loading=\"lazy\" decoding=\"async\" width=\"1024\" height=\"576\" data-id=\"269915\" src=\"https:\/\/www.autocritica.ro\/wp-content\/uploads\/2026\/01\/26c0017_505-1024x576.jpg\" alt=\"\" class=\"wp-image-269915\" srcset=\"https:\/\/www.autocritica.ro\/wp-content\/uploads\/2026\/01\/26c0017_505-1024x576.jpg 1024w, https:\/\/www.autocritica.ro\/wp-content\/uploads\/2026\/01\/26c0017_505-300x169.jpg 300w, https:\/\/www.autocritica.ro\/wp-content\/uploads\/2026\/01\/26c0017_505-768x432.jpg 768w, https:\/\/www.autocritica.ro\/wp-content\/uploads\/2026\/01\/26c0017_505-1536x864.jpg 1536w, https:\/\/www.autocritica.ro\/wp-content\/uploads\/2026\/01\/26c0017_505-2048x1152.jpg 2048w\" sizes=\"auto, (max-width: 1024px) 100vw, 1024px\" \/><\/a><\/figure>\n\n\n\n<figure class=\"wp-block-image size-large\"><a href=\"https:\/\/www.autocritica.ro\/wp-content\/uploads\/2026\/01\/26c0017_507.jpg\" data-lbwps-width=\"3465\" data-lbwps-height=\"1949\" data-lbwps-srcsmall=\"https:\/\/www.autocritica.ro\/wp-content\/uploads\/2026\/01\/26c0017_507-300x169.jpg\"><img loading=\"lazy\" decoding=\"async\" width=\"1024\" height=\"576\" data-id=\"269919\" src=\"https:\/\/www.autocritica.ro\/wp-content\/uploads\/2026\/01\/26c0017_507-1024x576.jpg\" alt=\"\" class=\"wp-image-269919\" srcset=\"https:\/\/www.autocritica.ro\/wp-content\/uploads\/2026\/01\/26c0017_507-1024x576.jpg 1024w, https:\/\/www.autocritica.ro\/wp-content\/uploads\/2026\/01\/26c0017_507-300x169.jpg 300w, https:\/\/www.autocritica.ro\/wp-content\/uploads\/2026\/01\/26c0017_507-768x432.jpg 768w, https:\/\/www.autocritica.ro\/wp-content\/uploads\/2026\/01\/26c0017_507-1536x864.jpg 1536w, https:\/\/www.autocritica.ro\/wp-content\/uploads\/2026\/01\/26c0017_507-2048x1152.jpg 2048w\" sizes=\"auto, (max-width: 1024px) 100vw, 1024px\" \/><\/a><\/figure>\n\n\n\n<figure class=\"wp-block-image size-large\"><a href=\"https:\/\/www.autocritica.ro\/wp-content\/uploads\/2026\/01\/26c0017_509.jpg\" data-lbwps-width=\"3303\" data-lbwps-height=\"1858\" data-lbwps-srcsmall=\"https:\/\/www.autocritica.ro\/wp-content\/uploads\/2026\/01\/26c0017_509-300x169.jpg\"><img loading=\"lazy\" decoding=\"async\" width=\"1024\" height=\"576\" data-id=\"269923\" src=\"https:\/\/www.autocritica.ro\/wp-content\/uploads\/2026\/01\/26c0017_509-1024x576.jpg\" alt=\"\" class=\"wp-image-269923\" srcset=\"https:\/\/www.autocritica.ro\/wp-content\/uploads\/2026\/01\/26c0017_509-1024x576.jpg 1024w, https:\/\/www.autocritica.ro\/wp-content\/uploads\/2026\/01\/26c0017_509-300x169.jpg 300w, https:\/\/www.autocritica.ro\/wp-content\/uploads\/2026\/01\/26c0017_509-768x432.jpg 768w, https:\/\/www.autocritica.ro\/wp-content\/uploads\/2026\/01\/26c0017_509-1536x864.jpg 1536w, https:\/\/www.autocritica.ro\/wp-content\/uploads\/2026\/01\/26c0017_509-2048x1152.jpg 2048w\" sizes=\"auto, (max-width: 1024px) 100vw, 1024px\" \/><\/a><\/figure>\n\n\n\n<figure class=\"wp-block-image size-large\"><a href=\"https:\/\/www.autocritica.ro\/wp-content\/uploads\/2026\/01\/26c0017_511.jpg\" data-lbwps-width=\"3305\" data-lbwps-height=\"1859\" data-lbwps-srcsmall=\"https:\/\/www.autocritica.ro\/wp-content\/uploads\/2026\/01\/26c0017_511-300x169.jpg\"><img loading=\"lazy\" decoding=\"async\" width=\"1024\" height=\"576\" data-id=\"269927\" src=\"https:\/\/www.autocritica.ro\/wp-content\/uploads\/2026\/01\/26c0017_511-1024x576.jpg\" alt=\"\" class=\"wp-image-269927\" srcset=\"https:\/\/www.autocritica.ro\/wp-content\/uploads\/2026\/01\/26c0017_511-1024x576.jpg 1024w, https:\/\/www.autocritica.ro\/wp-content\/uploads\/2026\/01\/26c0017_511-300x169.jpg 300w, https:\/\/www.autocritica.ro\/wp-content\/uploads\/2026\/01\/26c0017_511-768x432.jpg 768w, https:\/\/www.autocritica.ro\/wp-content\/uploads\/2026\/01\/26c0017_511-1536x864.jpg 1536w, https:\/\/www.autocritica.ro\/wp-content\/uploads\/2026\/01\/26c0017_511-2048x1152.jpg 2048w\" sizes=\"auto, (max-width: 1024px) 100vw, 1024px\" \/><\/a><\/figure>\n\n\n\n<figure class=\"wp-block-image size-large\"><a href=\"https:\/\/www.autocritica.ro\/wp-content\/uploads\/2026\/01\/26c0017_513.jpg\" data-lbwps-width=\"3295\" data-lbwps-height=\"1854\" data-lbwps-srcsmall=\"https:\/\/www.autocritica.ro\/wp-content\/uploads\/2026\/01\/26c0017_513-300x169.jpg\"><img loading=\"lazy\" decoding=\"async\" width=\"1024\" height=\"576\" data-id=\"269931\" src=\"https:\/\/www.autocritica.ro\/wp-content\/uploads\/2026\/01\/26c0017_513-1024x576.jpg\" alt=\"\" class=\"wp-image-269931\" srcset=\"https:\/\/www.autocritica.ro\/wp-content\/uploads\/2026\/01\/26c0017_513-1024x576.jpg 1024w, https:\/\/www.autocritica.ro\/wp-content\/uploads\/2026\/01\/26c0017_513-300x169.jpg 300w, https:\/\/www.autocritica.ro\/wp-content\/uploads\/2026\/01\/26c0017_513-768x432.jpg 768w, https:\/\/www.autocritica.ro\/wp-content\/uploads\/2026\/01\/26c0017_513-1536x864.jpg 1536w, https:\/\/www.autocritica.ro\/wp-content\/uploads\/2026\/01\/26c0017_513-2048x1152.jpg 2048w\" sizes=\"auto, (max-width: 1024px) 100vw, 1024px\" \/><\/a><\/figure>\n\n\n\n<figure class=\"wp-block-image size-large\"><a href=\"https:\/\/www.autocritica.ro\/wp-content\/uploads\/2026\/01\/26c0017_515.jpg\" data-lbwps-width=\"2812\" data-lbwps-height=\"1582\" data-lbwps-srcsmall=\"https:\/\/www.autocritica.ro\/wp-content\/uploads\/2026\/01\/26c0017_515-300x169.jpg\"><img loading=\"lazy\" decoding=\"async\" width=\"1024\" height=\"576\" data-id=\"269935\" src=\"https:\/\/www.autocritica.ro\/wp-content\/uploads\/2026\/01\/26c0017_515-1024x576.jpg\" alt=\"\" class=\"wp-image-269935\" srcset=\"https:\/\/www.autocritica.ro\/wp-content\/uploads\/2026\/01\/26c0017_515-1024x576.jpg 1024w, https:\/\/www.autocritica.ro\/wp-content\/uploads\/2026\/01\/26c0017_515-300x169.jpg 300w, https:\/\/www.autocritica.ro\/wp-content\/uploads\/2026\/01\/26c0017_515-768x432.jpg 768w, https:\/\/www.autocritica.ro\/wp-content\/uploads\/2026\/01\/26c0017_515-1536x864.jpg 1536w, https:\/\/www.autocritica.ro\/wp-content\/uploads\/2026\/01\/26c0017_515-2048x1152.jpg 2048w\" sizes=\"auto, (max-width: 1024px) 100vw, 1024px\" \/><\/a><\/figure>\n\n\n\n<figure class=\"wp-block-image size-large\"><a href=\"https:\/\/www.autocritica.ro\/wp-content\/uploads\/2026\/01\/26c0017_517.jpg\" data-lbwps-width=\"3077\" data-lbwps-height=\"1731\" data-lbwps-srcsmall=\"https:\/\/www.autocritica.ro\/wp-content\/uploads\/2026\/01\/26c0017_517-300x169.jpg\"><img loading=\"lazy\" decoding=\"async\" width=\"1024\" height=\"576\" data-id=\"269939\" src=\"https:\/\/www.autocritica.ro\/wp-content\/uploads\/2026\/01\/26c0017_517-1024x576.jpg\" alt=\"\" class=\"wp-image-269939\" srcset=\"https:\/\/www.autocritica.ro\/wp-content\/uploads\/2026\/01\/26c0017_517-1024x576.jpg 1024w, https:\/\/www.autocritica.ro\/wp-content\/uploads\/2026\/01\/26c0017_517-300x169.jpg 300w, https:\/\/www.autocritica.ro\/wp-content\/uploads\/2026\/01\/26c0017_517-768x432.jpg 768w, https:\/\/www.autocritica.ro\/wp-content\/uploads\/2026\/01\/26c0017_517-1536x864.jpg 1536w, https:\/\/www.autocritica.ro\/wp-content\/uploads\/2026\/01\/26c0017_517-2048x1152.jpg 2048w\" sizes=\"auto, (max-width: 1024px) 100vw, 1024px\" \/><\/a><\/figure>\n\n\n\n<figure class=\"wp-block-image size-large\"><a href=\"https:\/\/www.autocritica.ro\/wp-content\/uploads\/2026\/01\/26c0017_519.jpg\" data-lbwps-width=\"2810\" data-lbwps-height=\"1581\" data-lbwps-srcsmall=\"https:\/\/www.autocritica.ro\/wp-content\/uploads\/2026\/01\/26c0017_519-300x169.jpg\"><img loading=\"lazy\" decoding=\"async\" width=\"1024\" height=\"576\" data-id=\"269943\" src=\"https:\/\/www.autocritica.ro\/wp-content\/uploads\/2026\/01\/26c0017_519-1024x576.jpg\" alt=\"\" class=\"wp-image-269943\" srcset=\"https:\/\/www.autocritica.ro\/wp-content\/uploads\/2026\/01\/26c0017_519-1024x576.jpg 1024w, https:\/\/www.autocritica.ro\/wp-content\/uploads\/2026\/01\/26c0017_519-300x169.jpg 300w, https:\/\/www.autocritica.ro\/wp-content\/uploads\/2026\/01\/26c0017_519-768x432.jpg 768w, https:\/\/www.autocritica.ro\/wp-content\/uploads\/2026\/01\/26c0017_519-1536x864.jpg 1536w, https:\/\/www.autocritica.ro\/wp-content\/uploads\/2026\/01\/26c0017_519-2048x1152.jpg 2048w\" sizes=\"auto, (max-width: 1024px) 100vw, 1024px\" \/><\/a><\/figure>\n\n\n\n<figure class=\"wp-block-image size-large\"><a href=\"https:\/\/www.autocritica.ro\/wp-content\/uploads\/2026\/01\/26c0017_521.jpg\" data-lbwps-width=\"3773\" data-lbwps-height=\"2122\" data-lbwps-srcsmall=\"https:\/\/www.autocritica.ro\/wp-content\/uploads\/2026\/01\/26c0017_521-300x169.jpg\"><img loading=\"lazy\" decoding=\"async\" width=\"1024\" height=\"576\" data-id=\"269947\" src=\"https:\/\/www.autocritica.ro\/wp-content\/uploads\/2026\/01\/26c0017_521-1024x576.jpg\" alt=\"\" class=\"wp-image-269947\" srcset=\"https:\/\/www.autocritica.ro\/wp-content\/uploads\/2026\/01\/26c0017_521-1024x576.jpg 1024w, https:\/\/www.autocritica.ro\/wp-content\/uploads\/2026\/01\/26c0017_521-300x169.jpg 300w, https:\/\/www.autocritica.ro\/wp-content\/uploads\/2026\/01\/26c0017_521-768x432.jpg 768w, https:\/\/www.autocritica.ro\/wp-content\/uploads\/2026\/01\/26c0017_521-1536x864.jpg 1536w, https:\/\/www.autocritica.ro\/wp-content\/uploads\/2026\/01\/26c0017_521-2048x1152.jpg 2048w\" sizes=\"auto, (max-width: 1024px) 100vw, 1024px\" \/><\/a><\/figure>\n\n\n\n<figure class=\"wp-block-image size-large\"><a href=\"https:\/\/www.autocritica.ro\/wp-content\/uploads\/2026\/01\/26c0017_523.jpg\" data-lbwps-width=\"3776\" data-lbwps-height=\"2124\" data-lbwps-srcsmall=\"https:\/\/www.autocritica.ro\/wp-content\/uploads\/2026\/01\/26c0017_523-300x169.jpg\"><img loading=\"lazy\" decoding=\"async\" width=\"1024\" height=\"576\" data-id=\"269951\" src=\"https:\/\/www.autocritica.ro\/wp-content\/uploads\/2026\/01\/26c0017_523-1024x576.jpg\" alt=\"\" class=\"wp-image-269951\" srcset=\"https:\/\/www.autocritica.ro\/wp-content\/uploads\/2026\/01\/26c0017_523-1024x576.jpg 1024w, https:\/\/www.autocritica.ro\/wp-content\/uploads\/2026\/01\/26c0017_523-300x169.jpg 300w, https:\/\/www.autocritica.ro\/wp-content\/uploads\/2026\/01\/26c0017_523-768x432.jpg 768w, https:\/\/www.autocritica.ro\/wp-content\/uploads\/2026\/01\/26c0017_523-1536x864.jpg 1536w, https:\/\/www.autocritica.ro\/wp-content\/uploads\/2026\/01\/26c0017_523-2048x1152.jpg 2048w\" sizes=\"auto, (max-width: 1024px) 100vw, 1024px\" \/><\/a><\/figure>\n\n\n\n<figure class=\"wp-block-image size-large\"><a href=\"https:\/\/www.autocritica.ro\/wp-content\/uploads\/2026\/01\/26c0017_525.jpg\" data-lbwps-width=\"3603\" data-lbwps-height=\"2027\" data-lbwps-srcsmall=\"https:\/\/www.autocritica.ro\/wp-content\/uploads\/2026\/01\/26c0017_525-300x169.jpg\"><img loading=\"lazy\" decoding=\"async\" width=\"1024\" height=\"576\" data-id=\"269956\" src=\"https:\/\/www.autocritica.ro\/wp-content\/uploads\/2026\/01\/26c0017_525-1024x576.jpg\" alt=\"\" class=\"wp-image-269956\" srcset=\"https:\/\/www.autocritica.ro\/wp-content\/uploads\/2026\/01\/26c0017_525-1024x576.jpg 1024w, https:\/\/www.autocritica.ro\/wp-content\/uploads\/2026\/01\/26c0017_525-300x169.jpg 300w, https:\/\/www.autocritica.ro\/wp-content\/uploads\/2026\/01\/26c0017_525-768x432.jpg 768w, https:\/\/www.autocritica.ro\/wp-content\/uploads\/2026\/01\/26c0017_525-1536x864.jpg 1536w, https:\/\/www.autocritica.ro\/wp-content\/uploads\/2026\/01\/26c0017_525-2048x1152.jpg 2048w\" sizes=\"auto, (max-width: 1024px) 100vw, 1024px\" \/><\/a><\/figure>\n\n\n\n<figure class=\"wp-block-image size-large\"><a href=\"https:\/\/www.autocritica.ro\/wp-content\/uploads\/2026\/01\/26c0017_527.jpg\" data-lbwps-width=\"2660\" data-lbwps-height=\"1496\" data-lbwps-srcsmall=\"https:\/\/www.autocritica.ro\/wp-content\/uploads\/2026\/01\/26c0017_527-300x169.jpg\"><img loading=\"lazy\" decoding=\"async\" width=\"1024\" height=\"576\" data-id=\"269960\" src=\"https:\/\/www.autocritica.ro\/wp-content\/uploads\/2026\/01\/26c0017_527-1024x576.jpg\" alt=\"\" class=\"wp-image-269960\" srcset=\"https:\/\/www.autocritica.ro\/wp-content\/uploads\/2026\/01\/26c0017_527-1024x576.jpg 1024w, https:\/\/www.autocritica.ro\/wp-content\/uploads\/2026\/01\/26c0017_527-300x169.jpg 300w, https:\/\/www.autocritica.ro\/wp-content\/uploads\/2026\/01\/26c0017_527-768x432.jpg 768w, https:\/\/www.autocritica.ro\/wp-content\/uploads\/2026\/01\/26c0017_527-1536x864.jpg 1536w, https:\/\/www.autocritica.ro\/wp-content\/uploads\/2026\/01\/26c0017_527-2048x1152.jpg 2048w\" sizes=\"auto, (max-width: 1024px) 100vw, 1024px\" \/><\/a><\/figure>\n\n\n\n<figure class=\"wp-block-image size-large\"><a href=\"https:\/\/www.autocritica.ro\/wp-content\/uploads\/2026\/01\/26c0017_529.jpg\" data-lbwps-width=\"3762\" data-lbwps-height=\"2116\" data-lbwps-srcsmall=\"https:\/\/www.autocritica.ro\/wp-content\/uploads\/2026\/01\/26c0017_529-300x169.jpg\"><img loading=\"lazy\" decoding=\"async\" width=\"1024\" height=\"576\" data-id=\"269964\" src=\"https:\/\/www.autocritica.ro\/wp-content\/uploads\/2026\/01\/26c0017_529-1024x576.jpg\" alt=\"\" class=\"wp-image-269964\" srcset=\"https:\/\/www.autocritica.ro\/wp-content\/uploads\/2026\/01\/26c0017_529-1024x576.jpg 1024w, https:\/\/www.autocritica.ro\/wp-content\/uploads\/2026\/01\/26c0017_529-300x169.jpg 300w, https:\/\/www.autocritica.ro\/wp-content\/uploads\/2026\/01\/26c0017_529-768x432.jpg 768w, https:\/\/www.autocritica.ro\/wp-content\/uploads\/2026\/01\/26c0017_529-1536x864.jpg 1536w, https:\/\/www.autocritica.ro\/wp-content\/uploads\/2026\/01\/26c0017_529-2048x1152.jpg 2048w\" sizes=\"auto, (max-width: 1024px) 100vw, 1024px\" \/><\/a><\/figure>\n<\/figure>\n","protected":false},"author":3,"featured_media":269719,"comment_status":"closed","ping_status":"closed","template":"","meta":{"_acf_changed":false,"footnotes":""},"tags":[889,56],"class_list":["post-269717","live-news","type-live-news","status-publish","has-post-thumbnail","hentry","tag-clasa-s","tag-mercedes"],"acf":[],"yoast_head":"<!-- This site is optimized with the Yoast SEO Premium plugin v27.5 (Yoast SEO v27.5) - https:\/\/yoast.com\/product\/yoast-seo-premium-wordpress\/ -->\n<title>Mercedes-Benz a prezentat oficial noul Clasa S - Autocritica<\/title>\n<meta name=\"robots\" content=\"index, follow, max-snippet:-1, max-image-preview:large, max-video-preview:-1\" \/>\n<link rel=\"canonical\" href=\"https:\/\/www.autocritica.ro\/en\/live-news\/mercedes-benz-a-prezentat-oficial-noul-clasa-s\/\" \/>\n<meta property=\"og:locale\" content=\"en_US\" \/>\n<meta property=\"og:type\" content=\"article\" \/>\n<meta property=\"og:title\" content=\"Mercedes-Benz a prezentat oficial noul Clasa S\" \/>\n<meta property=\"og:description\" content=\"Mercedes-Benz marcheaz\u0103 \u00een 2026 un prag istoric important: aniversarea a 140 de ani de c\u00e2nd Carl Benz a inventat automobilul, \u00een 1886. Pentru a celebra\" \/>\n<meta property=\"og:url\" content=\"https:\/\/www.autocritica.ro\/en\/live-news\/mercedes-benz-a-prezentat-oficial-noul-clasa-s\/\" \/>\n<meta property=\"og:site_name\" content=\"Autocritica\" \/>\n<meta property=\"article:publisher\" content=\"https:\/\/www.facebook.com\/autocritica.ro\" \/>\n<meta property=\"article:modified_time\" content=\"2026-01-29T20:34:17+00:00\" \/>\n<meta property=\"og:image\" content=\"https:\/\/www.autocritica.ro\/wp-content\/uploads\/2026\/01\/26c0017_030-scaled.jpg\" \/>\n\t<meta property=\"og:image:width\" content=\"2560\" \/>\n\t<meta property=\"og:image:height\" content=\"1707\" \/>\n\t<meta property=\"og:image:type\" content=\"image\/jpeg\" \/>\n<meta name=\"twitter:card\" content=\"summary_large_image\" \/>\n<meta name=\"twitter:label1\" content=\"Est. reading time\" \/>\n\t<meta name=\"twitter:data1\" content=\"4 minutes\" \/>\n<script type=\"application\/ld+json\" class=\"yoast-schema-graph\">{\"@context\":\"https:\\\/\\\/schema.org\",\"@graph\":[{\"@type\":\"WebPage\",\"@id\":\"https:\\\/\\\/www.autocritica.ro\\\/en\\\/live-news\\\/mercedes-benz-a-prezentat-oficial-noul-clasa-s\\\/\",\"url\":\"https:\\\/\\\/www.autocritica.ro\\\/en\\\/live-news\\\/mercedes-benz-a-prezentat-oficial-noul-clasa-s\\\/\",\"name\":\"Mercedes-Benz a prezentat oficial noul Clasa S - Autocritica\",\"isPartOf\":{\"@id\":\"https:\\\/\\\/www.autocritica.ro\\\/en\\\/#website\"},\"primaryImageOfPage\":{\"@id\":\"https:\\\/\\\/www.autocritica.ro\\\/en\\\/live-news\\\/mercedes-benz-a-prezentat-oficial-noul-clasa-s\\\/#primaryimage\"},\"image\":{\"@id\":\"https:\\\/\\\/www.autocritica.ro\\\/en\\\/live-news\\\/mercedes-benz-a-prezentat-oficial-noul-clasa-s\\\/#primaryimage\"},\"thumbnailUrl\":\"https:\\\/\\\/www.autocritica.ro\\\/wp-content\\\/uploads\\\/2026\\\/01\\\/26c0017_030-scaled.jpg\",\"datePublished\":\"2026-01-29T20:34:15+00:00\",\"dateModified\":\"2026-01-29T20:34:17+00:00\",\"breadcrumb\":{\"@id\":\"https:\\\/\\\/www.autocritica.ro\\\/en\\\/live-news\\\/mercedes-benz-a-prezentat-oficial-noul-clasa-s\\\/#breadcrumb\"},\"inLanguage\":\"en-US\",\"potentialAction\":[{\"@type\":\"ReadAction\",\"target\":[\"https:\\\/\\\/www.autocritica.ro\\\/en\\\/live-news\\\/mercedes-benz-a-prezentat-oficial-noul-clasa-s\\\/\"]}]},{\"@type\":\"ImageObject\",\"inLanguage\":\"en-US\",\"@id\":\"https:\\\/\\\/www.autocritica.ro\\\/en\\\/live-news\\\/mercedes-benz-a-prezentat-oficial-noul-clasa-s\\\/#primaryimage\",\"url\":\"https:\\\/\\\/www.autocritica.ro\\\/wp-content\\\/uploads\\\/2026\\\/01\\\/26c0017_030-scaled.jpg\",\"contentUrl\":\"https:\\\/\\\/www.autocritica.ro\\\/wp-content\\\/uploads\\\/2026\\\/01\\\/26c0017_030-scaled.jpg\",\"width\":2560,\"height\":1707,\"caption\":\"Die neue S-Klasse. Stuttgart, 2026. Lackfarbe: MANUFAKTUR black sparkling Exterieur: AMG Line Interieur: MANUFAKTUR tiefwei\u00df \\\/ schwarz; Exklusiv-Paket The new S-Class. Stuttgart, 2026. Exterior colour: MANUFAKTUR black sparkling Exterior: AMG Line Interior: MANUFAKTUR deep white\\\/black; Exclusive Package\"},{\"@type\":\"BreadcrumbList\",\"@id\":\"https:\\\/\\\/www.autocritica.ro\\\/en\\\/live-news\\\/mercedes-benz-a-prezentat-oficial-noul-clasa-s\\\/#breadcrumb\",\"itemListElement\":[{\"@type\":\"ListItem\",\"position\":1,\"name\":\"Home\",\"item\":\"https:\\\/\\\/www.autocritica.ro\\\/en\\\/\"},{\"@type\":\"ListItem\",\"position\":2,\"name\":\"Live News\",\"item\":\"https:\\\/\\\/www.autocritica.ro\\\/en\\\/live-news\\\/\"},{\"@type\":\"ListItem\",\"position\":3,\"name\":\"Mercedes-Benz a prezentat oficial noul Clasa S\"}]},{\"@type\":\"WebSite\",\"@id\":\"https:\\\/\\\/www.autocritica.ro\\\/en\\\/#website\",\"url\":\"https:\\\/\\\/www.autocritica.ro\\\/en\\\/\",\"name\":\"Autocritica\",\"description\":\"\",\"publisher\":{\"@id\":\"https:\\\/\\\/www.autocritica.ro\\\/en\\\/#organization\"},\"potentialAction\":[{\"@type\":\"SearchAction\",\"target\":{\"@type\":\"EntryPoint\",\"urlTemplate\":\"https:\\\/\\\/www.autocritica.ro\\\/en\\\/?s={search_term_string}\"},\"query-input\":{\"@type\":\"PropertyValueSpecification\",\"valueRequired\":true,\"valueName\":\"search_term_string\"}}],\"inLanguage\":\"en-US\"},{\"@type\":\"Organization\",\"@id\":\"https:\\\/\\\/www.autocritica.ro\\\/en\\\/#organization\",\"name\":\"Autocritica\",\"url\":\"https:\\\/\\\/www.autocritica.ro\\\/en\\\/\",\"logo\":{\"@type\":\"ImageObject\",\"inLanguage\":\"en-US\",\"@id\":\"https:\\\/\\\/www.autocritica.ro\\\/en\\\/#\\\/schema\\\/logo\\\/image\\\/\",\"url\":\"https:\\\/\\\/www.autocritica.ro\\\/wp-content\\\/uploads\\\/2020\\\/12\\\/logo-negru.png\",\"contentUrl\":\"https:\\\/\\\/www.autocritica.ro\\\/wp-content\\\/uploads\\\/2020\\\/12\\\/logo-negru.png\",\"width\":300,\"height\":102,\"caption\":\"Autocritica\"},\"image\":{\"@id\":\"https:\\\/\\\/www.autocritica.ro\\\/en\\\/#\\\/schema\\\/logo\\\/image\\\/\"},\"sameAs\":[\"https:\\\/\\\/www.facebook.com\\\/autocritica.ro\",\"https:\\\/\\\/www.instagram.com\\\/autocritica.ro\\\/\"]}]}<\/script>\n<!-- \/ Yoast SEO Premium plugin. -->","yoast_head_json":{"title":"Mercedes-Benz a prezentat oficial noul Clasa S - Autocritica","robots":{"index":"index","follow":"follow","max-snippet":"max-snippet:-1","max-image-preview":"max-image-preview:large","max-video-preview":"max-video-preview:-1"},"canonical":"https:\/\/www.autocritica.ro\/en\/live-news\/mercedes-benz-a-prezentat-oficial-noul-clasa-s\/","og_locale":"en_US","og_type":"article","og_title":"Mercedes-Benz a prezentat oficial noul Clasa S","og_description":"Mercedes-Benz marcheaz\u0103 \u00een 2026 un prag istoric important: aniversarea a 140 de ani de c\u00e2nd Carl Benz a inventat automobilul, \u00een 1886. Pentru a celebra","og_url":"https:\/\/www.autocritica.ro\/en\/live-news\/mercedes-benz-a-prezentat-oficial-noul-clasa-s\/","og_site_name":"Autocritica","article_publisher":"https:\/\/www.facebook.com\/autocritica.ro","article_modified_time":"2026-01-29T20:34:17+00:00","og_image":[{"width":2560,"height":1707,"url":"https:\/\/www.autocritica.ro\/wp-content\/uploads\/2026\/01\/26c0017_030-scaled.jpg","type":"image\/jpeg"}],"twitter_card":"summary_large_image","twitter_misc":{"Est. reading time":"4 minutes"},"schema":{"@context":"https:\/\/schema.org","@graph":[{"@type":"WebPage","@id":"https:\/\/www.autocritica.ro\/en\/live-news\/mercedes-benz-a-prezentat-oficial-noul-clasa-s\/","url":"https:\/\/www.autocritica.ro\/en\/live-news\/mercedes-benz-a-prezentat-oficial-noul-clasa-s\/","name":"Mercedes-Benz a prezentat oficial noul Clasa S - Autocritica","isPartOf":{"@id":"https:\/\/www.autocritica.ro\/en\/#website"},"primaryImageOfPage":{"@id":"https:\/\/www.autocritica.ro\/en\/live-news\/mercedes-benz-a-prezentat-oficial-noul-clasa-s\/#primaryimage"},"image":{"@id":"https:\/\/www.autocritica.ro\/en\/live-news\/mercedes-benz-a-prezentat-oficial-noul-clasa-s\/#primaryimage"},"thumbnailUrl":"https:\/\/www.autocritica.ro\/wp-content\/uploads\/2026\/01\/26c0017_030-scaled.jpg","datePublished":"2026-01-29T20:34:15+00:00","dateModified":"2026-01-29T20:34:17+00:00","breadcrumb":{"@id":"https:\/\/www.autocritica.ro\/en\/live-news\/mercedes-benz-a-prezentat-oficial-noul-clasa-s\/#breadcrumb"},"inLanguage":"en-US","potentialAction":[{"@type":"ReadAction","target":["https:\/\/www.autocritica.ro\/en\/live-news\/mercedes-benz-a-prezentat-oficial-noul-clasa-s\/"]}]},{"@type":"ImageObject","inLanguage":"en-US","@id":"https:\/\/www.autocritica.ro\/en\/live-news\/mercedes-benz-a-prezentat-oficial-noul-clasa-s\/#primaryimage","url":"https:\/\/www.autocritica.ro\/wp-content\/uploads\/2026\/01\/26c0017_030-scaled.jpg","contentUrl":"https:\/\/www.autocritica.ro\/wp-content\/uploads\/2026\/01\/26c0017_030-scaled.jpg","width":2560,"height":1707,"caption":"Die neue S-Klasse. Stuttgart, 2026. Lackfarbe: MANUFAKTUR black sparkling Exterieur: AMG Line Interieur: MANUFAKTUR tiefwei\u00df \/ schwarz; Exklusiv-Paket The new S-Class. Stuttgart, 2026. Exterior colour: MANUFAKTUR black sparkling Exterior: AMG Line Interior: MANUFAKTUR deep white\/black; Exclusive Package"},{"@type":"BreadcrumbList","@id":"https:\/\/www.autocritica.ro\/en\/live-news\/mercedes-benz-a-prezentat-oficial-noul-clasa-s\/#breadcrumb","itemListElement":[{"@type":"ListItem","position":1,"name":"Home","item":"https:\/\/www.autocritica.ro\/en\/"},{"@type":"ListItem","position":2,"name":"Live News","item":"https:\/\/www.autocritica.ro\/en\/live-news\/"},{"@type":"ListItem","position":3,"name":"Mercedes-Benz a prezentat oficial noul Clasa S"}]},{"@type":"WebSite","@id":"https:\/\/www.autocritica.ro\/en\/#website","url":"https:\/\/www.autocritica.ro\/en\/","name":"Autocritica","description":"","publisher":{"@id":"https:\/\/www.autocritica.ro\/en\/#organization"},"potentialAction":[{"@type":"SearchAction","target":{"@type":"EntryPoint","urlTemplate":"https:\/\/www.autocritica.ro\/en\/?s={search_term_string}"},"query-input":{"@type":"PropertyValueSpecification","valueRequired":true,"valueName":"search_term_string"}}],"inLanguage":"en-US"},{"@type":"Organization","@id":"https:\/\/www.autocritica.ro\/en\/#organization","name":"Autocritica","url":"https:\/\/www.autocritica.ro\/en\/","logo":{"@type":"ImageObject","inLanguage":"en-US","@id":"https:\/\/www.autocritica.ro\/en\/#\/schema\/logo\/image\/","url":"https:\/\/www.autocritica.ro\/wp-content\/uploads\/2020\/12\/logo-negru.png","contentUrl":"https:\/\/www.autocritica.ro\/wp-content\/uploads\/2020\/12\/logo-negru.png","width":300,"height":102,"caption":"Autocritica"},"image":{"@id":"https:\/\/www.autocritica.ro\/en\/#\/schema\/logo\/image\/"},"sameAs":["https:\/\/www.facebook.com\/autocritica.ro","https:\/\/www.instagram.com\/autocritica.ro\/"]}]}},"_links":{"self":[{"href":"https:\/\/www.autocritica.ro\/en\/wp-json\/wp\/v2\/live-news\/269717","targetHints":{"allow":["GET"]}}],"collection":[{"href":"https:\/\/www.autocritica.ro\/en\/wp-json\/wp\/v2\/live-news"}],"about":[{"href":"https:\/\/www.autocritica.ro\/en\/wp-json\/wp\/v2\/types\/live-news"}],"author":[{"embeddable":true,"href":"https:\/\/www.autocritica.ro\/en\/wp-json\/wp\/v2\/users\/3"}],"replies":[{"embeddable":true,"href":"https:\/\/www.autocritica.ro\/en\/wp-json\/wp\/v2\/comments?post=269717"}],"version-history":[{"count":4,"href":"https:\/\/www.autocritica.ro\/en\/wp-json\/wp\/v2\/live-news\/269717\/revisions"}],"predecessor-version":[{"id":269967,"href":"https:\/\/www.autocritica.ro\/en\/wp-json\/wp\/v2\/live-news\/269717\/revisions\/269967"}],"wp:featuredmedia":[{"embeddable":true,"href":"https:\/\/www.autocritica.ro\/en\/wp-json\/wp\/v2\/media\/269719"}],"wp:attachment":[{"href":"https:\/\/www.autocritica.ro\/en\/wp-json\/wp\/v2\/media?parent=269717"}],"wp:term":[{"taxonomy":"post_tag","embeddable":true,"href":"https:\/\/www.autocritica.ro\/en\/wp-json\/wp\/v2\/tags?post=269717"}],"curies":[{"name":"wp","href":"https:\/\/api.w.org\/{rel}","templated":true}]}}