{"id":269711,"date":"2026-01-29T17:32:13","date_gmt":"2026-01-29T14:32:13","guid":{"rendered":"https:\/\/www.autocritica.ro\/?post_type=live-news&#038;p=269711"},"modified":"2026-01-29T17:33:07","modified_gmt":"2026-01-29T14:33:07","slug":"byd-sealion-5-suv-ul-plug-in-hybrid-a-fost-lansat-in-romania","status":"publish","type":"live-news","link":"https:\/\/www.autocritica.ro\/en\/live-news\/byd-sealion-5-suv-ul-plug-in-hybrid-a-fost-lansat-in-romania\/","title":{"rendered":"BYD Sealion 5: SUV-ul plug-in hybrid a fost lansat \u00een Rom\u00e2nia"},"content":{"rendered":"\n<p>\u2022 BYD a lansat pe pia\u021ba din Rom\u00e2nia noul model Sealion 5 DM-i.<\/p>\n\n\n\n<p>\u2022 SUV-ul are un sistem de propulsie plug-in hybrid: motor pe benzin\u0103 de 1,5 litri (98 CP) + motor electric (197 CP) pentru un total de 217 CP.<\/p>\n\n\n\n<p>\u2022 \u00cen segmentul compact, Sealion 5 DM-i are rivali precum Ford Kuga, MG HS, Kia Sportage, Hyundai Tucson, Nissan Qashqai, Honda CR-V \u0219i Volkswagen Tiguan.<\/p>\n\n\n\n<p>\u2022 Dou\u0103 niveluri de echipare: Confort \u0219i Design.<\/p>\n\n\n\n<p>\u2022 Echiparea Confort vine cu o baterie de 12,96 kWh. Autonomie electric\u0103 de p\u00e2n\u0103 la 62 km, respectiv 992 km \u00een total (conform WLTP). 0-100 km\/h \u00een 7,7 secunde.<\/p>\n\n\n\n<p>\u2022 Echiparea Design ofer\u0103 o baterie de 18,3 kWh. Autonomie electric\u0103 de 86 km \u0219i total combinat de 1.016 km. 0-100 km\/h \u00een 8,1 secunde.<\/p>\n\n\n\n<p>\u2022 Vitez\u0103 de top: 170 km\/h.<\/p>\n\n\n\n<p>\u2022 Portbagaj de 463 de litri (p\u00e2n\u0103 la 1.410 litri prin rabatarea scaunelor spate).<\/p>\n\n\n\n<p>\u2022 \u00cenc\u0103rcare AC la 3,3 kW \u0219i sistem vehicle-to-load.<\/p>\n\n\n\n<p>\u2022 Dimensiuni: 4.738 mm lungime, 1.860 mm l\u0103\u021bime, 1.710 mm \u00een\u0103l\u021bime, 2.712 mm ampatament.<\/p>\n\n\n\n<p>\u2022 BYD anun\u021b\u0103 un pre\u021b de pornire de 27.600 de euro (cu TVA) pentru Sealion 5 \u00een echiparea Confort.<\/p>\n\n\n\n<p>\u2022 Livr\u0103rile \u00een Rom\u00e2nia vor \u00eencepe \u00een februarie.<\/p>\n\n\n\n<p>\u2022 Via: BYD<\/p>\n","protected":false},"author":16,"featured_media":269713,"comment_status":"closed","ping_status":"closed","template":"","meta":{"_acf_changed":false,"footnotes":""},"tags":[3125,6485,6484],"class_list":["post-269711","live-news","type-live-news","status-publish","has-post-thumbnail","hentry","tag-byd","tag-byd-sealion-5","tag-sealion-5"],"acf":[],"yoast_head":"<!-- This site is optimized with the Yoast SEO Premium plugin v27.5 (Yoast SEO v27.5) - https:\/\/yoast.com\/product\/yoast-seo-premium-wordpress\/ -->\n<title>BYD Sealion 5: SUV-ul plug-in hybrid a fost lansat \u00een Rom\u00e2nia - Autocritica<\/title>\n<meta name=\"robots\" content=\"index, follow, max-snippet:-1, max-image-preview:large, max-video-preview:-1\" \/>\n<link rel=\"canonical\" href=\"https:\/\/www.autocritica.ro\/en\/live-news\/byd-sealion-5-suv-ul-plug-in-hybrid-a-fost-lansat-in-romania\/\" \/>\n<meta property=\"og:locale\" content=\"en_US\" \/>\n<meta property=\"og:type\" content=\"article\" \/>\n<meta property=\"og:title\" content=\"BYD Sealion 5: SUV-ul plug-in hybrid a fost lansat \u00een Rom\u00e2nia\" \/>\n<meta property=\"og:description\" content=\"\u2022 BYD a lansat pe pia\u021ba din Rom\u00e2nia noul model Sealion 5 DM-i. \u2022 SUV-ul are un sistem de propulsie plug-in hybrid: motor pe benzin\u0103 de 1,5 litri (98 CP) +\" \/>\n<meta property=\"og:url\" content=\"https:\/\/www.autocritica.ro\/en\/live-news\/byd-sealion-5-suv-ul-plug-in-hybrid-a-fost-lansat-in-romania\/\" \/>\n<meta property=\"og:site_name\" content=\"Autocritica\" \/>\n<meta property=\"article:publisher\" content=\"https:\/\/www.facebook.com\/autocritica.ro\" \/>\n<meta property=\"article:modified_time\" content=\"2026-01-29T14:33:07+00:00\" \/>\n<meta property=\"og:image\" content=\"https:\/\/www.autocritica.ro\/wp-content\/uploads\/2026\/01\/KV1_BYD-lanseaza-SEALION-5-DM-i-in-Romania-scaled.jpg\" \/>\n\t<meta property=\"og:image:width\" content=\"2560\" \/>\n\t<meta property=\"og:image:height\" content=\"1398\" \/>\n\t<meta property=\"og:image:type\" content=\"image\/jpeg\" \/>\n<meta name=\"twitter:card\" content=\"summary_large_image\" \/>\n<meta name=\"twitter:label1\" content=\"Est. reading time\" \/>\n\t<meta name=\"twitter:data1\" content=\"1 minute\" \/>\n<script type=\"application\/ld+json\" class=\"yoast-schema-graph\">{\"@context\":\"https:\\\/\\\/schema.org\",\"@graph\":[{\"@type\":\"WebPage\",\"@id\":\"https:\\\/\\\/www.autocritica.ro\\\/en\\\/live-news\\\/byd-sealion-5-suv-ul-plug-in-hybrid-a-fost-lansat-in-romania\\\/\",\"url\":\"https:\\\/\\\/www.autocritica.ro\\\/en\\\/live-news\\\/byd-sealion-5-suv-ul-plug-in-hybrid-a-fost-lansat-in-romania\\\/\",\"name\":\"BYD Sealion 5: SUV-ul plug-in hybrid a fost lansat \u00een Rom\u00e2nia - Autocritica\",\"isPartOf\":{\"@id\":\"https:\\\/\\\/www.autocritica.ro\\\/en\\\/#website\"},\"primaryImageOfPage\":{\"@id\":\"https:\\\/\\\/www.autocritica.ro\\\/en\\\/live-news\\\/byd-sealion-5-suv-ul-plug-in-hybrid-a-fost-lansat-in-romania\\\/#primaryimage\"},\"image\":{\"@id\":\"https:\\\/\\\/www.autocritica.ro\\\/en\\\/live-news\\\/byd-sealion-5-suv-ul-plug-in-hybrid-a-fost-lansat-in-romania\\\/#primaryimage\"},\"thumbnailUrl\":\"https:\\\/\\\/www.autocritica.ro\\\/wp-content\\\/uploads\\\/2026\\\/01\\\/KV1_BYD-lanseaza-SEALION-5-DM-i-in-Romania-scaled.jpg\",\"datePublished\":\"2026-01-29T14:32:13+00:00\",\"dateModified\":\"2026-01-29T14:33:07+00:00\",\"breadcrumb\":{\"@id\":\"https:\\\/\\\/www.autocritica.ro\\\/en\\\/live-news\\\/byd-sealion-5-suv-ul-plug-in-hybrid-a-fost-lansat-in-romania\\\/#breadcrumb\"},\"inLanguage\":\"en-US\",\"potentialAction\":[{\"@type\":\"ReadAction\",\"target\":[\"https:\\\/\\\/www.autocritica.ro\\\/en\\\/live-news\\\/byd-sealion-5-suv-ul-plug-in-hybrid-a-fost-lansat-in-romania\\\/\"]}]},{\"@type\":\"ImageObject\",\"inLanguage\":\"en-US\",\"@id\":\"https:\\\/\\\/www.autocritica.ro\\\/en\\\/live-news\\\/byd-sealion-5-suv-ul-plug-in-hybrid-a-fost-lansat-in-romania\\\/#primaryimage\",\"url\":\"https:\\\/\\\/www.autocritica.ro\\\/wp-content\\\/uploads\\\/2026\\\/01\\\/KV1_BYD-lanseaza-SEALION-5-DM-i-in-Romania-scaled.jpg\",\"contentUrl\":\"https:\\\/\\\/www.autocritica.ro\\\/wp-content\\\/uploads\\\/2026\\\/01\\\/KV1_BYD-lanseaza-SEALION-5-DM-i-in-Romania-scaled.jpg\",\"width\":2560,\"height\":1398},{\"@type\":\"BreadcrumbList\",\"@id\":\"https:\\\/\\\/www.autocritica.ro\\\/en\\\/live-news\\\/byd-sealion-5-suv-ul-plug-in-hybrid-a-fost-lansat-in-romania\\\/#breadcrumb\",\"itemListElement\":[{\"@type\":\"ListItem\",\"position\":1,\"name\":\"Home\",\"item\":\"https:\\\/\\\/www.autocritica.ro\\\/en\\\/\"},{\"@type\":\"ListItem\",\"position\":2,\"name\":\"Live News\",\"item\":\"https:\\\/\\\/www.autocritica.ro\\\/en\\\/live-news\\\/\"},{\"@type\":\"ListItem\",\"position\":3,\"name\":\"BYD Sealion 5: SUV-ul plug-in hybrid a fost lansat \u00een Rom\u00e2nia\"}]},{\"@type\":\"WebSite\",\"@id\":\"https:\\\/\\\/www.autocritica.ro\\\/en\\\/#website\",\"url\":\"https:\\\/\\\/www.autocritica.ro\\\/en\\\/\",\"name\":\"Autocritica\",\"description\":\"\",\"publisher\":{\"@id\":\"https:\\\/\\\/www.autocritica.ro\\\/en\\\/#organization\"},\"potentialAction\":[{\"@type\":\"SearchAction\",\"target\":{\"@type\":\"EntryPoint\",\"urlTemplate\":\"https:\\\/\\\/www.autocritica.ro\\\/en\\\/?s={search_term_string}\"},\"query-input\":{\"@type\":\"PropertyValueSpecification\",\"valueRequired\":true,\"valueName\":\"search_term_string\"}}],\"inLanguage\":\"en-US\"},{\"@type\":\"Organization\",\"@id\":\"https:\\\/\\\/www.autocritica.ro\\\/en\\\/#organization\",\"name\":\"Autocritica\",\"url\":\"https:\\\/\\\/www.autocritica.ro\\\/en\\\/\",\"logo\":{\"@type\":\"ImageObject\",\"inLanguage\":\"en-US\",\"@id\":\"https:\\\/\\\/www.autocritica.ro\\\/en\\\/#\\\/schema\\\/logo\\\/image\\\/\",\"url\":\"https:\\\/\\\/www.autocritica.ro\\\/wp-content\\\/uploads\\\/2020\\\/12\\\/logo-negru.png\",\"contentUrl\":\"https:\\\/\\\/www.autocritica.ro\\\/wp-content\\\/uploads\\\/2020\\\/12\\\/logo-negru.png\",\"width\":300,\"height\":102,\"caption\":\"Autocritica\"},\"image\":{\"@id\":\"https:\\\/\\\/www.autocritica.ro\\\/en\\\/#\\\/schema\\\/logo\\\/image\\\/\"},\"sameAs\":[\"https:\\\/\\\/www.facebook.com\\\/autocritica.ro\",\"https:\\\/\\\/www.instagram.com\\\/autocritica.ro\\\/\"]}]}<\/script>\n<!-- \/ Yoast SEO Premium plugin. -->","yoast_head_json":{"title":"BYD Sealion 5: SUV-ul plug-in hybrid a fost lansat \u00een Rom\u00e2nia - Autocritica","robots":{"index":"index","follow":"follow","max-snippet":"max-snippet:-1","max-image-preview":"max-image-preview:large","max-video-preview":"max-video-preview:-1"},"canonical":"https:\/\/www.autocritica.ro\/en\/live-news\/byd-sealion-5-suv-ul-plug-in-hybrid-a-fost-lansat-in-romania\/","og_locale":"en_US","og_type":"article","og_title":"BYD Sealion 5: SUV-ul plug-in hybrid a fost lansat \u00een Rom\u00e2nia","og_description":"\u2022 BYD a lansat pe pia\u021ba din Rom\u00e2nia noul model Sealion 5 DM-i. \u2022 SUV-ul are un sistem de propulsie plug-in hybrid: motor pe benzin\u0103 de 1,5 litri (98 CP) +","og_url":"https:\/\/www.autocritica.ro\/en\/live-news\/byd-sealion-5-suv-ul-plug-in-hybrid-a-fost-lansat-in-romania\/","og_site_name":"Autocritica","article_publisher":"https:\/\/www.facebook.com\/autocritica.ro","article_modified_time":"2026-01-29T14:33:07+00:00","og_image":[{"width":2560,"height":1398,"url":"https:\/\/www.autocritica.ro\/wp-content\/uploads\/2026\/01\/KV1_BYD-lanseaza-SEALION-5-DM-i-in-Romania-scaled.jpg","type":"image\/jpeg"}],"twitter_card":"summary_large_image","twitter_misc":{"Est. reading time":"1 minute"},"schema":{"@context":"https:\/\/schema.org","@graph":[{"@type":"WebPage","@id":"https:\/\/www.autocritica.ro\/en\/live-news\/byd-sealion-5-suv-ul-plug-in-hybrid-a-fost-lansat-in-romania\/","url":"https:\/\/www.autocritica.ro\/en\/live-news\/byd-sealion-5-suv-ul-plug-in-hybrid-a-fost-lansat-in-romania\/","name":"BYD Sealion 5: SUV-ul plug-in hybrid a fost lansat \u00een Rom\u00e2nia - Autocritica","isPartOf":{"@id":"https:\/\/www.autocritica.ro\/en\/#website"},"primaryImageOfPage":{"@id":"https:\/\/www.autocritica.ro\/en\/live-news\/byd-sealion-5-suv-ul-plug-in-hybrid-a-fost-lansat-in-romania\/#primaryimage"},"image":{"@id":"https:\/\/www.autocritica.ro\/en\/live-news\/byd-sealion-5-suv-ul-plug-in-hybrid-a-fost-lansat-in-romania\/#primaryimage"},"thumbnailUrl":"https:\/\/www.autocritica.ro\/wp-content\/uploads\/2026\/01\/KV1_BYD-lanseaza-SEALION-5-DM-i-in-Romania-scaled.jpg","datePublished":"2026-01-29T14:32:13+00:00","dateModified":"2026-01-29T14:33:07+00:00","breadcrumb":{"@id":"https:\/\/www.autocritica.ro\/en\/live-news\/byd-sealion-5-suv-ul-plug-in-hybrid-a-fost-lansat-in-romania\/#breadcrumb"},"inLanguage":"en-US","potentialAction":[{"@type":"ReadAction","target":["https:\/\/www.autocritica.ro\/en\/live-news\/byd-sealion-5-suv-ul-plug-in-hybrid-a-fost-lansat-in-romania\/"]}]},{"@type":"ImageObject","inLanguage":"en-US","@id":"https:\/\/www.autocritica.ro\/en\/live-news\/byd-sealion-5-suv-ul-plug-in-hybrid-a-fost-lansat-in-romania\/#primaryimage","url":"https:\/\/www.autocritica.ro\/wp-content\/uploads\/2026\/01\/KV1_BYD-lanseaza-SEALION-5-DM-i-in-Romania-scaled.jpg","contentUrl":"https:\/\/www.autocritica.ro\/wp-content\/uploads\/2026\/01\/KV1_BYD-lanseaza-SEALION-5-DM-i-in-Romania-scaled.jpg","width":2560,"height":1398},{"@type":"BreadcrumbList","@id":"https:\/\/www.autocritica.ro\/en\/live-news\/byd-sealion-5-suv-ul-plug-in-hybrid-a-fost-lansat-in-romania\/#breadcrumb","itemListElement":[{"@type":"ListItem","position":1,"name":"Home","item":"https:\/\/www.autocritica.ro\/en\/"},{"@type":"ListItem","position":2,"name":"Live News","item":"https:\/\/www.autocritica.ro\/en\/live-news\/"},{"@type":"ListItem","position":3,"name":"BYD Sealion 5: SUV-ul plug-in hybrid a fost lansat \u00een Rom\u00e2nia"}]},{"@type":"WebSite","@id":"https:\/\/www.autocritica.ro\/en\/#website","url":"https:\/\/www.autocritica.ro\/en\/","name":"Autocritica","description":"","publisher":{"@id":"https:\/\/www.autocritica.ro\/en\/#organization"},"potentialAction":[{"@type":"SearchAction","target":{"@type":"EntryPoint","urlTemplate":"https:\/\/www.autocritica.ro\/en\/?s={search_term_string}"},"query-input":{"@type":"PropertyValueSpecification","valueRequired":true,"valueName":"search_term_string"}}],"inLanguage":"en-US"},{"@type":"Organization","@id":"https:\/\/www.autocritica.ro\/en\/#organization","name":"Autocritica","url":"https:\/\/www.autocritica.ro\/en\/","logo":{"@type":"ImageObject","inLanguage":"en-US","@id":"https:\/\/www.autocritica.ro\/en\/#\/schema\/logo\/image\/","url":"https:\/\/www.autocritica.ro\/wp-content\/uploads\/2020\/12\/logo-negru.png","contentUrl":"https:\/\/www.autocritica.ro\/wp-content\/uploads\/2020\/12\/logo-negru.png","width":300,"height":102,"caption":"Autocritica"},"image":{"@id":"https:\/\/www.autocritica.ro\/en\/#\/schema\/logo\/image\/"},"sameAs":["https:\/\/www.facebook.com\/autocritica.ro","https:\/\/www.instagram.com\/autocritica.ro\/"]}]}},"_links":{"self":[{"href":"https:\/\/www.autocritica.ro\/en\/wp-json\/wp\/v2\/live-news\/269711","targetHints":{"allow":["GET"]}}],"collection":[{"href":"https:\/\/www.autocritica.ro\/en\/wp-json\/wp\/v2\/live-news"}],"about":[{"href":"https:\/\/www.autocritica.ro\/en\/wp-json\/wp\/v2\/types\/live-news"}],"author":[{"embeddable":true,"href":"https:\/\/www.autocritica.ro\/en\/wp-json\/wp\/v2\/users\/16"}],"replies":[{"embeddable":true,"href":"https:\/\/www.autocritica.ro\/en\/wp-json\/wp\/v2\/comments?post=269711"}],"version-history":[{"count":3,"href":"https:\/\/www.autocritica.ro\/en\/wp-json\/wp\/v2\/live-news\/269711\/revisions"}],"predecessor-version":[{"id":269716,"href":"https:\/\/www.autocritica.ro\/en\/wp-json\/wp\/v2\/live-news\/269711\/revisions\/269716"}],"wp:featuredmedia":[{"embeddable":true,"href":"https:\/\/www.autocritica.ro\/en\/wp-json\/wp\/v2\/media\/269713"}],"wp:attachment":[{"href":"https:\/\/www.autocritica.ro\/en\/wp-json\/wp\/v2\/media?parent=269711"}],"wp:term":[{"taxonomy":"post_tag","embeddable":true,"href":"https:\/\/www.autocritica.ro\/en\/wp-json\/wp\/v2\/tags?post=269711"}],"curies":[{"name":"wp","href":"https:\/\/api.w.org\/{rel}","templated":true}]}}