{"id":269696,"date":"2026-01-29T16:37:55","date_gmt":"2026-01-29T13:37:55","guid":{"rendered":"https:\/\/www.autocritica.ro\/?post_type=live-news&#038;p=269696"},"modified":"2026-01-29T16:38:17","modified_gmt":"2026-01-29T13:38:17","slug":"hyundai-vanzarile-de-electrice-si-hibrizi-au-crescut-cu-27-in-2025","status":"publish","type":"live-news","link":"https:\/\/www.autocritica.ro\/en\/live-news\/hyundai-vanzarile-de-electrice-si-hibrizi-au-crescut-cu-27-in-2025\/","title":{"rendered":"Hyundai: v\u00e2nz\u0103rile de electrice \u0219i hibrizi au crescut cu 27% \u00een 2025"},"content":{"rendered":"\n<p>\u2022 Hyundai a comercializat anul trecut peste 4,13 milioane de ma\u0219ini la nivel global, un rezultat apropiat de totalul din 2024 (+0,1%).<\/p>\n\n\n\n<p>\u2022 Peste 712.000 de unit\u0103\u021bi au fost v\u00e2ndute \u00een Coreea de Sud (+1,1%), iar restul de 3,42 milioane de exemplare au fost consemnate pe toate celelalte pie\u021be interna\u021bionale (+0,3%).<\/p>\n\n\n\n<p>\u2022 La nivelul lui 2025, Hyundai a avut v\u00e2nz\u0103ri globale de aproape 962.000 de vehicule electrificate, \u00een cre\u0219tere cu 27% fa\u021b\u0103 de 2024.<\/p>\n\n\n\n<p>\u2022 V\u00e2nz\u0103rile de hibrizi au \u00eenregistrat o cre\u0219tere de 28% \u0219i au atins o cot\u0103 record de 15,3% din v\u00e2nz\u0103rile totale (vs. 12% \u00een 2024).<\/p>\n\n\n\n<p>\u2022 Via: Hyundai<\/p>\n","protected":false},"author":16,"featured_media":120150,"comment_status":"closed","ping_status":"closed","template":"","meta":{"_acf_changed":false,"footnotes":""},"tags":[48,6483],"class_list":["post-269696","live-news","type-live-news","status-publish","has-post-thumbnail","hentry","tag-hyundai","tag-vanzari-hyundai-2025"],"acf":[],"yoast_head":"<!-- This site is optimized with the Yoast SEO Premium plugin v27.5 (Yoast SEO v27.5) - https:\/\/yoast.com\/product\/yoast-seo-premium-wordpress\/ -->\n<title>Hyundai: v\u00e2nz\u0103rile de electrice \u0219i hibrizi au crescut cu 27% \u00een 2025 - Autocritica<\/title>\n<meta name=\"robots\" content=\"index, follow, max-snippet:-1, max-image-preview:large, max-video-preview:-1\" \/>\n<link rel=\"canonical\" href=\"https:\/\/www.autocritica.ro\/en\/live-news\/hyundai-vanzarile-de-electrice-si-hibrizi-au-crescut-cu-27-in-2025\/\" \/>\n<meta property=\"og:locale\" content=\"en_US\" \/>\n<meta property=\"og:type\" content=\"article\" \/>\n<meta property=\"og:title\" content=\"Hyundai: v\u00e2nz\u0103rile de electrice \u0219i hibrizi au crescut cu 27% \u00een 2025\" \/>\n<meta property=\"og:description\" content=\"\u2022 Hyundai a comercializat anul trecut peste 4,13 milioane de ma\u0219ini la nivel global, un rezultat apropiat de totalul din 2024 (+0,1%). \u2022 Peste 712.000 de\" \/>\n<meta property=\"og:url\" content=\"https:\/\/www.autocritica.ro\/en\/live-news\/hyundai-vanzarile-de-electrice-si-hibrizi-au-crescut-cu-27-in-2025\/\" \/>\n<meta property=\"og:site_name\" content=\"Autocritica\" \/>\n<meta property=\"article:publisher\" content=\"https:\/\/www.facebook.com\/autocritica.ro\" \/>\n<meta property=\"article:modified_time\" content=\"2026-01-29T13:38:17+00:00\" \/>\n<meta property=\"og:image\" content=\"https:\/\/www.autocritica.ro\/wp-content\/uploads\/2024\/08\/tucson-20-years-special-edition-1_jpg_bfc_off.jpg\" \/>\n\t<meta property=\"og:image:width\" content=\"1762\" \/>\n\t<meta property=\"og:image:height\" content=\"881\" \/>\n\t<meta property=\"og:image:type\" content=\"image\/jpeg\" \/>\n<meta name=\"twitter:card\" content=\"summary_large_image\" \/>\n<script type=\"application\/ld+json\" class=\"yoast-schema-graph\">{\"@context\":\"https:\\\/\\\/schema.org\",\"@graph\":[{\"@type\":\"WebPage\",\"@id\":\"https:\\\/\\\/www.autocritica.ro\\\/en\\\/live-news\\\/hyundai-vanzarile-de-electrice-si-hibrizi-au-crescut-cu-27-in-2025\\\/\",\"url\":\"https:\\\/\\\/www.autocritica.ro\\\/en\\\/live-news\\\/hyundai-vanzarile-de-electrice-si-hibrizi-au-crescut-cu-27-in-2025\\\/\",\"name\":\"Hyundai: v\u00e2nz\u0103rile de electrice \u0219i hibrizi au crescut cu 27% \u00een 2025 - Autocritica\",\"isPartOf\":{\"@id\":\"https:\\\/\\\/www.autocritica.ro\\\/en\\\/#website\"},\"primaryImageOfPage\":{\"@id\":\"https:\\\/\\\/www.autocritica.ro\\\/en\\\/live-news\\\/hyundai-vanzarile-de-electrice-si-hibrizi-au-crescut-cu-27-in-2025\\\/#primaryimage\"},\"image\":{\"@id\":\"https:\\\/\\\/www.autocritica.ro\\\/en\\\/live-news\\\/hyundai-vanzarile-de-electrice-si-hibrizi-au-crescut-cu-27-in-2025\\\/#primaryimage\"},\"thumbnailUrl\":\"https:\\\/\\\/www.autocritica.ro\\\/wp-content\\\/uploads\\\/2024\\\/08\\\/tucson-20-years-special-edition-1_jpg_bfc_off.jpg\",\"datePublished\":\"2026-01-29T13:37:55+00:00\",\"dateModified\":\"2026-01-29T13:38:17+00:00\",\"breadcrumb\":{\"@id\":\"https:\\\/\\\/www.autocritica.ro\\\/en\\\/live-news\\\/hyundai-vanzarile-de-electrice-si-hibrizi-au-crescut-cu-27-in-2025\\\/#breadcrumb\"},\"inLanguage\":\"en-US\",\"potentialAction\":[{\"@type\":\"ReadAction\",\"target\":[\"https:\\\/\\\/www.autocritica.ro\\\/en\\\/live-news\\\/hyundai-vanzarile-de-electrice-si-hibrizi-au-crescut-cu-27-in-2025\\\/\"]}]},{\"@type\":\"ImageObject\",\"inLanguage\":\"en-US\",\"@id\":\"https:\\\/\\\/www.autocritica.ro\\\/en\\\/live-news\\\/hyundai-vanzarile-de-electrice-si-hibrizi-au-crescut-cu-27-in-2025\\\/#primaryimage\",\"url\":\"https:\\\/\\\/www.autocritica.ro\\\/wp-content\\\/uploads\\\/2024\\\/08\\\/tucson-20-years-special-edition-1_jpg_bfc_off.jpg\",\"contentUrl\":\"https:\\\/\\\/www.autocritica.ro\\\/wp-content\\\/uploads\\\/2024\\\/08\\\/tucson-20-years-special-edition-1_jpg_bfc_off.jpg\",\"width\":1762,\"height\":881},{\"@type\":\"BreadcrumbList\",\"@id\":\"https:\\\/\\\/www.autocritica.ro\\\/en\\\/live-news\\\/hyundai-vanzarile-de-electrice-si-hibrizi-au-crescut-cu-27-in-2025\\\/#breadcrumb\",\"itemListElement\":[{\"@type\":\"ListItem\",\"position\":1,\"name\":\"Home\",\"item\":\"https:\\\/\\\/www.autocritica.ro\\\/en\\\/\"},{\"@type\":\"ListItem\",\"position\":2,\"name\":\"Live News\",\"item\":\"https:\\\/\\\/www.autocritica.ro\\\/en\\\/live-news\\\/\"},{\"@type\":\"ListItem\",\"position\":3,\"name\":\"Hyundai: v\u00e2nz\u0103rile de electrice \u0219i hibrizi au crescut cu 27% \u00een 2025\"}]},{\"@type\":\"WebSite\",\"@id\":\"https:\\\/\\\/www.autocritica.ro\\\/en\\\/#website\",\"url\":\"https:\\\/\\\/www.autocritica.ro\\\/en\\\/\",\"name\":\"Autocritica\",\"description\":\"\",\"publisher\":{\"@id\":\"https:\\\/\\\/www.autocritica.ro\\\/en\\\/#organization\"},\"potentialAction\":[{\"@type\":\"SearchAction\",\"target\":{\"@type\":\"EntryPoint\",\"urlTemplate\":\"https:\\\/\\\/www.autocritica.ro\\\/en\\\/?s={search_term_string}\"},\"query-input\":{\"@type\":\"PropertyValueSpecification\",\"valueRequired\":true,\"valueName\":\"search_term_string\"}}],\"inLanguage\":\"en-US\"},{\"@type\":\"Organization\",\"@id\":\"https:\\\/\\\/www.autocritica.ro\\\/en\\\/#organization\",\"name\":\"Autocritica\",\"url\":\"https:\\\/\\\/www.autocritica.ro\\\/en\\\/\",\"logo\":{\"@type\":\"ImageObject\",\"inLanguage\":\"en-US\",\"@id\":\"https:\\\/\\\/www.autocritica.ro\\\/en\\\/#\\\/schema\\\/logo\\\/image\\\/\",\"url\":\"https:\\\/\\\/www.autocritica.ro\\\/wp-content\\\/uploads\\\/2020\\\/12\\\/logo-negru.png\",\"contentUrl\":\"https:\\\/\\\/www.autocritica.ro\\\/wp-content\\\/uploads\\\/2020\\\/12\\\/logo-negru.png\",\"width\":300,\"height\":102,\"caption\":\"Autocritica\"},\"image\":{\"@id\":\"https:\\\/\\\/www.autocritica.ro\\\/en\\\/#\\\/schema\\\/logo\\\/image\\\/\"},\"sameAs\":[\"https:\\\/\\\/www.facebook.com\\\/autocritica.ro\",\"https:\\\/\\\/www.instagram.com\\\/autocritica.ro\\\/\"]}]}<\/script>\n<!-- \/ Yoast SEO Premium plugin. -->","yoast_head_json":{"title":"Hyundai: v\u00e2nz\u0103rile de electrice \u0219i hibrizi au crescut cu 27% \u00een 2025 - Autocritica","robots":{"index":"index","follow":"follow","max-snippet":"max-snippet:-1","max-image-preview":"max-image-preview:large","max-video-preview":"max-video-preview:-1"},"canonical":"https:\/\/www.autocritica.ro\/en\/live-news\/hyundai-vanzarile-de-electrice-si-hibrizi-au-crescut-cu-27-in-2025\/","og_locale":"en_US","og_type":"article","og_title":"Hyundai: v\u00e2nz\u0103rile de electrice \u0219i hibrizi au crescut cu 27% \u00een 2025","og_description":"\u2022 Hyundai a comercializat anul trecut peste 4,13 milioane de ma\u0219ini la nivel global, un rezultat apropiat de totalul din 2024 (+0,1%). \u2022 Peste 712.000 de","og_url":"https:\/\/www.autocritica.ro\/en\/live-news\/hyundai-vanzarile-de-electrice-si-hibrizi-au-crescut-cu-27-in-2025\/","og_site_name":"Autocritica","article_publisher":"https:\/\/www.facebook.com\/autocritica.ro","article_modified_time":"2026-01-29T13:38:17+00:00","og_image":[{"width":1762,"height":881,"url":"https:\/\/www.autocritica.ro\/wp-content\/uploads\/2024\/08\/tucson-20-years-special-edition-1_jpg_bfc_off.jpg","type":"image\/jpeg"}],"twitter_card":"summary_large_image","schema":{"@context":"https:\/\/schema.org","@graph":[{"@type":"WebPage","@id":"https:\/\/www.autocritica.ro\/en\/live-news\/hyundai-vanzarile-de-electrice-si-hibrizi-au-crescut-cu-27-in-2025\/","url":"https:\/\/www.autocritica.ro\/en\/live-news\/hyundai-vanzarile-de-electrice-si-hibrizi-au-crescut-cu-27-in-2025\/","name":"Hyundai: v\u00e2nz\u0103rile de electrice \u0219i hibrizi au crescut cu 27% \u00een 2025 - Autocritica","isPartOf":{"@id":"https:\/\/www.autocritica.ro\/en\/#website"},"primaryImageOfPage":{"@id":"https:\/\/www.autocritica.ro\/en\/live-news\/hyundai-vanzarile-de-electrice-si-hibrizi-au-crescut-cu-27-in-2025\/#primaryimage"},"image":{"@id":"https:\/\/www.autocritica.ro\/en\/live-news\/hyundai-vanzarile-de-electrice-si-hibrizi-au-crescut-cu-27-in-2025\/#primaryimage"},"thumbnailUrl":"https:\/\/www.autocritica.ro\/wp-content\/uploads\/2024\/08\/tucson-20-years-special-edition-1_jpg_bfc_off.jpg","datePublished":"2026-01-29T13:37:55+00:00","dateModified":"2026-01-29T13:38:17+00:00","breadcrumb":{"@id":"https:\/\/www.autocritica.ro\/en\/live-news\/hyundai-vanzarile-de-electrice-si-hibrizi-au-crescut-cu-27-in-2025\/#breadcrumb"},"inLanguage":"en-US","potentialAction":[{"@type":"ReadAction","target":["https:\/\/www.autocritica.ro\/en\/live-news\/hyundai-vanzarile-de-electrice-si-hibrizi-au-crescut-cu-27-in-2025\/"]}]},{"@type":"ImageObject","inLanguage":"en-US","@id":"https:\/\/www.autocritica.ro\/en\/live-news\/hyundai-vanzarile-de-electrice-si-hibrizi-au-crescut-cu-27-in-2025\/#primaryimage","url":"https:\/\/www.autocritica.ro\/wp-content\/uploads\/2024\/08\/tucson-20-years-special-edition-1_jpg_bfc_off.jpg","contentUrl":"https:\/\/www.autocritica.ro\/wp-content\/uploads\/2024\/08\/tucson-20-years-special-edition-1_jpg_bfc_off.jpg","width":1762,"height":881},{"@type":"BreadcrumbList","@id":"https:\/\/www.autocritica.ro\/en\/live-news\/hyundai-vanzarile-de-electrice-si-hibrizi-au-crescut-cu-27-in-2025\/#breadcrumb","itemListElement":[{"@type":"ListItem","position":1,"name":"Home","item":"https:\/\/www.autocritica.ro\/en\/"},{"@type":"ListItem","position":2,"name":"Live News","item":"https:\/\/www.autocritica.ro\/en\/live-news\/"},{"@type":"ListItem","position":3,"name":"Hyundai: v\u00e2nz\u0103rile de electrice \u0219i hibrizi au crescut cu 27% \u00een 2025"}]},{"@type":"WebSite","@id":"https:\/\/www.autocritica.ro\/en\/#website","url":"https:\/\/www.autocritica.ro\/en\/","name":"Autocritica","description":"","publisher":{"@id":"https:\/\/www.autocritica.ro\/en\/#organization"},"potentialAction":[{"@type":"SearchAction","target":{"@type":"EntryPoint","urlTemplate":"https:\/\/www.autocritica.ro\/en\/?s={search_term_string}"},"query-input":{"@type":"PropertyValueSpecification","valueRequired":true,"valueName":"search_term_string"}}],"inLanguage":"en-US"},{"@type":"Organization","@id":"https:\/\/www.autocritica.ro\/en\/#organization","name":"Autocritica","url":"https:\/\/www.autocritica.ro\/en\/","logo":{"@type":"ImageObject","inLanguage":"en-US","@id":"https:\/\/www.autocritica.ro\/en\/#\/schema\/logo\/image\/","url":"https:\/\/www.autocritica.ro\/wp-content\/uploads\/2020\/12\/logo-negru.png","contentUrl":"https:\/\/www.autocritica.ro\/wp-content\/uploads\/2020\/12\/logo-negru.png","width":300,"height":102,"caption":"Autocritica"},"image":{"@id":"https:\/\/www.autocritica.ro\/en\/#\/schema\/logo\/image\/"},"sameAs":["https:\/\/www.facebook.com\/autocritica.ro","https:\/\/www.instagram.com\/autocritica.ro\/"]}]}},"_links":{"self":[{"href":"https:\/\/www.autocritica.ro\/en\/wp-json\/wp\/v2\/live-news\/269696","targetHints":{"allow":["GET"]}}],"collection":[{"href":"https:\/\/www.autocritica.ro\/en\/wp-json\/wp\/v2\/live-news"}],"about":[{"href":"https:\/\/www.autocritica.ro\/en\/wp-json\/wp\/v2\/types\/live-news"}],"author":[{"embeddable":true,"href":"https:\/\/www.autocritica.ro\/en\/wp-json\/wp\/v2\/users\/16"}],"replies":[{"embeddable":true,"href":"https:\/\/www.autocritica.ro\/en\/wp-json\/wp\/v2\/comments?post=269696"}],"version-history":[{"count":3,"href":"https:\/\/www.autocritica.ro\/en\/wp-json\/wp\/v2\/live-news\/269696\/revisions"}],"predecessor-version":[{"id":269699,"href":"https:\/\/www.autocritica.ro\/en\/wp-json\/wp\/v2\/live-news\/269696\/revisions\/269699"}],"wp:featuredmedia":[{"embeddable":true,"href":"https:\/\/www.autocritica.ro\/en\/wp-json\/wp\/v2\/media\/120150"}],"wp:attachment":[{"href":"https:\/\/www.autocritica.ro\/en\/wp-json\/wp\/v2\/media?parent=269696"}],"wp:term":[{"taxonomy":"post_tag","embeddable":true,"href":"https:\/\/www.autocritica.ro\/en\/wp-json\/wp\/v2\/tags?post=269696"}],"curies":[{"name":"wp","href":"https:\/\/api.w.org\/{rel}","templated":true}]}}