{"id":269667,"date":"2026-01-29T12:21:02","date_gmt":"2026-01-29T09:21:02","guid":{"rendered":"https:\/\/www.autocritica.ro\/?post_type=live-news&#038;p=269667"},"modified":"2026-01-29T12:21:28","modified_gmt":"2026-01-29T09:21:28","slug":"tesla-va-opri-productia-model-s-si-model-x-in-acest-an","status":"publish","type":"live-news","link":"https:\/\/www.autocritica.ro\/en\/live-news\/tesla-va-opri-productia-model-s-si-model-x-in-acest-an\/","title":{"rendered":"Tesla va opri produc\u021bia Model S \u0219i Model X \u00een acest an"},"content":{"rendered":"\n<p>\u2022 Tesla va opri produc\u021bia Model S \u0219i Model X \u00een trimestrul al doilea din acest an, a anun\u021bat CEO-ul Elon Musk.<\/p>\n\n\n\n<p>\u2022 Musk a declarat c\u0103, \u00een locul celor dou\u0103 modele, Tesla vrea s\u0103 produc\u0103 robo\u021bi umanoizi pe o linie de asamblare care ar urma s\u0103 fie opera\u021bional\u0103 p\u00e2n\u0103 la finalul anului.<\/p>\n\n\n\n<p>\u2022 \u201cVom scoate Model S \u0219i Model X din produc\u021bie \u0219i vrem s\u0103 folosim spa\u021biul r\u0103mas disponibil la fabrica din Fremont pentru o linie de robo\u021bi Optimus, cu o \u021bint\u0103 pe termen lung de un milion de unit\u0103\u021bi pe an,\u201d a explicat \u0219eful Tesla.<\/p>\n\n\n\n<p>\u2022 Cele dou\u0103 modele men\u021bionate au reprezentat doar 0,5% din v\u00e2nz\u0103rile Tesla din Europa \u00een 2025.<\/p>\n\n\n\n<p>\u2022 Europenii au cump\u0103rat anul trecut 538 de unit\u0103\u021bi Model S (-70% comparativ cu 2024) \u0219i 639 de exemplare Model X (-63%), conform Dataforce.<\/p>\n\n\n\n<p>\u2022 Via: Automotive News Europe<\/p>\n","protected":false},"author":16,"featured_media":269669,"comment_status":"closed","ping_status":"closed","template":"","meta":{"_acf_changed":false,"footnotes":""},"tags":[76,78,75],"class_list":["post-269667","live-news","type-live-news","status-publish","has-post-thumbnail","hentry","tag-model-s","tag-model-x","tag-tesla"],"acf":[],"yoast_head":"<!-- This site is optimized with the Yoast SEO Premium plugin v27.5 (Yoast SEO v27.5) - https:\/\/yoast.com\/product\/yoast-seo-premium-wordpress\/ -->\n<title>Tesla va opri produc\u021bia Model S \u0219i Model X \u00een acest an - Autocritica<\/title>\n<meta name=\"robots\" content=\"index, follow, max-snippet:-1, max-image-preview:large, max-video-preview:-1\" \/>\n<link rel=\"canonical\" href=\"https:\/\/www.autocritica.ro\/en\/live-news\/tesla-va-opri-productia-model-s-si-model-x-in-acest-an\/\" \/>\n<meta property=\"og:locale\" content=\"en_US\" \/>\n<meta property=\"og:type\" content=\"article\" \/>\n<meta property=\"og:title\" content=\"Tesla va opri produc\u021bia Model S \u0219i Model X \u00een acest an\" \/>\n<meta property=\"og:description\" content=\"\u2022 Tesla va opri produc\u021bia Model S \u0219i Model X \u00een trimestrul al doilea din acest an, a anun\u021bat CEO-ul Elon Musk. \u2022 Musk a declarat c\u0103, \u00een locul celor dou\u0103\" \/>\n<meta property=\"og:url\" content=\"https:\/\/www.autocritica.ro\/en\/live-news\/tesla-va-opri-productia-model-s-si-model-x-in-acest-an\/\" \/>\n<meta property=\"og:site_name\" content=\"Autocritica\" \/>\n<meta property=\"article:publisher\" content=\"https:\/\/www.facebook.com\/autocritica.ro\" \/>\n<meta property=\"article:modified_time\" content=\"2026-01-29T09:21:28+00:00\" \/>\n<meta property=\"og:image\" content=\"https:\/\/www.autocritica.ro\/wp-content\/uploads\/2023\/03\/autocritica-cover.jpg\" \/>\n\t<meta property=\"og:image:width\" content=\"1200\" \/>\n\t<meta property=\"og:image:height\" content=\"675\" \/>\n\t<meta property=\"og:image:type\" content=\"image\/jpeg\" \/>\n<meta name=\"twitter:card\" content=\"summary_large_image\" \/>\n<meta name=\"twitter:label1\" content=\"Est. reading time\" \/>\n\t<meta name=\"twitter:data1\" content=\"1 minute\" \/>\n<script type=\"application\/ld+json\" class=\"yoast-schema-graph\">{\"@context\":\"https:\\\/\\\/schema.org\",\"@graph\":[{\"@type\":\"WebPage\",\"@id\":\"https:\\\/\\\/www.autocritica.ro\\\/en\\\/live-news\\\/tesla-va-opri-productia-model-s-si-model-x-in-acest-an\\\/\",\"url\":\"https:\\\/\\\/www.autocritica.ro\\\/en\\\/live-news\\\/tesla-va-opri-productia-model-s-si-model-x-in-acest-an\\\/\",\"name\":\"Tesla va opri produc\u021bia Model S \u0219i Model X \u00een acest an - Autocritica\",\"isPartOf\":{\"@id\":\"https:\\\/\\\/www.autocritica.ro\\\/en\\\/#website\"},\"primaryImageOfPage\":{\"@id\":\"https:\\\/\\\/www.autocritica.ro\\\/en\\\/live-news\\\/tesla-va-opri-productia-model-s-si-model-x-in-acest-an\\\/#primaryimage\"},\"image\":{\"@id\":\"https:\\\/\\\/www.autocritica.ro\\\/en\\\/live-news\\\/tesla-va-opri-productia-model-s-si-model-x-in-acest-an\\\/#primaryimage\"},\"thumbnailUrl\":\"https:\\\/\\\/www.autocritica.ro\\\/wp-content\\\/uploads\\\/2026\\\/01\\\/Model-S-Hero-Desktop-US-v2-scaled.avif\",\"datePublished\":\"2026-01-29T09:21:02+00:00\",\"dateModified\":\"2026-01-29T09:21:28+00:00\",\"breadcrumb\":{\"@id\":\"https:\\\/\\\/www.autocritica.ro\\\/en\\\/live-news\\\/tesla-va-opri-productia-model-s-si-model-x-in-acest-an\\\/#breadcrumb\"},\"inLanguage\":\"en-US\",\"potentialAction\":[{\"@type\":\"ReadAction\",\"target\":[\"https:\\\/\\\/www.autocritica.ro\\\/en\\\/live-news\\\/tesla-va-opri-productia-model-s-si-model-x-in-acest-an\\\/\"]}]},{\"@type\":\"ImageObject\",\"inLanguage\":\"en-US\",\"@id\":\"https:\\\/\\\/www.autocritica.ro\\\/en\\\/live-news\\\/tesla-va-opri-productia-model-s-si-model-x-in-acest-an\\\/#primaryimage\",\"url\":\"https:\\\/\\\/www.autocritica.ro\\\/wp-content\\\/uploads\\\/2026\\\/01\\\/Model-S-Hero-Desktop-US-v2-scaled.avif\",\"contentUrl\":\"https:\\\/\\\/www.autocritica.ro\\\/wp-content\\\/uploads\\\/2026\\\/01\\\/Model-S-Hero-Desktop-US-v2-scaled.avif\",\"width\":2560,\"height\":1490},{\"@type\":\"BreadcrumbList\",\"@id\":\"https:\\\/\\\/www.autocritica.ro\\\/en\\\/live-news\\\/tesla-va-opri-productia-model-s-si-model-x-in-acest-an\\\/#breadcrumb\",\"itemListElement\":[{\"@type\":\"ListItem\",\"position\":1,\"name\":\"Home\",\"item\":\"https:\\\/\\\/www.autocritica.ro\\\/en\\\/\"},{\"@type\":\"ListItem\",\"position\":2,\"name\":\"Live News\",\"item\":\"https:\\\/\\\/www.autocritica.ro\\\/en\\\/live-news\\\/\"},{\"@type\":\"ListItem\",\"position\":3,\"name\":\"Tesla va opri produc\u021bia Model S \u0219i Model X \u00een acest an\"}]},{\"@type\":\"WebSite\",\"@id\":\"https:\\\/\\\/www.autocritica.ro\\\/en\\\/#website\",\"url\":\"https:\\\/\\\/www.autocritica.ro\\\/en\\\/\",\"name\":\"Autocritica\",\"description\":\"\",\"publisher\":{\"@id\":\"https:\\\/\\\/www.autocritica.ro\\\/en\\\/#organization\"},\"potentialAction\":[{\"@type\":\"SearchAction\",\"target\":{\"@type\":\"EntryPoint\",\"urlTemplate\":\"https:\\\/\\\/www.autocritica.ro\\\/en\\\/?s={search_term_string}\"},\"query-input\":{\"@type\":\"PropertyValueSpecification\",\"valueRequired\":true,\"valueName\":\"search_term_string\"}}],\"inLanguage\":\"en-US\"},{\"@type\":\"Organization\",\"@id\":\"https:\\\/\\\/www.autocritica.ro\\\/en\\\/#organization\",\"name\":\"Autocritica\",\"url\":\"https:\\\/\\\/www.autocritica.ro\\\/en\\\/\",\"logo\":{\"@type\":\"ImageObject\",\"inLanguage\":\"en-US\",\"@id\":\"https:\\\/\\\/www.autocritica.ro\\\/en\\\/#\\\/schema\\\/logo\\\/image\\\/\",\"url\":\"https:\\\/\\\/www.autocritica.ro\\\/wp-content\\\/uploads\\\/2020\\\/12\\\/logo-negru.png\",\"contentUrl\":\"https:\\\/\\\/www.autocritica.ro\\\/wp-content\\\/uploads\\\/2020\\\/12\\\/logo-negru.png\",\"width\":300,\"height\":102,\"caption\":\"Autocritica\"},\"image\":{\"@id\":\"https:\\\/\\\/www.autocritica.ro\\\/en\\\/#\\\/schema\\\/logo\\\/image\\\/\"},\"sameAs\":[\"https:\\\/\\\/www.facebook.com\\\/autocritica.ro\",\"https:\\\/\\\/www.instagram.com\\\/autocritica.ro\\\/\"]}]}<\/script>\n<!-- \/ Yoast SEO Premium plugin. -->","yoast_head_json":{"title":"Tesla va opri produc\u021bia Model S \u0219i Model X \u00een acest an - Autocritica","robots":{"index":"index","follow":"follow","max-snippet":"max-snippet:-1","max-image-preview":"max-image-preview:large","max-video-preview":"max-video-preview:-1"},"canonical":"https:\/\/www.autocritica.ro\/en\/live-news\/tesla-va-opri-productia-model-s-si-model-x-in-acest-an\/","og_locale":"en_US","og_type":"article","og_title":"Tesla va opri produc\u021bia Model S \u0219i Model X \u00een acest an","og_description":"\u2022 Tesla va opri produc\u021bia Model S \u0219i Model X \u00een trimestrul al doilea din acest an, a anun\u021bat CEO-ul Elon Musk. \u2022 Musk a declarat c\u0103, \u00een locul celor dou\u0103","og_url":"https:\/\/www.autocritica.ro\/en\/live-news\/tesla-va-opri-productia-model-s-si-model-x-in-acest-an\/","og_site_name":"Autocritica","article_publisher":"https:\/\/www.facebook.com\/autocritica.ro","article_modified_time":"2026-01-29T09:21:28+00:00","og_image":[{"width":1200,"height":675,"url":"https:\/\/www.autocritica.ro\/wp-content\/uploads\/2023\/03\/autocritica-cover.jpg","type":"image\/jpeg"}],"twitter_card":"summary_large_image","twitter_misc":{"Est. reading time":"1 minute"},"schema":{"@context":"https:\/\/schema.org","@graph":[{"@type":"WebPage","@id":"https:\/\/www.autocritica.ro\/en\/live-news\/tesla-va-opri-productia-model-s-si-model-x-in-acest-an\/","url":"https:\/\/www.autocritica.ro\/en\/live-news\/tesla-va-opri-productia-model-s-si-model-x-in-acest-an\/","name":"Tesla va opri produc\u021bia Model S \u0219i Model X \u00een acest an - Autocritica","isPartOf":{"@id":"https:\/\/www.autocritica.ro\/en\/#website"},"primaryImageOfPage":{"@id":"https:\/\/www.autocritica.ro\/en\/live-news\/tesla-va-opri-productia-model-s-si-model-x-in-acest-an\/#primaryimage"},"image":{"@id":"https:\/\/www.autocritica.ro\/en\/live-news\/tesla-va-opri-productia-model-s-si-model-x-in-acest-an\/#primaryimage"},"thumbnailUrl":"https:\/\/www.autocritica.ro\/wp-content\/uploads\/2026\/01\/Model-S-Hero-Desktop-US-v2-scaled.avif","datePublished":"2026-01-29T09:21:02+00:00","dateModified":"2026-01-29T09:21:28+00:00","breadcrumb":{"@id":"https:\/\/www.autocritica.ro\/en\/live-news\/tesla-va-opri-productia-model-s-si-model-x-in-acest-an\/#breadcrumb"},"inLanguage":"en-US","potentialAction":[{"@type":"ReadAction","target":["https:\/\/www.autocritica.ro\/en\/live-news\/tesla-va-opri-productia-model-s-si-model-x-in-acest-an\/"]}]},{"@type":"ImageObject","inLanguage":"en-US","@id":"https:\/\/www.autocritica.ro\/en\/live-news\/tesla-va-opri-productia-model-s-si-model-x-in-acest-an\/#primaryimage","url":"https:\/\/www.autocritica.ro\/wp-content\/uploads\/2026\/01\/Model-S-Hero-Desktop-US-v2-scaled.avif","contentUrl":"https:\/\/www.autocritica.ro\/wp-content\/uploads\/2026\/01\/Model-S-Hero-Desktop-US-v2-scaled.avif","width":2560,"height":1490},{"@type":"BreadcrumbList","@id":"https:\/\/www.autocritica.ro\/en\/live-news\/tesla-va-opri-productia-model-s-si-model-x-in-acest-an\/#breadcrumb","itemListElement":[{"@type":"ListItem","position":1,"name":"Home","item":"https:\/\/www.autocritica.ro\/en\/"},{"@type":"ListItem","position":2,"name":"Live News","item":"https:\/\/www.autocritica.ro\/en\/live-news\/"},{"@type":"ListItem","position":3,"name":"Tesla va opri produc\u021bia Model S \u0219i Model X \u00een acest an"}]},{"@type":"WebSite","@id":"https:\/\/www.autocritica.ro\/en\/#website","url":"https:\/\/www.autocritica.ro\/en\/","name":"Autocritica","description":"","publisher":{"@id":"https:\/\/www.autocritica.ro\/en\/#organization"},"potentialAction":[{"@type":"SearchAction","target":{"@type":"EntryPoint","urlTemplate":"https:\/\/www.autocritica.ro\/en\/?s={search_term_string}"},"query-input":{"@type":"PropertyValueSpecification","valueRequired":true,"valueName":"search_term_string"}}],"inLanguage":"en-US"},{"@type":"Organization","@id":"https:\/\/www.autocritica.ro\/en\/#organization","name":"Autocritica","url":"https:\/\/www.autocritica.ro\/en\/","logo":{"@type":"ImageObject","inLanguage":"en-US","@id":"https:\/\/www.autocritica.ro\/en\/#\/schema\/logo\/image\/","url":"https:\/\/www.autocritica.ro\/wp-content\/uploads\/2020\/12\/logo-negru.png","contentUrl":"https:\/\/www.autocritica.ro\/wp-content\/uploads\/2020\/12\/logo-negru.png","width":300,"height":102,"caption":"Autocritica"},"image":{"@id":"https:\/\/www.autocritica.ro\/en\/#\/schema\/logo\/image\/"},"sameAs":["https:\/\/www.facebook.com\/autocritica.ro","https:\/\/www.instagram.com\/autocritica.ro\/"]}]}},"_links":{"self":[{"href":"https:\/\/www.autocritica.ro\/en\/wp-json\/wp\/v2\/live-news\/269667","targetHints":{"allow":["GET"]}}],"collection":[{"href":"https:\/\/www.autocritica.ro\/en\/wp-json\/wp\/v2\/live-news"}],"about":[{"href":"https:\/\/www.autocritica.ro\/en\/wp-json\/wp\/v2\/types\/live-news"}],"author":[{"embeddable":true,"href":"https:\/\/www.autocritica.ro\/en\/wp-json\/wp\/v2\/users\/16"}],"replies":[{"embeddable":true,"href":"https:\/\/www.autocritica.ro\/en\/wp-json\/wp\/v2\/comments?post=269667"}],"version-history":[{"count":3,"href":"https:\/\/www.autocritica.ro\/en\/wp-json\/wp\/v2\/live-news\/269667\/revisions"}],"predecessor-version":[{"id":269672,"href":"https:\/\/www.autocritica.ro\/en\/wp-json\/wp\/v2\/live-news\/269667\/revisions\/269672"}],"wp:featuredmedia":[{"embeddable":true,"href":"https:\/\/www.autocritica.ro\/en\/wp-json\/wp\/v2\/media\/269669"}],"wp:attachment":[{"href":"https:\/\/www.autocritica.ro\/en\/wp-json\/wp\/v2\/media?parent=269667"}],"wp:term":[{"taxonomy":"post_tag","embeddable":true,"href":"https:\/\/www.autocritica.ro\/en\/wp-json\/wp\/v2\/tags?post=269667"}],"curies":[{"name":"wp","href":"https:\/\/api.w.org\/{rel}","templated":true}]}}