{"id":269638,"date":"2026-01-28T17:14:09","date_gmt":"2026-01-28T14:14:09","guid":{"rendered":"https:\/\/www.autocritica.ro\/?post_type=live-news&#038;p=269638"},"modified":"2026-01-28T18:18:03","modified_gmt":"2026-01-28T15:18:03","slug":"ford-baterie-noua-pentru-electricele-capri-si-explorer","status":"publish","type":"live-news","link":"https:\/\/www.autocritica.ro\/en\/live-news\/ford-baterie-noua-pentru-electricele-capri-si-explorer\/","title":{"rendered":"Ford: baterie nou\u0103 pentru electricele Capri \u0219i Explorer"},"content":{"rendered":"\n<p>\u2022 Ford a introdus \u00eembun\u0103t\u0103\u021biri pentru modelele electrice Capri \u0219i Explorer.<\/p>\n\n\n\n<p>\u2022 Pe versiunile de baz\u0103 Standard Range, ambele vehicule au primit o baterie nou\u0103 cu chimie LFP (litiu-fier-fosfat) cu o capacitate net\u0103 de 58 kWh. Autonomia maxim\u0103 a crescut la 464 de kilometri pentru Capri, respectiv 444 km pentru Explorer.<\/p>\n\n\n\n<p>\u2022 Anterior, Capri \u0219i Explorer au avut o baterie cu capacitate net\u0103 de 52 kWh.<\/p>\n\n\n\n<p>\u2022 De asemenea, Ford a anun\u021bat un nou motor electric cu putere m\u0103rit\u0103 pentru cele dou\u0103 electrice: 190 CP \u0219i 350 Nm (vs. 170 CP \u0219i 310 Nm anterior). Repriza 0-100 km\/h va fi parcurs\u0103 \u00een 8 secunde.<\/p>\n\n\n\n<p>\u2022 \u201cNoua baterie LFP, disponibil\u0103 pentru Explorer \u0219i Capri, permite cre\u0219terea autonomiei \u0219i a performan\u021belor, \u00een timp ce pre\u021bul de achizi\u021bie r\u0103m\u00e2ne competitiv. Credem c\u0103, prin ad\u0103ugarea a peste 70 km la autonomie, vom inspira \u0219i mai mul\u021bi \u0219oferi s\u0103 treac\u0103 la versiuni complet electrice,\u201d a declarat Jon Williams, director general Ford Blue \u0219i Model e, Europa.<\/p>\n\n\n\n<p>\u2022 Via: Ford<\/p>\n","protected":false},"author":16,"featured_media":269640,"comment_status":"closed","ping_status":"closed","template":"","meta":{"_acf_changed":false,"footnotes":""},"tags":[5111,3756,3030,980],"class_list":["post-269638","live-news","type-live-news","status-publish","has-post-thumbnail","hentry","tag-capri","tag-electrice-ford","tag-explorer","tag-ford"],"acf":[],"yoast_head":"<!-- This site is optimized with the Yoast SEO Premium plugin v27.5 (Yoast SEO v27.5) - https:\/\/yoast.com\/product\/yoast-seo-premium-wordpress\/ -->\n<title>Ford: baterie nou\u0103 pentru electricele Capri \u0219i Explorer - Autocritica<\/title>\n<meta name=\"robots\" content=\"index, follow, max-snippet:-1, max-image-preview:large, max-video-preview:-1\" \/>\n<link rel=\"canonical\" href=\"https:\/\/www.autocritica.ro\/en\/live-news\/ford-baterie-noua-pentru-electricele-capri-si-explorer\/\" \/>\n<meta property=\"og:locale\" content=\"en_US\" \/>\n<meta property=\"og:type\" content=\"article\" \/>\n<meta property=\"og:title\" content=\"Ford: baterie nou\u0103 pentru electricele Capri \u0219i Explorer\" \/>\n<meta property=\"og:description\" content=\"\u2022 Ford a introdus \u00eembun\u0103t\u0103\u021biri pentru modelele electrice Capri \u0219i Explorer. \u2022 Pe versiunile de baz\u0103 Standard Range, ambele vehicule au primit o baterie\" \/>\n<meta property=\"og:url\" content=\"https:\/\/www.autocritica.ro\/en\/live-news\/ford-baterie-noua-pentru-electricele-capri-si-explorer\/\" \/>\n<meta property=\"og:site_name\" content=\"Autocritica\" \/>\n<meta property=\"article:publisher\" content=\"https:\/\/www.facebook.com\/autocritica.ro\" \/>\n<meta property=\"article:modified_time\" content=\"2026-01-28T15:18:03+00:00\" \/>\n<meta property=\"og:image\" content=\"https:\/\/www.autocritica.ro\/wp-content\/uploads\/2026\/01\/2026_Ford_Explorer_Arctic_Blue_Exterior_02-scaled.jpg\" \/>\n\t<meta property=\"og:image:width\" content=\"2560\" \/>\n\t<meta property=\"og:image:height\" content=\"1706\" \/>\n\t<meta property=\"og:image:type\" content=\"image\/jpeg\" \/>\n<meta name=\"twitter:card\" content=\"summary_large_image\" \/>\n<meta name=\"twitter:label1\" content=\"Est. reading time\" \/>\n\t<meta name=\"twitter:data1\" content=\"1 minute\" \/>\n<script type=\"application\/ld+json\" class=\"yoast-schema-graph\">{\"@context\":\"https:\\\/\\\/schema.org\",\"@graph\":[{\"@type\":\"WebPage\",\"@id\":\"https:\\\/\\\/www.autocritica.ro\\\/en\\\/live-news\\\/ford-baterie-noua-pentru-electricele-capri-si-explorer\\\/\",\"url\":\"https:\\\/\\\/www.autocritica.ro\\\/en\\\/live-news\\\/ford-baterie-noua-pentru-electricele-capri-si-explorer\\\/\",\"name\":\"Ford: baterie nou\u0103 pentru electricele Capri \u0219i Explorer - Autocritica\",\"isPartOf\":{\"@id\":\"https:\\\/\\\/www.autocritica.ro\\\/en\\\/#website\"},\"primaryImageOfPage\":{\"@id\":\"https:\\\/\\\/www.autocritica.ro\\\/en\\\/live-news\\\/ford-baterie-noua-pentru-electricele-capri-si-explorer\\\/#primaryimage\"},\"image\":{\"@id\":\"https:\\\/\\\/www.autocritica.ro\\\/en\\\/live-news\\\/ford-baterie-noua-pentru-electricele-capri-si-explorer\\\/#primaryimage\"},\"thumbnailUrl\":\"https:\\\/\\\/www.autocritica.ro\\\/wp-content\\\/uploads\\\/2026\\\/01\\\/2026_Ford_Explorer_Arctic_Blue_Exterior_02-scaled.jpg\",\"datePublished\":\"2026-01-28T14:14:09+00:00\",\"dateModified\":\"2026-01-28T15:18:03+00:00\",\"breadcrumb\":{\"@id\":\"https:\\\/\\\/www.autocritica.ro\\\/en\\\/live-news\\\/ford-baterie-noua-pentru-electricele-capri-si-explorer\\\/#breadcrumb\"},\"inLanguage\":\"en-US\",\"potentialAction\":[{\"@type\":\"ReadAction\",\"target\":[\"https:\\\/\\\/www.autocritica.ro\\\/en\\\/live-news\\\/ford-baterie-noua-pentru-electricele-capri-si-explorer\\\/\"]}]},{\"@type\":\"ImageObject\",\"inLanguage\":\"en-US\",\"@id\":\"https:\\\/\\\/www.autocritica.ro\\\/en\\\/live-news\\\/ford-baterie-noua-pentru-electricele-capri-si-explorer\\\/#primaryimage\",\"url\":\"https:\\\/\\\/www.autocritica.ro\\\/wp-content\\\/uploads\\\/2026\\\/01\\\/2026_Ford_Explorer_Arctic_Blue_Exterior_02-scaled.jpg\",\"contentUrl\":\"https:\\\/\\\/www.autocritica.ro\\\/wp-content\\\/uploads\\\/2026\\\/01\\\/2026_Ford_Explorer_Arctic_Blue_Exterior_02-scaled.jpg\",\"width\":2560,\"height\":1706,\"caption\":\"LICENSE EXPIRES: 28.09.2028 - LICENSE BY: Ford LICENSE SCOPE: A - Earned editorial, press releases, press kits. B - All non-broadcast digital and online media. D - All print media (newspaper, magazine etc) REGION: EU COPYRIGHT AND IMAGE RIGHTS: This content is solely for editorial use and for providing individual users with information. Any storage in databases, or any distribution to third parties within the scope of commercial use, or for commercial use is permitted with written consent from Ford of Europe only.\"},{\"@type\":\"BreadcrumbList\",\"@id\":\"https:\\\/\\\/www.autocritica.ro\\\/en\\\/live-news\\\/ford-baterie-noua-pentru-electricele-capri-si-explorer\\\/#breadcrumb\",\"itemListElement\":[{\"@type\":\"ListItem\",\"position\":1,\"name\":\"Home\",\"item\":\"https:\\\/\\\/www.autocritica.ro\\\/en\\\/\"},{\"@type\":\"ListItem\",\"position\":2,\"name\":\"Live News\",\"item\":\"https:\\\/\\\/www.autocritica.ro\\\/en\\\/live-news\\\/\"},{\"@type\":\"ListItem\",\"position\":3,\"name\":\"Ford: baterie nou\u0103 pentru electricele Capri \u0219i Explorer\"}]},{\"@type\":\"WebSite\",\"@id\":\"https:\\\/\\\/www.autocritica.ro\\\/en\\\/#website\",\"url\":\"https:\\\/\\\/www.autocritica.ro\\\/en\\\/\",\"name\":\"Autocritica\",\"description\":\"\",\"publisher\":{\"@id\":\"https:\\\/\\\/www.autocritica.ro\\\/en\\\/#organization\"},\"potentialAction\":[{\"@type\":\"SearchAction\",\"target\":{\"@type\":\"EntryPoint\",\"urlTemplate\":\"https:\\\/\\\/www.autocritica.ro\\\/en\\\/?s={search_term_string}\"},\"query-input\":{\"@type\":\"PropertyValueSpecification\",\"valueRequired\":true,\"valueName\":\"search_term_string\"}}],\"inLanguage\":\"en-US\"},{\"@type\":\"Organization\",\"@id\":\"https:\\\/\\\/www.autocritica.ro\\\/en\\\/#organization\",\"name\":\"Autocritica\",\"url\":\"https:\\\/\\\/www.autocritica.ro\\\/en\\\/\",\"logo\":{\"@type\":\"ImageObject\",\"inLanguage\":\"en-US\",\"@id\":\"https:\\\/\\\/www.autocritica.ro\\\/en\\\/#\\\/schema\\\/logo\\\/image\\\/\",\"url\":\"https:\\\/\\\/www.autocritica.ro\\\/wp-content\\\/uploads\\\/2020\\\/12\\\/logo-negru.png\",\"contentUrl\":\"https:\\\/\\\/www.autocritica.ro\\\/wp-content\\\/uploads\\\/2020\\\/12\\\/logo-negru.png\",\"width\":300,\"height\":102,\"caption\":\"Autocritica\"},\"image\":{\"@id\":\"https:\\\/\\\/www.autocritica.ro\\\/en\\\/#\\\/schema\\\/logo\\\/image\\\/\"},\"sameAs\":[\"https:\\\/\\\/www.facebook.com\\\/autocritica.ro\",\"https:\\\/\\\/www.instagram.com\\\/autocritica.ro\\\/\"]}]}<\/script>\n<!-- \/ Yoast SEO Premium plugin. -->","yoast_head_json":{"title":"Ford: baterie nou\u0103 pentru electricele Capri \u0219i Explorer - Autocritica","robots":{"index":"index","follow":"follow","max-snippet":"max-snippet:-1","max-image-preview":"max-image-preview:large","max-video-preview":"max-video-preview:-1"},"canonical":"https:\/\/www.autocritica.ro\/en\/live-news\/ford-baterie-noua-pentru-electricele-capri-si-explorer\/","og_locale":"en_US","og_type":"article","og_title":"Ford: baterie nou\u0103 pentru electricele Capri \u0219i Explorer","og_description":"\u2022 Ford a introdus \u00eembun\u0103t\u0103\u021biri pentru modelele electrice Capri \u0219i Explorer. \u2022 Pe versiunile de baz\u0103 Standard Range, ambele vehicule au primit o baterie","og_url":"https:\/\/www.autocritica.ro\/en\/live-news\/ford-baterie-noua-pentru-electricele-capri-si-explorer\/","og_site_name":"Autocritica","article_publisher":"https:\/\/www.facebook.com\/autocritica.ro","article_modified_time":"2026-01-28T15:18:03+00:00","og_image":[{"width":2560,"height":1706,"url":"https:\/\/www.autocritica.ro\/wp-content\/uploads\/2026\/01\/2026_Ford_Explorer_Arctic_Blue_Exterior_02-scaled.jpg","type":"image\/jpeg"}],"twitter_card":"summary_large_image","twitter_misc":{"Est. reading time":"1 minute"},"schema":{"@context":"https:\/\/schema.org","@graph":[{"@type":"WebPage","@id":"https:\/\/www.autocritica.ro\/en\/live-news\/ford-baterie-noua-pentru-electricele-capri-si-explorer\/","url":"https:\/\/www.autocritica.ro\/en\/live-news\/ford-baterie-noua-pentru-electricele-capri-si-explorer\/","name":"Ford: baterie nou\u0103 pentru electricele Capri \u0219i Explorer - Autocritica","isPartOf":{"@id":"https:\/\/www.autocritica.ro\/en\/#website"},"primaryImageOfPage":{"@id":"https:\/\/www.autocritica.ro\/en\/live-news\/ford-baterie-noua-pentru-electricele-capri-si-explorer\/#primaryimage"},"image":{"@id":"https:\/\/www.autocritica.ro\/en\/live-news\/ford-baterie-noua-pentru-electricele-capri-si-explorer\/#primaryimage"},"thumbnailUrl":"https:\/\/www.autocritica.ro\/wp-content\/uploads\/2026\/01\/2026_Ford_Explorer_Arctic_Blue_Exterior_02-scaled.jpg","datePublished":"2026-01-28T14:14:09+00:00","dateModified":"2026-01-28T15:18:03+00:00","breadcrumb":{"@id":"https:\/\/www.autocritica.ro\/en\/live-news\/ford-baterie-noua-pentru-electricele-capri-si-explorer\/#breadcrumb"},"inLanguage":"en-US","potentialAction":[{"@type":"ReadAction","target":["https:\/\/www.autocritica.ro\/en\/live-news\/ford-baterie-noua-pentru-electricele-capri-si-explorer\/"]}]},{"@type":"ImageObject","inLanguage":"en-US","@id":"https:\/\/www.autocritica.ro\/en\/live-news\/ford-baterie-noua-pentru-electricele-capri-si-explorer\/#primaryimage","url":"https:\/\/www.autocritica.ro\/wp-content\/uploads\/2026\/01\/2026_Ford_Explorer_Arctic_Blue_Exterior_02-scaled.jpg","contentUrl":"https:\/\/www.autocritica.ro\/wp-content\/uploads\/2026\/01\/2026_Ford_Explorer_Arctic_Blue_Exterior_02-scaled.jpg","width":2560,"height":1706,"caption":"LICENSE EXPIRES: 28.09.2028 - LICENSE BY: Ford LICENSE SCOPE: A - Earned editorial, press releases, press kits. B - All non-broadcast digital and online media. D - All print media (newspaper, magazine etc) REGION: EU COPYRIGHT AND IMAGE RIGHTS: This content is solely for editorial use and for providing individual users with information. Any storage in databases, or any distribution to third parties within the scope of commercial use, or for commercial use is permitted with written consent from Ford of Europe only."},{"@type":"BreadcrumbList","@id":"https:\/\/www.autocritica.ro\/en\/live-news\/ford-baterie-noua-pentru-electricele-capri-si-explorer\/#breadcrumb","itemListElement":[{"@type":"ListItem","position":1,"name":"Home","item":"https:\/\/www.autocritica.ro\/en\/"},{"@type":"ListItem","position":2,"name":"Live News","item":"https:\/\/www.autocritica.ro\/en\/live-news\/"},{"@type":"ListItem","position":3,"name":"Ford: baterie nou\u0103 pentru electricele Capri \u0219i Explorer"}]},{"@type":"WebSite","@id":"https:\/\/www.autocritica.ro\/en\/#website","url":"https:\/\/www.autocritica.ro\/en\/","name":"Autocritica","description":"","publisher":{"@id":"https:\/\/www.autocritica.ro\/en\/#organization"},"potentialAction":[{"@type":"SearchAction","target":{"@type":"EntryPoint","urlTemplate":"https:\/\/www.autocritica.ro\/en\/?s={search_term_string}"},"query-input":{"@type":"PropertyValueSpecification","valueRequired":true,"valueName":"search_term_string"}}],"inLanguage":"en-US"},{"@type":"Organization","@id":"https:\/\/www.autocritica.ro\/en\/#organization","name":"Autocritica","url":"https:\/\/www.autocritica.ro\/en\/","logo":{"@type":"ImageObject","inLanguage":"en-US","@id":"https:\/\/www.autocritica.ro\/en\/#\/schema\/logo\/image\/","url":"https:\/\/www.autocritica.ro\/wp-content\/uploads\/2020\/12\/logo-negru.png","contentUrl":"https:\/\/www.autocritica.ro\/wp-content\/uploads\/2020\/12\/logo-negru.png","width":300,"height":102,"caption":"Autocritica"},"image":{"@id":"https:\/\/www.autocritica.ro\/en\/#\/schema\/logo\/image\/"},"sameAs":["https:\/\/www.facebook.com\/autocritica.ro","https:\/\/www.instagram.com\/autocritica.ro\/"]}]}},"_links":{"self":[{"href":"https:\/\/www.autocritica.ro\/en\/wp-json\/wp\/v2\/live-news\/269638","targetHints":{"allow":["GET"]}}],"collection":[{"href":"https:\/\/www.autocritica.ro\/en\/wp-json\/wp\/v2\/live-news"}],"about":[{"href":"https:\/\/www.autocritica.ro\/en\/wp-json\/wp\/v2\/types\/live-news"}],"author":[{"embeddable":true,"href":"https:\/\/www.autocritica.ro\/en\/wp-json\/wp\/v2\/users\/16"}],"replies":[{"embeddable":true,"href":"https:\/\/www.autocritica.ro\/en\/wp-json\/wp\/v2\/comments?post=269638"}],"version-history":[{"count":3,"href":"https:\/\/www.autocritica.ro\/en\/wp-json\/wp\/v2\/live-news\/269638\/revisions"}],"predecessor-version":[{"id":269643,"href":"https:\/\/www.autocritica.ro\/en\/wp-json\/wp\/v2\/live-news\/269638\/revisions\/269643"}],"wp:featuredmedia":[{"embeddable":true,"href":"https:\/\/www.autocritica.ro\/en\/wp-json\/wp\/v2\/media\/269640"}],"wp:attachment":[{"href":"https:\/\/www.autocritica.ro\/en\/wp-json\/wp\/v2\/media?parent=269638"}],"wp:term":[{"taxonomy":"post_tag","embeddable":true,"href":"https:\/\/www.autocritica.ro\/en\/wp-json\/wp\/v2\/tags?post=269638"}],"curies":[{"name":"wp","href":"https:\/\/api.w.org\/{rel}","templated":true}]}}