{"id":269610,"date":"2026-01-28T14:00:21","date_gmt":"2026-01-28T11:00:21","guid":{"rendered":"https:\/\/www.autocritica.ro\/?post_type=live-news&#038;p=269610"},"modified":"2026-01-28T14:00:47","modified_gmt":"2026-01-28T11:00:47","slug":"mercedes-teste-cu-un-nou-model-dezvoltat-de-divizia-amg","status":"publish","type":"live-news","link":"https:\/\/www.autocritica.ro\/en\/live-news\/mercedes-teste-cu-un-nou-model-dezvoltat-de-divizia-amg\/","title":{"rendered":"Mercedes: teste cu un nou model dezvoltat de divizia AMG"},"content":{"rendered":"\n<p>\u2022 Mercedes-Benz a publicat imagini din timpul testelor cu un nou model dezvoltat de divizia AMG.<\/p>\n\n\n\n<p>\u2022 Viitorul model de performan\u021b\u0103 bazat pe CLE va fi al doilea dintr-o serie de vehicule speciale \u2013 \u00een edi\u021bie limitat\u0103 \u2013 pe care Mercedes le va lansa \u00eentr-o gam\u0103 numit\u0103 Mythos.<\/p>\n\n\n\n<p>\u2022 Primul astfel de model a fost Mercedes-AMG PureSpeed: V8 de 4,0 litri ce dezvolt\u0103 585 CP \u0219i 800 Nm.<\/p>\n\n\n\n<p>\u2022 Testele cu noul model Mercedes-AMG au loc \u00een Suedia, \u00een condi\u021bii de temperaturi extrem de sc\u0103zute.<\/p>\n\n\n\n<p>\u2022 Detaliile tehnice \u0219i data prezent\u0103rii oficiale nu au fost comunicate deocamdat\u0103.<\/p>\n\n\n\n<p>\u2022 Via: Mercedes-Benz<\/p>\n\n\n\n<figure class=\"wp-block-gallery has-nested-images columns-default is-cropped wp-block-gallery-1 is-layout-flex wp-block-gallery-is-layout-flex\">\n<figure class=\"wp-block-image size-large\"><a href=\"https:\/\/www.autocritica.ro\/wp-content\/uploads\/2026\/01\/26c0024_001.jpg\" data-lbwps-width=\"6000\" data-lbwps-height=\"4000\" data-lbwps-srcsmall=\"https:\/\/www.autocritica.ro\/wp-content\/uploads\/2026\/01\/26c0024_001-300x200.jpg\" data-lbwps-caption=\"Kompromissloser AMG startet K\u00e4ltetests in Schweden &lt;br \/&gt;\n&lt;br \/&gt;\nUncompromising AMG begins cold-weather testing in Sweden\"><img loading=\"lazy\" decoding=\"async\" width=\"1024\" height=\"683\" data-id=\"269615\" src=\"https:\/\/www.autocritica.ro\/wp-content\/uploads\/2026\/01\/26c0024_001-1024x683.jpg\" alt=\"\" class=\"wp-image-269615\" srcset=\"https:\/\/www.autocritica.ro\/wp-content\/uploads\/2026\/01\/26c0024_001-1024x683.jpg 1024w, https:\/\/www.autocritica.ro\/wp-content\/uploads\/2026\/01\/26c0024_001-300x200.jpg 300w, https:\/\/www.autocritica.ro\/wp-content\/uploads\/2026\/01\/26c0024_001-768x512.jpg 768w, https:\/\/www.autocritica.ro\/wp-content\/uploads\/2026\/01\/26c0024_001-1536x1024.jpg 1536w, https:\/\/www.autocritica.ro\/wp-content\/uploads\/2026\/01\/26c0024_001-2048x1365.jpg 2048w, https:\/\/www.autocritica.ro\/wp-content\/uploads\/2026\/01\/26c0024_001-1200x800.jpg 1200w, https:\/\/www.autocritica.ro\/wp-content\/uploads\/2026\/01\/26c0024_001-1000x666.jpg 1000w, https:\/\/www.autocritica.ro\/wp-content\/uploads\/2026\/01\/26c0024_001-2000x1333.jpg 2000w\" sizes=\"auto, (max-width: 1024px) 100vw, 1024px\" \/><\/a><\/figure>\n\n\n\n<figure class=\"wp-block-image size-large\"><a href=\"https:\/\/www.autocritica.ro\/wp-content\/uploads\/2026\/01\/26c0024_002.jpg\" data-lbwps-width=\"6000\" data-lbwps-height=\"4000\" data-lbwps-srcsmall=\"https:\/\/www.autocritica.ro\/wp-content\/uploads\/2026\/01\/26c0024_002-300x200.jpg\" data-lbwps-caption=\"Kompromissloser AMG startet K\u00e4ltetests in Schweden &lt;br \/&gt;\r&lt;br \/&gt;\rUncompromising AMG begins cold-weather testing in Sweden\"><img loading=\"lazy\" decoding=\"async\" width=\"1024\" height=\"683\" data-id=\"269616\" src=\"https:\/\/www.autocritica.ro\/wp-content\/uploads\/2026\/01\/26c0024_002-1024x683.jpg\" alt=\"\" class=\"wp-image-269616\" srcset=\"https:\/\/www.autocritica.ro\/wp-content\/uploads\/2026\/01\/26c0024_002-1024x683.jpg 1024w, https:\/\/www.autocritica.ro\/wp-content\/uploads\/2026\/01\/26c0024_002-300x200.jpg 300w, https:\/\/www.autocritica.ro\/wp-content\/uploads\/2026\/01\/26c0024_002-768x512.jpg 768w, https:\/\/www.autocritica.ro\/wp-content\/uploads\/2026\/01\/26c0024_002-1536x1024.jpg 1536w, https:\/\/www.autocritica.ro\/wp-content\/uploads\/2026\/01\/26c0024_002-2048x1365.jpg 2048w, https:\/\/www.autocritica.ro\/wp-content\/uploads\/2026\/01\/26c0024_002-1200x800.jpg 1200w, https:\/\/www.autocritica.ro\/wp-content\/uploads\/2026\/01\/26c0024_002-1000x666.jpg 1000w, https:\/\/www.autocritica.ro\/wp-content\/uploads\/2026\/01\/26c0024_002-2000x1333.jpg 2000w\" sizes=\"auto, (max-width: 1024px) 100vw, 1024px\" \/><\/a><\/figure>\n\n\n\n<figure class=\"wp-block-image size-large\"><a href=\"https:\/\/www.autocritica.ro\/wp-content\/uploads\/2026\/01\/26c0024_003.jpg\" data-lbwps-width=\"6000\" data-lbwps-height=\"4000\" data-lbwps-srcsmall=\"https:\/\/www.autocritica.ro\/wp-content\/uploads\/2026\/01\/26c0024_003-300x200.jpg\" data-lbwps-caption=\"Kompromissloser AMG startet K\u00e4ltetests in Schweden &lt;br \/&gt;\r&lt;br \/&gt;\rUncompromising AMG begins cold-weather testing in Sweden\"><img loading=\"lazy\" decoding=\"async\" width=\"1024\" height=\"683\" data-id=\"269613\" src=\"https:\/\/www.autocritica.ro\/wp-content\/uploads\/2026\/01\/26c0024_003-1024x683.jpg\" alt=\"\" class=\"wp-image-269613\" srcset=\"https:\/\/www.autocritica.ro\/wp-content\/uploads\/2026\/01\/26c0024_003-1024x683.jpg 1024w, https:\/\/www.autocritica.ro\/wp-content\/uploads\/2026\/01\/26c0024_003-300x200.jpg 300w, https:\/\/www.autocritica.ro\/wp-content\/uploads\/2026\/01\/26c0024_003-768x512.jpg 768w, https:\/\/www.autocritica.ro\/wp-content\/uploads\/2026\/01\/26c0024_003-1536x1024.jpg 1536w, https:\/\/www.autocritica.ro\/wp-content\/uploads\/2026\/01\/26c0024_003-2048x1365.jpg 2048w, https:\/\/www.autocritica.ro\/wp-content\/uploads\/2026\/01\/26c0024_003-1200x800.jpg 1200w, https:\/\/www.autocritica.ro\/wp-content\/uploads\/2026\/01\/26c0024_003-1000x666.jpg 1000w, https:\/\/www.autocritica.ro\/wp-content\/uploads\/2026\/01\/26c0024_003-2000x1333.jpg 2000w\" sizes=\"auto, (max-width: 1024px) 100vw, 1024px\" \/><\/a><\/figure>\n\n\n\n<figure class=\"wp-block-image size-large\"><a href=\"https:\/\/www.autocritica.ro\/wp-content\/uploads\/2026\/01\/26c0024_004.jpg\" data-lbwps-width=\"6000\" data-lbwps-height=\"4000\" data-lbwps-srcsmall=\"https:\/\/www.autocritica.ro\/wp-content\/uploads\/2026\/01\/26c0024_004-300x200.jpg\" data-lbwps-caption=\"Kompromissloser AMG startet K\u00e4ltetests in Schweden &lt;br \/&gt;\r&lt;br \/&gt;\rUncompromising AMG begins cold-weather testing in Sweden\"><img loading=\"lazy\" decoding=\"async\" width=\"1024\" height=\"683\" data-id=\"269612\" src=\"https:\/\/www.autocritica.ro\/wp-content\/uploads\/2026\/01\/26c0024_004-1024x683.jpg\" alt=\"\" class=\"wp-image-269612\" srcset=\"https:\/\/www.autocritica.ro\/wp-content\/uploads\/2026\/01\/26c0024_004-1024x683.jpg 1024w, https:\/\/www.autocritica.ro\/wp-content\/uploads\/2026\/01\/26c0024_004-300x200.jpg 300w, https:\/\/www.autocritica.ro\/wp-content\/uploads\/2026\/01\/26c0024_004-768x512.jpg 768w, https:\/\/www.autocritica.ro\/wp-content\/uploads\/2026\/01\/26c0024_004-1536x1024.jpg 1536w, https:\/\/www.autocritica.ro\/wp-content\/uploads\/2026\/01\/26c0024_004-2048x1365.jpg 2048w, https:\/\/www.autocritica.ro\/wp-content\/uploads\/2026\/01\/26c0024_004-1200x800.jpg 1200w, https:\/\/www.autocritica.ro\/wp-content\/uploads\/2026\/01\/26c0024_004-1000x666.jpg 1000w, https:\/\/www.autocritica.ro\/wp-content\/uploads\/2026\/01\/26c0024_004-2000x1333.jpg 2000w\" sizes=\"auto, (max-width: 1024px) 100vw, 1024px\" \/><\/a><\/figure>\n<\/figure>\n","protected":false},"author":16,"featured_media":269615,"comment_status":"closed","ping_status":"closed","template":"","meta":{"_acf_changed":false,"footnotes":""},"tags":[56,911],"class_list":["post-269610","live-news","type-live-news","status-publish","has-post-thumbnail","hentry","tag-mercedes","tag-mercedes-amg"],"acf":[],"yoast_head":"<!-- This site is optimized with the Yoast SEO Premium plugin v27.5 (Yoast SEO v27.5) - https:\/\/yoast.com\/product\/yoast-seo-premium-wordpress\/ -->\n<title>Mercedes: teste cu un nou model dezvoltat de divizia AMG - Autocritica<\/title>\n<meta name=\"robots\" content=\"index, follow, max-snippet:-1, max-image-preview:large, max-video-preview:-1\" \/>\n<link rel=\"canonical\" href=\"https:\/\/www.autocritica.ro\/en\/live-news\/mercedes-teste-cu-un-nou-model-dezvoltat-de-divizia-amg\/\" \/>\n<meta property=\"og:locale\" content=\"en_US\" \/>\n<meta property=\"og:type\" content=\"article\" \/>\n<meta property=\"og:title\" content=\"Mercedes: teste cu un nou model dezvoltat de divizia AMG\" \/>\n<meta property=\"og:description\" content=\"\u2022 Mercedes-Benz a publicat imagini din timpul testelor cu un nou model dezvoltat de divizia AMG. \u2022 Viitorul model de performan\u021b\u0103 bazat pe CLE va fi al\" \/>\n<meta property=\"og:url\" content=\"https:\/\/www.autocritica.ro\/en\/live-news\/mercedes-teste-cu-un-nou-model-dezvoltat-de-divizia-amg\/\" \/>\n<meta property=\"og:site_name\" content=\"Autocritica\" \/>\n<meta property=\"article:publisher\" content=\"https:\/\/www.facebook.com\/autocritica.ro\" \/>\n<meta property=\"article:modified_time\" content=\"2026-01-28T11:00:47+00:00\" \/>\n<meta property=\"og:image\" content=\"https:\/\/www.autocritica.ro\/wp-content\/uploads\/2026\/01\/26c0024_001-scaled.jpg\" \/>\n\t<meta property=\"og:image:width\" content=\"2560\" \/>\n\t<meta property=\"og:image:height\" content=\"1707\" \/>\n\t<meta property=\"og:image:type\" content=\"image\/jpeg\" \/>\n<meta name=\"twitter:card\" content=\"summary_large_image\" \/>\n<script type=\"application\/ld+json\" class=\"yoast-schema-graph\">{\"@context\":\"https:\\\/\\\/schema.org\",\"@graph\":[{\"@type\":\"WebPage\",\"@id\":\"https:\\\/\\\/www.autocritica.ro\\\/en\\\/live-news\\\/mercedes-teste-cu-un-nou-model-dezvoltat-de-divizia-amg\\\/\",\"url\":\"https:\\\/\\\/www.autocritica.ro\\\/en\\\/live-news\\\/mercedes-teste-cu-un-nou-model-dezvoltat-de-divizia-amg\\\/\",\"name\":\"Mercedes: teste cu un nou model dezvoltat de divizia AMG - Autocritica\",\"isPartOf\":{\"@id\":\"https:\\\/\\\/www.autocritica.ro\\\/en\\\/#website\"},\"primaryImageOfPage\":{\"@id\":\"https:\\\/\\\/www.autocritica.ro\\\/en\\\/live-news\\\/mercedes-teste-cu-un-nou-model-dezvoltat-de-divizia-amg\\\/#primaryimage\"},\"image\":{\"@id\":\"https:\\\/\\\/www.autocritica.ro\\\/en\\\/live-news\\\/mercedes-teste-cu-un-nou-model-dezvoltat-de-divizia-amg\\\/#primaryimage\"},\"thumbnailUrl\":\"https:\\\/\\\/www.autocritica.ro\\\/wp-content\\\/uploads\\\/2026\\\/01\\\/26c0024_001-scaled.jpg\",\"datePublished\":\"2026-01-28T11:00:21+00:00\",\"dateModified\":\"2026-01-28T11:00:47+00:00\",\"breadcrumb\":{\"@id\":\"https:\\\/\\\/www.autocritica.ro\\\/en\\\/live-news\\\/mercedes-teste-cu-un-nou-model-dezvoltat-de-divizia-amg\\\/#breadcrumb\"},\"inLanguage\":\"en-US\",\"potentialAction\":[{\"@type\":\"ReadAction\",\"target\":[\"https:\\\/\\\/www.autocritica.ro\\\/en\\\/live-news\\\/mercedes-teste-cu-un-nou-model-dezvoltat-de-divizia-amg\\\/\"]}]},{\"@type\":\"ImageObject\",\"inLanguage\":\"en-US\",\"@id\":\"https:\\\/\\\/www.autocritica.ro\\\/en\\\/live-news\\\/mercedes-teste-cu-un-nou-model-dezvoltat-de-divizia-amg\\\/#primaryimage\",\"url\":\"https:\\\/\\\/www.autocritica.ro\\\/wp-content\\\/uploads\\\/2026\\\/01\\\/26c0024_001-scaled.jpg\",\"contentUrl\":\"https:\\\/\\\/www.autocritica.ro\\\/wp-content\\\/uploads\\\/2026\\\/01\\\/26c0024_001-scaled.jpg\",\"width\":2560,\"height\":1707,\"caption\":\"Kompromissloser AMG startet K\u00e4ltetests in Schweden Uncompromising AMG begins cold-weather testing in Sweden\"},{\"@type\":\"BreadcrumbList\",\"@id\":\"https:\\\/\\\/www.autocritica.ro\\\/en\\\/live-news\\\/mercedes-teste-cu-un-nou-model-dezvoltat-de-divizia-amg\\\/#breadcrumb\",\"itemListElement\":[{\"@type\":\"ListItem\",\"position\":1,\"name\":\"Home\",\"item\":\"https:\\\/\\\/www.autocritica.ro\\\/en\\\/\"},{\"@type\":\"ListItem\",\"position\":2,\"name\":\"Live News\",\"item\":\"https:\\\/\\\/www.autocritica.ro\\\/en\\\/live-news\\\/\"},{\"@type\":\"ListItem\",\"position\":3,\"name\":\"Mercedes: teste cu un nou model dezvoltat de divizia AMG\"}]},{\"@type\":\"WebSite\",\"@id\":\"https:\\\/\\\/www.autocritica.ro\\\/en\\\/#website\",\"url\":\"https:\\\/\\\/www.autocritica.ro\\\/en\\\/\",\"name\":\"Autocritica\",\"description\":\"\",\"publisher\":{\"@id\":\"https:\\\/\\\/www.autocritica.ro\\\/en\\\/#organization\"},\"potentialAction\":[{\"@type\":\"SearchAction\",\"target\":{\"@type\":\"EntryPoint\",\"urlTemplate\":\"https:\\\/\\\/www.autocritica.ro\\\/en\\\/?s={search_term_string}\"},\"query-input\":{\"@type\":\"PropertyValueSpecification\",\"valueRequired\":true,\"valueName\":\"search_term_string\"}}],\"inLanguage\":\"en-US\"},{\"@type\":\"Organization\",\"@id\":\"https:\\\/\\\/www.autocritica.ro\\\/en\\\/#organization\",\"name\":\"Autocritica\",\"url\":\"https:\\\/\\\/www.autocritica.ro\\\/en\\\/\",\"logo\":{\"@type\":\"ImageObject\",\"inLanguage\":\"en-US\",\"@id\":\"https:\\\/\\\/www.autocritica.ro\\\/en\\\/#\\\/schema\\\/logo\\\/image\\\/\",\"url\":\"https:\\\/\\\/www.autocritica.ro\\\/wp-content\\\/uploads\\\/2020\\\/12\\\/logo-negru.png\",\"contentUrl\":\"https:\\\/\\\/www.autocritica.ro\\\/wp-content\\\/uploads\\\/2020\\\/12\\\/logo-negru.png\",\"width\":300,\"height\":102,\"caption\":\"Autocritica\"},\"image\":{\"@id\":\"https:\\\/\\\/www.autocritica.ro\\\/en\\\/#\\\/schema\\\/logo\\\/image\\\/\"},\"sameAs\":[\"https:\\\/\\\/www.facebook.com\\\/autocritica.ro\",\"https:\\\/\\\/www.instagram.com\\\/autocritica.ro\\\/\"]}]}<\/script>\n<!-- \/ Yoast SEO Premium plugin. -->","yoast_head_json":{"title":"Mercedes: teste cu un nou model dezvoltat de divizia AMG - Autocritica","robots":{"index":"index","follow":"follow","max-snippet":"max-snippet:-1","max-image-preview":"max-image-preview:large","max-video-preview":"max-video-preview:-1"},"canonical":"https:\/\/www.autocritica.ro\/en\/live-news\/mercedes-teste-cu-un-nou-model-dezvoltat-de-divizia-amg\/","og_locale":"en_US","og_type":"article","og_title":"Mercedes: teste cu un nou model dezvoltat de divizia AMG","og_description":"\u2022 Mercedes-Benz a publicat imagini din timpul testelor cu un nou model dezvoltat de divizia AMG. \u2022 Viitorul model de performan\u021b\u0103 bazat pe CLE va fi al","og_url":"https:\/\/www.autocritica.ro\/en\/live-news\/mercedes-teste-cu-un-nou-model-dezvoltat-de-divizia-amg\/","og_site_name":"Autocritica","article_publisher":"https:\/\/www.facebook.com\/autocritica.ro","article_modified_time":"2026-01-28T11:00:47+00:00","og_image":[{"width":2560,"height":1707,"url":"https:\/\/www.autocritica.ro\/wp-content\/uploads\/2026\/01\/26c0024_001-scaled.jpg","type":"image\/jpeg"}],"twitter_card":"summary_large_image","schema":{"@context":"https:\/\/schema.org","@graph":[{"@type":"WebPage","@id":"https:\/\/www.autocritica.ro\/en\/live-news\/mercedes-teste-cu-un-nou-model-dezvoltat-de-divizia-amg\/","url":"https:\/\/www.autocritica.ro\/en\/live-news\/mercedes-teste-cu-un-nou-model-dezvoltat-de-divizia-amg\/","name":"Mercedes: teste cu un nou model dezvoltat de divizia AMG - Autocritica","isPartOf":{"@id":"https:\/\/www.autocritica.ro\/en\/#website"},"primaryImageOfPage":{"@id":"https:\/\/www.autocritica.ro\/en\/live-news\/mercedes-teste-cu-un-nou-model-dezvoltat-de-divizia-amg\/#primaryimage"},"image":{"@id":"https:\/\/www.autocritica.ro\/en\/live-news\/mercedes-teste-cu-un-nou-model-dezvoltat-de-divizia-amg\/#primaryimage"},"thumbnailUrl":"https:\/\/www.autocritica.ro\/wp-content\/uploads\/2026\/01\/26c0024_001-scaled.jpg","datePublished":"2026-01-28T11:00:21+00:00","dateModified":"2026-01-28T11:00:47+00:00","breadcrumb":{"@id":"https:\/\/www.autocritica.ro\/en\/live-news\/mercedes-teste-cu-un-nou-model-dezvoltat-de-divizia-amg\/#breadcrumb"},"inLanguage":"en-US","potentialAction":[{"@type":"ReadAction","target":["https:\/\/www.autocritica.ro\/en\/live-news\/mercedes-teste-cu-un-nou-model-dezvoltat-de-divizia-amg\/"]}]},{"@type":"ImageObject","inLanguage":"en-US","@id":"https:\/\/www.autocritica.ro\/en\/live-news\/mercedes-teste-cu-un-nou-model-dezvoltat-de-divizia-amg\/#primaryimage","url":"https:\/\/www.autocritica.ro\/wp-content\/uploads\/2026\/01\/26c0024_001-scaled.jpg","contentUrl":"https:\/\/www.autocritica.ro\/wp-content\/uploads\/2026\/01\/26c0024_001-scaled.jpg","width":2560,"height":1707,"caption":"Kompromissloser AMG startet K\u00e4ltetests in Schweden Uncompromising AMG begins cold-weather testing in Sweden"},{"@type":"BreadcrumbList","@id":"https:\/\/www.autocritica.ro\/en\/live-news\/mercedes-teste-cu-un-nou-model-dezvoltat-de-divizia-amg\/#breadcrumb","itemListElement":[{"@type":"ListItem","position":1,"name":"Home","item":"https:\/\/www.autocritica.ro\/en\/"},{"@type":"ListItem","position":2,"name":"Live News","item":"https:\/\/www.autocritica.ro\/en\/live-news\/"},{"@type":"ListItem","position":3,"name":"Mercedes: teste cu un nou model dezvoltat de divizia AMG"}]},{"@type":"WebSite","@id":"https:\/\/www.autocritica.ro\/en\/#website","url":"https:\/\/www.autocritica.ro\/en\/","name":"Autocritica","description":"","publisher":{"@id":"https:\/\/www.autocritica.ro\/en\/#organization"},"potentialAction":[{"@type":"SearchAction","target":{"@type":"EntryPoint","urlTemplate":"https:\/\/www.autocritica.ro\/en\/?s={search_term_string}"},"query-input":{"@type":"PropertyValueSpecification","valueRequired":true,"valueName":"search_term_string"}}],"inLanguage":"en-US"},{"@type":"Organization","@id":"https:\/\/www.autocritica.ro\/en\/#organization","name":"Autocritica","url":"https:\/\/www.autocritica.ro\/en\/","logo":{"@type":"ImageObject","inLanguage":"en-US","@id":"https:\/\/www.autocritica.ro\/en\/#\/schema\/logo\/image\/","url":"https:\/\/www.autocritica.ro\/wp-content\/uploads\/2020\/12\/logo-negru.png","contentUrl":"https:\/\/www.autocritica.ro\/wp-content\/uploads\/2020\/12\/logo-negru.png","width":300,"height":102,"caption":"Autocritica"},"image":{"@id":"https:\/\/www.autocritica.ro\/en\/#\/schema\/logo\/image\/"},"sameAs":["https:\/\/www.facebook.com\/autocritica.ro","https:\/\/www.instagram.com\/autocritica.ro\/"]}]}},"_links":{"self":[{"href":"https:\/\/www.autocritica.ro\/en\/wp-json\/wp\/v2\/live-news\/269610","targetHints":{"allow":["GET"]}}],"collection":[{"href":"https:\/\/www.autocritica.ro\/en\/wp-json\/wp\/v2\/live-news"}],"about":[{"href":"https:\/\/www.autocritica.ro\/en\/wp-json\/wp\/v2\/types\/live-news"}],"author":[{"embeddable":true,"href":"https:\/\/www.autocritica.ro\/en\/wp-json\/wp\/v2\/users\/16"}],"replies":[{"embeddable":true,"href":"https:\/\/www.autocritica.ro\/en\/wp-json\/wp\/v2\/comments?post=269610"}],"version-history":[{"count":3,"href":"https:\/\/www.autocritica.ro\/en\/wp-json\/wp\/v2\/live-news\/269610\/revisions"}],"predecessor-version":[{"id":269620,"href":"https:\/\/www.autocritica.ro\/en\/wp-json\/wp\/v2\/live-news\/269610\/revisions\/269620"}],"wp:featuredmedia":[{"embeddable":true,"href":"https:\/\/www.autocritica.ro\/en\/wp-json\/wp\/v2\/media\/269615"}],"wp:attachment":[{"href":"https:\/\/www.autocritica.ro\/en\/wp-json\/wp\/v2\/media?parent=269610"}],"wp:term":[{"taxonomy":"post_tag","embeddable":true,"href":"https:\/\/www.autocritica.ro\/en\/wp-json\/wp\/v2\/tags?post=269610"}],"curies":[{"name":"wp","href":"https:\/\/api.w.org\/{rel}","templated":true}]}}