{"id":269601,"date":"2026-01-28T12:33:45","date_gmt":"2026-01-28T09:33:45","guid":{"rendered":"https:\/\/www.autocritica.ro\/?post_type=live-news&#038;p=269601"},"modified":"2026-01-28T12:34:13","modified_gmt":"2026-01-28T09:34:13","slug":"volkswagen-marca-cu-cele-mai-multe-inmatriculari-in-segmentul-plug-in-hybrid-in-romania-in-2025","status":"publish","type":"live-news","link":"https:\/\/www.autocritica.ro\/en\/live-news\/volkswagen-marca-cu-cele-mai-multe-inmatriculari-in-segmentul-plug-in-hybrid-in-romania-in-2025\/","title":{"rendered":"Volkswagen, marca cu cele mai multe \u00eenmatricul\u0103ri \u00een segmentul plug-in hybrid \u00een Rom\u00e2nia \u00een 2025"},"content":{"rendered":"\n<p>\u2022 Anul trecut, pe pia\u021ba din Rom\u00e2nia au fost \u00eenmatriculate peste 10.000 de ma\u0219ini echipate cu sistem plug-in hybrid de propulsie, \u00een cre\u0219tere cu 59% fa\u021b\u0103 de 2024.<\/p>\n\n\n\n<p>\u2022 Volkswagen a ocupat primul loc \u00een segmentul constructorilor cu cele mai multe \u00eenmatricul\u0103ri de PHEV-uri: 1619 unit\u0103\u021bi, \u00een cre\u0219tere cu 414%.<\/p>\n\n\n\n<p>\u2022 Cel mai important model al m\u0103rcii \u00een segmentul PHEV a fost Tiguan, cu 769 de unit\u0103\u021bi. Pe parcursul anului trecut, Tiguan PHEV a fost de dou\u0103 ori \u00een fruntea segmentului, \u00een lunile septembrie \u0219i noiembrie, iar SUV-ul a \u00eencheiat 2025 pe locul al doilea \u00een topul celor mai \u00eenmatriculate modele plug-in hybrid din Rom\u00e2nia.<\/p>\n\n\n\n<p>\u2022 Pe locul secund \u00een clasamentul produc\u0103torilor cu cele mai multe PHEV-uri \u00eenmatriculate \u00een Rom\u00e2nia \u00een 2025 se afl\u0103 Mercedes-Benz (1340 de unit\u0103\u021bi, +6% fa\u021b\u0103 de 2024), iar podiumul este completat de BMW (1049 de unit\u0103\u021bi, +27%).<\/p>\n\n\n\n<p>\u2022 Ford a ocupat locul al patrulea, cu 916 unit\u0103\u021bi \u00eenmatriculate. Dintre acestea, 845 de exemplare au fost Kuga, SUV-ul fiind, de altfel, cel mai bine \u00eenmatriculat PHEV din Rom\u00e2nia \u00een 2025.<\/p>\n\n\n\n<p>\u2022 Pe locul al cincilea s-a aflat Hyundai (822 de unit\u0103\u021bi, +61%), Tucson fiind modelul care \u00eencheie podiumul celor mai \u00eenmatriculate modele PHEV din Rom\u00e2nia (719 unit\u0103\u021bi).<\/p>\n\n\n\n<p>\u2022 Via: APIA<\/p>\n\n\n\n<p>\u2022 Foto: Volkswagen<\/p>\n","protected":false},"author":4,"featured_media":269603,"comment_status":"closed","ping_status":"closed","template":"","meta":{"_acf_changed":false,"footnotes":""},"tags":[6480,6481,6479,81],"class_list":["post-269601","live-news","type-live-news","status-publish","has-post-thumbnail","hentry","tag-ford-kuga-phev","tag-hyundai-tucson-phev","tag-tiguan-phev","tag-volkswagen"],"acf":[],"yoast_head":"<!-- This site is optimized with the Yoast SEO Premium plugin v27.5 (Yoast SEO v27.5) - https:\/\/yoast.com\/product\/yoast-seo-premium-wordpress\/ -->\n<title>Volkswagen, marca cu cele mai multe \u00eenmatricul\u0103ri \u00een segmentul plug-in hybrid \u00een Rom\u00e2nia \u00een 2025 - Autocritica<\/title>\n<meta name=\"robots\" content=\"index, follow, max-snippet:-1, max-image-preview:large, max-video-preview:-1\" \/>\n<link rel=\"canonical\" href=\"https:\/\/www.autocritica.ro\/en\/live-news\/volkswagen-marca-cu-cele-mai-multe-inmatriculari-in-segmentul-plug-in-hybrid-in-romania-in-2025\/\" \/>\n<meta property=\"og:locale\" content=\"en_US\" \/>\n<meta property=\"og:type\" content=\"article\" \/>\n<meta property=\"og:title\" content=\"Volkswagen, marca cu cele mai multe \u00eenmatricul\u0103ri \u00een segmentul plug-in hybrid \u00een Rom\u00e2nia \u00een 2025\" \/>\n<meta property=\"og:description\" content=\"\u2022 Anul trecut, pe pia\u021ba din Rom\u00e2nia au fost \u00eenmatriculate peste 10.000 de ma\u0219ini echipate cu sistem plug-in hybrid de propulsie, \u00een cre\u0219tere cu 59% fa\u021b\u0103\" \/>\n<meta property=\"og:url\" content=\"https:\/\/www.autocritica.ro\/en\/live-news\/volkswagen-marca-cu-cele-mai-multe-inmatriculari-in-segmentul-plug-in-hybrid-in-romania-in-2025\/\" \/>\n<meta property=\"og:site_name\" content=\"Autocritica\" \/>\n<meta property=\"article:publisher\" content=\"https:\/\/www.facebook.com\/autocritica.ro\" \/>\n<meta property=\"article:modified_time\" content=\"2026-01-28T09:34:13+00:00\" \/>\n<meta property=\"og:image\" content=\"https:\/\/www.autocritica.ro\/wp-content\/uploads\/2026\/01\/DB2023AU01065_large-scaled.jpg\" \/>\n\t<meta property=\"og:image:width\" content=\"2560\" \/>\n\t<meta property=\"og:image:height\" content=\"1707\" \/>\n\t<meta property=\"og:image:type\" content=\"image\/jpeg\" \/>\n<meta name=\"twitter:card\" content=\"summary_large_image\" \/>\n<meta name=\"twitter:label1\" content=\"Est. reading time\" \/>\n\t<meta name=\"twitter:data1\" content=\"1 minute\" \/>\n<script type=\"application\/ld+json\" class=\"yoast-schema-graph\">{\"@context\":\"https:\\\/\\\/schema.org\",\"@graph\":[{\"@type\":\"WebPage\",\"@id\":\"https:\\\/\\\/www.autocritica.ro\\\/en\\\/live-news\\\/volkswagen-marca-cu-cele-mai-multe-inmatriculari-in-segmentul-plug-in-hybrid-in-romania-in-2025\\\/\",\"url\":\"https:\\\/\\\/www.autocritica.ro\\\/en\\\/live-news\\\/volkswagen-marca-cu-cele-mai-multe-inmatriculari-in-segmentul-plug-in-hybrid-in-romania-in-2025\\\/\",\"name\":\"Volkswagen, marca cu cele mai multe \u00eenmatricul\u0103ri \u00een segmentul plug-in hybrid \u00een Rom\u00e2nia \u00een 2025 - Autocritica\",\"isPartOf\":{\"@id\":\"https:\\\/\\\/www.autocritica.ro\\\/en\\\/#website\"},\"primaryImageOfPage\":{\"@id\":\"https:\\\/\\\/www.autocritica.ro\\\/en\\\/live-news\\\/volkswagen-marca-cu-cele-mai-multe-inmatriculari-in-segmentul-plug-in-hybrid-in-romania-in-2025\\\/#primaryimage\"},\"image\":{\"@id\":\"https:\\\/\\\/www.autocritica.ro\\\/en\\\/live-news\\\/volkswagen-marca-cu-cele-mai-multe-inmatriculari-in-segmentul-plug-in-hybrid-in-romania-in-2025\\\/#primaryimage\"},\"thumbnailUrl\":\"https:\\\/\\\/www.autocritica.ro\\\/wp-content\\\/uploads\\\/2026\\\/01\\\/DB2023AU01065_large-scaled.jpg\",\"datePublished\":\"2026-01-28T09:33:45+00:00\",\"dateModified\":\"2026-01-28T09:34:13+00:00\",\"breadcrumb\":{\"@id\":\"https:\\\/\\\/www.autocritica.ro\\\/en\\\/live-news\\\/volkswagen-marca-cu-cele-mai-multe-inmatriculari-in-segmentul-plug-in-hybrid-in-romania-in-2025\\\/#breadcrumb\"},\"inLanguage\":\"en-US\",\"potentialAction\":[{\"@type\":\"ReadAction\",\"target\":[\"https:\\\/\\\/www.autocritica.ro\\\/en\\\/live-news\\\/volkswagen-marca-cu-cele-mai-multe-inmatriculari-in-segmentul-plug-in-hybrid-in-romania-in-2025\\\/\"]}]},{\"@type\":\"ImageObject\",\"inLanguage\":\"en-US\",\"@id\":\"https:\\\/\\\/www.autocritica.ro\\\/en\\\/live-news\\\/volkswagen-marca-cu-cele-mai-multe-inmatriculari-in-segmentul-plug-in-hybrid-in-romania-in-2025\\\/#primaryimage\",\"url\":\"https:\\\/\\\/www.autocritica.ro\\\/wp-content\\\/uploads\\\/2026\\\/01\\\/DB2023AU01065_large-scaled.jpg\",\"contentUrl\":\"https:\\\/\\\/www.autocritica.ro\\\/wp-content\\\/uploads\\\/2026\\\/01\\\/DB2023AU01065_large-scaled.jpg\",\"width\":2560,\"height\":1707},{\"@type\":\"BreadcrumbList\",\"@id\":\"https:\\\/\\\/www.autocritica.ro\\\/en\\\/live-news\\\/volkswagen-marca-cu-cele-mai-multe-inmatriculari-in-segmentul-plug-in-hybrid-in-romania-in-2025\\\/#breadcrumb\",\"itemListElement\":[{\"@type\":\"ListItem\",\"position\":1,\"name\":\"Home\",\"item\":\"https:\\\/\\\/www.autocritica.ro\\\/en\\\/\"},{\"@type\":\"ListItem\",\"position\":2,\"name\":\"Live News\",\"item\":\"https:\\\/\\\/www.autocritica.ro\\\/en\\\/live-news\\\/\"},{\"@type\":\"ListItem\",\"position\":3,\"name\":\"Volkswagen, marca cu cele mai multe \u00eenmatricul\u0103ri \u00een segmentul plug-in hybrid \u00een Rom\u00e2nia \u00een 2025\"}]},{\"@type\":\"WebSite\",\"@id\":\"https:\\\/\\\/www.autocritica.ro\\\/en\\\/#website\",\"url\":\"https:\\\/\\\/www.autocritica.ro\\\/en\\\/\",\"name\":\"Autocritica\",\"description\":\"\",\"publisher\":{\"@id\":\"https:\\\/\\\/www.autocritica.ro\\\/en\\\/#organization\"},\"potentialAction\":[{\"@type\":\"SearchAction\",\"target\":{\"@type\":\"EntryPoint\",\"urlTemplate\":\"https:\\\/\\\/www.autocritica.ro\\\/en\\\/?s={search_term_string}\"},\"query-input\":{\"@type\":\"PropertyValueSpecification\",\"valueRequired\":true,\"valueName\":\"search_term_string\"}}],\"inLanguage\":\"en-US\"},{\"@type\":\"Organization\",\"@id\":\"https:\\\/\\\/www.autocritica.ro\\\/en\\\/#organization\",\"name\":\"Autocritica\",\"url\":\"https:\\\/\\\/www.autocritica.ro\\\/en\\\/\",\"logo\":{\"@type\":\"ImageObject\",\"inLanguage\":\"en-US\",\"@id\":\"https:\\\/\\\/www.autocritica.ro\\\/en\\\/#\\\/schema\\\/logo\\\/image\\\/\",\"url\":\"https:\\\/\\\/www.autocritica.ro\\\/wp-content\\\/uploads\\\/2020\\\/12\\\/logo-negru.png\",\"contentUrl\":\"https:\\\/\\\/www.autocritica.ro\\\/wp-content\\\/uploads\\\/2020\\\/12\\\/logo-negru.png\",\"width\":300,\"height\":102,\"caption\":\"Autocritica\"},\"image\":{\"@id\":\"https:\\\/\\\/www.autocritica.ro\\\/en\\\/#\\\/schema\\\/logo\\\/image\\\/\"},\"sameAs\":[\"https:\\\/\\\/www.facebook.com\\\/autocritica.ro\",\"https:\\\/\\\/www.instagram.com\\\/autocritica.ro\\\/\"]}]}<\/script>\n<!-- \/ Yoast SEO Premium plugin. -->","yoast_head_json":{"title":"Volkswagen, marca cu cele mai multe \u00eenmatricul\u0103ri \u00een segmentul plug-in hybrid \u00een Rom\u00e2nia \u00een 2025 - Autocritica","robots":{"index":"index","follow":"follow","max-snippet":"max-snippet:-1","max-image-preview":"max-image-preview:large","max-video-preview":"max-video-preview:-1"},"canonical":"https:\/\/www.autocritica.ro\/en\/live-news\/volkswagen-marca-cu-cele-mai-multe-inmatriculari-in-segmentul-plug-in-hybrid-in-romania-in-2025\/","og_locale":"en_US","og_type":"article","og_title":"Volkswagen, marca cu cele mai multe \u00eenmatricul\u0103ri \u00een segmentul plug-in hybrid \u00een Rom\u00e2nia \u00een 2025","og_description":"\u2022 Anul trecut, pe pia\u021ba din Rom\u00e2nia au fost \u00eenmatriculate peste 10.000 de ma\u0219ini echipate cu sistem plug-in hybrid de propulsie, \u00een cre\u0219tere cu 59% fa\u021b\u0103","og_url":"https:\/\/www.autocritica.ro\/en\/live-news\/volkswagen-marca-cu-cele-mai-multe-inmatriculari-in-segmentul-plug-in-hybrid-in-romania-in-2025\/","og_site_name":"Autocritica","article_publisher":"https:\/\/www.facebook.com\/autocritica.ro","article_modified_time":"2026-01-28T09:34:13+00:00","og_image":[{"width":2560,"height":1707,"url":"https:\/\/www.autocritica.ro\/wp-content\/uploads\/2026\/01\/DB2023AU01065_large-scaled.jpg","type":"image\/jpeg"}],"twitter_card":"summary_large_image","twitter_misc":{"Est. reading time":"1 minute"},"schema":{"@context":"https:\/\/schema.org","@graph":[{"@type":"WebPage","@id":"https:\/\/www.autocritica.ro\/en\/live-news\/volkswagen-marca-cu-cele-mai-multe-inmatriculari-in-segmentul-plug-in-hybrid-in-romania-in-2025\/","url":"https:\/\/www.autocritica.ro\/en\/live-news\/volkswagen-marca-cu-cele-mai-multe-inmatriculari-in-segmentul-plug-in-hybrid-in-romania-in-2025\/","name":"Volkswagen, marca cu cele mai multe \u00eenmatricul\u0103ri \u00een segmentul plug-in hybrid \u00een Rom\u00e2nia \u00een 2025 - Autocritica","isPartOf":{"@id":"https:\/\/www.autocritica.ro\/en\/#website"},"primaryImageOfPage":{"@id":"https:\/\/www.autocritica.ro\/en\/live-news\/volkswagen-marca-cu-cele-mai-multe-inmatriculari-in-segmentul-plug-in-hybrid-in-romania-in-2025\/#primaryimage"},"image":{"@id":"https:\/\/www.autocritica.ro\/en\/live-news\/volkswagen-marca-cu-cele-mai-multe-inmatriculari-in-segmentul-plug-in-hybrid-in-romania-in-2025\/#primaryimage"},"thumbnailUrl":"https:\/\/www.autocritica.ro\/wp-content\/uploads\/2026\/01\/DB2023AU01065_large-scaled.jpg","datePublished":"2026-01-28T09:33:45+00:00","dateModified":"2026-01-28T09:34:13+00:00","breadcrumb":{"@id":"https:\/\/www.autocritica.ro\/en\/live-news\/volkswagen-marca-cu-cele-mai-multe-inmatriculari-in-segmentul-plug-in-hybrid-in-romania-in-2025\/#breadcrumb"},"inLanguage":"en-US","potentialAction":[{"@type":"ReadAction","target":["https:\/\/www.autocritica.ro\/en\/live-news\/volkswagen-marca-cu-cele-mai-multe-inmatriculari-in-segmentul-plug-in-hybrid-in-romania-in-2025\/"]}]},{"@type":"ImageObject","inLanguage":"en-US","@id":"https:\/\/www.autocritica.ro\/en\/live-news\/volkswagen-marca-cu-cele-mai-multe-inmatriculari-in-segmentul-plug-in-hybrid-in-romania-in-2025\/#primaryimage","url":"https:\/\/www.autocritica.ro\/wp-content\/uploads\/2026\/01\/DB2023AU01065_large-scaled.jpg","contentUrl":"https:\/\/www.autocritica.ro\/wp-content\/uploads\/2026\/01\/DB2023AU01065_large-scaled.jpg","width":2560,"height":1707},{"@type":"BreadcrumbList","@id":"https:\/\/www.autocritica.ro\/en\/live-news\/volkswagen-marca-cu-cele-mai-multe-inmatriculari-in-segmentul-plug-in-hybrid-in-romania-in-2025\/#breadcrumb","itemListElement":[{"@type":"ListItem","position":1,"name":"Home","item":"https:\/\/www.autocritica.ro\/en\/"},{"@type":"ListItem","position":2,"name":"Live News","item":"https:\/\/www.autocritica.ro\/en\/live-news\/"},{"@type":"ListItem","position":3,"name":"Volkswagen, marca cu cele mai multe \u00eenmatricul\u0103ri \u00een segmentul plug-in hybrid \u00een Rom\u00e2nia \u00een 2025"}]},{"@type":"WebSite","@id":"https:\/\/www.autocritica.ro\/en\/#website","url":"https:\/\/www.autocritica.ro\/en\/","name":"Autocritica","description":"","publisher":{"@id":"https:\/\/www.autocritica.ro\/en\/#organization"},"potentialAction":[{"@type":"SearchAction","target":{"@type":"EntryPoint","urlTemplate":"https:\/\/www.autocritica.ro\/en\/?s={search_term_string}"},"query-input":{"@type":"PropertyValueSpecification","valueRequired":true,"valueName":"search_term_string"}}],"inLanguage":"en-US"},{"@type":"Organization","@id":"https:\/\/www.autocritica.ro\/en\/#organization","name":"Autocritica","url":"https:\/\/www.autocritica.ro\/en\/","logo":{"@type":"ImageObject","inLanguage":"en-US","@id":"https:\/\/www.autocritica.ro\/en\/#\/schema\/logo\/image\/","url":"https:\/\/www.autocritica.ro\/wp-content\/uploads\/2020\/12\/logo-negru.png","contentUrl":"https:\/\/www.autocritica.ro\/wp-content\/uploads\/2020\/12\/logo-negru.png","width":300,"height":102,"caption":"Autocritica"},"image":{"@id":"https:\/\/www.autocritica.ro\/en\/#\/schema\/logo\/image\/"},"sameAs":["https:\/\/www.facebook.com\/autocritica.ro","https:\/\/www.instagram.com\/autocritica.ro\/"]}]}},"_links":{"self":[{"href":"https:\/\/www.autocritica.ro\/en\/wp-json\/wp\/v2\/live-news\/269601","targetHints":{"allow":["GET"]}}],"collection":[{"href":"https:\/\/www.autocritica.ro\/en\/wp-json\/wp\/v2\/live-news"}],"about":[{"href":"https:\/\/www.autocritica.ro\/en\/wp-json\/wp\/v2\/types\/live-news"}],"author":[{"embeddable":true,"href":"https:\/\/www.autocritica.ro\/en\/wp-json\/wp\/v2\/users\/4"}],"replies":[{"embeddable":true,"href":"https:\/\/www.autocritica.ro\/en\/wp-json\/wp\/v2\/comments?post=269601"}],"version-history":[{"count":3,"href":"https:\/\/www.autocritica.ro\/en\/wp-json\/wp\/v2\/live-news\/269601\/revisions"}],"predecessor-version":[{"id":269606,"href":"https:\/\/www.autocritica.ro\/en\/wp-json\/wp\/v2\/live-news\/269601\/revisions\/269606"}],"wp:featuredmedia":[{"embeddable":true,"href":"https:\/\/www.autocritica.ro\/en\/wp-json\/wp\/v2\/media\/269603"}],"wp:attachment":[{"href":"https:\/\/www.autocritica.ro\/en\/wp-json\/wp\/v2\/media?parent=269601"}],"wp:term":[{"taxonomy":"post_tag","embeddable":true,"href":"https:\/\/www.autocritica.ro\/en\/wp-json\/wp\/v2\/tags?post=269601"}],"curies":[{"name":"wp","href":"https:\/\/api.w.org\/{rel}","templated":true}]}}