{"id":269264,"date":"2026-01-27T14:34:47","date_gmt":"2026-01-27T11:34:47","guid":{"rendered":"https:\/\/www.autocritica.ro\/?post_type=live-news&#038;p=269264"},"modified":"2026-01-27T14:35:02","modified_gmt":"2026-01-27T11:35:02","slug":"inmatricularile-europene-in-2025-297-pentru-electrice","status":"publish","type":"live-news","link":"https:\/\/www.autocritica.ro\/en\/live-news\/inmatricularile-europene-in-2025-297-pentru-electrice\/","title":{"rendered":"\u00cenmatricul\u0103rile europene \u00een 2025: +29,7% pentru electrice"},"content":{"rendered":"\n<p>\u2022 Europenii au \u00eenmatriculat \u00een 2025 peste 13,27 de milioane de ma\u0219ini, \u00een cre\u0219tere cu 2,4% fa\u021b\u0103 de 2024, conform raportului publicat de Asocia\u021bia European\u0103 a Constructorilor de Automobile (ACEA).<\/p>\n\n\n\n<p>\u2022 \u00cen ceea ce prive\u0219te distribu\u021bia pe motoriz\u0103ri, cele mai mari cre\u0219teri procentuale au fost \u00eenregistrate \u00een dreptul electricelor \u0219i hibrizilor plug-in.<\/p>\n\n\n\n<p>\u2022 Conform raportului ACEA, anul trecut, \u00een Europa au fost \u00eenmatriculate peste 2,58 de milioane de electrice, \u00een cre\u0219tere cu 29,7% fa\u021b\u0103 de 2024. Cele mai mari pie\u021be pentru ma\u0219inile electrice au fost cele din Germania (peste jum\u0103tate de milion de unit\u0103\u021bi, \u00een cre\u0219tere cu 43,2% fa\u021b\u0103 de 2024), Marea Britanie (473.348 de unit\u0103\u021bi, +23,9%) \u0219i Fran\u021ba (326.922 de electrice, +12,5%).<\/p>\n\n\n\n<p>\u2022 Astfel, cota de pia\u021b\u0103 a electricelor a ajuns la 19,5%.<\/p>\n\n\n\n<p>\u2022 \u00cen ceea ce prive\u0219te hibrizii cu \u00eenc\u0103rcare la priz\u0103 (PHEV), anul trecut \u00eenmatricul\u0103rile au ajuns la peste 1,27 de milioane de unit\u0103\u021bi, \u00een cre\u0219tere cu 33,4%. Cota de pia\u021b\u0103 pentru 2025 a fost de 9,6%.<\/p>\n\n\n\n<p>\u2022 Ma\u0219inile hibride au totalizat peste 4,56 de milioane de unit\u0103\u021bi, \u00een cre\u0219tere cu 12,4%. Trebuie men\u021bionat c\u0103 raportul ACEA include \u00een aceast\u0103 categorie at\u00e2t ma\u0219inile full-hybrid, c\u00e2t \u0219i variantele echipate cu motoriz\u0103ri mild-hybrid. Cota de pia\u021b\u0103 \u00eenregistrat\u0103 de acest tip de motoriz\u0103ri a fost de 34,4%.<\/p>\n\n\n\n<p>\u2022 \u00cen ceea ce prive\u0219te ma\u0219inile echipate cu motoare cu benzin\u0103 f\u0103r\u0103 niciun fel de sistem hibrid, \u00een 2025, \u00een Europa au fost \u00eenmatriculate peste 3,46 de milioane de unit\u0103\u021bi, \u00een sc\u0103dere cu 18,9% fa\u021b\u0103 de 2024.<\/p>\n\n\n\n<p>\u2022 Tot \u00een sc\u0103dere au fost \u0219i ma\u0219inile echipate cu motoare diesel: pu\u021bin peste 1 milion de \u00eenmatricul\u0103ri, \u00een sc\u0103dere cu 24% comparativ cu 2024.<\/p>\n\n\n\n<p>\u2022 Datele men\u021bionate includ \u00eenmatricul\u0103rile cumulate din cele 27 state membre ale Uniunii Europene, la care se adaug\u0103 Marea Britanie \u0219i cele trei state din regiunea economic\u0103 EFTA (Islanda, Norvegia \u0219i Elve\u021bia).<\/p>\n\n\n\n<p>\u2022 Un raport detaliat despre evolu\u021bia pie\u021bei auto \u00een Europa \u00een 2025, \u00een scurt timp pe Autocritica.<\/p>\n\n\n\n<p>\u2022 Via: ACEA<\/p>\n\n\n\n<p>\u2022 Foto: Dreamstime<\/p>\n","protected":false},"author":4,"featured_media":269266,"comment_status":"closed","ping_status":"closed","template":"","meta":{"_acf_changed":false,"footnotes":""},"tags":[6477],"class_list":["post-269264","live-news","type-live-news","status-publish","has-post-thumbnail","hentry","tag-inmatriculari-2025"],"acf":[],"yoast_head":"<!-- This site is optimized with the Yoast SEO Premium plugin v27.5 (Yoast SEO v27.5) - https:\/\/yoast.com\/product\/yoast-seo-premium-wordpress\/ -->\n<title>\u00cenmatricul\u0103rile europene \u00een 2025: +29,7% pentru electrice - Autocritica<\/title>\n<meta name=\"robots\" content=\"index, follow, max-snippet:-1, max-image-preview:large, max-video-preview:-1\" \/>\n<link rel=\"canonical\" href=\"https:\/\/www.autocritica.ro\/en\/live-news\/inmatricularile-europene-in-2025-297-pentru-electrice\/\" \/>\n<meta property=\"og:locale\" content=\"en_US\" \/>\n<meta property=\"og:type\" content=\"article\" \/>\n<meta property=\"og:title\" content=\"\u00cenmatricul\u0103rile europene \u00een 2025: +29,7% pentru electrice\" \/>\n<meta property=\"og:description\" content=\"\u2022 Europenii au \u00eenmatriculat \u00een 2025 peste 13,27 de milioane de ma\u0219ini, \u00een cre\u0219tere cu 2,4% fa\u021b\u0103 de 2024, conform raportului publicat de Asocia\u021bia\" \/>\n<meta property=\"og:url\" content=\"https:\/\/www.autocritica.ro\/en\/live-news\/inmatricularile-europene-in-2025-297-pentru-electrice\/\" \/>\n<meta property=\"og:site_name\" content=\"Autocritica\" \/>\n<meta property=\"article:publisher\" content=\"https:\/\/www.facebook.com\/autocritica.ro\" \/>\n<meta property=\"article:modified_time\" content=\"2026-01-27T11:35:02+00:00\" \/>\n<meta property=\"og:image\" content=\"https:\/\/www.autocritica.ro\/wp-content\/uploads\/2026\/01\/dreamstime_l_122616464-scaled.jpg\" \/>\n\t<meta property=\"og:image:width\" content=\"2560\" \/>\n\t<meta property=\"og:image:height\" content=\"1654\" \/>\n\t<meta property=\"og:image:type\" content=\"image\/jpeg\" \/>\n<meta name=\"twitter:card\" content=\"summary_large_image\" \/>\n<meta name=\"twitter:label1\" content=\"Est. reading time\" \/>\n\t<meta name=\"twitter:data1\" content=\"2 minutes\" \/>\n<script type=\"application\/ld+json\" class=\"yoast-schema-graph\">{\"@context\":\"https:\\\/\\\/schema.org\",\"@graph\":[{\"@type\":\"WebPage\",\"@id\":\"https:\\\/\\\/www.autocritica.ro\\\/en\\\/live-news\\\/inmatricularile-europene-in-2025-297-pentru-electrice\\\/\",\"url\":\"https:\\\/\\\/www.autocritica.ro\\\/en\\\/live-news\\\/inmatricularile-europene-in-2025-297-pentru-electrice\\\/\",\"name\":\"\u00cenmatricul\u0103rile europene \u00een 2025: +29,7% pentru electrice - Autocritica\",\"isPartOf\":{\"@id\":\"https:\\\/\\\/www.autocritica.ro\\\/en\\\/#website\"},\"primaryImageOfPage\":{\"@id\":\"https:\\\/\\\/www.autocritica.ro\\\/en\\\/live-news\\\/inmatricularile-europene-in-2025-297-pentru-electrice\\\/#primaryimage\"},\"image\":{\"@id\":\"https:\\\/\\\/www.autocritica.ro\\\/en\\\/live-news\\\/inmatricularile-europene-in-2025-297-pentru-electrice\\\/#primaryimage\"},\"thumbnailUrl\":\"https:\\\/\\\/www.autocritica.ro\\\/wp-content\\\/uploads\\\/2026\\\/01\\\/dreamstime_l_122616464-scaled.jpg\",\"datePublished\":\"2026-01-27T11:34:47+00:00\",\"dateModified\":\"2026-01-27T11:35:02+00:00\",\"breadcrumb\":{\"@id\":\"https:\\\/\\\/www.autocritica.ro\\\/en\\\/live-news\\\/inmatricularile-europene-in-2025-297-pentru-electrice\\\/#breadcrumb\"},\"inLanguage\":\"en-US\",\"potentialAction\":[{\"@type\":\"ReadAction\",\"target\":[\"https:\\\/\\\/www.autocritica.ro\\\/en\\\/live-news\\\/inmatricularile-europene-in-2025-297-pentru-electrice\\\/\"]}]},{\"@type\":\"ImageObject\",\"inLanguage\":\"en-US\",\"@id\":\"https:\\\/\\\/www.autocritica.ro\\\/en\\\/live-news\\\/inmatricularile-europene-in-2025-297-pentru-electrice\\\/#primaryimage\",\"url\":\"https:\\\/\\\/www.autocritica.ro\\\/wp-content\\\/uploads\\\/2026\\\/01\\\/dreamstime_l_122616464-scaled.jpg\",\"contentUrl\":\"https:\\\/\\\/www.autocritica.ro\\\/wp-content\\\/uploads\\\/2026\\\/01\\\/dreamstime_l_122616464-scaled.jpg\",\"width\":2560,\"height\":1654},{\"@type\":\"BreadcrumbList\",\"@id\":\"https:\\\/\\\/www.autocritica.ro\\\/en\\\/live-news\\\/inmatricularile-europene-in-2025-297-pentru-electrice\\\/#breadcrumb\",\"itemListElement\":[{\"@type\":\"ListItem\",\"position\":1,\"name\":\"Home\",\"item\":\"https:\\\/\\\/www.autocritica.ro\\\/en\\\/\"},{\"@type\":\"ListItem\",\"position\":2,\"name\":\"Live News\",\"item\":\"https:\\\/\\\/www.autocritica.ro\\\/en\\\/live-news\\\/\"},{\"@type\":\"ListItem\",\"position\":3,\"name\":\"\u00cenmatricul\u0103rile europene \u00een 2025: +29,7% pentru electrice\"}]},{\"@type\":\"WebSite\",\"@id\":\"https:\\\/\\\/www.autocritica.ro\\\/en\\\/#website\",\"url\":\"https:\\\/\\\/www.autocritica.ro\\\/en\\\/\",\"name\":\"Autocritica\",\"description\":\"\",\"publisher\":{\"@id\":\"https:\\\/\\\/www.autocritica.ro\\\/en\\\/#organization\"},\"potentialAction\":[{\"@type\":\"SearchAction\",\"target\":{\"@type\":\"EntryPoint\",\"urlTemplate\":\"https:\\\/\\\/www.autocritica.ro\\\/en\\\/?s={search_term_string}\"},\"query-input\":{\"@type\":\"PropertyValueSpecification\",\"valueRequired\":true,\"valueName\":\"search_term_string\"}}],\"inLanguage\":\"en-US\"},{\"@type\":\"Organization\",\"@id\":\"https:\\\/\\\/www.autocritica.ro\\\/en\\\/#organization\",\"name\":\"Autocritica\",\"url\":\"https:\\\/\\\/www.autocritica.ro\\\/en\\\/\",\"logo\":{\"@type\":\"ImageObject\",\"inLanguage\":\"en-US\",\"@id\":\"https:\\\/\\\/www.autocritica.ro\\\/en\\\/#\\\/schema\\\/logo\\\/image\\\/\",\"url\":\"https:\\\/\\\/www.autocritica.ro\\\/wp-content\\\/uploads\\\/2020\\\/12\\\/logo-negru.png\",\"contentUrl\":\"https:\\\/\\\/www.autocritica.ro\\\/wp-content\\\/uploads\\\/2020\\\/12\\\/logo-negru.png\",\"width\":300,\"height\":102,\"caption\":\"Autocritica\"},\"image\":{\"@id\":\"https:\\\/\\\/www.autocritica.ro\\\/en\\\/#\\\/schema\\\/logo\\\/image\\\/\"},\"sameAs\":[\"https:\\\/\\\/www.facebook.com\\\/autocritica.ro\",\"https:\\\/\\\/www.instagram.com\\\/autocritica.ro\\\/\"]}]}<\/script>\n<!-- \/ Yoast SEO Premium plugin. -->","yoast_head_json":{"title":"\u00cenmatricul\u0103rile europene \u00een 2025: +29,7% pentru electrice - Autocritica","robots":{"index":"index","follow":"follow","max-snippet":"max-snippet:-1","max-image-preview":"max-image-preview:large","max-video-preview":"max-video-preview:-1"},"canonical":"https:\/\/www.autocritica.ro\/en\/live-news\/inmatricularile-europene-in-2025-297-pentru-electrice\/","og_locale":"en_US","og_type":"article","og_title":"\u00cenmatricul\u0103rile europene \u00een 2025: +29,7% pentru electrice","og_description":"\u2022 Europenii au \u00eenmatriculat \u00een 2025 peste 13,27 de milioane de ma\u0219ini, \u00een cre\u0219tere cu 2,4% fa\u021b\u0103 de 2024, conform raportului publicat de Asocia\u021bia","og_url":"https:\/\/www.autocritica.ro\/en\/live-news\/inmatricularile-europene-in-2025-297-pentru-electrice\/","og_site_name":"Autocritica","article_publisher":"https:\/\/www.facebook.com\/autocritica.ro","article_modified_time":"2026-01-27T11:35:02+00:00","og_image":[{"width":2560,"height":1654,"url":"https:\/\/www.autocritica.ro\/wp-content\/uploads\/2026\/01\/dreamstime_l_122616464-scaled.jpg","type":"image\/jpeg"}],"twitter_card":"summary_large_image","twitter_misc":{"Est. reading time":"2 minutes"},"schema":{"@context":"https:\/\/schema.org","@graph":[{"@type":"WebPage","@id":"https:\/\/www.autocritica.ro\/en\/live-news\/inmatricularile-europene-in-2025-297-pentru-electrice\/","url":"https:\/\/www.autocritica.ro\/en\/live-news\/inmatricularile-europene-in-2025-297-pentru-electrice\/","name":"\u00cenmatricul\u0103rile europene \u00een 2025: +29,7% pentru electrice - Autocritica","isPartOf":{"@id":"https:\/\/www.autocritica.ro\/en\/#website"},"primaryImageOfPage":{"@id":"https:\/\/www.autocritica.ro\/en\/live-news\/inmatricularile-europene-in-2025-297-pentru-electrice\/#primaryimage"},"image":{"@id":"https:\/\/www.autocritica.ro\/en\/live-news\/inmatricularile-europene-in-2025-297-pentru-electrice\/#primaryimage"},"thumbnailUrl":"https:\/\/www.autocritica.ro\/wp-content\/uploads\/2026\/01\/dreamstime_l_122616464-scaled.jpg","datePublished":"2026-01-27T11:34:47+00:00","dateModified":"2026-01-27T11:35:02+00:00","breadcrumb":{"@id":"https:\/\/www.autocritica.ro\/en\/live-news\/inmatricularile-europene-in-2025-297-pentru-electrice\/#breadcrumb"},"inLanguage":"en-US","potentialAction":[{"@type":"ReadAction","target":["https:\/\/www.autocritica.ro\/en\/live-news\/inmatricularile-europene-in-2025-297-pentru-electrice\/"]}]},{"@type":"ImageObject","inLanguage":"en-US","@id":"https:\/\/www.autocritica.ro\/en\/live-news\/inmatricularile-europene-in-2025-297-pentru-electrice\/#primaryimage","url":"https:\/\/www.autocritica.ro\/wp-content\/uploads\/2026\/01\/dreamstime_l_122616464-scaled.jpg","contentUrl":"https:\/\/www.autocritica.ro\/wp-content\/uploads\/2026\/01\/dreamstime_l_122616464-scaled.jpg","width":2560,"height":1654},{"@type":"BreadcrumbList","@id":"https:\/\/www.autocritica.ro\/en\/live-news\/inmatricularile-europene-in-2025-297-pentru-electrice\/#breadcrumb","itemListElement":[{"@type":"ListItem","position":1,"name":"Home","item":"https:\/\/www.autocritica.ro\/en\/"},{"@type":"ListItem","position":2,"name":"Live News","item":"https:\/\/www.autocritica.ro\/en\/live-news\/"},{"@type":"ListItem","position":3,"name":"\u00cenmatricul\u0103rile europene \u00een 2025: +29,7% pentru electrice"}]},{"@type":"WebSite","@id":"https:\/\/www.autocritica.ro\/en\/#website","url":"https:\/\/www.autocritica.ro\/en\/","name":"Autocritica","description":"","publisher":{"@id":"https:\/\/www.autocritica.ro\/en\/#organization"},"potentialAction":[{"@type":"SearchAction","target":{"@type":"EntryPoint","urlTemplate":"https:\/\/www.autocritica.ro\/en\/?s={search_term_string}"},"query-input":{"@type":"PropertyValueSpecification","valueRequired":true,"valueName":"search_term_string"}}],"inLanguage":"en-US"},{"@type":"Organization","@id":"https:\/\/www.autocritica.ro\/en\/#organization","name":"Autocritica","url":"https:\/\/www.autocritica.ro\/en\/","logo":{"@type":"ImageObject","inLanguage":"en-US","@id":"https:\/\/www.autocritica.ro\/en\/#\/schema\/logo\/image\/","url":"https:\/\/www.autocritica.ro\/wp-content\/uploads\/2020\/12\/logo-negru.png","contentUrl":"https:\/\/www.autocritica.ro\/wp-content\/uploads\/2020\/12\/logo-negru.png","width":300,"height":102,"caption":"Autocritica"},"image":{"@id":"https:\/\/www.autocritica.ro\/en\/#\/schema\/logo\/image\/"},"sameAs":["https:\/\/www.facebook.com\/autocritica.ro","https:\/\/www.instagram.com\/autocritica.ro\/"]}]}},"_links":{"self":[{"href":"https:\/\/www.autocritica.ro\/en\/wp-json\/wp\/v2\/live-news\/269264","targetHints":{"allow":["GET"]}}],"collection":[{"href":"https:\/\/www.autocritica.ro\/en\/wp-json\/wp\/v2\/live-news"}],"about":[{"href":"https:\/\/www.autocritica.ro\/en\/wp-json\/wp\/v2\/types\/live-news"}],"author":[{"embeddable":true,"href":"https:\/\/www.autocritica.ro\/en\/wp-json\/wp\/v2\/users\/4"}],"replies":[{"embeddable":true,"href":"https:\/\/www.autocritica.ro\/en\/wp-json\/wp\/v2\/comments?post=269264"}],"version-history":[{"count":3,"href":"https:\/\/www.autocritica.ro\/en\/wp-json\/wp\/v2\/live-news\/269264\/revisions"}],"predecessor-version":[{"id":269269,"href":"https:\/\/www.autocritica.ro\/en\/wp-json\/wp\/v2\/live-news\/269264\/revisions\/269269"}],"wp:featuredmedia":[{"embeddable":true,"href":"https:\/\/www.autocritica.ro\/en\/wp-json\/wp\/v2\/media\/269266"}],"wp:attachment":[{"href":"https:\/\/www.autocritica.ro\/en\/wp-json\/wp\/v2\/media?parent=269264"}],"wp:term":[{"taxonomy":"post_tag","embeddable":true,"href":"https:\/\/www.autocritica.ro\/en\/wp-json\/wp\/v2\/tags?post=269264"}],"curies":[{"name":"wp","href":"https:\/\/api.w.org\/{rel}","templated":true}]}}