{"id":269243,"date":"2026-01-27T12:30:55","date_gmt":"2026-01-27T09:30:55","guid":{"rendered":"https:\/\/www.autocritica.ro\/?post_type=live-news&#038;p=269243"},"modified":"2026-01-27T12:31:31","modified_gmt":"2026-01-27T09:31:31","slug":"noul-renault-duster-pentru-piata-din-india","status":"publish","type":"live-news","link":"https:\/\/www.autocritica.ro\/en\/live-news\/noul-renault-duster-pentru-piata-din-india\/","title":{"rendered":"Noul Renault Duster pentru pia\u021ba din India"},"content":{"rendered":"\n<p>\u2022 Renault a publicat primele imagini \u0219i detalii referitoare la noul Duster dedicat pie\u021bei din India.<\/p>\n\n\n\n<p>\u2022 Spre deosebire de Dacia Duster, noul Renault Duster dispune de o serie de elemente diferite la exterior: faruri cu o form\u0103 nou\u0103 \u0219i o semn\u0103tur\u0103 luminoas\u0103 specific\u0103, numele modelului amplasat \u00een zona grilei, o bar\u0103 de protec\u021bie cu o priz\u0103 de aer ceva mai mare, elemente de protec\u021bie remodelate, stopuri unite printr-o band\u0103 LED \u0219i ornamente suplimentare de protec\u021bie.<\/p>\n\n\n\n<p>\u2022 La interior, Renault Duster vine cu configura\u021bia prezent\u0103 \u0219i \u00een Europa pe modelele m\u0103rcii franceze: dou\u0103 ecrane (10,1 inchi \u0219i 10,25 de inchi) unite sub acela\u0219i panou \u0219i sistem de infotaintment OpenR (bazat pe Android Automotive). Cu aceast\u0103 ocazie, Renault a anun\u021bat c\u0103 \u00een urma unui update viitor, actualul Google Assistant va fi \u00eenlocuit de Gemini: acest update va fi disponibil pe toate modelele Renault cu OpenR \u0219i servicii Google integrate.<\/p>\n\n\n\n<p>\u2022 Modelul va fi disponibil cu plafon panoramic cu trap\u0103, scaune reglabile electric \u0219i ventilate \u0219i hayon ac\u021bionat electric.<\/p>\n\n\n\n<p>\u2022 Trei motoriz\u0103ri vor fi oferite pe Renault Duster:<\/p>\n\n\n\n<p>&#8211; un litru benzin\u0103 cu 100 CP \u0219i cutie manual\u0103<br>&#8211; 1,3 litri benzin\u0103 cu 160 CP \u0219i dou\u0103 variante pentru transmisie (manual\u0103 cu \u0219ase trepte sau transmisie automat\u0103 cu dublu ambreiaj 6 trepte)<br>&#8211; full-hybrid cu 160 CP<\/p>\n\n\n\n<p>\u2022 Niciuna dintre motoriz\u0103ri nu este disponibil\u0103 cu sistem de trac\u021biune integral\u0103.<\/p>\n\n\n\n<p>\u2022 Produc\u021bia noului Renault Duster va avea loc la uzina Chennai din India. Ulterior lans\u0103rii de pe pia\u021ba din India, Renault ar urma s\u0103 comercializeze noul Duster \u0219i pe alte pie\u021be emergente.<\/p>\n\n\n\n<figure class=\"wp-block-gallery has-nested-images columns-default is-cropped wp-block-gallery-1 is-layout-flex wp-block-gallery-is-layout-flex\">\n<figure class=\"wp-block-image size-large\"><a href=\"https:\/\/www.autocritica.ro\/wp-content\/uploads\/2026\/01\/New-Renault-Duster-1.jpg\" data-lbwps-width=\"2800\" data-lbwps-height=\"1575\" data-lbwps-srcsmall=\"https:\/\/www.autocritica.ro\/wp-content\/uploads\/2026\/01\/New-Renault-Duster-1-300x169.jpg\"><img loading=\"lazy\" decoding=\"async\" width=\"1024\" height=\"576\" data-id=\"269246\" src=\"https:\/\/www.autocritica.ro\/wp-content\/uploads\/2026\/01\/New-Renault-Duster-1-1024x576.jpg\" alt=\"\" class=\"wp-image-269246\" srcset=\"https:\/\/www.autocritica.ro\/wp-content\/uploads\/2026\/01\/New-Renault-Duster-1-1024x576.jpg 1024w, https:\/\/www.autocritica.ro\/wp-content\/uploads\/2026\/01\/New-Renault-Duster-1-300x169.jpg 300w, https:\/\/www.autocritica.ro\/wp-content\/uploads\/2026\/01\/New-Renault-Duster-1-768x432.jpg 768w, https:\/\/www.autocritica.ro\/wp-content\/uploads\/2026\/01\/New-Renault-Duster-1-1536x864.jpg 1536w, https:\/\/www.autocritica.ro\/wp-content\/uploads\/2026\/01\/New-Renault-Duster-1-2048x1152.jpg 2048w\" sizes=\"auto, (max-width: 1024px) 100vw, 1024px\" \/><\/a><\/figure>\n\n\n\n<figure class=\"wp-block-image size-large\"><a href=\"https:\/\/www.autocritica.ro\/wp-content\/uploads\/2026\/01\/New-Renault-Duster-2.jpg\" data-lbwps-width=\"2800\" data-lbwps-height=\"1575\" data-lbwps-srcsmall=\"https:\/\/www.autocritica.ro\/wp-content\/uploads\/2026\/01\/New-Renault-Duster-2-300x169.jpg\"><img loading=\"lazy\" decoding=\"async\" width=\"1024\" height=\"576\" data-id=\"269251\" src=\"https:\/\/www.autocritica.ro\/wp-content\/uploads\/2026\/01\/New-Renault-Duster-2-1024x576.jpg\" alt=\"\" class=\"wp-image-269251\" srcset=\"https:\/\/www.autocritica.ro\/wp-content\/uploads\/2026\/01\/New-Renault-Duster-2-1024x576.jpg 1024w, https:\/\/www.autocritica.ro\/wp-content\/uploads\/2026\/01\/New-Renault-Duster-2-300x169.jpg 300w, https:\/\/www.autocritica.ro\/wp-content\/uploads\/2026\/01\/New-Renault-Duster-2-768x432.jpg 768w, https:\/\/www.autocritica.ro\/wp-content\/uploads\/2026\/01\/New-Renault-Duster-2-1536x864.jpg 1536w, https:\/\/www.autocritica.ro\/wp-content\/uploads\/2026\/01\/New-Renault-Duster-2-2048x1152.jpg 2048w\" sizes=\"auto, (max-width: 1024px) 100vw, 1024px\" \/><\/a><\/figure>\n\n\n\n<figure class=\"wp-block-image size-large\"><a href=\"https:\/\/www.autocritica.ro\/wp-content\/uploads\/2026\/01\/New-Renault-Duster-3.jpg\" data-lbwps-width=\"2800\" data-lbwps-height=\"1575\" data-lbwps-srcsmall=\"https:\/\/www.autocritica.ro\/wp-content\/uploads\/2026\/01\/New-Renault-Duster-3-300x169.jpg\"><img loading=\"lazy\" decoding=\"async\" width=\"1024\" height=\"576\" data-id=\"269249\" src=\"https:\/\/www.autocritica.ro\/wp-content\/uploads\/2026\/01\/New-Renault-Duster-3-1024x576.jpg\" alt=\"\" class=\"wp-image-269249\" srcset=\"https:\/\/www.autocritica.ro\/wp-content\/uploads\/2026\/01\/New-Renault-Duster-3-1024x576.jpg 1024w, https:\/\/www.autocritica.ro\/wp-content\/uploads\/2026\/01\/New-Renault-Duster-3-300x169.jpg 300w, https:\/\/www.autocritica.ro\/wp-content\/uploads\/2026\/01\/New-Renault-Duster-3-768x432.jpg 768w, https:\/\/www.autocritica.ro\/wp-content\/uploads\/2026\/01\/New-Renault-Duster-3-1536x864.jpg 1536w, https:\/\/www.autocritica.ro\/wp-content\/uploads\/2026\/01\/New-Renault-Duster-3-2048x1152.jpg 2048w\" sizes=\"auto, (max-width: 1024px) 100vw, 1024px\" \/><\/a><\/figure>\n\n\n\n<figure class=\"wp-block-image size-large\"><a href=\"https:\/\/www.autocritica.ro\/wp-content\/uploads\/2026\/01\/New-Renault-Duster-4.jpg\" data-lbwps-width=\"2800\" data-lbwps-height=\"1575\" data-lbwps-srcsmall=\"https:\/\/www.autocritica.ro\/wp-content\/uploads\/2026\/01\/New-Renault-Duster-4-300x169.jpg\"><img loading=\"lazy\" decoding=\"async\" width=\"1024\" height=\"576\" data-id=\"269258\" src=\"https:\/\/www.autocritica.ro\/wp-content\/uploads\/2026\/01\/New-Renault-Duster-4-1024x576.jpg\" alt=\"\" class=\"wp-image-269258\" srcset=\"https:\/\/www.autocritica.ro\/wp-content\/uploads\/2026\/01\/New-Renault-Duster-4-1024x576.jpg 1024w, https:\/\/www.autocritica.ro\/wp-content\/uploads\/2026\/01\/New-Renault-Duster-4-300x169.jpg 300w, https:\/\/www.autocritica.ro\/wp-content\/uploads\/2026\/01\/New-Renault-Duster-4-768x432.jpg 768w, https:\/\/www.autocritica.ro\/wp-content\/uploads\/2026\/01\/New-Renault-Duster-4-1536x864.jpg 1536w, https:\/\/www.autocritica.ro\/wp-content\/uploads\/2026\/01\/New-Renault-Duster-4-2048x1152.jpg 2048w\" sizes=\"auto, (max-width: 1024px) 100vw, 1024px\" \/><\/a><\/figure>\n\n\n\n<figure class=\"wp-block-image size-large\"><a href=\"https:\/\/www.autocritica.ro\/wp-content\/uploads\/2026\/01\/New-Renault-Duster-5.jpg\" data-lbwps-width=\"2800\" data-lbwps-height=\"1575\" data-lbwps-srcsmall=\"https:\/\/www.autocritica.ro\/wp-content\/uploads\/2026\/01\/New-Renault-Duster-5-300x169.jpg\"><img loading=\"lazy\" decoding=\"async\" width=\"1024\" height=\"576\" data-id=\"269253\" src=\"https:\/\/www.autocritica.ro\/wp-content\/uploads\/2026\/01\/New-Renault-Duster-5-1024x576.jpg\" alt=\"\" class=\"wp-image-269253\" srcset=\"https:\/\/www.autocritica.ro\/wp-content\/uploads\/2026\/01\/New-Renault-Duster-5-1024x576.jpg 1024w, https:\/\/www.autocritica.ro\/wp-content\/uploads\/2026\/01\/New-Renault-Duster-5-300x169.jpg 300w, https:\/\/www.autocritica.ro\/wp-content\/uploads\/2026\/01\/New-Renault-Duster-5-768x432.jpg 768w, https:\/\/www.autocritica.ro\/wp-content\/uploads\/2026\/01\/New-Renault-Duster-5-1536x864.jpg 1536w, https:\/\/www.autocritica.ro\/wp-content\/uploads\/2026\/01\/New-Renault-Duster-5-2048x1152.jpg 2048w\" sizes=\"auto, (max-width: 1024px) 100vw, 1024px\" \/><\/a><\/figure>\n\n\n\n<figure class=\"wp-block-image size-large\"><a href=\"https:\/\/www.autocritica.ro\/wp-content\/uploads\/2026\/01\/New-Renault-Duster-6.jpg\" data-lbwps-width=\"2800\" data-lbwps-height=\"1575\" data-lbwps-srcsmall=\"https:\/\/www.autocritica.ro\/wp-content\/uploads\/2026\/01\/New-Renault-Duster-6-300x169.jpg\"><img loading=\"lazy\" decoding=\"async\" width=\"1024\" height=\"576\" data-id=\"269248\" src=\"https:\/\/www.autocritica.ro\/wp-content\/uploads\/2026\/01\/New-Renault-Duster-6-1024x576.jpg\" alt=\"\" class=\"wp-image-269248\" srcset=\"https:\/\/www.autocritica.ro\/wp-content\/uploads\/2026\/01\/New-Renault-Duster-6-1024x576.jpg 1024w, https:\/\/www.autocritica.ro\/wp-content\/uploads\/2026\/01\/New-Renault-Duster-6-300x169.jpg 300w, https:\/\/www.autocritica.ro\/wp-content\/uploads\/2026\/01\/New-Renault-Duster-6-768x432.jpg 768w, https:\/\/www.autocritica.ro\/wp-content\/uploads\/2026\/01\/New-Renault-Duster-6-1536x864.jpg 1536w, https:\/\/www.autocritica.ro\/wp-content\/uploads\/2026\/01\/New-Renault-Duster-6-2048x1152.jpg 2048w\" sizes=\"auto, (max-width: 1024px) 100vw, 1024px\" \/><\/a><\/figure>\n\n\n\n<figure class=\"wp-block-image size-large\"><a href=\"https:\/\/www.autocritica.ro\/wp-content\/uploads\/2026\/01\/New-Renault-Duster-7.jpg\" data-lbwps-width=\"2800\" data-lbwps-height=\"1575\" data-lbwps-srcsmall=\"https:\/\/www.autocritica.ro\/wp-content\/uploads\/2026\/01\/New-Renault-Duster-7-300x169.jpg\"><img loading=\"lazy\" decoding=\"async\" width=\"1024\" height=\"576\" data-id=\"269254\" src=\"https:\/\/www.autocritica.ro\/wp-content\/uploads\/2026\/01\/New-Renault-Duster-7-1024x576.jpg\" alt=\"\" class=\"wp-image-269254\" srcset=\"https:\/\/www.autocritica.ro\/wp-content\/uploads\/2026\/01\/New-Renault-Duster-7-1024x576.jpg 1024w, https:\/\/www.autocritica.ro\/wp-content\/uploads\/2026\/01\/New-Renault-Duster-7-300x169.jpg 300w, https:\/\/www.autocritica.ro\/wp-content\/uploads\/2026\/01\/New-Renault-Duster-7-768x432.jpg 768w, https:\/\/www.autocritica.ro\/wp-content\/uploads\/2026\/01\/New-Renault-Duster-7-1536x864.jpg 1536w, https:\/\/www.autocritica.ro\/wp-content\/uploads\/2026\/01\/New-Renault-Duster-7-2048x1152.jpg 2048w\" sizes=\"auto, (max-width: 1024px) 100vw, 1024px\" \/><\/a><\/figure>\n\n\n\n<figure class=\"wp-block-image size-large\"><a href=\"https:\/\/www.autocritica.ro\/wp-content\/uploads\/2026\/01\/New-Renault-Duster-8.jpg\" data-lbwps-width=\"2800\" data-lbwps-height=\"1575\" data-lbwps-srcsmall=\"https:\/\/www.autocritica.ro\/wp-content\/uploads\/2026\/01\/New-Renault-Duster-8-300x169.jpg\"><img loading=\"lazy\" decoding=\"async\" width=\"1024\" height=\"576\" data-id=\"269250\" src=\"https:\/\/www.autocritica.ro\/wp-content\/uploads\/2026\/01\/New-Renault-Duster-8-1024x576.jpg\" alt=\"\" class=\"wp-image-269250\" srcset=\"https:\/\/www.autocritica.ro\/wp-content\/uploads\/2026\/01\/New-Renault-Duster-8-1024x576.jpg 1024w, https:\/\/www.autocritica.ro\/wp-content\/uploads\/2026\/01\/New-Renault-Duster-8-300x169.jpg 300w, https:\/\/www.autocritica.ro\/wp-content\/uploads\/2026\/01\/New-Renault-Duster-8-768x432.jpg 768w, https:\/\/www.autocritica.ro\/wp-content\/uploads\/2026\/01\/New-Renault-Duster-8-1536x864.jpg 1536w, https:\/\/www.autocritica.ro\/wp-content\/uploads\/2026\/01\/New-Renault-Duster-8-2048x1152.jpg 2048w\" sizes=\"auto, (max-width: 1024px) 100vw, 1024px\" \/><\/a><\/figure>\n\n\n\n<figure class=\"wp-block-image size-large\"><a href=\"https:\/\/www.autocritica.ro\/wp-content\/uploads\/2026\/01\/New-Renault-Duster-9.jpg\" data-lbwps-width=\"2800\" data-lbwps-height=\"1575\" data-lbwps-srcsmall=\"https:\/\/www.autocritica.ro\/wp-content\/uploads\/2026\/01\/New-Renault-Duster-9-300x169.jpg\"><img loading=\"lazy\" decoding=\"async\" width=\"1024\" height=\"576\" data-id=\"269256\" src=\"https:\/\/www.autocritica.ro\/wp-content\/uploads\/2026\/01\/New-Renault-Duster-9-1024x576.jpg\" alt=\"\" class=\"wp-image-269256\" srcset=\"https:\/\/www.autocritica.ro\/wp-content\/uploads\/2026\/01\/New-Renault-Duster-9-1024x576.jpg 1024w, https:\/\/www.autocritica.ro\/wp-content\/uploads\/2026\/01\/New-Renault-Duster-9-300x169.jpg 300w, https:\/\/www.autocritica.ro\/wp-content\/uploads\/2026\/01\/New-Renault-Duster-9-768x432.jpg 768w, https:\/\/www.autocritica.ro\/wp-content\/uploads\/2026\/01\/New-Renault-Duster-9-1536x864.jpg 1536w, https:\/\/www.autocritica.ro\/wp-content\/uploads\/2026\/01\/New-Renault-Duster-9-2048x1152.jpg 2048w\" sizes=\"auto, (max-width: 1024px) 100vw, 1024px\" \/><\/a><\/figure>\n\n\n\n<figure class=\"wp-block-image size-large\"><a href=\"https:\/\/www.autocritica.ro\/wp-content\/uploads\/2026\/01\/New-Renault-Duster.jpg\" data-lbwps-width=\"2800\" data-lbwps-height=\"1575\" data-lbwps-srcsmall=\"https:\/\/www.autocritica.ro\/wp-content\/uploads\/2026\/01\/New-Renault-Duster-300x169.jpg\"><img loading=\"lazy\" decoding=\"async\" width=\"1024\" height=\"576\" data-id=\"269247\" src=\"https:\/\/www.autocritica.ro\/wp-content\/uploads\/2026\/01\/New-Renault-Duster-1024x576.jpg\" alt=\"\" class=\"wp-image-269247\" srcset=\"https:\/\/www.autocritica.ro\/wp-content\/uploads\/2026\/01\/New-Renault-Duster-1024x576.jpg 1024w, https:\/\/www.autocritica.ro\/wp-content\/uploads\/2026\/01\/New-Renault-Duster-300x169.jpg 300w, https:\/\/www.autocritica.ro\/wp-content\/uploads\/2026\/01\/New-Renault-Duster-768x432.jpg 768w, https:\/\/www.autocritica.ro\/wp-content\/uploads\/2026\/01\/New-Renault-Duster-1536x864.jpg 1536w, https:\/\/www.autocritica.ro\/wp-content\/uploads\/2026\/01\/New-Renault-Duster-2048x1152.jpg 2048w\" sizes=\"auto, (max-width: 1024px) 100vw, 1024px\" \/><\/a><\/figure>\n<\/figure>\n\n\n\n<p>\u2022 Via: Renault<\/p>\n","protected":false},"author":4,"featured_media":269249,"comment_status":"closed","ping_status":"closed","template":"","meta":{"_acf_changed":false,"footnotes":""},"tags":[4945],"class_list":["post-269243","live-news","type-live-news","status-publish","has-post-thumbnail","hentry","tag-renault-duster"],"acf":[],"yoast_head":"<!-- This site is optimized with the Yoast SEO Premium plugin v27.5 (Yoast SEO v27.5) - https:\/\/yoast.com\/product\/yoast-seo-premium-wordpress\/ -->\n<title>Noul Renault Duster pentru pia\u021ba din India - Autocritica<\/title>\n<meta name=\"robots\" content=\"index, follow, max-snippet:-1, max-image-preview:large, max-video-preview:-1\" \/>\n<link rel=\"canonical\" href=\"https:\/\/www.autocritica.ro\/en\/live-news\/noul-renault-duster-pentru-piata-din-india\/\" \/>\n<meta property=\"og:locale\" content=\"en_US\" \/>\n<meta property=\"og:type\" content=\"article\" \/>\n<meta property=\"og:title\" content=\"Noul Renault Duster pentru pia\u021ba din India\" \/>\n<meta property=\"og:description\" content=\"\u2022 Renault a publicat primele imagini \u0219i detalii referitoare la noul Duster dedicat pie\u021bei din India. \u2022 Spre deosebire de Dacia Duster, noul Renault Duster\" \/>\n<meta property=\"og:url\" content=\"https:\/\/www.autocritica.ro\/en\/live-news\/noul-renault-duster-pentru-piata-din-india\/\" \/>\n<meta property=\"og:site_name\" content=\"Autocritica\" \/>\n<meta property=\"article:publisher\" content=\"https:\/\/www.facebook.com\/autocritica.ro\" \/>\n<meta property=\"article:modified_time\" content=\"2026-01-27T09:31:31+00:00\" \/>\n<meta property=\"og:image\" content=\"https:\/\/www.autocritica.ro\/wp-content\/uploads\/2026\/01\/New-Renault-Duster-3-scaled.jpg\" \/>\n\t<meta property=\"og:image:width\" content=\"2560\" \/>\n\t<meta property=\"og:image:height\" content=\"1440\" \/>\n\t<meta property=\"og:image:type\" content=\"image\/jpeg\" \/>\n<meta name=\"twitter:card\" content=\"summary_large_image\" \/>\n<meta name=\"twitter:label1\" content=\"Est. reading time\" \/>\n\t<meta name=\"twitter:data1\" content=\"1 minute\" \/>\n<script type=\"application\/ld+json\" class=\"yoast-schema-graph\">{\"@context\":\"https:\\\/\\\/schema.org\",\"@graph\":[{\"@type\":\"WebPage\",\"@id\":\"https:\\\/\\\/www.autocritica.ro\\\/en\\\/live-news\\\/noul-renault-duster-pentru-piata-din-india\\\/\",\"url\":\"https:\\\/\\\/www.autocritica.ro\\\/en\\\/live-news\\\/noul-renault-duster-pentru-piata-din-india\\\/\",\"name\":\"Noul Renault Duster pentru pia\u021ba din India - Autocritica\",\"isPartOf\":{\"@id\":\"https:\\\/\\\/www.autocritica.ro\\\/en\\\/#website\"},\"primaryImageOfPage\":{\"@id\":\"https:\\\/\\\/www.autocritica.ro\\\/en\\\/live-news\\\/noul-renault-duster-pentru-piata-din-india\\\/#primaryimage\"},\"image\":{\"@id\":\"https:\\\/\\\/www.autocritica.ro\\\/en\\\/live-news\\\/noul-renault-duster-pentru-piata-din-india\\\/#primaryimage\"},\"thumbnailUrl\":\"https:\\\/\\\/www.autocritica.ro\\\/wp-content\\\/uploads\\\/2026\\\/01\\\/New-Renault-Duster-3-scaled.jpg\",\"datePublished\":\"2026-01-27T09:30:55+00:00\",\"dateModified\":\"2026-01-27T09:31:31+00:00\",\"breadcrumb\":{\"@id\":\"https:\\\/\\\/www.autocritica.ro\\\/en\\\/live-news\\\/noul-renault-duster-pentru-piata-din-india\\\/#breadcrumb\"},\"inLanguage\":\"en-US\",\"potentialAction\":[{\"@type\":\"ReadAction\",\"target\":[\"https:\\\/\\\/www.autocritica.ro\\\/en\\\/live-news\\\/noul-renault-duster-pentru-piata-din-india\\\/\"]}]},{\"@type\":\"ImageObject\",\"inLanguage\":\"en-US\",\"@id\":\"https:\\\/\\\/www.autocritica.ro\\\/en\\\/live-news\\\/noul-renault-duster-pentru-piata-din-india\\\/#primaryimage\",\"url\":\"https:\\\/\\\/www.autocritica.ro\\\/wp-content\\\/uploads\\\/2026\\\/01\\\/New-Renault-Duster-3-scaled.jpg\",\"contentUrl\":\"https:\\\/\\\/www.autocritica.ro\\\/wp-content\\\/uploads\\\/2026\\\/01\\\/New-Renault-Duster-3-scaled.jpg\",\"width\":2560,\"height\":1440},{\"@type\":\"BreadcrumbList\",\"@id\":\"https:\\\/\\\/www.autocritica.ro\\\/en\\\/live-news\\\/noul-renault-duster-pentru-piata-din-india\\\/#breadcrumb\",\"itemListElement\":[{\"@type\":\"ListItem\",\"position\":1,\"name\":\"Home\",\"item\":\"https:\\\/\\\/www.autocritica.ro\\\/en\\\/\"},{\"@type\":\"ListItem\",\"position\":2,\"name\":\"Live News\",\"item\":\"https:\\\/\\\/www.autocritica.ro\\\/en\\\/live-news\\\/\"},{\"@type\":\"ListItem\",\"position\":3,\"name\":\"Noul Renault Duster pentru pia\u021ba din India\"}]},{\"@type\":\"WebSite\",\"@id\":\"https:\\\/\\\/www.autocritica.ro\\\/en\\\/#website\",\"url\":\"https:\\\/\\\/www.autocritica.ro\\\/en\\\/\",\"name\":\"Autocritica\",\"description\":\"\",\"publisher\":{\"@id\":\"https:\\\/\\\/www.autocritica.ro\\\/en\\\/#organization\"},\"potentialAction\":[{\"@type\":\"SearchAction\",\"target\":{\"@type\":\"EntryPoint\",\"urlTemplate\":\"https:\\\/\\\/www.autocritica.ro\\\/en\\\/?s={search_term_string}\"},\"query-input\":{\"@type\":\"PropertyValueSpecification\",\"valueRequired\":true,\"valueName\":\"search_term_string\"}}],\"inLanguage\":\"en-US\"},{\"@type\":\"Organization\",\"@id\":\"https:\\\/\\\/www.autocritica.ro\\\/en\\\/#organization\",\"name\":\"Autocritica\",\"url\":\"https:\\\/\\\/www.autocritica.ro\\\/en\\\/\",\"logo\":{\"@type\":\"ImageObject\",\"inLanguage\":\"en-US\",\"@id\":\"https:\\\/\\\/www.autocritica.ro\\\/en\\\/#\\\/schema\\\/logo\\\/image\\\/\",\"url\":\"https:\\\/\\\/www.autocritica.ro\\\/wp-content\\\/uploads\\\/2020\\\/12\\\/logo-negru.png\",\"contentUrl\":\"https:\\\/\\\/www.autocritica.ro\\\/wp-content\\\/uploads\\\/2020\\\/12\\\/logo-negru.png\",\"width\":300,\"height\":102,\"caption\":\"Autocritica\"},\"image\":{\"@id\":\"https:\\\/\\\/www.autocritica.ro\\\/en\\\/#\\\/schema\\\/logo\\\/image\\\/\"},\"sameAs\":[\"https:\\\/\\\/www.facebook.com\\\/autocritica.ro\",\"https:\\\/\\\/www.instagram.com\\\/autocritica.ro\\\/\"]}]}<\/script>\n<!-- \/ Yoast SEO Premium plugin. -->","yoast_head_json":{"title":"Noul Renault Duster pentru pia\u021ba din India - Autocritica","robots":{"index":"index","follow":"follow","max-snippet":"max-snippet:-1","max-image-preview":"max-image-preview:large","max-video-preview":"max-video-preview:-1"},"canonical":"https:\/\/www.autocritica.ro\/en\/live-news\/noul-renault-duster-pentru-piata-din-india\/","og_locale":"en_US","og_type":"article","og_title":"Noul Renault Duster pentru pia\u021ba din India","og_description":"\u2022 Renault a publicat primele imagini \u0219i detalii referitoare la noul Duster dedicat pie\u021bei din India. \u2022 Spre deosebire de Dacia Duster, noul Renault Duster","og_url":"https:\/\/www.autocritica.ro\/en\/live-news\/noul-renault-duster-pentru-piata-din-india\/","og_site_name":"Autocritica","article_publisher":"https:\/\/www.facebook.com\/autocritica.ro","article_modified_time":"2026-01-27T09:31:31+00:00","og_image":[{"width":2560,"height":1440,"url":"https:\/\/www.autocritica.ro\/wp-content\/uploads\/2026\/01\/New-Renault-Duster-3-scaled.jpg","type":"image\/jpeg"}],"twitter_card":"summary_large_image","twitter_misc":{"Est. reading time":"1 minute"},"schema":{"@context":"https:\/\/schema.org","@graph":[{"@type":"WebPage","@id":"https:\/\/www.autocritica.ro\/en\/live-news\/noul-renault-duster-pentru-piata-din-india\/","url":"https:\/\/www.autocritica.ro\/en\/live-news\/noul-renault-duster-pentru-piata-din-india\/","name":"Noul Renault Duster pentru pia\u021ba din India - Autocritica","isPartOf":{"@id":"https:\/\/www.autocritica.ro\/en\/#website"},"primaryImageOfPage":{"@id":"https:\/\/www.autocritica.ro\/en\/live-news\/noul-renault-duster-pentru-piata-din-india\/#primaryimage"},"image":{"@id":"https:\/\/www.autocritica.ro\/en\/live-news\/noul-renault-duster-pentru-piata-din-india\/#primaryimage"},"thumbnailUrl":"https:\/\/www.autocritica.ro\/wp-content\/uploads\/2026\/01\/New-Renault-Duster-3-scaled.jpg","datePublished":"2026-01-27T09:30:55+00:00","dateModified":"2026-01-27T09:31:31+00:00","breadcrumb":{"@id":"https:\/\/www.autocritica.ro\/en\/live-news\/noul-renault-duster-pentru-piata-din-india\/#breadcrumb"},"inLanguage":"en-US","potentialAction":[{"@type":"ReadAction","target":["https:\/\/www.autocritica.ro\/en\/live-news\/noul-renault-duster-pentru-piata-din-india\/"]}]},{"@type":"ImageObject","inLanguage":"en-US","@id":"https:\/\/www.autocritica.ro\/en\/live-news\/noul-renault-duster-pentru-piata-din-india\/#primaryimage","url":"https:\/\/www.autocritica.ro\/wp-content\/uploads\/2026\/01\/New-Renault-Duster-3-scaled.jpg","contentUrl":"https:\/\/www.autocritica.ro\/wp-content\/uploads\/2026\/01\/New-Renault-Duster-3-scaled.jpg","width":2560,"height":1440},{"@type":"BreadcrumbList","@id":"https:\/\/www.autocritica.ro\/en\/live-news\/noul-renault-duster-pentru-piata-din-india\/#breadcrumb","itemListElement":[{"@type":"ListItem","position":1,"name":"Home","item":"https:\/\/www.autocritica.ro\/en\/"},{"@type":"ListItem","position":2,"name":"Live News","item":"https:\/\/www.autocritica.ro\/en\/live-news\/"},{"@type":"ListItem","position":3,"name":"Noul Renault Duster pentru pia\u021ba din India"}]},{"@type":"WebSite","@id":"https:\/\/www.autocritica.ro\/en\/#website","url":"https:\/\/www.autocritica.ro\/en\/","name":"Autocritica","description":"","publisher":{"@id":"https:\/\/www.autocritica.ro\/en\/#organization"},"potentialAction":[{"@type":"SearchAction","target":{"@type":"EntryPoint","urlTemplate":"https:\/\/www.autocritica.ro\/en\/?s={search_term_string}"},"query-input":{"@type":"PropertyValueSpecification","valueRequired":true,"valueName":"search_term_string"}}],"inLanguage":"en-US"},{"@type":"Organization","@id":"https:\/\/www.autocritica.ro\/en\/#organization","name":"Autocritica","url":"https:\/\/www.autocritica.ro\/en\/","logo":{"@type":"ImageObject","inLanguage":"en-US","@id":"https:\/\/www.autocritica.ro\/en\/#\/schema\/logo\/image\/","url":"https:\/\/www.autocritica.ro\/wp-content\/uploads\/2020\/12\/logo-negru.png","contentUrl":"https:\/\/www.autocritica.ro\/wp-content\/uploads\/2020\/12\/logo-negru.png","width":300,"height":102,"caption":"Autocritica"},"image":{"@id":"https:\/\/www.autocritica.ro\/en\/#\/schema\/logo\/image\/"},"sameAs":["https:\/\/www.facebook.com\/autocritica.ro","https:\/\/www.instagram.com\/autocritica.ro\/"]}]}},"_links":{"self":[{"href":"https:\/\/www.autocritica.ro\/en\/wp-json\/wp\/v2\/live-news\/269243","targetHints":{"allow":["GET"]}}],"collection":[{"href":"https:\/\/www.autocritica.ro\/en\/wp-json\/wp\/v2\/live-news"}],"about":[{"href":"https:\/\/www.autocritica.ro\/en\/wp-json\/wp\/v2\/types\/live-news"}],"author":[{"embeddable":true,"href":"https:\/\/www.autocritica.ro\/en\/wp-json\/wp\/v2\/users\/4"}],"replies":[{"embeddable":true,"href":"https:\/\/www.autocritica.ro\/en\/wp-json\/wp\/v2\/comments?post=269243"}],"version-history":[{"count":3,"href":"https:\/\/www.autocritica.ro\/en\/wp-json\/wp\/v2\/live-news\/269243\/revisions"}],"predecessor-version":[{"id":269262,"href":"https:\/\/www.autocritica.ro\/en\/wp-json\/wp\/v2\/live-news\/269243\/revisions\/269262"}],"wp:featuredmedia":[{"embeddable":true,"href":"https:\/\/www.autocritica.ro\/en\/wp-json\/wp\/v2\/media\/269249"}],"wp:attachment":[{"href":"https:\/\/www.autocritica.ro\/en\/wp-json\/wp\/v2\/media?parent=269243"}],"wp:term":[{"taxonomy":"post_tag","embeddable":true,"href":"https:\/\/www.autocritica.ro\/en\/wp-json\/wp\/v2\/tags?post=269243"}],"curies":[{"name":"wp","href":"https:\/\/api.w.org\/{rel}","templated":true}]}}