{"id":269125,"date":"2026-01-23T14:57:56","date_gmt":"2026-01-23T11:57:56","guid":{"rendered":"https:\/\/www.autocritica.ro\/?post_type=live-news&#038;p=269125"},"modified":"2026-01-23T14:58:24","modified_gmt":"2026-01-23T11:58:24","slug":"schimbare-de-nume-volkswagen-id-4-va-deveni-id-tiguan","status":"publish","type":"live-news","link":"https:\/\/www.autocritica.ro\/en\/live-news\/schimbare-de-nume-volkswagen-id-4-va-deveni-id-tiguan\/","title":{"rendered":"Schimbare de nume: Volkswagen ID.4 va deveni ID. Tiguan"},"content":{"rendered":"\n<p>\u2022 Volkswagen va redenumi SUV-ul electric ID.4. Odat\u0103 cu faceliftul preg\u0103tit pentru lansare anul acesta, modelul se va numi ID. Tiguan. Informa\u021bia a fost dezv\u0103luit\u0103 \u00eentr-o conferin\u021b\u0103 de pres\u0103 organizat\u0103 de sindicatul IG Metall \u00een Emden, ora\u0219 din Germania \u00een care Volkswagen de\u021bine una dintre uzinele care asambleaz\u0103 actualul ID.4.<\/p>\n\n\n\n<p>\u2022 Conform Automotive News, reprezentan\u021bii Volkswagen au refuzat s\u0103 comenteze vizavi de informa\u021bia comunicat\u0103 de sindicat.<\/p>\n\n\n\n<p>\u2022 Totu\u0219i, specula\u021bii pe tema schimb\u0103rii redenumirii lui ID.4 au tot ap\u0103rut de-a lungul ultimelor luni, \u00een condi\u021biile \u00een care produc\u0103torul german a ales ca viitorul model electric de clas\u0103 mic\u0103 s\u0103 se numeasc\u0103 ID. Polo (ini\u021bial, conceptul a fost botezat ID.2All).<\/p>\n\n\n\n<p>\u2022 \u00cen prezent, produc\u021bia lui ID.4 are loc \u0219i la uzina din Zwickau, dar SUV-ul electric va fi scos cur\u00e2nd de pe liniile de asamblare, urm\u00e2nd ca acesta s\u0103 fie fabricat doar la Emden.<\/p>\n\n\n\n<p>\u2022 Via: Automotive News<\/p>\n\n\n\n<p>Foto: Volkswagen<\/p>\n","protected":false},"author":4,"featured_media":269127,"comment_status":"closed","ping_status":"closed","template":"","meta":{"_acf_changed":false,"footnotes":""},"tags":[6474,83,81],"class_list":["post-269125","live-news","type-live-news","status-publish","has-post-thumbnail","hentry","tag-id-tiguan","tag-id-4","tag-volkswagen"],"acf":[],"yoast_head":"<!-- This site is optimized with the Yoast SEO Premium plugin v27.5 (Yoast SEO v27.5) - https:\/\/yoast.com\/product\/yoast-seo-premium-wordpress\/ -->\n<title>Schimbare de nume: Volkswagen ID.4 va deveni ID. Tiguan - Autocritica<\/title>\n<meta name=\"robots\" content=\"index, follow, max-snippet:-1, max-image-preview:large, max-video-preview:-1\" \/>\n<link rel=\"canonical\" href=\"https:\/\/www.autocritica.ro\/en\/live-news\/schimbare-de-nume-volkswagen-id-4-va-deveni-id-tiguan\/\" \/>\n<meta property=\"og:locale\" content=\"en_US\" \/>\n<meta property=\"og:type\" content=\"article\" \/>\n<meta property=\"og:title\" content=\"Schimbare de nume: Volkswagen ID.4 va deveni ID. Tiguan\" \/>\n<meta property=\"og:description\" content=\"\u2022 Volkswagen va redenumi SUV-ul electric ID.4. Odat\u0103 cu faceliftul preg\u0103tit pentru lansare anul acesta, modelul se va numi ID. Tiguan. Informa\u021bia a fost\" \/>\n<meta property=\"og:url\" content=\"https:\/\/www.autocritica.ro\/en\/live-news\/schimbare-de-nume-volkswagen-id-4-va-deveni-id-tiguan\/\" \/>\n<meta property=\"og:site_name\" content=\"Autocritica\" \/>\n<meta property=\"article:publisher\" content=\"https:\/\/www.facebook.com\/autocritica.ro\" \/>\n<meta property=\"article:modified_time\" content=\"2026-01-23T11:58:24+00:00\" \/>\n<meta property=\"og:image\" content=\"https:\/\/www.autocritica.ro\/wp-content\/uploads\/2026\/01\/DB2020AU01864_large.jpg\" \/>\n\t<meta property=\"og:image:width\" content=\"2000\" \/>\n\t<meta property=\"og:image:height\" content=\"1346\" \/>\n\t<meta property=\"og:image:type\" content=\"image\/jpeg\" \/>\n<meta name=\"twitter:card\" content=\"summary_large_image\" \/>\n<meta name=\"twitter:label1\" content=\"Est. reading time\" \/>\n\t<meta name=\"twitter:data1\" content=\"1 minute\" \/>\n<script type=\"application\/ld+json\" class=\"yoast-schema-graph\">{\"@context\":\"https:\\\/\\\/schema.org\",\"@graph\":[{\"@type\":\"WebPage\",\"@id\":\"https:\\\/\\\/www.autocritica.ro\\\/en\\\/live-news\\\/schimbare-de-nume-volkswagen-id-4-va-deveni-id-tiguan\\\/\",\"url\":\"https:\\\/\\\/www.autocritica.ro\\\/en\\\/live-news\\\/schimbare-de-nume-volkswagen-id-4-va-deveni-id-tiguan\\\/\",\"name\":\"Schimbare de nume: Volkswagen ID.4 va deveni ID. Tiguan - Autocritica\",\"isPartOf\":{\"@id\":\"https:\\\/\\\/www.autocritica.ro\\\/en\\\/#website\"},\"primaryImageOfPage\":{\"@id\":\"https:\\\/\\\/www.autocritica.ro\\\/en\\\/live-news\\\/schimbare-de-nume-volkswagen-id-4-va-deveni-id-tiguan\\\/#primaryimage\"},\"image\":{\"@id\":\"https:\\\/\\\/www.autocritica.ro\\\/en\\\/live-news\\\/schimbare-de-nume-volkswagen-id-4-va-deveni-id-tiguan\\\/#primaryimage\"},\"thumbnailUrl\":\"https:\\\/\\\/www.autocritica.ro\\\/wp-content\\\/uploads\\\/2026\\\/01\\\/DB2020AU01864_large.jpg\",\"datePublished\":\"2026-01-23T11:57:56+00:00\",\"dateModified\":\"2026-01-23T11:58:24+00:00\",\"breadcrumb\":{\"@id\":\"https:\\\/\\\/www.autocritica.ro\\\/en\\\/live-news\\\/schimbare-de-nume-volkswagen-id-4-va-deveni-id-tiguan\\\/#breadcrumb\"},\"inLanguage\":\"en-US\",\"potentialAction\":[{\"@type\":\"ReadAction\",\"target\":[\"https:\\\/\\\/www.autocritica.ro\\\/en\\\/live-news\\\/schimbare-de-nume-volkswagen-id-4-va-deveni-id-tiguan\\\/\"]}]},{\"@type\":\"ImageObject\",\"inLanguage\":\"en-US\",\"@id\":\"https:\\\/\\\/www.autocritica.ro\\\/en\\\/live-news\\\/schimbare-de-nume-volkswagen-id-4-va-deveni-id-tiguan\\\/#primaryimage\",\"url\":\"https:\\\/\\\/www.autocritica.ro\\\/wp-content\\\/uploads\\\/2026\\\/01\\\/DB2020AU01864_large.jpg\",\"contentUrl\":\"https:\\\/\\\/www.autocritica.ro\\\/wp-content\\\/uploads\\\/2026\\\/01\\\/DB2020AU01864_large.jpg\",\"width\":2000,\"height\":1346,\"caption\":\"Produktion des VW ID4 \\\/ ID Crozz am 18.09.2020 bei Volkswagen Sachsen in Zwickau . Foto: Oliver Killig\"},{\"@type\":\"BreadcrumbList\",\"@id\":\"https:\\\/\\\/www.autocritica.ro\\\/en\\\/live-news\\\/schimbare-de-nume-volkswagen-id-4-va-deveni-id-tiguan\\\/#breadcrumb\",\"itemListElement\":[{\"@type\":\"ListItem\",\"position\":1,\"name\":\"Home\",\"item\":\"https:\\\/\\\/www.autocritica.ro\\\/en\\\/\"},{\"@type\":\"ListItem\",\"position\":2,\"name\":\"Live News\",\"item\":\"https:\\\/\\\/www.autocritica.ro\\\/en\\\/live-news\\\/\"},{\"@type\":\"ListItem\",\"position\":3,\"name\":\"Schimbare de nume: Volkswagen ID.4 va deveni ID. Tiguan\"}]},{\"@type\":\"WebSite\",\"@id\":\"https:\\\/\\\/www.autocritica.ro\\\/en\\\/#website\",\"url\":\"https:\\\/\\\/www.autocritica.ro\\\/en\\\/\",\"name\":\"Autocritica\",\"description\":\"\",\"publisher\":{\"@id\":\"https:\\\/\\\/www.autocritica.ro\\\/en\\\/#organization\"},\"potentialAction\":[{\"@type\":\"SearchAction\",\"target\":{\"@type\":\"EntryPoint\",\"urlTemplate\":\"https:\\\/\\\/www.autocritica.ro\\\/en\\\/?s={search_term_string}\"},\"query-input\":{\"@type\":\"PropertyValueSpecification\",\"valueRequired\":true,\"valueName\":\"search_term_string\"}}],\"inLanguage\":\"en-US\"},{\"@type\":\"Organization\",\"@id\":\"https:\\\/\\\/www.autocritica.ro\\\/en\\\/#organization\",\"name\":\"Autocritica\",\"url\":\"https:\\\/\\\/www.autocritica.ro\\\/en\\\/\",\"logo\":{\"@type\":\"ImageObject\",\"inLanguage\":\"en-US\",\"@id\":\"https:\\\/\\\/www.autocritica.ro\\\/en\\\/#\\\/schema\\\/logo\\\/image\\\/\",\"url\":\"https:\\\/\\\/www.autocritica.ro\\\/wp-content\\\/uploads\\\/2020\\\/12\\\/logo-negru.png\",\"contentUrl\":\"https:\\\/\\\/www.autocritica.ro\\\/wp-content\\\/uploads\\\/2020\\\/12\\\/logo-negru.png\",\"width\":300,\"height\":102,\"caption\":\"Autocritica\"},\"image\":{\"@id\":\"https:\\\/\\\/www.autocritica.ro\\\/en\\\/#\\\/schema\\\/logo\\\/image\\\/\"},\"sameAs\":[\"https:\\\/\\\/www.facebook.com\\\/autocritica.ro\",\"https:\\\/\\\/www.instagram.com\\\/autocritica.ro\\\/\"]}]}<\/script>\n<!-- \/ Yoast SEO Premium plugin. -->","yoast_head_json":{"title":"Schimbare de nume: Volkswagen ID.4 va deveni ID. Tiguan - Autocritica","robots":{"index":"index","follow":"follow","max-snippet":"max-snippet:-1","max-image-preview":"max-image-preview:large","max-video-preview":"max-video-preview:-1"},"canonical":"https:\/\/www.autocritica.ro\/en\/live-news\/schimbare-de-nume-volkswagen-id-4-va-deveni-id-tiguan\/","og_locale":"en_US","og_type":"article","og_title":"Schimbare de nume: Volkswagen ID.4 va deveni ID. Tiguan","og_description":"\u2022 Volkswagen va redenumi SUV-ul electric ID.4. Odat\u0103 cu faceliftul preg\u0103tit pentru lansare anul acesta, modelul se va numi ID. Tiguan. Informa\u021bia a fost","og_url":"https:\/\/www.autocritica.ro\/en\/live-news\/schimbare-de-nume-volkswagen-id-4-va-deveni-id-tiguan\/","og_site_name":"Autocritica","article_publisher":"https:\/\/www.facebook.com\/autocritica.ro","article_modified_time":"2026-01-23T11:58:24+00:00","og_image":[{"width":2000,"height":1346,"url":"https:\/\/www.autocritica.ro\/wp-content\/uploads\/2026\/01\/DB2020AU01864_large.jpg","type":"image\/jpeg"}],"twitter_card":"summary_large_image","twitter_misc":{"Est. reading time":"1 minute"},"schema":{"@context":"https:\/\/schema.org","@graph":[{"@type":"WebPage","@id":"https:\/\/www.autocritica.ro\/en\/live-news\/schimbare-de-nume-volkswagen-id-4-va-deveni-id-tiguan\/","url":"https:\/\/www.autocritica.ro\/en\/live-news\/schimbare-de-nume-volkswagen-id-4-va-deveni-id-tiguan\/","name":"Schimbare de nume: Volkswagen ID.4 va deveni ID. Tiguan - Autocritica","isPartOf":{"@id":"https:\/\/www.autocritica.ro\/en\/#website"},"primaryImageOfPage":{"@id":"https:\/\/www.autocritica.ro\/en\/live-news\/schimbare-de-nume-volkswagen-id-4-va-deveni-id-tiguan\/#primaryimage"},"image":{"@id":"https:\/\/www.autocritica.ro\/en\/live-news\/schimbare-de-nume-volkswagen-id-4-va-deveni-id-tiguan\/#primaryimage"},"thumbnailUrl":"https:\/\/www.autocritica.ro\/wp-content\/uploads\/2026\/01\/DB2020AU01864_large.jpg","datePublished":"2026-01-23T11:57:56+00:00","dateModified":"2026-01-23T11:58:24+00:00","breadcrumb":{"@id":"https:\/\/www.autocritica.ro\/en\/live-news\/schimbare-de-nume-volkswagen-id-4-va-deveni-id-tiguan\/#breadcrumb"},"inLanguage":"en-US","potentialAction":[{"@type":"ReadAction","target":["https:\/\/www.autocritica.ro\/en\/live-news\/schimbare-de-nume-volkswagen-id-4-va-deveni-id-tiguan\/"]}]},{"@type":"ImageObject","inLanguage":"en-US","@id":"https:\/\/www.autocritica.ro\/en\/live-news\/schimbare-de-nume-volkswagen-id-4-va-deveni-id-tiguan\/#primaryimage","url":"https:\/\/www.autocritica.ro\/wp-content\/uploads\/2026\/01\/DB2020AU01864_large.jpg","contentUrl":"https:\/\/www.autocritica.ro\/wp-content\/uploads\/2026\/01\/DB2020AU01864_large.jpg","width":2000,"height":1346,"caption":"Produktion des VW ID4 \/ ID Crozz am 18.09.2020 bei Volkswagen Sachsen in Zwickau . Foto: Oliver Killig"},{"@type":"BreadcrumbList","@id":"https:\/\/www.autocritica.ro\/en\/live-news\/schimbare-de-nume-volkswagen-id-4-va-deveni-id-tiguan\/#breadcrumb","itemListElement":[{"@type":"ListItem","position":1,"name":"Home","item":"https:\/\/www.autocritica.ro\/en\/"},{"@type":"ListItem","position":2,"name":"Live News","item":"https:\/\/www.autocritica.ro\/en\/live-news\/"},{"@type":"ListItem","position":3,"name":"Schimbare de nume: Volkswagen ID.4 va deveni ID. Tiguan"}]},{"@type":"WebSite","@id":"https:\/\/www.autocritica.ro\/en\/#website","url":"https:\/\/www.autocritica.ro\/en\/","name":"Autocritica","description":"","publisher":{"@id":"https:\/\/www.autocritica.ro\/en\/#organization"},"potentialAction":[{"@type":"SearchAction","target":{"@type":"EntryPoint","urlTemplate":"https:\/\/www.autocritica.ro\/en\/?s={search_term_string}"},"query-input":{"@type":"PropertyValueSpecification","valueRequired":true,"valueName":"search_term_string"}}],"inLanguage":"en-US"},{"@type":"Organization","@id":"https:\/\/www.autocritica.ro\/en\/#organization","name":"Autocritica","url":"https:\/\/www.autocritica.ro\/en\/","logo":{"@type":"ImageObject","inLanguage":"en-US","@id":"https:\/\/www.autocritica.ro\/en\/#\/schema\/logo\/image\/","url":"https:\/\/www.autocritica.ro\/wp-content\/uploads\/2020\/12\/logo-negru.png","contentUrl":"https:\/\/www.autocritica.ro\/wp-content\/uploads\/2020\/12\/logo-negru.png","width":300,"height":102,"caption":"Autocritica"},"image":{"@id":"https:\/\/www.autocritica.ro\/en\/#\/schema\/logo\/image\/"},"sameAs":["https:\/\/www.facebook.com\/autocritica.ro","https:\/\/www.instagram.com\/autocritica.ro\/"]}]}},"_links":{"self":[{"href":"https:\/\/www.autocritica.ro\/en\/wp-json\/wp\/v2\/live-news\/269125","targetHints":{"allow":["GET"]}}],"collection":[{"href":"https:\/\/www.autocritica.ro\/en\/wp-json\/wp\/v2\/live-news"}],"about":[{"href":"https:\/\/www.autocritica.ro\/en\/wp-json\/wp\/v2\/types\/live-news"}],"author":[{"embeddable":true,"href":"https:\/\/www.autocritica.ro\/en\/wp-json\/wp\/v2\/users\/4"}],"replies":[{"embeddable":true,"href":"https:\/\/www.autocritica.ro\/en\/wp-json\/wp\/v2\/comments?post=269125"}],"version-history":[{"count":3,"href":"https:\/\/www.autocritica.ro\/en\/wp-json\/wp\/v2\/live-news\/269125\/revisions"}],"predecessor-version":[{"id":269130,"href":"https:\/\/www.autocritica.ro\/en\/wp-json\/wp\/v2\/live-news\/269125\/revisions\/269130"}],"wp:featuredmedia":[{"embeddable":true,"href":"https:\/\/www.autocritica.ro\/en\/wp-json\/wp\/v2\/media\/269127"}],"wp:attachment":[{"href":"https:\/\/www.autocritica.ro\/en\/wp-json\/wp\/v2\/media?parent=269125"}],"wp:term":[{"taxonomy":"post_tag","embeddable":true,"href":"https:\/\/www.autocritica.ro\/en\/wp-json\/wp\/v2\/tags?post=269125"}],"curies":[{"name":"wp","href":"https:\/\/api.w.org\/{rel}","templated":true}]}}