{"id":269097,"date":"2026-01-23T12:50:56","date_gmt":"2026-01-23T09:50:56","guid":{"rendered":"https:\/\/www.autocritica.ro\/?post_type=live-news&#038;p=269097"},"modified":"2026-01-23T12:51:03","modified_gmt":"2026-01-23T09:51:03","slug":"toyota-gr-yaris-sebastien-ogier-9x-world-champion-editie-speciala-in-doar-200-de-unitati","status":"publish","type":"live-news","link":"https:\/\/www.autocritica.ro\/en\/live-news\/toyota-gr-yaris-sebastien-ogier-9x-world-champion-editie-speciala-in-doar-200-de-unitati\/","title":{"rendered":"Toyota GR Yaris S\u00e9bastien Ogier 9x World Champion: edi\u021bie special\u0103 \u00een doar 200 de unit\u0103\u021bi"},"content":{"rendered":"\n<p>\u2022 Toyota a preg\u0103tit o edi\u021bie special\u0103 a modelului GR Yaris dedicat\u0103 celor 9 titluri de campion mondial de raliuri ob\u021binute de pilotul francez S\u00e9bastien Ogier.<\/p>\n\n\n\n<p>\u2022 Edi\u021bia special\u0103 se nume\u0219te Toyota GR Yaris S\u00e9bastien Ogier 9x World Champion, iar un prototip aflat \u00een curs de dezvoltare a fost expus cu ocazia startului Raliului Monte Carlo, eveniment care se desf\u0103\u0219oar\u0103 \u00een perioada 22 &#8211; 25 ianuarie.<\/p>\n\n\n\n<p>\u2022 Doar 200 de unit\u0103\u021bi vor fi produse, 100 dintre acestea fiind alocate anumitor pie\u021be din Europa.<\/p>\n\n\n\n<p>\u2022 Edi\u021bia special\u0103 va fi echipat\u0103 cu pachetul Aero Performance: arip\u0103 spate reglabil\u0103, priz\u0103 de aer pe capot\u0103, elemente speciale pentru spoilere, prize de aer \u00een dreptul ro\u021bilor \u0219i protec\u021bii suplimentare sub caroserie. Ma\u0219ina va fi vopsit\u0103 \u00een noua culoare mat\u0103 Black Gravite, iar etrierele vor fi albastre.<\/p>\n\n\n\n<p>\u2022 Modelul va fi echipat cu un mod de rulare denumit Seb dezvoltat cu ajutorul feedback-ului venit din partea pilotul francez. Acesta \u00eenlocuie\u0219te vechiul mod Track, iar Toyota spune c\u0103 ofer\u0103 o distribu\u021bie a cuplului de 40:60 pe cele dou\u0103 pun\u021bi.<\/p>\n\n\n\n<p>\u2022 La interior, edi\u021bia special\u0103 va fi echipat\u0103 cu un volan nou (ceva mai mic dec\u00e2t cel obi\u0219nuit) care integreaz\u0103 comenzi \u00een stilul celor prezente pe ma\u0219ina de raliu. De asemenea, levierul fr\u00e2nei hidraulice a fost repozi\u021bionat, iar pe anumite elemente apar culorile steagului Fran\u021bei.<\/p>\n\n\n\n<p>\u2022 \u00cen ceea ce prive\u0219te motorizarea, modelul va fi echipat la fel ca p\u00e2n\u0103 acum cu motorul de 1,6 litri cu 280 CP.<\/p>\n\n\n\n<p>\u2022 Toyota GR Yaris S\u00e9bastien Ogier 9x World Champion nu este singura edi\u021bie special\u0103 GR Yaris lansat\u0103 p\u00e2n\u0103 acum. \u00cen 2024, japonezii au prezentat GR Yaris Ogier Edition pentru a celebra titlurile de campion mondial de raliuri ale francezului din 2020 \u0219i 2021, dar \u0219i un GR Yaris Rovanper\u00e4 Edition dedicat\u0103 titlurilor lui Kalle Rovanper\u00e4 din 2022 \u0219i 2023.<\/p>\n\n\n\n<figure class=\"wp-block-gallery has-nested-images columns-default is-cropped wp-block-gallery-1 is-layout-flex wp-block-gallery-is-layout-flex\">\n<figure class=\"wp-block-image size-large\"><a href=\"https:\/\/www.autocritica.ro\/wp-content\/uploads\/2026\/01\/ogier9x_01.jpg\" data-lbwps-width=\"2800\" data-lbwps-height=\"1867\" data-lbwps-srcsmall=\"https:\/\/www.autocritica.ro\/wp-content\/uploads\/2026\/01\/ogier9x_01-300x200.jpg\"><img loading=\"lazy\" decoding=\"async\" width=\"1024\" height=\"683\" data-id=\"269101\" src=\"https:\/\/www.autocritica.ro\/wp-content\/uploads\/2026\/01\/ogier9x_01-1024x683.jpg\" alt=\"\" class=\"wp-image-269101\" srcset=\"https:\/\/www.autocritica.ro\/wp-content\/uploads\/2026\/01\/ogier9x_01-1024x683.jpg 1024w, https:\/\/www.autocritica.ro\/wp-content\/uploads\/2026\/01\/ogier9x_01-300x200.jpg 300w, https:\/\/www.autocritica.ro\/wp-content\/uploads\/2026\/01\/ogier9x_01-768x512.jpg 768w, https:\/\/www.autocritica.ro\/wp-content\/uploads\/2026\/01\/ogier9x_01-1536x1024.jpg 1536w, https:\/\/www.autocritica.ro\/wp-content\/uploads\/2026\/01\/ogier9x_01-2048x1366.jpg 2048w, https:\/\/www.autocritica.ro\/wp-content\/uploads\/2026\/01\/ogier9x_01-1200x800.jpg 1200w, https:\/\/www.autocritica.ro\/wp-content\/uploads\/2026\/01\/ogier9x_01-1000x666.jpg 1000w, https:\/\/www.autocritica.ro\/wp-content\/uploads\/2026\/01\/ogier9x_01-2000x1333.jpg 2000w\" sizes=\"auto, (max-width: 1024px) 100vw, 1024px\" \/><\/a><\/figure>\n\n\n\n<figure class=\"wp-block-image size-large\"><a href=\"https:\/\/www.autocritica.ro\/wp-content\/uploads\/2026\/01\/ogier9x_02.jpg\" data-lbwps-width=\"2800\" data-lbwps-height=\"1867\" data-lbwps-srcsmall=\"https:\/\/www.autocritica.ro\/wp-content\/uploads\/2026\/01\/ogier9x_02-300x200.jpg\"><img loading=\"lazy\" decoding=\"async\" width=\"1024\" height=\"683\" data-id=\"269100\" src=\"https:\/\/www.autocritica.ro\/wp-content\/uploads\/2026\/01\/ogier9x_02-1024x683.jpg\" alt=\"\" class=\"wp-image-269100\" srcset=\"https:\/\/www.autocritica.ro\/wp-content\/uploads\/2026\/01\/ogier9x_02-1024x683.jpg 1024w, https:\/\/www.autocritica.ro\/wp-content\/uploads\/2026\/01\/ogier9x_02-300x200.jpg 300w, https:\/\/www.autocritica.ro\/wp-content\/uploads\/2026\/01\/ogier9x_02-768x512.jpg 768w, https:\/\/www.autocritica.ro\/wp-content\/uploads\/2026\/01\/ogier9x_02-1536x1024.jpg 1536w, https:\/\/www.autocritica.ro\/wp-content\/uploads\/2026\/01\/ogier9x_02-2048x1366.jpg 2048w, https:\/\/www.autocritica.ro\/wp-content\/uploads\/2026\/01\/ogier9x_02-1200x800.jpg 1200w, https:\/\/www.autocritica.ro\/wp-content\/uploads\/2026\/01\/ogier9x_02-1000x666.jpg 1000w, https:\/\/www.autocritica.ro\/wp-content\/uploads\/2026\/01\/ogier9x_02-2000x1333.jpg 2000w\" sizes=\"auto, (max-width: 1024px) 100vw, 1024px\" \/><\/a><\/figure>\n\n\n\n<figure class=\"wp-block-image size-large\"><a href=\"https:\/\/www.autocritica.ro\/wp-content\/uploads\/2026\/01\/ogier9x_03.jpg\" data-lbwps-width=\"2800\" data-lbwps-height=\"1867\" data-lbwps-srcsmall=\"https:\/\/www.autocritica.ro\/wp-content\/uploads\/2026\/01\/ogier9x_03-300x200.jpg\"><img loading=\"lazy\" decoding=\"async\" width=\"1024\" height=\"683\" data-id=\"269103\" src=\"https:\/\/www.autocritica.ro\/wp-content\/uploads\/2026\/01\/ogier9x_03-1024x683.jpg\" alt=\"\" class=\"wp-image-269103\" srcset=\"https:\/\/www.autocritica.ro\/wp-content\/uploads\/2026\/01\/ogier9x_03-1024x683.jpg 1024w, https:\/\/www.autocritica.ro\/wp-content\/uploads\/2026\/01\/ogier9x_03-300x200.jpg 300w, https:\/\/www.autocritica.ro\/wp-content\/uploads\/2026\/01\/ogier9x_03-768x512.jpg 768w, https:\/\/www.autocritica.ro\/wp-content\/uploads\/2026\/01\/ogier9x_03-1536x1024.jpg 1536w, https:\/\/www.autocritica.ro\/wp-content\/uploads\/2026\/01\/ogier9x_03-2048x1366.jpg 2048w, https:\/\/www.autocritica.ro\/wp-content\/uploads\/2026\/01\/ogier9x_03-1200x800.jpg 1200w, https:\/\/www.autocritica.ro\/wp-content\/uploads\/2026\/01\/ogier9x_03-1000x666.jpg 1000w, https:\/\/www.autocritica.ro\/wp-content\/uploads\/2026\/01\/ogier9x_03-2000x1333.jpg 2000w\" sizes=\"auto, (max-width: 1024px) 100vw, 1024px\" \/><\/a><\/figure>\n\n\n\n<figure class=\"wp-block-image size-large\"><a href=\"https:\/\/www.autocritica.ro\/wp-content\/uploads\/2026\/01\/ogier9x_04.jpg\" data-lbwps-width=\"2800\" data-lbwps-height=\"1637\" data-lbwps-srcsmall=\"https:\/\/www.autocritica.ro\/wp-content\/uploads\/2026\/01\/ogier9x_04-300x175.jpg\"><img loading=\"lazy\" decoding=\"async\" width=\"1024\" height=\"599\" data-id=\"269107\" src=\"https:\/\/www.autocritica.ro\/wp-content\/uploads\/2026\/01\/ogier9x_04-1024x599.jpg\" alt=\"\" class=\"wp-image-269107\" srcset=\"https:\/\/www.autocritica.ro\/wp-content\/uploads\/2026\/01\/ogier9x_04-1024x599.jpg 1024w, https:\/\/www.autocritica.ro\/wp-content\/uploads\/2026\/01\/ogier9x_04-300x175.jpg 300w, https:\/\/www.autocritica.ro\/wp-content\/uploads\/2026\/01\/ogier9x_04-768x449.jpg 768w, https:\/\/www.autocritica.ro\/wp-content\/uploads\/2026\/01\/ogier9x_04-1536x898.jpg 1536w, https:\/\/www.autocritica.ro\/wp-content\/uploads\/2026\/01\/ogier9x_04-2048x1197.jpg 2048w\" sizes=\"auto, (max-width: 1024px) 100vw, 1024px\" \/><\/a><\/figure>\n\n\n\n<figure class=\"wp-block-image size-large\"><a href=\"https:\/\/www.autocritica.ro\/wp-content\/uploads\/2026\/01\/ogier9x_05.jpg\" data-lbwps-width=\"2800\" data-lbwps-height=\"1867\" data-lbwps-srcsmall=\"https:\/\/www.autocritica.ro\/wp-content\/uploads\/2026\/01\/ogier9x_05-300x200.jpg\"><img loading=\"lazy\" decoding=\"async\" width=\"1024\" height=\"683\" data-id=\"269110\" src=\"https:\/\/www.autocritica.ro\/wp-content\/uploads\/2026\/01\/ogier9x_05-1024x683.jpg\" alt=\"\" class=\"wp-image-269110\" srcset=\"https:\/\/www.autocritica.ro\/wp-content\/uploads\/2026\/01\/ogier9x_05-1024x683.jpg 1024w, https:\/\/www.autocritica.ro\/wp-content\/uploads\/2026\/01\/ogier9x_05-300x200.jpg 300w, https:\/\/www.autocritica.ro\/wp-content\/uploads\/2026\/01\/ogier9x_05-768x512.jpg 768w, https:\/\/www.autocritica.ro\/wp-content\/uploads\/2026\/01\/ogier9x_05-1536x1024.jpg 1536w, https:\/\/www.autocritica.ro\/wp-content\/uploads\/2026\/01\/ogier9x_05-2048x1366.jpg 2048w, https:\/\/www.autocritica.ro\/wp-content\/uploads\/2026\/01\/ogier9x_05-1200x800.jpg 1200w, https:\/\/www.autocritica.ro\/wp-content\/uploads\/2026\/01\/ogier9x_05-1000x666.jpg 1000w, https:\/\/www.autocritica.ro\/wp-content\/uploads\/2026\/01\/ogier9x_05-2000x1333.jpg 2000w\" sizes=\"auto, (max-width: 1024px) 100vw, 1024px\" \/><\/a><\/figure>\n\n\n\n<figure class=\"wp-block-image size-large\"><a href=\"https:\/\/www.autocritica.ro\/wp-content\/uploads\/2026\/01\/ogier9x_06.jpg\" data-lbwps-width=\"2800\" data-lbwps-height=\"1866\" data-lbwps-srcsmall=\"https:\/\/www.autocritica.ro\/wp-content\/uploads\/2026\/01\/ogier9x_06-300x200.jpg\"><img loading=\"lazy\" decoding=\"async\" width=\"1024\" height=\"682\" data-id=\"269102\" src=\"https:\/\/www.autocritica.ro\/wp-content\/uploads\/2026\/01\/ogier9x_06-1024x682.jpg\" alt=\"\" class=\"wp-image-269102\" srcset=\"https:\/\/www.autocritica.ro\/wp-content\/uploads\/2026\/01\/ogier9x_06-1024x682.jpg 1024w, https:\/\/www.autocritica.ro\/wp-content\/uploads\/2026\/01\/ogier9x_06-300x200.jpg 300w, https:\/\/www.autocritica.ro\/wp-content\/uploads\/2026\/01\/ogier9x_06-768x512.jpg 768w, https:\/\/www.autocritica.ro\/wp-content\/uploads\/2026\/01\/ogier9x_06-1536x1024.jpg 1536w, https:\/\/www.autocritica.ro\/wp-content\/uploads\/2026\/01\/ogier9x_06-2048x1365.jpg 2048w, https:\/\/www.autocritica.ro\/wp-content\/uploads\/2026\/01\/ogier9x_06-1200x800.jpg 1200w, https:\/\/www.autocritica.ro\/wp-content\/uploads\/2026\/01\/ogier9x_06-1000x666.jpg 1000w, https:\/\/www.autocritica.ro\/wp-content\/uploads\/2026\/01\/ogier9x_06-2000x1333.jpg 2000w\" sizes=\"auto, (max-width: 1024px) 100vw, 1024px\" \/><\/a><\/figure>\n\n\n\n<figure class=\"wp-block-image size-large\"><a href=\"https:\/\/www.autocritica.ro\/wp-content\/uploads\/2026\/01\/ogier9x_07.jpg\" data-lbwps-width=\"2800\" data-lbwps-height=\"1867\" data-lbwps-srcsmall=\"https:\/\/www.autocritica.ro\/wp-content\/uploads\/2026\/01\/ogier9x_07-300x200.jpg\"><img loading=\"lazy\" decoding=\"async\" width=\"1024\" height=\"683\" data-id=\"269105\" src=\"https:\/\/www.autocritica.ro\/wp-content\/uploads\/2026\/01\/ogier9x_07-1024x683.jpg\" alt=\"\" class=\"wp-image-269105\" srcset=\"https:\/\/www.autocritica.ro\/wp-content\/uploads\/2026\/01\/ogier9x_07-1024x683.jpg 1024w, https:\/\/www.autocritica.ro\/wp-content\/uploads\/2026\/01\/ogier9x_07-300x200.jpg 300w, https:\/\/www.autocritica.ro\/wp-content\/uploads\/2026\/01\/ogier9x_07-768x512.jpg 768w, https:\/\/www.autocritica.ro\/wp-content\/uploads\/2026\/01\/ogier9x_07-1536x1024.jpg 1536w, https:\/\/www.autocritica.ro\/wp-content\/uploads\/2026\/01\/ogier9x_07-2048x1366.jpg 2048w, https:\/\/www.autocritica.ro\/wp-content\/uploads\/2026\/01\/ogier9x_07-1200x800.jpg 1200w, https:\/\/www.autocritica.ro\/wp-content\/uploads\/2026\/01\/ogier9x_07-1000x666.jpg 1000w, https:\/\/www.autocritica.ro\/wp-content\/uploads\/2026\/01\/ogier9x_07-2000x1333.jpg 2000w\" sizes=\"auto, (max-width: 1024px) 100vw, 1024px\" \/><\/a><\/figure>\n\n\n\n<figure class=\"wp-block-image size-large\"><a href=\"https:\/\/www.autocritica.ro\/wp-content\/uploads\/2026\/01\/ogier9x_08.jpg\" data-lbwps-width=\"2800\" data-lbwps-height=\"1867\" data-lbwps-srcsmall=\"https:\/\/www.autocritica.ro\/wp-content\/uploads\/2026\/01\/ogier9x_08-300x200.jpg\"><img loading=\"lazy\" decoding=\"async\" width=\"1024\" height=\"683\" data-id=\"269111\" src=\"https:\/\/www.autocritica.ro\/wp-content\/uploads\/2026\/01\/ogier9x_08-1024x683.jpg\" alt=\"\" class=\"wp-image-269111\" srcset=\"https:\/\/www.autocritica.ro\/wp-content\/uploads\/2026\/01\/ogier9x_08-1024x683.jpg 1024w, https:\/\/www.autocritica.ro\/wp-content\/uploads\/2026\/01\/ogier9x_08-300x200.jpg 300w, https:\/\/www.autocritica.ro\/wp-content\/uploads\/2026\/01\/ogier9x_08-768x512.jpg 768w, https:\/\/www.autocritica.ro\/wp-content\/uploads\/2026\/01\/ogier9x_08-1536x1024.jpg 1536w, https:\/\/www.autocritica.ro\/wp-content\/uploads\/2026\/01\/ogier9x_08-2048x1366.jpg 2048w, https:\/\/www.autocritica.ro\/wp-content\/uploads\/2026\/01\/ogier9x_08-1200x800.jpg 1200w, https:\/\/www.autocritica.ro\/wp-content\/uploads\/2026\/01\/ogier9x_08-1000x666.jpg 1000w, https:\/\/www.autocritica.ro\/wp-content\/uploads\/2026\/01\/ogier9x_08-2000x1333.jpg 2000w\" sizes=\"auto, (max-width: 1024px) 100vw, 1024px\" \/><\/a><\/figure>\n\n\n\n<figure class=\"wp-block-image size-large\"><a href=\"https:\/\/www.autocritica.ro\/wp-content\/uploads\/2026\/01\/ogier9x_10.jpg\" data-lbwps-width=\"2800\" data-lbwps-height=\"1867\" data-lbwps-srcsmall=\"https:\/\/www.autocritica.ro\/wp-content\/uploads\/2026\/01\/ogier9x_10-300x200.jpg\"><img loading=\"lazy\" decoding=\"async\" width=\"1024\" height=\"683\" data-id=\"269106\" src=\"https:\/\/www.autocritica.ro\/wp-content\/uploads\/2026\/01\/ogier9x_10-1024x683.jpg\" alt=\"\" class=\"wp-image-269106\" srcset=\"https:\/\/www.autocritica.ro\/wp-content\/uploads\/2026\/01\/ogier9x_10-1024x683.jpg 1024w, https:\/\/www.autocritica.ro\/wp-content\/uploads\/2026\/01\/ogier9x_10-300x200.jpg 300w, https:\/\/www.autocritica.ro\/wp-content\/uploads\/2026\/01\/ogier9x_10-768x512.jpg 768w, https:\/\/www.autocritica.ro\/wp-content\/uploads\/2026\/01\/ogier9x_10-1536x1024.jpg 1536w, https:\/\/www.autocritica.ro\/wp-content\/uploads\/2026\/01\/ogier9x_10-2048x1366.jpg 2048w, https:\/\/www.autocritica.ro\/wp-content\/uploads\/2026\/01\/ogier9x_10-1200x800.jpg 1200w, https:\/\/www.autocritica.ro\/wp-content\/uploads\/2026\/01\/ogier9x_10-1000x666.jpg 1000w, https:\/\/www.autocritica.ro\/wp-content\/uploads\/2026\/01\/ogier9x_10-2000x1333.jpg 2000w\" sizes=\"auto, (max-width: 1024px) 100vw, 1024px\" \/><\/a><\/figure>\n\n\n\n<figure class=\"wp-block-image size-large\"><a href=\"https:\/\/www.autocritica.ro\/wp-content\/uploads\/2026\/01\/ogier9x_11.jpg\" data-lbwps-width=\"2800\" data-lbwps-height=\"1867\" data-lbwps-srcsmall=\"https:\/\/www.autocritica.ro\/wp-content\/uploads\/2026\/01\/ogier9x_11-300x200.jpg\"><img loading=\"lazy\" decoding=\"async\" width=\"1024\" height=\"683\" data-id=\"269099\" src=\"https:\/\/www.autocritica.ro\/wp-content\/uploads\/2026\/01\/ogier9x_11-1024x683.jpg\" alt=\"\" class=\"wp-image-269099\" srcset=\"https:\/\/www.autocritica.ro\/wp-content\/uploads\/2026\/01\/ogier9x_11-1024x683.jpg 1024w, https:\/\/www.autocritica.ro\/wp-content\/uploads\/2026\/01\/ogier9x_11-300x200.jpg 300w, https:\/\/www.autocritica.ro\/wp-content\/uploads\/2026\/01\/ogier9x_11-768x512.jpg 768w, https:\/\/www.autocritica.ro\/wp-content\/uploads\/2026\/01\/ogier9x_11-1536x1024.jpg 1536w, https:\/\/www.autocritica.ro\/wp-content\/uploads\/2026\/01\/ogier9x_11-2048x1366.jpg 2048w, https:\/\/www.autocritica.ro\/wp-content\/uploads\/2026\/01\/ogier9x_11-1200x800.jpg 1200w, https:\/\/www.autocritica.ro\/wp-content\/uploads\/2026\/01\/ogier9x_11-1000x666.jpg 1000w, https:\/\/www.autocritica.ro\/wp-content\/uploads\/2026\/01\/ogier9x_11-2000x1333.jpg 2000w\" sizes=\"auto, (max-width: 1024px) 100vw, 1024px\" \/><\/a><\/figure>\n<\/figure>\n\n\n\n<p>\u2022 Via: Toyota<\/p>\n","protected":false},"author":4,"featured_media":269115,"comment_status":"closed","ping_status":"closed","template":"","meta":{"_acf_changed":false,"footnotes":""},"tags":[898,1451,895],"class_list":["post-269097","live-news","type-live-news","status-publish","has-post-thumbnail","hentry","tag-gr-yaris","tag-sebastien-ogier","tag-toyota"],"acf":[],"yoast_head":"<!-- This site is optimized with the Yoast SEO Premium plugin v27.5 (Yoast SEO v27.5) - https:\/\/yoast.com\/product\/yoast-seo-premium-wordpress\/ -->\n<title>Toyota GR Yaris S\u00e9bastien Ogier 9x World Champion: edi\u021bie special\u0103 \u00een doar 200 de unit\u0103\u021bi - Autocritica<\/title>\n<meta name=\"robots\" content=\"index, follow, max-snippet:-1, max-image-preview:large, max-video-preview:-1\" \/>\n<link rel=\"canonical\" href=\"https:\/\/www.autocritica.ro\/en\/live-news\/toyota-gr-yaris-sebastien-ogier-9x-world-champion-editie-speciala-in-doar-200-de-unitati\/\" \/>\n<meta property=\"og:locale\" content=\"en_US\" \/>\n<meta property=\"og:type\" content=\"article\" \/>\n<meta property=\"og:title\" content=\"Toyota GR Yaris S\u00e9bastien Ogier 9x World Champion: edi\u021bie special\u0103 \u00een doar 200 de unit\u0103\u021bi\" \/>\n<meta property=\"og:description\" content=\"\u2022 Toyota a preg\u0103tit o edi\u021bie special\u0103 a modelului GR Yaris dedicat\u0103 celor 9 titluri de campion mondial de raliuri ob\u021binute de pilotul francez S\u00e9bastien\" \/>\n<meta property=\"og:url\" content=\"https:\/\/www.autocritica.ro\/en\/live-news\/toyota-gr-yaris-sebastien-ogier-9x-world-champion-editie-speciala-in-doar-200-de-unitati\/\" \/>\n<meta property=\"og:site_name\" content=\"Autocritica\" \/>\n<meta property=\"article:publisher\" content=\"https:\/\/www.facebook.com\/autocritica.ro\" \/>\n<meta property=\"article:modified_time\" content=\"2026-01-23T09:51:03+00:00\" \/>\n<meta property=\"og:image\" content=\"https:\/\/www.autocritica.ro\/wp-content\/uploads\/2026\/01\/ogier9x_01-1-scaled.jpg\" \/>\n\t<meta property=\"og:image:width\" content=\"2560\" \/>\n\t<meta property=\"og:image:height\" content=\"1707\" \/>\n\t<meta property=\"og:image:type\" content=\"image\/jpeg\" \/>\n<meta name=\"twitter:card\" content=\"summary_large_image\" \/>\n<meta name=\"twitter:label1\" content=\"Est. reading time\" \/>\n\t<meta name=\"twitter:data1\" content=\"2 minutes\" \/>\n<script type=\"application\/ld+json\" class=\"yoast-schema-graph\">{\"@context\":\"https:\\\/\\\/schema.org\",\"@graph\":[{\"@type\":\"WebPage\",\"@id\":\"https:\\\/\\\/www.autocritica.ro\\\/en\\\/live-news\\\/toyota-gr-yaris-sebastien-ogier-9x-world-champion-editie-speciala-in-doar-200-de-unitati\\\/\",\"url\":\"https:\\\/\\\/www.autocritica.ro\\\/en\\\/live-news\\\/toyota-gr-yaris-sebastien-ogier-9x-world-champion-editie-speciala-in-doar-200-de-unitati\\\/\",\"name\":\"Toyota GR Yaris S\u00e9bastien Ogier 9x World Champion: edi\u021bie special\u0103 \u00een doar 200 de unit\u0103\u021bi - Autocritica\",\"isPartOf\":{\"@id\":\"https:\\\/\\\/www.autocritica.ro\\\/en\\\/#website\"},\"primaryImageOfPage\":{\"@id\":\"https:\\\/\\\/www.autocritica.ro\\\/en\\\/live-news\\\/toyota-gr-yaris-sebastien-ogier-9x-world-champion-editie-speciala-in-doar-200-de-unitati\\\/#primaryimage\"},\"image\":{\"@id\":\"https:\\\/\\\/www.autocritica.ro\\\/en\\\/live-news\\\/toyota-gr-yaris-sebastien-ogier-9x-world-champion-editie-speciala-in-doar-200-de-unitati\\\/#primaryimage\"},\"thumbnailUrl\":\"https:\\\/\\\/www.autocritica.ro\\\/wp-content\\\/uploads\\\/2026\\\/01\\\/ogier9x_01-1-scaled.jpg\",\"datePublished\":\"2026-01-23T09:50:56+00:00\",\"dateModified\":\"2026-01-23T09:51:03+00:00\",\"breadcrumb\":{\"@id\":\"https:\\\/\\\/www.autocritica.ro\\\/en\\\/live-news\\\/toyota-gr-yaris-sebastien-ogier-9x-world-champion-editie-speciala-in-doar-200-de-unitati\\\/#breadcrumb\"},\"inLanguage\":\"en-US\",\"potentialAction\":[{\"@type\":\"ReadAction\",\"target\":[\"https:\\\/\\\/www.autocritica.ro\\\/en\\\/live-news\\\/toyota-gr-yaris-sebastien-ogier-9x-world-champion-editie-speciala-in-doar-200-de-unitati\\\/\"]}]},{\"@type\":\"ImageObject\",\"inLanguage\":\"en-US\",\"@id\":\"https:\\\/\\\/www.autocritica.ro\\\/en\\\/live-news\\\/toyota-gr-yaris-sebastien-ogier-9x-world-champion-editie-speciala-in-doar-200-de-unitati\\\/#primaryimage\",\"url\":\"https:\\\/\\\/www.autocritica.ro\\\/wp-content\\\/uploads\\\/2026\\\/01\\\/ogier9x_01-1-scaled.jpg\",\"contentUrl\":\"https:\\\/\\\/www.autocritica.ro\\\/wp-content\\\/uploads\\\/2026\\\/01\\\/ogier9x_01-1-scaled.jpg\",\"width\":2560,\"height\":1707},{\"@type\":\"BreadcrumbList\",\"@id\":\"https:\\\/\\\/www.autocritica.ro\\\/en\\\/live-news\\\/toyota-gr-yaris-sebastien-ogier-9x-world-champion-editie-speciala-in-doar-200-de-unitati\\\/#breadcrumb\",\"itemListElement\":[{\"@type\":\"ListItem\",\"position\":1,\"name\":\"Home\",\"item\":\"https:\\\/\\\/www.autocritica.ro\\\/en\\\/\"},{\"@type\":\"ListItem\",\"position\":2,\"name\":\"Live News\",\"item\":\"https:\\\/\\\/www.autocritica.ro\\\/en\\\/live-news\\\/\"},{\"@type\":\"ListItem\",\"position\":3,\"name\":\"Toyota GR Yaris S\u00e9bastien Ogier 9x World Champion: edi\u021bie special\u0103 \u00een doar 200 de unit\u0103\u021bi\"}]},{\"@type\":\"WebSite\",\"@id\":\"https:\\\/\\\/www.autocritica.ro\\\/en\\\/#website\",\"url\":\"https:\\\/\\\/www.autocritica.ro\\\/en\\\/\",\"name\":\"Autocritica\",\"description\":\"\",\"publisher\":{\"@id\":\"https:\\\/\\\/www.autocritica.ro\\\/en\\\/#organization\"},\"potentialAction\":[{\"@type\":\"SearchAction\",\"target\":{\"@type\":\"EntryPoint\",\"urlTemplate\":\"https:\\\/\\\/www.autocritica.ro\\\/en\\\/?s={search_term_string}\"},\"query-input\":{\"@type\":\"PropertyValueSpecification\",\"valueRequired\":true,\"valueName\":\"search_term_string\"}}],\"inLanguage\":\"en-US\"},{\"@type\":\"Organization\",\"@id\":\"https:\\\/\\\/www.autocritica.ro\\\/en\\\/#organization\",\"name\":\"Autocritica\",\"url\":\"https:\\\/\\\/www.autocritica.ro\\\/en\\\/\",\"logo\":{\"@type\":\"ImageObject\",\"inLanguage\":\"en-US\",\"@id\":\"https:\\\/\\\/www.autocritica.ro\\\/en\\\/#\\\/schema\\\/logo\\\/image\\\/\",\"url\":\"https:\\\/\\\/www.autocritica.ro\\\/wp-content\\\/uploads\\\/2020\\\/12\\\/logo-negru.png\",\"contentUrl\":\"https:\\\/\\\/www.autocritica.ro\\\/wp-content\\\/uploads\\\/2020\\\/12\\\/logo-negru.png\",\"width\":300,\"height\":102,\"caption\":\"Autocritica\"},\"image\":{\"@id\":\"https:\\\/\\\/www.autocritica.ro\\\/en\\\/#\\\/schema\\\/logo\\\/image\\\/\"},\"sameAs\":[\"https:\\\/\\\/www.facebook.com\\\/autocritica.ro\",\"https:\\\/\\\/www.instagram.com\\\/autocritica.ro\\\/\"]}]}<\/script>\n<!-- \/ Yoast SEO Premium plugin. -->","yoast_head_json":{"title":"Toyota GR Yaris S\u00e9bastien Ogier 9x World Champion: edi\u021bie special\u0103 \u00een doar 200 de unit\u0103\u021bi - Autocritica","robots":{"index":"index","follow":"follow","max-snippet":"max-snippet:-1","max-image-preview":"max-image-preview:large","max-video-preview":"max-video-preview:-1"},"canonical":"https:\/\/www.autocritica.ro\/en\/live-news\/toyota-gr-yaris-sebastien-ogier-9x-world-champion-editie-speciala-in-doar-200-de-unitati\/","og_locale":"en_US","og_type":"article","og_title":"Toyota GR Yaris S\u00e9bastien Ogier 9x World Champion: edi\u021bie special\u0103 \u00een doar 200 de unit\u0103\u021bi","og_description":"\u2022 Toyota a preg\u0103tit o edi\u021bie special\u0103 a modelului GR Yaris dedicat\u0103 celor 9 titluri de campion mondial de raliuri ob\u021binute de pilotul francez S\u00e9bastien","og_url":"https:\/\/www.autocritica.ro\/en\/live-news\/toyota-gr-yaris-sebastien-ogier-9x-world-champion-editie-speciala-in-doar-200-de-unitati\/","og_site_name":"Autocritica","article_publisher":"https:\/\/www.facebook.com\/autocritica.ro","article_modified_time":"2026-01-23T09:51:03+00:00","og_image":[{"width":2560,"height":1707,"url":"https:\/\/www.autocritica.ro\/wp-content\/uploads\/2026\/01\/ogier9x_01-1-scaled.jpg","type":"image\/jpeg"}],"twitter_card":"summary_large_image","twitter_misc":{"Est. reading time":"2 minutes"},"schema":{"@context":"https:\/\/schema.org","@graph":[{"@type":"WebPage","@id":"https:\/\/www.autocritica.ro\/en\/live-news\/toyota-gr-yaris-sebastien-ogier-9x-world-champion-editie-speciala-in-doar-200-de-unitati\/","url":"https:\/\/www.autocritica.ro\/en\/live-news\/toyota-gr-yaris-sebastien-ogier-9x-world-champion-editie-speciala-in-doar-200-de-unitati\/","name":"Toyota GR Yaris S\u00e9bastien Ogier 9x World Champion: edi\u021bie special\u0103 \u00een doar 200 de unit\u0103\u021bi - Autocritica","isPartOf":{"@id":"https:\/\/www.autocritica.ro\/en\/#website"},"primaryImageOfPage":{"@id":"https:\/\/www.autocritica.ro\/en\/live-news\/toyota-gr-yaris-sebastien-ogier-9x-world-champion-editie-speciala-in-doar-200-de-unitati\/#primaryimage"},"image":{"@id":"https:\/\/www.autocritica.ro\/en\/live-news\/toyota-gr-yaris-sebastien-ogier-9x-world-champion-editie-speciala-in-doar-200-de-unitati\/#primaryimage"},"thumbnailUrl":"https:\/\/www.autocritica.ro\/wp-content\/uploads\/2026\/01\/ogier9x_01-1-scaled.jpg","datePublished":"2026-01-23T09:50:56+00:00","dateModified":"2026-01-23T09:51:03+00:00","breadcrumb":{"@id":"https:\/\/www.autocritica.ro\/en\/live-news\/toyota-gr-yaris-sebastien-ogier-9x-world-champion-editie-speciala-in-doar-200-de-unitati\/#breadcrumb"},"inLanguage":"en-US","potentialAction":[{"@type":"ReadAction","target":["https:\/\/www.autocritica.ro\/en\/live-news\/toyota-gr-yaris-sebastien-ogier-9x-world-champion-editie-speciala-in-doar-200-de-unitati\/"]}]},{"@type":"ImageObject","inLanguage":"en-US","@id":"https:\/\/www.autocritica.ro\/en\/live-news\/toyota-gr-yaris-sebastien-ogier-9x-world-champion-editie-speciala-in-doar-200-de-unitati\/#primaryimage","url":"https:\/\/www.autocritica.ro\/wp-content\/uploads\/2026\/01\/ogier9x_01-1-scaled.jpg","contentUrl":"https:\/\/www.autocritica.ro\/wp-content\/uploads\/2026\/01\/ogier9x_01-1-scaled.jpg","width":2560,"height":1707},{"@type":"BreadcrumbList","@id":"https:\/\/www.autocritica.ro\/en\/live-news\/toyota-gr-yaris-sebastien-ogier-9x-world-champion-editie-speciala-in-doar-200-de-unitati\/#breadcrumb","itemListElement":[{"@type":"ListItem","position":1,"name":"Home","item":"https:\/\/www.autocritica.ro\/en\/"},{"@type":"ListItem","position":2,"name":"Live News","item":"https:\/\/www.autocritica.ro\/en\/live-news\/"},{"@type":"ListItem","position":3,"name":"Toyota GR Yaris S\u00e9bastien Ogier 9x World Champion: edi\u021bie special\u0103 \u00een doar 200 de unit\u0103\u021bi"}]},{"@type":"WebSite","@id":"https:\/\/www.autocritica.ro\/en\/#website","url":"https:\/\/www.autocritica.ro\/en\/","name":"Autocritica","description":"","publisher":{"@id":"https:\/\/www.autocritica.ro\/en\/#organization"},"potentialAction":[{"@type":"SearchAction","target":{"@type":"EntryPoint","urlTemplate":"https:\/\/www.autocritica.ro\/en\/?s={search_term_string}"},"query-input":{"@type":"PropertyValueSpecification","valueRequired":true,"valueName":"search_term_string"}}],"inLanguage":"en-US"},{"@type":"Organization","@id":"https:\/\/www.autocritica.ro\/en\/#organization","name":"Autocritica","url":"https:\/\/www.autocritica.ro\/en\/","logo":{"@type":"ImageObject","inLanguage":"en-US","@id":"https:\/\/www.autocritica.ro\/en\/#\/schema\/logo\/image\/","url":"https:\/\/www.autocritica.ro\/wp-content\/uploads\/2020\/12\/logo-negru.png","contentUrl":"https:\/\/www.autocritica.ro\/wp-content\/uploads\/2020\/12\/logo-negru.png","width":300,"height":102,"caption":"Autocritica"},"image":{"@id":"https:\/\/www.autocritica.ro\/en\/#\/schema\/logo\/image\/"},"sameAs":["https:\/\/www.facebook.com\/autocritica.ro","https:\/\/www.instagram.com\/autocritica.ro\/"]}]}},"_links":{"self":[{"href":"https:\/\/www.autocritica.ro\/en\/wp-json\/wp\/v2\/live-news\/269097","targetHints":{"allow":["GET"]}}],"collection":[{"href":"https:\/\/www.autocritica.ro\/en\/wp-json\/wp\/v2\/live-news"}],"about":[{"href":"https:\/\/www.autocritica.ro\/en\/wp-json\/wp\/v2\/types\/live-news"}],"author":[{"embeddable":true,"href":"https:\/\/www.autocritica.ro\/en\/wp-json\/wp\/v2\/users\/4"}],"replies":[{"embeddable":true,"href":"https:\/\/www.autocritica.ro\/en\/wp-json\/wp\/v2\/comments?post=269097"}],"version-history":[{"count":3,"href":"https:\/\/www.autocritica.ro\/en\/wp-json\/wp\/v2\/live-news\/269097\/revisions"}],"predecessor-version":[{"id":269118,"href":"https:\/\/www.autocritica.ro\/en\/wp-json\/wp\/v2\/live-news\/269097\/revisions\/269118"}],"wp:featuredmedia":[{"embeddable":true,"href":"https:\/\/www.autocritica.ro\/en\/wp-json\/wp\/v2\/media\/269115"}],"wp:attachment":[{"href":"https:\/\/www.autocritica.ro\/en\/wp-json\/wp\/v2\/media?parent=269097"}],"wp:term":[{"taxonomy":"post_tag","embeddable":true,"href":"https:\/\/www.autocritica.ro\/en\/wp-json\/wp\/v2\/tags?post=269097"}],"curies":[{"name":"wp","href":"https:\/\/api.w.org\/{rel}","templated":true}]}}