{"id":269085,"date":"2026-01-22T14:06:12","date_gmt":"2026-01-22T11:06:12","guid":{"rendered":"https:\/\/www.autocritica.ro\/?post_type=live-news&#038;p=269085"},"modified":"2026-01-22T14:07:58","modified_gmt":"2026-01-22T11:07:58","slug":"bucurestiul-locul-al-doilea-in-topul-oraselor-europene-ca-timp-suplimentar-petrecut-in-trafic-la-ore-de-varf","status":"publish","type":"live-news","link":"https:\/\/www.autocritica.ro\/en\/live-news\/bucurestiul-locul-al-doilea-in-topul-oraselor-europene-ca-timp-suplimentar-petrecut-in-trafic-la-ore-de-varf\/","title":{"rendered":"Bucure\u0219tiul, locul al doilea \u00een topul ora\u0219elor europene ca timp suplimentar petrecut \u00een trafic la ore de v\u00e2rf"},"content":{"rendered":"\n<p>\u2022 Produc\u0103torul olandez de h\u0103r\u021bi digitale \u0219i sisteme de naviga\u021bie TomTom a publicat o nou\u0103 edi\u021bie a studiului anual care analizeaz\u0103 traficul din marile ora\u0219e din Europa \u0219i de pe alte continente.&nbsp;<\/p>\n\n\n\n<p>\u2022 \u00cen noua edi\u021bie a studiului, care reflect\u0103 datele agregate de pe parcursul anului 2025, Bucure\u0219ti ocup\u0103 locul 2 \u00een topul ora\u0219elor europene ca timp suplimentar petrecut \u00een trafic la ore de v\u00e2rf.<\/p>\n\n\n\n<p>\u2022 Astfel, bucure\u0219tenii au pierdut \u00een medie 171 de ore pe an \u00een trafic \u00een timpul orelor de v\u00e2rf, echivalentul a peste 7 zile pe an, \u0219i au fost dep\u0103\u0219i\u021bi la acest capitol doar de \u0219oferii din Dublin, care au pierdut \u00een trafic 191 de ore pe an. Podiumul este completat la mare distan\u021b\u0103 de Bruxelles cu 146 de ore pe an.&nbsp;<\/p>\n\n\n\n<p>\u2022 Potrivit datelor agregate de TomTom, viteza medie de deplasare \u00een Bucure\u0219ti a fost de numai 13,3 km\/h \u00een timpul orelor de v\u00e2rf din timpul serii \u0219i de 14,8 km\/h \u00een timpul orelor de v\u00e2rf din timpul dimine\u021bii.&nbsp;<\/p>\n\n\n\n<p>\u2022 La nivel \u00eentregii zile (24 ore), viteza medie de deplasare a fost de 18,5 km\/h, ceea ce plaseaz\u0103 Bucure\u0219ti pe locul 5 la nivel european, \u00eentruc\u00e2t singurele ora\u0219e cu o vitez\u0103 medie mai mic\u0103 au fost Londra, Dublin, Bruxelles \u0219i Barcelona.&nbsp;<\/p>\n\n\n\n<p>\u2022 De asemenea, datele colectate arat\u0103 c\u0103 nivelul de congestie \u00een Bucure\u0219ti la orele de v\u00e2rf din timpul serii a fost de 117,7%, ceea ce \u00eenseamn\u0103 c\u0103 o c\u0103l\u0103torie cu ma\u0219ina \u00een aceast\u0103 perioad\u0103 a zilei a durat cu 117,7% mai mult timp comparativ cu perioadele \u00een care traficul este redus.&nbsp;<\/p>\n\n\n\n<p>\u2022 \u00cen acela\u0219i mod, pentru orele de v\u00e2rf din timpul dimine\u021bii, nivelul de congestie a fost de 97,5%, astfel c\u0103 durata c\u0103l\u0103toriei a fost aproape dubl\u0103 comparativ cu perioadele f\u0103r\u0103 trafic.&nbsp;<\/p>\n\n\n\n<p>\u2022 \u00cen medie, la nivelul \u00eentregii zile (24 de ore), nivelul de congestie din Bucure\u0219ti a fost de 62,5%, iar Bucure\u0219ti ocup\u0103 aici tot locul 5 \u00een Europa, dup\u0103 Dublin, Lodz, Lublin \u0219i Poznan.&nbsp;<\/p>\n\n\n\n<p>Via TomTom<\/p>\n","protected":false},"author":6,"featured_media":269090,"comment_status":"closed","ping_status":"closed","template":"","meta":{"_acf_changed":false,"footnotes":""},"tags":[1464,1206],"class_list":["post-269085","live-news","type-live-news","status-publish","has-post-thumbnail","hentry","tag-bucuresti","tag-trafic"],"acf":[],"yoast_head":"<!-- This site is optimized with the Yoast SEO Premium plugin v27.5 (Yoast SEO v27.5) - https:\/\/yoast.com\/product\/yoast-seo-premium-wordpress\/ -->\n<title>Bucure\u0219tiul, locul al doilea \u00een topul ora\u0219elor europene ca timp suplimentar petrecut \u00een trafic la ore de v\u00e2rf - Autocritica<\/title>\n<meta name=\"robots\" content=\"index, follow, max-snippet:-1, max-image-preview:large, max-video-preview:-1\" \/>\n<link rel=\"canonical\" href=\"https:\/\/www.autocritica.ro\/en\/live-news\/bucurestiul-locul-al-doilea-in-topul-oraselor-europene-ca-timp-suplimentar-petrecut-in-trafic-la-ore-de-varf\/\" \/>\n<meta property=\"og:locale\" content=\"en_US\" \/>\n<meta property=\"og:type\" content=\"article\" \/>\n<meta property=\"og:title\" content=\"Bucure\u0219tiul, locul al doilea \u00een topul ora\u0219elor europene ca timp suplimentar petrecut \u00een trafic la ore de v\u00e2rf\" \/>\n<meta property=\"og:description\" content=\"\u2022 Produc\u0103torul olandez de h\u0103r\u021bi digitale \u0219i sisteme de naviga\u021bie TomTom a publicat o nou\u0103 edi\u021bie a studiului anual care analizeaz\u0103 traficul din marile\" \/>\n<meta property=\"og:url\" content=\"https:\/\/www.autocritica.ro\/en\/live-news\/bucurestiul-locul-al-doilea-in-topul-oraselor-europene-ca-timp-suplimentar-petrecut-in-trafic-la-ore-de-varf\/\" \/>\n<meta property=\"og:site_name\" content=\"Autocritica\" \/>\n<meta property=\"article:publisher\" content=\"https:\/\/www.facebook.com\/autocritica.ro\" \/>\n<meta property=\"article:modified_time\" content=\"2026-01-22T11:07:58+00:00\" \/>\n<meta property=\"og:image\" content=\"https:\/\/www.autocritica.ro\/wp-content\/uploads\/2026\/01\/bucuresti.jpg\" \/>\n\t<meta property=\"og:image:width\" content=\"1600\" \/>\n\t<meta property=\"og:image:height\" content=\"1064\" \/>\n\t<meta property=\"og:image:type\" content=\"image\/jpeg\" \/>\n<meta name=\"twitter:card\" content=\"summary_large_image\" \/>\n<meta name=\"twitter:label1\" content=\"Est. reading time\" \/>\n\t<meta name=\"twitter:data1\" content=\"2 minutes\" \/>\n<script type=\"application\/ld+json\" class=\"yoast-schema-graph\">{\"@context\":\"https:\\\/\\\/schema.org\",\"@graph\":[{\"@type\":\"WebPage\",\"@id\":\"https:\\\/\\\/www.autocritica.ro\\\/en\\\/live-news\\\/bucurestiul-locul-al-doilea-in-topul-oraselor-europene-ca-timp-suplimentar-petrecut-in-trafic-la-ore-de-varf\\\/\",\"url\":\"https:\\\/\\\/www.autocritica.ro\\\/en\\\/live-news\\\/bucurestiul-locul-al-doilea-in-topul-oraselor-europene-ca-timp-suplimentar-petrecut-in-trafic-la-ore-de-varf\\\/\",\"name\":\"Bucure\u0219tiul, locul al doilea \u00een topul ora\u0219elor europene ca timp suplimentar petrecut \u00een trafic la ore de v\u00e2rf - Autocritica\",\"isPartOf\":{\"@id\":\"https:\\\/\\\/www.autocritica.ro\\\/en\\\/#website\"},\"primaryImageOfPage\":{\"@id\":\"https:\\\/\\\/www.autocritica.ro\\\/en\\\/live-news\\\/bucurestiul-locul-al-doilea-in-topul-oraselor-europene-ca-timp-suplimentar-petrecut-in-trafic-la-ore-de-varf\\\/#primaryimage\"},\"image\":{\"@id\":\"https:\\\/\\\/www.autocritica.ro\\\/en\\\/live-news\\\/bucurestiul-locul-al-doilea-in-topul-oraselor-europene-ca-timp-suplimentar-petrecut-in-trafic-la-ore-de-varf\\\/#primaryimage\"},\"thumbnailUrl\":\"https:\\\/\\\/www.autocritica.ro\\\/wp-content\\\/uploads\\\/2026\\\/01\\\/bucuresti.jpg\",\"datePublished\":\"2026-01-22T11:06:12+00:00\",\"dateModified\":\"2026-01-22T11:07:58+00:00\",\"breadcrumb\":{\"@id\":\"https:\\\/\\\/www.autocritica.ro\\\/en\\\/live-news\\\/bucurestiul-locul-al-doilea-in-topul-oraselor-europene-ca-timp-suplimentar-petrecut-in-trafic-la-ore-de-varf\\\/#breadcrumb\"},\"inLanguage\":\"en-US\",\"potentialAction\":[{\"@type\":\"ReadAction\",\"target\":[\"https:\\\/\\\/www.autocritica.ro\\\/en\\\/live-news\\\/bucurestiul-locul-al-doilea-in-topul-oraselor-europene-ca-timp-suplimentar-petrecut-in-trafic-la-ore-de-varf\\\/\"]}]},{\"@type\":\"ImageObject\",\"inLanguage\":\"en-US\",\"@id\":\"https:\\\/\\\/www.autocritica.ro\\\/en\\\/live-news\\\/bucurestiul-locul-al-doilea-in-topul-oraselor-europene-ca-timp-suplimentar-petrecut-in-trafic-la-ore-de-varf\\\/#primaryimage\",\"url\":\"https:\\\/\\\/www.autocritica.ro\\\/wp-content\\\/uploads\\\/2026\\\/01\\\/bucuresti.jpg\",\"contentUrl\":\"https:\\\/\\\/www.autocritica.ro\\\/wp-content\\\/uploads\\\/2026\\\/01\\\/bucuresti.jpg\",\"width\":1600,\"height\":1064},{\"@type\":\"BreadcrumbList\",\"@id\":\"https:\\\/\\\/www.autocritica.ro\\\/en\\\/live-news\\\/bucurestiul-locul-al-doilea-in-topul-oraselor-europene-ca-timp-suplimentar-petrecut-in-trafic-la-ore-de-varf\\\/#breadcrumb\",\"itemListElement\":[{\"@type\":\"ListItem\",\"position\":1,\"name\":\"Home\",\"item\":\"https:\\\/\\\/www.autocritica.ro\\\/en\\\/\"},{\"@type\":\"ListItem\",\"position\":2,\"name\":\"Live News\",\"item\":\"https:\\\/\\\/www.autocritica.ro\\\/en\\\/live-news\\\/\"},{\"@type\":\"ListItem\",\"position\":3,\"name\":\"Bucure\u0219tiul, locul al doilea \u00een topul ora\u0219elor europene ca timp suplimentar petrecut \u00een trafic la ore de v\u00e2rf\"}]},{\"@type\":\"WebSite\",\"@id\":\"https:\\\/\\\/www.autocritica.ro\\\/en\\\/#website\",\"url\":\"https:\\\/\\\/www.autocritica.ro\\\/en\\\/\",\"name\":\"Autocritica\",\"description\":\"\",\"publisher\":{\"@id\":\"https:\\\/\\\/www.autocritica.ro\\\/en\\\/#organization\"},\"potentialAction\":[{\"@type\":\"SearchAction\",\"target\":{\"@type\":\"EntryPoint\",\"urlTemplate\":\"https:\\\/\\\/www.autocritica.ro\\\/en\\\/?s={search_term_string}\"},\"query-input\":{\"@type\":\"PropertyValueSpecification\",\"valueRequired\":true,\"valueName\":\"search_term_string\"}}],\"inLanguage\":\"en-US\"},{\"@type\":\"Organization\",\"@id\":\"https:\\\/\\\/www.autocritica.ro\\\/en\\\/#organization\",\"name\":\"Autocritica\",\"url\":\"https:\\\/\\\/www.autocritica.ro\\\/en\\\/\",\"logo\":{\"@type\":\"ImageObject\",\"inLanguage\":\"en-US\",\"@id\":\"https:\\\/\\\/www.autocritica.ro\\\/en\\\/#\\\/schema\\\/logo\\\/image\\\/\",\"url\":\"https:\\\/\\\/www.autocritica.ro\\\/wp-content\\\/uploads\\\/2020\\\/12\\\/logo-negru.png\",\"contentUrl\":\"https:\\\/\\\/www.autocritica.ro\\\/wp-content\\\/uploads\\\/2020\\\/12\\\/logo-negru.png\",\"width\":300,\"height\":102,\"caption\":\"Autocritica\"},\"image\":{\"@id\":\"https:\\\/\\\/www.autocritica.ro\\\/en\\\/#\\\/schema\\\/logo\\\/image\\\/\"},\"sameAs\":[\"https:\\\/\\\/www.facebook.com\\\/autocritica.ro\",\"https:\\\/\\\/www.instagram.com\\\/autocritica.ro\\\/\"]}]}<\/script>\n<!-- \/ Yoast SEO Premium plugin. -->","yoast_head_json":{"title":"Bucure\u0219tiul, locul al doilea \u00een topul ora\u0219elor europene ca timp suplimentar petrecut \u00een trafic la ore de v\u00e2rf - Autocritica","robots":{"index":"index","follow":"follow","max-snippet":"max-snippet:-1","max-image-preview":"max-image-preview:large","max-video-preview":"max-video-preview:-1"},"canonical":"https:\/\/www.autocritica.ro\/en\/live-news\/bucurestiul-locul-al-doilea-in-topul-oraselor-europene-ca-timp-suplimentar-petrecut-in-trafic-la-ore-de-varf\/","og_locale":"en_US","og_type":"article","og_title":"Bucure\u0219tiul, locul al doilea \u00een topul ora\u0219elor europene ca timp suplimentar petrecut \u00een trafic la ore de v\u00e2rf","og_description":"\u2022 Produc\u0103torul olandez de h\u0103r\u021bi digitale \u0219i sisteme de naviga\u021bie TomTom a publicat o nou\u0103 edi\u021bie a studiului anual care analizeaz\u0103 traficul din marile","og_url":"https:\/\/www.autocritica.ro\/en\/live-news\/bucurestiul-locul-al-doilea-in-topul-oraselor-europene-ca-timp-suplimentar-petrecut-in-trafic-la-ore-de-varf\/","og_site_name":"Autocritica","article_publisher":"https:\/\/www.facebook.com\/autocritica.ro","article_modified_time":"2026-01-22T11:07:58+00:00","og_image":[{"width":1600,"height":1064,"url":"https:\/\/www.autocritica.ro\/wp-content\/uploads\/2026\/01\/bucuresti.jpg","type":"image\/jpeg"}],"twitter_card":"summary_large_image","twitter_misc":{"Est. reading time":"2 minutes"},"schema":{"@context":"https:\/\/schema.org","@graph":[{"@type":"WebPage","@id":"https:\/\/www.autocritica.ro\/en\/live-news\/bucurestiul-locul-al-doilea-in-topul-oraselor-europene-ca-timp-suplimentar-petrecut-in-trafic-la-ore-de-varf\/","url":"https:\/\/www.autocritica.ro\/en\/live-news\/bucurestiul-locul-al-doilea-in-topul-oraselor-europene-ca-timp-suplimentar-petrecut-in-trafic-la-ore-de-varf\/","name":"Bucure\u0219tiul, locul al doilea \u00een topul ora\u0219elor europene ca timp suplimentar petrecut \u00een trafic la ore de v\u00e2rf - Autocritica","isPartOf":{"@id":"https:\/\/www.autocritica.ro\/en\/#website"},"primaryImageOfPage":{"@id":"https:\/\/www.autocritica.ro\/en\/live-news\/bucurestiul-locul-al-doilea-in-topul-oraselor-europene-ca-timp-suplimentar-petrecut-in-trafic-la-ore-de-varf\/#primaryimage"},"image":{"@id":"https:\/\/www.autocritica.ro\/en\/live-news\/bucurestiul-locul-al-doilea-in-topul-oraselor-europene-ca-timp-suplimentar-petrecut-in-trafic-la-ore-de-varf\/#primaryimage"},"thumbnailUrl":"https:\/\/www.autocritica.ro\/wp-content\/uploads\/2026\/01\/bucuresti.jpg","datePublished":"2026-01-22T11:06:12+00:00","dateModified":"2026-01-22T11:07:58+00:00","breadcrumb":{"@id":"https:\/\/www.autocritica.ro\/en\/live-news\/bucurestiul-locul-al-doilea-in-topul-oraselor-europene-ca-timp-suplimentar-petrecut-in-trafic-la-ore-de-varf\/#breadcrumb"},"inLanguage":"en-US","potentialAction":[{"@type":"ReadAction","target":["https:\/\/www.autocritica.ro\/en\/live-news\/bucurestiul-locul-al-doilea-in-topul-oraselor-europene-ca-timp-suplimentar-petrecut-in-trafic-la-ore-de-varf\/"]}]},{"@type":"ImageObject","inLanguage":"en-US","@id":"https:\/\/www.autocritica.ro\/en\/live-news\/bucurestiul-locul-al-doilea-in-topul-oraselor-europene-ca-timp-suplimentar-petrecut-in-trafic-la-ore-de-varf\/#primaryimage","url":"https:\/\/www.autocritica.ro\/wp-content\/uploads\/2026\/01\/bucuresti.jpg","contentUrl":"https:\/\/www.autocritica.ro\/wp-content\/uploads\/2026\/01\/bucuresti.jpg","width":1600,"height":1064},{"@type":"BreadcrumbList","@id":"https:\/\/www.autocritica.ro\/en\/live-news\/bucurestiul-locul-al-doilea-in-topul-oraselor-europene-ca-timp-suplimentar-petrecut-in-trafic-la-ore-de-varf\/#breadcrumb","itemListElement":[{"@type":"ListItem","position":1,"name":"Home","item":"https:\/\/www.autocritica.ro\/en\/"},{"@type":"ListItem","position":2,"name":"Live News","item":"https:\/\/www.autocritica.ro\/en\/live-news\/"},{"@type":"ListItem","position":3,"name":"Bucure\u0219tiul, locul al doilea \u00een topul ora\u0219elor europene ca timp suplimentar petrecut \u00een trafic la ore de v\u00e2rf"}]},{"@type":"WebSite","@id":"https:\/\/www.autocritica.ro\/en\/#website","url":"https:\/\/www.autocritica.ro\/en\/","name":"Autocritica","description":"","publisher":{"@id":"https:\/\/www.autocritica.ro\/en\/#organization"},"potentialAction":[{"@type":"SearchAction","target":{"@type":"EntryPoint","urlTemplate":"https:\/\/www.autocritica.ro\/en\/?s={search_term_string}"},"query-input":{"@type":"PropertyValueSpecification","valueRequired":true,"valueName":"search_term_string"}}],"inLanguage":"en-US"},{"@type":"Organization","@id":"https:\/\/www.autocritica.ro\/en\/#organization","name":"Autocritica","url":"https:\/\/www.autocritica.ro\/en\/","logo":{"@type":"ImageObject","inLanguage":"en-US","@id":"https:\/\/www.autocritica.ro\/en\/#\/schema\/logo\/image\/","url":"https:\/\/www.autocritica.ro\/wp-content\/uploads\/2020\/12\/logo-negru.png","contentUrl":"https:\/\/www.autocritica.ro\/wp-content\/uploads\/2020\/12\/logo-negru.png","width":300,"height":102,"caption":"Autocritica"},"image":{"@id":"https:\/\/www.autocritica.ro\/en\/#\/schema\/logo\/image\/"},"sameAs":["https:\/\/www.facebook.com\/autocritica.ro","https:\/\/www.instagram.com\/autocritica.ro\/"]}]}},"_links":{"self":[{"href":"https:\/\/www.autocritica.ro\/en\/wp-json\/wp\/v2\/live-news\/269085","targetHints":{"allow":["GET"]}}],"collection":[{"href":"https:\/\/www.autocritica.ro\/en\/wp-json\/wp\/v2\/live-news"}],"about":[{"href":"https:\/\/www.autocritica.ro\/en\/wp-json\/wp\/v2\/types\/live-news"}],"author":[{"embeddable":true,"href":"https:\/\/www.autocritica.ro\/en\/wp-json\/wp\/v2\/users\/6"}],"replies":[{"embeddable":true,"href":"https:\/\/www.autocritica.ro\/en\/wp-json\/wp\/v2\/comments?post=269085"}],"version-history":[{"count":4,"href":"https:\/\/www.autocritica.ro\/en\/wp-json\/wp\/v2\/live-news\/269085\/revisions"}],"predecessor-version":[{"id":269089,"href":"https:\/\/www.autocritica.ro\/en\/wp-json\/wp\/v2\/live-news\/269085\/revisions\/269089"}],"wp:featuredmedia":[{"embeddable":true,"href":"https:\/\/www.autocritica.ro\/en\/wp-json\/wp\/v2\/media\/269090"}],"wp:attachment":[{"href":"https:\/\/www.autocritica.ro\/en\/wp-json\/wp\/v2\/media?parent=269085"}],"wp:term":[{"taxonomy":"post_tag","embeddable":true,"href":"https:\/\/www.autocritica.ro\/en\/wp-json\/wp\/v2\/tags?post=269085"}],"curies":[{"name":"wp","href":"https:\/\/api.w.org\/{rel}","templated":true}]}}