{"id":269079,"date":"2026-01-22T13:16:22","date_gmt":"2026-01-22T10:16:22","guid":{"rendered":"https:\/\/www.autocritica.ro\/?post_type=live-news&#038;p=269079"},"modified":"2026-01-22T13:16:39","modified_gmt":"2026-01-22T10:16:39","slug":"bmw-ix3-cu-ampatament-lung-versiune-pentru-pietele-asiatice","status":"publish","type":"live-news","link":"https:\/\/www.autocritica.ro\/en\/live-news\/bmw-ix3-cu-ampatament-lung-versiune-pentru-pietele-asiatice\/","title":{"rendered":"BMW iX3 cu ampatament lung: versiune pentru pie\u021bele asiatice"},"content":{"rendered":"\n<p><br>BMW a publicat o serie de imagini cu prototipurile de teste ale viitorului iX3 cu ampatament lung. Modelul va fi expus \u00een premier\u0103 \u00een cadrul Salonului Auto de la Beijing, urm\u00e2nd ca debutul comercial s\u0103 aib\u0103 loc \u00een a doua parte a anului. iX3 cu ampatament lung va fi disponibil mai \u00eent\u00e2i pe pia\u021ba din China, urm\u00e2nd ca pe parcursul anului s\u0103 intre \u0219i pe alte pie\u021be asiatice. Spre deosebire de versiunea \u201enormal\u0103\u201d, SUV-ul va avea un ampatament mai lung cu 108 milimetri, ceea ce \u00eenseamn\u0103 mai mult spa\u021biu pentru pasageri.\u00a0<\/p>\n","protected":false},"author":4,"featured_media":269081,"comment_status":"closed","ping_status":"closed","template":"","meta":{"_acf_changed":false,"footnotes":""},"tags":[2,34,6472,1008],"class_list":["post-269079","live-news","type-live-news","status-publish","has-post-thumbnail","hentry","tag-bmw","tag-ix3","tag-ix3-ampatament-lung","tag-masini-electrice"],"acf":[],"yoast_head":"<!-- This site is optimized with the Yoast SEO Premium plugin v27.5 (Yoast SEO v27.5) - https:\/\/yoast.com\/product\/yoast-seo-premium-wordpress\/ -->\n<title>BMW iX3 cu ampatament lung: versiune pentru pie\u021bele asiatice - Autocritica<\/title>\n<meta name=\"robots\" content=\"index, follow, max-snippet:-1, max-image-preview:large, max-video-preview:-1\" \/>\n<link rel=\"canonical\" href=\"https:\/\/www.autocritica.ro\/en\/live-news\/bmw-ix3-cu-ampatament-lung-versiune-pentru-pietele-asiatice\/\" \/>\n<meta property=\"og:locale\" content=\"en_US\" \/>\n<meta property=\"og:type\" content=\"article\" \/>\n<meta property=\"og:title\" content=\"BMW iX3 cu ampatament lung: versiune pentru pie\u021bele asiatice\" \/>\n<meta property=\"og:description\" content=\"BMW a publicat o serie de imagini cu prototipurile de teste ale viitorului iX3 cu ampatament lung. Modelul va fi expus \u00een premier\u0103 \u00een cadrul Salonului\" \/>\n<meta property=\"og:url\" content=\"https:\/\/www.autocritica.ro\/en\/live-news\/bmw-ix3-cu-ampatament-lung-versiune-pentru-pietele-asiatice\/\" \/>\n<meta property=\"og:site_name\" content=\"Autocritica\" \/>\n<meta property=\"article:publisher\" content=\"https:\/\/www.facebook.com\/autocritica.ro\" \/>\n<meta property=\"article:modified_time\" content=\"2026-01-22T10:16:39+00:00\" \/>\n<meta property=\"og:image\" content=\"https:\/\/www.autocritica.ro\/wp-content\/uploads\/2026\/01\/P90628331_highRes_bmw-ix3-lwb-prototyp-scaled.jpg\" \/>\n\t<meta property=\"og:image:width\" content=\"2560\" \/>\n\t<meta property=\"og:image:height\" content=\"1707\" \/>\n\t<meta property=\"og:image:type\" content=\"image\/jpeg\" \/>\n<meta name=\"twitter:card\" content=\"summary_large_image\" \/>\n<script type=\"application\/ld+json\" class=\"yoast-schema-graph\">{\"@context\":\"https:\\\/\\\/schema.org\",\"@graph\":[{\"@type\":\"WebPage\",\"@id\":\"https:\\\/\\\/www.autocritica.ro\\\/en\\\/live-news\\\/bmw-ix3-cu-ampatament-lung-versiune-pentru-pietele-asiatice\\\/\",\"url\":\"https:\\\/\\\/www.autocritica.ro\\\/en\\\/live-news\\\/bmw-ix3-cu-ampatament-lung-versiune-pentru-pietele-asiatice\\\/\",\"name\":\"BMW iX3 cu ampatament lung: versiune pentru pie\u021bele asiatice - Autocritica\",\"isPartOf\":{\"@id\":\"https:\\\/\\\/www.autocritica.ro\\\/en\\\/#website\"},\"primaryImageOfPage\":{\"@id\":\"https:\\\/\\\/www.autocritica.ro\\\/en\\\/live-news\\\/bmw-ix3-cu-ampatament-lung-versiune-pentru-pietele-asiatice\\\/#primaryimage\"},\"image\":{\"@id\":\"https:\\\/\\\/www.autocritica.ro\\\/en\\\/live-news\\\/bmw-ix3-cu-ampatament-lung-versiune-pentru-pietele-asiatice\\\/#primaryimage\"},\"thumbnailUrl\":\"https:\\\/\\\/www.autocritica.ro\\\/wp-content\\\/uploads\\\/2026\\\/01\\\/P90628331_highRes_bmw-ix3-lwb-prototyp-scaled.jpg\",\"datePublished\":\"2026-01-22T10:16:22+00:00\",\"dateModified\":\"2026-01-22T10:16:39+00:00\",\"breadcrumb\":{\"@id\":\"https:\\\/\\\/www.autocritica.ro\\\/en\\\/live-news\\\/bmw-ix3-cu-ampatament-lung-versiune-pentru-pietele-asiatice\\\/#breadcrumb\"},\"inLanguage\":\"en-US\",\"potentialAction\":[{\"@type\":\"ReadAction\",\"target\":[\"https:\\\/\\\/www.autocritica.ro\\\/en\\\/live-news\\\/bmw-ix3-cu-ampatament-lung-versiune-pentru-pietele-asiatice\\\/\"]}]},{\"@type\":\"ImageObject\",\"inLanguage\":\"en-US\",\"@id\":\"https:\\\/\\\/www.autocritica.ro\\\/en\\\/live-news\\\/bmw-ix3-cu-ampatament-lung-versiune-pentru-pietele-asiatice\\\/#primaryimage\",\"url\":\"https:\\\/\\\/www.autocritica.ro\\\/wp-content\\\/uploads\\\/2026\\\/01\\\/P90628331_highRes_bmw-ix3-lwb-prototyp-scaled.jpg\",\"contentUrl\":\"https:\\\/\\\/www.autocritica.ro\\\/wp-content\\\/uploads\\\/2026\\\/01\\\/P90628331_highRes_bmw-ix3-lwb-prototyp-scaled.jpg\",\"width\":2560,\"height\":1707},{\"@type\":\"BreadcrumbList\",\"@id\":\"https:\\\/\\\/www.autocritica.ro\\\/en\\\/live-news\\\/bmw-ix3-cu-ampatament-lung-versiune-pentru-pietele-asiatice\\\/#breadcrumb\",\"itemListElement\":[{\"@type\":\"ListItem\",\"position\":1,\"name\":\"Home\",\"item\":\"https:\\\/\\\/www.autocritica.ro\\\/en\\\/\"},{\"@type\":\"ListItem\",\"position\":2,\"name\":\"Live News\",\"item\":\"https:\\\/\\\/www.autocritica.ro\\\/en\\\/live-news\\\/\"},{\"@type\":\"ListItem\",\"position\":3,\"name\":\"BMW iX3 cu ampatament lung: versiune pentru pie\u021bele asiatice\"}]},{\"@type\":\"WebSite\",\"@id\":\"https:\\\/\\\/www.autocritica.ro\\\/en\\\/#website\",\"url\":\"https:\\\/\\\/www.autocritica.ro\\\/en\\\/\",\"name\":\"Autocritica\",\"description\":\"\",\"publisher\":{\"@id\":\"https:\\\/\\\/www.autocritica.ro\\\/en\\\/#organization\"},\"potentialAction\":[{\"@type\":\"SearchAction\",\"target\":{\"@type\":\"EntryPoint\",\"urlTemplate\":\"https:\\\/\\\/www.autocritica.ro\\\/en\\\/?s={search_term_string}\"},\"query-input\":{\"@type\":\"PropertyValueSpecification\",\"valueRequired\":true,\"valueName\":\"search_term_string\"}}],\"inLanguage\":\"en-US\"},{\"@type\":\"Organization\",\"@id\":\"https:\\\/\\\/www.autocritica.ro\\\/en\\\/#organization\",\"name\":\"Autocritica\",\"url\":\"https:\\\/\\\/www.autocritica.ro\\\/en\\\/\",\"logo\":{\"@type\":\"ImageObject\",\"inLanguage\":\"en-US\",\"@id\":\"https:\\\/\\\/www.autocritica.ro\\\/en\\\/#\\\/schema\\\/logo\\\/image\\\/\",\"url\":\"https:\\\/\\\/www.autocritica.ro\\\/wp-content\\\/uploads\\\/2020\\\/12\\\/logo-negru.png\",\"contentUrl\":\"https:\\\/\\\/www.autocritica.ro\\\/wp-content\\\/uploads\\\/2020\\\/12\\\/logo-negru.png\",\"width\":300,\"height\":102,\"caption\":\"Autocritica\"},\"image\":{\"@id\":\"https:\\\/\\\/www.autocritica.ro\\\/en\\\/#\\\/schema\\\/logo\\\/image\\\/\"},\"sameAs\":[\"https:\\\/\\\/www.facebook.com\\\/autocritica.ro\",\"https:\\\/\\\/www.instagram.com\\\/autocritica.ro\\\/\"]}]}<\/script>\n<!-- \/ Yoast SEO Premium plugin. -->","yoast_head_json":{"title":"BMW iX3 cu ampatament lung: versiune pentru pie\u021bele asiatice - Autocritica","robots":{"index":"index","follow":"follow","max-snippet":"max-snippet:-1","max-image-preview":"max-image-preview:large","max-video-preview":"max-video-preview:-1"},"canonical":"https:\/\/www.autocritica.ro\/en\/live-news\/bmw-ix3-cu-ampatament-lung-versiune-pentru-pietele-asiatice\/","og_locale":"en_US","og_type":"article","og_title":"BMW iX3 cu ampatament lung: versiune pentru pie\u021bele asiatice","og_description":"BMW a publicat o serie de imagini cu prototipurile de teste ale viitorului iX3 cu ampatament lung. Modelul va fi expus \u00een premier\u0103 \u00een cadrul Salonului","og_url":"https:\/\/www.autocritica.ro\/en\/live-news\/bmw-ix3-cu-ampatament-lung-versiune-pentru-pietele-asiatice\/","og_site_name":"Autocritica","article_publisher":"https:\/\/www.facebook.com\/autocritica.ro","article_modified_time":"2026-01-22T10:16:39+00:00","og_image":[{"width":2560,"height":1707,"url":"https:\/\/www.autocritica.ro\/wp-content\/uploads\/2026\/01\/P90628331_highRes_bmw-ix3-lwb-prototyp-scaled.jpg","type":"image\/jpeg"}],"twitter_card":"summary_large_image","schema":{"@context":"https:\/\/schema.org","@graph":[{"@type":"WebPage","@id":"https:\/\/www.autocritica.ro\/en\/live-news\/bmw-ix3-cu-ampatament-lung-versiune-pentru-pietele-asiatice\/","url":"https:\/\/www.autocritica.ro\/en\/live-news\/bmw-ix3-cu-ampatament-lung-versiune-pentru-pietele-asiatice\/","name":"BMW iX3 cu ampatament lung: versiune pentru pie\u021bele asiatice - Autocritica","isPartOf":{"@id":"https:\/\/www.autocritica.ro\/en\/#website"},"primaryImageOfPage":{"@id":"https:\/\/www.autocritica.ro\/en\/live-news\/bmw-ix3-cu-ampatament-lung-versiune-pentru-pietele-asiatice\/#primaryimage"},"image":{"@id":"https:\/\/www.autocritica.ro\/en\/live-news\/bmw-ix3-cu-ampatament-lung-versiune-pentru-pietele-asiatice\/#primaryimage"},"thumbnailUrl":"https:\/\/www.autocritica.ro\/wp-content\/uploads\/2026\/01\/P90628331_highRes_bmw-ix3-lwb-prototyp-scaled.jpg","datePublished":"2026-01-22T10:16:22+00:00","dateModified":"2026-01-22T10:16:39+00:00","breadcrumb":{"@id":"https:\/\/www.autocritica.ro\/en\/live-news\/bmw-ix3-cu-ampatament-lung-versiune-pentru-pietele-asiatice\/#breadcrumb"},"inLanguage":"en-US","potentialAction":[{"@type":"ReadAction","target":["https:\/\/www.autocritica.ro\/en\/live-news\/bmw-ix3-cu-ampatament-lung-versiune-pentru-pietele-asiatice\/"]}]},{"@type":"ImageObject","inLanguage":"en-US","@id":"https:\/\/www.autocritica.ro\/en\/live-news\/bmw-ix3-cu-ampatament-lung-versiune-pentru-pietele-asiatice\/#primaryimage","url":"https:\/\/www.autocritica.ro\/wp-content\/uploads\/2026\/01\/P90628331_highRes_bmw-ix3-lwb-prototyp-scaled.jpg","contentUrl":"https:\/\/www.autocritica.ro\/wp-content\/uploads\/2026\/01\/P90628331_highRes_bmw-ix3-lwb-prototyp-scaled.jpg","width":2560,"height":1707},{"@type":"BreadcrumbList","@id":"https:\/\/www.autocritica.ro\/en\/live-news\/bmw-ix3-cu-ampatament-lung-versiune-pentru-pietele-asiatice\/#breadcrumb","itemListElement":[{"@type":"ListItem","position":1,"name":"Home","item":"https:\/\/www.autocritica.ro\/en\/"},{"@type":"ListItem","position":2,"name":"Live News","item":"https:\/\/www.autocritica.ro\/en\/live-news\/"},{"@type":"ListItem","position":3,"name":"BMW iX3 cu ampatament lung: versiune pentru pie\u021bele asiatice"}]},{"@type":"WebSite","@id":"https:\/\/www.autocritica.ro\/en\/#website","url":"https:\/\/www.autocritica.ro\/en\/","name":"Autocritica","description":"","publisher":{"@id":"https:\/\/www.autocritica.ro\/en\/#organization"},"potentialAction":[{"@type":"SearchAction","target":{"@type":"EntryPoint","urlTemplate":"https:\/\/www.autocritica.ro\/en\/?s={search_term_string}"},"query-input":{"@type":"PropertyValueSpecification","valueRequired":true,"valueName":"search_term_string"}}],"inLanguage":"en-US"},{"@type":"Organization","@id":"https:\/\/www.autocritica.ro\/en\/#organization","name":"Autocritica","url":"https:\/\/www.autocritica.ro\/en\/","logo":{"@type":"ImageObject","inLanguage":"en-US","@id":"https:\/\/www.autocritica.ro\/en\/#\/schema\/logo\/image\/","url":"https:\/\/www.autocritica.ro\/wp-content\/uploads\/2020\/12\/logo-negru.png","contentUrl":"https:\/\/www.autocritica.ro\/wp-content\/uploads\/2020\/12\/logo-negru.png","width":300,"height":102,"caption":"Autocritica"},"image":{"@id":"https:\/\/www.autocritica.ro\/en\/#\/schema\/logo\/image\/"},"sameAs":["https:\/\/www.facebook.com\/autocritica.ro","https:\/\/www.instagram.com\/autocritica.ro\/"]}]}},"_links":{"self":[{"href":"https:\/\/www.autocritica.ro\/en\/wp-json\/wp\/v2\/live-news\/269079","targetHints":{"allow":["GET"]}}],"collection":[{"href":"https:\/\/www.autocritica.ro\/en\/wp-json\/wp\/v2\/live-news"}],"about":[{"href":"https:\/\/www.autocritica.ro\/en\/wp-json\/wp\/v2\/types\/live-news"}],"author":[{"embeddable":true,"href":"https:\/\/www.autocritica.ro\/en\/wp-json\/wp\/v2\/users\/4"}],"replies":[{"embeddable":true,"href":"https:\/\/www.autocritica.ro\/en\/wp-json\/wp\/v2\/comments?post=269079"}],"version-history":[{"count":3,"href":"https:\/\/www.autocritica.ro\/en\/wp-json\/wp\/v2\/live-news\/269079\/revisions"}],"predecessor-version":[{"id":269084,"href":"https:\/\/www.autocritica.ro\/en\/wp-json\/wp\/v2\/live-news\/269079\/revisions\/269084"}],"wp:featuredmedia":[{"embeddable":true,"href":"https:\/\/www.autocritica.ro\/en\/wp-json\/wp\/v2\/media\/269081"}],"wp:attachment":[{"href":"https:\/\/www.autocritica.ro\/en\/wp-json\/wp\/v2\/media?parent=269079"}],"wp:term":[{"taxonomy":"post_tag","embeddable":true,"href":"https:\/\/www.autocritica.ro\/en\/wp-json\/wp\/v2\/tags?post=269079"}],"curies":[{"name":"wp","href":"https:\/\/api.w.org\/{rel}","templated":true}]}}