{"id":269004,"date":"2026-01-21T20:34:18","date_gmt":"2026-01-21T17:34:18","guid":{"rendered":"https:\/\/www.autocritica.ro\/?post_type=live-news&#038;p=269004"},"modified":"2026-01-21T20:37:51","modified_gmt":"2026-01-21T17:37:51","slug":"noul-suv-electric-volvo-ex60-versiune-cu-680-cp-si-autonomie-maxima-de-pana-la-810-km","status":"publish","type":"live-news","link":"https:\/\/www.autocritica.ro\/en\/live-news\/noul-suv-electric-volvo-ex60-versiune-cu-680-cp-si-autonomie-maxima-de-pana-la-810-km\/","title":{"rendered":"Noul SUV electric Volvo EX60: versiune cu 680 CP \u0219i autonomie maxim\u0103 de p\u00e2n\u0103 la 810 km"},"content":{"rendered":"\n<p>\u2022 Volvo a lansat noul EX60, un alter ego electric al lui XC60, cel mai bine v\u00e2ndut model al m\u0103rcii.\u00a0<\/p>\n\n\n\n<p>\u2022 Dimensiuni: 4803 mm lungime, 1899 mm l\u0103\u021bime, 1639 de mm \u00een\u0103l\u021bime \u0219i ampatament de 2970 de mm. Volumul portbagajului variaz\u0103 \u00eentre 523 de litri \u0219i 1.647 de litri. \u00cen partea din fa\u021b\u0103 exist\u0103 un frunk cu un volum de 85 de litri.\u00a0<\/p>\n\n\n\n<p>\u2022 Exteriorul lui EX60 se \u00eenscrie \u00een actuala linie de design a m\u0103rcii \u0219i cizeleaz\u0103 din punct de vedere aerodinamic stilul lui XC60. \u00cen premier\u0103, Volvo introduce un nou sistem pentru deschiderea u\u0219ilor, cu m\u00e2nere discrete pozi\u021bionate pe marginea superioar\u0103 a portierelor.<\/p>\n\n\n\n<p>\u2022 Interiorul lui EX60 mizeaz\u0103 \u0219i el pe filozofia minimalist\u0103 cu care ne-a obi\u0219nuit constructorul. Spre deosebire de restul electricelor din gam\u0103, EX60 are un volan nou, iar ecranul central a fost pozi\u021bionat landscape. Instrumentarul de bord este digital \u0219i similar cu cel \u00eent\u00e2lnit, de exemplu, pe EX90.\u00a0<\/p>\n\n\n\n<p>\u2022 Tunelul median dintre \u0219ofer \u0219i pasagerul din dreapta aproape c\u0103 a disp\u0103rut, zona fiind transformat\u0103 \u00eentr-un spa\u021biu generos pentru depozitarea obiectelor. Suporturile de pahare au fost integrate pe un mecanism care culiseaz\u0103, \u00eentr-un stil asem\u0103n\u0103tor celui prezent pe mezinul EX30.\u00a0<\/p>\n\n\n\n<p>\u2022 Odat\u0103 cu EX60, Volvo introduce \u00een sistemul de infotaintment asistentul AI Gemini (dezvoltat de Google). Spre exemplu, asistentul va putea c\u0103uta adresa unui hotel \u00een emailul \u0219oferului, va putea oferi idei de vacan\u021be sau \u00eei va putea spune dac\u0103 produsele pe care le-a comandat \u00eencap sau nu \u00een portbagajul lui EX60.\u00a0<\/p>\n\n\n\n<p>\u2022 Noul SUV electric va fi primul din gama Volvo care va avea pre-instalat\u0103 aplica\u021bia Apple Music. Sistemul audio de top va fi semnat de Bowers &amp; Wilkins \u0219i va avea 28 de incinte. \u00cen premier\u0103, EX60 va integra difuzoare \u00een toate tetierele scaunele (sigura excep\u021bia va fi tetiera locului din mijloc de pe bancheta din spate).\u00a0<\/p>\n\n\n\n<p>\u2022 Volvo EX60 are la baz\u0103 noua platform\u0103 la 800V denumit\u0103 SPA3.<\/p>\n\n\n\n<p>\u2022 Volvo EX60 va fi disponibil cu trei motoriz\u0103ri:<\/p>\n\n\n\n<ul class=\"wp-block-list\">\n<li>Single Engine: un singur motor electric, ro\u021bi motrice spa\u021be, 374 de cai-putere, baterie de 80 kWh (net), \u00eenc\u0103rcare cu 320 kW \u0219i autonomie maxim\u0103 WLTP de 620 de kilometri<\/li>\n\n\n\n<li>Twin Engine: dou\u0103 motoare electrice (c\u00e2te unul pe fiecare punte), 510 de cai-putere, baterie de 91 kWh (net), \u00eenc\u0103rcare cu 370 kW \u0219i autonomie maxim\u0103 WLTP de 660 km<\/li>\n\n\n\n<li>Twin Engine Performance: dou\u0103 motoare electrice, 680 CP, baterie de 112 kWh (net), \u00eenc\u0103rcare cu 370 kW \u0219i autonomie maxim\u0103 de p\u00e2n\u0103 la 810 kilometri<\/li>\n<\/ul>\n\n\n\n<p>\u2022 La sta\u021bii AC, EX60 se va \u00eenc\u0103rca cu 22 kW. La sta\u021bii DC, pentru o \u00eenc\u0103rcare de la 10 la 80%, timpul necesar este de 18 minute pentru primele dou\u0103 variante, respectiv 19 minute pentru v\u00e2rful de gam\u0103.\u00a0<\/p>\n\n\n\n<p>\u2022 Trei versiuni de echipare: Core (va fi introdus\u0103 ceva mai t\u00e2rziu \u00een gam\u0103), Plus \u0219i Ultra.\u00a0<\/p>\n\n\n\n<p>\u2022 Pre\u021burile noului EX60 pe pia\u021ba din Rom\u00e2nia:<\/p>\n\n\n\n<ul class=\"wp-block-list\">\n<li>Single Engine: de la 63.120 de euro pentru Plus, respectiv 70.020 de euro pentru Ultra<\/li>\n\n\n\n<li>Twin Engine: de la 66.150 de euro pentru echiparea Plus, respectiv 73.050 de euro pentru echiparea Ultra<\/li>\n\n\n\n<li>Twin Engine Performance: de la 72.200 de euro pentru Plus, respectiv 79.100 de euro pentru Ultra.\u00a0<\/li>\n<\/ul>\n\n\n\n<p>\u2022 De asemenea, noul EX60 va fi disponibil \u0219i \u00een versiune Cross Country: gard\u0103 la sol mai mare cu 20 de mm (+ al\u021bi 20 mm \u00een cazul variantelor cu suspensie pneumatic\u0103), pachet exterior special, culoare nou\u0103 de caroserie (Frost Green).\u00a0<\/p>\n\n\n\n<p>\u2022 Pachetul de siguran\u021b\u0103 va include, printre altele, urm\u0103toarele: sistemul Driver Understanding (monitorizarea aten\u021biei \u0219oferului concomitent cu activarea unor sisteme suport \u00een func\u021bie de nivelul acestuia de oboseal\u0103\/neaten\u021bie), un sistem capabil s\u0103 detecteze chiar \u0219i cele mai fine mi\u0219c\u0103ri (poate monitoriza chiar \u0219i respira\u021bia unor bebelu\u0219i) astfel \u00eenc\u00e2t nimeni s\u0103 nu fie uitat\/l\u0103sat \u00een ma\u0219in\u0103, centura de siguran\u021b\u0103 adaptiv\u0103 (poate regla tensiunea de str\u00e2ngere pe baza unor informa\u021bii primite de la senzorii ma\u0219inii \u0219i \u00een func\u021bie de corpul celui prezent pe scaun) \u0219i Navi Pilot Assist, un cruise control adaptiv capabil s\u0103 vireze \u0219i s\u0103 asiste schimbarea benzilor pe autostrad\u0103 la viteze de p\u00e2n\u0103 la 130 km\/h.\u00a0<\/p>\n\n\n\n<figure class=\"wp-block-gallery has-nested-images columns-default is-cropped wp-block-gallery-1 is-layout-flex wp-block-gallery-is-layout-flex\">\n<figure class=\"wp-block-image size-large\"><a href=\"https:\/\/www.autocritica.ro\/wp-content\/uploads\/2026\/01\/volvo-ex60-electric-2.jpg\" data-lbwps-width=\"2800\" data-lbwps-height=\"2100\" data-lbwps-srcsmall=\"https:\/\/www.autocritica.ro\/wp-content\/uploads\/2026\/01\/volvo-ex60-electric-2-300x225.jpg\"><img loading=\"lazy\" decoding=\"async\" width=\"1024\" height=\"768\" data-id=\"269007\" src=\"https:\/\/www.autocritica.ro\/wp-content\/uploads\/2026\/01\/volvo-ex60-electric-2-1024x768.jpg\" alt=\"\" class=\"wp-image-269007\" srcset=\"https:\/\/www.autocritica.ro\/wp-content\/uploads\/2026\/01\/volvo-ex60-electric-2-1024x768.jpg 1024w, https:\/\/www.autocritica.ro\/wp-content\/uploads\/2026\/01\/volvo-ex60-electric-2-300x225.jpg 300w, https:\/\/www.autocritica.ro\/wp-content\/uploads\/2026\/01\/volvo-ex60-electric-2-768x576.jpg 768w, https:\/\/www.autocritica.ro\/wp-content\/uploads\/2026\/01\/volvo-ex60-electric-2-1536x1152.jpg 1536w, https:\/\/www.autocritica.ro\/wp-content\/uploads\/2026\/01\/volvo-ex60-electric-2-2048x1536.jpg 2048w\" sizes=\"auto, (max-width: 1024px) 100vw, 1024px\" \/><\/a><\/figure>\n\n\n\n<figure class=\"wp-block-image size-large\"><a href=\"https:\/\/www.autocritica.ro\/wp-content\/uploads\/2026\/01\/volvo-ex60-electric-3.jpg\" data-lbwps-width=\"2800\" data-lbwps-height=\"2100\" data-lbwps-srcsmall=\"https:\/\/www.autocritica.ro\/wp-content\/uploads\/2026\/01\/volvo-ex60-electric-3-300x225.jpg\"><img loading=\"lazy\" decoding=\"async\" width=\"1024\" height=\"768\" data-id=\"269011\" src=\"https:\/\/www.autocritica.ro\/wp-content\/uploads\/2026\/01\/volvo-ex60-electric-3-1024x768.jpg\" alt=\"\" class=\"wp-image-269011\" srcset=\"https:\/\/www.autocritica.ro\/wp-content\/uploads\/2026\/01\/volvo-ex60-electric-3-1024x768.jpg 1024w, https:\/\/www.autocritica.ro\/wp-content\/uploads\/2026\/01\/volvo-ex60-electric-3-300x225.jpg 300w, https:\/\/www.autocritica.ro\/wp-content\/uploads\/2026\/01\/volvo-ex60-electric-3-768x576.jpg 768w, https:\/\/www.autocritica.ro\/wp-content\/uploads\/2026\/01\/volvo-ex60-electric-3-1536x1152.jpg 1536w, https:\/\/www.autocritica.ro\/wp-content\/uploads\/2026\/01\/volvo-ex60-electric-3-2048x1536.jpg 2048w\" sizes=\"auto, (max-width: 1024px) 100vw, 1024px\" \/><\/a><\/figure>\n\n\n\n<figure class=\"wp-block-image size-large\"><a href=\"https:\/\/www.autocritica.ro\/wp-content\/uploads\/2026\/01\/volvo-ex60-electric-7.jpg\" data-lbwps-width=\"2800\" data-lbwps-height=\"2100\" data-lbwps-srcsmall=\"https:\/\/www.autocritica.ro\/wp-content\/uploads\/2026\/01\/volvo-ex60-electric-7-300x225.jpg\"><img loading=\"lazy\" decoding=\"async\" width=\"1024\" height=\"768\" data-id=\"269015\" src=\"https:\/\/www.autocritica.ro\/wp-content\/uploads\/2026\/01\/volvo-ex60-electric-7-1024x768.jpg\" alt=\"\" class=\"wp-image-269015\" srcset=\"https:\/\/www.autocritica.ro\/wp-content\/uploads\/2026\/01\/volvo-ex60-electric-7-1024x768.jpg 1024w, https:\/\/www.autocritica.ro\/wp-content\/uploads\/2026\/01\/volvo-ex60-electric-7-300x225.jpg 300w, https:\/\/www.autocritica.ro\/wp-content\/uploads\/2026\/01\/volvo-ex60-electric-7-768x576.jpg 768w, https:\/\/www.autocritica.ro\/wp-content\/uploads\/2026\/01\/volvo-ex60-electric-7-1536x1152.jpg 1536w, https:\/\/www.autocritica.ro\/wp-content\/uploads\/2026\/01\/volvo-ex60-electric-7-2048x1536.jpg 2048w\" sizes=\"auto, (max-width: 1024px) 100vw, 1024px\" \/><\/a><\/figure>\n\n\n\n<figure class=\"wp-block-image size-large\"><a href=\"https:\/\/www.autocritica.ro\/wp-content\/uploads\/2026\/01\/volvo-ex60-electric-4.jpg\" data-lbwps-width=\"2800\" data-lbwps-height=\"2100\" data-lbwps-srcsmall=\"https:\/\/www.autocritica.ro\/wp-content\/uploads\/2026\/01\/volvo-ex60-electric-4-300x225.jpg\"><img loading=\"lazy\" decoding=\"async\" width=\"1024\" height=\"768\" data-id=\"269019\" src=\"https:\/\/www.autocritica.ro\/wp-content\/uploads\/2026\/01\/volvo-ex60-electric-4-1024x768.jpg\" alt=\"\" class=\"wp-image-269019\" srcset=\"https:\/\/www.autocritica.ro\/wp-content\/uploads\/2026\/01\/volvo-ex60-electric-4-1024x768.jpg 1024w, https:\/\/www.autocritica.ro\/wp-content\/uploads\/2026\/01\/volvo-ex60-electric-4-300x225.jpg 300w, https:\/\/www.autocritica.ro\/wp-content\/uploads\/2026\/01\/volvo-ex60-electric-4-768x576.jpg 768w, https:\/\/www.autocritica.ro\/wp-content\/uploads\/2026\/01\/volvo-ex60-electric-4-1536x1152.jpg 1536w, https:\/\/www.autocritica.ro\/wp-content\/uploads\/2026\/01\/volvo-ex60-electric-4-2048x1536.jpg 2048w\" sizes=\"auto, (max-width: 1024px) 100vw, 1024px\" \/><\/a><\/figure>\n\n\n\n<figure class=\"wp-block-image size-large\"><a href=\"https:\/\/www.autocritica.ro\/wp-content\/uploads\/2026\/01\/volvo-ex60-electric-26.jpg\" data-lbwps-width=\"2800\" data-lbwps-height=\"2100\" data-lbwps-srcsmall=\"https:\/\/www.autocritica.ro\/wp-content\/uploads\/2026\/01\/volvo-ex60-electric-26-300x225.jpg\"><img loading=\"lazy\" decoding=\"async\" width=\"1024\" height=\"768\" data-id=\"269018\" src=\"https:\/\/www.autocritica.ro\/wp-content\/uploads\/2026\/01\/volvo-ex60-electric-26-1024x768.jpg\" alt=\"\" class=\"wp-image-269018\" srcset=\"https:\/\/www.autocritica.ro\/wp-content\/uploads\/2026\/01\/volvo-ex60-electric-26-1024x768.jpg 1024w, https:\/\/www.autocritica.ro\/wp-content\/uploads\/2026\/01\/volvo-ex60-electric-26-300x225.jpg 300w, https:\/\/www.autocritica.ro\/wp-content\/uploads\/2026\/01\/volvo-ex60-electric-26-768x576.jpg 768w, https:\/\/www.autocritica.ro\/wp-content\/uploads\/2026\/01\/volvo-ex60-electric-26-1536x1152.jpg 1536w, https:\/\/www.autocritica.ro\/wp-content\/uploads\/2026\/01\/volvo-ex60-electric-26-2048x1536.jpg 2048w\" sizes=\"auto, (max-width: 1024px) 100vw, 1024px\" \/><\/a><\/figure>\n\n\n\n<figure class=\"wp-block-image size-large\"><a href=\"https:\/\/www.autocritica.ro\/wp-content\/uploads\/2026\/01\/volvo-ex60-electric-18.jpg\" data-lbwps-width=\"2800\" data-lbwps-height=\"2100\" data-lbwps-srcsmall=\"https:\/\/www.autocritica.ro\/wp-content\/uploads\/2026\/01\/volvo-ex60-electric-18-300x225.jpg\"><img loading=\"lazy\" decoding=\"async\" width=\"1024\" height=\"768\" data-id=\"269008\" src=\"https:\/\/www.autocritica.ro\/wp-content\/uploads\/2026\/01\/volvo-ex60-electric-18-1024x768.jpg\" alt=\"\" class=\"wp-image-269008\" srcset=\"https:\/\/www.autocritica.ro\/wp-content\/uploads\/2026\/01\/volvo-ex60-electric-18-1024x768.jpg 1024w, https:\/\/www.autocritica.ro\/wp-content\/uploads\/2026\/01\/volvo-ex60-electric-18-300x225.jpg 300w, https:\/\/www.autocritica.ro\/wp-content\/uploads\/2026\/01\/volvo-ex60-electric-18-768x576.jpg 768w, https:\/\/www.autocritica.ro\/wp-content\/uploads\/2026\/01\/volvo-ex60-electric-18-1536x1152.jpg 1536w, https:\/\/www.autocritica.ro\/wp-content\/uploads\/2026\/01\/volvo-ex60-electric-18-2048x1536.jpg 2048w\" sizes=\"auto, (max-width: 1024px) 100vw, 1024px\" \/><\/a><\/figure>\n\n\n\n<figure class=\"wp-block-image size-large\"><a href=\"https:\/\/www.autocritica.ro\/wp-content\/uploads\/2026\/01\/volvo-ex60-electric-15.jpg\" data-lbwps-width=\"2800\" data-lbwps-height=\"2100\" data-lbwps-srcsmall=\"https:\/\/www.autocritica.ro\/wp-content\/uploads\/2026\/01\/volvo-ex60-electric-15-300x225.jpg\"><img loading=\"lazy\" decoding=\"async\" width=\"1024\" height=\"768\" data-id=\"269020\" src=\"https:\/\/www.autocritica.ro\/wp-content\/uploads\/2026\/01\/volvo-ex60-electric-15-1024x768.jpg\" alt=\"\" class=\"wp-image-269020\" srcset=\"https:\/\/www.autocritica.ro\/wp-content\/uploads\/2026\/01\/volvo-ex60-electric-15-1024x768.jpg 1024w, https:\/\/www.autocritica.ro\/wp-content\/uploads\/2026\/01\/volvo-ex60-electric-15-300x225.jpg 300w, https:\/\/www.autocritica.ro\/wp-content\/uploads\/2026\/01\/volvo-ex60-electric-15-768x576.jpg 768w, https:\/\/www.autocritica.ro\/wp-content\/uploads\/2026\/01\/volvo-ex60-electric-15-1536x1152.jpg 1536w, https:\/\/www.autocritica.ro\/wp-content\/uploads\/2026\/01\/volvo-ex60-electric-15-2048x1536.jpg 2048w\" sizes=\"auto, (max-width: 1024px) 100vw, 1024px\" \/><\/a><\/figure>\n\n\n\n<figure class=\"wp-block-image size-large\"><a href=\"https:\/\/www.autocritica.ro\/wp-content\/uploads\/2026\/01\/volvo-ex60-electric-31.jpg\" data-lbwps-width=\"2800\" data-lbwps-height=\"2100\" data-lbwps-srcsmall=\"https:\/\/www.autocritica.ro\/wp-content\/uploads\/2026\/01\/volvo-ex60-electric-31-300x225.jpg\"><img loading=\"lazy\" decoding=\"async\" width=\"1024\" height=\"768\" data-id=\"269023\" src=\"https:\/\/www.autocritica.ro\/wp-content\/uploads\/2026\/01\/volvo-ex60-electric-31-1024x768.jpg\" alt=\"\" class=\"wp-image-269023\" srcset=\"https:\/\/www.autocritica.ro\/wp-content\/uploads\/2026\/01\/volvo-ex60-electric-31-1024x768.jpg 1024w, https:\/\/www.autocritica.ro\/wp-content\/uploads\/2026\/01\/volvo-ex60-electric-31-300x225.jpg 300w, https:\/\/www.autocritica.ro\/wp-content\/uploads\/2026\/01\/volvo-ex60-electric-31-768x576.jpg 768w, https:\/\/www.autocritica.ro\/wp-content\/uploads\/2026\/01\/volvo-ex60-electric-31-1536x1152.jpg 1536w, https:\/\/www.autocritica.ro\/wp-content\/uploads\/2026\/01\/volvo-ex60-electric-31-2048x1536.jpg 2048w\" sizes=\"auto, (max-width: 1024px) 100vw, 1024px\" \/><\/a><\/figure>\n\n\n\n<figure class=\"wp-block-image size-large\"><a href=\"https:\/\/www.autocritica.ro\/wp-content\/uploads\/2026\/01\/volvo-ex60-electric-27.jpg\" data-lbwps-width=\"2800\" data-lbwps-height=\"2100\" data-lbwps-srcsmall=\"https:\/\/www.autocritica.ro\/wp-content\/uploads\/2026\/01\/volvo-ex60-electric-27-300x225.jpg\"><img loading=\"lazy\" decoding=\"async\" width=\"1024\" height=\"768\" data-id=\"269026\" src=\"https:\/\/www.autocritica.ro\/wp-content\/uploads\/2026\/01\/volvo-ex60-electric-27-1024x768.jpg\" alt=\"\" class=\"wp-image-269026\" srcset=\"https:\/\/www.autocritica.ro\/wp-content\/uploads\/2026\/01\/volvo-ex60-electric-27-1024x768.jpg 1024w, https:\/\/www.autocritica.ro\/wp-content\/uploads\/2026\/01\/volvo-ex60-electric-27-300x225.jpg 300w, https:\/\/www.autocritica.ro\/wp-content\/uploads\/2026\/01\/volvo-ex60-electric-27-768x576.jpg 768w, https:\/\/www.autocritica.ro\/wp-content\/uploads\/2026\/01\/volvo-ex60-electric-27-1536x1152.jpg 1536w, https:\/\/www.autocritica.ro\/wp-content\/uploads\/2026\/01\/volvo-ex60-electric-27-2048x1536.jpg 2048w\" sizes=\"auto, (max-width: 1024px) 100vw, 1024px\" \/><\/a><\/figure>\n\n\n\n<figure class=\"wp-block-image size-large\"><a href=\"https:\/\/www.autocritica.ro\/wp-content\/uploads\/2026\/01\/volvo-ex60-electric-29.jpg\" data-lbwps-width=\"2800\" data-lbwps-height=\"2100\" data-lbwps-srcsmall=\"https:\/\/www.autocritica.ro\/wp-content\/uploads\/2026\/01\/volvo-ex60-electric-29-300x225.jpg\"><img loading=\"lazy\" decoding=\"async\" width=\"1024\" height=\"768\" data-id=\"269032\" src=\"https:\/\/www.autocritica.ro\/wp-content\/uploads\/2026\/01\/volvo-ex60-electric-29-1024x768.jpg\" alt=\"\" class=\"wp-image-269032\" srcset=\"https:\/\/www.autocritica.ro\/wp-content\/uploads\/2026\/01\/volvo-ex60-electric-29-1024x768.jpg 1024w, https:\/\/www.autocritica.ro\/wp-content\/uploads\/2026\/01\/volvo-ex60-electric-29-300x225.jpg 300w, https:\/\/www.autocritica.ro\/wp-content\/uploads\/2026\/01\/volvo-ex60-electric-29-768x576.jpg 768w\" sizes=\"auto, (max-width: 1024px) 100vw, 1024px\" \/><\/a><\/figure>\n\n\n\n<figure class=\"wp-block-image size-large\"><a href=\"https:\/\/www.autocritica.ro\/wp-content\/uploads\/2026\/01\/volvo-ex60-electric-32.jpg\" data-lbwps-width=\"2800\" data-lbwps-height=\"2100\" data-lbwps-srcsmall=\"https:\/\/www.autocritica.ro\/wp-content\/uploads\/2026\/01\/volvo-ex60-electric-32-300x225.jpg\"><img loading=\"lazy\" decoding=\"async\" width=\"1024\" height=\"768\" data-id=\"269036\" src=\"https:\/\/www.autocritica.ro\/wp-content\/uploads\/2026\/01\/volvo-ex60-electric-32-1024x768.jpg\" alt=\"\" class=\"wp-image-269036\" srcset=\"https:\/\/www.autocritica.ro\/wp-content\/uploads\/2026\/01\/volvo-ex60-electric-32-1024x768.jpg 1024w, https:\/\/www.autocritica.ro\/wp-content\/uploads\/2026\/01\/volvo-ex60-electric-32-300x225.jpg 300w\" sizes=\"auto, (max-width: 1024px) 100vw, 1024px\" \/><\/a><\/figure>\n\n\n\n<figure class=\"wp-block-image size-large\"><a href=\"https:\/\/www.autocritica.ro\/wp-content\/uploads\/2026\/01\/volvo-ex60-electric-35.jpg\" data-lbwps-width=\"2800\" data-lbwps-height=\"2100\" data-lbwps-srcsmall=\"https:\/\/www.autocritica.ro\/wp-content\/uploads\/2026\/01\/volvo-ex60-electric-35-300x225.jpg\"><img loading=\"lazy\" decoding=\"async\" width=\"1024\" height=\"768\" data-id=\"269038\" src=\"https:\/\/www.autocritica.ro\/wp-content\/uploads\/2026\/01\/volvo-ex60-electric-35-1024x768.jpg\" alt=\"\" class=\"wp-image-269038\" srcset=\"https:\/\/www.autocritica.ro\/wp-content\/uploads\/2026\/01\/volvo-ex60-electric-35-1024x768.jpg 1024w, https:\/\/www.autocritica.ro\/wp-content\/uploads\/2026\/01\/volvo-ex60-electric-35-300x225.jpg 300w\" sizes=\"auto, (max-width: 1024px) 100vw, 1024px\" \/><\/a><\/figure>\n<\/figure>\n\n\n\n<figure class=\"wp-block-gallery has-nested-images columns-default is-cropped wp-block-gallery-2 is-layout-flex wp-block-gallery-is-layout-flex\">\n<figure class=\"wp-block-image size-large\"><a href=\"https:\/\/www.autocritica.ro\/wp-content\/uploads\/2026\/01\/volvo-ex60-cross-country-electric-1.jpg\" data-lbwps-width=\"2800\" data-lbwps-height=\"2128\" data-lbwps-srcsmall=\"https:\/\/www.autocritica.ro\/wp-content\/uploads\/2026\/01\/volvo-ex60-cross-country-electric-1-300x228.jpg\"><img loading=\"lazy\" decoding=\"async\" width=\"1024\" height=\"778\" data-id=\"269043\" src=\"https:\/\/www.autocritica.ro\/wp-content\/uploads\/2026\/01\/volvo-ex60-cross-country-electric-1-1024x778.jpg\" alt=\"\" class=\"wp-image-269043\" srcset=\"https:\/\/www.autocritica.ro\/wp-content\/uploads\/2026\/01\/volvo-ex60-cross-country-electric-1-1024x778.jpg 1024w, https:\/\/www.autocritica.ro\/wp-content\/uploads\/2026\/01\/volvo-ex60-cross-country-electric-1-300x228.jpg 300w, https:\/\/www.autocritica.ro\/wp-content\/uploads\/2026\/01\/volvo-ex60-cross-country-electric-1-768x584.jpg 768w, https:\/\/www.autocritica.ro\/wp-content\/uploads\/2026\/01\/volvo-ex60-cross-country-electric-1-1536x1167.jpg 1536w, https:\/\/www.autocritica.ro\/wp-content\/uploads\/2026\/01\/volvo-ex60-cross-country-electric-1-2048x1556.jpg 2048w\" sizes=\"auto, (max-width: 1024px) 100vw, 1024px\" \/><\/a><\/figure>\n\n\n\n<figure class=\"wp-block-image size-large\"><a href=\"https:\/\/www.autocritica.ro\/wp-content\/uploads\/2026\/01\/volvo-ex60-cross-country-electric-12.jpg\" data-lbwps-width=\"2800\" data-lbwps-height=\"2145\" data-lbwps-srcsmall=\"https:\/\/www.autocritica.ro\/wp-content\/uploads\/2026\/01\/volvo-ex60-cross-country-electric-12-300x230.jpg\"><img loading=\"lazy\" decoding=\"async\" width=\"1024\" height=\"784\" data-id=\"269053\" src=\"https:\/\/www.autocritica.ro\/wp-content\/uploads\/2026\/01\/volvo-ex60-cross-country-electric-12-1024x784.jpg\" alt=\"\" class=\"wp-image-269053\" srcset=\"https:\/\/www.autocritica.ro\/wp-content\/uploads\/2026\/01\/volvo-ex60-cross-country-electric-12-1024x784.jpg 1024w, https:\/\/www.autocritica.ro\/wp-content\/uploads\/2026\/01\/volvo-ex60-cross-country-electric-12-300x230.jpg 300w, https:\/\/www.autocritica.ro\/wp-content\/uploads\/2026\/01\/volvo-ex60-cross-country-electric-12-768x588.jpg 768w, https:\/\/www.autocritica.ro\/wp-content\/uploads\/2026\/01\/volvo-ex60-cross-country-electric-12-1536x1177.jpg 1536w, https:\/\/www.autocritica.ro\/wp-content\/uploads\/2026\/01\/volvo-ex60-cross-country-electric-12-2048x1569.jpg 2048w\" sizes=\"auto, (max-width: 1024px) 100vw, 1024px\" \/><\/a><\/figure>\n\n\n\n<figure class=\"wp-block-image size-large\"><a href=\"https:\/\/www.autocritica.ro\/wp-content\/uploads\/2026\/01\/volvo-ex60-cross-country-electric-2.jpg\" data-lbwps-width=\"2800\" data-lbwps-height=\"2100\" data-lbwps-srcsmall=\"https:\/\/www.autocritica.ro\/wp-content\/uploads\/2026\/01\/volvo-ex60-cross-country-electric-2-300x225.jpg\"><img loading=\"lazy\" decoding=\"async\" width=\"1024\" height=\"768\" data-id=\"269045\" src=\"https:\/\/www.autocritica.ro\/wp-content\/uploads\/2026\/01\/volvo-ex60-cross-country-electric-2-1024x768.jpg\" alt=\"\" class=\"wp-image-269045\" srcset=\"https:\/\/www.autocritica.ro\/wp-content\/uploads\/2026\/01\/volvo-ex60-cross-country-electric-2-1024x768.jpg 1024w, https:\/\/www.autocritica.ro\/wp-content\/uploads\/2026\/01\/volvo-ex60-cross-country-electric-2-300x225.jpg 300w, https:\/\/www.autocritica.ro\/wp-content\/uploads\/2026\/01\/volvo-ex60-cross-country-electric-2-768x576.jpg 768w, https:\/\/www.autocritica.ro\/wp-content\/uploads\/2026\/01\/volvo-ex60-cross-country-electric-2-1536x1152.jpg 1536w, https:\/\/www.autocritica.ro\/wp-content\/uploads\/2026\/01\/volvo-ex60-cross-country-electric-2-2048x1536.jpg 2048w\" sizes=\"auto, (max-width: 1024px) 100vw, 1024px\" \/><\/a><\/figure>\n\n\n\n<figure class=\"wp-block-image size-large\"><a href=\"https:\/\/www.autocritica.ro\/wp-content\/uploads\/2026\/01\/volvo-ex60-cross-country-electric-3.jpg\" data-lbwps-width=\"2800\" data-lbwps-height=\"2100\" data-lbwps-srcsmall=\"https:\/\/www.autocritica.ro\/wp-content\/uploads\/2026\/01\/volvo-ex60-cross-country-electric-3-300x225.jpg\"><img loading=\"lazy\" decoding=\"async\" width=\"1024\" height=\"768\" data-id=\"269047\" src=\"https:\/\/www.autocritica.ro\/wp-content\/uploads\/2026\/01\/volvo-ex60-cross-country-electric-3-1024x768.jpg\" alt=\"\" class=\"wp-image-269047\" srcset=\"https:\/\/www.autocritica.ro\/wp-content\/uploads\/2026\/01\/volvo-ex60-cross-country-electric-3-1024x768.jpg 1024w, https:\/\/www.autocritica.ro\/wp-content\/uploads\/2026\/01\/volvo-ex60-cross-country-electric-3-300x225.jpg 300w, https:\/\/www.autocritica.ro\/wp-content\/uploads\/2026\/01\/volvo-ex60-cross-country-electric-3-768x576.jpg 768w, https:\/\/www.autocritica.ro\/wp-content\/uploads\/2026\/01\/volvo-ex60-cross-country-electric-3-1536x1152.jpg 1536w, https:\/\/www.autocritica.ro\/wp-content\/uploads\/2026\/01\/volvo-ex60-cross-country-electric-3-2048x1536.jpg 2048w\" sizes=\"auto, (max-width: 1024px) 100vw, 1024px\" \/><\/a><\/figure>\n\n\n\n<figure class=\"wp-block-image size-large\"><a href=\"https:\/\/www.autocritica.ro\/wp-content\/uploads\/2026\/01\/volvo-ex60-cross-country-electric-4.jpg\" data-lbwps-width=\"2800\" data-lbwps-height=\"1778\" data-lbwps-srcsmall=\"https:\/\/www.autocritica.ro\/wp-content\/uploads\/2026\/01\/volvo-ex60-cross-country-electric-4-300x191.jpg\"><img loading=\"lazy\" decoding=\"async\" width=\"1024\" height=\"650\" data-id=\"269049\" src=\"https:\/\/www.autocritica.ro\/wp-content\/uploads\/2026\/01\/volvo-ex60-cross-country-electric-4-1024x650.jpg\" alt=\"\" class=\"wp-image-269049\" srcset=\"https:\/\/www.autocritica.ro\/wp-content\/uploads\/2026\/01\/volvo-ex60-cross-country-electric-4-1024x650.jpg 1024w, https:\/\/www.autocritica.ro\/wp-content\/uploads\/2026\/01\/volvo-ex60-cross-country-electric-4-300x191.jpg 300w, https:\/\/www.autocritica.ro\/wp-content\/uploads\/2026\/01\/volvo-ex60-cross-country-electric-4-768x488.jpg 768w, https:\/\/www.autocritica.ro\/wp-content\/uploads\/2026\/01\/volvo-ex60-cross-country-electric-4-1536x975.jpg 1536w, https:\/\/www.autocritica.ro\/wp-content\/uploads\/2026\/01\/volvo-ex60-cross-country-electric-4-2048x1300.jpg 2048w\" sizes=\"auto, (max-width: 1024px) 100vw, 1024px\" \/><\/a><\/figure>\n\n\n\n<figure class=\"wp-block-image size-large\"><a href=\"https:\/\/www.autocritica.ro\/wp-content\/uploads\/2026\/01\/volvo-ex60-cross-country-electric-7.jpg\" data-lbwps-width=\"2800\" data-lbwps-height=\"2100\" data-lbwps-srcsmall=\"https:\/\/www.autocritica.ro\/wp-content\/uploads\/2026\/01\/volvo-ex60-cross-country-electric-7-300x225.jpg\"><img loading=\"lazy\" decoding=\"async\" width=\"1024\" height=\"768\" data-id=\"269051\" src=\"https:\/\/www.autocritica.ro\/wp-content\/uploads\/2026\/01\/volvo-ex60-cross-country-electric-7-1024x768.jpg\" alt=\"\" class=\"wp-image-269051\" srcset=\"https:\/\/www.autocritica.ro\/wp-content\/uploads\/2026\/01\/volvo-ex60-cross-country-electric-7-1024x768.jpg 1024w, https:\/\/www.autocritica.ro\/wp-content\/uploads\/2026\/01\/volvo-ex60-cross-country-electric-7-300x225.jpg 300w, https:\/\/www.autocritica.ro\/wp-content\/uploads\/2026\/01\/volvo-ex60-cross-country-electric-7-768x576.jpg 768w, https:\/\/www.autocritica.ro\/wp-content\/uploads\/2026\/01\/volvo-ex60-cross-country-electric-7-1536x1152.jpg 1536w, https:\/\/www.autocritica.ro\/wp-content\/uploads\/2026\/01\/volvo-ex60-cross-country-electric-7-2048x1536.jpg 2048w\" sizes=\"auto, (max-width: 1024px) 100vw, 1024px\" \/><\/a><\/figure>\n\n\n\n<figure class=\"wp-block-image size-large\"><a href=\"https:\/\/www.autocritica.ro\/wp-content\/uploads\/2026\/01\/volvo-ex60-cross-country-electric-18.jpg\" data-lbwps-width=\"2800\" data-lbwps-height=\"2100\" data-lbwps-srcsmall=\"https:\/\/www.autocritica.ro\/wp-content\/uploads\/2026\/01\/volvo-ex60-cross-country-electric-18-300x225.jpg\"><img loading=\"lazy\" decoding=\"async\" width=\"1024\" height=\"768\" data-id=\"269055\" src=\"https:\/\/www.autocritica.ro\/wp-content\/uploads\/2026\/01\/volvo-ex60-cross-country-electric-18-1024x768.jpg\" alt=\"\" class=\"wp-image-269055\" srcset=\"https:\/\/www.autocritica.ro\/wp-content\/uploads\/2026\/01\/volvo-ex60-cross-country-electric-18-1024x768.jpg 1024w, https:\/\/www.autocritica.ro\/wp-content\/uploads\/2026\/01\/volvo-ex60-cross-country-electric-18-300x225.jpg 300w, https:\/\/www.autocritica.ro\/wp-content\/uploads\/2026\/01\/volvo-ex60-cross-country-electric-18-768x576.jpg 768w, https:\/\/www.autocritica.ro\/wp-content\/uploads\/2026\/01\/volvo-ex60-cross-country-electric-18-1536x1152.jpg 1536w, https:\/\/www.autocritica.ro\/wp-content\/uploads\/2026\/01\/volvo-ex60-cross-country-electric-18-2048x1536.jpg 2048w\" sizes=\"auto, (max-width: 1024px) 100vw, 1024px\" \/><\/a><\/figure>\n\n\n\n<figure class=\"wp-block-image size-large\"><a href=\"https:\/\/www.autocritica.ro\/wp-content\/uploads\/2026\/01\/volvo-ex60-cross-country-electric-19.jpg\" data-lbwps-width=\"2800\" data-lbwps-height=\"2100\" data-lbwps-srcsmall=\"https:\/\/www.autocritica.ro\/wp-content\/uploads\/2026\/01\/volvo-ex60-cross-country-electric-19-300x225.jpg\"><img loading=\"lazy\" decoding=\"async\" width=\"1024\" height=\"768\" data-id=\"269057\" src=\"https:\/\/www.autocritica.ro\/wp-content\/uploads\/2026\/01\/volvo-ex60-cross-country-electric-19-1024x768.jpg\" alt=\"\" class=\"wp-image-269057\" srcset=\"https:\/\/www.autocritica.ro\/wp-content\/uploads\/2026\/01\/volvo-ex60-cross-country-electric-19-1024x768.jpg 1024w, https:\/\/www.autocritica.ro\/wp-content\/uploads\/2026\/01\/volvo-ex60-cross-country-electric-19-300x225.jpg 300w, https:\/\/www.autocritica.ro\/wp-content\/uploads\/2026\/01\/volvo-ex60-cross-country-electric-19-768x576.jpg 768w, https:\/\/www.autocritica.ro\/wp-content\/uploads\/2026\/01\/volvo-ex60-cross-country-electric-19-1536x1152.jpg 1536w, https:\/\/www.autocritica.ro\/wp-content\/uploads\/2026\/01\/volvo-ex60-cross-country-electric-19-2048x1536.jpg 2048w\" sizes=\"auto, (max-width: 1024px) 100vw, 1024px\" \/><\/a><\/figure>\n\n\n\n<figure class=\"wp-block-image size-large\"><a href=\"https:\/\/www.autocritica.ro\/wp-content\/uploads\/2026\/01\/volvo-ex60-cross-country-electric-26.jpg\" data-lbwps-width=\"2800\" data-lbwps-height=\"2100\" data-lbwps-srcsmall=\"https:\/\/www.autocritica.ro\/wp-content\/uploads\/2026\/01\/volvo-ex60-cross-country-electric-26-300x225.jpg\"><img loading=\"lazy\" decoding=\"async\" width=\"1024\" height=\"768\" data-id=\"269059\" src=\"https:\/\/www.autocritica.ro\/wp-content\/uploads\/2026\/01\/volvo-ex60-cross-country-electric-26-1024x768.jpg\" alt=\"\" class=\"wp-image-269059\" srcset=\"https:\/\/www.autocritica.ro\/wp-content\/uploads\/2026\/01\/volvo-ex60-cross-country-electric-26-1024x768.jpg 1024w, https:\/\/www.autocritica.ro\/wp-content\/uploads\/2026\/01\/volvo-ex60-cross-country-electric-26-300x225.jpg 300w, https:\/\/www.autocritica.ro\/wp-content\/uploads\/2026\/01\/volvo-ex60-cross-country-electric-26-768x576.jpg 768w, https:\/\/www.autocritica.ro\/wp-content\/uploads\/2026\/01\/volvo-ex60-cross-country-electric-26-1536x1152.jpg 1536w, https:\/\/www.autocritica.ro\/wp-content\/uploads\/2026\/01\/volvo-ex60-cross-country-electric-26-2048x1536.jpg 2048w\" sizes=\"auto, (max-width: 1024px) 100vw, 1024px\" \/><\/a><\/figure>\n<\/figure>\n\n\n\n<p>\u2022 Via: Volvo<\/p>\n","protected":false},"author":4,"featured_media":269007,"comment_status":"closed","ping_status":"closed","template":"","meta":{"_acf_changed":false,"footnotes":""},"tags":[1008,84,5915],"class_list":["post-269004","live-news","type-live-news","status-publish","has-post-thumbnail","hentry","tag-masini-electrice","tag-volvo","tag-volvo-ex60"],"acf":[],"yoast_head":"<!-- This site is optimized with the Yoast SEO Premium plugin v27.5 (Yoast SEO v27.5) - https:\/\/yoast.com\/product\/yoast-seo-premium-wordpress\/ -->\n<title>Noul SUV electric Volvo EX60: versiune cu 680 CP \u0219i autonomie maxim\u0103 de p\u00e2n\u0103 la 810 km - Autocritica<\/title>\n<meta name=\"robots\" content=\"index, follow, max-snippet:-1, max-image-preview:large, max-video-preview:-1\" \/>\n<link rel=\"canonical\" href=\"https:\/\/www.autocritica.ro\/en\/live-news\/noul-suv-electric-volvo-ex60-versiune-cu-680-cp-si-autonomie-maxima-de-pana-la-810-km\/\" \/>\n<meta property=\"og:locale\" content=\"en_US\" \/>\n<meta property=\"og:type\" content=\"article\" \/>\n<meta property=\"og:title\" content=\"Noul SUV electric Volvo EX60: versiune cu 680 CP \u0219i autonomie maxim\u0103 de p\u00e2n\u0103 la 810 km\" \/>\n<meta property=\"og:description\" content=\"\u2022 Volvo a lansat noul EX60, un alter ego electric al lui XC60, cel mai bine v\u00e2ndut model al m\u0103rcii.\u00a0 \u2022 Dimensiuni: 4803 mm lungime, 1899 mm l\u0103\u021bime, 1639\" \/>\n<meta property=\"og:url\" content=\"https:\/\/www.autocritica.ro\/en\/live-news\/noul-suv-electric-volvo-ex60-versiune-cu-680-cp-si-autonomie-maxima-de-pana-la-810-km\/\" \/>\n<meta property=\"og:site_name\" content=\"Autocritica\" \/>\n<meta property=\"article:publisher\" content=\"https:\/\/www.facebook.com\/autocritica.ro\" \/>\n<meta property=\"article:modified_time\" content=\"2026-01-21T17:37:51+00:00\" \/>\n<meta property=\"og:image\" content=\"https:\/\/www.autocritica.ro\/wp-content\/uploads\/2026\/01\/volvo-ex60-electric-2-scaled.jpg\" \/>\n\t<meta property=\"og:image:width\" content=\"2560\" \/>\n\t<meta property=\"og:image:height\" content=\"1920\" \/>\n\t<meta property=\"og:image:type\" content=\"image\/jpeg\" \/>\n<meta name=\"twitter:card\" content=\"summary_large_image\" \/>\n<meta name=\"twitter:label1\" content=\"Est. reading time\" \/>\n\t<meta name=\"twitter:data1\" content=\"3 minutes\" \/>\n<script type=\"application\/ld+json\" class=\"yoast-schema-graph\">{\"@context\":\"https:\\\/\\\/schema.org\",\"@graph\":[{\"@type\":\"WebPage\",\"@id\":\"https:\\\/\\\/www.autocritica.ro\\\/en\\\/live-news\\\/noul-suv-electric-volvo-ex60-versiune-cu-680-cp-si-autonomie-maxima-de-pana-la-810-km\\\/\",\"url\":\"https:\\\/\\\/www.autocritica.ro\\\/en\\\/live-news\\\/noul-suv-electric-volvo-ex60-versiune-cu-680-cp-si-autonomie-maxima-de-pana-la-810-km\\\/\",\"name\":\"Noul SUV electric Volvo EX60: versiune cu 680 CP \u0219i autonomie maxim\u0103 de p\u00e2n\u0103 la 810 km - Autocritica\",\"isPartOf\":{\"@id\":\"https:\\\/\\\/www.autocritica.ro\\\/en\\\/#website\"},\"primaryImageOfPage\":{\"@id\":\"https:\\\/\\\/www.autocritica.ro\\\/en\\\/live-news\\\/noul-suv-electric-volvo-ex60-versiune-cu-680-cp-si-autonomie-maxima-de-pana-la-810-km\\\/#primaryimage\"},\"image\":{\"@id\":\"https:\\\/\\\/www.autocritica.ro\\\/en\\\/live-news\\\/noul-suv-electric-volvo-ex60-versiune-cu-680-cp-si-autonomie-maxima-de-pana-la-810-km\\\/#primaryimage\"},\"thumbnailUrl\":\"https:\\\/\\\/www.autocritica.ro\\\/wp-content\\\/uploads\\\/2026\\\/01\\\/volvo-ex60-electric-2-scaled.jpg\",\"datePublished\":\"2026-01-21T17:34:18+00:00\",\"dateModified\":\"2026-01-21T17:37:51+00:00\",\"breadcrumb\":{\"@id\":\"https:\\\/\\\/www.autocritica.ro\\\/en\\\/live-news\\\/noul-suv-electric-volvo-ex60-versiune-cu-680-cp-si-autonomie-maxima-de-pana-la-810-km\\\/#breadcrumb\"},\"inLanguage\":\"en-US\",\"potentialAction\":[{\"@type\":\"ReadAction\",\"target\":[\"https:\\\/\\\/www.autocritica.ro\\\/en\\\/live-news\\\/noul-suv-electric-volvo-ex60-versiune-cu-680-cp-si-autonomie-maxima-de-pana-la-810-km\\\/\"]}]},{\"@type\":\"ImageObject\",\"inLanguage\":\"en-US\",\"@id\":\"https:\\\/\\\/www.autocritica.ro\\\/en\\\/live-news\\\/noul-suv-electric-volvo-ex60-versiune-cu-680-cp-si-autonomie-maxima-de-pana-la-810-km\\\/#primaryimage\",\"url\":\"https:\\\/\\\/www.autocritica.ro\\\/wp-content\\\/uploads\\\/2026\\\/01\\\/volvo-ex60-electric-2-scaled.jpg\",\"contentUrl\":\"https:\\\/\\\/www.autocritica.ro\\\/wp-content\\\/uploads\\\/2026\\\/01\\\/volvo-ex60-electric-2-scaled.jpg\",\"width\":2560,\"height\":1920},{\"@type\":\"BreadcrumbList\",\"@id\":\"https:\\\/\\\/www.autocritica.ro\\\/en\\\/live-news\\\/noul-suv-electric-volvo-ex60-versiune-cu-680-cp-si-autonomie-maxima-de-pana-la-810-km\\\/#breadcrumb\",\"itemListElement\":[{\"@type\":\"ListItem\",\"position\":1,\"name\":\"Home\",\"item\":\"https:\\\/\\\/www.autocritica.ro\\\/en\\\/\"},{\"@type\":\"ListItem\",\"position\":2,\"name\":\"Live News\",\"item\":\"https:\\\/\\\/www.autocritica.ro\\\/en\\\/live-news\\\/\"},{\"@type\":\"ListItem\",\"position\":3,\"name\":\"Noul SUV electric Volvo EX60: versiune cu 680 CP \u0219i autonomie maxim\u0103 de p\u00e2n\u0103 la 810 km\"}]},{\"@type\":\"WebSite\",\"@id\":\"https:\\\/\\\/www.autocritica.ro\\\/en\\\/#website\",\"url\":\"https:\\\/\\\/www.autocritica.ro\\\/en\\\/\",\"name\":\"Autocritica\",\"description\":\"\",\"publisher\":{\"@id\":\"https:\\\/\\\/www.autocritica.ro\\\/en\\\/#organization\"},\"potentialAction\":[{\"@type\":\"SearchAction\",\"target\":{\"@type\":\"EntryPoint\",\"urlTemplate\":\"https:\\\/\\\/www.autocritica.ro\\\/en\\\/?s={search_term_string}\"},\"query-input\":{\"@type\":\"PropertyValueSpecification\",\"valueRequired\":true,\"valueName\":\"search_term_string\"}}],\"inLanguage\":\"en-US\"},{\"@type\":\"Organization\",\"@id\":\"https:\\\/\\\/www.autocritica.ro\\\/en\\\/#organization\",\"name\":\"Autocritica\",\"url\":\"https:\\\/\\\/www.autocritica.ro\\\/en\\\/\",\"logo\":{\"@type\":\"ImageObject\",\"inLanguage\":\"en-US\",\"@id\":\"https:\\\/\\\/www.autocritica.ro\\\/en\\\/#\\\/schema\\\/logo\\\/image\\\/\",\"url\":\"https:\\\/\\\/www.autocritica.ro\\\/wp-content\\\/uploads\\\/2020\\\/12\\\/logo-negru.png\",\"contentUrl\":\"https:\\\/\\\/www.autocritica.ro\\\/wp-content\\\/uploads\\\/2020\\\/12\\\/logo-negru.png\",\"width\":300,\"height\":102,\"caption\":\"Autocritica\"},\"image\":{\"@id\":\"https:\\\/\\\/www.autocritica.ro\\\/en\\\/#\\\/schema\\\/logo\\\/image\\\/\"},\"sameAs\":[\"https:\\\/\\\/www.facebook.com\\\/autocritica.ro\",\"https:\\\/\\\/www.instagram.com\\\/autocritica.ro\\\/\"]}]}<\/script>\n<!-- \/ Yoast SEO Premium plugin. -->","yoast_head_json":{"title":"Noul SUV electric Volvo EX60: versiune cu 680 CP \u0219i autonomie maxim\u0103 de p\u00e2n\u0103 la 810 km - Autocritica","robots":{"index":"index","follow":"follow","max-snippet":"max-snippet:-1","max-image-preview":"max-image-preview:large","max-video-preview":"max-video-preview:-1"},"canonical":"https:\/\/www.autocritica.ro\/en\/live-news\/noul-suv-electric-volvo-ex60-versiune-cu-680-cp-si-autonomie-maxima-de-pana-la-810-km\/","og_locale":"en_US","og_type":"article","og_title":"Noul SUV electric Volvo EX60: versiune cu 680 CP \u0219i autonomie maxim\u0103 de p\u00e2n\u0103 la 810 km","og_description":"\u2022 Volvo a lansat noul EX60, un alter ego electric al lui XC60, cel mai bine v\u00e2ndut model al m\u0103rcii.\u00a0 \u2022 Dimensiuni: 4803 mm lungime, 1899 mm l\u0103\u021bime, 1639","og_url":"https:\/\/www.autocritica.ro\/en\/live-news\/noul-suv-electric-volvo-ex60-versiune-cu-680-cp-si-autonomie-maxima-de-pana-la-810-km\/","og_site_name":"Autocritica","article_publisher":"https:\/\/www.facebook.com\/autocritica.ro","article_modified_time":"2026-01-21T17:37:51+00:00","og_image":[{"width":2560,"height":1920,"url":"https:\/\/www.autocritica.ro\/wp-content\/uploads\/2026\/01\/volvo-ex60-electric-2-scaled.jpg","type":"image\/jpeg"}],"twitter_card":"summary_large_image","twitter_misc":{"Est. reading time":"3 minutes"},"schema":{"@context":"https:\/\/schema.org","@graph":[{"@type":"WebPage","@id":"https:\/\/www.autocritica.ro\/en\/live-news\/noul-suv-electric-volvo-ex60-versiune-cu-680-cp-si-autonomie-maxima-de-pana-la-810-km\/","url":"https:\/\/www.autocritica.ro\/en\/live-news\/noul-suv-electric-volvo-ex60-versiune-cu-680-cp-si-autonomie-maxima-de-pana-la-810-km\/","name":"Noul SUV electric Volvo EX60: versiune cu 680 CP \u0219i autonomie maxim\u0103 de p\u00e2n\u0103 la 810 km - Autocritica","isPartOf":{"@id":"https:\/\/www.autocritica.ro\/en\/#website"},"primaryImageOfPage":{"@id":"https:\/\/www.autocritica.ro\/en\/live-news\/noul-suv-electric-volvo-ex60-versiune-cu-680-cp-si-autonomie-maxima-de-pana-la-810-km\/#primaryimage"},"image":{"@id":"https:\/\/www.autocritica.ro\/en\/live-news\/noul-suv-electric-volvo-ex60-versiune-cu-680-cp-si-autonomie-maxima-de-pana-la-810-km\/#primaryimage"},"thumbnailUrl":"https:\/\/www.autocritica.ro\/wp-content\/uploads\/2026\/01\/volvo-ex60-electric-2-scaled.jpg","datePublished":"2026-01-21T17:34:18+00:00","dateModified":"2026-01-21T17:37:51+00:00","breadcrumb":{"@id":"https:\/\/www.autocritica.ro\/en\/live-news\/noul-suv-electric-volvo-ex60-versiune-cu-680-cp-si-autonomie-maxima-de-pana-la-810-km\/#breadcrumb"},"inLanguage":"en-US","potentialAction":[{"@type":"ReadAction","target":["https:\/\/www.autocritica.ro\/en\/live-news\/noul-suv-electric-volvo-ex60-versiune-cu-680-cp-si-autonomie-maxima-de-pana-la-810-km\/"]}]},{"@type":"ImageObject","inLanguage":"en-US","@id":"https:\/\/www.autocritica.ro\/en\/live-news\/noul-suv-electric-volvo-ex60-versiune-cu-680-cp-si-autonomie-maxima-de-pana-la-810-km\/#primaryimage","url":"https:\/\/www.autocritica.ro\/wp-content\/uploads\/2026\/01\/volvo-ex60-electric-2-scaled.jpg","contentUrl":"https:\/\/www.autocritica.ro\/wp-content\/uploads\/2026\/01\/volvo-ex60-electric-2-scaled.jpg","width":2560,"height":1920},{"@type":"BreadcrumbList","@id":"https:\/\/www.autocritica.ro\/en\/live-news\/noul-suv-electric-volvo-ex60-versiune-cu-680-cp-si-autonomie-maxima-de-pana-la-810-km\/#breadcrumb","itemListElement":[{"@type":"ListItem","position":1,"name":"Home","item":"https:\/\/www.autocritica.ro\/en\/"},{"@type":"ListItem","position":2,"name":"Live News","item":"https:\/\/www.autocritica.ro\/en\/live-news\/"},{"@type":"ListItem","position":3,"name":"Noul SUV electric Volvo EX60: versiune cu 680 CP \u0219i autonomie maxim\u0103 de p\u00e2n\u0103 la 810 km"}]},{"@type":"WebSite","@id":"https:\/\/www.autocritica.ro\/en\/#website","url":"https:\/\/www.autocritica.ro\/en\/","name":"Autocritica","description":"","publisher":{"@id":"https:\/\/www.autocritica.ro\/en\/#organization"},"potentialAction":[{"@type":"SearchAction","target":{"@type":"EntryPoint","urlTemplate":"https:\/\/www.autocritica.ro\/en\/?s={search_term_string}"},"query-input":{"@type":"PropertyValueSpecification","valueRequired":true,"valueName":"search_term_string"}}],"inLanguage":"en-US"},{"@type":"Organization","@id":"https:\/\/www.autocritica.ro\/en\/#organization","name":"Autocritica","url":"https:\/\/www.autocritica.ro\/en\/","logo":{"@type":"ImageObject","inLanguage":"en-US","@id":"https:\/\/www.autocritica.ro\/en\/#\/schema\/logo\/image\/","url":"https:\/\/www.autocritica.ro\/wp-content\/uploads\/2020\/12\/logo-negru.png","contentUrl":"https:\/\/www.autocritica.ro\/wp-content\/uploads\/2020\/12\/logo-negru.png","width":300,"height":102,"caption":"Autocritica"},"image":{"@id":"https:\/\/www.autocritica.ro\/en\/#\/schema\/logo\/image\/"},"sameAs":["https:\/\/www.facebook.com\/autocritica.ro","https:\/\/www.instagram.com\/autocritica.ro\/"]}]}},"_links":{"self":[{"href":"https:\/\/www.autocritica.ro\/en\/wp-json\/wp\/v2\/live-news\/269004","targetHints":{"allow":["GET"]}}],"collection":[{"href":"https:\/\/www.autocritica.ro\/en\/wp-json\/wp\/v2\/live-news"}],"about":[{"href":"https:\/\/www.autocritica.ro\/en\/wp-json\/wp\/v2\/types\/live-news"}],"author":[{"embeddable":true,"href":"https:\/\/www.autocritica.ro\/en\/wp-json\/wp\/v2\/users\/4"}],"replies":[{"embeddable":true,"href":"https:\/\/www.autocritica.ro\/en\/wp-json\/wp\/v2\/comments?post=269004"}],"version-history":[{"count":5,"href":"https:\/\/www.autocritica.ro\/en\/wp-json\/wp\/v2\/live-news\/269004\/revisions"}],"predecessor-version":[{"id":269061,"href":"https:\/\/www.autocritica.ro\/en\/wp-json\/wp\/v2\/live-news\/269004\/revisions\/269061"}],"wp:featuredmedia":[{"embeddable":true,"href":"https:\/\/www.autocritica.ro\/en\/wp-json\/wp\/v2\/media\/269007"}],"wp:attachment":[{"href":"https:\/\/www.autocritica.ro\/en\/wp-json\/wp\/v2\/media?parent=269004"}],"wp:term":[{"taxonomy":"post_tag","embeddable":true,"href":"https:\/\/www.autocritica.ro\/en\/wp-json\/wp\/v2\/tags?post=269004"}],"curies":[{"name":"wp","href":"https:\/\/api.w.org\/{rel}","templated":true}]}}