{"id":268938,"date":"2026-01-21T17:19:54","date_gmt":"2026-01-21T14:19:54","guid":{"rendered":"https:\/\/www.autocritica.ro\/?post_type=live-news&#038;p=268938"},"modified":"2026-01-21T17:19:58","modified_gmt":"2026-01-21T14:19:58","slug":"volkswagen-marca-cu-cele-mai-multe-vanzari-de-electrice-in-europa-in-2025","status":"publish","type":"live-news","link":"https:\/\/www.autocritica.ro\/en\/live-news\/volkswagen-marca-cu-cele-mai-multe-vanzari-de-electrice-in-europa-in-2025\/","title":{"rendered":"Volkswagen, marca cu cele mai multe v\u00e2nz\u0103ri de electrice \u00een Europa \u00een 2025"},"content":{"rendered":"\n<p>\u2022 \u00cen 2025, Volkswagen a dep\u0103\u0219it Tesla \u00een Europa \u0219i a devenit constructorul cu cele mai mari v\u00e2nz\u0103ri \u00eenregistrate \u00een segmentul ma\u0219inilor electrice. Produc\u0103torul german a comercializat 274.417 de ma\u0219ini electrice, \u00een cre\u0219tere cu 56% fa\u021b\u0103 de 2024, \u00een timp ce Tesla a ocupat locul secund cu 238.765 de unit\u0103\u021bi (-27% comparativ cu 2024). Pe locul al treilea s-a clasat BMW (193.186 de unit\u0103\u021bi, +15%).<\/p>\n\n\n\n<p>\u2022 \u00cen top 5 s-au mai aflat \u0160koda (172.100 de unit\u0103\u021bi; +117%) \u0219i Audi (153.848 de electrice; +51%).<\/p>\n\n\n\n<p>\u2022 Anul trecut, segmentul ma\u0219inilor electrice \u00een Europa a crescut cu 30%, la peste 2,58 de milioane de unit\u0103\u021bi comercializate.<\/p>\n\n\n\n<p>\u2022 De asemenea, Volkswagen a fost constructorul cu cele mai mari v\u00e2nz\u0103ri din Europa pentru al 21-lea an consecutiv. Nem\u021bii au comercializat peste 1,4 milioane de ma\u0219ini (+2,3% fa\u021b\u0103 de 2024).<\/p>\n\n\n\n<p>\u2022 \u00cen plus, Volkswagen a dep\u0103\u0219it \u00een Europa \u0219i Mercedes-Benz \u00een segmentul v\u00e2nz\u0103rilor de hibrizi plug-in. Constructorul din Wolfsburg a bifat v\u00e2nz\u0103ri de 159.173 de unit\u0103\u021bi (+205%). Pe locul secund s-a clasat BMW, cu 142.285 de unit\u0103\u021bi (+15%), \u00een timp ce Mercedes-Benz a \u00eencheiat anul pe locul al treilea (135.878 de unit\u0103\u021bi, -4,8%). O prezen\u021b\u0103 interesant\u0103 \u00een segmentul PHEV european o reprezint\u0103 BYD: locul al cincilea \u00een 2025, (78.846 de unit\u0103\u021bi), \u00een spatele Volvo (104.270 de unit\u0103\u021bi).<\/p>\n\n\n\n<p>\u2022 Volkswagen se afl\u0103 pe prima pozi\u021bia \u0219i \u00een topul v\u00e2nz\u0103rilor de ma\u0219ini cu motoare pe benzin\u0103 \u0219i diesel. De altfel, singurul top \u00een care nu puncteaz\u0103 constructorul german este cel al hibrizilor conven\u021bionali (full-hybrid). Din 2026, Volkswagen va avea un reprezentant \u0219i aici, T-Roc (cel mai bine v\u00e2ndut SUV din Europa \u00een 2025) urm\u00e2nd s\u0103 primeasc\u0103 un astfel de sistem de propulsie.<\/p>\n\n\n\n<p>\u2022 Clasamentele au fost \u00eentocmite pe baza raportului publicat de speciali\u0219tii de la DataForce. Acesta acoper\u0103 98% din volumul pie\u021belor din Uniunea European\u0103, Marea Britanie \u0219i cele trei state din regiunea economic\u0103 EFTA (Islanda, Norvegia \u0219i Elve\u021bia).<\/p>\n\n\n\n<p>\u2022 Via: Automotive News, DataForce<\/p>\n","protected":false},"author":4,"featured_media":91920,"comment_status":"closed","ping_status":"closed","template":"","meta":{"_acf_changed":false,"footnotes":""},"tags":[1008,3725],"class_list":["post-268938","live-news","type-live-news","status-publish","has-post-thumbnail","hentry","tag-masini-electrice","tag-vanzari-electrice-europa"],"acf":[],"yoast_head":"<!-- This site is optimized with the Yoast SEO Premium plugin v27.5 (Yoast SEO v27.5) - https:\/\/yoast.com\/product\/yoast-seo-premium-wordpress\/ -->\n<title>Volkswagen, marca cu cele mai multe v\u00e2nz\u0103ri de electrice \u00een Europa \u00een 2025 - Autocritica<\/title>\n<meta name=\"robots\" content=\"index, follow, max-snippet:-1, max-image-preview:large, max-video-preview:-1\" \/>\n<link rel=\"canonical\" href=\"https:\/\/www.autocritica.ro\/en\/live-news\/volkswagen-marca-cu-cele-mai-multe-vanzari-de-electrice-in-europa-in-2025\/\" \/>\n<meta property=\"og:locale\" content=\"en_US\" \/>\n<meta property=\"og:type\" content=\"article\" \/>\n<meta property=\"og:title\" content=\"Volkswagen, marca cu cele mai multe v\u00e2nz\u0103ri de electrice \u00een Europa \u00een 2025\" \/>\n<meta property=\"og:description\" content=\"\u2022 \u00cen 2025, Volkswagen a dep\u0103\u0219it Tesla \u00een Europa \u0219i a devenit constructorul cu cele mai mari v\u00e2nz\u0103ri \u00eenregistrate \u00een segmentul ma\u0219inilor electrice.\" \/>\n<meta property=\"og:url\" content=\"https:\/\/www.autocritica.ro\/en\/live-news\/volkswagen-marca-cu-cele-mai-multe-vanzari-de-electrice-in-europa-in-2025\/\" \/>\n<meta property=\"og:site_name\" content=\"Autocritica\" \/>\n<meta property=\"article:publisher\" content=\"https:\/\/www.facebook.com\/autocritica.ro\" \/>\n<meta property=\"article:modified_time\" content=\"2026-01-21T14:19:58+00:00\" \/>\n<meta property=\"og:image\" content=\"https:\/\/www.autocritica.ro\/wp-content\/uploads\/2023\/10\/DB2023AU00848_large-scaled.jpg\" \/>\n\t<meta property=\"og:image:width\" content=\"2560\" \/>\n\t<meta property=\"og:image:height\" content=\"1741\" \/>\n\t<meta property=\"og:image:type\" content=\"image\/jpeg\" \/>\n<meta name=\"twitter:card\" content=\"summary_large_image\" \/>\n<meta name=\"twitter:label1\" content=\"Est. reading time\" \/>\n\t<meta name=\"twitter:data1\" content=\"2 minutes\" \/>\n<script type=\"application\/ld+json\" class=\"yoast-schema-graph\">{\"@context\":\"https:\\\/\\\/schema.org\",\"@graph\":[{\"@type\":\"WebPage\",\"@id\":\"https:\\\/\\\/www.autocritica.ro\\\/en\\\/live-news\\\/volkswagen-marca-cu-cele-mai-multe-vanzari-de-electrice-in-europa-in-2025\\\/\",\"url\":\"https:\\\/\\\/www.autocritica.ro\\\/en\\\/live-news\\\/volkswagen-marca-cu-cele-mai-multe-vanzari-de-electrice-in-europa-in-2025\\\/\",\"name\":\"Volkswagen, marca cu cele mai multe v\u00e2nz\u0103ri de electrice \u00een Europa \u00een 2025 - Autocritica\",\"isPartOf\":{\"@id\":\"https:\\\/\\\/www.autocritica.ro\\\/en\\\/#website\"},\"primaryImageOfPage\":{\"@id\":\"https:\\\/\\\/www.autocritica.ro\\\/en\\\/live-news\\\/volkswagen-marca-cu-cele-mai-multe-vanzari-de-electrice-in-europa-in-2025\\\/#primaryimage\"},\"image\":{\"@id\":\"https:\\\/\\\/www.autocritica.ro\\\/en\\\/live-news\\\/volkswagen-marca-cu-cele-mai-multe-vanzari-de-electrice-in-europa-in-2025\\\/#primaryimage\"},\"thumbnailUrl\":\"https:\\\/\\\/www.autocritica.ro\\\/wp-content\\\/uploads\\\/2023\\\/10\\\/DB2023AU00848_large-scaled.jpg\",\"datePublished\":\"2026-01-21T14:19:54+00:00\",\"dateModified\":\"2026-01-21T14:19:58+00:00\",\"breadcrumb\":{\"@id\":\"https:\\\/\\\/www.autocritica.ro\\\/en\\\/live-news\\\/volkswagen-marca-cu-cele-mai-multe-vanzari-de-electrice-in-europa-in-2025\\\/#breadcrumb\"},\"inLanguage\":\"en-US\",\"potentialAction\":[{\"@type\":\"ReadAction\",\"target\":[\"https:\\\/\\\/www.autocritica.ro\\\/en\\\/live-news\\\/volkswagen-marca-cu-cele-mai-multe-vanzari-de-electrice-in-europa-in-2025\\\/\"]}]},{\"@type\":\"ImageObject\",\"inLanguage\":\"en-US\",\"@id\":\"https:\\\/\\\/www.autocritica.ro\\\/en\\\/live-news\\\/volkswagen-marca-cu-cele-mai-multe-vanzari-de-electrice-in-europa-in-2025\\\/#primaryimage\",\"url\":\"https:\\\/\\\/www.autocritica.ro\\\/wp-content\\\/uploads\\\/2023\\\/10\\\/DB2023AU00848_large-scaled.jpg\",\"contentUrl\":\"https:\\\/\\\/www.autocritica.ro\\\/wp-content\\\/uploads\\\/2023\\\/10\\\/DB2023AU00848_large-scaled.jpg\",\"width\":2560,\"height\":1741,\"caption\":\"In the new colour \u201eCosta Azul\u201c\"},{\"@type\":\"BreadcrumbList\",\"@id\":\"https:\\\/\\\/www.autocritica.ro\\\/en\\\/live-news\\\/volkswagen-marca-cu-cele-mai-multe-vanzari-de-electrice-in-europa-in-2025\\\/#breadcrumb\",\"itemListElement\":[{\"@type\":\"ListItem\",\"position\":1,\"name\":\"Home\",\"item\":\"https:\\\/\\\/www.autocritica.ro\\\/en\\\/\"},{\"@type\":\"ListItem\",\"position\":2,\"name\":\"Live News\",\"item\":\"https:\\\/\\\/www.autocritica.ro\\\/en\\\/live-news\\\/\"},{\"@type\":\"ListItem\",\"position\":3,\"name\":\"Volkswagen, marca cu cele mai multe v\u00e2nz\u0103ri de electrice \u00een Europa \u00een 2025\"}]},{\"@type\":\"WebSite\",\"@id\":\"https:\\\/\\\/www.autocritica.ro\\\/en\\\/#website\",\"url\":\"https:\\\/\\\/www.autocritica.ro\\\/en\\\/\",\"name\":\"Autocritica\",\"description\":\"\",\"publisher\":{\"@id\":\"https:\\\/\\\/www.autocritica.ro\\\/en\\\/#organization\"},\"potentialAction\":[{\"@type\":\"SearchAction\",\"target\":{\"@type\":\"EntryPoint\",\"urlTemplate\":\"https:\\\/\\\/www.autocritica.ro\\\/en\\\/?s={search_term_string}\"},\"query-input\":{\"@type\":\"PropertyValueSpecification\",\"valueRequired\":true,\"valueName\":\"search_term_string\"}}],\"inLanguage\":\"en-US\"},{\"@type\":\"Organization\",\"@id\":\"https:\\\/\\\/www.autocritica.ro\\\/en\\\/#organization\",\"name\":\"Autocritica\",\"url\":\"https:\\\/\\\/www.autocritica.ro\\\/en\\\/\",\"logo\":{\"@type\":\"ImageObject\",\"inLanguage\":\"en-US\",\"@id\":\"https:\\\/\\\/www.autocritica.ro\\\/en\\\/#\\\/schema\\\/logo\\\/image\\\/\",\"url\":\"https:\\\/\\\/www.autocritica.ro\\\/wp-content\\\/uploads\\\/2020\\\/12\\\/logo-negru.png\",\"contentUrl\":\"https:\\\/\\\/www.autocritica.ro\\\/wp-content\\\/uploads\\\/2020\\\/12\\\/logo-negru.png\",\"width\":300,\"height\":102,\"caption\":\"Autocritica\"},\"image\":{\"@id\":\"https:\\\/\\\/www.autocritica.ro\\\/en\\\/#\\\/schema\\\/logo\\\/image\\\/\"},\"sameAs\":[\"https:\\\/\\\/www.facebook.com\\\/autocritica.ro\",\"https:\\\/\\\/www.instagram.com\\\/autocritica.ro\\\/\"]}]}<\/script>\n<!-- \/ Yoast SEO Premium plugin. -->","yoast_head_json":{"title":"Volkswagen, marca cu cele mai multe v\u00e2nz\u0103ri de electrice \u00een Europa \u00een 2025 - Autocritica","robots":{"index":"index","follow":"follow","max-snippet":"max-snippet:-1","max-image-preview":"max-image-preview:large","max-video-preview":"max-video-preview:-1"},"canonical":"https:\/\/www.autocritica.ro\/en\/live-news\/volkswagen-marca-cu-cele-mai-multe-vanzari-de-electrice-in-europa-in-2025\/","og_locale":"en_US","og_type":"article","og_title":"Volkswagen, marca cu cele mai multe v\u00e2nz\u0103ri de electrice \u00een Europa \u00een 2025","og_description":"\u2022 \u00cen 2025, Volkswagen a dep\u0103\u0219it Tesla \u00een Europa \u0219i a devenit constructorul cu cele mai mari v\u00e2nz\u0103ri \u00eenregistrate \u00een segmentul ma\u0219inilor electrice.","og_url":"https:\/\/www.autocritica.ro\/en\/live-news\/volkswagen-marca-cu-cele-mai-multe-vanzari-de-electrice-in-europa-in-2025\/","og_site_name":"Autocritica","article_publisher":"https:\/\/www.facebook.com\/autocritica.ro","article_modified_time":"2026-01-21T14:19:58+00:00","og_image":[{"width":2560,"height":1741,"url":"https:\/\/www.autocritica.ro\/wp-content\/uploads\/2023\/10\/DB2023AU00848_large-scaled.jpg","type":"image\/jpeg"}],"twitter_card":"summary_large_image","twitter_misc":{"Est. reading time":"2 minutes"},"schema":{"@context":"https:\/\/schema.org","@graph":[{"@type":"WebPage","@id":"https:\/\/www.autocritica.ro\/en\/live-news\/volkswagen-marca-cu-cele-mai-multe-vanzari-de-electrice-in-europa-in-2025\/","url":"https:\/\/www.autocritica.ro\/en\/live-news\/volkswagen-marca-cu-cele-mai-multe-vanzari-de-electrice-in-europa-in-2025\/","name":"Volkswagen, marca cu cele mai multe v\u00e2nz\u0103ri de electrice \u00een Europa \u00een 2025 - Autocritica","isPartOf":{"@id":"https:\/\/www.autocritica.ro\/en\/#website"},"primaryImageOfPage":{"@id":"https:\/\/www.autocritica.ro\/en\/live-news\/volkswagen-marca-cu-cele-mai-multe-vanzari-de-electrice-in-europa-in-2025\/#primaryimage"},"image":{"@id":"https:\/\/www.autocritica.ro\/en\/live-news\/volkswagen-marca-cu-cele-mai-multe-vanzari-de-electrice-in-europa-in-2025\/#primaryimage"},"thumbnailUrl":"https:\/\/www.autocritica.ro\/wp-content\/uploads\/2023\/10\/DB2023AU00848_large-scaled.jpg","datePublished":"2026-01-21T14:19:54+00:00","dateModified":"2026-01-21T14:19:58+00:00","breadcrumb":{"@id":"https:\/\/www.autocritica.ro\/en\/live-news\/volkswagen-marca-cu-cele-mai-multe-vanzari-de-electrice-in-europa-in-2025\/#breadcrumb"},"inLanguage":"en-US","potentialAction":[{"@type":"ReadAction","target":["https:\/\/www.autocritica.ro\/en\/live-news\/volkswagen-marca-cu-cele-mai-multe-vanzari-de-electrice-in-europa-in-2025\/"]}]},{"@type":"ImageObject","inLanguage":"en-US","@id":"https:\/\/www.autocritica.ro\/en\/live-news\/volkswagen-marca-cu-cele-mai-multe-vanzari-de-electrice-in-europa-in-2025\/#primaryimage","url":"https:\/\/www.autocritica.ro\/wp-content\/uploads\/2023\/10\/DB2023AU00848_large-scaled.jpg","contentUrl":"https:\/\/www.autocritica.ro\/wp-content\/uploads\/2023\/10\/DB2023AU00848_large-scaled.jpg","width":2560,"height":1741,"caption":"In the new colour \u201eCosta Azul\u201c"},{"@type":"BreadcrumbList","@id":"https:\/\/www.autocritica.ro\/en\/live-news\/volkswagen-marca-cu-cele-mai-multe-vanzari-de-electrice-in-europa-in-2025\/#breadcrumb","itemListElement":[{"@type":"ListItem","position":1,"name":"Home","item":"https:\/\/www.autocritica.ro\/en\/"},{"@type":"ListItem","position":2,"name":"Live News","item":"https:\/\/www.autocritica.ro\/en\/live-news\/"},{"@type":"ListItem","position":3,"name":"Volkswagen, marca cu cele mai multe v\u00e2nz\u0103ri de electrice \u00een Europa \u00een 2025"}]},{"@type":"WebSite","@id":"https:\/\/www.autocritica.ro\/en\/#website","url":"https:\/\/www.autocritica.ro\/en\/","name":"Autocritica","description":"","publisher":{"@id":"https:\/\/www.autocritica.ro\/en\/#organization"},"potentialAction":[{"@type":"SearchAction","target":{"@type":"EntryPoint","urlTemplate":"https:\/\/www.autocritica.ro\/en\/?s={search_term_string}"},"query-input":{"@type":"PropertyValueSpecification","valueRequired":true,"valueName":"search_term_string"}}],"inLanguage":"en-US"},{"@type":"Organization","@id":"https:\/\/www.autocritica.ro\/en\/#organization","name":"Autocritica","url":"https:\/\/www.autocritica.ro\/en\/","logo":{"@type":"ImageObject","inLanguage":"en-US","@id":"https:\/\/www.autocritica.ro\/en\/#\/schema\/logo\/image\/","url":"https:\/\/www.autocritica.ro\/wp-content\/uploads\/2020\/12\/logo-negru.png","contentUrl":"https:\/\/www.autocritica.ro\/wp-content\/uploads\/2020\/12\/logo-negru.png","width":300,"height":102,"caption":"Autocritica"},"image":{"@id":"https:\/\/www.autocritica.ro\/en\/#\/schema\/logo\/image\/"},"sameAs":["https:\/\/www.facebook.com\/autocritica.ro","https:\/\/www.instagram.com\/autocritica.ro\/"]}]}},"_links":{"self":[{"href":"https:\/\/www.autocritica.ro\/en\/wp-json\/wp\/v2\/live-news\/268938","targetHints":{"allow":["GET"]}}],"collection":[{"href":"https:\/\/www.autocritica.ro\/en\/wp-json\/wp\/v2\/live-news"}],"about":[{"href":"https:\/\/www.autocritica.ro\/en\/wp-json\/wp\/v2\/types\/live-news"}],"author":[{"embeddable":true,"href":"https:\/\/www.autocritica.ro\/en\/wp-json\/wp\/v2\/users\/4"}],"replies":[{"embeddable":true,"href":"https:\/\/www.autocritica.ro\/en\/wp-json\/wp\/v2\/comments?post=268938"}],"version-history":[{"count":3,"href":"https:\/\/www.autocritica.ro\/en\/wp-json\/wp\/v2\/live-news\/268938\/revisions"}],"predecessor-version":[{"id":269003,"href":"https:\/\/www.autocritica.ro\/en\/wp-json\/wp\/v2\/live-news\/268938\/revisions\/269003"}],"wp:featuredmedia":[{"embeddable":true,"href":"https:\/\/www.autocritica.ro\/en\/wp-json\/wp\/v2\/media\/91920"}],"wp:attachment":[{"href":"https:\/\/www.autocritica.ro\/en\/wp-json\/wp\/v2\/media?parent=268938"}],"wp:term":[{"taxonomy":"post_tag","embeddable":true,"href":"https:\/\/www.autocritica.ro\/en\/wp-json\/wp\/v2\/tags?post=268938"}],"curies":[{"name":"wp","href":"https:\/\/api.w.org\/{rel}","templated":true}]}}