{"id":268894,"date":"2026-01-21T14:30:25","date_gmt":"2026-01-21T11:30:25","guid":{"rendered":"https:\/\/www.autocritica.ro\/?post_type=live-news&#038;p=268894"},"modified":"2026-01-21T14:30:31","modified_gmt":"2026-01-21T11:30:31","slug":"hyundai-ioniq-3-prezentare-in-aprilie","status":"publish","type":"live-news","link":"https:\/\/www.autocritica.ro\/en\/live-news\/hyundai-ioniq-3-prezentare-in-aprilie\/","title":{"rendered":"Hyundai Ioniq 3: Prezentare \u00een aprilie"},"content":{"rendered":"\n<p>Hyundai va prezenta \u00een luna aprilie noul Ioniq 3, model electric pe care marca asiatic\u0103 \u00eel va pozi\u021biona \u00eentre actualele Inster \u0219i Kona.&nbsp;<\/p>\n\n\n\n<p>Noul Ioniq 3 va avea un design cu elemente inspirate de Concept Three (foto \u00een galerie), prototip expus \u00een premier\u0103 \u00een cadrul Salonului Auto de la Munchen din toamna anului trecut. Acesta din urm\u0103 avea o lungime de 4.287 de mm \u0219i un ampatament de 2.722 de mm. Oficialii m\u0103rcii au declarat despre Concept Three c\u0103 este un Aero Hatch, concept prin care silueta clasic\u0103 de hatchback a fost optimizat\u0103 din punct de vedere aerodinamic.\u00a0<\/p>\n\n\n\n<p>Ioniq 3 ar urma s\u0103 foloseasc\u0103 versiunea la 400V a platformei E-GMP, aceea\u0219i arhitectur\u0103 disponibil\u0103 \u00een prezent pe Kia EV3. Varianta de top a platformei E-GMP, folosit\u0103 pe Ioniq 5, 6 \u0219i 9, vine \u00eentr-o configura\u021bie la 800V. Detaliile tehnice referitoare la Ioniq 3 \u00eenc\u0103 nu au fost anun\u021bate.&nbsp;<\/p>\n\n\n\n<figure class=\"wp-block-gallery has-nested-images columns-default is-cropped wp-block-gallery-1 is-layout-flex wp-block-gallery-is-layout-flex\">\n<figure class=\"wp-block-image size-large\"><a href=\"https:\/\/www.autocritica.ro\/wp-content\/uploads\/2026\/01\/Hyundai-Ioniq-3-teaser_skvpcc.webp\" data-lbwps-width=\"1260\" data-lbwps-height=\"710\" data-lbwps-srcsmall=\"https:\/\/www.autocritica.ro\/wp-content\/uploads\/2026\/01\/Hyundai-Ioniq-3-teaser_skvpcc-300x169.webp\"><img loading=\"lazy\" decoding=\"async\" width=\"1024\" height=\"577\" data-id=\"268902\" src=\"https:\/\/www.autocritica.ro\/wp-content\/uploads\/2026\/01\/Hyundai-Ioniq-3-teaser_skvpcc-1024x577.webp\" alt=\"\" class=\"wp-image-268902\" srcset=\"https:\/\/www.autocritica.ro\/wp-content\/uploads\/2026\/01\/Hyundai-Ioniq-3-teaser_skvpcc-1024x577.webp 1024w, https:\/\/www.autocritica.ro\/wp-content\/uploads\/2026\/01\/Hyundai-Ioniq-3-teaser_skvpcc-300x169.webp 300w, https:\/\/www.autocritica.ro\/wp-content\/uploads\/2026\/01\/Hyundai-Ioniq-3-teaser_skvpcc-768x433.webp 768w, https:\/\/www.autocritica.ro\/wp-content\/uploads\/2026\/01\/Hyundai-Ioniq-3-teaser_skvpcc.webp 1260w\" sizes=\"auto, (max-width: 1024px) 100vw, 1024px\" \/><\/a><\/figure>\n\n\n\n<figure class=\"wp-block-image size-large\"><a href=\"https:\/\/www.autocritica.ro\/wp-content\/uploads\/2026\/01\/hyundai-concept-three-exterior-03.jpg\" data-lbwps-width=\"8256\" data-lbwps-height=\"5504\" data-lbwps-srcsmall=\"https:\/\/www.autocritica.ro\/wp-content\/uploads\/2026\/01\/hyundai-concept-three-exterior-03-300x200.jpg\"><img loading=\"lazy\" decoding=\"async\" width=\"1024\" height=\"683\" data-id=\"268897\" src=\"https:\/\/www.autocritica.ro\/wp-content\/uploads\/2026\/01\/hyundai-concept-three-exterior-03-1024x683.jpg\" alt=\"\" class=\"wp-image-268897\" srcset=\"https:\/\/www.autocritica.ro\/wp-content\/uploads\/2026\/01\/hyundai-concept-three-exterior-03-1024x683.jpg 1024w, https:\/\/www.autocritica.ro\/wp-content\/uploads\/2026\/01\/hyundai-concept-three-exterior-03-300x200.jpg 300w, https:\/\/www.autocritica.ro\/wp-content\/uploads\/2026\/01\/hyundai-concept-three-exterior-03-768x512.jpg 768w, https:\/\/www.autocritica.ro\/wp-content\/uploads\/2026\/01\/hyundai-concept-three-exterior-03-1536x1024.jpg 1536w, https:\/\/www.autocritica.ro\/wp-content\/uploads\/2026\/01\/hyundai-concept-three-exterior-03-2048x1365.jpg 2048w, https:\/\/www.autocritica.ro\/wp-content\/uploads\/2026\/01\/hyundai-concept-three-exterior-03-1200x800.jpg 1200w, https:\/\/www.autocritica.ro\/wp-content\/uploads\/2026\/01\/hyundai-concept-three-exterior-03-1000x666.jpg 1000w, https:\/\/www.autocritica.ro\/wp-content\/uploads\/2026\/01\/hyundai-concept-three-exterior-03-2000x1333.jpg 2000w\" sizes=\"auto, (max-width: 1024px) 100vw, 1024px\" \/><\/a><\/figure>\n\n\n\n<figure class=\"wp-block-image size-large\"><a href=\"https:\/\/www.autocritica.ro\/wp-content\/uploads\/2026\/01\/hyundai-concept-three-exterior-02.jpg\" data-lbwps-width=\"8288\" data-lbwps-height=\"5551\" data-lbwps-srcsmall=\"https:\/\/www.autocritica.ro\/wp-content\/uploads\/2026\/01\/hyundai-concept-three-exterior-02-300x201.jpg\"><img loading=\"lazy\" decoding=\"async\" width=\"1024\" height=\"686\" data-id=\"268900\" src=\"https:\/\/www.autocritica.ro\/wp-content\/uploads\/2026\/01\/hyundai-concept-three-exterior-02-1024x686.jpg\" alt=\"\" class=\"wp-image-268900\" srcset=\"https:\/\/www.autocritica.ro\/wp-content\/uploads\/2026\/01\/hyundai-concept-three-exterior-02-1024x686.jpg 1024w, https:\/\/www.autocritica.ro\/wp-content\/uploads\/2026\/01\/hyundai-concept-three-exterior-02-300x201.jpg 300w, https:\/\/www.autocritica.ro\/wp-content\/uploads\/2026\/01\/hyundai-concept-three-exterior-02-768x514.jpg 768w, https:\/\/www.autocritica.ro\/wp-content\/uploads\/2026\/01\/hyundai-concept-three-exterior-02-1536x1029.jpg 1536w, https:\/\/www.autocritica.ro\/wp-content\/uploads\/2026\/01\/hyundai-concept-three-exterior-02-2048x1372.jpg 2048w\" sizes=\"auto, (max-width: 1024px) 100vw, 1024px\" \/><\/a><\/figure>\n\n\n\n<figure class=\"wp-block-image size-large\"><a href=\"https:\/\/www.autocritica.ro\/wp-content\/uploads\/2026\/01\/hyundai-concept-three-exterior-33.jpg\" data-lbwps-width=\"8256\" data-lbwps-height=\"5504\" data-lbwps-srcsmall=\"https:\/\/www.autocritica.ro\/wp-content\/uploads\/2026\/01\/hyundai-concept-three-exterior-33-300x200.jpg\"><img loading=\"lazy\" decoding=\"async\" width=\"1024\" height=\"683\" data-id=\"268896\" src=\"https:\/\/www.autocritica.ro\/wp-content\/uploads\/2026\/01\/hyundai-concept-three-exterior-33-1024x683.jpg\" alt=\"\" class=\"wp-image-268896\" srcset=\"https:\/\/www.autocritica.ro\/wp-content\/uploads\/2026\/01\/hyundai-concept-three-exterior-33-1024x683.jpg 1024w, https:\/\/www.autocritica.ro\/wp-content\/uploads\/2026\/01\/hyundai-concept-three-exterior-33-300x200.jpg 300w, https:\/\/www.autocritica.ro\/wp-content\/uploads\/2026\/01\/hyundai-concept-three-exterior-33-768x512.jpg 768w, https:\/\/www.autocritica.ro\/wp-content\/uploads\/2026\/01\/hyundai-concept-three-exterior-33-1536x1024.jpg 1536w, https:\/\/www.autocritica.ro\/wp-content\/uploads\/2026\/01\/hyundai-concept-three-exterior-33-2048x1365.jpg 2048w, https:\/\/www.autocritica.ro\/wp-content\/uploads\/2026\/01\/hyundai-concept-three-exterior-33-1200x800.jpg 1200w\" sizes=\"auto, (max-width: 1024px) 100vw, 1024px\" \/><\/a><\/figure>\n<\/figure>\n\n\n\n<p>Via: Hyundai<\/p>\n","protected":false},"author":4,"featured_media":268897,"comment_status":"closed","ping_status":"closed","template":"","meta":{"_acf_changed":false,"footnotes":""},"tags":[48,6469,1008],"class_list":["post-268894","live-news","type-live-news","status-publish","has-post-thumbnail","hentry","tag-hyundai","tag-ioniq-3","tag-masini-electrice"],"acf":[],"yoast_head":"<!-- This site is optimized with the Yoast SEO Premium plugin v27.5 (Yoast SEO v27.5) - https:\/\/yoast.com\/product\/yoast-seo-premium-wordpress\/ -->\n<title>Hyundai Ioniq 3: Prezentare \u00een aprilie - Autocritica<\/title>\n<meta name=\"robots\" content=\"index, follow, max-snippet:-1, max-image-preview:large, max-video-preview:-1\" \/>\n<link rel=\"canonical\" href=\"https:\/\/www.autocritica.ro\/en\/live-news\/hyundai-ioniq-3-prezentare-in-aprilie\/\" \/>\n<meta property=\"og:locale\" content=\"en_US\" \/>\n<meta property=\"og:type\" content=\"article\" \/>\n<meta property=\"og:title\" content=\"Hyundai Ioniq 3: Prezentare \u00een aprilie\" \/>\n<meta property=\"og:description\" content=\"Hyundai va prezenta \u00een luna aprilie noul Ioniq 3, model electric pe care marca asiatic\u0103 \u00eel va pozi\u021biona \u00eentre actualele Inster \u0219i Kona.&nbsp; Noul Ioniq 3\" \/>\n<meta property=\"og:url\" content=\"https:\/\/www.autocritica.ro\/en\/live-news\/hyundai-ioniq-3-prezentare-in-aprilie\/\" \/>\n<meta property=\"og:site_name\" content=\"Autocritica\" \/>\n<meta property=\"article:publisher\" content=\"https:\/\/www.facebook.com\/autocritica.ro\" \/>\n<meta property=\"article:modified_time\" content=\"2026-01-21T11:30:31+00:00\" \/>\n<meta property=\"og:image\" content=\"https:\/\/www.autocritica.ro\/wp-content\/uploads\/2026\/01\/hyundai-concept-three-exterior-03-scaled.jpg\" \/>\n\t<meta property=\"og:image:width\" content=\"2560\" \/>\n\t<meta property=\"og:image:height\" content=\"1707\" \/>\n\t<meta property=\"og:image:type\" content=\"image\/jpeg\" \/>\n<meta name=\"twitter:card\" content=\"summary_large_image\" \/>\n<meta name=\"twitter:label1\" content=\"Est. reading time\" \/>\n\t<meta name=\"twitter:data1\" content=\"1 minute\" \/>\n<script type=\"application\/ld+json\" class=\"yoast-schema-graph\">{\"@context\":\"https:\\\/\\\/schema.org\",\"@graph\":[{\"@type\":\"WebPage\",\"@id\":\"https:\\\/\\\/www.autocritica.ro\\\/en\\\/live-news\\\/hyundai-ioniq-3-prezentare-in-aprilie\\\/\",\"url\":\"https:\\\/\\\/www.autocritica.ro\\\/en\\\/live-news\\\/hyundai-ioniq-3-prezentare-in-aprilie\\\/\",\"name\":\"Hyundai Ioniq 3: Prezentare \u00een aprilie - Autocritica\",\"isPartOf\":{\"@id\":\"https:\\\/\\\/www.autocritica.ro\\\/en\\\/#website\"},\"primaryImageOfPage\":{\"@id\":\"https:\\\/\\\/www.autocritica.ro\\\/en\\\/live-news\\\/hyundai-ioniq-3-prezentare-in-aprilie\\\/#primaryimage\"},\"image\":{\"@id\":\"https:\\\/\\\/www.autocritica.ro\\\/en\\\/live-news\\\/hyundai-ioniq-3-prezentare-in-aprilie\\\/#primaryimage\"},\"thumbnailUrl\":\"https:\\\/\\\/www.autocritica.ro\\\/wp-content\\\/uploads\\\/2026\\\/01\\\/hyundai-concept-three-exterior-03-scaled.jpg\",\"datePublished\":\"2026-01-21T11:30:25+00:00\",\"dateModified\":\"2026-01-21T11:30:31+00:00\",\"breadcrumb\":{\"@id\":\"https:\\\/\\\/www.autocritica.ro\\\/en\\\/live-news\\\/hyundai-ioniq-3-prezentare-in-aprilie\\\/#breadcrumb\"},\"inLanguage\":\"en-US\",\"potentialAction\":[{\"@type\":\"ReadAction\",\"target\":[\"https:\\\/\\\/www.autocritica.ro\\\/en\\\/live-news\\\/hyundai-ioniq-3-prezentare-in-aprilie\\\/\"]}]},{\"@type\":\"ImageObject\",\"inLanguage\":\"en-US\",\"@id\":\"https:\\\/\\\/www.autocritica.ro\\\/en\\\/live-news\\\/hyundai-ioniq-3-prezentare-in-aprilie\\\/#primaryimage\",\"url\":\"https:\\\/\\\/www.autocritica.ro\\\/wp-content\\\/uploads\\\/2026\\\/01\\\/hyundai-concept-three-exterior-03-scaled.jpg\",\"contentUrl\":\"https:\\\/\\\/www.autocritica.ro\\\/wp-content\\\/uploads\\\/2026\\\/01\\\/hyundai-concept-three-exterior-03-scaled.jpg\",\"width\":2560,\"height\":1707},{\"@type\":\"BreadcrumbList\",\"@id\":\"https:\\\/\\\/www.autocritica.ro\\\/en\\\/live-news\\\/hyundai-ioniq-3-prezentare-in-aprilie\\\/#breadcrumb\",\"itemListElement\":[{\"@type\":\"ListItem\",\"position\":1,\"name\":\"Home\",\"item\":\"https:\\\/\\\/www.autocritica.ro\\\/en\\\/\"},{\"@type\":\"ListItem\",\"position\":2,\"name\":\"Live News\",\"item\":\"https:\\\/\\\/www.autocritica.ro\\\/en\\\/live-news\\\/\"},{\"@type\":\"ListItem\",\"position\":3,\"name\":\"Hyundai Ioniq 3: Prezentare \u00een aprilie\"}]},{\"@type\":\"WebSite\",\"@id\":\"https:\\\/\\\/www.autocritica.ro\\\/en\\\/#website\",\"url\":\"https:\\\/\\\/www.autocritica.ro\\\/en\\\/\",\"name\":\"Autocritica\",\"description\":\"\",\"publisher\":{\"@id\":\"https:\\\/\\\/www.autocritica.ro\\\/en\\\/#organization\"},\"potentialAction\":[{\"@type\":\"SearchAction\",\"target\":{\"@type\":\"EntryPoint\",\"urlTemplate\":\"https:\\\/\\\/www.autocritica.ro\\\/en\\\/?s={search_term_string}\"},\"query-input\":{\"@type\":\"PropertyValueSpecification\",\"valueRequired\":true,\"valueName\":\"search_term_string\"}}],\"inLanguage\":\"en-US\"},{\"@type\":\"Organization\",\"@id\":\"https:\\\/\\\/www.autocritica.ro\\\/en\\\/#organization\",\"name\":\"Autocritica\",\"url\":\"https:\\\/\\\/www.autocritica.ro\\\/en\\\/\",\"logo\":{\"@type\":\"ImageObject\",\"inLanguage\":\"en-US\",\"@id\":\"https:\\\/\\\/www.autocritica.ro\\\/en\\\/#\\\/schema\\\/logo\\\/image\\\/\",\"url\":\"https:\\\/\\\/www.autocritica.ro\\\/wp-content\\\/uploads\\\/2020\\\/12\\\/logo-negru.png\",\"contentUrl\":\"https:\\\/\\\/www.autocritica.ro\\\/wp-content\\\/uploads\\\/2020\\\/12\\\/logo-negru.png\",\"width\":300,\"height\":102,\"caption\":\"Autocritica\"},\"image\":{\"@id\":\"https:\\\/\\\/www.autocritica.ro\\\/en\\\/#\\\/schema\\\/logo\\\/image\\\/\"},\"sameAs\":[\"https:\\\/\\\/www.facebook.com\\\/autocritica.ro\",\"https:\\\/\\\/www.instagram.com\\\/autocritica.ro\\\/\"]}]}<\/script>\n<!-- \/ Yoast SEO Premium plugin. -->","yoast_head_json":{"title":"Hyundai Ioniq 3: Prezentare \u00een aprilie - Autocritica","robots":{"index":"index","follow":"follow","max-snippet":"max-snippet:-1","max-image-preview":"max-image-preview:large","max-video-preview":"max-video-preview:-1"},"canonical":"https:\/\/www.autocritica.ro\/en\/live-news\/hyundai-ioniq-3-prezentare-in-aprilie\/","og_locale":"en_US","og_type":"article","og_title":"Hyundai Ioniq 3: Prezentare \u00een aprilie","og_description":"Hyundai va prezenta \u00een luna aprilie noul Ioniq 3, model electric pe care marca asiatic\u0103 \u00eel va pozi\u021biona \u00eentre actualele Inster \u0219i Kona.&nbsp; Noul Ioniq 3","og_url":"https:\/\/www.autocritica.ro\/en\/live-news\/hyundai-ioniq-3-prezentare-in-aprilie\/","og_site_name":"Autocritica","article_publisher":"https:\/\/www.facebook.com\/autocritica.ro","article_modified_time":"2026-01-21T11:30:31+00:00","og_image":[{"width":2560,"height":1707,"url":"https:\/\/www.autocritica.ro\/wp-content\/uploads\/2026\/01\/hyundai-concept-three-exterior-03-scaled.jpg","type":"image\/jpeg"}],"twitter_card":"summary_large_image","twitter_misc":{"Est. reading time":"1 minute"},"schema":{"@context":"https:\/\/schema.org","@graph":[{"@type":"WebPage","@id":"https:\/\/www.autocritica.ro\/en\/live-news\/hyundai-ioniq-3-prezentare-in-aprilie\/","url":"https:\/\/www.autocritica.ro\/en\/live-news\/hyundai-ioniq-3-prezentare-in-aprilie\/","name":"Hyundai Ioniq 3: Prezentare \u00een aprilie - Autocritica","isPartOf":{"@id":"https:\/\/www.autocritica.ro\/en\/#website"},"primaryImageOfPage":{"@id":"https:\/\/www.autocritica.ro\/en\/live-news\/hyundai-ioniq-3-prezentare-in-aprilie\/#primaryimage"},"image":{"@id":"https:\/\/www.autocritica.ro\/en\/live-news\/hyundai-ioniq-3-prezentare-in-aprilie\/#primaryimage"},"thumbnailUrl":"https:\/\/www.autocritica.ro\/wp-content\/uploads\/2026\/01\/hyundai-concept-three-exterior-03-scaled.jpg","datePublished":"2026-01-21T11:30:25+00:00","dateModified":"2026-01-21T11:30:31+00:00","breadcrumb":{"@id":"https:\/\/www.autocritica.ro\/en\/live-news\/hyundai-ioniq-3-prezentare-in-aprilie\/#breadcrumb"},"inLanguage":"en-US","potentialAction":[{"@type":"ReadAction","target":["https:\/\/www.autocritica.ro\/en\/live-news\/hyundai-ioniq-3-prezentare-in-aprilie\/"]}]},{"@type":"ImageObject","inLanguage":"en-US","@id":"https:\/\/www.autocritica.ro\/en\/live-news\/hyundai-ioniq-3-prezentare-in-aprilie\/#primaryimage","url":"https:\/\/www.autocritica.ro\/wp-content\/uploads\/2026\/01\/hyundai-concept-three-exterior-03-scaled.jpg","contentUrl":"https:\/\/www.autocritica.ro\/wp-content\/uploads\/2026\/01\/hyundai-concept-three-exterior-03-scaled.jpg","width":2560,"height":1707},{"@type":"BreadcrumbList","@id":"https:\/\/www.autocritica.ro\/en\/live-news\/hyundai-ioniq-3-prezentare-in-aprilie\/#breadcrumb","itemListElement":[{"@type":"ListItem","position":1,"name":"Home","item":"https:\/\/www.autocritica.ro\/en\/"},{"@type":"ListItem","position":2,"name":"Live News","item":"https:\/\/www.autocritica.ro\/en\/live-news\/"},{"@type":"ListItem","position":3,"name":"Hyundai Ioniq 3: Prezentare \u00een aprilie"}]},{"@type":"WebSite","@id":"https:\/\/www.autocritica.ro\/en\/#website","url":"https:\/\/www.autocritica.ro\/en\/","name":"Autocritica","description":"","publisher":{"@id":"https:\/\/www.autocritica.ro\/en\/#organization"},"potentialAction":[{"@type":"SearchAction","target":{"@type":"EntryPoint","urlTemplate":"https:\/\/www.autocritica.ro\/en\/?s={search_term_string}"},"query-input":{"@type":"PropertyValueSpecification","valueRequired":true,"valueName":"search_term_string"}}],"inLanguage":"en-US"},{"@type":"Organization","@id":"https:\/\/www.autocritica.ro\/en\/#organization","name":"Autocritica","url":"https:\/\/www.autocritica.ro\/en\/","logo":{"@type":"ImageObject","inLanguage":"en-US","@id":"https:\/\/www.autocritica.ro\/en\/#\/schema\/logo\/image\/","url":"https:\/\/www.autocritica.ro\/wp-content\/uploads\/2020\/12\/logo-negru.png","contentUrl":"https:\/\/www.autocritica.ro\/wp-content\/uploads\/2020\/12\/logo-negru.png","width":300,"height":102,"caption":"Autocritica"},"image":{"@id":"https:\/\/www.autocritica.ro\/en\/#\/schema\/logo\/image\/"},"sameAs":["https:\/\/www.facebook.com\/autocritica.ro","https:\/\/www.instagram.com\/autocritica.ro\/"]}]}},"_links":{"self":[{"href":"https:\/\/www.autocritica.ro\/en\/wp-json\/wp\/v2\/live-news\/268894","targetHints":{"allow":["GET"]}}],"collection":[{"href":"https:\/\/www.autocritica.ro\/en\/wp-json\/wp\/v2\/live-news"}],"about":[{"href":"https:\/\/www.autocritica.ro\/en\/wp-json\/wp\/v2\/types\/live-news"}],"author":[{"embeddable":true,"href":"https:\/\/www.autocritica.ro\/en\/wp-json\/wp\/v2\/users\/4"}],"replies":[{"embeddable":true,"href":"https:\/\/www.autocritica.ro\/en\/wp-json\/wp\/v2\/comments?post=268894"}],"version-history":[{"count":3,"href":"https:\/\/www.autocritica.ro\/en\/wp-json\/wp\/v2\/live-news\/268894\/revisions"}],"predecessor-version":[{"id":268905,"href":"https:\/\/www.autocritica.ro\/en\/wp-json\/wp\/v2\/live-news\/268894\/revisions\/268905"}],"wp:featuredmedia":[{"embeddable":true,"href":"https:\/\/www.autocritica.ro\/en\/wp-json\/wp\/v2\/media\/268897"}],"wp:attachment":[{"href":"https:\/\/www.autocritica.ro\/en\/wp-json\/wp\/v2\/media?parent=268894"}],"wp:term":[{"taxonomy":"post_tag","embeddable":true,"href":"https:\/\/www.autocritica.ro\/en\/wp-json\/wp\/v2\/tags?post=268894"}],"curies":[{"name":"wp","href":"https:\/\/api.w.org\/{rel}","templated":true}]}}