{"id":268888,"date":"2026-01-21T13:54:22","date_gmt":"2026-01-21T10:54:22","guid":{"rendered":"https:\/\/www.autocritica.ro\/?post_type=live-news&#038;p=268888"},"modified":"2026-01-21T13:54:31","modified_gmt":"2026-01-21T10:54:31","slug":"mercedes-benz-clasa-s-facelift-peste-50-din-componente-au-fost-schimbate-sau-imbunatatite","status":"publish","type":"live-news","link":"https:\/\/www.autocritica.ro\/en\/live-news\/mercedes-benz-clasa-s-facelift-peste-50-din-componente-au-fost-schimbate-sau-imbunatatite\/","title":{"rendered":"Mercedes-Benz Clasa S facelift: Peste 50% din componente au fost schimbate sau \u00eembun\u0103t\u0103\u021bite"},"content":{"rendered":"\n<p>Mercedes-Benz preg\u0103te\u0219te lansarea lui Clasa S facelift.<\/p>\n\n\n\n<p>Pentru moment, oficialii m\u0103rcii au publicat o imagine cu modelul aflat sub camuflaj \u0219i au anun\u021bat c\u0103 prezentarea oficial\u0103 va avea loc \u00een 29 ianuarie.<\/p>\n\n\n\n<p>Totodat\u0103, constructorul ofer\u0103 \u0219i c\u00e2teva informa\u021bii referitoare la modific\u0103rile preg\u0103tite. Conform reprezentan\u021bilor, peste jum\u0103tate dintre componente au fost schimbate sau \u00eembun\u0103t\u0103\u021bite (aproximativ 2.700 de piese) comparativ cu actuala versiune. Spre exemplu, suspensia pneumatic\u0103 a fost recalibrat\u0103 pentru \u0219i mai mult confort, designul zonei frontale a fost remodelat, iar la interior, Clasa S facelift va beneficia de cea mai nou\u0103 variant\u0103 a sistemului Mercedes\u2011Benz Operating System.<\/p>\n\n\n\n<p>\u00cen plus, clien\u021bii viitorului Clasa S facelift vor putea opta pentru \u0219i mai multe echipamente personalizate prin intermediul programului Manufaktur.&nbsp;<\/p>\n\n\n\n<p>Via: Mercedes-Benz<\/p>\n","protected":false},"author":4,"featured_media":268890,"comment_status":"closed","ping_status":"closed","template":"","meta":{"_acf_changed":false,"footnotes":""},"tags":[6468],"class_list":["post-268888","live-news","type-live-news","status-publish","has-post-thumbnail","hentry","tag-clasa-s-facelift"],"acf":[],"yoast_head":"<!-- This site is optimized with the Yoast SEO Premium plugin v27.5 (Yoast SEO v27.5) - https:\/\/yoast.com\/product\/yoast-seo-premium-wordpress\/ -->\n<title>Mercedes-Benz Clasa S facelift: Peste 50% din componente au fost schimbate sau \u00eembun\u0103t\u0103\u021bite - Autocritica<\/title>\n<meta name=\"robots\" content=\"index, follow, max-snippet:-1, max-image-preview:large, max-video-preview:-1\" \/>\n<link rel=\"canonical\" href=\"https:\/\/www.autocritica.ro\/en\/live-news\/mercedes-benz-clasa-s-facelift-peste-50-din-componente-au-fost-schimbate-sau-imbunatatite\/\" \/>\n<meta property=\"og:locale\" content=\"en_US\" \/>\n<meta property=\"og:type\" content=\"article\" \/>\n<meta property=\"og:title\" content=\"Mercedes-Benz Clasa S facelift: Peste 50% din componente au fost schimbate sau \u00eembun\u0103t\u0103\u021bite\" \/>\n<meta property=\"og:description\" content=\"Mercedes-Benz preg\u0103te\u0219te lansarea lui Clasa S facelift. Pentru moment, oficialii m\u0103rcii au publicat o imagine cu modelul aflat sub camuflaj \u0219i au anun\u021bat\" \/>\n<meta property=\"og:url\" content=\"https:\/\/www.autocritica.ro\/en\/live-news\/mercedes-benz-clasa-s-facelift-peste-50-din-componente-au-fost-schimbate-sau-imbunatatite\/\" \/>\n<meta property=\"og:site_name\" content=\"Autocritica\" \/>\n<meta property=\"article:publisher\" content=\"https:\/\/www.facebook.com\/autocritica.ro\" \/>\n<meta property=\"article:modified_time\" content=\"2026-01-21T10:54:31+00:00\" \/>\n<meta property=\"og:image\" content=\"https:\/\/www.autocritica.ro\/wp-content\/uploads\/2026\/01\/26C0015_005.jpg\" \/>\n\t<meta property=\"og:image:width\" content=\"1920\" \/>\n\t<meta property=\"og:image:height\" content=\"1280\" \/>\n\t<meta property=\"og:image:type\" content=\"image\/jpeg\" \/>\n<meta name=\"twitter:card\" content=\"summary_large_image\" \/>\n<meta name=\"twitter:label1\" content=\"Est. reading time\" \/>\n\t<meta name=\"twitter:data1\" content=\"1 minute\" \/>\n<script type=\"application\/ld+json\" class=\"yoast-schema-graph\">{\"@context\":\"https:\\\/\\\/schema.org\",\"@graph\":[{\"@type\":\"WebPage\",\"@id\":\"https:\\\/\\\/www.autocritica.ro\\\/en\\\/live-news\\\/mercedes-benz-clasa-s-facelift-peste-50-din-componente-au-fost-schimbate-sau-imbunatatite\\\/\",\"url\":\"https:\\\/\\\/www.autocritica.ro\\\/en\\\/live-news\\\/mercedes-benz-clasa-s-facelift-peste-50-din-componente-au-fost-schimbate-sau-imbunatatite\\\/\",\"name\":\"Mercedes-Benz Clasa S facelift: Peste 50% din componente au fost schimbate sau \u00eembun\u0103t\u0103\u021bite - Autocritica\",\"isPartOf\":{\"@id\":\"https:\\\/\\\/www.autocritica.ro\\\/en\\\/#website\"},\"primaryImageOfPage\":{\"@id\":\"https:\\\/\\\/www.autocritica.ro\\\/en\\\/live-news\\\/mercedes-benz-clasa-s-facelift-peste-50-din-componente-au-fost-schimbate-sau-imbunatatite\\\/#primaryimage\"},\"image\":{\"@id\":\"https:\\\/\\\/www.autocritica.ro\\\/en\\\/live-news\\\/mercedes-benz-clasa-s-facelift-peste-50-din-componente-au-fost-schimbate-sau-imbunatatite\\\/#primaryimage\"},\"thumbnailUrl\":\"https:\\\/\\\/www.autocritica.ro\\\/wp-content\\\/uploads\\\/2026\\\/01\\\/26C0015_005.jpg\",\"datePublished\":\"2026-01-21T10:54:22+00:00\",\"dateModified\":\"2026-01-21T10:54:31+00:00\",\"breadcrumb\":{\"@id\":\"https:\\\/\\\/www.autocritica.ro\\\/en\\\/live-news\\\/mercedes-benz-clasa-s-facelift-peste-50-din-componente-au-fost-schimbate-sau-imbunatatite\\\/#breadcrumb\"},\"inLanguage\":\"en-US\",\"potentialAction\":[{\"@type\":\"ReadAction\",\"target\":[\"https:\\\/\\\/www.autocritica.ro\\\/en\\\/live-news\\\/mercedes-benz-clasa-s-facelift-peste-50-din-componente-au-fost-schimbate-sau-imbunatatite\\\/\"]}]},{\"@type\":\"ImageObject\",\"inLanguage\":\"en-US\",\"@id\":\"https:\\\/\\\/www.autocritica.ro\\\/en\\\/live-news\\\/mercedes-benz-clasa-s-facelift-peste-50-din-componente-au-fost-schimbate-sau-imbunatatite\\\/#primaryimage\",\"url\":\"https:\\\/\\\/www.autocritica.ro\\\/wp-content\\\/uploads\\\/2026\\\/01\\\/26C0015_005.jpg\",\"contentUrl\":\"https:\\\/\\\/www.autocritica.ro\\\/wp-content\\\/uploads\\\/2026\\\/01\\\/26C0015_005.jpg\",\"width\":1920,\"height\":1280,\"caption\":\"Sindelfingen, 2026: Die neue Mercedes-Benz S-Klasse Sindelfingen, 2026: The new Mercedes-Benz S-Class\"},{\"@type\":\"BreadcrumbList\",\"@id\":\"https:\\\/\\\/www.autocritica.ro\\\/en\\\/live-news\\\/mercedes-benz-clasa-s-facelift-peste-50-din-componente-au-fost-schimbate-sau-imbunatatite\\\/#breadcrumb\",\"itemListElement\":[{\"@type\":\"ListItem\",\"position\":1,\"name\":\"Home\",\"item\":\"https:\\\/\\\/www.autocritica.ro\\\/en\\\/\"},{\"@type\":\"ListItem\",\"position\":2,\"name\":\"Live News\",\"item\":\"https:\\\/\\\/www.autocritica.ro\\\/en\\\/live-news\\\/\"},{\"@type\":\"ListItem\",\"position\":3,\"name\":\"Mercedes-Benz Clasa S facelift: Peste 50% din componente au fost schimbate sau \u00eembun\u0103t\u0103\u021bite\"}]},{\"@type\":\"WebSite\",\"@id\":\"https:\\\/\\\/www.autocritica.ro\\\/en\\\/#website\",\"url\":\"https:\\\/\\\/www.autocritica.ro\\\/en\\\/\",\"name\":\"Autocritica\",\"description\":\"\",\"publisher\":{\"@id\":\"https:\\\/\\\/www.autocritica.ro\\\/en\\\/#organization\"},\"potentialAction\":[{\"@type\":\"SearchAction\",\"target\":{\"@type\":\"EntryPoint\",\"urlTemplate\":\"https:\\\/\\\/www.autocritica.ro\\\/en\\\/?s={search_term_string}\"},\"query-input\":{\"@type\":\"PropertyValueSpecification\",\"valueRequired\":true,\"valueName\":\"search_term_string\"}}],\"inLanguage\":\"en-US\"},{\"@type\":\"Organization\",\"@id\":\"https:\\\/\\\/www.autocritica.ro\\\/en\\\/#organization\",\"name\":\"Autocritica\",\"url\":\"https:\\\/\\\/www.autocritica.ro\\\/en\\\/\",\"logo\":{\"@type\":\"ImageObject\",\"inLanguage\":\"en-US\",\"@id\":\"https:\\\/\\\/www.autocritica.ro\\\/en\\\/#\\\/schema\\\/logo\\\/image\\\/\",\"url\":\"https:\\\/\\\/www.autocritica.ro\\\/wp-content\\\/uploads\\\/2020\\\/12\\\/logo-negru.png\",\"contentUrl\":\"https:\\\/\\\/www.autocritica.ro\\\/wp-content\\\/uploads\\\/2020\\\/12\\\/logo-negru.png\",\"width\":300,\"height\":102,\"caption\":\"Autocritica\"},\"image\":{\"@id\":\"https:\\\/\\\/www.autocritica.ro\\\/en\\\/#\\\/schema\\\/logo\\\/image\\\/\"},\"sameAs\":[\"https:\\\/\\\/www.facebook.com\\\/autocritica.ro\",\"https:\\\/\\\/www.instagram.com\\\/autocritica.ro\\\/\"]}]}<\/script>\n<!-- \/ Yoast SEO Premium plugin. -->","yoast_head_json":{"title":"Mercedes-Benz Clasa S facelift: Peste 50% din componente au fost schimbate sau \u00eembun\u0103t\u0103\u021bite - Autocritica","robots":{"index":"index","follow":"follow","max-snippet":"max-snippet:-1","max-image-preview":"max-image-preview:large","max-video-preview":"max-video-preview:-1"},"canonical":"https:\/\/www.autocritica.ro\/en\/live-news\/mercedes-benz-clasa-s-facelift-peste-50-din-componente-au-fost-schimbate-sau-imbunatatite\/","og_locale":"en_US","og_type":"article","og_title":"Mercedes-Benz Clasa S facelift: Peste 50% din componente au fost schimbate sau \u00eembun\u0103t\u0103\u021bite","og_description":"Mercedes-Benz preg\u0103te\u0219te lansarea lui Clasa S facelift. Pentru moment, oficialii m\u0103rcii au publicat o imagine cu modelul aflat sub camuflaj \u0219i au anun\u021bat","og_url":"https:\/\/www.autocritica.ro\/en\/live-news\/mercedes-benz-clasa-s-facelift-peste-50-din-componente-au-fost-schimbate-sau-imbunatatite\/","og_site_name":"Autocritica","article_publisher":"https:\/\/www.facebook.com\/autocritica.ro","article_modified_time":"2026-01-21T10:54:31+00:00","og_image":[{"width":1920,"height":1280,"url":"https:\/\/www.autocritica.ro\/wp-content\/uploads\/2026\/01\/26C0015_005.jpg","type":"image\/jpeg"}],"twitter_card":"summary_large_image","twitter_misc":{"Est. reading time":"1 minute"},"schema":{"@context":"https:\/\/schema.org","@graph":[{"@type":"WebPage","@id":"https:\/\/www.autocritica.ro\/en\/live-news\/mercedes-benz-clasa-s-facelift-peste-50-din-componente-au-fost-schimbate-sau-imbunatatite\/","url":"https:\/\/www.autocritica.ro\/en\/live-news\/mercedes-benz-clasa-s-facelift-peste-50-din-componente-au-fost-schimbate-sau-imbunatatite\/","name":"Mercedes-Benz Clasa S facelift: Peste 50% din componente au fost schimbate sau \u00eembun\u0103t\u0103\u021bite - Autocritica","isPartOf":{"@id":"https:\/\/www.autocritica.ro\/en\/#website"},"primaryImageOfPage":{"@id":"https:\/\/www.autocritica.ro\/en\/live-news\/mercedes-benz-clasa-s-facelift-peste-50-din-componente-au-fost-schimbate-sau-imbunatatite\/#primaryimage"},"image":{"@id":"https:\/\/www.autocritica.ro\/en\/live-news\/mercedes-benz-clasa-s-facelift-peste-50-din-componente-au-fost-schimbate-sau-imbunatatite\/#primaryimage"},"thumbnailUrl":"https:\/\/www.autocritica.ro\/wp-content\/uploads\/2026\/01\/26C0015_005.jpg","datePublished":"2026-01-21T10:54:22+00:00","dateModified":"2026-01-21T10:54:31+00:00","breadcrumb":{"@id":"https:\/\/www.autocritica.ro\/en\/live-news\/mercedes-benz-clasa-s-facelift-peste-50-din-componente-au-fost-schimbate-sau-imbunatatite\/#breadcrumb"},"inLanguage":"en-US","potentialAction":[{"@type":"ReadAction","target":["https:\/\/www.autocritica.ro\/en\/live-news\/mercedes-benz-clasa-s-facelift-peste-50-din-componente-au-fost-schimbate-sau-imbunatatite\/"]}]},{"@type":"ImageObject","inLanguage":"en-US","@id":"https:\/\/www.autocritica.ro\/en\/live-news\/mercedes-benz-clasa-s-facelift-peste-50-din-componente-au-fost-schimbate-sau-imbunatatite\/#primaryimage","url":"https:\/\/www.autocritica.ro\/wp-content\/uploads\/2026\/01\/26C0015_005.jpg","contentUrl":"https:\/\/www.autocritica.ro\/wp-content\/uploads\/2026\/01\/26C0015_005.jpg","width":1920,"height":1280,"caption":"Sindelfingen, 2026: Die neue Mercedes-Benz S-Klasse Sindelfingen, 2026: The new Mercedes-Benz S-Class"},{"@type":"BreadcrumbList","@id":"https:\/\/www.autocritica.ro\/en\/live-news\/mercedes-benz-clasa-s-facelift-peste-50-din-componente-au-fost-schimbate-sau-imbunatatite\/#breadcrumb","itemListElement":[{"@type":"ListItem","position":1,"name":"Home","item":"https:\/\/www.autocritica.ro\/en\/"},{"@type":"ListItem","position":2,"name":"Live News","item":"https:\/\/www.autocritica.ro\/en\/live-news\/"},{"@type":"ListItem","position":3,"name":"Mercedes-Benz Clasa S facelift: Peste 50% din componente au fost schimbate sau \u00eembun\u0103t\u0103\u021bite"}]},{"@type":"WebSite","@id":"https:\/\/www.autocritica.ro\/en\/#website","url":"https:\/\/www.autocritica.ro\/en\/","name":"Autocritica","description":"","publisher":{"@id":"https:\/\/www.autocritica.ro\/en\/#organization"},"potentialAction":[{"@type":"SearchAction","target":{"@type":"EntryPoint","urlTemplate":"https:\/\/www.autocritica.ro\/en\/?s={search_term_string}"},"query-input":{"@type":"PropertyValueSpecification","valueRequired":true,"valueName":"search_term_string"}}],"inLanguage":"en-US"},{"@type":"Organization","@id":"https:\/\/www.autocritica.ro\/en\/#organization","name":"Autocritica","url":"https:\/\/www.autocritica.ro\/en\/","logo":{"@type":"ImageObject","inLanguage":"en-US","@id":"https:\/\/www.autocritica.ro\/en\/#\/schema\/logo\/image\/","url":"https:\/\/www.autocritica.ro\/wp-content\/uploads\/2020\/12\/logo-negru.png","contentUrl":"https:\/\/www.autocritica.ro\/wp-content\/uploads\/2020\/12\/logo-negru.png","width":300,"height":102,"caption":"Autocritica"},"image":{"@id":"https:\/\/www.autocritica.ro\/en\/#\/schema\/logo\/image\/"},"sameAs":["https:\/\/www.facebook.com\/autocritica.ro","https:\/\/www.instagram.com\/autocritica.ro\/"]}]}},"_links":{"self":[{"href":"https:\/\/www.autocritica.ro\/en\/wp-json\/wp\/v2\/live-news\/268888","targetHints":{"allow":["GET"]}}],"collection":[{"href":"https:\/\/www.autocritica.ro\/en\/wp-json\/wp\/v2\/live-news"}],"about":[{"href":"https:\/\/www.autocritica.ro\/en\/wp-json\/wp\/v2\/types\/live-news"}],"author":[{"embeddable":true,"href":"https:\/\/www.autocritica.ro\/en\/wp-json\/wp\/v2\/users\/4"}],"replies":[{"embeddable":true,"href":"https:\/\/www.autocritica.ro\/en\/wp-json\/wp\/v2\/comments?post=268888"}],"version-history":[{"count":3,"href":"https:\/\/www.autocritica.ro\/en\/wp-json\/wp\/v2\/live-news\/268888\/revisions"}],"predecessor-version":[{"id":268893,"href":"https:\/\/www.autocritica.ro\/en\/wp-json\/wp\/v2\/live-news\/268888\/revisions\/268893"}],"wp:featuredmedia":[{"embeddable":true,"href":"https:\/\/www.autocritica.ro\/en\/wp-json\/wp\/v2\/media\/268890"}],"wp:attachment":[{"href":"https:\/\/www.autocritica.ro\/en\/wp-json\/wp\/v2\/media?parent=268888"}],"wp:term":[{"taxonomy":"post_tag","embeddable":true,"href":"https:\/\/www.autocritica.ro\/en\/wp-json\/wp\/v2\/tags?post=268888"}],"curies":[{"name":"wp","href":"https:\/\/api.w.org\/{rel}","templated":true}]}}