{"id":268878,"date":"2026-01-21T12:28:59","date_gmt":"2026-01-21T09:28:59","guid":{"rendered":"https:\/\/www.autocritica.ro\/?post_type=live-news&#038;p=268878"},"modified":"2026-01-21T12:29:12","modified_gmt":"2026-01-21T09:29:12","slug":"primele-imagini-cu-kia-niro-facelift-modificari-minore-la-exterior-si-plansa-de-bord-noua","status":"publish","type":"live-news","link":"https:\/\/www.autocritica.ro\/en\/live-news\/primele-imagini-cu-kia-niro-facelift-modificari-minore-la-exterior-si-plansa-de-bord-noua\/","title":{"rendered":"Primele imagini cu Kia Niro facelift: modific\u0103ri minore la exterior \u0219i plan\u0219\u0103 de bord nou\u0103"},"content":{"rendered":"\n<p>\u2022 Kia a publicat c\u00e2teva imagini cu Niro facelift.<\/p>\n\n\n\n<p>\u2022 Mici nout\u0103\u021bi exterioare: faruri restilizate, gril\u0103 frontal\u0103 modificat\u0103, elemente laterale dintr-un material plastic nou, spoiler spate remodelat \u0219i grafic\u0103 u\u0219or schimbat\u0103 pentru stopuri.<\/p>\n\n\n\n<p>\u2022 La interior, Kia a preg\u0103tit o plan\u0219\u0103 de bord restilizat\u0103, cu elemente preluate de la noul EV3. Cele dou\u0103 ecrane (instrumentarul de bord \u0219i ecranul sistemului de infotaintment, ambele de 12,3 inchi) sunt acum unite de un panou dreptunghiular, volanul are o form\u0103 nou\u0103 (cu partea de jos te\u0219it\u0103), iar tunelul median p\u0103streaz\u0103 configura\u021bia actual\u0103 \u00eens\u0103 propune materiale diferite pentru finisaje.<\/p>\n\n\n\n<p>\u2022 Pentru moment, Kia nu a oferit \u0219i detaliile tehnice referitoare la Niro facelift, urm\u00e2nd ca acestea s\u0103 fie publicate \u00een luna martie. Actuala variant\u0103 Niro miza pe trei variante de motorizare: full-hybrid, plug-in hybrid \u0219i electric.<\/p>\n\n\n\n<figure class=\"wp-block-gallery has-nested-images columns-default is-cropped wp-block-gallery-1 is-layout-flex wp-block-gallery-is-layout-flex\">\n<figure class=\"wp-block-image size-large\"><a href=\"https:\/\/www.autocritica.ro\/wp-content\/uploads\/2026\/01\/616820421_1300537035441680_6778903432490213537_n.jpg\" data-lbwps-width=\"2048\" data-lbwps-height=\"1152\" data-lbwps-srcsmall=\"https:\/\/www.autocritica.ro\/wp-content\/uploads\/2026\/01\/616820421_1300537035441680_6778903432490213537_n-300x169.jpg\"><img loading=\"lazy\" decoding=\"async\" width=\"1024\" height=\"576\" data-id=\"268882\" src=\"https:\/\/www.autocritica.ro\/wp-content\/uploads\/2026\/01\/616820421_1300537035441680_6778903432490213537_n-1024x576.jpg\" alt=\"\" class=\"wp-image-268882\" srcset=\"https:\/\/www.autocritica.ro\/wp-content\/uploads\/2026\/01\/616820421_1300537035441680_6778903432490213537_n-1024x576.jpg 1024w, https:\/\/www.autocritica.ro\/wp-content\/uploads\/2026\/01\/616820421_1300537035441680_6778903432490213537_n-300x169.jpg 300w, https:\/\/www.autocritica.ro\/wp-content\/uploads\/2026\/01\/616820421_1300537035441680_6778903432490213537_n-768x432.jpg 768w, https:\/\/www.autocritica.ro\/wp-content\/uploads\/2026\/01\/616820421_1300537035441680_6778903432490213537_n-1536x864.jpg 1536w, https:\/\/www.autocritica.ro\/wp-content\/uploads\/2026\/01\/616820421_1300537035441680_6778903432490213537_n.jpg 2048w\" sizes=\"auto, (max-width: 1024px) 100vw, 1024px\" \/><\/a><\/figure>\n\n\n\n<figure class=\"wp-block-image size-large\"><a href=\"https:\/\/www.autocritica.ro\/wp-content\/uploads\/2026\/01\/615818014_1300537038775013_1525027394333499750_n.jpg\" data-lbwps-width=\"2048\" data-lbwps-height=\"1152\" data-lbwps-srcsmall=\"https:\/\/www.autocritica.ro\/wp-content\/uploads\/2026\/01\/615818014_1300537038775013_1525027394333499750_n-300x169.jpg\"><img loading=\"lazy\" decoding=\"async\" width=\"1024\" height=\"576\" data-id=\"268884\" src=\"https:\/\/www.autocritica.ro\/wp-content\/uploads\/2026\/01\/615818014_1300537038775013_1525027394333499750_n-1024x576.jpg\" alt=\"\" class=\"wp-image-268884\" srcset=\"https:\/\/www.autocritica.ro\/wp-content\/uploads\/2026\/01\/615818014_1300537038775013_1525027394333499750_n-1024x576.jpg 1024w, https:\/\/www.autocritica.ro\/wp-content\/uploads\/2026\/01\/615818014_1300537038775013_1525027394333499750_n-300x169.jpg 300w, https:\/\/www.autocritica.ro\/wp-content\/uploads\/2026\/01\/615818014_1300537038775013_1525027394333499750_n-768x432.jpg 768w, https:\/\/www.autocritica.ro\/wp-content\/uploads\/2026\/01\/615818014_1300537038775013_1525027394333499750_n-1536x864.jpg 1536w, https:\/\/www.autocritica.ro\/wp-content\/uploads\/2026\/01\/615818014_1300537038775013_1525027394333499750_n.jpg 2048w\" sizes=\"auto, (max-width: 1024px) 100vw, 1024px\" \/><\/a><\/figure>\n\n\n\n<figure class=\"wp-block-image size-large\"><a href=\"https:\/\/www.autocritica.ro\/wp-content\/uploads\/2026\/01\/616812968_1300537025441681_4054203054324727231_n.jpg\" data-lbwps-width=\"2048\" data-lbwps-height=\"1152\" data-lbwps-srcsmall=\"https:\/\/www.autocritica.ro\/wp-content\/uploads\/2026\/01\/616812968_1300537025441681_4054203054324727231_n-300x169.jpg\"><img loading=\"lazy\" decoding=\"async\" width=\"1024\" height=\"576\" data-id=\"268880\" src=\"https:\/\/www.autocritica.ro\/wp-content\/uploads\/2026\/01\/616812968_1300537025441681_4054203054324727231_n-1024x576.jpg\" alt=\"\" class=\"wp-image-268880\" srcset=\"https:\/\/www.autocritica.ro\/wp-content\/uploads\/2026\/01\/616812968_1300537025441681_4054203054324727231_n-1024x576.jpg 1024w, https:\/\/www.autocritica.ro\/wp-content\/uploads\/2026\/01\/616812968_1300537025441681_4054203054324727231_n-300x169.jpg 300w, https:\/\/www.autocritica.ro\/wp-content\/uploads\/2026\/01\/616812968_1300537025441681_4054203054324727231_n-768x432.jpg 768w, https:\/\/www.autocritica.ro\/wp-content\/uploads\/2026\/01\/616812968_1300537025441681_4054203054324727231_n-1536x864.jpg 1536w, https:\/\/www.autocritica.ro\/wp-content\/uploads\/2026\/01\/616812968_1300537025441681_4054203054324727231_n.jpg 2048w\" sizes=\"auto, (max-width: 1024px) 100vw, 1024px\" \/><\/a><\/figure>\n<\/figure>\n\n\n\n<p>\u2022 Via: Kia<\/p>\n","protected":false},"author":4,"featured_media":268882,"comment_status":"closed","ping_status":"closed","template":"","meta":{"_acf_changed":false,"footnotes":""},"tags":[52,6467],"class_list":["post-268878","live-news","type-live-news","status-publish","has-post-thumbnail","hentry","tag-kia","tag-niro-facelift"],"acf":[],"yoast_head":"<!-- This site is optimized with the Yoast SEO Premium plugin v27.5 (Yoast SEO v27.5) - https:\/\/yoast.com\/product\/yoast-seo-premium-wordpress\/ -->\n<title>Primele imagini cu Kia Niro facelift: modific\u0103ri minore la exterior \u0219i plan\u0219\u0103 de bord nou\u0103 - Autocritica<\/title>\n<meta name=\"robots\" content=\"index, follow, max-snippet:-1, max-image-preview:large, max-video-preview:-1\" \/>\n<link rel=\"canonical\" href=\"https:\/\/www.autocritica.ro\/en\/live-news\/primele-imagini-cu-kia-niro-facelift-modificari-minore-la-exterior-si-plansa-de-bord-noua\/\" \/>\n<meta property=\"og:locale\" content=\"en_US\" \/>\n<meta property=\"og:type\" content=\"article\" \/>\n<meta property=\"og:title\" content=\"Primele imagini cu Kia Niro facelift: modific\u0103ri minore la exterior \u0219i plan\u0219\u0103 de bord nou\u0103\" \/>\n<meta property=\"og:description\" content=\"\u2022 Kia a publicat c\u00e2teva imagini cu Niro facelift. \u2022 Mici nout\u0103\u021bi exterioare: faruri restilizate, gril\u0103 frontal\u0103 modificat\u0103, elemente laterale dintr-un\" \/>\n<meta property=\"og:url\" content=\"https:\/\/www.autocritica.ro\/en\/live-news\/primele-imagini-cu-kia-niro-facelift-modificari-minore-la-exterior-si-plansa-de-bord-noua\/\" \/>\n<meta property=\"og:site_name\" content=\"Autocritica\" \/>\n<meta property=\"article:publisher\" content=\"https:\/\/www.facebook.com\/autocritica.ro\" \/>\n<meta property=\"article:modified_time\" content=\"2026-01-21T09:29:12+00:00\" \/>\n<meta property=\"og:image\" content=\"https:\/\/www.autocritica.ro\/wp-content\/uploads\/2026\/01\/616820421_1300537035441680_6778903432490213537_n.jpg\" \/>\n\t<meta property=\"og:image:width\" content=\"2048\" \/>\n\t<meta property=\"og:image:height\" content=\"1152\" \/>\n\t<meta property=\"og:image:type\" content=\"image\/jpeg\" \/>\n<meta name=\"twitter:card\" content=\"summary_large_image\" \/>\n<meta name=\"twitter:label1\" content=\"Est. reading time\" \/>\n\t<meta name=\"twitter:data1\" content=\"1 minute\" \/>\n<script type=\"application\/ld+json\" class=\"yoast-schema-graph\">{\"@context\":\"https:\\\/\\\/schema.org\",\"@graph\":[{\"@type\":\"WebPage\",\"@id\":\"https:\\\/\\\/www.autocritica.ro\\\/en\\\/live-news\\\/primele-imagini-cu-kia-niro-facelift-modificari-minore-la-exterior-si-plansa-de-bord-noua\\\/\",\"url\":\"https:\\\/\\\/www.autocritica.ro\\\/en\\\/live-news\\\/primele-imagini-cu-kia-niro-facelift-modificari-minore-la-exterior-si-plansa-de-bord-noua\\\/\",\"name\":\"Primele imagini cu Kia Niro facelift: modific\u0103ri minore la exterior \u0219i plan\u0219\u0103 de bord nou\u0103 - Autocritica\",\"isPartOf\":{\"@id\":\"https:\\\/\\\/www.autocritica.ro\\\/en\\\/#website\"},\"primaryImageOfPage\":{\"@id\":\"https:\\\/\\\/www.autocritica.ro\\\/en\\\/live-news\\\/primele-imagini-cu-kia-niro-facelift-modificari-minore-la-exterior-si-plansa-de-bord-noua\\\/#primaryimage\"},\"image\":{\"@id\":\"https:\\\/\\\/www.autocritica.ro\\\/en\\\/live-news\\\/primele-imagini-cu-kia-niro-facelift-modificari-minore-la-exterior-si-plansa-de-bord-noua\\\/#primaryimage\"},\"thumbnailUrl\":\"https:\\\/\\\/www.autocritica.ro\\\/wp-content\\\/uploads\\\/2026\\\/01\\\/616820421_1300537035441680_6778903432490213537_n.jpg\",\"datePublished\":\"2026-01-21T09:28:59+00:00\",\"dateModified\":\"2026-01-21T09:29:12+00:00\",\"breadcrumb\":{\"@id\":\"https:\\\/\\\/www.autocritica.ro\\\/en\\\/live-news\\\/primele-imagini-cu-kia-niro-facelift-modificari-minore-la-exterior-si-plansa-de-bord-noua\\\/#breadcrumb\"},\"inLanguage\":\"en-US\",\"potentialAction\":[{\"@type\":\"ReadAction\",\"target\":[\"https:\\\/\\\/www.autocritica.ro\\\/en\\\/live-news\\\/primele-imagini-cu-kia-niro-facelift-modificari-minore-la-exterior-si-plansa-de-bord-noua\\\/\"]}]},{\"@type\":\"ImageObject\",\"inLanguage\":\"en-US\",\"@id\":\"https:\\\/\\\/www.autocritica.ro\\\/en\\\/live-news\\\/primele-imagini-cu-kia-niro-facelift-modificari-minore-la-exterior-si-plansa-de-bord-noua\\\/#primaryimage\",\"url\":\"https:\\\/\\\/www.autocritica.ro\\\/wp-content\\\/uploads\\\/2026\\\/01\\\/616820421_1300537035441680_6778903432490213537_n.jpg\",\"contentUrl\":\"https:\\\/\\\/www.autocritica.ro\\\/wp-content\\\/uploads\\\/2026\\\/01\\\/616820421_1300537035441680_6778903432490213537_n.jpg\",\"width\":2048,\"height\":1152},{\"@type\":\"BreadcrumbList\",\"@id\":\"https:\\\/\\\/www.autocritica.ro\\\/en\\\/live-news\\\/primele-imagini-cu-kia-niro-facelift-modificari-minore-la-exterior-si-plansa-de-bord-noua\\\/#breadcrumb\",\"itemListElement\":[{\"@type\":\"ListItem\",\"position\":1,\"name\":\"Home\",\"item\":\"https:\\\/\\\/www.autocritica.ro\\\/en\\\/\"},{\"@type\":\"ListItem\",\"position\":2,\"name\":\"Live News\",\"item\":\"https:\\\/\\\/www.autocritica.ro\\\/en\\\/live-news\\\/\"},{\"@type\":\"ListItem\",\"position\":3,\"name\":\"Primele imagini cu Kia Niro facelift: modific\u0103ri minore la exterior \u0219i plan\u0219\u0103 de bord nou\u0103\"}]},{\"@type\":\"WebSite\",\"@id\":\"https:\\\/\\\/www.autocritica.ro\\\/en\\\/#website\",\"url\":\"https:\\\/\\\/www.autocritica.ro\\\/en\\\/\",\"name\":\"Autocritica\",\"description\":\"\",\"publisher\":{\"@id\":\"https:\\\/\\\/www.autocritica.ro\\\/en\\\/#organization\"},\"potentialAction\":[{\"@type\":\"SearchAction\",\"target\":{\"@type\":\"EntryPoint\",\"urlTemplate\":\"https:\\\/\\\/www.autocritica.ro\\\/en\\\/?s={search_term_string}\"},\"query-input\":{\"@type\":\"PropertyValueSpecification\",\"valueRequired\":true,\"valueName\":\"search_term_string\"}}],\"inLanguage\":\"en-US\"},{\"@type\":\"Organization\",\"@id\":\"https:\\\/\\\/www.autocritica.ro\\\/en\\\/#organization\",\"name\":\"Autocritica\",\"url\":\"https:\\\/\\\/www.autocritica.ro\\\/en\\\/\",\"logo\":{\"@type\":\"ImageObject\",\"inLanguage\":\"en-US\",\"@id\":\"https:\\\/\\\/www.autocritica.ro\\\/en\\\/#\\\/schema\\\/logo\\\/image\\\/\",\"url\":\"https:\\\/\\\/www.autocritica.ro\\\/wp-content\\\/uploads\\\/2020\\\/12\\\/logo-negru.png\",\"contentUrl\":\"https:\\\/\\\/www.autocritica.ro\\\/wp-content\\\/uploads\\\/2020\\\/12\\\/logo-negru.png\",\"width\":300,\"height\":102,\"caption\":\"Autocritica\"},\"image\":{\"@id\":\"https:\\\/\\\/www.autocritica.ro\\\/en\\\/#\\\/schema\\\/logo\\\/image\\\/\"},\"sameAs\":[\"https:\\\/\\\/www.facebook.com\\\/autocritica.ro\",\"https:\\\/\\\/www.instagram.com\\\/autocritica.ro\\\/\"]}]}<\/script>\n<!-- \/ Yoast SEO Premium plugin. -->","yoast_head_json":{"title":"Primele imagini cu Kia Niro facelift: modific\u0103ri minore la exterior \u0219i plan\u0219\u0103 de bord nou\u0103 - Autocritica","robots":{"index":"index","follow":"follow","max-snippet":"max-snippet:-1","max-image-preview":"max-image-preview:large","max-video-preview":"max-video-preview:-1"},"canonical":"https:\/\/www.autocritica.ro\/en\/live-news\/primele-imagini-cu-kia-niro-facelift-modificari-minore-la-exterior-si-plansa-de-bord-noua\/","og_locale":"en_US","og_type":"article","og_title":"Primele imagini cu Kia Niro facelift: modific\u0103ri minore la exterior \u0219i plan\u0219\u0103 de bord nou\u0103","og_description":"\u2022 Kia a publicat c\u00e2teva imagini cu Niro facelift. \u2022 Mici nout\u0103\u021bi exterioare: faruri restilizate, gril\u0103 frontal\u0103 modificat\u0103, elemente laterale dintr-un","og_url":"https:\/\/www.autocritica.ro\/en\/live-news\/primele-imagini-cu-kia-niro-facelift-modificari-minore-la-exterior-si-plansa-de-bord-noua\/","og_site_name":"Autocritica","article_publisher":"https:\/\/www.facebook.com\/autocritica.ro","article_modified_time":"2026-01-21T09:29:12+00:00","og_image":[{"width":2048,"height":1152,"url":"https:\/\/www.autocritica.ro\/wp-content\/uploads\/2026\/01\/616820421_1300537035441680_6778903432490213537_n.jpg","type":"image\/jpeg"}],"twitter_card":"summary_large_image","twitter_misc":{"Est. reading time":"1 minute"},"schema":{"@context":"https:\/\/schema.org","@graph":[{"@type":"WebPage","@id":"https:\/\/www.autocritica.ro\/en\/live-news\/primele-imagini-cu-kia-niro-facelift-modificari-minore-la-exterior-si-plansa-de-bord-noua\/","url":"https:\/\/www.autocritica.ro\/en\/live-news\/primele-imagini-cu-kia-niro-facelift-modificari-minore-la-exterior-si-plansa-de-bord-noua\/","name":"Primele imagini cu Kia Niro facelift: modific\u0103ri minore la exterior \u0219i plan\u0219\u0103 de bord nou\u0103 - Autocritica","isPartOf":{"@id":"https:\/\/www.autocritica.ro\/en\/#website"},"primaryImageOfPage":{"@id":"https:\/\/www.autocritica.ro\/en\/live-news\/primele-imagini-cu-kia-niro-facelift-modificari-minore-la-exterior-si-plansa-de-bord-noua\/#primaryimage"},"image":{"@id":"https:\/\/www.autocritica.ro\/en\/live-news\/primele-imagini-cu-kia-niro-facelift-modificari-minore-la-exterior-si-plansa-de-bord-noua\/#primaryimage"},"thumbnailUrl":"https:\/\/www.autocritica.ro\/wp-content\/uploads\/2026\/01\/616820421_1300537035441680_6778903432490213537_n.jpg","datePublished":"2026-01-21T09:28:59+00:00","dateModified":"2026-01-21T09:29:12+00:00","breadcrumb":{"@id":"https:\/\/www.autocritica.ro\/en\/live-news\/primele-imagini-cu-kia-niro-facelift-modificari-minore-la-exterior-si-plansa-de-bord-noua\/#breadcrumb"},"inLanguage":"en-US","potentialAction":[{"@type":"ReadAction","target":["https:\/\/www.autocritica.ro\/en\/live-news\/primele-imagini-cu-kia-niro-facelift-modificari-minore-la-exterior-si-plansa-de-bord-noua\/"]}]},{"@type":"ImageObject","inLanguage":"en-US","@id":"https:\/\/www.autocritica.ro\/en\/live-news\/primele-imagini-cu-kia-niro-facelift-modificari-minore-la-exterior-si-plansa-de-bord-noua\/#primaryimage","url":"https:\/\/www.autocritica.ro\/wp-content\/uploads\/2026\/01\/616820421_1300537035441680_6778903432490213537_n.jpg","contentUrl":"https:\/\/www.autocritica.ro\/wp-content\/uploads\/2026\/01\/616820421_1300537035441680_6778903432490213537_n.jpg","width":2048,"height":1152},{"@type":"BreadcrumbList","@id":"https:\/\/www.autocritica.ro\/en\/live-news\/primele-imagini-cu-kia-niro-facelift-modificari-minore-la-exterior-si-plansa-de-bord-noua\/#breadcrumb","itemListElement":[{"@type":"ListItem","position":1,"name":"Home","item":"https:\/\/www.autocritica.ro\/en\/"},{"@type":"ListItem","position":2,"name":"Live News","item":"https:\/\/www.autocritica.ro\/en\/live-news\/"},{"@type":"ListItem","position":3,"name":"Primele imagini cu Kia Niro facelift: modific\u0103ri minore la exterior \u0219i plan\u0219\u0103 de bord nou\u0103"}]},{"@type":"WebSite","@id":"https:\/\/www.autocritica.ro\/en\/#website","url":"https:\/\/www.autocritica.ro\/en\/","name":"Autocritica","description":"","publisher":{"@id":"https:\/\/www.autocritica.ro\/en\/#organization"},"potentialAction":[{"@type":"SearchAction","target":{"@type":"EntryPoint","urlTemplate":"https:\/\/www.autocritica.ro\/en\/?s={search_term_string}"},"query-input":{"@type":"PropertyValueSpecification","valueRequired":true,"valueName":"search_term_string"}}],"inLanguage":"en-US"},{"@type":"Organization","@id":"https:\/\/www.autocritica.ro\/en\/#organization","name":"Autocritica","url":"https:\/\/www.autocritica.ro\/en\/","logo":{"@type":"ImageObject","inLanguage":"en-US","@id":"https:\/\/www.autocritica.ro\/en\/#\/schema\/logo\/image\/","url":"https:\/\/www.autocritica.ro\/wp-content\/uploads\/2020\/12\/logo-negru.png","contentUrl":"https:\/\/www.autocritica.ro\/wp-content\/uploads\/2020\/12\/logo-negru.png","width":300,"height":102,"caption":"Autocritica"},"image":{"@id":"https:\/\/www.autocritica.ro\/en\/#\/schema\/logo\/image\/"},"sameAs":["https:\/\/www.facebook.com\/autocritica.ro","https:\/\/www.instagram.com\/autocritica.ro\/"]}]}},"_links":{"self":[{"href":"https:\/\/www.autocritica.ro\/en\/wp-json\/wp\/v2\/live-news\/268878","targetHints":{"allow":["GET"]}}],"collection":[{"href":"https:\/\/www.autocritica.ro\/en\/wp-json\/wp\/v2\/live-news"}],"about":[{"href":"https:\/\/www.autocritica.ro\/en\/wp-json\/wp\/v2\/types\/live-news"}],"author":[{"embeddable":true,"href":"https:\/\/www.autocritica.ro\/en\/wp-json\/wp\/v2\/users\/4"}],"replies":[{"embeddable":true,"href":"https:\/\/www.autocritica.ro\/en\/wp-json\/wp\/v2\/comments?post=268878"}],"version-history":[{"count":3,"href":"https:\/\/www.autocritica.ro\/en\/wp-json\/wp\/v2\/live-news\/268878\/revisions"}],"predecessor-version":[{"id":268887,"href":"https:\/\/www.autocritica.ro\/en\/wp-json\/wp\/v2\/live-news\/268878\/revisions\/268887"}],"wp:featuredmedia":[{"embeddable":true,"href":"https:\/\/www.autocritica.ro\/en\/wp-json\/wp\/v2\/media\/268882"}],"wp:attachment":[{"href":"https:\/\/www.autocritica.ro\/en\/wp-json\/wp\/v2\/media?parent=268878"}],"wp:term":[{"taxonomy":"post_tag","embeddable":true,"href":"https:\/\/www.autocritica.ro\/en\/wp-json\/wp\/v2\/tags?post=268878"}],"curies":[{"name":"wp","href":"https:\/\/api.w.org\/{rel}","templated":true}]}}