{"id":268730,"date":"2026-01-20T14:26:11","date_gmt":"2026-01-20T11:26:11","guid":{"rendered":"https:\/\/www.autocritica.ro\/?post_type=live-news&#038;p=268730"},"modified":"2026-01-20T14:26:38","modified_gmt":"2026-01-20T11:26:38","slug":"mercedes-benz-aniverseaza-50-de-ani-de-la-debutul-lui-w-123","status":"publish","type":"live-news","link":"https:\/\/www.autocritica.ro\/en\/live-news\/mercedes-benz-aniverseaza-50-de-ani-de-la-debutul-lui-w-123\/","title":{"rendered":"Mercedes-Benz aniverseaz\u0103 50 de ani de la debutul lui W 123"},"content":{"rendered":"\n<p>\u2022 Mercedes-Benz aniverseaz\u0103 o jum\u0103tate de secol de la debutul pe pia\u021b\u0103 al lui W 123. \u00cen ianuarie 1976, constructorul a organizat primele teste de pres\u0103 \u0219i de\u0219i debutul comercial a fost programat ceva mai t\u00e2rziu, marca german\u0103 anun\u021ba \u00een aceea\u0219i lun\u0103 c\u0103 produc\u021bia p\u00e2n\u0103 la finalul anului a fost deja epuizat\u0103.<\/p>\n\n\n\n<p>\u2022 Atuurile lui W 123: suspensia calibrat\u0103 excelent, spa\u021biul generos, calitatea finisajelor \u0219i solu\u021biile de siguran\u021b\u0103 activ\u0103 \u0219i pasiv\u0103.<\/p>\n\n\n\n<p>\u2022 Modelul a devenit rapid un simbol al culturii germane auto, iar un an mai t\u00e2rziu, \u00een prim\u0103vara lui 1977, constructorul lanseaz\u0103 varianta Coup\u00e9 (C 123). \u00cen toamna aceluia\u0219i an, Mercedes-Benz introduce \u0219i varianta break. (S 123) Ulterior, gama a fost completat\u0103 \u0219i de alte versiuni.<\/p>\n\n\n\n<p>\u2022 \u00cen 1977, deci la scurt timp de la debut, dou\u0103 exemplare Mercedes-Benz 280 E au luat startul \u00een competi\u021bia maraton Londra &#8211; Sydney \u0219i au \u00eencheiat pe primele dou\u0103 pozi\u021bii la finalul celor 30.000 de kilometri parcur\u0219i prin Europa, Asia \u0219i Australia. Ma\u0219ina c\u00e2\u0219tig\u0103toare a echipajului format din Andrew Cowan\/Colin Malkin\/Mike Broad se afl\u0103 expus\u0103 \u00een Muzeul Mercedes-Benz.<\/p>\n\n\n\n<p>\u2022 Mercedes-Benz a produs \u00een total aproape 2,7 milioane de unit\u0103\u021bi din seria 123. Cel mai popular a fost sedanul \u00een varianta 240 D (448.986 de exemplare), iar cea mai rar\u0103 variant\u0103 a fost 280 C (3.704 unit\u0103\u021bi).<\/p>\n\n\n\n<p>\u2022 \u00centruc\u00e2t seria 123 se num\u0103r\u0103 printre preferatele pasiona\u021bilor, constructorul german ofer\u0103 \u0219i ast\u0103zi o mul\u021bime de piese de schimb prin departamentul Mercedes-Benz Classic Genuine Parts.<\/p>\n\n\n\n<figure class=\"wp-block-gallery has-nested-images columns-default is-cropped wp-block-gallery-1 is-layout-flex wp-block-gallery-is-layout-flex\">\n<figure class=\"wp-block-image size-large\"><a href=\"https:\/\/www.autocritica.ro\/wp-content\/uploads\/2026\/01\/26c0004_001.jpg\" data-lbwps-width=\"2800\" data-lbwps-height=\"1867\" data-lbwps-srcsmall=\"https:\/\/www.autocritica.ro\/wp-content\/uploads\/2026\/01\/26c0004_001-300x200.jpg\"><img loading=\"lazy\" decoding=\"async\" width=\"1024\" height=\"683\" data-id=\"268732\" src=\"https:\/\/www.autocritica.ro\/wp-content\/uploads\/2026\/01\/26c0004_001-1024x683.jpg\" alt=\"\" class=\"wp-image-268732\" srcset=\"https:\/\/www.autocritica.ro\/wp-content\/uploads\/2026\/01\/26c0004_001-1024x683.jpg 1024w, https:\/\/www.autocritica.ro\/wp-content\/uploads\/2026\/01\/26c0004_001-300x200.jpg 300w, https:\/\/www.autocritica.ro\/wp-content\/uploads\/2026\/01\/26c0004_001-768x512.jpg 768w, https:\/\/www.autocritica.ro\/wp-content\/uploads\/2026\/01\/26c0004_001-1536x1024.jpg 1536w, https:\/\/www.autocritica.ro\/wp-content\/uploads\/2026\/01\/26c0004_001-2048x1366.jpg 2048w, https:\/\/www.autocritica.ro\/wp-content\/uploads\/2026\/01\/26c0004_001-1200x800.jpg 1200w, https:\/\/www.autocritica.ro\/wp-content\/uploads\/2026\/01\/26c0004_001-1000x666.jpg 1000w, https:\/\/www.autocritica.ro\/wp-content\/uploads\/2026\/01\/26c0004_001-2000x1333.jpg 2000w\" sizes=\"auto, (max-width: 1024px) 100vw, 1024px\" \/><\/a><\/figure>\n\n\n\n<figure class=\"wp-block-image size-large\"><a href=\"https:\/\/www.autocritica.ro\/wp-content\/uploads\/2026\/01\/26c0004_002.jpg\" data-lbwps-width=\"2800\" data-lbwps-height=\"1867\" data-lbwps-srcsmall=\"https:\/\/www.autocritica.ro\/wp-content\/uploads\/2026\/01\/26c0004_002-300x200.jpg\"><img loading=\"lazy\" decoding=\"async\" width=\"1024\" height=\"683\" data-id=\"268737\" src=\"https:\/\/www.autocritica.ro\/wp-content\/uploads\/2026\/01\/26c0004_002-1024x683.jpg\" alt=\"\" class=\"wp-image-268737\" srcset=\"https:\/\/www.autocritica.ro\/wp-content\/uploads\/2026\/01\/26c0004_002-1024x683.jpg 1024w, https:\/\/www.autocritica.ro\/wp-content\/uploads\/2026\/01\/26c0004_002-300x200.jpg 300w, https:\/\/www.autocritica.ro\/wp-content\/uploads\/2026\/01\/26c0004_002-768x512.jpg 768w, https:\/\/www.autocritica.ro\/wp-content\/uploads\/2026\/01\/26c0004_002-1536x1024.jpg 1536w, https:\/\/www.autocritica.ro\/wp-content\/uploads\/2026\/01\/26c0004_002-2048x1366.jpg 2048w, https:\/\/www.autocritica.ro\/wp-content\/uploads\/2026\/01\/26c0004_002-1200x800.jpg 1200w, https:\/\/www.autocritica.ro\/wp-content\/uploads\/2026\/01\/26c0004_002-1000x666.jpg 1000w, https:\/\/www.autocritica.ro\/wp-content\/uploads\/2026\/01\/26c0004_002-2000x1333.jpg 2000w\" sizes=\"auto, (max-width: 1024px) 100vw, 1024px\" \/><\/a><\/figure>\n\n\n\n<figure class=\"wp-block-image size-large\"><a href=\"https:\/\/www.autocritica.ro\/wp-content\/uploads\/2026\/01\/26c0004_004.jpg\" data-lbwps-width=\"2800\" data-lbwps-height=\"1867\" data-lbwps-srcsmall=\"https:\/\/www.autocritica.ro\/wp-content\/uploads\/2026\/01\/26c0004_004-300x200.jpg\"><img loading=\"lazy\" decoding=\"async\" width=\"1024\" height=\"683\" data-id=\"268735\" src=\"https:\/\/www.autocritica.ro\/wp-content\/uploads\/2026\/01\/26c0004_004-1024x683.jpg\" alt=\"\" class=\"wp-image-268735\" srcset=\"https:\/\/www.autocritica.ro\/wp-content\/uploads\/2026\/01\/26c0004_004-1024x683.jpg 1024w, https:\/\/www.autocritica.ro\/wp-content\/uploads\/2026\/01\/26c0004_004-300x200.jpg 300w, https:\/\/www.autocritica.ro\/wp-content\/uploads\/2026\/01\/26c0004_004-768x512.jpg 768w, https:\/\/www.autocritica.ro\/wp-content\/uploads\/2026\/01\/26c0004_004-1536x1024.jpg 1536w, https:\/\/www.autocritica.ro\/wp-content\/uploads\/2026\/01\/26c0004_004-2048x1366.jpg 2048w, https:\/\/www.autocritica.ro\/wp-content\/uploads\/2026\/01\/26c0004_004-1200x800.jpg 1200w, https:\/\/www.autocritica.ro\/wp-content\/uploads\/2026\/01\/26c0004_004-1000x666.jpg 1000w, https:\/\/www.autocritica.ro\/wp-content\/uploads\/2026\/01\/26c0004_004-2000x1333.jpg 2000w\" sizes=\"auto, (max-width: 1024px) 100vw, 1024px\" \/><\/a><\/figure>\n\n\n\n<figure class=\"wp-block-image size-large\"><a href=\"https:\/\/www.autocritica.ro\/wp-content\/uploads\/2026\/01\/26c0004_005.jpg\" data-lbwps-width=\"2800\" data-lbwps-height=\"1867\" data-lbwps-srcsmall=\"https:\/\/www.autocritica.ro\/wp-content\/uploads\/2026\/01\/26c0004_005-300x200.jpg\"><img loading=\"lazy\" decoding=\"async\" width=\"1024\" height=\"683\" data-id=\"268740\" src=\"https:\/\/www.autocritica.ro\/wp-content\/uploads\/2026\/01\/26c0004_005-1024x683.jpg\" alt=\"\" class=\"wp-image-268740\" srcset=\"https:\/\/www.autocritica.ro\/wp-content\/uploads\/2026\/01\/26c0004_005-1024x683.jpg 1024w, https:\/\/www.autocritica.ro\/wp-content\/uploads\/2026\/01\/26c0004_005-300x200.jpg 300w, https:\/\/www.autocritica.ro\/wp-content\/uploads\/2026\/01\/26c0004_005-768x512.jpg 768w, https:\/\/www.autocritica.ro\/wp-content\/uploads\/2026\/01\/26c0004_005-1536x1024.jpg 1536w, https:\/\/www.autocritica.ro\/wp-content\/uploads\/2026\/01\/26c0004_005-2048x1366.jpg 2048w, https:\/\/www.autocritica.ro\/wp-content\/uploads\/2026\/01\/26c0004_005-1200x800.jpg 1200w, https:\/\/www.autocritica.ro\/wp-content\/uploads\/2026\/01\/26c0004_005-1000x666.jpg 1000w, https:\/\/www.autocritica.ro\/wp-content\/uploads\/2026\/01\/26c0004_005-2000x1333.jpg 2000w\" sizes=\"auto, (max-width: 1024px) 100vw, 1024px\" \/><\/a><\/figure>\n\n\n\n<figure class=\"wp-block-image size-large\"><a href=\"https:\/\/www.autocritica.ro\/wp-content\/uploads\/2026\/01\/26c0004_006.jpg\" data-lbwps-width=\"2800\" data-lbwps-height=\"1867\" data-lbwps-srcsmall=\"https:\/\/www.autocritica.ro\/wp-content\/uploads\/2026\/01\/26c0004_006-300x200.jpg\"><img loading=\"lazy\" decoding=\"async\" width=\"1024\" height=\"683\" data-id=\"268733\" src=\"https:\/\/www.autocritica.ro\/wp-content\/uploads\/2026\/01\/26c0004_006-1024x683.jpg\" alt=\"\" class=\"wp-image-268733\" srcset=\"https:\/\/www.autocritica.ro\/wp-content\/uploads\/2026\/01\/26c0004_006-1024x683.jpg 1024w, https:\/\/www.autocritica.ro\/wp-content\/uploads\/2026\/01\/26c0004_006-300x200.jpg 300w, https:\/\/www.autocritica.ro\/wp-content\/uploads\/2026\/01\/26c0004_006-768x512.jpg 768w, https:\/\/www.autocritica.ro\/wp-content\/uploads\/2026\/01\/26c0004_006-1536x1024.jpg 1536w, https:\/\/www.autocritica.ro\/wp-content\/uploads\/2026\/01\/26c0004_006-2048x1366.jpg 2048w, https:\/\/www.autocritica.ro\/wp-content\/uploads\/2026\/01\/26c0004_006-1200x800.jpg 1200w, https:\/\/www.autocritica.ro\/wp-content\/uploads\/2026\/01\/26c0004_006-1000x666.jpg 1000w, https:\/\/www.autocritica.ro\/wp-content\/uploads\/2026\/01\/26c0004_006-2000x1333.jpg 2000w\" sizes=\"auto, (max-width: 1024px) 100vw, 1024px\" \/><\/a><\/figure>\n\n\n\n<figure class=\"wp-block-image size-large\"><a href=\"https:\/\/www.autocritica.ro\/wp-content\/uploads\/2026\/01\/26c0004_007.jpg\" data-lbwps-width=\"2800\" data-lbwps-height=\"1867\" data-lbwps-srcsmall=\"https:\/\/www.autocritica.ro\/wp-content\/uploads\/2026\/01\/26c0004_007-300x200.jpg\"><img loading=\"lazy\" decoding=\"async\" width=\"1024\" height=\"683\" data-id=\"268739\" src=\"https:\/\/www.autocritica.ro\/wp-content\/uploads\/2026\/01\/26c0004_007-1024x683.jpg\" alt=\"\" class=\"wp-image-268739\" srcset=\"https:\/\/www.autocritica.ro\/wp-content\/uploads\/2026\/01\/26c0004_007-1024x683.jpg 1024w, https:\/\/www.autocritica.ro\/wp-content\/uploads\/2026\/01\/26c0004_007-300x200.jpg 300w, https:\/\/www.autocritica.ro\/wp-content\/uploads\/2026\/01\/26c0004_007-768x512.jpg 768w, https:\/\/www.autocritica.ro\/wp-content\/uploads\/2026\/01\/26c0004_007-1536x1024.jpg 1536w, https:\/\/www.autocritica.ro\/wp-content\/uploads\/2026\/01\/26c0004_007-2048x1366.jpg 2048w, https:\/\/www.autocritica.ro\/wp-content\/uploads\/2026\/01\/26c0004_007-1200x800.jpg 1200w, https:\/\/www.autocritica.ro\/wp-content\/uploads\/2026\/01\/26c0004_007-1000x666.jpg 1000w, https:\/\/www.autocritica.ro\/wp-content\/uploads\/2026\/01\/26c0004_007-2000x1333.jpg 2000w\" sizes=\"auto, (max-width: 1024px) 100vw, 1024px\" \/><\/a><\/figure>\n\n\n\n<figure class=\"wp-block-image size-large\"><a href=\"https:\/\/www.autocritica.ro\/wp-content\/uploads\/2026\/01\/26c0004_010.jpg\" data-lbwps-width=\"2800\" data-lbwps-height=\"1867\" data-lbwps-srcsmall=\"https:\/\/www.autocritica.ro\/wp-content\/uploads\/2026\/01\/26c0004_010-300x200.jpg\"><img loading=\"lazy\" decoding=\"async\" width=\"1024\" height=\"683\" data-id=\"268742\" src=\"https:\/\/www.autocritica.ro\/wp-content\/uploads\/2026\/01\/26c0004_010-1024x683.jpg\" alt=\"\" class=\"wp-image-268742\" srcset=\"https:\/\/www.autocritica.ro\/wp-content\/uploads\/2026\/01\/26c0004_010-1024x683.jpg 1024w, https:\/\/www.autocritica.ro\/wp-content\/uploads\/2026\/01\/26c0004_010-300x200.jpg 300w, https:\/\/www.autocritica.ro\/wp-content\/uploads\/2026\/01\/26c0004_010-768x512.jpg 768w, https:\/\/www.autocritica.ro\/wp-content\/uploads\/2026\/01\/26c0004_010-1536x1024.jpg 1536w, https:\/\/www.autocritica.ro\/wp-content\/uploads\/2026\/01\/26c0004_010-2048x1366.jpg 2048w, https:\/\/www.autocritica.ro\/wp-content\/uploads\/2026\/01\/26c0004_010-1200x800.jpg 1200w, https:\/\/www.autocritica.ro\/wp-content\/uploads\/2026\/01\/26c0004_010-1000x666.jpg 1000w, https:\/\/www.autocritica.ro\/wp-content\/uploads\/2026\/01\/26c0004_010-2000x1333.jpg 2000w\" sizes=\"auto, (max-width: 1024px) 100vw, 1024px\" \/><\/a><\/figure>\n\n\n\n<figure class=\"wp-block-image size-large\"><a href=\"https:\/\/www.autocritica.ro\/wp-content\/uploads\/2026\/01\/26c0004_018.jpg\" data-lbwps-width=\"2800\" data-lbwps-height=\"1837\" data-lbwps-srcsmall=\"https:\/\/www.autocritica.ro\/wp-content\/uploads\/2026\/01\/26c0004_018-300x197.jpg\"><img loading=\"lazy\" decoding=\"async\" width=\"1024\" height=\"672\" data-id=\"268743\" src=\"https:\/\/www.autocritica.ro\/wp-content\/uploads\/2026\/01\/26c0004_018-1024x672.jpg\" alt=\"\" class=\"wp-image-268743\" srcset=\"https:\/\/www.autocritica.ro\/wp-content\/uploads\/2026\/01\/26c0004_018-1024x672.jpg 1024w, https:\/\/www.autocritica.ro\/wp-content\/uploads\/2026\/01\/26c0004_018-300x197.jpg 300w, https:\/\/www.autocritica.ro\/wp-content\/uploads\/2026\/01\/26c0004_018-768x504.jpg 768w, https:\/\/www.autocritica.ro\/wp-content\/uploads\/2026\/01\/26c0004_018-1536x1008.jpg 1536w, https:\/\/www.autocritica.ro\/wp-content\/uploads\/2026\/01\/26c0004_018-2048x1344.jpg 2048w\" sizes=\"auto, (max-width: 1024px) 100vw, 1024px\" \/><\/a><\/figure>\n<\/figure>\n\n\n\n<p>\u2022 Via: Mercedes-Benz<\/p>\n","protected":false},"author":4,"featured_media":268737,"comment_status":"closed","ping_status":"closed","template":"","meta":{"_acf_changed":false,"footnotes":""},"tags":[56,6466],"class_list":["post-268730","live-news","type-live-news","status-publish","has-post-thumbnail","hentry","tag-mercedes","tag-mercedes-w-123"],"acf":[],"yoast_head":"<!-- This site is optimized with the Yoast SEO Premium plugin v27.5 (Yoast SEO v27.5) - https:\/\/yoast.com\/product\/yoast-seo-premium-wordpress\/ -->\n<title>Mercedes-Benz aniverseaz\u0103 50 de ani de la debutul lui W 123 - Autocritica<\/title>\n<meta name=\"robots\" content=\"index, follow, max-snippet:-1, max-image-preview:large, max-video-preview:-1\" \/>\n<link rel=\"canonical\" href=\"https:\/\/www.autocritica.ro\/en\/live-news\/mercedes-benz-aniverseaza-50-de-ani-de-la-debutul-lui-w-123\/\" \/>\n<meta property=\"og:locale\" content=\"en_US\" \/>\n<meta property=\"og:type\" content=\"article\" \/>\n<meta property=\"og:title\" content=\"Mercedes-Benz aniverseaz\u0103 50 de ani de la debutul lui W 123\" \/>\n<meta property=\"og:description\" content=\"\u2022 Mercedes-Benz aniverseaz\u0103 o jum\u0103tate de secol de la debutul pe pia\u021b\u0103 al lui W 123. \u00cen ianuarie 1976, constructorul a organizat primele teste de pres\u0103 \u0219i\" \/>\n<meta property=\"og:url\" content=\"https:\/\/www.autocritica.ro\/en\/live-news\/mercedes-benz-aniverseaza-50-de-ani-de-la-debutul-lui-w-123\/\" \/>\n<meta property=\"og:site_name\" content=\"Autocritica\" \/>\n<meta property=\"article:publisher\" content=\"https:\/\/www.facebook.com\/autocritica.ro\" \/>\n<meta property=\"article:modified_time\" content=\"2026-01-20T11:26:38+00:00\" \/>\n<meta property=\"og:image\" content=\"https:\/\/www.autocritica.ro\/wp-content\/uploads\/2026\/01\/26c0004_002-scaled.jpg\" \/>\n\t<meta property=\"og:image:width\" content=\"2560\" \/>\n\t<meta property=\"og:image:height\" content=\"1707\" \/>\n\t<meta property=\"og:image:type\" content=\"image\/jpeg\" \/>\n<meta name=\"twitter:card\" content=\"summary_large_image\" \/>\n<meta name=\"twitter:label1\" content=\"Est. reading time\" \/>\n\t<meta name=\"twitter:data1\" content=\"1 minute\" \/>\n<script type=\"application\/ld+json\" class=\"yoast-schema-graph\">{\"@context\":\"https:\\\/\\\/schema.org\",\"@graph\":[{\"@type\":\"WebPage\",\"@id\":\"https:\\\/\\\/www.autocritica.ro\\\/en\\\/live-news\\\/mercedes-benz-aniverseaza-50-de-ani-de-la-debutul-lui-w-123\\\/\",\"url\":\"https:\\\/\\\/www.autocritica.ro\\\/en\\\/live-news\\\/mercedes-benz-aniverseaza-50-de-ani-de-la-debutul-lui-w-123\\\/\",\"name\":\"Mercedes-Benz aniverseaz\u0103 50 de ani de la debutul lui W 123 - Autocritica\",\"isPartOf\":{\"@id\":\"https:\\\/\\\/www.autocritica.ro\\\/en\\\/#website\"},\"primaryImageOfPage\":{\"@id\":\"https:\\\/\\\/www.autocritica.ro\\\/en\\\/live-news\\\/mercedes-benz-aniverseaza-50-de-ani-de-la-debutul-lui-w-123\\\/#primaryimage\"},\"image\":{\"@id\":\"https:\\\/\\\/www.autocritica.ro\\\/en\\\/live-news\\\/mercedes-benz-aniverseaza-50-de-ani-de-la-debutul-lui-w-123\\\/#primaryimage\"},\"thumbnailUrl\":\"https:\\\/\\\/www.autocritica.ro\\\/wp-content\\\/uploads\\\/2026\\\/01\\\/26c0004_002-scaled.jpg\",\"datePublished\":\"2026-01-20T11:26:11+00:00\",\"dateModified\":\"2026-01-20T11:26:38+00:00\",\"breadcrumb\":{\"@id\":\"https:\\\/\\\/www.autocritica.ro\\\/en\\\/live-news\\\/mercedes-benz-aniverseaza-50-de-ani-de-la-debutul-lui-w-123\\\/#breadcrumb\"},\"inLanguage\":\"en-US\",\"potentialAction\":[{\"@type\":\"ReadAction\",\"target\":[\"https:\\\/\\\/www.autocritica.ro\\\/en\\\/live-news\\\/mercedes-benz-aniverseaza-50-de-ani-de-la-debutul-lui-w-123\\\/\"]}]},{\"@type\":\"ImageObject\",\"inLanguage\":\"en-US\",\"@id\":\"https:\\\/\\\/www.autocritica.ro\\\/en\\\/live-news\\\/mercedes-benz-aniverseaza-50-de-ani-de-la-debutul-lui-w-123\\\/#primaryimage\",\"url\":\"https:\\\/\\\/www.autocritica.ro\\\/wp-content\\\/uploads\\\/2026\\\/01\\\/26c0004_002-scaled.jpg\",\"contentUrl\":\"https:\\\/\\\/www.autocritica.ro\\\/wp-content\\\/uploads\\\/2026\\\/01\\\/26c0004_002-scaled.jpg\",\"width\":2560,\"height\":1707},{\"@type\":\"BreadcrumbList\",\"@id\":\"https:\\\/\\\/www.autocritica.ro\\\/en\\\/live-news\\\/mercedes-benz-aniverseaza-50-de-ani-de-la-debutul-lui-w-123\\\/#breadcrumb\",\"itemListElement\":[{\"@type\":\"ListItem\",\"position\":1,\"name\":\"Home\",\"item\":\"https:\\\/\\\/www.autocritica.ro\\\/en\\\/\"},{\"@type\":\"ListItem\",\"position\":2,\"name\":\"Live News\",\"item\":\"https:\\\/\\\/www.autocritica.ro\\\/en\\\/live-news\\\/\"},{\"@type\":\"ListItem\",\"position\":3,\"name\":\"Mercedes-Benz aniverseaz\u0103 50 de ani de la debutul lui W 123\"}]},{\"@type\":\"WebSite\",\"@id\":\"https:\\\/\\\/www.autocritica.ro\\\/en\\\/#website\",\"url\":\"https:\\\/\\\/www.autocritica.ro\\\/en\\\/\",\"name\":\"Autocritica\",\"description\":\"\",\"publisher\":{\"@id\":\"https:\\\/\\\/www.autocritica.ro\\\/en\\\/#organization\"},\"potentialAction\":[{\"@type\":\"SearchAction\",\"target\":{\"@type\":\"EntryPoint\",\"urlTemplate\":\"https:\\\/\\\/www.autocritica.ro\\\/en\\\/?s={search_term_string}\"},\"query-input\":{\"@type\":\"PropertyValueSpecification\",\"valueRequired\":true,\"valueName\":\"search_term_string\"}}],\"inLanguage\":\"en-US\"},{\"@type\":\"Organization\",\"@id\":\"https:\\\/\\\/www.autocritica.ro\\\/en\\\/#organization\",\"name\":\"Autocritica\",\"url\":\"https:\\\/\\\/www.autocritica.ro\\\/en\\\/\",\"logo\":{\"@type\":\"ImageObject\",\"inLanguage\":\"en-US\",\"@id\":\"https:\\\/\\\/www.autocritica.ro\\\/en\\\/#\\\/schema\\\/logo\\\/image\\\/\",\"url\":\"https:\\\/\\\/www.autocritica.ro\\\/wp-content\\\/uploads\\\/2020\\\/12\\\/logo-negru.png\",\"contentUrl\":\"https:\\\/\\\/www.autocritica.ro\\\/wp-content\\\/uploads\\\/2020\\\/12\\\/logo-negru.png\",\"width\":300,\"height\":102,\"caption\":\"Autocritica\"},\"image\":{\"@id\":\"https:\\\/\\\/www.autocritica.ro\\\/en\\\/#\\\/schema\\\/logo\\\/image\\\/\"},\"sameAs\":[\"https:\\\/\\\/www.facebook.com\\\/autocritica.ro\",\"https:\\\/\\\/www.instagram.com\\\/autocritica.ro\\\/\"]}]}<\/script>\n<!-- \/ Yoast SEO Premium plugin. -->","yoast_head_json":{"title":"Mercedes-Benz aniverseaz\u0103 50 de ani de la debutul lui W 123 - Autocritica","robots":{"index":"index","follow":"follow","max-snippet":"max-snippet:-1","max-image-preview":"max-image-preview:large","max-video-preview":"max-video-preview:-1"},"canonical":"https:\/\/www.autocritica.ro\/en\/live-news\/mercedes-benz-aniverseaza-50-de-ani-de-la-debutul-lui-w-123\/","og_locale":"en_US","og_type":"article","og_title":"Mercedes-Benz aniverseaz\u0103 50 de ani de la debutul lui W 123","og_description":"\u2022 Mercedes-Benz aniverseaz\u0103 o jum\u0103tate de secol de la debutul pe pia\u021b\u0103 al lui W 123. \u00cen ianuarie 1976, constructorul a organizat primele teste de pres\u0103 \u0219i","og_url":"https:\/\/www.autocritica.ro\/en\/live-news\/mercedes-benz-aniverseaza-50-de-ani-de-la-debutul-lui-w-123\/","og_site_name":"Autocritica","article_publisher":"https:\/\/www.facebook.com\/autocritica.ro","article_modified_time":"2026-01-20T11:26:38+00:00","og_image":[{"width":2560,"height":1707,"url":"https:\/\/www.autocritica.ro\/wp-content\/uploads\/2026\/01\/26c0004_002-scaled.jpg","type":"image\/jpeg"}],"twitter_card":"summary_large_image","twitter_misc":{"Est. reading time":"1 minute"},"schema":{"@context":"https:\/\/schema.org","@graph":[{"@type":"WebPage","@id":"https:\/\/www.autocritica.ro\/en\/live-news\/mercedes-benz-aniverseaza-50-de-ani-de-la-debutul-lui-w-123\/","url":"https:\/\/www.autocritica.ro\/en\/live-news\/mercedes-benz-aniverseaza-50-de-ani-de-la-debutul-lui-w-123\/","name":"Mercedes-Benz aniverseaz\u0103 50 de ani de la debutul lui W 123 - Autocritica","isPartOf":{"@id":"https:\/\/www.autocritica.ro\/en\/#website"},"primaryImageOfPage":{"@id":"https:\/\/www.autocritica.ro\/en\/live-news\/mercedes-benz-aniverseaza-50-de-ani-de-la-debutul-lui-w-123\/#primaryimage"},"image":{"@id":"https:\/\/www.autocritica.ro\/en\/live-news\/mercedes-benz-aniverseaza-50-de-ani-de-la-debutul-lui-w-123\/#primaryimage"},"thumbnailUrl":"https:\/\/www.autocritica.ro\/wp-content\/uploads\/2026\/01\/26c0004_002-scaled.jpg","datePublished":"2026-01-20T11:26:11+00:00","dateModified":"2026-01-20T11:26:38+00:00","breadcrumb":{"@id":"https:\/\/www.autocritica.ro\/en\/live-news\/mercedes-benz-aniverseaza-50-de-ani-de-la-debutul-lui-w-123\/#breadcrumb"},"inLanguage":"en-US","potentialAction":[{"@type":"ReadAction","target":["https:\/\/www.autocritica.ro\/en\/live-news\/mercedes-benz-aniverseaza-50-de-ani-de-la-debutul-lui-w-123\/"]}]},{"@type":"ImageObject","inLanguage":"en-US","@id":"https:\/\/www.autocritica.ro\/en\/live-news\/mercedes-benz-aniverseaza-50-de-ani-de-la-debutul-lui-w-123\/#primaryimage","url":"https:\/\/www.autocritica.ro\/wp-content\/uploads\/2026\/01\/26c0004_002-scaled.jpg","contentUrl":"https:\/\/www.autocritica.ro\/wp-content\/uploads\/2026\/01\/26c0004_002-scaled.jpg","width":2560,"height":1707},{"@type":"BreadcrumbList","@id":"https:\/\/www.autocritica.ro\/en\/live-news\/mercedes-benz-aniverseaza-50-de-ani-de-la-debutul-lui-w-123\/#breadcrumb","itemListElement":[{"@type":"ListItem","position":1,"name":"Home","item":"https:\/\/www.autocritica.ro\/en\/"},{"@type":"ListItem","position":2,"name":"Live News","item":"https:\/\/www.autocritica.ro\/en\/live-news\/"},{"@type":"ListItem","position":3,"name":"Mercedes-Benz aniverseaz\u0103 50 de ani de la debutul lui W 123"}]},{"@type":"WebSite","@id":"https:\/\/www.autocritica.ro\/en\/#website","url":"https:\/\/www.autocritica.ro\/en\/","name":"Autocritica","description":"","publisher":{"@id":"https:\/\/www.autocritica.ro\/en\/#organization"},"potentialAction":[{"@type":"SearchAction","target":{"@type":"EntryPoint","urlTemplate":"https:\/\/www.autocritica.ro\/en\/?s={search_term_string}"},"query-input":{"@type":"PropertyValueSpecification","valueRequired":true,"valueName":"search_term_string"}}],"inLanguage":"en-US"},{"@type":"Organization","@id":"https:\/\/www.autocritica.ro\/en\/#organization","name":"Autocritica","url":"https:\/\/www.autocritica.ro\/en\/","logo":{"@type":"ImageObject","inLanguage":"en-US","@id":"https:\/\/www.autocritica.ro\/en\/#\/schema\/logo\/image\/","url":"https:\/\/www.autocritica.ro\/wp-content\/uploads\/2020\/12\/logo-negru.png","contentUrl":"https:\/\/www.autocritica.ro\/wp-content\/uploads\/2020\/12\/logo-negru.png","width":300,"height":102,"caption":"Autocritica"},"image":{"@id":"https:\/\/www.autocritica.ro\/en\/#\/schema\/logo\/image\/"},"sameAs":["https:\/\/www.facebook.com\/autocritica.ro","https:\/\/www.instagram.com\/autocritica.ro\/"]}]}},"_links":{"self":[{"href":"https:\/\/www.autocritica.ro\/en\/wp-json\/wp\/v2\/live-news\/268730","targetHints":{"allow":["GET"]}}],"collection":[{"href":"https:\/\/www.autocritica.ro\/en\/wp-json\/wp\/v2\/live-news"}],"about":[{"href":"https:\/\/www.autocritica.ro\/en\/wp-json\/wp\/v2\/types\/live-news"}],"author":[{"embeddable":true,"href":"https:\/\/www.autocritica.ro\/en\/wp-json\/wp\/v2\/users\/4"}],"replies":[{"embeddable":true,"href":"https:\/\/www.autocritica.ro\/en\/wp-json\/wp\/v2\/comments?post=268730"}],"version-history":[{"count":3,"href":"https:\/\/www.autocritica.ro\/en\/wp-json\/wp\/v2\/live-news\/268730\/revisions"}],"predecessor-version":[{"id":268747,"href":"https:\/\/www.autocritica.ro\/en\/wp-json\/wp\/v2\/live-news\/268730\/revisions\/268747"}],"wp:featuredmedia":[{"embeddable":true,"href":"https:\/\/www.autocritica.ro\/en\/wp-json\/wp\/v2\/media\/268737"}],"wp:attachment":[{"href":"https:\/\/www.autocritica.ro\/en\/wp-json\/wp\/v2\/media?parent=268730"}],"wp:term":[{"taxonomy":"post_tag","embeddable":true,"href":"https:\/\/www.autocritica.ro\/en\/wp-json\/wp\/v2\/tags?post=268730"}],"curies":[{"name":"wp","href":"https:\/\/api.w.org\/{rel}","templated":true}]}}