{"id":268723,"date":"2026-01-20T13:19:38","date_gmt":"2026-01-20T10:19:38","guid":{"rendered":"https:\/\/www.autocritica.ro\/?post_type=live-news&#038;p=268723"},"modified":"2026-01-20T13:19:51","modified_gmt":"2026-01-20T10:19:51","slug":"renault-in-europa-in-2025-masinile-electrice-hibride-si-phev-60-din-vanzari","status":"publish","type":"live-news","link":"https:\/\/www.autocritica.ro\/en\/live-news\/renault-in-europa-in-2025-masinile-electrice-hibride-si-phev-60-din-vanzari\/","title":{"rendered":"Renault \u00een Europa \u00een 2025: ma\u0219inile electrice, hibride \u0219i PHEV, 60% din v\u00e2nz\u0103ri"},"content":{"rendered":"\n<p>\u2022 Renault a publicat raportul de v\u00e2nz\u0103ri pe anul 2025. Conform acestuia, marca francez\u0103 a \u00eenregistrat o cre\u0219tere a v\u00e2nz\u0103rilor la nivel global de 3,2%, cu peste 1,6 milioane de vehicule de pasageri \u0219i vehicule comerciale comercializate anul trecut. Strict pe segmentul vehiculelor de pasageri, cre\u0219terea ob\u021binut\u0103 de marca francez\u0103 este de 10% (aproape 1,3 milioane de unit\u0103\u021bi v\u00e2ndute la nivel global).<\/p>\n\n\n\n<p>\u2022 Pe pia\u021ba din Europa, Renault s-a clasat pe locul al doilea \u00een topul constructorilor cu v\u00e2nz\u0103ri cumulate (vehicule pasageri \u0219i vehicule comerciale) de 1.004.000 de unit\u0103\u021bi. Strict pe segmentul vehiculelor de pasageri, conform datelor publicate de speciali\u0219tii de la DataForce, Renault ocup\u0103 locul al cincilea \u00een Europa (751.971 de unit\u0103\u021bi v\u00e2ndute) \u00een spatele Volkswagen, Toyota, Skoda \u0219i BMW.<\/p>\n\n\n\n<p>\u2022 Conform raportului Renault, anul trecut, 60% din v\u00e2nz\u0103rile totale de vehicule de pasageri au fost reprezentate de ma\u0219inile electrice, full-hybrid \u0219i plug-in hybrid (\u00een cre\u0219tere cu 12 puncte procentuale fa\u021b\u0103 de 2024).<\/p>\n\n\n\n<p>\u2022 V\u00e2nz\u0103rile de electrice au crescut anul trecut cu 72,2% (151.939 de unit\u0103\u021bi v\u00e2ndute \u00een Europa).<\/p>\n\n\n\n<p>\u2022 \u00cen ceea ce prive\u0219te versiunile full-hybrid, produc\u0103torul spune c\u0103 a \u00eenregistrat o cre\u0219tere de 17% (287.374 de unit\u0103\u021bi). \u00cen urma acestui rezultat, Renault s-a clasat pe locul ai doilea pe pia\u021ba european\u0103 a vehiculelor hibride \u00een 2025.<\/p>\n\n\n\n<p>\u2022 Renault 5 E-Tech Electric a fost cel mai bine v\u00e2ndut model electric \u00een Europa \u00een segmentul mic (81.611 de unit\u0103\u021bi).<\/p>\n\n\n\n<p>\u2022 Renault Symbioz a fost cel mai bine v\u00e2ndut model full-hybrid al m\u0103rcii \u00een Europa.<\/p>\n\n\n\n<p>\u2022 Pentru 2026, Renault anun\u021b\u0103 debutul comercial al lui Twingo E-Tech \u0219i prezentarea lui Megane MY2026.<\/p>\n\n\n\n<p>\u2022 La nivel de grup (Renault, Dacia \u0219i Alpine), francezii au raportat o cre\u0219tere global\u0103 a v\u00e2nz\u0103rilor de 3,2% (peste 2,3 milioane de ma\u0219ini).<\/p>\n\n\n\n<p>\u2022 Via: Renault, DataForce<\/p>\n","protected":false},"author":4,"featured_media":268725,"comment_status":"closed","ping_status":"closed","template":"","meta":{"_acf_changed":false,"footnotes":""},"tags":[916,917,5521],"class_list":["post-268723","live-news","type-live-news","status-publish","has-post-thumbnail","hentry","tag-renault","tag-renault-5","tag-vanzari-renault"],"acf":[],"yoast_head":"<!-- This site is optimized with the Yoast SEO Premium plugin v27.5 (Yoast SEO v27.5) - https:\/\/yoast.com\/product\/yoast-seo-premium-wordpress\/ -->\n<title>Renault \u00een Europa \u00een 2025: ma\u0219inile electrice, hibride \u0219i PHEV, 60% din v\u00e2nz\u0103ri - Autocritica<\/title>\n<meta name=\"robots\" content=\"index, follow, max-snippet:-1, max-image-preview:large, max-video-preview:-1\" \/>\n<link rel=\"canonical\" href=\"https:\/\/www.autocritica.ro\/en\/live-news\/renault-in-europa-in-2025-masinile-electrice-hibride-si-phev-60-din-vanzari\/\" \/>\n<meta property=\"og:locale\" content=\"en_US\" \/>\n<meta property=\"og:type\" content=\"article\" \/>\n<meta property=\"og:title\" content=\"Renault \u00een Europa \u00een 2025: ma\u0219inile electrice, hibride \u0219i PHEV, 60% din v\u00e2nz\u0103ri\" \/>\n<meta property=\"og:description\" content=\"\u2022 Renault a publicat raportul de v\u00e2nz\u0103ri pe anul 2025. Conform acestuia, marca francez\u0103 a \u00eenregistrat o cre\u0219tere a v\u00e2nz\u0103rilor la nivel global de 3,2%, cu\" \/>\n<meta property=\"og:url\" content=\"https:\/\/www.autocritica.ro\/en\/live-news\/renault-in-europa-in-2025-masinile-electrice-hibride-si-phev-60-din-vanzari\/\" \/>\n<meta property=\"og:site_name\" content=\"Autocritica\" \/>\n<meta property=\"article:publisher\" content=\"https:\/\/www.facebook.com\/autocritica.ro\" \/>\n<meta property=\"article:modified_time\" content=\"2026-01-20T10:19:51+00:00\" \/>\n<meta property=\"og:image\" content=\"https:\/\/www.autocritica.ro\/wp-content\/uploads\/2026\/01\/RENAULT_2025_Renault-5-E-Tech-electric-scaled.jpg\" \/>\n\t<meta property=\"og:image:width\" content=\"2560\" \/>\n\t<meta property=\"og:image:height\" content=\"1708\" \/>\n\t<meta property=\"og:image:type\" content=\"image\/jpeg\" \/>\n<meta name=\"twitter:card\" content=\"summary_large_image\" \/>\n<meta name=\"twitter:label1\" content=\"Est. reading time\" \/>\n\t<meta name=\"twitter:data1\" content=\"1 minute\" \/>\n<script type=\"application\/ld+json\" class=\"yoast-schema-graph\">{\"@context\":\"https:\\\/\\\/schema.org\",\"@graph\":[{\"@type\":\"WebPage\",\"@id\":\"https:\\\/\\\/www.autocritica.ro\\\/en\\\/live-news\\\/renault-in-europa-in-2025-masinile-electrice-hibride-si-phev-60-din-vanzari\\\/\",\"url\":\"https:\\\/\\\/www.autocritica.ro\\\/en\\\/live-news\\\/renault-in-europa-in-2025-masinile-electrice-hibride-si-phev-60-din-vanzari\\\/\",\"name\":\"Renault \u00een Europa \u00een 2025: ma\u0219inile electrice, hibride \u0219i PHEV, 60% din v\u00e2nz\u0103ri - Autocritica\",\"isPartOf\":{\"@id\":\"https:\\\/\\\/www.autocritica.ro\\\/en\\\/#website\"},\"primaryImageOfPage\":{\"@id\":\"https:\\\/\\\/www.autocritica.ro\\\/en\\\/live-news\\\/renault-in-europa-in-2025-masinile-electrice-hibride-si-phev-60-din-vanzari\\\/#primaryimage\"},\"image\":{\"@id\":\"https:\\\/\\\/www.autocritica.ro\\\/en\\\/live-news\\\/renault-in-europa-in-2025-masinile-electrice-hibride-si-phev-60-din-vanzari\\\/#primaryimage\"},\"thumbnailUrl\":\"https:\\\/\\\/www.autocritica.ro\\\/wp-content\\\/uploads\\\/2026\\\/01\\\/RENAULT_2025_Renault-5-E-Tech-electric-scaled.jpg\",\"datePublished\":\"2026-01-20T10:19:38+00:00\",\"dateModified\":\"2026-01-20T10:19:51+00:00\",\"breadcrumb\":{\"@id\":\"https:\\\/\\\/www.autocritica.ro\\\/en\\\/live-news\\\/renault-in-europa-in-2025-masinile-electrice-hibride-si-phev-60-din-vanzari\\\/#breadcrumb\"},\"inLanguage\":\"en-US\",\"potentialAction\":[{\"@type\":\"ReadAction\",\"target\":[\"https:\\\/\\\/www.autocritica.ro\\\/en\\\/live-news\\\/renault-in-europa-in-2025-masinile-electrice-hibride-si-phev-60-din-vanzari\\\/\"]}]},{\"@type\":\"ImageObject\",\"inLanguage\":\"en-US\",\"@id\":\"https:\\\/\\\/www.autocritica.ro\\\/en\\\/live-news\\\/renault-in-europa-in-2025-masinile-electrice-hibride-si-phev-60-din-vanzari\\\/#primaryimage\",\"url\":\"https:\\\/\\\/www.autocritica.ro\\\/wp-content\\\/uploads\\\/2026\\\/01\\\/RENAULT_2025_Renault-5-E-Tech-electric-scaled.jpg\",\"contentUrl\":\"https:\\\/\\\/www.autocritica.ro\\\/wp-content\\\/uploads\\\/2026\\\/01\\\/RENAULT_2025_Renault-5-E-Tech-electric-scaled.jpg\",\"width\":2560,\"height\":1708},{\"@type\":\"BreadcrumbList\",\"@id\":\"https:\\\/\\\/www.autocritica.ro\\\/en\\\/live-news\\\/renault-in-europa-in-2025-masinile-electrice-hibride-si-phev-60-din-vanzari\\\/#breadcrumb\",\"itemListElement\":[{\"@type\":\"ListItem\",\"position\":1,\"name\":\"Home\",\"item\":\"https:\\\/\\\/www.autocritica.ro\\\/en\\\/\"},{\"@type\":\"ListItem\",\"position\":2,\"name\":\"Live News\",\"item\":\"https:\\\/\\\/www.autocritica.ro\\\/en\\\/live-news\\\/\"},{\"@type\":\"ListItem\",\"position\":3,\"name\":\"Renault \u00een Europa \u00een 2025: ma\u0219inile electrice, hibride \u0219i PHEV, 60% din v\u00e2nz\u0103ri\"}]},{\"@type\":\"WebSite\",\"@id\":\"https:\\\/\\\/www.autocritica.ro\\\/en\\\/#website\",\"url\":\"https:\\\/\\\/www.autocritica.ro\\\/en\\\/\",\"name\":\"Autocritica\",\"description\":\"\",\"publisher\":{\"@id\":\"https:\\\/\\\/www.autocritica.ro\\\/en\\\/#organization\"},\"potentialAction\":[{\"@type\":\"SearchAction\",\"target\":{\"@type\":\"EntryPoint\",\"urlTemplate\":\"https:\\\/\\\/www.autocritica.ro\\\/en\\\/?s={search_term_string}\"},\"query-input\":{\"@type\":\"PropertyValueSpecification\",\"valueRequired\":true,\"valueName\":\"search_term_string\"}}],\"inLanguage\":\"en-US\"},{\"@type\":\"Organization\",\"@id\":\"https:\\\/\\\/www.autocritica.ro\\\/en\\\/#organization\",\"name\":\"Autocritica\",\"url\":\"https:\\\/\\\/www.autocritica.ro\\\/en\\\/\",\"logo\":{\"@type\":\"ImageObject\",\"inLanguage\":\"en-US\",\"@id\":\"https:\\\/\\\/www.autocritica.ro\\\/en\\\/#\\\/schema\\\/logo\\\/image\\\/\",\"url\":\"https:\\\/\\\/www.autocritica.ro\\\/wp-content\\\/uploads\\\/2020\\\/12\\\/logo-negru.png\",\"contentUrl\":\"https:\\\/\\\/www.autocritica.ro\\\/wp-content\\\/uploads\\\/2020\\\/12\\\/logo-negru.png\",\"width\":300,\"height\":102,\"caption\":\"Autocritica\"},\"image\":{\"@id\":\"https:\\\/\\\/www.autocritica.ro\\\/en\\\/#\\\/schema\\\/logo\\\/image\\\/\"},\"sameAs\":[\"https:\\\/\\\/www.facebook.com\\\/autocritica.ro\",\"https:\\\/\\\/www.instagram.com\\\/autocritica.ro\\\/\"]}]}<\/script>\n<!-- \/ Yoast SEO Premium plugin. -->","yoast_head_json":{"title":"Renault \u00een Europa \u00een 2025: ma\u0219inile electrice, hibride \u0219i PHEV, 60% din v\u00e2nz\u0103ri - Autocritica","robots":{"index":"index","follow":"follow","max-snippet":"max-snippet:-1","max-image-preview":"max-image-preview:large","max-video-preview":"max-video-preview:-1"},"canonical":"https:\/\/www.autocritica.ro\/en\/live-news\/renault-in-europa-in-2025-masinile-electrice-hibride-si-phev-60-din-vanzari\/","og_locale":"en_US","og_type":"article","og_title":"Renault \u00een Europa \u00een 2025: ma\u0219inile electrice, hibride \u0219i PHEV, 60% din v\u00e2nz\u0103ri","og_description":"\u2022 Renault a publicat raportul de v\u00e2nz\u0103ri pe anul 2025. Conform acestuia, marca francez\u0103 a \u00eenregistrat o cre\u0219tere a v\u00e2nz\u0103rilor la nivel global de 3,2%, cu","og_url":"https:\/\/www.autocritica.ro\/en\/live-news\/renault-in-europa-in-2025-masinile-electrice-hibride-si-phev-60-din-vanzari\/","og_site_name":"Autocritica","article_publisher":"https:\/\/www.facebook.com\/autocritica.ro","article_modified_time":"2026-01-20T10:19:51+00:00","og_image":[{"width":2560,"height":1708,"url":"https:\/\/www.autocritica.ro\/wp-content\/uploads\/2026\/01\/RENAULT_2025_Renault-5-E-Tech-electric-scaled.jpg","type":"image\/jpeg"}],"twitter_card":"summary_large_image","twitter_misc":{"Est. reading time":"1 minute"},"schema":{"@context":"https:\/\/schema.org","@graph":[{"@type":"WebPage","@id":"https:\/\/www.autocritica.ro\/en\/live-news\/renault-in-europa-in-2025-masinile-electrice-hibride-si-phev-60-din-vanzari\/","url":"https:\/\/www.autocritica.ro\/en\/live-news\/renault-in-europa-in-2025-masinile-electrice-hibride-si-phev-60-din-vanzari\/","name":"Renault \u00een Europa \u00een 2025: ma\u0219inile electrice, hibride \u0219i PHEV, 60% din v\u00e2nz\u0103ri - Autocritica","isPartOf":{"@id":"https:\/\/www.autocritica.ro\/en\/#website"},"primaryImageOfPage":{"@id":"https:\/\/www.autocritica.ro\/en\/live-news\/renault-in-europa-in-2025-masinile-electrice-hibride-si-phev-60-din-vanzari\/#primaryimage"},"image":{"@id":"https:\/\/www.autocritica.ro\/en\/live-news\/renault-in-europa-in-2025-masinile-electrice-hibride-si-phev-60-din-vanzari\/#primaryimage"},"thumbnailUrl":"https:\/\/www.autocritica.ro\/wp-content\/uploads\/2026\/01\/RENAULT_2025_Renault-5-E-Tech-electric-scaled.jpg","datePublished":"2026-01-20T10:19:38+00:00","dateModified":"2026-01-20T10:19:51+00:00","breadcrumb":{"@id":"https:\/\/www.autocritica.ro\/en\/live-news\/renault-in-europa-in-2025-masinile-electrice-hibride-si-phev-60-din-vanzari\/#breadcrumb"},"inLanguage":"en-US","potentialAction":[{"@type":"ReadAction","target":["https:\/\/www.autocritica.ro\/en\/live-news\/renault-in-europa-in-2025-masinile-electrice-hibride-si-phev-60-din-vanzari\/"]}]},{"@type":"ImageObject","inLanguage":"en-US","@id":"https:\/\/www.autocritica.ro\/en\/live-news\/renault-in-europa-in-2025-masinile-electrice-hibride-si-phev-60-din-vanzari\/#primaryimage","url":"https:\/\/www.autocritica.ro\/wp-content\/uploads\/2026\/01\/RENAULT_2025_Renault-5-E-Tech-electric-scaled.jpg","contentUrl":"https:\/\/www.autocritica.ro\/wp-content\/uploads\/2026\/01\/RENAULT_2025_Renault-5-E-Tech-electric-scaled.jpg","width":2560,"height":1708},{"@type":"BreadcrumbList","@id":"https:\/\/www.autocritica.ro\/en\/live-news\/renault-in-europa-in-2025-masinile-electrice-hibride-si-phev-60-din-vanzari\/#breadcrumb","itemListElement":[{"@type":"ListItem","position":1,"name":"Home","item":"https:\/\/www.autocritica.ro\/en\/"},{"@type":"ListItem","position":2,"name":"Live News","item":"https:\/\/www.autocritica.ro\/en\/live-news\/"},{"@type":"ListItem","position":3,"name":"Renault \u00een Europa \u00een 2025: ma\u0219inile electrice, hibride \u0219i PHEV, 60% din v\u00e2nz\u0103ri"}]},{"@type":"WebSite","@id":"https:\/\/www.autocritica.ro\/en\/#website","url":"https:\/\/www.autocritica.ro\/en\/","name":"Autocritica","description":"","publisher":{"@id":"https:\/\/www.autocritica.ro\/en\/#organization"},"potentialAction":[{"@type":"SearchAction","target":{"@type":"EntryPoint","urlTemplate":"https:\/\/www.autocritica.ro\/en\/?s={search_term_string}"},"query-input":{"@type":"PropertyValueSpecification","valueRequired":true,"valueName":"search_term_string"}}],"inLanguage":"en-US"},{"@type":"Organization","@id":"https:\/\/www.autocritica.ro\/en\/#organization","name":"Autocritica","url":"https:\/\/www.autocritica.ro\/en\/","logo":{"@type":"ImageObject","inLanguage":"en-US","@id":"https:\/\/www.autocritica.ro\/en\/#\/schema\/logo\/image\/","url":"https:\/\/www.autocritica.ro\/wp-content\/uploads\/2020\/12\/logo-negru.png","contentUrl":"https:\/\/www.autocritica.ro\/wp-content\/uploads\/2020\/12\/logo-negru.png","width":300,"height":102,"caption":"Autocritica"},"image":{"@id":"https:\/\/www.autocritica.ro\/en\/#\/schema\/logo\/image\/"},"sameAs":["https:\/\/www.facebook.com\/autocritica.ro","https:\/\/www.instagram.com\/autocritica.ro\/"]}]}},"_links":{"self":[{"href":"https:\/\/www.autocritica.ro\/en\/wp-json\/wp\/v2\/live-news\/268723","targetHints":{"allow":["GET"]}}],"collection":[{"href":"https:\/\/www.autocritica.ro\/en\/wp-json\/wp\/v2\/live-news"}],"about":[{"href":"https:\/\/www.autocritica.ro\/en\/wp-json\/wp\/v2\/types\/live-news"}],"author":[{"embeddable":true,"href":"https:\/\/www.autocritica.ro\/en\/wp-json\/wp\/v2\/users\/4"}],"replies":[{"embeddable":true,"href":"https:\/\/www.autocritica.ro\/en\/wp-json\/wp\/v2\/comments?post=268723"}],"version-history":[{"count":3,"href":"https:\/\/www.autocritica.ro\/en\/wp-json\/wp\/v2\/live-news\/268723\/revisions"}],"predecessor-version":[{"id":268728,"href":"https:\/\/www.autocritica.ro\/en\/wp-json\/wp\/v2\/live-news\/268723\/revisions\/268728"}],"wp:featuredmedia":[{"embeddable":true,"href":"https:\/\/www.autocritica.ro\/en\/wp-json\/wp\/v2\/media\/268725"}],"wp:attachment":[{"href":"https:\/\/www.autocritica.ro\/en\/wp-json\/wp\/v2\/media?parent=268723"}],"wp:term":[{"taxonomy":"post_tag","embeddable":true,"href":"https:\/\/www.autocritica.ro\/en\/wp-json\/wp\/v2\/tags?post=268723"}],"curies":[{"name":"wp","href":"https:\/\/api.w.org\/{rel}","templated":true}]}}